{"id":195847,"date":"2024-08-01T12:38:20","date_gmt":"2024-08-01T19:38:20","guid":{"rendered":"https:\/\/www.sonoraenequipo.com.mx\/?p=195847"},"modified":"2024-08-01T16:04:10","modified_gmt":"2024-08-01T23:04:10","slug":"invita-ayuntamiento-de-hermosillo-a-usar-los-puntos-fijos-de-recoleccion-de-basura","status":"publish","type":"post","link":"https:\/\/www.sonoraenequipo.com.mx\/invita-ayuntamiento-de-hermosillo-a-usar-los-puntos-fijos-de-recoleccion-de-basura\/","title":{"rendered":"Invita Ayuntamiento de Hermosillo a usar los puntos fijos de recolecci\u00f3n de basura"},"content":{"rendered":"<p><strong>HERMOSILLO, SONORA. MX. \u2014 <\/strong>&nbsp;El director de Servicios P\u00fablicos Municipales llam\u00f3 a la ciudadan\u00eda a hacer uso de los seis puntos fijos de recolecci\u00f3n de basura con los que cuenta la dependencia.<\/p>\n<p>&nbsp;<\/p>\n<p>&nbsp;<\/p>\n<p> <\/p>\n<p>Sergio Pavlovich Escalante explic\u00f3 que los centros se encuentran distribuidos de manera estrat\u00e9gica por la ciudad para facilitar a la comunidad el dep\u00f3sito de cualquier residuo dom\u00e9stico, cacharros o ramas, con excepci\u00f3n de escombro y llantas que provengan de negocios.<\/p>\n<p>&nbsp;<\/p>\n<p>&nbsp;<\/p>\n<p>El horario de atenci\u00f3n es de lunes a s\u00e1bado de 10:00 de la ma\u00f1ana a 16:00 horas.<\/p>\n<p>&nbsp;<\/p>\n<p>&nbsp;<\/p>\n<p>Entre los seis puntos recolectan 27 toneladas diarias lo que representan 160 de diversos residuos a la semana.<\/p>\n<p>&nbsp;<\/p>\n<p>&nbsp;<\/p>\n<p>\u201cTenemos en Hermosillo seis puntos de recolecci\u00f3n en donde se recibe cualquier tipo de residuo de manera gratuita menos escombro, si a alguien se le paso el cami\u00f3n de basura, hizo alguna poda en su patio y frente a su casa, si necesitan deshacerse urgentemente de algo que ya no utilice en su casa se lo vamos a recibir de manera gratuita\u201d expres\u00f3.<\/p>\n<p>&nbsp;<\/p>\n<p>&nbsp;<\/p>\n<p>Los ciudadanos deben llevar los desperdicios dom\u00e9sticos en bolsas, de tal manera que sea de f\u00e1cil manejo para el personal de la dependencia para depositarlos a los camiones recolectores que se encuentran en el lugar.<\/p>\n<p>&nbsp;<\/p>\n<h3>\nDATOS<\/h3>\n<p>&nbsp;<\/p>\n<h3>\nLos centros se encuentran ubicados en:<\/h3>\n<p>&nbsp;<\/p>\n<p>Calle Eucalipto y avenida Ignacio Lagarda, en la colonia Las Tres Reynas<\/p>\n<p>&nbsp;<\/p>\n<p>En el bulevar Luis Encinas y Jorge Valencia, en la colonia El Coloso<\/p>\n<p>&nbsp;<\/p>\n<p>Avenida Jaudiel Zamorano y profesor Miguel Castro de la colonia Altares<\/p>\n<p>&nbsp;<\/p>\n<p>Bulevar Las Torres entre calle Santa Cecilia y Gilberto Escoboza de la colonia Insurgentes<\/p>\n<p>&nbsp;<\/p>\n<p>Avenida De Las Flores, entre bulevar Solidaridad y calle Margarita Maza de Ju\u00e1rez<\/p>\n<p>&nbsp;<\/p>\n<p>Bulevar L\u00e1zaro C\u00e1rdenas entre bulevar Quiroga y Mar\u00eda Dolores Duarte de la colonia La Campi\u00f1a<\/p>\n<p>&nbsp;<\/p>\n<p>&nbsp;<\/p>\n<p>&nbsp;<\/p>\n<p>PUBLICADO EL 01 DE AGOSTO DE 2024 Con informaci\u00f3n de GOBHILLO 381\/2024)<\/p>\n","protected":false},"excerpt":{"rendered":"<p>HERMOSILLO, SONORA. MX. \u2014 &nbsp;El director de Servicios P\u00fablicos Municipales llam\u00f3 a la ciudadan\u00eda a&#8230;<\/p>\n","protected":false},"author":1,"featured_media":195848,"comment_status":"open","ping_status":"open","sticky":false,"template":"","format":"standard","meta":{"_monsterinsights_skip_tracking":false,"_monsterinsights_sitenote_active":false,"_monsterinsights_sitenote_note":"","_monsterinsights_sitenote_category":0,"footnotes":""},"categories":[22],"tags":[],"class_list":["post"],"yoast_head":" \n<title>Sonora en Equipo. Invita Ayuntamiento de Hermosillo a usar los puntos fijos de recolecci\u00f3n de basura Sonora<\/title>\n<meta name=\"description\" content=\"HERMOSILLO, SONORA. MX. \u2014 &nbsp;El director de Servicios P\u00fablicos Municipales llam\u00f3 a la ciudadan\u00eda a hacer uso de los seis puntos fijos de recolecci\u00f3n de En Sonora en Equipo publicamos toda la informaci\u00f3n de Sonora, M\u00e9xico y el Mundo de manera oportuna y busca que la libertad de expresi\u00f3n sea real. Visita nuestro medio informativo publicado desde Hermosillo, Sonora. %\" \/>\n<meta name=\"robots\" content=\"index, follow, max-snippet:-1, max-image-preview:large, max-video-preview:-1\" \/>\n<link rel=\"canonical\" href=\"https:\/\/www.sonoraenequipo.com.mx\/invita-ayuntamiento-de-hermosillo-a-usar-los-puntos-fijos-de-recoleccion-de-basura\/\" \/>\n<meta property=\"og:locale\" content=\"es_ES\" \/>\n<meta property=\"og:type\" content=\"article\" \/>\n<meta property=\"og:title\" content=\"Sonora en Equipo. Invita Ayuntamiento de Hermosillo a usar los puntos fijos de recolecci\u00f3n de basura Sonora\" \/>\n<meta property=\"og:description\" content=\"HERMOSILLO, SONORA. MX. \u2014 &nbsp;El director de Servicios P\u00fablicos Municipales llam\u00f3 a la ciudadan\u00eda a hacer uso de los seis puntos fijos de recolecci\u00f3n de En Sonora en Equipo publicamos toda la informaci\u00f3n de Sonora, M\u00e9xico y el Mundo de manera oportuna y busca que la libertad de expresi\u00f3n sea real. Visita nuestro medio informativo publicado desde Hermosillo, Sonora. %\" \/>\n<meta property=\"og:url\" content=\"https:\/\/www.sonoraenequipo.com.mx\/invita-ayuntamiento-de-hermosillo-a-usar-los-puntos-fijos-de-recoleccion-de-basura\/\" \/>\n<meta property=\"og:site_name\" content=\"Sonora en Equipo.\" \/>\n<meta property=\"article:publisher\" content=\"https:\/\/www.facebook.com\/SonoraEE\/\" \/>\n<meta property=\"article:author\" content=\"https:\/\/www.facebook.com\/SonoraEE\" \/>\n<meta property=\"article:published_time\" content=\"2024-08-01T19:38:20+00:00\" \/>\n<meta property=\"article:modified_time\" content=\"2024-08-01T23:04:10+00:00\" \/>\n<meta property=\"og:image\" content=\"https:\/\/www.sonoraenequipo.com.mx\/storage\/2024\/08\/Recoleccion-de-basura-min.jpg\" \/>\n\t<meta property=\"og:image:width\" content=\"1024\" \/>\n\t<meta property=\"og:image:height\" content=\"575\" \/>\n\t<meta property=\"og:image:type\" content=\"image\/jpeg\" \/>\n<meta name=\"author\" content=\"enequipo\" \/>\n<meta name=\"twitter:card\" content=\"summary_large_image\" \/>\n<meta name=\"twitter:creator\" content=\"@sonoraenequipo\" \/>\n<meta name=\"twitter:site\" content=\"@sonoraenequipo\" \/>\n<meta name=\"twitter:label1\" content=\"Escrito por\" \/>\n\t<meta name=\"twitter:data1\" content=\"enequipo\" \/>\n\t<meta name=\"twitter:label2\" content=\"Tiempo de lectura\" \/>\n\t<meta name=\"twitter:data2\" content=\"2 minutos\" \/>\n<script type=\"application\/ld+json\" class=\"yoast-schema-graph\">{\"@context\":\"https:\/\/schema.org\",\"@graph\":[{\"@type\":\"Article\",\"@id\":\"https:\/\/www.sonoraenequipo.com.mx\/invita-ayuntamiento-de-hermosillo-a-usar-los-puntos-fijos-de-recoleccion-de-basura\/#article\",\"isPartOf\":{\"@id\":\"https:\/\/www.sonoraenequipo.com.mx\/invita-ayuntamiento-de-hermosillo-a-usar-los-puntos-fijos-de-recoleccion-de-basura\/\"},\"author\":{\"name\":\"enequipo\",\"@id\":\"https:\/\/www.sonoraenequipo.com.mx\/#\/schema\/person\/50102df0fb23a8fa9e8effad8fa81386\"},\"headline\":\"Invita Ayuntamiento de Hermosillo a usar los puntos fijos de recolecci\u00f3n de basura\",\"datePublished\":\"2024-08-01T19:38:20+00:00\",\"dateModified\":\"2024-08-01T23:04:10+00:00\",\"mainEntityOfPage\":{\"@id\":\"https:\/\/www.sonoraenequipo.com.mx\/invita-ayuntamiento-de-hermosillo-a-usar-los-puntos-fijos-de-recoleccion-de-basura\/\"},\"wordCount\":350,\"commentCount\":0,\"publisher\":{\"@id\":\"https:\/\/www.sonoraenequipo.com.mx\/#organization\"},\"image\":{\"@id\":\"https:\/\/www.sonoraenequipo.com.mx\/invita-ayuntamiento-de-hermosillo-a-usar-los-puntos-fijos-de-recoleccion-de-basura\/#primaryimage\"},\"thumbnailUrl\":\"https:\/\/www.sonoraenequipo.com.mx\/storage\/2024\/08\/Recoleccion-de-basura-min.jpg\",\"articleSection\":[\"Sonora\"],\"inLanguage\":\"es\",\"potentialAction\":[{\"@type\":\"CommentAction\",\"name\":\"Comment\",\"target\":[\"https:\/\/www.sonoraenequipo.com.mx\/invita-ayuntamiento-de-hermosillo-a-usar-los-puntos-fijos-de-recoleccion-de-basura\/#respond\"]}]},{\"@type\":\"WebPage\",\"@id\":\"https:\/\/www.sonoraenequipo.com.mx\/invita-ayuntamiento-de-hermosillo-a-usar-los-puntos-fijos-de-recoleccion-de-basura\/\",\"url\":\"https:\/\/www.sonoraenequipo.com.mx\/invita-ayuntamiento-de-hermosillo-a-usar-los-puntos-fijos-de-recoleccion-de-basura\/\",\"name\":\"Sonora en Equipo. Invita Ayuntamiento de Hermosillo a usar los puntos fijos de recolecci\u00f3n de basura Sonora\",\"isPartOf\":{\"@id\":\"https:\/\/www.sonoraenequipo.com.mx\/#website\"},\"primaryImageOfPage\":{\"@id\":\"https:\/\/www.sonoraenequipo.com.mx\/invita-ayuntamiento-de-hermosillo-a-usar-los-puntos-fijos-de-recoleccion-de-basura\/#primaryimage\"},\"image\":{\"@id\":\"https:\/\/www.sonoraenequipo.com.mx\/invita-ayuntamiento-de-hermosillo-a-usar-los-puntos-fijos-de-recoleccion-de-basura\/#primaryimage\"},\"thumbnailUrl\":\"https:\/\/www.sonoraenequipo.com.mx\/storage\/2024\/08\/Recoleccion-de-basura-min.jpg\",\"datePublished\":\"2024-08-01T19:38:20+00:00\",\"dateModified\":\"2024-08-01T23:04:10+00:00\",\"description\":\"HERMOSILLO, SONORA. MX. \u2014 &nbsp;El director de Servicios P\u00fablicos Municipales llam\u00f3 a la ciudadan\u00eda a hacer uso de los seis puntos fijos de recolecci\u00f3n de En Sonora en Equipo publicamos toda la informaci\u00f3n de Sonora, M\u00e9xico y el Mundo de manera oportuna y busca que la libertad de expresi\u00f3n sea real. Visita nuestro medio informativo publicado desde Hermosillo, Sonora. %\",\"breadcrumb\":{\"@id\":\"https:\/\/www.sonoraenequipo.com.mx\/invita-ayuntamiento-de-hermosillo-a-usar-los-puntos-fijos-de-recoleccion-de-basura\/#breadcrumb\"},\"inLanguage\":\"es\",\"potentialAction\":[{\"@type\":\"ReadAction\",\"target\":[\"https:\/\/www.sonoraenequipo.com.mx\/invita-ayuntamiento-de-hermosillo-a-usar-los-puntos-fijos-de-recoleccion-de-basura\/\"]}]},{\"@type\":\"ImageObject\",\"inLanguage\":\"es\",\"@id\":\"https:\/\/www.sonoraenequipo.com.mx\/invita-ayuntamiento-de-hermosillo-a-usar-los-puntos-fijos-de-recoleccion-de-basura\/#primaryimage\",\"url\":\"https:\/\/www.sonoraenequipo.com.mx\/storage\/2024\/08\/Recoleccion-de-basura-min.jpg\",\"contentUrl\":\"https:\/\/www.sonoraenequipo.com.mx\/storage\/2024\/08\/Recoleccion-de-basura-min.jpg\",\"width\":1024,\"height\":575},{\"@type\":\"BreadcrumbList\",\"@id\":\"https:\/\/www.sonoraenequipo.com.mx\/invita-ayuntamiento-de-hermosillo-a-usar-los-puntos-fijos-de-recoleccion-de-basura\/#breadcrumb\",\"itemListElement\":[{\"@type\":\"ListItem\",\"position\":1,\"name\":\"Portada\",\"item\":\"https:\/\/www.sonoraenequipo.com.mx\/\"},{\"@type\":\"ListItem\",\"position\":2,\"name\":\"Invita Ayuntamiento de Hermosillo a usar los puntos fijos de recolecci\u00f3n de basura\"}]},{\"@type\":\"WebSite\",\"@id\":\"https:\/\/www.sonoraenequipo.com.mx\/#website\",\"url\":\"https:\/\/www.sonoraenequipo.com.mx\/\",\"name\":\"Sonora en Equipo.\",\"description\":\"Diario en l\u00ednea con Noticias desde Hermosillo, Sonora\",\"publisher\":{\"@id\":\"https:\/\/www.sonoraenequipo.com.mx\/#organization\"},\"potentialAction\":[{\"@type\":\"SearchAction\",\"target\":{\"@type\":\"EntryPoint\",\"urlTemplate\":\"https:\/\/www.sonoraenequipo.com.mx\/?s={search_term_string}\"},\"query-input\":{\"@type\":\"PropertyValueSpecification\",\"valueRequired\":true,\"valueName\":\"search_term_string\"}}],\"inLanguage\":\"es\"},{\"@type\":\"Organization\",\"@id\":\"https:\/\/www.sonoraenequipo.com.mx\/#organization\",\"name\":\"Sonoraenequipo.com.mx\",\"url\":\"https:\/\/www.sonoraenequipo.com.mx\/\",\"logo\":{\"@type\":\"ImageObject\",\"inLanguage\":\"es\",\"@id\":\"https:\/\/www.sonoraenequipo.com.mx\/#\/schema\/logo\/image\/\",\"url\":\"https:\/\/www.sonoraenequipo.com.mx\/storage\/2019\/01\/sonoraenequipo_opt.png\",\"contentUrl\":\"https:\/\/www.sonoraenequipo.com.mx\/storage\/2019\/01\/sonoraenequipo_opt.png\",\"width\":375,\"height\":125,\"caption\":\"Sonoraenequipo.com.mx\"},\"image\":{\"@id\":\"https:\/\/www.sonoraenequipo.com.mx\/#\/schema\/logo\/image\/\"},\"sameAs\":[\"https:\/\/www.facebook.com\/SonoraEE\/\",\"https:\/\/x.com\/sonoraenequipo\",\"https:\/\/www.youtube.com\/channel\/UC338nW-lPEYmJQs4ZABQ1SQ\"]},{\"@type\":\"Person\",\"@id\":\"https:\/\/www.sonoraenequipo.com.mx\/#\/schema\/person\/50102df0fb23a8fa9e8effad8fa81386\",\"name\":\"enequipo\",\"image\":{\"@type\":\"ImageObject\",\"inLanguage\":\"es\",\"@id\":\"https:\/\/www.sonoraenequipo.com.mx\/#\/schema\/person\/image\/\",\"url\":\"https:\/\/secure.gravatar.com\/avatar\/049821681b589dabc0bc20695993ccebb09f5b5d4d790cd9251b97faac7c652b?s=96&d=blank&r=g\",\"contentUrl\":\"https:\/\/secure.gravatar.com\/avatar\/049821681b589dabc0bc20695993ccebb09f5b5d4d790cd9251b97faac7c652b?s=96&d=blank&r=g\",\"caption\":\"enequipo\"},\"sameAs\":[\"https:\/\/www.facebook.com\/SonoraEE\"]}]}<\/script>\n ","yoast_head_json":{"title":"Sonora en Equipo. Invita Ayuntamiento de Hermosillo a usar los puntos fijos de recolecci\u00f3n de basura Sonora","description":"HERMOSILLO, SONORA. MX. \u2014 &nbsp;El director de Servicios P\u00fablicos Municipales llam\u00f3 a la ciudadan\u00eda a hacer uso de los seis puntos fijos de recolecci\u00f3n de En Sonora en Equipo publicamos toda la informaci\u00f3n de Sonora, M\u00e9xico y el Mundo de manera oportuna y busca que la libertad de expresi\u00f3n sea real. Visita nuestro medio informativo publicado desde Hermosillo, Sonora. %","robots":{"index":"index","follow":"follow","max-snippet":"max-snippet:-1","max-image-preview":"max-image-preview:large","max-video-preview":"max-video-preview:-1"},"canonical":"https:\/\/www.sonoraenequipo.com.mx\/invita-ayuntamiento-de-hermosillo-a-usar-los-puntos-fijos-de-recoleccion-de-basura\/","og_locale":"es_ES","og_type":"article","og_title":"Sonora en Equipo. Invita Ayuntamiento de Hermosillo a usar los puntos fijos de recolecci\u00f3n de basura Sonora","og_description":"HERMOSILLO, SONORA. MX. \u2014 &nbsp;El director de Servicios P\u00fablicos Municipales llam\u00f3 a la ciudadan\u00eda a hacer uso de los seis puntos fijos de recolecci\u00f3n de En Sonora en Equipo publicamos toda la informaci\u00f3n de Sonora, M\u00e9xico y el Mundo de manera oportuna y busca que la libertad de expresi\u00f3n sea real. Visita nuestro medio informativo publicado desde Hermosillo, Sonora. %","og_url":"https:\/\/www.sonoraenequipo.com.mx\/invita-ayuntamiento-de-hermosillo-a-usar-los-puntos-fijos-de-recoleccion-de-basura\/","og_site_name":"Sonora en Equipo.","article_publisher":"https:\/\/www.facebook.com\/SonoraEE\/","article_author":"https:\/\/www.facebook.com\/SonoraEE","article_published_time":"2024-08-01T19:38:20+00:00","article_modified_time":"2024-08-01T23:04:10+00:00","og_image":[{"width":1024,"height":575,"url":"https:\/\/www.sonoraenequipo.com.mx\/storage\/2024\/08\/Recoleccion-de-basura-min.jpg","type":"image\/jpeg"}],"author":"enequipo","twitter_card":"summary_large_image","twitter_creator":"@sonoraenequipo","twitter_site":"@sonoraenequipo","twitter_misc":{"Escrito por":"enequipo","Tiempo de lectura":"2 minutos"},"schema":{"@context":"https:\/\/schema.org","@graph":[{"@type":"Article","@id":"https:\/\/www.sonoraenequipo.com.mx\/invita-ayuntamiento-de-hermosillo-a-usar-los-puntos-fijos-de-recoleccion-de-basura\/#article","isPartOf":{"@id":"https:\/\/www.sonoraenequipo.com.mx\/invita-ayuntamiento-de-hermosillo-a-usar-los-puntos-fijos-de-recoleccion-de-basura\/"},"author":{"name":"enequipo","@id":"https:\/\/www.sonoraenequipo.com.mx\/#\/schema\/person\/50102df0fb23a8fa9e8effad8fa81386"},"headline":"Invita Ayuntamiento de Hermosillo a usar los puntos fijos de recolecci\u00f3n de basura","datePublished":"2024-08-01T19:38:20+00:00","dateModified":"2024-08-01T23:04:10+00:00","mainEntityOfPage":{"@id":"https:\/\/www.sonoraenequipo.com.mx\/invita-ayuntamiento-de-hermosillo-a-usar-los-puntos-fijos-de-recoleccion-de-basura\/"},"wordCount":350,"commentCount":0,"publisher":{"@id":"https:\/\/www.sonoraenequipo.com.mx\/#organization"},"image":{"@id":"https:\/\/www.sonoraenequipo.com.mx\/invita-ayuntamiento-de-hermosillo-a-usar-los-puntos-fijos-de-recoleccion-de-basura\/#primaryimage"},"thumbnailUrl":"https:\/\/www.sonoraenequipo.com.mx\/storage\/2024\/08\/Recoleccion-de-basura-min.jpg","articleSection":["Sonora"],"inLanguage":"es","potentialAction":[{"@type":"CommentAction","name":"Comment","target":["https:\/\/www.sonoraenequipo.com.mx\/invita-ayuntamiento-de-hermosillo-a-usar-los-puntos-fijos-de-recoleccion-de-basura\/#respond"]}]},{"@type":"WebPage","@id":"https:\/\/www.sonoraenequipo.com.mx\/invita-ayuntamiento-de-hermosillo-a-usar-los-puntos-fijos-de-recoleccion-de-basura\/","url":"https:\/\/www.sonoraenequipo.com.mx\/invita-ayuntamiento-de-hermosillo-a-usar-los-puntos-fijos-de-recoleccion-de-basura\/","name":"Sonora en Equipo. Invita Ayuntamiento de Hermosillo a usar los puntos fijos de recolecci\u00f3n de basura Sonora","isPartOf":{"@id":"https:\/\/www.sonoraenequipo.com.mx\/#website"},"primaryImageOfPage":{"@id":"https:\/\/www.sonoraenequipo.com.mx\/invita-ayuntamiento-de-hermosillo-a-usar-los-puntos-fijos-de-recoleccion-de-basura\/#primaryimage"},"image":{"@id":"https:\/\/www.sonoraenequipo.com.mx\/invita-ayuntamiento-de-hermosillo-a-usar-los-puntos-fijos-de-recoleccion-de-basura\/#primaryimage"},"thumbnailUrl":"https:\/\/www.sonoraenequipo.com.mx\/storage\/2024\/08\/Recoleccion-de-basura-min.jpg","datePublished":"2024-08-01T19:38:20+00:00","dateModified":"2024-08-01T23:04:10+00:00","description":"HERMOSILLO, SONORA. MX. \u2014 &nbsp;El director de Servicios P\u00fablicos Municipales llam\u00f3 a la ciudadan\u00eda a hacer uso de los seis puntos fijos de recolecci\u00f3n de En Sonora en Equipo publicamos toda la informaci\u00f3n de Sonora, M\u00e9xico y el Mundo de manera oportuna y busca que la libertad de expresi\u00f3n sea real. Visita nuestro medio informativo publicado desde Hermosillo, Sonora. %","breadcrumb":{"@id":"https:\/\/www.sonoraenequipo.com.mx\/invita-ayuntamiento-de-hermosillo-a-usar-los-puntos-fijos-de-recoleccion-de-basura\/#breadcrumb"},"inLanguage":"es","potentialAction":[{"@type":"ReadAction","target":["https:\/\/www.sonoraenequipo.com.mx\/invita-ayuntamiento-de-hermosillo-a-usar-los-puntos-fijos-de-recoleccion-de-basura\/"]}]},{"@type":"ImageObject","inLanguage":"es","@id":"https:\/\/www.sonoraenequipo.com.mx\/invita-ayuntamiento-de-hermosillo-a-usar-los-puntos-fijos-de-recoleccion-de-basura\/#primaryimage","url":"https:\/\/www.sonoraenequipo.com.mx\/storage\/2024\/08\/Recoleccion-de-basura-min.jpg","contentUrl":"https:\/\/www.sonoraenequipo.com.mx\/storage\/2024\/08\/Recoleccion-de-basura-min.jpg","width":1024,"height":575},{"@type":"BreadcrumbList","@id":"https:\/\/www.sonoraenequipo.com.mx\/invita-ayuntamiento-de-hermosillo-a-usar-los-puntos-fijos-de-recoleccion-de-basura\/#breadcrumb","itemListElement":[{"@type":"ListItem","position":1,"name":"Portada","item":"https:\/\/www.sonoraenequipo.com.mx\/"},{"@type":"ListItem","position":2,"name":"Invita Ayuntamiento de Hermosillo a usar los puntos fijos de recolecci\u00f3n de basura"}]},{"@type":"WebSite","@id":"https:\/\/www.sonoraenequipo.com.mx\/#website","url":"https:\/\/www.sonoraenequipo.com.mx\/","name":"Sonora en Equipo.","description":"Diario en l\u00ednea con Noticias desde Hermosillo, Sonora","publisher":{"@id":"https:\/\/www.sonoraenequipo.com.mx\/#organization"},"potentialAction":[{"@type":"SearchAction","target":{"@type":"EntryPoint","urlTemplate":"https:\/\/www.sonoraenequipo.com.mx\/?s={search_term_string}"},"query-input":{"@type":"PropertyValueSpecification","valueRequired":true,"valueName":"search_term_string"}}],"inLanguage":"es"},{"@type":"Organization","@id":"https:\/\/www.sonoraenequipo.com.mx\/#organization","name":"Sonoraenequipo.com.mx","url":"https:\/\/www.sonoraenequipo.com.mx\/","logo":{"@type":"ImageObject","inLanguage":"es","@id":"https:\/\/www.sonoraenequipo.com.mx\/#\/schema\/logo\/image\/","url":"https:\/\/www.sonoraenequipo.com.mx\/storage\/2019\/01\/sonoraenequipo_opt.png","contentUrl":"https:\/\/www.sonoraenequipo.com.mx\/storage\/2019\/01\/sonoraenequipo_opt.png","width":375,"height":125,"caption":"Sonoraenequipo.com.mx"},"image":{"@id":"https:\/\/www.sonoraenequipo.com.mx\/#\/schema\/logo\/image\/"},"sameAs":["https:\/\/www.facebook.com\/SonoraEE\/","https:\/\/x.com\/sonoraenequipo","https:\/\/www.youtube.com\/channel\/UC338nW-lPEYmJQs4ZABQ1SQ"]},{"@type":"Person","@id":"https:\/\/www.sonoraenequipo.com.mx\/#\/schema\/person\/50102df0fb23a8fa9e8effad8fa81386","name":"enequipo","image":{"@type":"ImageObject","inLanguage":"es","@id":"https:\/\/www.sonoraenequipo.com.mx\/#\/schema\/person\/image\/","url":"https:\/\/secure.gravatar.com\/avatar\/049821681b589dabc0bc20695993ccebb09f5b5d4d790cd9251b97faac7c652b?s=96&d=blank&r=g","contentUrl":"https:\/\/secure.gravatar.com\/avatar\/049821681b589dabc0bc20695993ccebb09f5b5d4d790cd9251b97faac7c652b?s=96&d=blank&r=g","caption":"enequipo"},"sameAs":["https:\/\/www.facebook.com\/SonoraEE"]}]}},"jetpack_featured_media_url":"https:\/\/www.sonoraenequipo.com.mx\/storage\/2024\/08\/Recoleccion-de-basura-min.jpg","_links":{"self":[{"href":"https:\/\/www.sonoraenequipo.com.mx\/api\/wp\/v2\/posts\/195847","targetHints":{"allow":["GET"]}}],"collection":[{"href":"https:\/\/www.sonoraenequipo.com.mx\/api\/wp\/v2\/posts"}],"about":[{"href":"https:\/\/www.sonoraenequipo.com.mx\/api\/wp\/v2\/types\/post"}],"author":[{"embeddable":true,"href":"https:\/\/www.sonoraenequipo.com.mx\/api\/wp\/v2\/users\/1"}],"replies":[{"embeddable":true,"href":"https:\/\/www.sonoraenequipo.com.mx\/api\/wp\/v2\/comments?post=195847"}],"version-history":[{"count":2,"href":"https:\/\/www.sonoraenequipo.com.mx\/api\/wp\/v2\/posts\/195847\/revisions"}],"predecessor-version":[{"id":195850,"href":"https:\/\/www.sonoraenequipo.com.mx\/api\/wp\/v2\/posts\/195847\/revisions\/195850"}],"wp:featuredmedia":[{"embeddable":true,"href":"https:\/\/www.sonoraenequipo.com.mx\/api\/wp\/v2\/media\/195848"}],"wp:attachment":[{"href":"https:\/\/www.sonoraenequipo.com.mx\/api\/wp\/v2\/media?parent=195847"}],"wp:term":[{"taxonomy":"category","embeddable":true,"href":"https:\/\/www.sonoraenequipo.com.mx\/api\/wp\/v2\/categories?post=195847"},{"taxonomy":"post_tag","embeddable":true,"href":"https:\/\/www.sonoraenequipo.com.mx\/api\/wp\/v2\/tags?post=195847"}],"curies":[{"name":"wp","href":"https:\/\/api.w.org\/{rel}","templated":true}]}}