{"id":195860,"date":"2024-08-01T12:18:30","date_gmt":"2024-08-01T19:18:30","guid":{"rendered":"https:\/\/www.sonoraenequipo.com.mx\/?p=195860"},"modified":"2024-08-01T20:23:48","modified_gmt":"2024-08-02T03:23:48","slug":"gabinete-ampliado-de-sheinbaum-arturo-zaldivar-sera-coordinador-de-gobierno-en-presidencia","status":"publish","type":"post","link":"https:\/\/www.sonoraenequipo.com.mx\/gabinete-ampliado-de-sheinbaum-arturo-zaldivar-sera-coordinador-de-gobierno-en-presidencia\/","title":{"rendered":"Gabinete ampliado de Sheinbaum: Arturo Zald\u00edvar ser\u00e1 coordinador de gobierno en Presidencia"},"content":{"rendered":"<p><strong>CIUDAD DE M\u00c9XICO. MX. \u2014<\/strong> Lleg\u00f3 el d\u00eda. Claudia Sheinbaum, futura presidenta de M\u00e9xico, revela a los nuevos tres integrantes del gabinete presidencial ampliado. Todav\u00eda quedan pendientes los nombramientos de la Sedena y de Marina, pues el resto de Secretar\u00edas de Estado ya conocen a su siguiente titular. Ahora, la virtual mandataria anuncia nombramientos de \u00e1reas de la Presidencia de M\u00e9xico.<\/p>\n<p>&nbsp;<\/p>\n<p>&nbsp;<\/p>\n<p> <\/p>\n<p>Una semana despu\u00e9s de que Sheinbaum Pardo confirm\u00f3 que Zo\u00e9 Robledo repetir\u00e1 como titular del Instituto Mexicano del Seguro Social (IMSS), la futura presidenta tiene pendientes los nombramientos en Petr\u00f3leos Mexicanos (Pemex), la Comisi\u00f3n Federal de Electricidad (CFE), Comisi\u00f3n Nacional del Deporte (Conade), entre otras dependencias.<\/p>\n<p>&nbsp;<\/p>\n<p>&nbsp;<\/p>\n<p>El nombramiento de Zoe Robledo en el IMSS ya hab\u00eda sido sugerido por el presidente Andr\u00e9s Manuel L\u00f3pez Obrador, quien sugiri\u00f3 que Ruy L\u00f3pez Ridaura y Alejandro Svarch mantengan sus puestos en Cofepris y en la Secretar\u00eda de Salud, que ahora estar\u00e1 a cargo de David Kershenobich.<\/p>\n<p>&nbsp;<\/p>\n<p>&nbsp;<\/p>\n<p>&nbsp;<\/p>\n<h3>Gabinete ampliado de Claudia Sheinbaum: \u00bfQui\u00e9n se une al equipo de trabajo?<\/h3>\n<p>&nbsp;<\/p>\n<p>Desde hace semanas, Claudia Sheinbaum estableci\u00f3 que cada jueves presentar\u00e1 a nuevos integrantes del gabinete presidencial. En ese escenario, la futura presidenta ha presentado hoy a tres personas que estar\u00e1n en su c\u00edrculo cercano de colaboradores.<\/p>\n<p>&nbsp;<\/p>\n<p>&nbsp;<\/p>\n<p><strong>Este jueves, los anuncios de Sheinbaum fueron los siguientes:<\/strong><\/p>\n<p>&nbsp;<\/p>\n<p>&nbsp;<\/p>\n<p>&nbsp;<\/p>\n<p><strong>Arturo Zald\u00edvar,<\/strong> exministro de la Suprema Corte de Justicia de la Naci\u00f3n (SCJN), va a o<strong><em>cupar el cargo como coordinador de pol\u00edtica y gobierno en Presidencia.<\/em><\/strong> Trabajar\u00e1 en coordinaci\u00f3n con la secretaria de Gobernaci\u00f3n.<\/p>\n<p>&nbsp;<\/p>\n<p>&nbsp;<\/p>\n<p><strong>Leticia Ram\u00edrez,<\/strong> que actualmente est\u00e1 al frente de la SEP,<strong><em> ser\u00e1 coordinadora general de asuntos intergubernamentales y participaci\u00f3n social.<\/em><\/strong> Seg\u00fan explic\u00f3 la virtual presidenta, Ram\u00edrez estar\u00e1 a cargo de coordinar la atenci\u00f3n ciudadana.<\/p>\n<p>&nbsp;<\/p>\n<p><strong>Carlos Augusto Morales<\/strong> s<strong><em>er\u00e1 tambi\u00e9n parte del equipo cercano de Presidencia, siendo el secretario particular.<\/em><\/strong><\/p>\n<p>&nbsp;<\/p>\n<p>&nbsp;<\/p>\n<p>Zald\u00edvar agradeci\u00f3 la oportunidad para participar en este pr\u00f3ximo gobierno. Y dio su voto de confianza en este nuevo proyecto. Dijo que se coordinar\u00e1 con el jefe de la oficina de Presidencia, con la secretaria de Gobernaci\u00f3n y con la Consejera Jur\u00eddica del Gobierno, con el fin de dar seguimiento al proyecto de reformas constitucionales de la nueva administraci\u00f3n, que comienza el 1 de octubre.<\/p>\n<p>&nbsp;<\/p>\n<p>&nbsp;<\/p>\n<p>&nbsp;<\/p>\n<p>El exministro adelant\u00f3 que si bien se pondr\u00e1 el empe\u00f1o en las iniciativas que han sido presentadas por este gobierno, como la Reforma al Poder Judicial, tambi\u00e9n se pondr\u00e1 atenci\u00f3n en las propuestas que haga Sheinbaum a lo largo de su sexenio.<\/p>\n<p>&nbsp;<\/p>\n<p>&nbsp;<\/p>\n<p>&nbsp;<\/p>\n<p>Leticia Ram\u00edrez agradeci\u00f3 la oportunidad de seguir en la 4T y dijo que su funci\u00f3n ser\u00e1 trabajar en equipo, al coordinarse con varias direcciones de la Presidencia para apoyar a Sheinbaum en temas de log\u00edstica y ayudant\u00eda, y tener as\u00ed contacto directo con el pueblo mexicano.<\/p>\n<p>&nbsp;<\/p>\n<p>&nbsp;<\/p>\n<p>&nbsp;<\/p>\n<p>PUBLICADO EL 01 DE AGOSTO DE 2024 Con informaci\u00f3n de CSP 0108.2024\/El Financiero)<\/p>\n","protected":false},"excerpt":{"rendered":"<p>CIUDAD DE M\u00c9XICO. MX. \u2014 Lleg\u00f3 el d\u00eda. Claudia Sheinbaum, futura presidenta de M\u00e9xico, revela&#8230;<\/p>\n","protected":false},"author":1,"featured_media":195861,"comment_status":"open","ping_status":"open","sticky":false,"template":"","format":"standard","meta":{"_monsterinsights_skip_tracking":false,"_monsterinsights_sitenote_active":false,"_monsterinsights_sitenote_note":"","_monsterinsights_sitenote_category":0,"footnotes":""},"categories":[5],"tags":[],"class_list":["post"],"yoast_head":" \n<title>Sonora en Equipo. Gabinete ampliado de Sheinbaum: Arturo Zald\u00edvar ser\u00e1 coordinador de gobierno en Presidencia Rep\u00fablica<\/title>\n<meta name=\"description\" content=\"CIUDAD DE M\u00c9XICO. MX. \u2014 Lleg\u00f3 el d\u00eda. Claudia Sheinbaum, futura presidenta de M\u00e9xico, revela a los nuevos tres integrantes del gabinete presidencial En Sonora en Equipo publicamos toda la informaci\u00f3n de Sonora, M\u00e9xico y el Mundo de manera oportuna y busca que la libertad de expresi\u00f3n sea real. Visita nuestro medio informativo publicado desde Hermosillo, Sonora. %\" \/>\n<meta name=\"robots\" content=\"index, follow, max-snippet:-1, max-image-preview:large, max-video-preview:-1\" \/>\n<link rel=\"canonical\" href=\"https:\/\/www.sonoraenequipo.com.mx\/gabinete-ampliado-de-sheinbaum-arturo-zaldivar-sera-coordinador-de-gobierno-en-presidencia\/\" \/>\n<meta property=\"og:locale\" content=\"es_ES\" \/>\n<meta property=\"og:type\" content=\"article\" \/>\n<meta property=\"og:title\" content=\"Sonora en Equipo. Gabinete ampliado de Sheinbaum: Arturo Zald\u00edvar ser\u00e1 coordinador de gobierno en Presidencia Rep\u00fablica\" \/>\n<meta property=\"og:description\" content=\"CIUDAD DE M\u00c9XICO. MX. \u2014 Lleg\u00f3 el d\u00eda. Claudia Sheinbaum, futura presidenta de M\u00e9xico, revela a los nuevos tres integrantes del gabinete presidencial En Sonora en Equipo publicamos toda la informaci\u00f3n de Sonora, M\u00e9xico y el Mundo de manera oportuna y busca que la libertad de expresi\u00f3n sea real. Visita nuestro medio informativo publicado desde Hermosillo, Sonora. %\" \/>\n<meta property=\"og:url\" content=\"https:\/\/www.sonoraenequipo.com.mx\/gabinete-ampliado-de-sheinbaum-arturo-zaldivar-sera-coordinador-de-gobierno-en-presidencia\/\" \/>\n<meta property=\"og:site_name\" content=\"Sonora en Equipo.\" \/>\n<meta property=\"article:publisher\" content=\"https:\/\/www.facebook.com\/SonoraEE\/\" \/>\n<meta property=\"article:author\" content=\"https:\/\/www.facebook.com\/SonoraEE\" \/>\n<meta property=\"article:published_time\" content=\"2024-08-01T19:18:30+00:00\" \/>\n<meta property=\"article:modified_time\" content=\"2024-08-02T03:23:48+00:00\" \/>\n<meta property=\"og:image\" content=\"https:\/\/www.sonoraenequipo.com.mx\/storage\/2024\/08\/claudia-sheinbaum-y-gabinete-ampliado-min.jpg\" \/>\n\t<meta property=\"og:image:width\" content=\"900\" \/>\n\t<meta property=\"og:image:height\" content=\"647\" \/>\n\t<meta property=\"og:image:type\" content=\"image\/jpeg\" \/>\n<meta name=\"author\" content=\"enequipo\" \/>\n<meta name=\"twitter:card\" content=\"summary_large_image\" \/>\n<meta name=\"twitter:creator\" content=\"@sonoraenequipo\" \/>\n<meta name=\"twitter:site\" content=\"@sonoraenequipo\" \/>\n<meta name=\"twitter:label1\" content=\"Escrito por\" \/>\n\t<meta name=\"twitter:data1\" content=\"enequipo\" \/>\n\t<meta name=\"twitter:label2\" content=\"Tiempo de lectura\" \/>\n\t<meta name=\"twitter:data2\" content=\"3 minutos\" \/>\n<script type=\"application\/ld+json\" class=\"yoast-schema-graph\">{\"@context\":\"https:\/\/schema.org\",\"@graph\":[{\"@type\":\"Article\",\"@id\":\"https:\/\/www.sonoraenequipo.com.mx\/gabinete-ampliado-de-sheinbaum-arturo-zaldivar-sera-coordinador-de-gobierno-en-presidencia\/#article\",\"isPartOf\":{\"@id\":\"https:\/\/www.sonoraenequipo.com.mx\/gabinete-ampliado-de-sheinbaum-arturo-zaldivar-sera-coordinador-de-gobierno-en-presidencia\/\"},\"author\":{\"name\":\"enequipo\",\"@id\":\"https:\/\/www.sonoraenequipo.com.mx\/#\/schema\/person\/50102df0fb23a8fa9e8effad8fa81386\"},\"headline\":\"Gabinete ampliado de Sheinbaum: Arturo Zald\u00edvar ser\u00e1 coordinador de gobierno en Presidencia\",\"datePublished\":\"2024-08-01T19:18:30+00:00\",\"dateModified\":\"2024-08-02T03:23:48+00:00\",\"mainEntityOfPage\":{\"@id\":\"https:\/\/www.sonoraenequipo.com.mx\/gabinete-ampliado-de-sheinbaum-arturo-zaldivar-sera-coordinador-de-gobierno-en-presidencia\/\"},\"wordCount\":539,\"commentCount\":0,\"publisher\":{\"@id\":\"https:\/\/www.sonoraenequipo.com.mx\/#organization\"},\"image\":{\"@id\":\"https:\/\/www.sonoraenequipo.com.mx\/gabinete-ampliado-de-sheinbaum-arturo-zaldivar-sera-coordinador-de-gobierno-en-presidencia\/#primaryimage\"},\"thumbnailUrl\":\"https:\/\/www.sonoraenequipo.com.mx\/storage\/2024\/08\/claudia-sheinbaum-y-gabinete-ampliado-min.jpg\",\"articleSection\":[\"Rep\u00fablica\"],\"inLanguage\":\"es\",\"potentialAction\":[{\"@type\":\"CommentAction\",\"name\":\"Comment\",\"target\":[\"https:\/\/www.sonoraenequipo.com.mx\/gabinete-ampliado-de-sheinbaum-arturo-zaldivar-sera-coordinador-de-gobierno-en-presidencia\/#respond\"]}]},{\"@type\":\"WebPage\",\"@id\":\"https:\/\/www.sonoraenequipo.com.mx\/gabinete-ampliado-de-sheinbaum-arturo-zaldivar-sera-coordinador-de-gobierno-en-presidencia\/\",\"url\":\"https:\/\/www.sonoraenequipo.com.mx\/gabinete-ampliado-de-sheinbaum-arturo-zaldivar-sera-coordinador-de-gobierno-en-presidencia\/\",\"name\":\"Sonora en Equipo. Gabinete ampliado de Sheinbaum: Arturo Zald\u00edvar ser\u00e1 coordinador de gobierno en Presidencia Rep\u00fablica\",\"isPartOf\":{\"@id\":\"https:\/\/www.sonoraenequipo.com.mx\/#website\"},\"primaryImageOfPage\":{\"@id\":\"https:\/\/www.sonoraenequipo.com.mx\/gabinete-ampliado-de-sheinbaum-arturo-zaldivar-sera-coordinador-de-gobierno-en-presidencia\/#primaryimage\"},\"image\":{\"@id\":\"https:\/\/www.sonoraenequipo.com.mx\/gabinete-ampliado-de-sheinbaum-arturo-zaldivar-sera-coordinador-de-gobierno-en-presidencia\/#primaryimage\"},\"thumbnailUrl\":\"https:\/\/www.sonoraenequipo.com.mx\/storage\/2024\/08\/claudia-sheinbaum-y-gabinete-ampliado-min.jpg\",\"datePublished\":\"2024-08-01T19:18:30+00:00\",\"dateModified\":\"2024-08-02T03:23:48+00:00\",\"description\":\"CIUDAD DE M\u00c9XICO. MX. \u2014 Lleg\u00f3 el d\u00eda. Claudia Sheinbaum, futura presidenta de M\u00e9xico, revela a los nuevos tres integrantes del gabinete presidencial En Sonora en Equipo publicamos toda la informaci\u00f3n de Sonora, M\u00e9xico y el Mundo de manera oportuna y busca que la libertad de expresi\u00f3n sea real. Visita nuestro medio informativo publicado desde Hermosillo, Sonora. %\",\"breadcrumb\":{\"@id\":\"https:\/\/www.sonoraenequipo.com.mx\/gabinete-ampliado-de-sheinbaum-arturo-zaldivar-sera-coordinador-de-gobierno-en-presidencia\/#breadcrumb\"},\"inLanguage\":\"es\",\"potentialAction\":[{\"@type\":\"ReadAction\",\"target\":[\"https:\/\/www.sonoraenequipo.com.mx\/gabinete-ampliado-de-sheinbaum-arturo-zaldivar-sera-coordinador-de-gobierno-en-presidencia\/\"]}]},{\"@type\":\"ImageObject\",\"inLanguage\":\"es\",\"@id\":\"https:\/\/www.sonoraenequipo.com.mx\/gabinete-ampliado-de-sheinbaum-arturo-zaldivar-sera-coordinador-de-gobierno-en-presidencia\/#primaryimage\",\"url\":\"https:\/\/www.sonoraenequipo.com.mx\/storage\/2024\/08\/claudia-sheinbaum-y-gabinete-ampliado-min.jpg\",\"contentUrl\":\"https:\/\/www.sonoraenequipo.com.mx\/storage\/2024\/08\/claudia-sheinbaum-y-gabinete-ampliado-min.jpg\",\"width\":900,\"height\":647},{\"@type\":\"BreadcrumbList\",\"@id\":\"https:\/\/www.sonoraenequipo.com.mx\/gabinete-ampliado-de-sheinbaum-arturo-zaldivar-sera-coordinador-de-gobierno-en-presidencia\/#breadcrumb\",\"itemListElement\":[{\"@type\":\"ListItem\",\"position\":1,\"name\":\"Portada\",\"item\":\"https:\/\/www.sonoraenequipo.com.mx\/\"},{\"@type\":\"ListItem\",\"position\":2,\"name\":\"Gabinete ampliado de Sheinbaum: Arturo Zald\u00edvar ser\u00e1 coordinador de gobierno en Presidencia\"}]},{\"@type\":\"WebSite\",\"@id\":\"https:\/\/www.sonoraenequipo.com.mx\/#website\",\"url\":\"https:\/\/www.sonoraenequipo.com.mx\/\",\"name\":\"Sonora en Equipo.\",\"description\":\"Diario en l\u00ednea con Noticias desde Hermosillo, Sonora\",\"publisher\":{\"@id\":\"https:\/\/www.sonoraenequipo.com.mx\/#organization\"},\"potentialAction\":[{\"@type\":\"SearchAction\",\"target\":{\"@type\":\"EntryPoint\",\"urlTemplate\":\"https:\/\/www.sonoraenequipo.com.mx\/?s={search_term_string}\"},\"query-input\":{\"@type\":\"PropertyValueSpecification\",\"valueRequired\":true,\"valueName\":\"search_term_string\"}}],\"inLanguage\":\"es\"},{\"@type\":\"Organization\",\"@id\":\"https:\/\/www.sonoraenequipo.com.mx\/#organization\",\"name\":\"Sonoraenequipo.com.mx\",\"url\":\"https:\/\/www.sonoraenequipo.com.mx\/\",\"logo\":{\"@type\":\"ImageObject\",\"inLanguage\":\"es\",\"@id\":\"https:\/\/www.sonoraenequipo.com.mx\/#\/schema\/logo\/image\/\",\"url\":\"https:\/\/www.sonoraenequipo.com.mx\/storage\/2019\/01\/sonoraenequipo_opt.png\",\"contentUrl\":\"https:\/\/www.sonoraenequipo.com.mx\/storage\/2019\/01\/sonoraenequipo_opt.png\",\"width\":375,\"height\":125,\"caption\":\"Sonoraenequipo.com.mx\"},\"image\":{\"@id\":\"https:\/\/www.sonoraenequipo.com.mx\/#\/schema\/logo\/image\/\"},\"sameAs\":[\"https:\/\/www.facebook.com\/SonoraEE\/\",\"https:\/\/x.com\/sonoraenequipo\",\"https:\/\/www.youtube.com\/channel\/UC338nW-lPEYmJQs4ZABQ1SQ\"]},{\"@type\":\"Person\",\"@id\":\"https:\/\/www.sonoraenequipo.com.mx\/#\/schema\/person\/50102df0fb23a8fa9e8effad8fa81386\",\"name\":\"enequipo\",\"image\":{\"@type\":\"ImageObject\",\"inLanguage\":\"es\",\"@id\":\"https:\/\/www.sonoraenequipo.com.mx\/#\/schema\/person\/image\/\",\"url\":\"https:\/\/secure.gravatar.com\/avatar\/049821681b589dabc0bc20695993ccebb09f5b5d4d790cd9251b97faac7c652b?s=96&d=blank&r=g\",\"contentUrl\":\"https:\/\/secure.gravatar.com\/avatar\/049821681b589dabc0bc20695993ccebb09f5b5d4d790cd9251b97faac7c652b?s=96&d=blank&r=g\",\"caption\":\"enequipo\"},\"sameAs\":[\"https:\/\/www.facebook.com\/SonoraEE\"]}]}<\/script>\n ","yoast_head_json":{"title":"Sonora en Equipo. Gabinete ampliado de Sheinbaum: Arturo Zald\u00edvar ser\u00e1 coordinador de gobierno en Presidencia Rep\u00fablica","description":"CIUDAD DE M\u00c9XICO. MX. \u2014 Lleg\u00f3 el d\u00eda. Claudia Sheinbaum, futura presidenta de M\u00e9xico, revela a los nuevos tres integrantes del gabinete presidencial En Sonora en Equipo publicamos toda la informaci\u00f3n de Sonora, M\u00e9xico y el Mundo de manera oportuna y busca que la libertad de expresi\u00f3n sea real. Visita nuestro medio informativo publicado desde Hermosillo, Sonora. %","robots":{"index":"index","follow":"follow","max-snippet":"max-snippet:-1","max-image-preview":"max-image-preview:large","max-video-preview":"max-video-preview:-1"},"canonical":"https:\/\/www.sonoraenequipo.com.mx\/gabinete-ampliado-de-sheinbaum-arturo-zaldivar-sera-coordinador-de-gobierno-en-presidencia\/","og_locale":"es_ES","og_type":"article","og_title":"Sonora en Equipo. Gabinete ampliado de Sheinbaum: Arturo Zald\u00edvar ser\u00e1 coordinador de gobierno en Presidencia Rep\u00fablica","og_description":"CIUDAD DE M\u00c9XICO. MX. \u2014 Lleg\u00f3 el d\u00eda. Claudia Sheinbaum, futura presidenta de M\u00e9xico, revela a los nuevos tres integrantes del gabinete presidencial En Sonora en Equipo publicamos toda la informaci\u00f3n de Sonora, M\u00e9xico y el Mundo de manera oportuna y busca que la libertad de expresi\u00f3n sea real. Visita nuestro medio informativo publicado desde Hermosillo, Sonora. %","og_url":"https:\/\/www.sonoraenequipo.com.mx\/gabinete-ampliado-de-sheinbaum-arturo-zaldivar-sera-coordinador-de-gobierno-en-presidencia\/","og_site_name":"Sonora en Equipo.","article_publisher":"https:\/\/www.facebook.com\/SonoraEE\/","article_author":"https:\/\/www.facebook.com\/SonoraEE","article_published_time":"2024-08-01T19:18:30+00:00","article_modified_time":"2024-08-02T03:23:48+00:00","og_image":[{"width":900,"height":647,"url":"https:\/\/www.sonoraenequipo.com.mx\/storage\/2024\/08\/claudia-sheinbaum-y-gabinete-ampliado-min.jpg","type":"image\/jpeg"}],"author":"enequipo","twitter_card":"summary_large_image","twitter_creator":"@sonoraenequipo","twitter_site":"@sonoraenequipo","twitter_misc":{"Escrito por":"enequipo","Tiempo de lectura":"3 minutos"},"schema":{"@context":"https:\/\/schema.org","@graph":[{"@type":"Article","@id":"https:\/\/www.sonoraenequipo.com.mx\/gabinete-ampliado-de-sheinbaum-arturo-zaldivar-sera-coordinador-de-gobierno-en-presidencia\/#article","isPartOf":{"@id":"https:\/\/www.sonoraenequipo.com.mx\/gabinete-ampliado-de-sheinbaum-arturo-zaldivar-sera-coordinador-de-gobierno-en-presidencia\/"},"author":{"name":"enequipo","@id":"https:\/\/www.sonoraenequipo.com.mx\/#\/schema\/person\/50102df0fb23a8fa9e8effad8fa81386"},"headline":"Gabinete ampliado de Sheinbaum: Arturo Zald\u00edvar ser\u00e1 coordinador de gobierno en Presidencia","datePublished":"2024-08-01T19:18:30+00:00","dateModified":"2024-08-02T03:23:48+00:00","mainEntityOfPage":{"@id":"https:\/\/www.sonoraenequipo.com.mx\/gabinete-ampliado-de-sheinbaum-arturo-zaldivar-sera-coordinador-de-gobierno-en-presidencia\/"},"wordCount":539,"commentCount":0,"publisher":{"@id":"https:\/\/www.sonoraenequipo.com.mx\/#organization"},"image":{"@id":"https:\/\/www.sonoraenequipo.com.mx\/gabinete-ampliado-de-sheinbaum-arturo-zaldivar-sera-coordinador-de-gobierno-en-presidencia\/#primaryimage"},"thumbnailUrl":"https:\/\/www.sonoraenequipo.com.mx\/storage\/2024\/08\/claudia-sheinbaum-y-gabinete-ampliado-min.jpg","articleSection":["Rep\u00fablica"],"inLanguage":"es","potentialAction":[{"@type":"CommentAction","name":"Comment","target":["https:\/\/www.sonoraenequipo.com.mx\/gabinete-ampliado-de-sheinbaum-arturo-zaldivar-sera-coordinador-de-gobierno-en-presidencia\/#respond"]}]},{"@type":"WebPage","@id":"https:\/\/www.sonoraenequipo.com.mx\/gabinete-ampliado-de-sheinbaum-arturo-zaldivar-sera-coordinador-de-gobierno-en-presidencia\/","url":"https:\/\/www.sonoraenequipo.com.mx\/gabinete-ampliado-de-sheinbaum-arturo-zaldivar-sera-coordinador-de-gobierno-en-presidencia\/","name":"Sonora en Equipo. Gabinete ampliado de Sheinbaum: Arturo Zald\u00edvar ser\u00e1 coordinador de gobierno en Presidencia Rep\u00fablica","isPartOf":{"@id":"https:\/\/www.sonoraenequipo.com.mx\/#website"},"primaryImageOfPage":{"@id":"https:\/\/www.sonoraenequipo.com.mx\/gabinete-ampliado-de-sheinbaum-arturo-zaldivar-sera-coordinador-de-gobierno-en-presidencia\/#primaryimage"},"image":{"@id":"https:\/\/www.sonoraenequipo.com.mx\/gabinete-ampliado-de-sheinbaum-arturo-zaldivar-sera-coordinador-de-gobierno-en-presidencia\/#primaryimage"},"thumbnailUrl":"https:\/\/www.sonoraenequipo.com.mx\/storage\/2024\/08\/claudia-sheinbaum-y-gabinete-ampliado-min.jpg","datePublished":"2024-08-01T19:18:30+00:00","dateModified":"2024-08-02T03:23:48+00:00","description":"CIUDAD DE M\u00c9XICO. MX. \u2014 Lleg\u00f3 el d\u00eda. Claudia Sheinbaum, futura presidenta de M\u00e9xico, revela a los nuevos tres integrantes del gabinete presidencial En Sonora en Equipo publicamos toda la informaci\u00f3n de Sonora, M\u00e9xico y el Mundo de manera oportuna y busca que la libertad de expresi\u00f3n sea real. Visita nuestro medio informativo publicado desde Hermosillo, Sonora. %","breadcrumb":{"@id":"https:\/\/www.sonoraenequipo.com.mx\/gabinete-ampliado-de-sheinbaum-arturo-zaldivar-sera-coordinador-de-gobierno-en-presidencia\/#breadcrumb"},"inLanguage":"es","potentialAction":[{"@type":"ReadAction","target":["https:\/\/www.sonoraenequipo.com.mx\/gabinete-ampliado-de-sheinbaum-arturo-zaldivar-sera-coordinador-de-gobierno-en-presidencia\/"]}]},{"@type":"ImageObject","inLanguage":"es","@id":"https:\/\/www.sonoraenequipo.com.mx\/gabinete-ampliado-de-sheinbaum-arturo-zaldivar-sera-coordinador-de-gobierno-en-presidencia\/#primaryimage","url":"https:\/\/www.sonoraenequipo.com.mx\/storage\/2024\/08\/claudia-sheinbaum-y-gabinete-ampliado-min.jpg","contentUrl":"https:\/\/www.sonoraenequipo.com.mx\/storage\/2024\/08\/claudia-sheinbaum-y-gabinete-ampliado-min.jpg","width":900,"height":647},{"@type":"BreadcrumbList","@id":"https:\/\/www.sonoraenequipo.com.mx\/gabinete-ampliado-de-sheinbaum-arturo-zaldivar-sera-coordinador-de-gobierno-en-presidencia\/#breadcrumb","itemListElement":[{"@type":"ListItem","position":1,"name":"Portada","item":"https:\/\/www.sonoraenequipo.com.mx\/"},{"@type":"ListItem","position":2,"name":"Gabinete ampliado de Sheinbaum: Arturo Zald\u00edvar ser\u00e1 coordinador de gobierno en Presidencia"}]},{"@type":"WebSite","@id":"https:\/\/www.sonoraenequipo.com.mx\/#website","url":"https:\/\/www.sonoraenequipo.com.mx\/","name":"Sonora en Equipo.","description":"Diario en l\u00ednea con Noticias desde Hermosillo, Sonora","publisher":{"@id":"https:\/\/www.sonoraenequipo.com.mx\/#organization"},"potentialAction":[{"@type":"SearchAction","target":{"@type":"EntryPoint","urlTemplate":"https:\/\/www.sonoraenequipo.com.mx\/?s={search_term_string}"},"query-input":{"@type":"PropertyValueSpecification","valueRequired":true,"valueName":"search_term_string"}}],"inLanguage":"es"},{"@type":"Organization","@id":"https:\/\/www.sonoraenequipo.com.mx\/#organization","name":"Sonoraenequipo.com.mx","url":"https:\/\/www.sonoraenequipo.com.mx\/","logo":{"@type":"ImageObject","inLanguage":"es","@id":"https:\/\/www.sonoraenequipo.com.mx\/#\/schema\/logo\/image\/","url":"https:\/\/www.sonoraenequipo.com.mx\/storage\/2019\/01\/sonoraenequipo_opt.png","contentUrl":"https:\/\/www.sonoraenequipo.com.mx\/storage\/2019\/01\/sonoraenequipo_opt.png","width":375,"height":125,"caption":"Sonoraenequipo.com.mx"},"image":{"@id":"https:\/\/www.sonoraenequipo.com.mx\/#\/schema\/logo\/image\/"},"sameAs":["https:\/\/www.facebook.com\/SonoraEE\/","https:\/\/x.com\/sonoraenequipo","https:\/\/www.youtube.com\/channel\/UC338nW-lPEYmJQs4ZABQ1SQ"]},{"@type":"Person","@id":"https:\/\/www.sonoraenequipo.com.mx\/#\/schema\/person\/50102df0fb23a8fa9e8effad8fa81386","name":"enequipo","image":{"@type":"ImageObject","inLanguage":"es","@id":"https:\/\/www.sonoraenequipo.com.mx\/#\/schema\/person\/image\/","url":"https:\/\/secure.gravatar.com\/avatar\/049821681b589dabc0bc20695993ccebb09f5b5d4d790cd9251b97faac7c652b?s=96&d=blank&r=g","contentUrl":"https:\/\/secure.gravatar.com\/avatar\/049821681b589dabc0bc20695993ccebb09f5b5d4d790cd9251b97faac7c652b?s=96&d=blank&r=g","caption":"enequipo"},"sameAs":["https:\/\/www.facebook.com\/SonoraEE"]}]}},"jetpack_featured_media_url":"https:\/\/www.sonoraenequipo.com.mx\/storage\/2024\/08\/claudia-sheinbaum-y-gabinete-ampliado-min.jpg","_links":{"self":[{"href":"https:\/\/www.sonoraenequipo.com.mx\/api\/wp\/v2\/posts\/195860","targetHints":{"allow":["GET"]}}],"collection":[{"href":"https:\/\/www.sonoraenequipo.com.mx\/api\/wp\/v2\/posts"}],"about":[{"href":"https:\/\/www.sonoraenequipo.com.mx\/api\/wp\/v2\/types\/post"}],"author":[{"embeddable":true,"href":"https:\/\/www.sonoraenequipo.com.mx\/api\/wp\/v2\/users\/1"}],"replies":[{"embeddable":true,"href":"https:\/\/www.sonoraenequipo.com.mx\/api\/wp\/v2\/comments?post=195860"}],"version-history":[{"count":1,"href":"https:\/\/www.sonoraenequipo.com.mx\/api\/wp\/v2\/posts\/195860\/revisions"}],"predecessor-version":[{"id":195862,"href":"https:\/\/www.sonoraenequipo.com.mx\/api\/wp\/v2\/posts\/195860\/revisions\/195862"}],"wp:featuredmedia":[{"embeddable":true,"href":"https:\/\/www.sonoraenequipo.com.mx\/api\/wp\/v2\/media\/195861"}],"wp:attachment":[{"href":"https:\/\/www.sonoraenequipo.com.mx\/api\/wp\/v2\/media?parent=195860"}],"wp:term":[{"taxonomy":"category","embeddable":true,"href":"https:\/\/www.sonoraenequipo.com.mx\/api\/wp\/v2\/categories?post=195860"},{"taxonomy":"post_tag","embeddable":true,"href":"https:\/\/www.sonoraenequipo.com.mx\/api\/wp\/v2\/tags?post=195860"}],"curies":[{"name":"wp","href":"https:\/\/api.w.org\/{rel}","templated":true}]}}