{"id":195868,"date":"2024-08-01T16:45:30","date_gmt":"2024-08-01T23:45:30","guid":{"rendered":"https:\/\/www.sonoraenequipo.com.mx\/?p=195868"},"modified":"2024-08-01T21:13:59","modified_gmt":"2024-08-02T04:13:59","slug":"capacita-utguaymas-a-su-alumnado-para-que-sean-emprendedores-exitosos","status":"publish","type":"post","link":"https:\/\/www.sonoraenequipo.com.mx\/capacita-utguaymas-a-su-alumnado-para-que-sean-emprendedores-exitosos\/","title":{"rendered":"Capacita UTGuaymas a su alumnado para que sean emprendedores exitosos"},"content":{"rendered":"<p><strong>GUAYMAS, SONORA. MX. \u2014 <\/strong>&nbsp;Para que sus egresados realicen con \u00e9xito las acciones de dise\u00f1o, lanzamiento y administraci\u00f3n de una empresa, ofreciendo a la venta un producto, servicio o proceso, la Universidad Tecnol\u00f3gica de Guaymas (UTG) capacita a su alumnado de forma permanente, destac\u00f3 Javier Carrizales Salazar.<\/p>\n<p>&nbsp;<\/p>\n<p>&nbsp;<\/p>\n<p> <\/p>\n<p>El rector de la UTG indic\u00f3 que previo al cierre de cursos se organiz\u00f3 la Semana del Emprendimiento y la Administraci\u00f3n, durante la cual se organizaron conferencias y talleres impartidos por expertos en la materia, dise\u00f1ado para capacitar a los futuros emprendedores.<\/p>\n<p>&nbsp;<\/p>\n<p>&nbsp;<\/p>\n<p>&nbsp;<\/p>\n<p>Carrizales Salazar subray\u00f3 la activa participaci\u00f3n de estudiantes de diversas carreras, destacando que el prop\u00f3sito principal del evento fue motivar y proporcionar herramientas a los j\u00f3venes para que desarrollen sus ideas y proyectos de manera exitosa.<\/p>\n<p>&nbsp;<\/p>\n<p>&nbsp;<\/p>\n<p>&nbsp;<\/p>\n<p>La jornada, a\u00f1adi\u00f3, tambi\u00e9n incluy\u00f3 paneles de emprendedores y talleres con temas clave como el desarrollo de ideas, la elaboraci\u00f3n de marcas y la creaci\u00f3n de imagen, para brindarle al alumnado una comprensi\u00f3n integral de los diversos aspectos del emprendimiento.<\/p>\n<p>&nbsp;<\/p>\n<p>&nbsp;<\/p>\n<p>&nbsp;<\/p>\n<p>Agradeci\u00f3 la participaci\u00f3n de emprendedores locales de Guaymas, Empalme y San Carlos, provenientes de distintos sectores comerciales, ya que compartieron sus experiencias y destacaron la importancia de crear, planear y ejecutar proyectos de emprendimiento, adem\u00e1s de abordar las diversas adversidades que enfrentan los emprendedores y c\u00f3mo superarlas.<\/p>\n<p>&nbsp;<\/p>\n<p>&nbsp;<\/p>\n<p>&nbsp;<\/p>\n<p><strong><em>\u201cCon esta iniciativa, la UTG reafirma su compromiso de seguir apoyando programas que impulsen el crecimiento y la innovaci\u00f3n entre sus estudiantes, promoviendo as\u00ed un entorno propicio para el desarrollo de futuros l\u00edderes empresariales\u201d,<\/em><\/strong> puntualiz\u00f3.<\/p>\n<p>&nbsp;<\/p>\n<p>&nbsp;<\/p>\n<p>&nbsp;<\/p>\n<p>PUBLICADO EL 01 DE AGOSTO DE 2024 Con informaci\u00f3n de GOBSON 0824002)<\/p>\n","protected":false},"excerpt":{"rendered":"<p>GUAYMAS, SONORA. MX. \u2014 &nbsp;Para que sus egresados realicen con \u00e9xito las acciones de dise\u00f1o,&#8230;<\/p>\n","protected":false},"author":1,"featured_media":195870,"comment_status":"open","ping_status":"open","sticky":false,"template":"","format":"standard","meta":{"_monsterinsights_skip_tracking":false,"_monsterinsights_sitenote_active":false,"_monsterinsights_sitenote_note":"","_monsterinsights_sitenote_category":0,"footnotes":""},"categories":[22],"tags":[],"class_list":["post"],"yoast_head":" \n<title>Sonora en Equipo. Capacita UTGuaymas a su alumnado para que sean emprendedores exitosos Sonora<\/title>\n<meta name=\"description\" content=\"GUAYMAS, SONORA. MX. \u2014 &nbsp;Para que sus egresados realicen con \u00e9xito las acciones de dise\u00f1o, lanzamiento y administraci\u00f3n de una empresa, ofreciendo a En Sonora en Equipo publicamos toda la informaci\u00f3n de Sonora, M\u00e9xico y el Mundo de manera oportuna y busca que la libertad de expresi\u00f3n sea real. Visita nuestro medio informativo publicado desde Hermosillo, Sonora. %\" \/>\n<meta name=\"robots\" content=\"index, follow, max-snippet:-1, max-image-preview:large, max-video-preview:-1\" \/>\n<link rel=\"canonical\" href=\"https:\/\/www.sonoraenequipo.com.mx\/capacita-utguaymas-a-su-alumnado-para-que-sean-emprendedores-exitosos\/\" \/>\n<meta property=\"og:locale\" content=\"es_ES\" \/>\n<meta property=\"og:type\" content=\"article\" \/>\n<meta property=\"og:title\" content=\"Sonora en Equipo. Capacita UTGuaymas a su alumnado para que sean emprendedores exitosos Sonora\" \/>\n<meta property=\"og:description\" content=\"GUAYMAS, SONORA. MX. \u2014 &nbsp;Para que sus egresados realicen con \u00e9xito las acciones de dise\u00f1o, lanzamiento y administraci\u00f3n de una empresa, ofreciendo a En Sonora en Equipo publicamos toda la informaci\u00f3n de Sonora, M\u00e9xico y el Mundo de manera oportuna y busca que la libertad de expresi\u00f3n sea real. Visita nuestro medio informativo publicado desde Hermosillo, Sonora. %\" \/>\n<meta property=\"og:url\" content=\"https:\/\/www.sonoraenequipo.com.mx\/capacita-utguaymas-a-su-alumnado-para-que-sean-emprendedores-exitosos\/\" \/>\n<meta property=\"og:site_name\" content=\"Sonora en Equipo.\" \/>\n<meta property=\"article:publisher\" content=\"https:\/\/www.facebook.com\/SonoraEE\/\" \/>\n<meta property=\"article:author\" content=\"https:\/\/www.facebook.com\/SonoraEE\" \/>\n<meta property=\"article:published_time\" content=\"2024-08-01T23:45:30+00:00\" \/>\n<meta property=\"article:modified_time\" content=\"2024-08-02T04:13:59+00:00\" \/>\n<meta property=\"og:image\" content=\"https:\/\/www.sonoraenequipo.com.mx\/storage\/2024\/08\/utgmas-min.jpg\" \/>\n\t<meta property=\"og:image:width\" content=\"900\" \/>\n\t<meta property=\"og:image:height\" content=\"473\" \/>\n\t<meta property=\"og:image:type\" content=\"image\/jpeg\" \/>\n<meta name=\"author\" content=\"enequipo\" \/>\n<meta name=\"twitter:card\" content=\"summary_large_image\" \/>\n<meta name=\"twitter:creator\" content=\"@sonoraenequipo\" \/>\n<meta name=\"twitter:site\" content=\"@sonoraenequipo\" \/>\n<meta name=\"twitter:label1\" content=\"Escrito por\" \/>\n\t<meta name=\"twitter:data1\" content=\"enequipo\" \/>\n\t<meta name=\"twitter:label2\" content=\"Tiempo de lectura\" \/>\n\t<meta name=\"twitter:data2\" content=\"1 minuto\" \/>\n<script type=\"application\/ld+json\" class=\"yoast-schema-graph\">{\"@context\":\"https:\/\/schema.org\",\"@graph\":[{\"@type\":\"Article\",\"@id\":\"https:\/\/www.sonoraenequipo.com.mx\/capacita-utguaymas-a-su-alumnado-para-que-sean-emprendedores-exitosos\/#article\",\"isPartOf\":{\"@id\":\"https:\/\/www.sonoraenequipo.com.mx\/capacita-utguaymas-a-su-alumnado-para-que-sean-emprendedores-exitosos\/\"},\"author\":{\"name\":\"enequipo\",\"@id\":\"https:\/\/www.sonoraenequipo.com.mx\/#\/schema\/person\/50102df0fb23a8fa9e8effad8fa81386\"},\"headline\":\"Capacita UTGuaymas a su alumnado para que sean emprendedores exitosos\",\"datePublished\":\"2024-08-01T23:45:30+00:00\",\"dateModified\":\"2024-08-02T04:13:59+00:00\",\"mainEntityOfPage\":{\"@id\":\"https:\/\/www.sonoraenequipo.com.mx\/capacita-utguaymas-a-su-alumnado-para-que-sean-emprendedores-exitosos\/\"},\"wordCount\":302,\"commentCount\":0,\"publisher\":{\"@id\":\"https:\/\/www.sonoraenequipo.com.mx\/#organization\"},\"image\":{\"@id\":\"https:\/\/www.sonoraenequipo.com.mx\/capacita-utguaymas-a-su-alumnado-para-que-sean-emprendedores-exitosos\/#primaryimage\"},\"thumbnailUrl\":\"https:\/\/www.sonoraenequipo.com.mx\/storage\/2024\/08\/utgmas-min.jpg\",\"articleSection\":[\"Sonora\"],\"inLanguage\":\"es\",\"potentialAction\":[{\"@type\":\"CommentAction\",\"name\":\"Comment\",\"target\":[\"https:\/\/www.sonoraenequipo.com.mx\/capacita-utguaymas-a-su-alumnado-para-que-sean-emprendedores-exitosos\/#respond\"]}]},{\"@type\":\"WebPage\",\"@id\":\"https:\/\/www.sonoraenequipo.com.mx\/capacita-utguaymas-a-su-alumnado-para-que-sean-emprendedores-exitosos\/\",\"url\":\"https:\/\/www.sonoraenequipo.com.mx\/capacita-utguaymas-a-su-alumnado-para-que-sean-emprendedores-exitosos\/\",\"name\":\"Sonora en Equipo. Capacita UTGuaymas a su alumnado para que sean emprendedores exitosos Sonora\",\"isPartOf\":{\"@id\":\"https:\/\/www.sonoraenequipo.com.mx\/#website\"},\"primaryImageOfPage\":{\"@id\":\"https:\/\/www.sonoraenequipo.com.mx\/capacita-utguaymas-a-su-alumnado-para-que-sean-emprendedores-exitosos\/#primaryimage\"},\"image\":{\"@id\":\"https:\/\/www.sonoraenequipo.com.mx\/capacita-utguaymas-a-su-alumnado-para-que-sean-emprendedores-exitosos\/#primaryimage\"},\"thumbnailUrl\":\"https:\/\/www.sonoraenequipo.com.mx\/storage\/2024\/08\/utgmas-min.jpg\",\"datePublished\":\"2024-08-01T23:45:30+00:00\",\"dateModified\":\"2024-08-02T04:13:59+00:00\",\"description\":\"GUAYMAS, SONORA. MX. \u2014 &nbsp;Para que sus egresados realicen con \u00e9xito las acciones de dise\u00f1o, lanzamiento y administraci\u00f3n de una empresa, ofreciendo a En Sonora en Equipo publicamos toda la informaci\u00f3n de Sonora, M\u00e9xico y el Mundo de manera oportuna y busca que la libertad de expresi\u00f3n sea real. Visita nuestro medio informativo publicado desde Hermosillo, Sonora. %\",\"breadcrumb\":{\"@id\":\"https:\/\/www.sonoraenequipo.com.mx\/capacita-utguaymas-a-su-alumnado-para-que-sean-emprendedores-exitosos\/#breadcrumb\"},\"inLanguage\":\"es\",\"potentialAction\":[{\"@type\":\"ReadAction\",\"target\":[\"https:\/\/www.sonoraenequipo.com.mx\/capacita-utguaymas-a-su-alumnado-para-que-sean-emprendedores-exitosos\/\"]}]},{\"@type\":\"ImageObject\",\"inLanguage\":\"es\",\"@id\":\"https:\/\/www.sonoraenequipo.com.mx\/capacita-utguaymas-a-su-alumnado-para-que-sean-emprendedores-exitosos\/#primaryimage\",\"url\":\"https:\/\/www.sonoraenequipo.com.mx\/storage\/2024\/08\/utgmas-min.jpg\",\"contentUrl\":\"https:\/\/www.sonoraenequipo.com.mx\/storage\/2024\/08\/utgmas-min.jpg\",\"width\":900,\"height\":473},{\"@type\":\"BreadcrumbList\",\"@id\":\"https:\/\/www.sonoraenequipo.com.mx\/capacita-utguaymas-a-su-alumnado-para-que-sean-emprendedores-exitosos\/#breadcrumb\",\"itemListElement\":[{\"@type\":\"ListItem\",\"position\":1,\"name\":\"Portada\",\"item\":\"https:\/\/www.sonoraenequipo.com.mx\/\"},{\"@type\":\"ListItem\",\"position\":2,\"name\":\"Capacita UTGuaymas a su alumnado para que sean emprendedores exitosos\"}]},{\"@type\":\"WebSite\",\"@id\":\"https:\/\/www.sonoraenequipo.com.mx\/#website\",\"url\":\"https:\/\/www.sonoraenequipo.com.mx\/\",\"name\":\"Sonora en Equipo.\",\"description\":\"Diario en l\u00ednea con Noticias desde Hermosillo, Sonora\",\"publisher\":{\"@id\":\"https:\/\/www.sonoraenequipo.com.mx\/#organization\"},\"potentialAction\":[{\"@type\":\"SearchAction\",\"target\":{\"@type\":\"EntryPoint\",\"urlTemplate\":\"https:\/\/www.sonoraenequipo.com.mx\/?s={search_term_string}\"},\"query-input\":{\"@type\":\"PropertyValueSpecification\",\"valueRequired\":true,\"valueName\":\"search_term_string\"}}],\"inLanguage\":\"es\"},{\"@type\":\"Organization\",\"@id\":\"https:\/\/www.sonoraenequipo.com.mx\/#organization\",\"name\":\"Sonoraenequipo.com.mx\",\"url\":\"https:\/\/www.sonoraenequipo.com.mx\/\",\"logo\":{\"@type\":\"ImageObject\",\"inLanguage\":\"es\",\"@id\":\"https:\/\/www.sonoraenequipo.com.mx\/#\/schema\/logo\/image\/\",\"url\":\"https:\/\/www.sonoraenequipo.com.mx\/storage\/2019\/01\/sonoraenequipo_opt.png\",\"contentUrl\":\"https:\/\/www.sonoraenequipo.com.mx\/storage\/2019\/01\/sonoraenequipo_opt.png\",\"width\":375,\"height\":125,\"caption\":\"Sonoraenequipo.com.mx\"},\"image\":{\"@id\":\"https:\/\/www.sonoraenequipo.com.mx\/#\/schema\/logo\/image\/\"},\"sameAs\":[\"https:\/\/www.facebook.com\/SonoraEE\/\",\"https:\/\/x.com\/sonoraenequipo\",\"https:\/\/www.youtube.com\/channel\/UC338nW-lPEYmJQs4ZABQ1SQ\"]},{\"@type\":\"Person\",\"@id\":\"https:\/\/www.sonoraenequipo.com.mx\/#\/schema\/person\/50102df0fb23a8fa9e8effad8fa81386\",\"name\":\"enequipo\",\"image\":{\"@type\":\"ImageObject\",\"inLanguage\":\"es\",\"@id\":\"https:\/\/www.sonoraenequipo.com.mx\/#\/schema\/person\/image\/\",\"url\":\"https:\/\/secure.gravatar.com\/avatar\/049821681b589dabc0bc20695993ccebb09f5b5d4d790cd9251b97faac7c652b?s=96&d=blank&r=g\",\"contentUrl\":\"https:\/\/secure.gravatar.com\/avatar\/049821681b589dabc0bc20695993ccebb09f5b5d4d790cd9251b97faac7c652b?s=96&d=blank&r=g\",\"caption\":\"enequipo\"},\"sameAs\":[\"https:\/\/www.facebook.com\/SonoraEE\"]}]}<\/script>\n ","yoast_head_json":{"title":"Sonora en Equipo. Capacita UTGuaymas a su alumnado para que sean emprendedores exitosos Sonora","description":"GUAYMAS, SONORA. MX. \u2014 &nbsp;Para que sus egresados realicen con \u00e9xito las acciones de dise\u00f1o, lanzamiento y administraci\u00f3n de una empresa, ofreciendo a En Sonora en Equipo publicamos toda la informaci\u00f3n de Sonora, M\u00e9xico y el Mundo de manera oportuna y busca que la libertad de expresi\u00f3n sea real. Visita nuestro medio informativo publicado desde Hermosillo, Sonora. %","robots":{"index":"index","follow":"follow","max-snippet":"max-snippet:-1","max-image-preview":"max-image-preview:large","max-video-preview":"max-video-preview:-1"},"canonical":"https:\/\/www.sonoraenequipo.com.mx\/capacita-utguaymas-a-su-alumnado-para-que-sean-emprendedores-exitosos\/","og_locale":"es_ES","og_type":"article","og_title":"Sonora en Equipo. Capacita UTGuaymas a su alumnado para que sean emprendedores exitosos Sonora","og_description":"GUAYMAS, SONORA. MX. \u2014 &nbsp;Para que sus egresados realicen con \u00e9xito las acciones de dise\u00f1o, lanzamiento y administraci\u00f3n de una empresa, ofreciendo a En Sonora en Equipo publicamos toda la informaci\u00f3n de Sonora, M\u00e9xico y el Mundo de manera oportuna y busca que la libertad de expresi\u00f3n sea real. Visita nuestro medio informativo publicado desde Hermosillo, Sonora. %","og_url":"https:\/\/www.sonoraenequipo.com.mx\/capacita-utguaymas-a-su-alumnado-para-que-sean-emprendedores-exitosos\/","og_site_name":"Sonora en Equipo.","article_publisher":"https:\/\/www.facebook.com\/SonoraEE\/","article_author":"https:\/\/www.facebook.com\/SonoraEE","article_published_time":"2024-08-01T23:45:30+00:00","article_modified_time":"2024-08-02T04:13:59+00:00","og_image":[{"width":900,"height":473,"url":"https:\/\/www.sonoraenequipo.com.mx\/storage\/2024\/08\/utgmas-min.jpg","type":"image\/jpeg"}],"author":"enequipo","twitter_card":"summary_large_image","twitter_creator":"@sonoraenequipo","twitter_site":"@sonoraenequipo","twitter_misc":{"Escrito por":"enequipo","Tiempo de lectura":"1 minuto"},"schema":{"@context":"https:\/\/schema.org","@graph":[{"@type":"Article","@id":"https:\/\/www.sonoraenequipo.com.mx\/capacita-utguaymas-a-su-alumnado-para-que-sean-emprendedores-exitosos\/#article","isPartOf":{"@id":"https:\/\/www.sonoraenequipo.com.mx\/capacita-utguaymas-a-su-alumnado-para-que-sean-emprendedores-exitosos\/"},"author":{"name":"enequipo","@id":"https:\/\/www.sonoraenequipo.com.mx\/#\/schema\/person\/50102df0fb23a8fa9e8effad8fa81386"},"headline":"Capacita UTGuaymas a su alumnado para que sean emprendedores exitosos","datePublished":"2024-08-01T23:45:30+00:00","dateModified":"2024-08-02T04:13:59+00:00","mainEntityOfPage":{"@id":"https:\/\/www.sonoraenequipo.com.mx\/capacita-utguaymas-a-su-alumnado-para-que-sean-emprendedores-exitosos\/"},"wordCount":302,"commentCount":0,"publisher":{"@id":"https:\/\/www.sonoraenequipo.com.mx\/#organization"},"image":{"@id":"https:\/\/www.sonoraenequipo.com.mx\/capacita-utguaymas-a-su-alumnado-para-que-sean-emprendedores-exitosos\/#primaryimage"},"thumbnailUrl":"https:\/\/www.sonoraenequipo.com.mx\/storage\/2024\/08\/utgmas-min.jpg","articleSection":["Sonora"],"inLanguage":"es","potentialAction":[{"@type":"CommentAction","name":"Comment","target":["https:\/\/www.sonoraenequipo.com.mx\/capacita-utguaymas-a-su-alumnado-para-que-sean-emprendedores-exitosos\/#respond"]}]},{"@type":"WebPage","@id":"https:\/\/www.sonoraenequipo.com.mx\/capacita-utguaymas-a-su-alumnado-para-que-sean-emprendedores-exitosos\/","url":"https:\/\/www.sonoraenequipo.com.mx\/capacita-utguaymas-a-su-alumnado-para-que-sean-emprendedores-exitosos\/","name":"Sonora en Equipo. Capacita UTGuaymas a su alumnado para que sean emprendedores exitosos Sonora","isPartOf":{"@id":"https:\/\/www.sonoraenequipo.com.mx\/#website"},"primaryImageOfPage":{"@id":"https:\/\/www.sonoraenequipo.com.mx\/capacita-utguaymas-a-su-alumnado-para-que-sean-emprendedores-exitosos\/#primaryimage"},"image":{"@id":"https:\/\/www.sonoraenequipo.com.mx\/capacita-utguaymas-a-su-alumnado-para-que-sean-emprendedores-exitosos\/#primaryimage"},"thumbnailUrl":"https:\/\/www.sonoraenequipo.com.mx\/storage\/2024\/08\/utgmas-min.jpg","datePublished":"2024-08-01T23:45:30+00:00","dateModified":"2024-08-02T04:13:59+00:00","description":"GUAYMAS, SONORA. MX. \u2014 &nbsp;Para que sus egresados realicen con \u00e9xito las acciones de dise\u00f1o, lanzamiento y administraci\u00f3n de una empresa, ofreciendo a En Sonora en Equipo publicamos toda la informaci\u00f3n de Sonora, M\u00e9xico y el Mundo de manera oportuna y busca que la libertad de expresi\u00f3n sea real. Visita nuestro medio informativo publicado desde Hermosillo, Sonora. %","breadcrumb":{"@id":"https:\/\/www.sonoraenequipo.com.mx\/capacita-utguaymas-a-su-alumnado-para-que-sean-emprendedores-exitosos\/#breadcrumb"},"inLanguage":"es","potentialAction":[{"@type":"ReadAction","target":["https:\/\/www.sonoraenequipo.com.mx\/capacita-utguaymas-a-su-alumnado-para-que-sean-emprendedores-exitosos\/"]}]},{"@type":"ImageObject","inLanguage":"es","@id":"https:\/\/www.sonoraenequipo.com.mx\/capacita-utguaymas-a-su-alumnado-para-que-sean-emprendedores-exitosos\/#primaryimage","url":"https:\/\/www.sonoraenequipo.com.mx\/storage\/2024\/08\/utgmas-min.jpg","contentUrl":"https:\/\/www.sonoraenequipo.com.mx\/storage\/2024\/08\/utgmas-min.jpg","width":900,"height":473},{"@type":"BreadcrumbList","@id":"https:\/\/www.sonoraenequipo.com.mx\/capacita-utguaymas-a-su-alumnado-para-que-sean-emprendedores-exitosos\/#breadcrumb","itemListElement":[{"@type":"ListItem","position":1,"name":"Portada","item":"https:\/\/www.sonoraenequipo.com.mx\/"},{"@type":"ListItem","position":2,"name":"Capacita UTGuaymas a su alumnado para que sean emprendedores exitosos"}]},{"@type":"WebSite","@id":"https:\/\/www.sonoraenequipo.com.mx\/#website","url":"https:\/\/www.sonoraenequipo.com.mx\/","name":"Sonora en Equipo.","description":"Diario en l\u00ednea con Noticias desde Hermosillo, Sonora","publisher":{"@id":"https:\/\/www.sonoraenequipo.com.mx\/#organization"},"potentialAction":[{"@type":"SearchAction","target":{"@type":"EntryPoint","urlTemplate":"https:\/\/www.sonoraenequipo.com.mx\/?s={search_term_string}"},"query-input":{"@type":"PropertyValueSpecification","valueRequired":true,"valueName":"search_term_string"}}],"inLanguage":"es"},{"@type":"Organization","@id":"https:\/\/www.sonoraenequipo.com.mx\/#organization","name":"Sonoraenequipo.com.mx","url":"https:\/\/www.sonoraenequipo.com.mx\/","logo":{"@type":"ImageObject","inLanguage":"es","@id":"https:\/\/www.sonoraenequipo.com.mx\/#\/schema\/logo\/image\/","url":"https:\/\/www.sonoraenequipo.com.mx\/storage\/2019\/01\/sonoraenequipo_opt.png","contentUrl":"https:\/\/www.sonoraenequipo.com.mx\/storage\/2019\/01\/sonoraenequipo_opt.png","width":375,"height":125,"caption":"Sonoraenequipo.com.mx"},"image":{"@id":"https:\/\/www.sonoraenequipo.com.mx\/#\/schema\/logo\/image\/"},"sameAs":["https:\/\/www.facebook.com\/SonoraEE\/","https:\/\/x.com\/sonoraenequipo","https:\/\/www.youtube.com\/channel\/UC338nW-lPEYmJQs4ZABQ1SQ"]},{"@type":"Person","@id":"https:\/\/www.sonoraenequipo.com.mx\/#\/schema\/person\/50102df0fb23a8fa9e8effad8fa81386","name":"enequipo","image":{"@type":"ImageObject","inLanguage":"es","@id":"https:\/\/www.sonoraenequipo.com.mx\/#\/schema\/person\/image\/","url":"https:\/\/secure.gravatar.com\/avatar\/049821681b589dabc0bc20695993ccebb09f5b5d4d790cd9251b97faac7c652b?s=96&d=blank&r=g","contentUrl":"https:\/\/secure.gravatar.com\/avatar\/049821681b589dabc0bc20695993ccebb09f5b5d4d790cd9251b97faac7c652b?s=96&d=blank&r=g","caption":"enequipo"},"sameAs":["https:\/\/www.facebook.com\/SonoraEE"]}]}},"jetpack_featured_media_url":"https:\/\/www.sonoraenequipo.com.mx\/storage\/2024\/08\/utgmas-min.jpg","_links":{"self":[{"href":"https:\/\/www.sonoraenequipo.com.mx\/api\/wp\/v2\/posts\/195868","targetHints":{"allow":["GET"]}}],"collection":[{"href":"https:\/\/www.sonoraenequipo.com.mx\/api\/wp\/v2\/posts"}],"about":[{"href":"https:\/\/www.sonoraenequipo.com.mx\/api\/wp\/v2\/types\/post"}],"author":[{"embeddable":true,"href":"https:\/\/www.sonoraenequipo.com.mx\/api\/wp\/v2\/users\/1"}],"replies":[{"embeddable":true,"href":"https:\/\/www.sonoraenequipo.com.mx\/api\/wp\/v2\/comments?post=195868"}],"version-history":[{"count":2,"href":"https:\/\/www.sonoraenequipo.com.mx\/api\/wp\/v2\/posts\/195868\/revisions"}],"predecessor-version":[{"id":195872,"href":"https:\/\/www.sonoraenequipo.com.mx\/api\/wp\/v2\/posts\/195868\/revisions\/195872"}],"wp:featuredmedia":[{"embeddable":true,"href":"https:\/\/www.sonoraenequipo.com.mx\/api\/wp\/v2\/media\/195870"}],"wp:attachment":[{"href":"https:\/\/www.sonoraenequipo.com.mx\/api\/wp\/v2\/media?parent=195868"}],"wp:term":[{"taxonomy":"category","embeddable":true,"href":"https:\/\/www.sonoraenequipo.com.mx\/api\/wp\/v2\/categories?post=195868"},{"taxonomy":"post_tag","embeddable":true,"href":"https:\/\/www.sonoraenequipo.com.mx\/api\/wp\/v2\/tags?post=195868"}],"curies":[{"name":"wp","href":"https:\/\/api.w.org\/{rel}","templated":true}]}}