{"id":196333,"date":"2024-08-07T16:23:00","date_gmt":"2024-08-07T23:23:00","guid":{"rendered":"https:\/\/www.sonoraenequipo.com.mx\/?p=196333"},"modified":"2024-08-07T20:47:48","modified_gmt":"2024-08-08T03:47:48","slug":"lanza-sagarhpa-convocatoria-para-ocupar-la-direccion-general-forestal-y-de-fauna-silvestre","status":"publish","type":"post","link":"https:\/\/www.sonoraenequipo.com.mx\/lanza-sagarhpa-convocatoria-para-ocupar-la-direccion-general-forestal-y-de-fauna-silvestre\/","title":{"rendered":"Lanza Sagarhpa convocatoria para ocupar la Direcci\u00f3n General Forestal y de Fauna Silvestre"},"content":{"rendered":"<p><strong>HERMOSILLO, SONORA, MX.<\/strong> \u2014 El Comit\u00e9 T\u00e9cnico de Desarrollo Profesional de la Sagarhpa lanz\u00f3 la convocatoria para ocupar la Direcci\u00f3n General Forestal y de Fauna Silvestre, el cual es el primer puesto que ser\u00e1 ocupado en esta dependencia dentro de la modalidad del Sistema del Servicio Profesional de Carrera.<\/p>\n<p>&nbsp;<\/p>\n<p>&nbsp;<\/p>\n<p>&nbsp;<\/p>\n<p>De acuerdo con lo informado por la Secretar\u00eda de Agricultura, Ganader\u00eda, Recursos Hidr\u00e1ulicos, Pesca y Acuacultura (Sagarhpa), la convocatoria va dirigida a servidores p\u00fablicos de base y de confianza del Gobierno de Sonora.<\/p>\n<p><img loading=\"lazy\" decoding=\"async\" class=\"x-center size-full\" src=\"https:\/\/ecp.yusercontent.com\/mail?url=https%3A%2F%2Ffiles.constantcontact.com%2F5b47c499001%2F55d06870-ceb7-4677-83f9-c0482badba62.jpg&amp;t=1723079611&amp;ymreqid=2a25691b-634a-a552-1c45-e40001016a00&amp;sig=2ntP6ebH3LHF5MMyTkYqcg--~D\" width=\"784\" height=\"1200\"><\/p>\n<p>&nbsp;<\/p>\n<p>&nbsp;<\/p>\n<p>&nbsp;<\/p>\n<p>Pero tambi\u00e9n a todos los interesados que deseen ingresar al Servicio Profesional de Carrera, a participar en el concurso para ocupar la plaza vacante del Sistema del Servicio Profesional de Carrera de director general Forestal y de Fauna Silvestre.<\/p>\n<p>&nbsp;<\/p>\n<p>&nbsp;<\/p>\n<p>&nbsp;<\/p>\n<p>Los interesados deben reunir requisitos como el tener estudios profesionales completos en las carreras de ingenier\u00eda en Agronom\u00eda, Ecolog\u00eda, Biolog\u00eda y M\u00e9dico Veterinario Zootecnista, haber laborado en programas de conversi\u00f3n, manejo de Unidad de Manejo Ambiental (UMAS).<\/p>\n<p>&nbsp;<\/p>\n<p>&nbsp;<\/p>\n<p>&nbsp;<\/p>\n<p>La convocatoria se\u00f1ala que el registro de los participantes es en l\u00ednea, a trav\u00e9s de la p\u00e1gina oficial de la Oficial\u00eda Mayor del Estado de Sonora, en el link: <a href=\"https:\/\/aspirantesspc.sonora.gob.mx\/registro\/register\">https:\/\/aspirantesspc.sonora.gob.mx\/registro\/register<\/a>.<\/p>\n<p>El registro para participar en la convocatoria estar\u00e1 abierto del 7 al 13 de agosto del 2024.<\/p>\n<p>&nbsp;<\/p>\n<p>&nbsp;<\/p>\n<p>&nbsp;<\/p>\n<p>Para m\u00e1s informaci\u00f3n consulta las bases para participar en la convocatoria para formar parte del Sistema del Servicio Profesional de Carrera, en el siguiente link: <a href=\"https:\/\/oficialiamayor.sonora.gob.mx\/\">https:\/\/oficialiamayor.sonora.gob.mx\/<\/a>.<\/p>\n<p><strong>Fecha de publicaci\u00f3n mi\u00e9rcoles 7 de agosto de 2024<\/strong><\/p>\n","protected":false},"excerpt":{"rendered":"<p>HERMOSILLO, SONORA, MX. \u2014 El Comit\u00e9 T\u00e9cnico de Desarrollo Profesional de la Sagarhpa lanz\u00f3 la&#8230;<\/p>\n","protected":false},"author":1,"featured_media":196334,"comment_status":"open","ping_status":"open","sticky":false,"template":"","format":"standard","meta":{"_monsterinsights_skip_tracking":false,"_monsterinsights_sitenote_active":false,"_monsterinsights_sitenote_note":"","_monsterinsights_sitenote_category":0,"footnotes":""},"categories":[22],"tags":[10092,10091],"class_list":["post"],"yoast_head":" \n<title>Sonora en Equipo. Lanza Sagarhpa convocatoria para ocupar la Direcci\u00f3n General Forestal y de Fauna Silvestre Sonora<\/title>\n<meta name=\"description\" content=\"HERMOSILLO, SONORA, MX. \u2014 El Comit\u00e9 T\u00e9cnico de Desarrollo Profesional de la Sagarhpa lanz\u00f3 la convocatoria para ocupar la Direcci\u00f3n General Forestal y de En Sonora en Equipo publicamos toda la informaci\u00f3n de Sonora, M\u00e9xico y el Mundo de manera oportuna y busca que la libertad de expresi\u00f3n sea real. Visita nuestro medio informativo publicado desde Hermosillo, Sonora. %\" \/>\n<meta name=\"robots\" content=\"index, follow, max-snippet:-1, max-image-preview:large, max-video-preview:-1\" \/>\n<link rel=\"canonical\" href=\"https:\/\/www.sonoraenequipo.com.mx\/lanza-sagarhpa-convocatoria-para-ocupar-la-direccion-general-forestal-y-de-fauna-silvestre\/\" \/>\n<meta property=\"og:locale\" content=\"es_ES\" \/>\n<meta property=\"og:type\" content=\"article\" \/>\n<meta property=\"og:title\" content=\"Sonora en Equipo. Lanza Sagarhpa convocatoria para ocupar la Direcci\u00f3n General Forestal y de Fauna Silvestre Sonora\" \/>\n<meta property=\"og:description\" content=\"HERMOSILLO, SONORA, MX. \u2014 El Comit\u00e9 T\u00e9cnico de Desarrollo Profesional de la Sagarhpa lanz\u00f3 la convocatoria para ocupar la Direcci\u00f3n General Forestal y de En Sonora en Equipo publicamos toda la informaci\u00f3n de Sonora, M\u00e9xico y el Mundo de manera oportuna y busca que la libertad de expresi\u00f3n sea real. Visita nuestro medio informativo publicado desde Hermosillo, Sonora. %\" \/>\n<meta property=\"og:url\" content=\"https:\/\/www.sonoraenequipo.com.mx\/lanza-sagarhpa-convocatoria-para-ocupar-la-direccion-general-forestal-y-de-fauna-silvestre\/\" \/>\n<meta property=\"og:site_name\" content=\"Sonora en Equipo.\" \/>\n<meta property=\"article:publisher\" content=\"https:\/\/www.facebook.com\/SonoraEE\/\" \/>\n<meta property=\"article:author\" content=\"https:\/\/www.facebook.com\/SonoraEE\" \/>\n<meta property=\"article:published_time\" content=\"2024-08-07T23:23:00+00:00\" \/>\n<meta property=\"article:modified_time\" content=\"2024-08-08T03:47:48+00:00\" \/>\n<meta property=\"og:image\" content=\"https:\/\/www.sonoraenequipo.com.mx\/storage\/2024\/08\/cimarron.jpg\" \/>\n\t<meta property=\"og:image:width\" content=\"600\" \/>\n\t<meta property=\"og:image:height\" content=\"336\" \/>\n\t<meta property=\"og:image:type\" content=\"image\/jpeg\" \/>\n<meta name=\"author\" content=\"enequipo\" \/>\n<meta name=\"twitter:card\" content=\"summary_large_image\" \/>\n<meta name=\"twitter:creator\" content=\"@sonoraenequipo\" \/>\n<meta name=\"twitter:site\" content=\"@sonoraenequipo\" \/>\n<meta name=\"twitter:label1\" content=\"Escrito por\" \/>\n\t<meta name=\"twitter:data1\" content=\"enequipo\" \/>\n\t<meta name=\"twitter:label2\" content=\"Tiempo de lectura\" \/>\n\t<meta name=\"twitter:data2\" content=\"1 minuto\" \/>\n<script type=\"application\/ld+json\" class=\"yoast-schema-graph\">{\"@context\":\"https:\/\/schema.org\",\"@graph\":[{\"@type\":\"Article\",\"@id\":\"https:\/\/www.sonoraenequipo.com.mx\/lanza-sagarhpa-convocatoria-para-ocupar-la-direccion-general-forestal-y-de-fauna-silvestre\/#article\",\"isPartOf\":{\"@id\":\"https:\/\/www.sonoraenequipo.com.mx\/lanza-sagarhpa-convocatoria-para-ocupar-la-direccion-general-forestal-y-de-fauna-silvestre\/\"},\"author\":{\"name\":\"enequipo\",\"@id\":\"https:\/\/www.sonoraenequipo.com.mx\/#\/schema\/person\/50102df0fb23a8fa9e8effad8fa81386\"},\"headline\":\"Lanza Sagarhpa convocatoria para ocupar la Direcci\u00f3n General Forestal y de Fauna Silvestre\",\"datePublished\":\"2024-08-07T23:23:00+00:00\",\"dateModified\":\"2024-08-08T03:47:48+00:00\",\"mainEntityOfPage\":{\"@id\":\"https:\/\/www.sonoraenequipo.com.mx\/lanza-sagarhpa-convocatoria-para-ocupar-la-direccion-general-forestal-y-de-fauna-silvestre\/\"},\"wordCount\":295,\"commentCount\":0,\"publisher\":{\"@id\":\"https:\/\/www.sonoraenequipo.com.mx\/#organization\"},\"image\":{\"@id\":\"https:\/\/www.sonoraenequipo.com.mx\/lanza-sagarhpa-convocatoria-para-ocupar-la-direccion-general-forestal-y-de-fauna-silvestre\/#primaryimage\"},\"thumbnailUrl\":\"https:\/\/www.sonoraenequipo.com.mx\/storage\/2024\/08\/cimarron.jpg\",\"keywords\":[\"direccion\",\"vida silvestre\"],\"articleSection\":[\"Sonora\"],\"inLanguage\":\"es\",\"potentialAction\":[{\"@type\":\"CommentAction\",\"name\":\"Comment\",\"target\":[\"https:\/\/www.sonoraenequipo.com.mx\/lanza-sagarhpa-convocatoria-para-ocupar-la-direccion-general-forestal-y-de-fauna-silvestre\/#respond\"]}]},{\"@type\":\"WebPage\",\"@id\":\"https:\/\/www.sonoraenequipo.com.mx\/lanza-sagarhpa-convocatoria-para-ocupar-la-direccion-general-forestal-y-de-fauna-silvestre\/\",\"url\":\"https:\/\/www.sonoraenequipo.com.mx\/lanza-sagarhpa-convocatoria-para-ocupar-la-direccion-general-forestal-y-de-fauna-silvestre\/\",\"name\":\"Sonora en Equipo. Lanza Sagarhpa convocatoria para ocupar la Direcci\u00f3n General Forestal y de Fauna Silvestre Sonora\",\"isPartOf\":{\"@id\":\"https:\/\/www.sonoraenequipo.com.mx\/#website\"},\"primaryImageOfPage\":{\"@id\":\"https:\/\/www.sonoraenequipo.com.mx\/lanza-sagarhpa-convocatoria-para-ocupar-la-direccion-general-forestal-y-de-fauna-silvestre\/#primaryimage\"},\"image\":{\"@id\":\"https:\/\/www.sonoraenequipo.com.mx\/lanza-sagarhpa-convocatoria-para-ocupar-la-direccion-general-forestal-y-de-fauna-silvestre\/#primaryimage\"},\"thumbnailUrl\":\"https:\/\/www.sonoraenequipo.com.mx\/storage\/2024\/08\/cimarron.jpg\",\"datePublished\":\"2024-08-07T23:23:00+00:00\",\"dateModified\":\"2024-08-08T03:47:48+00:00\",\"description\":\"HERMOSILLO, SONORA, MX. \u2014 El Comit\u00e9 T\u00e9cnico de Desarrollo Profesional de la Sagarhpa lanz\u00f3 la convocatoria para ocupar la Direcci\u00f3n General Forestal y de En Sonora en Equipo publicamos toda la informaci\u00f3n de Sonora, M\u00e9xico y el Mundo de manera oportuna y busca que la libertad de expresi\u00f3n sea real. Visita nuestro medio informativo publicado desde Hermosillo, Sonora. %\",\"breadcrumb\":{\"@id\":\"https:\/\/www.sonoraenequipo.com.mx\/lanza-sagarhpa-convocatoria-para-ocupar-la-direccion-general-forestal-y-de-fauna-silvestre\/#breadcrumb\"},\"inLanguage\":\"es\",\"potentialAction\":[{\"@type\":\"ReadAction\",\"target\":[\"https:\/\/www.sonoraenequipo.com.mx\/lanza-sagarhpa-convocatoria-para-ocupar-la-direccion-general-forestal-y-de-fauna-silvestre\/\"]}]},{\"@type\":\"ImageObject\",\"inLanguage\":\"es\",\"@id\":\"https:\/\/www.sonoraenequipo.com.mx\/lanza-sagarhpa-convocatoria-para-ocupar-la-direccion-general-forestal-y-de-fauna-silvestre\/#primaryimage\",\"url\":\"https:\/\/www.sonoraenequipo.com.mx\/storage\/2024\/08\/cimarron.jpg\",\"contentUrl\":\"https:\/\/www.sonoraenequipo.com.mx\/storage\/2024\/08\/cimarron.jpg\",\"width\":600,\"height\":336},{\"@type\":\"BreadcrumbList\",\"@id\":\"https:\/\/www.sonoraenequipo.com.mx\/lanza-sagarhpa-convocatoria-para-ocupar-la-direccion-general-forestal-y-de-fauna-silvestre\/#breadcrumb\",\"itemListElement\":[{\"@type\":\"ListItem\",\"position\":1,\"name\":\"Portada\",\"item\":\"https:\/\/www.sonoraenequipo.com.mx\/\"},{\"@type\":\"ListItem\",\"position\":2,\"name\":\"Lanza Sagarhpa convocatoria para ocupar la Direcci\u00f3n General Forestal y de Fauna Silvestre\"}]},{\"@type\":\"WebSite\",\"@id\":\"https:\/\/www.sonoraenequipo.com.mx\/#website\",\"url\":\"https:\/\/www.sonoraenequipo.com.mx\/\",\"name\":\"Sonora en Equipo.\",\"description\":\"Diario en l\u00ednea con Noticias desde Hermosillo, Sonora\",\"publisher\":{\"@id\":\"https:\/\/www.sonoraenequipo.com.mx\/#organization\"},\"potentialAction\":[{\"@type\":\"SearchAction\",\"target\":{\"@type\":\"EntryPoint\",\"urlTemplate\":\"https:\/\/www.sonoraenequipo.com.mx\/?s={search_term_string}\"},\"query-input\":{\"@type\":\"PropertyValueSpecification\",\"valueRequired\":true,\"valueName\":\"search_term_string\"}}],\"inLanguage\":\"es\"},{\"@type\":\"Organization\",\"@id\":\"https:\/\/www.sonoraenequipo.com.mx\/#organization\",\"name\":\"Sonoraenequipo.com.mx\",\"url\":\"https:\/\/www.sonoraenequipo.com.mx\/\",\"logo\":{\"@type\":\"ImageObject\",\"inLanguage\":\"es\",\"@id\":\"https:\/\/www.sonoraenequipo.com.mx\/#\/schema\/logo\/image\/\",\"url\":\"https:\/\/www.sonoraenequipo.com.mx\/storage\/2019\/01\/sonoraenequipo_opt.png\",\"contentUrl\":\"https:\/\/www.sonoraenequipo.com.mx\/storage\/2019\/01\/sonoraenequipo_opt.png\",\"width\":375,\"height\":125,\"caption\":\"Sonoraenequipo.com.mx\"},\"image\":{\"@id\":\"https:\/\/www.sonoraenequipo.com.mx\/#\/schema\/logo\/image\/\"},\"sameAs\":[\"https:\/\/www.facebook.com\/SonoraEE\/\",\"https:\/\/x.com\/sonoraenequipo\",\"https:\/\/www.youtube.com\/channel\/UC338nW-lPEYmJQs4ZABQ1SQ\"]},{\"@type\":\"Person\",\"@id\":\"https:\/\/www.sonoraenequipo.com.mx\/#\/schema\/person\/50102df0fb23a8fa9e8effad8fa81386\",\"name\":\"enequipo\",\"image\":{\"@type\":\"ImageObject\",\"inLanguage\":\"es\",\"@id\":\"https:\/\/www.sonoraenequipo.com.mx\/#\/schema\/person\/image\/\",\"url\":\"https:\/\/secure.gravatar.com\/avatar\/049821681b589dabc0bc20695993ccebb09f5b5d4d790cd9251b97faac7c652b?s=96&d=blank&r=g\",\"contentUrl\":\"https:\/\/secure.gravatar.com\/avatar\/049821681b589dabc0bc20695993ccebb09f5b5d4d790cd9251b97faac7c652b?s=96&d=blank&r=g\",\"caption\":\"enequipo\"},\"sameAs\":[\"https:\/\/www.facebook.com\/SonoraEE\"]}]}<\/script>\n ","yoast_head_json":{"title":"Sonora en Equipo. Lanza Sagarhpa convocatoria para ocupar la Direcci\u00f3n General Forestal y de Fauna Silvestre Sonora","description":"HERMOSILLO, SONORA, MX. \u2014 El Comit\u00e9 T\u00e9cnico de Desarrollo Profesional de la Sagarhpa lanz\u00f3 la convocatoria para ocupar la Direcci\u00f3n General Forestal y de En Sonora en Equipo publicamos toda la informaci\u00f3n de Sonora, M\u00e9xico y el Mundo de manera oportuna y busca que la libertad de expresi\u00f3n sea real. Visita nuestro medio informativo publicado desde Hermosillo, Sonora. %","robots":{"index":"index","follow":"follow","max-snippet":"max-snippet:-1","max-image-preview":"max-image-preview:large","max-video-preview":"max-video-preview:-1"},"canonical":"https:\/\/www.sonoraenequipo.com.mx\/lanza-sagarhpa-convocatoria-para-ocupar-la-direccion-general-forestal-y-de-fauna-silvestre\/","og_locale":"es_ES","og_type":"article","og_title":"Sonora en Equipo. Lanza Sagarhpa convocatoria para ocupar la Direcci\u00f3n General Forestal y de Fauna Silvestre Sonora","og_description":"HERMOSILLO, SONORA, MX. \u2014 El Comit\u00e9 T\u00e9cnico de Desarrollo Profesional de la Sagarhpa lanz\u00f3 la convocatoria para ocupar la Direcci\u00f3n General Forestal y de En Sonora en Equipo publicamos toda la informaci\u00f3n de Sonora, M\u00e9xico y el Mundo de manera oportuna y busca que la libertad de expresi\u00f3n sea real. Visita nuestro medio informativo publicado desde Hermosillo, Sonora. %","og_url":"https:\/\/www.sonoraenequipo.com.mx\/lanza-sagarhpa-convocatoria-para-ocupar-la-direccion-general-forestal-y-de-fauna-silvestre\/","og_site_name":"Sonora en Equipo.","article_publisher":"https:\/\/www.facebook.com\/SonoraEE\/","article_author":"https:\/\/www.facebook.com\/SonoraEE","article_published_time":"2024-08-07T23:23:00+00:00","article_modified_time":"2024-08-08T03:47:48+00:00","og_image":[{"width":600,"height":336,"url":"https:\/\/www.sonoraenequipo.com.mx\/storage\/2024\/08\/cimarron.jpg","type":"image\/jpeg"}],"author":"enequipo","twitter_card":"summary_large_image","twitter_creator":"@sonoraenequipo","twitter_site":"@sonoraenequipo","twitter_misc":{"Escrito por":"enequipo","Tiempo de lectura":"1 minuto"},"schema":{"@context":"https:\/\/schema.org","@graph":[{"@type":"Article","@id":"https:\/\/www.sonoraenequipo.com.mx\/lanza-sagarhpa-convocatoria-para-ocupar-la-direccion-general-forestal-y-de-fauna-silvestre\/#article","isPartOf":{"@id":"https:\/\/www.sonoraenequipo.com.mx\/lanza-sagarhpa-convocatoria-para-ocupar-la-direccion-general-forestal-y-de-fauna-silvestre\/"},"author":{"name":"enequipo","@id":"https:\/\/www.sonoraenequipo.com.mx\/#\/schema\/person\/50102df0fb23a8fa9e8effad8fa81386"},"headline":"Lanza Sagarhpa convocatoria para ocupar la Direcci\u00f3n General Forestal y de Fauna Silvestre","datePublished":"2024-08-07T23:23:00+00:00","dateModified":"2024-08-08T03:47:48+00:00","mainEntityOfPage":{"@id":"https:\/\/www.sonoraenequipo.com.mx\/lanza-sagarhpa-convocatoria-para-ocupar-la-direccion-general-forestal-y-de-fauna-silvestre\/"},"wordCount":295,"commentCount":0,"publisher":{"@id":"https:\/\/www.sonoraenequipo.com.mx\/#organization"},"image":{"@id":"https:\/\/www.sonoraenequipo.com.mx\/lanza-sagarhpa-convocatoria-para-ocupar-la-direccion-general-forestal-y-de-fauna-silvestre\/#primaryimage"},"thumbnailUrl":"https:\/\/www.sonoraenequipo.com.mx\/storage\/2024\/08\/cimarron.jpg","keywords":["direccion","vida silvestre"],"articleSection":["Sonora"],"inLanguage":"es","potentialAction":[{"@type":"CommentAction","name":"Comment","target":["https:\/\/www.sonoraenequipo.com.mx\/lanza-sagarhpa-convocatoria-para-ocupar-la-direccion-general-forestal-y-de-fauna-silvestre\/#respond"]}]},{"@type":"WebPage","@id":"https:\/\/www.sonoraenequipo.com.mx\/lanza-sagarhpa-convocatoria-para-ocupar-la-direccion-general-forestal-y-de-fauna-silvestre\/","url":"https:\/\/www.sonoraenequipo.com.mx\/lanza-sagarhpa-convocatoria-para-ocupar-la-direccion-general-forestal-y-de-fauna-silvestre\/","name":"Sonora en Equipo. Lanza Sagarhpa convocatoria para ocupar la Direcci\u00f3n General Forestal y de Fauna Silvestre Sonora","isPartOf":{"@id":"https:\/\/www.sonoraenequipo.com.mx\/#website"},"primaryImageOfPage":{"@id":"https:\/\/www.sonoraenequipo.com.mx\/lanza-sagarhpa-convocatoria-para-ocupar-la-direccion-general-forestal-y-de-fauna-silvestre\/#primaryimage"},"image":{"@id":"https:\/\/www.sonoraenequipo.com.mx\/lanza-sagarhpa-convocatoria-para-ocupar-la-direccion-general-forestal-y-de-fauna-silvestre\/#primaryimage"},"thumbnailUrl":"https:\/\/www.sonoraenequipo.com.mx\/storage\/2024\/08\/cimarron.jpg","datePublished":"2024-08-07T23:23:00+00:00","dateModified":"2024-08-08T03:47:48+00:00","description":"HERMOSILLO, SONORA, MX. \u2014 El Comit\u00e9 T\u00e9cnico de Desarrollo Profesional de la Sagarhpa lanz\u00f3 la convocatoria para ocupar la Direcci\u00f3n General Forestal y de En Sonora en Equipo publicamos toda la informaci\u00f3n de Sonora, M\u00e9xico y el Mundo de manera oportuna y busca que la libertad de expresi\u00f3n sea real. Visita nuestro medio informativo publicado desde Hermosillo, Sonora. %","breadcrumb":{"@id":"https:\/\/www.sonoraenequipo.com.mx\/lanza-sagarhpa-convocatoria-para-ocupar-la-direccion-general-forestal-y-de-fauna-silvestre\/#breadcrumb"},"inLanguage":"es","potentialAction":[{"@type":"ReadAction","target":["https:\/\/www.sonoraenequipo.com.mx\/lanza-sagarhpa-convocatoria-para-ocupar-la-direccion-general-forestal-y-de-fauna-silvestre\/"]}]},{"@type":"ImageObject","inLanguage":"es","@id":"https:\/\/www.sonoraenequipo.com.mx\/lanza-sagarhpa-convocatoria-para-ocupar-la-direccion-general-forestal-y-de-fauna-silvestre\/#primaryimage","url":"https:\/\/www.sonoraenequipo.com.mx\/storage\/2024\/08\/cimarron.jpg","contentUrl":"https:\/\/www.sonoraenequipo.com.mx\/storage\/2024\/08\/cimarron.jpg","width":600,"height":336},{"@type":"BreadcrumbList","@id":"https:\/\/www.sonoraenequipo.com.mx\/lanza-sagarhpa-convocatoria-para-ocupar-la-direccion-general-forestal-y-de-fauna-silvestre\/#breadcrumb","itemListElement":[{"@type":"ListItem","position":1,"name":"Portada","item":"https:\/\/www.sonoraenequipo.com.mx\/"},{"@type":"ListItem","position":2,"name":"Lanza Sagarhpa convocatoria para ocupar la Direcci\u00f3n General Forestal y de Fauna Silvestre"}]},{"@type":"WebSite","@id":"https:\/\/www.sonoraenequipo.com.mx\/#website","url":"https:\/\/www.sonoraenequipo.com.mx\/","name":"Sonora en Equipo.","description":"Diario en l\u00ednea con Noticias desde Hermosillo, Sonora","publisher":{"@id":"https:\/\/www.sonoraenequipo.com.mx\/#organization"},"potentialAction":[{"@type":"SearchAction","target":{"@type":"EntryPoint","urlTemplate":"https:\/\/www.sonoraenequipo.com.mx\/?s={search_term_string}"},"query-input":{"@type":"PropertyValueSpecification","valueRequired":true,"valueName":"search_term_string"}}],"inLanguage":"es"},{"@type":"Organization","@id":"https:\/\/www.sonoraenequipo.com.mx\/#organization","name":"Sonoraenequipo.com.mx","url":"https:\/\/www.sonoraenequipo.com.mx\/","logo":{"@type":"ImageObject","inLanguage":"es","@id":"https:\/\/www.sonoraenequipo.com.mx\/#\/schema\/logo\/image\/","url":"https:\/\/www.sonoraenequipo.com.mx\/storage\/2019\/01\/sonoraenequipo_opt.png","contentUrl":"https:\/\/www.sonoraenequipo.com.mx\/storage\/2019\/01\/sonoraenequipo_opt.png","width":375,"height":125,"caption":"Sonoraenequipo.com.mx"},"image":{"@id":"https:\/\/www.sonoraenequipo.com.mx\/#\/schema\/logo\/image\/"},"sameAs":["https:\/\/www.facebook.com\/SonoraEE\/","https:\/\/x.com\/sonoraenequipo","https:\/\/www.youtube.com\/channel\/UC338nW-lPEYmJQs4ZABQ1SQ"]},{"@type":"Person","@id":"https:\/\/www.sonoraenequipo.com.mx\/#\/schema\/person\/50102df0fb23a8fa9e8effad8fa81386","name":"enequipo","image":{"@type":"ImageObject","inLanguage":"es","@id":"https:\/\/www.sonoraenequipo.com.mx\/#\/schema\/person\/image\/","url":"https:\/\/secure.gravatar.com\/avatar\/049821681b589dabc0bc20695993ccebb09f5b5d4d790cd9251b97faac7c652b?s=96&d=blank&r=g","contentUrl":"https:\/\/secure.gravatar.com\/avatar\/049821681b589dabc0bc20695993ccebb09f5b5d4d790cd9251b97faac7c652b?s=96&d=blank&r=g","caption":"enequipo"},"sameAs":["https:\/\/www.facebook.com\/SonoraEE"]}]}},"jetpack_featured_media_url":"https:\/\/www.sonoraenequipo.com.mx\/storage\/2024\/08\/cimarron.jpg","_links":{"self":[{"href":"https:\/\/www.sonoraenequipo.com.mx\/api\/wp\/v2\/posts\/196333","targetHints":{"allow":["GET"]}}],"collection":[{"href":"https:\/\/www.sonoraenequipo.com.mx\/api\/wp\/v2\/posts"}],"about":[{"href":"https:\/\/www.sonoraenequipo.com.mx\/api\/wp\/v2\/types\/post"}],"author":[{"embeddable":true,"href":"https:\/\/www.sonoraenequipo.com.mx\/api\/wp\/v2\/users\/1"}],"replies":[{"embeddable":true,"href":"https:\/\/www.sonoraenequipo.com.mx\/api\/wp\/v2\/comments?post=196333"}],"version-history":[{"count":2,"href":"https:\/\/www.sonoraenequipo.com.mx\/api\/wp\/v2\/posts\/196333\/revisions"}],"predecessor-version":[{"id":196353,"href":"https:\/\/www.sonoraenequipo.com.mx\/api\/wp\/v2\/posts\/196333\/revisions\/196353"}],"wp:featuredmedia":[{"embeddable":true,"href":"https:\/\/www.sonoraenequipo.com.mx\/api\/wp\/v2\/media\/196334"}],"wp:attachment":[{"href":"https:\/\/www.sonoraenequipo.com.mx\/api\/wp\/v2\/media?parent=196333"}],"wp:term":[{"taxonomy":"category","embeddable":true,"href":"https:\/\/www.sonoraenequipo.com.mx\/api\/wp\/v2\/categories?post=196333"},{"taxonomy":"post_tag","embeddable":true,"href":"https:\/\/www.sonoraenequipo.com.mx\/api\/wp\/v2\/tags?post=196333"}],"curies":[{"name":"wp","href":"https:\/\/api.w.org\/{rel}","templated":true}]}}