{"id":196336,"date":"2024-08-07T18:31:27","date_gmt":"2024-08-08T01:31:27","guid":{"rendered":"https:\/\/www.sonoraenequipo.com.mx\/?p=196336"},"modified":"2024-08-07T18:31:27","modified_gmt":"2024-08-08T01:31:27","slug":"refrenda-sec-sonora-compromiso-con-la-primera-infancia-y-las-mujeres-trabajadoras-lactantes","status":"publish","type":"post","link":"https:\/\/www.sonoraenequipo.com.mx\/refrenda-sec-sonora-compromiso-con-la-primera-infancia-y-las-mujeres-trabajadoras-lactantes\/","title":{"rendered":"Refrenda SEC Sonora compromiso con la primera infancia y las mujeres trabajadoras lactantes"},"content":{"rendered":"<p><strong>HERMOSILLO, SONORA, MX.<\/strong> \u2014 La Secretar\u00eda de Educaci\u00f3n y Cultura (SEC) del Gobierno de Sonora continuar\u00e1 impulsando proyectos que dignifiquen a la mujer, en todos los \u00e1mbitos, y beneficien la estimulaci\u00f3n temprana de la primera infancia, destac\u00f3 Froyl\u00e1n G\u00e1mez Gamboa.<\/p>\n<p>&nbsp;<\/p>\n<p>&nbsp;<\/p>\n<p>&nbsp;<\/p>\n<p>Durante el acto conmemorativo de la Semana Mundial de la Lactancia Materna, el titular de la SEC enfatiz\u00f3 que la dependencia cuenta con un lactario, el cual es un espacio c\u00f3modo e \u00edntimo que les permite a las usuarias, que laboran en la administraci\u00f3n central, establecer una conexi\u00f3n con su beb\u00e9.<\/p>\n<p>&nbsp;<\/p>\n<p>&nbsp;<\/p>\n<p>&nbsp;<\/p>\n<p>Dicha acci\u00f3n, a\u00f1adi\u00f3, le permiti\u00f3 a la SEC recibir el distintivo \u201cEspacios amigables para la lactancia materna\u201d, otorgado por el Sistema de Protecci\u00f3n Integral de Ni\u00f1as, Ni\u00f1os y Adolescentes del Estado de Sonora (Sipinna) con el acompa\u00f1amiento del Fondo de las Naciones Unidas para la Infancia (Unicef, por sus siglas en ingl\u00e9s).<\/p>\n<p>&nbsp;<\/p>\n<p>&nbsp;<\/p>\n<p>&nbsp;<\/p>\n<p>Enfatiz\u00f3 que el gobernador Alfonso Durazo le apuesta al bienestar de la primera infancia, de la ni\u00f1ez y de las mujeres sonorenses, a trav\u00e9s de pol\u00edticas p\u00fablicas que beneficien y fortalezcan su desarrollo como personas.<\/p>\n<p>&nbsp;<\/p>\n<p>&nbsp;<\/p>\n<p>&nbsp;<\/p>\n<p>El lactario de SEC Sonora se inaugur\u00f3 en noviembre de 2022 y para el desarrollo y ejecuci\u00f3n de dicho proyecto se cont\u00f3 con el apoyo de Grameen de la Frontera, A.C.<\/p>\n<p><strong>Fecha de publicaci\u00f3n mi\u00e9rcoles 7 de agosto de 2024<\/strong><\/p>\n<p>&nbsp;<\/p>\n","protected":false},"excerpt":{"rendered":"<p>HERMOSILLO, SONORA, MX. \u2014 La Secretar\u00eda de Educaci\u00f3n y Cultura (SEC) del Gobierno de Sonora&#8230;<\/p>\n","protected":false},"author":1,"featured_media":196337,"comment_status":"open","ping_status":"open","sticky":false,"template":"","format":"standard","meta":{"_monsterinsights_skip_tracking":false,"_monsterinsights_sitenote_active":false,"_monsterinsights_sitenote_note":"","_monsterinsights_sitenote_category":0,"footnotes":""},"categories":[22],"tags":[3334,5046,15],"class_list":["post"],"yoast_head":" \n<title>Sonora en Equipo. Refrenda SEC Sonora compromiso con la primera infancia y las mujeres trabajadoras lactantes Sonora<\/title>\n<meta name=\"description\" content=\"HERMOSILLO, SONORA, MX. \u2014 La Secretar\u00eda de Educaci\u00f3n y Cultura (SEC) del Gobierno de Sonora continuar\u00e1 impulsando proyectos que dignifiquen a la mujer, en En Sonora en Equipo publicamos toda la informaci\u00f3n de Sonora, M\u00e9xico y el Mundo de manera oportuna y busca que la libertad de expresi\u00f3n sea real. Visita nuestro medio informativo publicado desde Hermosillo, Sonora. %\" \/>\n<meta name=\"robots\" content=\"index, follow, max-snippet:-1, max-image-preview:large, max-video-preview:-1\" \/>\n<link rel=\"canonical\" href=\"https:\/\/www.sonoraenequipo.com.mx\/refrenda-sec-sonora-compromiso-con-la-primera-infancia-y-las-mujeres-trabajadoras-lactantes\/\" \/>\n<meta property=\"og:locale\" content=\"es_ES\" \/>\n<meta property=\"og:type\" content=\"article\" \/>\n<meta property=\"og:title\" content=\"Sonora en Equipo. Refrenda SEC Sonora compromiso con la primera infancia y las mujeres trabajadoras lactantes Sonora\" \/>\n<meta property=\"og:description\" content=\"HERMOSILLO, SONORA, MX. \u2014 La Secretar\u00eda de Educaci\u00f3n y Cultura (SEC) del Gobierno de Sonora continuar\u00e1 impulsando proyectos que dignifiquen a la mujer, en En Sonora en Equipo publicamos toda la informaci\u00f3n de Sonora, M\u00e9xico y el Mundo de manera oportuna y busca que la libertad de expresi\u00f3n sea real. Visita nuestro medio informativo publicado desde Hermosillo, Sonora. %\" \/>\n<meta property=\"og:url\" content=\"https:\/\/www.sonoraenequipo.com.mx\/refrenda-sec-sonora-compromiso-con-la-primera-infancia-y-las-mujeres-trabajadoras-lactantes\/\" \/>\n<meta property=\"og:site_name\" content=\"Sonora en Equipo.\" \/>\n<meta property=\"article:publisher\" content=\"https:\/\/www.facebook.com\/SonoraEE\/\" \/>\n<meta property=\"article:author\" content=\"https:\/\/www.facebook.com\/SonoraEE\" \/>\n<meta property=\"article:published_time\" content=\"2024-08-08T01:31:27+00:00\" \/>\n<meta property=\"og:image\" content=\"https:\/\/www.sonoraenequipo.com.mx\/storage\/2024\/08\/lactancia.jpg\" \/>\n\t<meta property=\"og:image:width\" content=\"600\" \/>\n\t<meta property=\"og:image:height\" content=\"429\" \/>\n\t<meta property=\"og:image:type\" content=\"image\/jpeg\" \/>\n<meta name=\"author\" content=\"enequipo\" \/>\n<meta name=\"twitter:card\" content=\"summary_large_image\" \/>\n<meta name=\"twitter:creator\" content=\"@sonoraenequipo\" \/>\n<meta name=\"twitter:site\" content=\"@sonoraenequipo\" \/>\n<meta name=\"twitter:label1\" content=\"Escrito por\" \/>\n\t<meta name=\"twitter:data1\" content=\"enequipo\" \/>\n\t<meta name=\"twitter:label2\" content=\"Tiempo de lectura\" \/>\n\t<meta name=\"twitter:data2\" content=\"1 minuto\" \/>\n<script type=\"application\/ld+json\" class=\"yoast-schema-graph\">{\"@context\":\"https:\/\/schema.org\",\"@graph\":[{\"@type\":\"Article\",\"@id\":\"https:\/\/www.sonoraenequipo.com.mx\/refrenda-sec-sonora-compromiso-con-la-primera-infancia-y-las-mujeres-trabajadoras-lactantes\/#article\",\"isPartOf\":{\"@id\":\"https:\/\/www.sonoraenequipo.com.mx\/refrenda-sec-sonora-compromiso-con-la-primera-infancia-y-las-mujeres-trabajadoras-lactantes\/\"},\"author\":{\"name\":\"enequipo\",\"@id\":\"https:\/\/www.sonoraenequipo.com.mx\/#\/schema\/person\/50102df0fb23a8fa9e8effad8fa81386\"},\"headline\":\"Refrenda SEC Sonora compromiso con la primera infancia y las mujeres trabajadoras lactantes\",\"datePublished\":\"2024-08-08T01:31:27+00:00\",\"mainEntityOfPage\":{\"@id\":\"https:\/\/www.sonoraenequipo.com.mx\/refrenda-sec-sonora-compromiso-con-la-primera-infancia-y-las-mujeres-trabajadoras-lactantes\/\"},\"wordCount\":263,\"commentCount\":0,\"publisher\":{\"@id\":\"https:\/\/www.sonoraenequipo.com.mx\/#organization\"},\"image\":{\"@id\":\"https:\/\/www.sonoraenequipo.com.mx\/refrenda-sec-sonora-compromiso-con-la-primera-infancia-y-las-mujeres-trabajadoras-lactantes\/#primaryimage\"},\"thumbnailUrl\":\"https:\/\/www.sonoraenequipo.com.mx\/storage\/2024\/08\/lactancia.jpg\",\"keywords\":[\"LACTANCIA\",\"materna\",\"Sonora\"],\"articleSection\":[\"Sonora\"],\"inLanguage\":\"es\",\"potentialAction\":[{\"@type\":\"CommentAction\",\"name\":\"Comment\",\"target\":[\"https:\/\/www.sonoraenequipo.com.mx\/refrenda-sec-sonora-compromiso-con-la-primera-infancia-y-las-mujeres-trabajadoras-lactantes\/#respond\"]}]},{\"@type\":\"WebPage\",\"@id\":\"https:\/\/www.sonoraenequipo.com.mx\/refrenda-sec-sonora-compromiso-con-la-primera-infancia-y-las-mujeres-trabajadoras-lactantes\/\",\"url\":\"https:\/\/www.sonoraenequipo.com.mx\/refrenda-sec-sonora-compromiso-con-la-primera-infancia-y-las-mujeres-trabajadoras-lactantes\/\",\"name\":\"Sonora en Equipo. Refrenda SEC Sonora compromiso con la primera infancia y las mujeres trabajadoras lactantes Sonora\",\"isPartOf\":{\"@id\":\"https:\/\/www.sonoraenequipo.com.mx\/#website\"},\"primaryImageOfPage\":{\"@id\":\"https:\/\/www.sonoraenequipo.com.mx\/refrenda-sec-sonora-compromiso-con-la-primera-infancia-y-las-mujeres-trabajadoras-lactantes\/#primaryimage\"},\"image\":{\"@id\":\"https:\/\/www.sonoraenequipo.com.mx\/refrenda-sec-sonora-compromiso-con-la-primera-infancia-y-las-mujeres-trabajadoras-lactantes\/#primaryimage\"},\"thumbnailUrl\":\"https:\/\/www.sonoraenequipo.com.mx\/storage\/2024\/08\/lactancia.jpg\",\"datePublished\":\"2024-08-08T01:31:27+00:00\",\"description\":\"HERMOSILLO, SONORA, MX. \u2014 La Secretar\u00eda de Educaci\u00f3n y Cultura (SEC) del Gobierno de Sonora continuar\u00e1 impulsando proyectos que dignifiquen a la mujer, en En Sonora en Equipo publicamos toda la informaci\u00f3n de Sonora, M\u00e9xico y el Mundo de manera oportuna y busca que la libertad de expresi\u00f3n sea real. Visita nuestro medio informativo publicado desde Hermosillo, Sonora. %\",\"breadcrumb\":{\"@id\":\"https:\/\/www.sonoraenequipo.com.mx\/refrenda-sec-sonora-compromiso-con-la-primera-infancia-y-las-mujeres-trabajadoras-lactantes\/#breadcrumb\"},\"inLanguage\":\"es\",\"potentialAction\":[{\"@type\":\"ReadAction\",\"target\":[\"https:\/\/www.sonoraenequipo.com.mx\/refrenda-sec-sonora-compromiso-con-la-primera-infancia-y-las-mujeres-trabajadoras-lactantes\/\"]}]},{\"@type\":\"ImageObject\",\"inLanguage\":\"es\",\"@id\":\"https:\/\/www.sonoraenequipo.com.mx\/refrenda-sec-sonora-compromiso-con-la-primera-infancia-y-las-mujeres-trabajadoras-lactantes\/#primaryimage\",\"url\":\"https:\/\/www.sonoraenequipo.com.mx\/storage\/2024\/08\/lactancia.jpg\",\"contentUrl\":\"https:\/\/www.sonoraenequipo.com.mx\/storage\/2024\/08\/lactancia.jpg\",\"width\":600,\"height\":429},{\"@type\":\"BreadcrumbList\",\"@id\":\"https:\/\/www.sonoraenequipo.com.mx\/refrenda-sec-sonora-compromiso-con-la-primera-infancia-y-las-mujeres-trabajadoras-lactantes\/#breadcrumb\",\"itemListElement\":[{\"@type\":\"ListItem\",\"position\":1,\"name\":\"Portada\",\"item\":\"https:\/\/www.sonoraenequipo.com.mx\/\"},{\"@type\":\"ListItem\",\"position\":2,\"name\":\"Refrenda SEC Sonora compromiso con la primera infancia y las mujeres trabajadoras lactantes\"}]},{\"@type\":\"WebSite\",\"@id\":\"https:\/\/www.sonoraenequipo.com.mx\/#website\",\"url\":\"https:\/\/www.sonoraenequipo.com.mx\/\",\"name\":\"Sonora en Equipo.\",\"description\":\"Diario en l\u00ednea con Noticias desde Hermosillo, Sonora\",\"publisher\":{\"@id\":\"https:\/\/www.sonoraenequipo.com.mx\/#organization\"},\"potentialAction\":[{\"@type\":\"SearchAction\",\"target\":{\"@type\":\"EntryPoint\",\"urlTemplate\":\"https:\/\/www.sonoraenequipo.com.mx\/?s={search_term_string}\"},\"query-input\":{\"@type\":\"PropertyValueSpecification\",\"valueRequired\":true,\"valueName\":\"search_term_string\"}}],\"inLanguage\":\"es\"},{\"@type\":\"Organization\",\"@id\":\"https:\/\/www.sonoraenequipo.com.mx\/#organization\",\"name\":\"Sonoraenequipo.com.mx\",\"url\":\"https:\/\/www.sonoraenequipo.com.mx\/\",\"logo\":{\"@type\":\"ImageObject\",\"inLanguage\":\"es\",\"@id\":\"https:\/\/www.sonoraenequipo.com.mx\/#\/schema\/logo\/image\/\",\"url\":\"https:\/\/www.sonoraenequipo.com.mx\/storage\/2019\/01\/sonoraenequipo_opt.png\",\"contentUrl\":\"https:\/\/www.sonoraenequipo.com.mx\/storage\/2019\/01\/sonoraenequipo_opt.png\",\"width\":375,\"height\":125,\"caption\":\"Sonoraenequipo.com.mx\"},\"image\":{\"@id\":\"https:\/\/www.sonoraenequipo.com.mx\/#\/schema\/logo\/image\/\"},\"sameAs\":[\"https:\/\/www.facebook.com\/SonoraEE\/\",\"https:\/\/x.com\/sonoraenequipo\",\"https:\/\/www.youtube.com\/channel\/UC338nW-lPEYmJQs4ZABQ1SQ\"]},{\"@type\":\"Person\",\"@id\":\"https:\/\/www.sonoraenequipo.com.mx\/#\/schema\/person\/50102df0fb23a8fa9e8effad8fa81386\",\"name\":\"enequipo\",\"image\":{\"@type\":\"ImageObject\",\"inLanguage\":\"es\",\"@id\":\"https:\/\/www.sonoraenequipo.com.mx\/#\/schema\/person\/image\/\",\"url\":\"https:\/\/secure.gravatar.com\/avatar\/049821681b589dabc0bc20695993ccebb09f5b5d4d790cd9251b97faac7c652b?s=96&d=blank&r=g\",\"contentUrl\":\"https:\/\/secure.gravatar.com\/avatar\/049821681b589dabc0bc20695993ccebb09f5b5d4d790cd9251b97faac7c652b?s=96&d=blank&r=g\",\"caption\":\"enequipo\"},\"sameAs\":[\"https:\/\/www.facebook.com\/SonoraEE\"]}]}<\/script>\n ","yoast_head_json":{"title":"Sonora en Equipo. Refrenda SEC Sonora compromiso con la primera infancia y las mujeres trabajadoras lactantes Sonora","description":"HERMOSILLO, SONORA, MX. \u2014 La Secretar\u00eda de Educaci\u00f3n y Cultura (SEC) del Gobierno de Sonora continuar\u00e1 impulsando proyectos que dignifiquen a la mujer, en En Sonora en Equipo publicamos toda la informaci\u00f3n de Sonora, M\u00e9xico y el Mundo de manera oportuna y busca que la libertad de expresi\u00f3n sea real. Visita nuestro medio informativo publicado desde Hermosillo, Sonora. %","robots":{"index":"index","follow":"follow","max-snippet":"max-snippet:-1","max-image-preview":"max-image-preview:large","max-video-preview":"max-video-preview:-1"},"canonical":"https:\/\/www.sonoraenequipo.com.mx\/refrenda-sec-sonora-compromiso-con-la-primera-infancia-y-las-mujeres-trabajadoras-lactantes\/","og_locale":"es_ES","og_type":"article","og_title":"Sonora en Equipo. Refrenda SEC Sonora compromiso con la primera infancia y las mujeres trabajadoras lactantes Sonora","og_description":"HERMOSILLO, SONORA, MX. \u2014 La Secretar\u00eda de Educaci\u00f3n y Cultura (SEC) del Gobierno de Sonora continuar\u00e1 impulsando proyectos que dignifiquen a la mujer, en En Sonora en Equipo publicamos toda la informaci\u00f3n de Sonora, M\u00e9xico y el Mundo de manera oportuna y busca que la libertad de expresi\u00f3n sea real. Visita nuestro medio informativo publicado desde Hermosillo, Sonora. %","og_url":"https:\/\/www.sonoraenequipo.com.mx\/refrenda-sec-sonora-compromiso-con-la-primera-infancia-y-las-mujeres-trabajadoras-lactantes\/","og_site_name":"Sonora en Equipo.","article_publisher":"https:\/\/www.facebook.com\/SonoraEE\/","article_author":"https:\/\/www.facebook.com\/SonoraEE","article_published_time":"2024-08-08T01:31:27+00:00","og_image":[{"width":600,"height":429,"url":"https:\/\/www.sonoraenequipo.com.mx\/storage\/2024\/08\/lactancia.jpg","type":"image\/jpeg"}],"author":"enequipo","twitter_card":"summary_large_image","twitter_creator":"@sonoraenequipo","twitter_site":"@sonoraenequipo","twitter_misc":{"Escrito por":"enequipo","Tiempo de lectura":"1 minuto"},"schema":{"@context":"https:\/\/schema.org","@graph":[{"@type":"Article","@id":"https:\/\/www.sonoraenequipo.com.mx\/refrenda-sec-sonora-compromiso-con-la-primera-infancia-y-las-mujeres-trabajadoras-lactantes\/#article","isPartOf":{"@id":"https:\/\/www.sonoraenequipo.com.mx\/refrenda-sec-sonora-compromiso-con-la-primera-infancia-y-las-mujeres-trabajadoras-lactantes\/"},"author":{"name":"enequipo","@id":"https:\/\/www.sonoraenequipo.com.mx\/#\/schema\/person\/50102df0fb23a8fa9e8effad8fa81386"},"headline":"Refrenda SEC Sonora compromiso con la primera infancia y las mujeres trabajadoras lactantes","datePublished":"2024-08-08T01:31:27+00:00","mainEntityOfPage":{"@id":"https:\/\/www.sonoraenequipo.com.mx\/refrenda-sec-sonora-compromiso-con-la-primera-infancia-y-las-mujeres-trabajadoras-lactantes\/"},"wordCount":263,"commentCount":0,"publisher":{"@id":"https:\/\/www.sonoraenequipo.com.mx\/#organization"},"image":{"@id":"https:\/\/www.sonoraenequipo.com.mx\/refrenda-sec-sonora-compromiso-con-la-primera-infancia-y-las-mujeres-trabajadoras-lactantes\/#primaryimage"},"thumbnailUrl":"https:\/\/www.sonoraenequipo.com.mx\/storage\/2024\/08\/lactancia.jpg","keywords":["LACTANCIA","materna","Sonora"],"articleSection":["Sonora"],"inLanguage":"es","potentialAction":[{"@type":"CommentAction","name":"Comment","target":["https:\/\/www.sonoraenequipo.com.mx\/refrenda-sec-sonora-compromiso-con-la-primera-infancia-y-las-mujeres-trabajadoras-lactantes\/#respond"]}]},{"@type":"WebPage","@id":"https:\/\/www.sonoraenequipo.com.mx\/refrenda-sec-sonora-compromiso-con-la-primera-infancia-y-las-mujeres-trabajadoras-lactantes\/","url":"https:\/\/www.sonoraenequipo.com.mx\/refrenda-sec-sonora-compromiso-con-la-primera-infancia-y-las-mujeres-trabajadoras-lactantes\/","name":"Sonora en Equipo. Refrenda SEC Sonora compromiso con la primera infancia y las mujeres trabajadoras lactantes Sonora","isPartOf":{"@id":"https:\/\/www.sonoraenequipo.com.mx\/#website"},"primaryImageOfPage":{"@id":"https:\/\/www.sonoraenequipo.com.mx\/refrenda-sec-sonora-compromiso-con-la-primera-infancia-y-las-mujeres-trabajadoras-lactantes\/#primaryimage"},"image":{"@id":"https:\/\/www.sonoraenequipo.com.mx\/refrenda-sec-sonora-compromiso-con-la-primera-infancia-y-las-mujeres-trabajadoras-lactantes\/#primaryimage"},"thumbnailUrl":"https:\/\/www.sonoraenequipo.com.mx\/storage\/2024\/08\/lactancia.jpg","datePublished":"2024-08-08T01:31:27+00:00","description":"HERMOSILLO, SONORA, MX. \u2014 La Secretar\u00eda de Educaci\u00f3n y Cultura (SEC) del Gobierno de Sonora continuar\u00e1 impulsando proyectos que dignifiquen a la mujer, en En Sonora en Equipo publicamos toda la informaci\u00f3n de Sonora, M\u00e9xico y el Mundo de manera oportuna y busca que la libertad de expresi\u00f3n sea real. Visita nuestro medio informativo publicado desde Hermosillo, Sonora. %","breadcrumb":{"@id":"https:\/\/www.sonoraenequipo.com.mx\/refrenda-sec-sonora-compromiso-con-la-primera-infancia-y-las-mujeres-trabajadoras-lactantes\/#breadcrumb"},"inLanguage":"es","potentialAction":[{"@type":"ReadAction","target":["https:\/\/www.sonoraenequipo.com.mx\/refrenda-sec-sonora-compromiso-con-la-primera-infancia-y-las-mujeres-trabajadoras-lactantes\/"]}]},{"@type":"ImageObject","inLanguage":"es","@id":"https:\/\/www.sonoraenequipo.com.mx\/refrenda-sec-sonora-compromiso-con-la-primera-infancia-y-las-mujeres-trabajadoras-lactantes\/#primaryimage","url":"https:\/\/www.sonoraenequipo.com.mx\/storage\/2024\/08\/lactancia.jpg","contentUrl":"https:\/\/www.sonoraenequipo.com.mx\/storage\/2024\/08\/lactancia.jpg","width":600,"height":429},{"@type":"BreadcrumbList","@id":"https:\/\/www.sonoraenequipo.com.mx\/refrenda-sec-sonora-compromiso-con-la-primera-infancia-y-las-mujeres-trabajadoras-lactantes\/#breadcrumb","itemListElement":[{"@type":"ListItem","position":1,"name":"Portada","item":"https:\/\/www.sonoraenequipo.com.mx\/"},{"@type":"ListItem","position":2,"name":"Refrenda SEC Sonora compromiso con la primera infancia y las mujeres trabajadoras lactantes"}]},{"@type":"WebSite","@id":"https:\/\/www.sonoraenequipo.com.mx\/#website","url":"https:\/\/www.sonoraenequipo.com.mx\/","name":"Sonora en Equipo.","description":"Diario en l\u00ednea con Noticias desde Hermosillo, Sonora","publisher":{"@id":"https:\/\/www.sonoraenequipo.com.mx\/#organization"},"potentialAction":[{"@type":"SearchAction","target":{"@type":"EntryPoint","urlTemplate":"https:\/\/www.sonoraenequipo.com.mx\/?s={search_term_string}"},"query-input":{"@type":"PropertyValueSpecification","valueRequired":true,"valueName":"search_term_string"}}],"inLanguage":"es"},{"@type":"Organization","@id":"https:\/\/www.sonoraenequipo.com.mx\/#organization","name":"Sonoraenequipo.com.mx","url":"https:\/\/www.sonoraenequipo.com.mx\/","logo":{"@type":"ImageObject","inLanguage":"es","@id":"https:\/\/www.sonoraenequipo.com.mx\/#\/schema\/logo\/image\/","url":"https:\/\/www.sonoraenequipo.com.mx\/storage\/2019\/01\/sonoraenequipo_opt.png","contentUrl":"https:\/\/www.sonoraenequipo.com.mx\/storage\/2019\/01\/sonoraenequipo_opt.png","width":375,"height":125,"caption":"Sonoraenequipo.com.mx"},"image":{"@id":"https:\/\/www.sonoraenequipo.com.mx\/#\/schema\/logo\/image\/"},"sameAs":["https:\/\/www.facebook.com\/SonoraEE\/","https:\/\/x.com\/sonoraenequipo","https:\/\/www.youtube.com\/channel\/UC338nW-lPEYmJQs4ZABQ1SQ"]},{"@type":"Person","@id":"https:\/\/www.sonoraenequipo.com.mx\/#\/schema\/person\/50102df0fb23a8fa9e8effad8fa81386","name":"enequipo","image":{"@type":"ImageObject","inLanguage":"es","@id":"https:\/\/www.sonoraenequipo.com.mx\/#\/schema\/person\/image\/","url":"https:\/\/secure.gravatar.com\/avatar\/049821681b589dabc0bc20695993ccebb09f5b5d4d790cd9251b97faac7c652b?s=96&d=blank&r=g","contentUrl":"https:\/\/secure.gravatar.com\/avatar\/049821681b589dabc0bc20695993ccebb09f5b5d4d790cd9251b97faac7c652b?s=96&d=blank&r=g","caption":"enequipo"},"sameAs":["https:\/\/www.facebook.com\/SonoraEE"]}]}},"jetpack_featured_media_url":"https:\/\/www.sonoraenequipo.com.mx\/storage\/2024\/08\/lactancia.jpg","_links":{"self":[{"href":"https:\/\/www.sonoraenequipo.com.mx\/api\/wp\/v2\/posts\/196336","targetHints":{"allow":["GET"]}}],"collection":[{"href":"https:\/\/www.sonoraenequipo.com.mx\/api\/wp\/v2\/posts"}],"about":[{"href":"https:\/\/www.sonoraenequipo.com.mx\/api\/wp\/v2\/types\/post"}],"author":[{"embeddable":true,"href":"https:\/\/www.sonoraenequipo.com.mx\/api\/wp\/v2\/users\/1"}],"replies":[{"embeddable":true,"href":"https:\/\/www.sonoraenequipo.com.mx\/api\/wp\/v2\/comments?post=196336"}],"version-history":[{"count":1,"href":"https:\/\/www.sonoraenequipo.com.mx\/api\/wp\/v2\/posts\/196336\/revisions"}],"predecessor-version":[{"id":196338,"href":"https:\/\/www.sonoraenequipo.com.mx\/api\/wp\/v2\/posts\/196336\/revisions\/196338"}],"wp:featuredmedia":[{"embeddable":true,"href":"https:\/\/www.sonoraenequipo.com.mx\/api\/wp\/v2\/media\/196337"}],"wp:attachment":[{"href":"https:\/\/www.sonoraenequipo.com.mx\/api\/wp\/v2\/media?parent=196336"}],"wp:term":[{"taxonomy":"category","embeddable":true,"href":"https:\/\/www.sonoraenequipo.com.mx\/api\/wp\/v2\/categories?post=196336"},{"taxonomy":"post_tag","embeddable":true,"href":"https:\/\/www.sonoraenequipo.com.mx\/api\/wp\/v2\/tags?post=196336"}],"curies":[{"name":"wp","href":"https:\/\/api.w.org\/{rel}","templated":true}]}}