{"id":196342,"date":"2024-08-07T19:45:20","date_gmt":"2024-08-08T02:45:20","guid":{"rendered":"https:\/\/www.sonoraenequipo.com.mx\/?p=196342"},"modified":"2024-08-07T19:45:20","modified_gmt":"2024-08-08T02:45:20","slug":"presenta-sectur-sonora-amplio-calendario-de-eventos-del-mes-de-agosto","status":"publish","type":"post","link":"https:\/\/www.sonoraenequipo.com.mx\/presenta-sectur-sonora-amplio-calendario-de-eventos-del-mes-de-agosto\/","title":{"rendered":"Presenta Sectur Sonora amplio calendario de eventos del mes de agosto"},"content":{"rendered":"<p><strong>HERMOSILLO, SONORA, MX.<\/strong> \u2014En agosto las y los sonorenses podr\u00e1n visitar los municipios de Guaymas, Hu\u00e9pac, Bacerac, Hu\u00e1sabas, Naco, N\u00e1cori Chico, Nogales, \u00c1lamos y Puerto Pe\u00f1asco, para disfrutar de m\u00faltiples eventos promovidos por el Gobierno de Sonora, a trav\u00e9s de la Secretar\u00eda de Turismo (Sectur).<\/p>\n<p>&nbsp;<\/p>\n<p>&nbsp;<\/p>\n<p>&nbsp;<\/p>\n<p>La dependencia estatal hizo una atenta invitaci\u00f3n a la ciudadan\u00eda sonorense a disfrutar en familia de las actividades deportivas y culturales que los ayuntamientos y organizadores ofrecen en este mes.<\/p>\n<p>&nbsp;<\/p>\n<p>&nbsp;<\/p>\n<p>&nbsp;<\/p>\n<p>Entre los eventos que se dieron a conocer se encuentran las Fiestas Patronales de San Lorenzo, del 08 al 11 de agosto en Hu\u00e9pac; Fiestas Patronales de Bacerac del 15 al 17 de agosto; Fiestas Patronales de Hu\u00e1sabas del 15 al 17 de agosto; Fiestas de Agosto, Tradici\u00f3n Que Une Fronteras, del 22 al 25 de agosto en Naco y Fiestas Patronales de N\u00e1cori Chico, del 28 al 01 de septiembre.<\/p>\n<p>&nbsp;<\/p>\n<p>&nbsp;<\/p>\n<p>&nbsp;<\/p>\n<p>As\u00ed mismo tambi\u00e9n se present\u00f3 la Expo Bacanora 2024, el 30 y 31 de agosto en Nogales; la Traves\u00eda M\u00e9xico Norte del 29 al 31 de agosto en \u00c1lamos; Cruce de Bah\u00eda Miramar, el 08 de septiembre en Guaymas y el Off Road Proyecto X Rocky Point Girls en Puerto Pe\u00f1asco.<\/p>\n<p>&nbsp;<\/p>\n<p>&nbsp;<\/p>\n<p>&nbsp;<\/p>\n<p>El secretario de Turismo de Sonora, Roberto Gradillas Pineda, coment\u00f3 que, en coordinaci\u00f3n con los alcaldes, se esta trabajando en encontrar el perfil tur\u00edstico que tiene cada uno de los 72 municipios, con el fin de ofrecer una gran experiencia y una oferta que permita generar una derrama econ\u00f3mica importante en beneficio de las familias sonorenses.<\/p>\n<p>&nbsp;<\/p>\n<p>&nbsp;<\/p>\n<p>&nbsp;<\/p>\n<p>\u201cQuiero agradecer al gobernador Alfonso Durazo, por su gran compromiso y empe\u00f1o para fomentar, promover y posicionar a Sonora como un estado sumamente importante en materia tur\u00edstica de talla nacional e internacional\u201d, resalt\u00f3 Gradillas Pineda.<\/p>\n<p>&nbsp;<\/p>\n<p>&nbsp;<\/p>\n<p>&nbsp;<\/p>\n<p>Adem\u00e1s, en rueda de prensa, se hizo entrega de los premios de primer y segundo lugar a los ganadores del Campeonato de Pesca Deportiva, por parte de la Asociaci\u00f3n Sonorense de Pesca Deportiva.<\/p>\n<p><strong>Fecha de publicaci\u00f3n mi\u00e9rcoles 7 de agosto de 2024<\/strong><\/p>\n<p>&nbsp;<\/p>\n","protected":false},"excerpt":{"rendered":"<p>HERMOSILLO, SONORA, MX. \u2014En agosto las y los sonorenses podr\u00e1n visitar los municipios de Guaymas,&#8230;<\/p>\n","protected":false},"author":1,"featured_media":196343,"comment_status":"open","ping_status":"open","sticky":false,"template":"","format":"standard","meta":{"_monsterinsights_skip_tracking":false,"_monsterinsights_sitenote_active":false,"_monsterinsights_sitenote_note":"","_monsterinsights_sitenote_category":0,"footnotes":""},"categories":[22],"tags":[2789,15,706],"class_list":["post"],"yoast_head":" \n<title>Sonora en Equipo. Presenta Sectur Sonora amplio calendario de eventos del mes de agosto Sonora<\/title>\n<meta name=\"description\" content=\"HERMOSILLO, SONORA, MX. \u2014En agosto las y los sonorenses podr\u00e1n visitar los municipios de Guaymas, Hu\u00e9pac, Bacerac, Hu\u00e1sabas, Naco, N\u00e1cori Chico, Nogales, En Sonora en Equipo publicamos toda la informaci\u00f3n de Sonora, M\u00e9xico y el Mundo de manera oportuna y busca que la libertad de expresi\u00f3n sea real. Visita nuestro medio informativo publicado desde Hermosillo, Sonora. %\" \/>\n<meta name=\"robots\" content=\"index, follow, max-snippet:-1, max-image-preview:large, max-video-preview:-1\" \/>\n<link rel=\"canonical\" href=\"https:\/\/www.sonoraenequipo.com.mx\/presenta-sectur-sonora-amplio-calendario-de-eventos-del-mes-de-agosto\/\" \/>\n<meta property=\"og:locale\" content=\"es_ES\" \/>\n<meta property=\"og:type\" content=\"article\" \/>\n<meta property=\"og:title\" content=\"Sonora en Equipo. Presenta Sectur Sonora amplio calendario de eventos del mes de agosto Sonora\" \/>\n<meta property=\"og:description\" content=\"HERMOSILLO, SONORA, MX. \u2014En agosto las y los sonorenses podr\u00e1n visitar los municipios de Guaymas, Hu\u00e9pac, Bacerac, Hu\u00e1sabas, Naco, N\u00e1cori Chico, Nogales, En Sonora en Equipo publicamos toda la informaci\u00f3n de Sonora, M\u00e9xico y el Mundo de manera oportuna y busca que la libertad de expresi\u00f3n sea real. Visita nuestro medio informativo publicado desde Hermosillo, Sonora. %\" \/>\n<meta property=\"og:url\" content=\"https:\/\/www.sonoraenequipo.com.mx\/presenta-sectur-sonora-amplio-calendario-de-eventos-del-mes-de-agosto\/\" \/>\n<meta property=\"og:site_name\" content=\"Sonora en Equipo.\" \/>\n<meta property=\"article:publisher\" content=\"https:\/\/www.facebook.com\/SonoraEE\/\" \/>\n<meta property=\"article:author\" content=\"https:\/\/www.facebook.com\/SonoraEE\" \/>\n<meta property=\"article:published_time\" content=\"2024-08-08T02:45:20+00:00\" \/>\n<meta property=\"og:image\" content=\"https:\/\/www.sonoraenequipo.com.mx\/storage\/2024\/08\/turismo.jpg\" \/>\n\t<meta property=\"og:image:width\" content=\"600\" \/>\n\t<meta property=\"og:image:height\" content=\"400\" \/>\n\t<meta property=\"og:image:type\" content=\"image\/jpeg\" \/>\n<meta name=\"author\" content=\"enequipo\" \/>\n<meta name=\"twitter:card\" content=\"summary_large_image\" \/>\n<meta name=\"twitter:creator\" content=\"@sonoraenequipo\" \/>\n<meta name=\"twitter:site\" content=\"@sonoraenequipo\" \/>\n<meta name=\"twitter:label1\" content=\"Escrito por\" \/>\n\t<meta name=\"twitter:data1\" content=\"enequipo\" \/>\n\t<meta name=\"twitter:label2\" content=\"Tiempo de lectura\" \/>\n\t<meta name=\"twitter:data2\" content=\"2 minutos\" \/>\n<script type=\"application\/ld+json\" class=\"yoast-schema-graph\">{\"@context\":\"https:\/\/schema.org\",\"@graph\":[{\"@type\":\"Article\",\"@id\":\"https:\/\/www.sonoraenequipo.com.mx\/presenta-sectur-sonora-amplio-calendario-de-eventos-del-mes-de-agosto\/#article\",\"isPartOf\":{\"@id\":\"https:\/\/www.sonoraenequipo.com.mx\/presenta-sectur-sonora-amplio-calendario-de-eventos-del-mes-de-agosto\/\"},\"author\":{\"name\":\"enequipo\",\"@id\":\"https:\/\/www.sonoraenequipo.com.mx\/#\/schema\/person\/50102df0fb23a8fa9e8effad8fa81386\"},\"headline\":\"Presenta Sectur Sonora amplio calendario de eventos del mes de agosto\",\"datePublished\":\"2024-08-08T02:45:20+00:00\",\"mainEntityOfPage\":{\"@id\":\"https:\/\/www.sonoraenequipo.com.mx\/presenta-sectur-sonora-amplio-calendario-de-eventos-del-mes-de-agosto\/\"},\"wordCount\":369,\"commentCount\":0,\"publisher\":{\"@id\":\"https:\/\/www.sonoraenequipo.com.mx\/#organization\"},\"image\":{\"@id\":\"https:\/\/www.sonoraenequipo.com.mx\/presenta-sectur-sonora-amplio-calendario-de-eventos-del-mes-de-agosto\/#primaryimage\"},\"thumbnailUrl\":\"https:\/\/www.sonoraenequipo.com.mx\/storage\/2024\/08\/turismo.jpg\",\"keywords\":[\"Calendario\",\"Sonora\",\"turismo\"],\"articleSection\":[\"Sonora\"],\"inLanguage\":\"es\",\"potentialAction\":[{\"@type\":\"CommentAction\",\"name\":\"Comment\",\"target\":[\"https:\/\/www.sonoraenequipo.com.mx\/presenta-sectur-sonora-amplio-calendario-de-eventos-del-mes-de-agosto\/#respond\"]}]},{\"@type\":\"WebPage\",\"@id\":\"https:\/\/www.sonoraenequipo.com.mx\/presenta-sectur-sonora-amplio-calendario-de-eventos-del-mes-de-agosto\/\",\"url\":\"https:\/\/www.sonoraenequipo.com.mx\/presenta-sectur-sonora-amplio-calendario-de-eventos-del-mes-de-agosto\/\",\"name\":\"Sonora en Equipo. Presenta Sectur Sonora amplio calendario de eventos del mes de agosto Sonora\",\"isPartOf\":{\"@id\":\"https:\/\/www.sonoraenequipo.com.mx\/#website\"},\"primaryImageOfPage\":{\"@id\":\"https:\/\/www.sonoraenequipo.com.mx\/presenta-sectur-sonora-amplio-calendario-de-eventos-del-mes-de-agosto\/#primaryimage\"},\"image\":{\"@id\":\"https:\/\/www.sonoraenequipo.com.mx\/presenta-sectur-sonora-amplio-calendario-de-eventos-del-mes-de-agosto\/#primaryimage\"},\"thumbnailUrl\":\"https:\/\/www.sonoraenequipo.com.mx\/storage\/2024\/08\/turismo.jpg\",\"datePublished\":\"2024-08-08T02:45:20+00:00\",\"description\":\"HERMOSILLO, SONORA, MX. \u2014En agosto las y los sonorenses podr\u00e1n visitar los municipios de Guaymas, Hu\u00e9pac, Bacerac, Hu\u00e1sabas, Naco, N\u00e1cori Chico, Nogales, En Sonora en Equipo publicamos toda la informaci\u00f3n de Sonora, M\u00e9xico y el Mundo de manera oportuna y busca que la libertad de expresi\u00f3n sea real. Visita nuestro medio informativo publicado desde Hermosillo, Sonora. %\",\"breadcrumb\":{\"@id\":\"https:\/\/www.sonoraenequipo.com.mx\/presenta-sectur-sonora-amplio-calendario-de-eventos-del-mes-de-agosto\/#breadcrumb\"},\"inLanguage\":\"es\",\"potentialAction\":[{\"@type\":\"ReadAction\",\"target\":[\"https:\/\/www.sonoraenequipo.com.mx\/presenta-sectur-sonora-amplio-calendario-de-eventos-del-mes-de-agosto\/\"]}]},{\"@type\":\"ImageObject\",\"inLanguage\":\"es\",\"@id\":\"https:\/\/www.sonoraenequipo.com.mx\/presenta-sectur-sonora-amplio-calendario-de-eventos-del-mes-de-agosto\/#primaryimage\",\"url\":\"https:\/\/www.sonoraenequipo.com.mx\/storage\/2024\/08\/turismo.jpg\",\"contentUrl\":\"https:\/\/www.sonoraenequipo.com.mx\/storage\/2024\/08\/turismo.jpg\",\"width\":600,\"height\":400},{\"@type\":\"BreadcrumbList\",\"@id\":\"https:\/\/www.sonoraenequipo.com.mx\/presenta-sectur-sonora-amplio-calendario-de-eventos-del-mes-de-agosto\/#breadcrumb\",\"itemListElement\":[{\"@type\":\"ListItem\",\"position\":1,\"name\":\"Portada\",\"item\":\"https:\/\/www.sonoraenequipo.com.mx\/\"},{\"@type\":\"ListItem\",\"position\":2,\"name\":\"Presenta Sectur Sonora amplio calendario de eventos del mes de agosto\"}]},{\"@type\":\"WebSite\",\"@id\":\"https:\/\/www.sonoraenequipo.com.mx\/#website\",\"url\":\"https:\/\/www.sonoraenequipo.com.mx\/\",\"name\":\"Sonora en Equipo.\",\"description\":\"Diario en l\u00ednea con Noticias desde Hermosillo, Sonora\",\"publisher\":{\"@id\":\"https:\/\/www.sonoraenequipo.com.mx\/#organization\"},\"potentialAction\":[{\"@type\":\"SearchAction\",\"target\":{\"@type\":\"EntryPoint\",\"urlTemplate\":\"https:\/\/www.sonoraenequipo.com.mx\/?s={search_term_string}\"},\"query-input\":{\"@type\":\"PropertyValueSpecification\",\"valueRequired\":true,\"valueName\":\"search_term_string\"}}],\"inLanguage\":\"es\"},{\"@type\":\"Organization\",\"@id\":\"https:\/\/www.sonoraenequipo.com.mx\/#organization\",\"name\":\"Sonoraenequipo.com.mx\",\"url\":\"https:\/\/www.sonoraenequipo.com.mx\/\",\"logo\":{\"@type\":\"ImageObject\",\"inLanguage\":\"es\",\"@id\":\"https:\/\/www.sonoraenequipo.com.mx\/#\/schema\/logo\/image\/\",\"url\":\"https:\/\/www.sonoraenequipo.com.mx\/storage\/2019\/01\/sonoraenequipo_opt.png\",\"contentUrl\":\"https:\/\/www.sonoraenequipo.com.mx\/storage\/2019\/01\/sonoraenequipo_opt.png\",\"width\":375,\"height\":125,\"caption\":\"Sonoraenequipo.com.mx\"},\"image\":{\"@id\":\"https:\/\/www.sonoraenequipo.com.mx\/#\/schema\/logo\/image\/\"},\"sameAs\":[\"https:\/\/www.facebook.com\/SonoraEE\/\",\"https:\/\/x.com\/sonoraenequipo\",\"https:\/\/www.youtube.com\/channel\/UC338nW-lPEYmJQs4ZABQ1SQ\"]},{\"@type\":\"Person\",\"@id\":\"https:\/\/www.sonoraenequipo.com.mx\/#\/schema\/person\/50102df0fb23a8fa9e8effad8fa81386\",\"name\":\"enequipo\",\"image\":{\"@type\":\"ImageObject\",\"inLanguage\":\"es\",\"@id\":\"https:\/\/www.sonoraenequipo.com.mx\/#\/schema\/person\/image\/\",\"url\":\"https:\/\/secure.gravatar.com\/avatar\/049821681b589dabc0bc20695993ccebb09f5b5d4d790cd9251b97faac7c652b?s=96&d=blank&r=g\",\"contentUrl\":\"https:\/\/secure.gravatar.com\/avatar\/049821681b589dabc0bc20695993ccebb09f5b5d4d790cd9251b97faac7c652b?s=96&d=blank&r=g\",\"caption\":\"enequipo\"},\"sameAs\":[\"https:\/\/www.facebook.com\/SonoraEE\"]}]}<\/script>\n ","yoast_head_json":{"title":"Sonora en Equipo. Presenta Sectur Sonora amplio calendario de eventos del mes de agosto Sonora","description":"HERMOSILLO, SONORA, MX. \u2014En agosto las y los sonorenses podr\u00e1n visitar los municipios de Guaymas, Hu\u00e9pac, Bacerac, Hu\u00e1sabas, Naco, N\u00e1cori Chico, Nogales, En Sonora en Equipo publicamos toda la informaci\u00f3n de Sonora, M\u00e9xico y el Mundo de manera oportuna y busca que la libertad de expresi\u00f3n sea real. Visita nuestro medio informativo publicado desde Hermosillo, Sonora. %","robots":{"index":"index","follow":"follow","max-snippet":"max-snippet:-1","max-image-preview":"max-image-preview:large","max-video-preview":"max-video-preview:-1"},"canonical":"https:\/\/www.sonoraenequipo.com.mx\/presenta-sectur-sonora-amplio-calendario-de-eventos-del-mes-de-agosto\/","og_locale":"es_ES","og_type":"article","og_title":"Sonora en Equipo. Presenta Sectur Sonora amplio calendario de eventos del mes de agosto Sonora","og_description":"HERMOSILLO, SONORA, MX. \u2014En agosto las y los sonorenses podr\u00e1n visitar los municipios de Guaymas, Hu\u00e9pac, Bacerac, Hu\u00e1sabas, Naco, N\u00e1cori Chico, Nogales, En Sonora en Equipo publicamos toda la informaci\u00f3n de Sonora, M\u00e9xico y el Mundo de manera oportuna y busca que la libertad de expresi\u00f3n sea real. Visita nuestro medio informativo publicado desde Hermosillo, Sonora. %","og_url":"https:\/\/www.sonoraenequipo.com.mx\/presenta-sectur-sonora-amplio-calendario-de-eventos-del-mes-de-agosto\/","og_site_name":"Sonora en Equipo.","article_publisher":"https:\/\/www.facebook.com\/SonoraEE\/","article_author":"https:\/\/www.facebook.com\/SonoraEE","article_published_time":"2024-08-08T02:45:20+00:00","og_image":[{"width":600,"height":400,"url":"https:\/\/www.sonoraenequipo.com.mx\/storage\/2024\/08\/turismo.jpg","type":"image\/jpeg"}],"author":"enequipo","twitter_card":"summary_large_image","twitter_creator":"@sonoraenequipo","twitter_site":"@sonoraenequipo","twitter_misc":{"Escrito por":"enequipo","Tiempo de lectura":"2 minutos"},"schema":{"@context":"https:\/\/schema.org","@graph":[{"@type":"Article","@id":"https:\/\/www.sonoraenequipo.com.mx\/presenta-sectur-sonora-amplio-calendario-de-eventos-del-mes-de-agosto\/#article","isPartOf":{"@id":"https:\/\/www.sonoraenequipo.com.mx\/presenta-sectur-sonora-amplio-calendario-de-eventos-del-mes-de-agosto\/"},"author":{"name":"enequipo","@id":"https:\/\/www.sonoraenequipo.com.mx\/#\/schema\/person\/50102df0fb23a8fa9e8effad8fa81386"},"headline":"Presenta Sectur Sonora amplio calendario de eventos del mes de agosto","datePublished":"2024-08-08T02:45:20+00:00","mainEntityOfPage":{"@id":"https:\/\/www.sonoraenequipo.com.mx\/presenta-sectur-sonora-amplio-calendario-de-eventos-del-mes-de-agosto\/"},"wordCount":369,"commentCount":0,"publisher":{"@id":"https:\/\/www.sonoraenequipo.com.mx\/#organization"},"image":{"@id":"https:\/\/www.sonoraenequipo.com.mx\/presenta-sectur-sonora-amplio-calendario-de-eventos-del-mes-de-agosto\/#primaryimage"},"thumbnailUrl":"https:\/\/www.sonoraenequipo.com.mx\/storage\/2024\/08\/turismo.jpg","keywords":["Calendario","Sonora","turismo"],"articleSection":["Sonora"],"inLanguage":"es","potentialAction":[{"@type":"CommentAction","name":"Comment","target":["https:\/\/www.sonoraenequipo.com.mx\/presenta-sectur-sonora-amplio-calendario-de-eventos-del-mes-de-agosto\/#respond"]}]},{"@type":"WebPage","@id":"https:\/\/www.sonoraenequipo.com.mx\/presenta-sectur-sonora-amplio-calendario-de-eventos-del-mes-de-agosto\/","url":"https:\/\/www.sonoraenequipo.com.mx\/presenta-sectur-sonora-amplio-calendario-de-eventos-del-mes-de-agosto\/","name":"Sonora en Equipo. Presenta Sectur Sonora amplio calendario de eventos del mes de agosto Sonora","isPartOf":{"@id":"https:\/\/www.sonoraenequipo.com.mx\/#website"},"primaryImageOfPage":{"@id":"https:\/\/www.sonoraenequipo.com.mx\/presenta-sectur-sonora-amplio-calendario-de-eventos-del-mes-de-agosto\/#primaryimage"},"image":{"@id":"https:\/\/www.sonoraenequipo.com.mx\/presenta-sectur-sonora-amplio-calendario-de-eventos-del-mes-de-agosto\/#primaryimage"},"thumbnailUrl":"https:\/\/www.sonoraenequipo.com.mx\/storage\/2024\/08\/turismo.jpg","datePublished":"2024-08-08T02:45:20+00:00","description":"HERMOSILLO, SONORA, MX. \u2014En agosto las y los sonorenses podr\u00e1n visitar los municipios de Guaymas, Hu\u00e9pac, Bacerac, Hu\u00e1sabas, Naco, N\u00e1cori Chico, Nogales, En Sonora en Equipo publicamos toda la informaci\u00f3n de Sonora, M\u00e9xico y el Mundo de manera oportuna y busca que la libertad de expresi\u00f3n sea real. Visita nuestro medio informativo publicado desde Hermosillo, Sonora. %","breadcrumb":{"@id":"https:\/\/www.sonoraenequipo.com.mx\/presenta-sectur-sonora-amplio-calendario-de-eventos-del-mes-de-agosto\/#breadcrumb"},"inLanguage":"es","potentialAction":[{"@type":"ReadAction","target":["https:\/\/www.sonoraenequipo.com.mx\/presenta-sectur-sonora-amplio-calendario-de-eventos-del-mes-de-agosto\/"]}]},{"@type":"ImageObject","inLanguage":"es","@id":"https:\/\/www.sonoraenequipo.com.mx\/presenta-sectur-sonora-amplio-calendario-de-eventos-del-mes-de-agosto\/#primaryimage","url":"https:\/\/www.sonoraenequipo.com.mx\/storage\/2024\/08\/turismo.jpg","contentUrl":"https:\/\/www.sonoraenequipo.com.mx\/storage\/2024\/08\/turismo.jpg","width":600,"height":400},{"@type":"BreadcrumbList","@id":"https:\/\/www.sonoraenequipo.com.mx\/presenta-sectur-sonora-amplio-calendario-de-eventos-del-mes-de-agosto\/#breadcrumb","itemListElement":[{"@type":"ListItem","position":1,"name":"Portada","item":"https:\/\/www.sonoraenequipo.com.mx\/"},{"@type":"ListItem","position":2,"name":"Presenta Sectur Sonora amplio calendario de eventos del mes de agosto"}]},{"@type":"WebSite","@id":"https:\/\/www.sonoraenequipo.com.mx\/#website","url":"https:\/\/www.sonoraenequipo.com.mx\/","name":"Sonora en Equipo.","description":"Diario en l\u00ednea con Noticias desde Hermosillo, Sonora","publisher":{"@id":"https:\/\/www.sonoraenequipo.com.mx\/#organization"},"potentialAction":[{"@type":"SearchAction","target":{"@type":"EntryPoint","urlTemplate":"https:\/\/www.sonoraenequipo.com.mx\/?s={search_term_string}"},"query-input":{"@type":"PropertyValueSpecification","valueRequired":true,"valueName":"search_term_string"}}],"inLanguage":"es"},{"@type":"Organization","@id":"https:\/\/www.sonoraenequipo.com.mx\/#organization","name":"Sonoraenequipo.com.mx","url":"https:\/\/www.sonoraenequipo.com.mx\/","logo":{"@type":"ImageObject","inLanguage":"es","@id":"https:\/\/www.sonoraenequipo.com.mx\/#\/schema\/logo\/image\/","url":"https:\/\/www.sonoraenequipo.com.mx\/storage\/2019\/01\/sonoraenequipo_opt.png","contentUrl":"https:\/\/www.sonoraenequipo.com.mx\/storage\/2019\/01\/sonoraenequipo_opt.png","width":375,"height":125,"caption":"Sonoraenequipo.com.mx"},"image":{"@id":"https:\/\/www.sonoraenequipo.com.mx\/#\/schema\/logo\/image\/"},"sameAs":["https:\/\/www.facebook.com\/SonoraEE\/","https:\/\/x.com\/sonoraenequipo","https:\/\/www.youtube.com\/channel\/UC338nW-lPEYmJQs4ZABQ1SQ"]},{"@type":"Person","@id":"https:\/\/www.sonoraenequipo.com.mx\/#\/schema\/person\/50102df0fb23a8fa9e8effad8fa81386","name":"enequipo","image":{"@type":"ImageObject","inLanguage":"es","@id":"https:\/\/www.sonoraenequipo.com.mx\/#\/schema\/person\/image\/","url":"https:\/\/secure.gravatar.com\/avatar\/049821681b589dabc0bc20695993ccebb09f5b5d4d790cd9251b97faac7c652b?s=96&d=blank&r=g","contentUrl":"https:\/\/secure.gravatar.com\/avatar\/049821681b589dabc0bc20695993ccebb09f5b5d4d790cd9251b97faac7c652b?s=96&d=blank&r=g","caption":"enequipo"},"sameAs":["https:\/\/www.facebook.com\/SonoraEE"]}]}},"jetpack_featured_media_url":"https:\/\/www.sonoraenequipo.com.mx\/storage\/2024\/08\/turismo.jpg","_links":{"self":[{"href":"https:\/\/www.sonoraenequipo.com.mx\/api\/wp\/v2\/posts\/196342","targetHints":{"allow":["GET"]}}],"collection":[{"href":"https:\/\/www.sonoraenequipo.com.mx\/api\/wp\/v2\/posts"}],"about":[{"href":"https:\/\/www.sonoraenequipo.com.mx\/api\/wp\/v2\/types\/post"}],"author":[{"embeddable":true,"href":"https:\/\/www.sonoraenequipo.com.mx\/api\/wp\/v2\/users\/1"}],"replies":[{"embeddable":true,"href":"https:\/\/www.sonoraenequipo.com.mx\/api\/wp\/v2\/comments?post=196342"}],"version-history":[{"count":1,"href":"https:\/\/www.sonoraenequipo.com.mx\/api\/wp\/v2\/posts\/196342\/revisions"}],"predecessor-version":[{"id":196344,"href":"https:\/\/www.sonoraenequipo.com.mx\/api\/wp\/v2\/posts\/196342\/revisions\/196344"}],"wp:featuredmedia":[{"embeddable":true,"href":"https:\/\/www.sonoraenequipo.com.mx\/api\/wp\/v2\/media\/196343"}],"wp:attachment":[{"href":"https:\/\/www.sonoraenequipo.com.mx\/api\/wp\/v2\/media?parent=196342"}],"wp:term":[{"taxonomy":"category","embeddable":true,"href":"https:\/\/www.sonoraenequipo.com.mx\/api\/wp\/v2\/categories?post=196342"},{"taxonomy":"post_tag","embeddable":true,"href":"https:\/\/www.sonoraenequipo.com.mx\/api\/wp\/v2\/tags?post=196342"}],"curies":[{"name":"wp","href":"https:\/\/api.w.org\/{rel}","templated":true}]}}