{"id":196357,"date":"2024-08-07T21:33:18","date_gmt":"2024-08-08T04:33:18","guid":{"rendered":"https:\/\/www.sonoraenequipo.com.mx\/?p=196357"},"modified":"2024-08-07T21:36:59","modified_gmt":"2024-08-08T04:36:59","slug":"retrasan-fecha-sobre-inmunidad-presidencial-en-el-caso-de-donald-trump","status":"publish","type":"post","link":"https:\/\/www.sonoraenequipo.com.mx\/retrasan-fecha-sobre-inmunidad-presidencial-en-el-caso-de-donald-trump\/","title":{"rendered":"Retrasan fecha sobre inmunidad presidencial en el caso de Donald Trump"},"content":{"rendered":"<p><strong>NUEVA YORK, ESTADOS UNIDOS. \u2014 <\/strong>El juez que preside el caso donde Donald Trump fue hallado culpable de hacer pagos para ocultar denuncias en su contra, retras\u00f3 la fecha para emitir un fallo clave sobre la inmunidad presidencial hasta dos d\u00edas antes de la fecha programada para dictar una sentencia al magnate.<\/p>\n<p> <br \/>\nLa decisi\u00f3n sobre la inmunidad estaba programada para el 6 de septiembre, mientras que la sentencia por la compra de silencio se pronunciar\u00eda el 18 del mismo mes. Pero los abogados de Trump le pidieron la semana pasada al juez Juan M. Merchan que decidiera primero sobre su renovada solicitud para hacer que el magistrado se retire del caso.<\/p>\n<p>En una carta divulgada, Merchan pospuso la decisi\u00f3n sobre la inmunidad hasta el 16 de septiembre, si es que a\u00fan se requiere una vez que \u00e9l decida la pr\u00f3xima semana si se recusa del caso.<\/p>\n<p>Merchan dijo que el candidato presidencial republicano a\u00fan debe comparecer ante el tribunal el 18 de septiembre para <strong><em>\u201cla imposici\u00f3n de sentencia u otros procedimientos, seg\u00fan resulte apropiado\u201d.<\/em><\/strong><\/p>\n<p>El abogado de Trump, Todd Blanche, y la oficina del fiscal de distrito de Manhattan, que procesa el caso, se negaron a hacer comentarios.<\/p>\n<p>En mayo, un jurado de Manhattan encontr\u00f3 culpable a Trump de falsificar documentos empresariales con el fin de ocultar arreglos para comprar el silencio de la actriz porno Stormy Daniels poco antes de la elecci\u00f3n de 2016. En aquel momento, ella consideraba la posibilidad de hacer p\u00fablica una historia sobre un encuentro sexual que tuvo con Trump una d\u00e9cada antes.<\/p>\n<p>El magnate niega la afirmaci\u00f3n de Daniels, sostiene que \u00e9l no hizo nada malo, y dice que el caso tiene motivaciones pol\u00edticas. El fiscal de distrito de Manhattan, Alvin Bragg, es de tendencia dem\u00f3crata.<\/p>\n<p>Los abogados de Trump dicen ahora que la decisi\u00f3n emitida en julio por la Corte Suprema sobre la inmunidad presidencial justifica la revocaci\u00f3n del veredicto emitido en mayo, as\u00ed como la total desestimaci\u00f3n de las acusaciones de realizar pagos para ocultar informaci\u00f3n que enfrenta Trump. La defensa tambi\u00e9n afirma que el juicio estuvo \u201ccontaminado\u201d con pruebas que no debieron permitirse seg\u00fan la decisi\u00f3n del m\u00e1ximo tribunal, como el testimonio de varios miembros del personal de Trump en la Casa Blanca, as\u00ed como publicaciones de Twitter que hizo mientras era presidente en 2018.<\/p>\n<p>El fallo del m\u00e1ximo tribunal impide someter a juicio a expresidentes debido a actos oficiales y restringe la capacidad de la fiscal\u00eda para se\u00f1alar actos oficiales como pruebas de que los actos no oficiales del comandante en jefe fueron ilegales.<\/p>\n<p>La fiscal\u00eda de distrito de Manhattan sostiene que la opini\u00f3n del m\u00e1ximo tribunal \u201cno tiene relaci\u00f3n\u201d con el caso de los pagos para ocultar informaci\u00f3n debido a que se relaciona con actos no oficiales, con respecto a los cuales el expresidente no es inmune.<\/p>\n<p>Mientras tanto, la semana pasada, los abogados de Trump pidieron por tercera vez a Merchan que se retirara del caso, diciendo que el trabajo de su hija en la campa\u00f1a de la vicepresidenta Kamala Harris en 2020 destaca las preguntas sobre su capacidad de mostrarse imparcial. Harris fue nominada ayer oficialmente como candidata dem\u00f3crata a la presidencia.<\/p>\n<p>Merchan rechaz\u00f3 el a\u00f1o pasado dos solicitudes previas de recusaci\u00f3n, diciendo que las preocupaciones de la defensa eran \u201chipot\u00e9ticas\u201d y estaban basadas en <em><strong>\u201cinsinuaciones\u201d y en \u201cespeculaci\u00f3n sin bases\u201d.<\/strong><\/em><\/p>\n<p>Blanche, el abogado de Trump, afirma que la incorporaci\u00f3n de Harris en la contienda presidencial hace que todos esos temas sean <strong><em>\u201ca\u00fan m\u00e1s concretos\u201d<\/em> <\/strong>y dijo que el juez no los hab\u00eda abordado con suficiente detalle.<\/p>\n<p>PUBLICADO EL 07 AGOSTO DE 2024 Con informaci\u00f3n de AP)<\/p>\n","protected":false},"excerpt":{"rendered":"<p>NUEVA YORK, ESTADOS UNIDOS. \u2014 El juez que preside el caso donde Donald Trump fue&#8230;<\/p>\n","protected":false},"author":1,"featured_media":196294,"comment_status":"open","ping_status":"open","sticky":false,"template":"","format":"standard","meta":{"_monsterinsights_skip_tracking":false,"_monsterinsights_sitenote_active":false,"_monsterinsights_sitenote_note":"","_monsterinsights_sitenote_category":0,"footnotes":""},"categories":[3],"tags":[],"class_list":["post"],"yoast_head":" \n<title>Sonora en Equipo. Retrasan fecha sobre inmunidad presidencial en el caso de Donald Trump MUNDO<\/title>\n<meta name=\"description\" content=\"NUEVA YORK, ESTADOS UNIDOS. \u2014 El juez que preside el caso donde Donald Trump fue hallado culpable de hacer pagos para ocultar denuncias en su contra, En Sonora en Equipo publicamos toda la informaci\u00f3n de Sonora, M\u00e9xico y el Mundo de manera oportuna y busca que la libertad de expresi\u00f3n sea real. Visita nuestro medio informativo publicado desde Hermosillo, Sonora. %\" \/>\n<meta name=\"robots\" content=\"index, follow, max-snippet:-1, max-image-preview:large, max-video-preview:-1\" \/>\n<link rel=\"canonical\" href=\"https:\/\/www.sonoraenequipo.com.mx\/retrasan-fecha-sobre-inmunidad-presidencial-en-el-caso-de-donald-trump\/\" \/>\n<meta property=\"og:locale\" content=\"es_ES\" \/>\n<meta property=\"og:type\" content=\"article\" \/>\n<meta property=\"og:title\" content=\"Sonora en Equipo. Retrasan fecha sobre inmunidad presidencial en el caso de Donald Trump MUNDO\" \/>\n<meta property=\"og:description\" content=\"NUEVA YORK, ESTADOS UNIDOS. \u2014 El juez que preside el caso donde Donald Trump fue hallado culpable de hacer pagos para ocultar denuncias en su contra, En Sonora en Equipo publicamos toda la informaci\u00f3n de Sonora, M\u00e9xico y el Mundo de manera oportuna y busca que la libertad de expresi\u00f3n sea real. Visita nuestro medio informativo publicado desde Hermosillo, Sonora. %\" \/>\n<meta property=\"og:url\" content=\"https:\/\/www.sonoraenequipo.com.mx\/retrasan-fecha-sobre-inmunidad-presidencial-en-el-caso-de-donald-trump\/\" \/>\n<meta property=\"og:site_name\" content=\"Sonora en Equipo.\" \/>\n<meta property=\"article:publisher\" content=\"https:\/\/www.facebook.com\/SonoraEE\/\" \/>\n<meta property=\"article:author\" content=\"https:\/\/www.facebook.com\/SonoraEE\" \/>\n<meta property=\"article:published_time\" content=\"2024-08-08T04:33:18+00:00\" \/>\n<meta property=\"article:modified_time\" content=\"2024-08-08T04:36:59+00:00\" \/>\n<meta property=\"og:image\" content=\"https:\/\/www.sonoraenequipo.com.mx\/storage\/2024\/08\/donald-trump-min.jpg\" \/>\n\t<meta property=\"og:image:width\" content=\"900\" \/>\n\t<meta property=\"og:image:height\" content=\"599\" \/>\n\t<meta property=\"og:image:type\" content=\"image\/jpeg\" \/>\n<meta name=\"author\" content=\"enequipo\" \/>\n<meta name=\"twitter:card\" content=\"summary_large_image\" \/>\n<meta name=\"twitter:creator\" content=\"@sonoraenequipo\" \/>\n<meta name=\"twitter:site\" content=\"@sonoraenequipo\" \/>\n<meta name=\"twitter:label1\" content=\"Escrito por\" \/>\n\t<meta name=\"twitter:data1\" content=\"enequipo\" \/>\n\t<meta name=\"twitter:label2\" content=\"Tiempo de lectura\" \/>\n\t<meta name=\"twitter:data2\" content=\"3 minutos\" \/>\n<script type=\"application\/ld+json\" class=\"yoast-schema-graph\">{\"@context\":\"https:\/\/schema.org\",\"@graph\":[{\"@type\":\"Article\",\"@id\":\"https:\/\/www.sonoraenequipo.com.mx\/retrasan-fecha-sobre-inmunidad-presidencial-en-el-caso-de-donald-trump\/#article\",\"isPartOf\":{\"@id\":\"https:\/\/www.sonoraenequipo.com.mx\/retrasan-fecha-sobre-inmunidad-presidencial-en-el-caso-de-donald-trump\/\"},\"author\":{\"name\":\"enequipo\",\"@id\":\"https:\/\/www.sonoraenequipo.com.mx\/#\/schema\/person\/50102df0fb23a8fa9e8effad8fa81386\"},\"headline\":\"Retrasan fecha sobre inmunidad presidencial en el caso de Donald Trump\",\"datePublished\":\"2024-08-08T04:33:18+00:00\",\"dateModified\":\"2024-08-08T04:36:59+00:00\",\"mainEntityOfPage\":{\"@id\":\"https:\/\/www.sonoraenequipo.com.mx\/retrasan-fecha-sobre-inmunidad-presidencial-en-el-caso-de-donald-trump\/\"},\"wordCount\":643,\"commentCount\":0,\"publisher\":{\"@id\":\"https:\/\/www.sonoraenequipo.com.mx\/#organization\"},\"image\":{\"@id\":\"https:\/\/www.sonoraenequipo.com.mx\/retrasan-fecha-sobre-inmunidad-presidencial-en-el-caso-de-donald-trump\/#primaryimage\"},\"thumbnailUrl\":\"https:\/\/www.sonoraenequipo.com.mx\/storage\/2024\/08\/donald-trump-min.jpg\",\"articleSection\":[\"MUNDO\"],\"inLanguage\":\"es\",\"potentialAction\":[{\"@type\":\"CommentAction\",\"name\":\"Comment\",\"target\":[\"https:\/\/www.sonoraenequipo.com.mx\/retrasan-fecha-sobre-inmunidad-presidencial-en-el-caso-de-donald-trump\/#respond\"]}]},{\"@type\":\"WebPage\",\"@id\":\"https:\/\/www.sonoraenequipo.com.mx\/retrasan-fecha-sobre-inmunidad-presidencial-en-el-caso-de-donald-trump\/\",\"url\":\"https:\/\/www.sonoraenequipo.com.mx\/retrasan-fecha-sobre-inmunidad-presidencial-en-el-caso-de-donald-trump\/\",\"name\":\"Sonora en Equipo. Retrasan fecha sobre inmunidad presidencial en el caso de Donald Trump MUNDO\",\"isPartOf\":{\"@id\":\"https:\/\/www.sonoraenequipo.com.mx\/#website\"},\"primaryImageOfPage\":{\"@id\":\"https:\/\/www.sonoraenequipo.com.mx\/retrasan-fecha-sobre-inmunidad-presidencial-en-el-caso-de-donald-trump\/#primaryimage\"},\"image\":{\"@id\":\"https:\/\/www.sonoraenequipo.com.mx\/retrasan-fecha-sobre-inmunidad-presidencial-en-el-caso-de-donald-trump\/#primaryimage\"},\"thumbnailUrl\":\"https:\/\/www.sonoraenequipo.com.mx\/storage\/2024\/08\/donald-trump-min.jpg\",\"datePublished\":\"2024-08-08T04:33:18+00:00\",\"dateModified\":\"2024-08-08T04:36:59+00:00\",\"description\":\"NUEVA YORK, ESTADOS UNIDOS. \u2014 El juez que preside el caso donde Donald Trump fue hallado culpable de hacer pagos para ocultar denuncias en su contra, En Sonora en Equipo publicamos toda la informaci\u00f3n de Sonora, M\u00e9xico y el Mundo de manera oportuna y busca que la libertad de expresi\u00f3n sea real. Visita nuestro medio informativo publicado desde Hermosillo, Sonora. %\",\"breadcrumb\":{\"@id\":\"https:\/\/www.sonoraenequipo.com.mx\/retrasan-fecha-sobre-inmunidad-presidencial-en-el-caso-de-donald-trump\/#breadcrumb\"},\"inLanguage\":\"es\",\"potentialAction\":[{\"@type\":\"ReadAction\",\"target\":[\"https:\/\/www.sonoraenequipo.com.mx\/retrasan-fecha-sobre-inmunidad-presidencial-en-el-caso-de-donald-trump\/\"]}]},{\"@type\":\"ImageObject\",\"inLanguage\":\"es\",\"@id\":\"https:\/\/www.sonoraenequipo.com.mx\/retrasan-fecha-sobre-inmunidad-presidencial-en-el-caso-de-donald-trump\/#primaryimage\",\"url\":\"https:\/\/www.sonoraenequipo.com.mx\/storage\/2024\/08\/donald-trump-min.jpg\",\"contentUrl\":\"https:\/\/www.sonoraenequipo.com.mx\/storage\/2024\/08\/donald-trump-min.jpg\",\"width\":900,\"height\":599},{\"@type\":\"BreadcrumbList\",\"@id\":\"https:\/\/www.sonoraenequipo.com.mx\/retrasan-fecha-sobre-inmunidad-presidencial-en-el-caso-de-donald-trump\/#breadcrumb\",\"itemListElement\":[{\"@type\":\"ListItem\",\"position\":1,\"name\":\"Portada\",\"item\":\"https:\/\/www.sonoraenequipo.com.mx\/\"},{\"@type\":\"ListItem\",\"position\":2,\"name\":\"Retrasan fecha sobre inmunidad presidencial en el caso de Donald Trump\"}]},{\"@type\":\"WebSite\",\"@id\":\"https:\/\/www.sonoraenequipo.com.mx\/#website\",\"url\":\"https:\/\/www.sonoraenequipo.com.mx\/\",\"name\":\"Sonora en Equipo.\",\"description\":\"Diario en l\u00ednea con Noticias desde Hermosillo, Sonora\",\"publisher\":{\"@id\":\"https:\/\/www.sonoraenequipo.com.mx\/#organization\"},\"potentialAction\":[{\"@type\":\"SearchAction\",\"target\":{\"@type\":\"EntryPoint\",\"urlTemplate\":\"https:\/\/www.sonoraenequipo.com.mx\/?s={search_term_string}\"},\"query-input\":{\"@type\":\"PropertyValueSpecification\",\"valueRequired\":true,\"valueName\":\"search_term_string\"}}],\"inLanguage\":\"es\"},{\"@type\":\"Organization\",\"@id\":\"https:\/\/www.sonoraenequipo.com.mx\/#organization\",\"name\":\"Sonoraenequipo.com.mx\",\"url\":\"https:\/\/www.sonoraenequipo.com.mx\/\",\"logo\":{\"@type\":\"ImageObject\",\"inLanguage\":\"es\",\"@id\":\"https:\/\/www.sonoraenequipo.com.mx\/#\/schema\/logo\/image\/\",\"url\":\"https:\/\/www.sonoraenequipo.com.mx\/storage\/2019\/01\/sonoraenequipo_opt.png\",\"contentUrl\":\"https:\/\/www.sonoraenequipo.com.mx\/storage\/2019\/01\/sonoraenequipo_opt.png\",\"width\":375,\"height\":125,\"caption\":\"Sonoraenequipo.com.mx\"},\"image\":{\"@id\":\"https:\/\/www.sonoraenequipo.com.mx\/#\/schema\/logo\/image\/\"},\"sameAs\":[\"https:\/\/www.facebook.com\/SonoraEE\/\",\"https:\/\/x.com\/sonoraenequipo\",\"https:\/\/www.youtube.com\/channel\/UC338nW-lPEYmJQs4ZABQ1SQ\"]},{\"@type\":\"Person\",\"@id\":\"https:\/\/www.sonoraenequipo.com.mx\/#\/schema\/person\/50102df0fb23a8fa9e8effad8fa81386\",\"name\":\"enequipo\",\"image\":{\"@type\":\"ImageObject\",\"inLanguage\":\"es\",\"@id\":\"https:\/\/www.sonoraenequipo.com.mx\/#\/schema\/person\/image\/\",\"url\":\"https:\/\/secure.gravatar.com\/avatar\/049821681b589dabc0bc20695993ccebb09f5b5d4d790cd9251b97faac7c652b?s=96&d=blank&r=g\",\"contentUrl\":\"https:\/\/secure.gravatar.com\/avatar\/049821681b589dabc0bc20695993ccebb09f5b5d4d790cd9251b97faac7c652b?s=96&d=blank&r=g\",\"caption\":\"enequipo\"},\"sameAs\":[\"https:\/\/www.facebook.com\/SonoraEE\"]}]}<\/script>\n ","yoast_head_json":{"title":"Sonora en Equipo. Retrasan fecha sobre inmunidad presidencial en el caso de Donald Trump MUNDO","description":"NUEVA YORK, ESTADOS UNIDOS. \u2014 El juez que preside el caso donde Donald Trump fue hallado culpable de hacer pagos para ocultar denuncias en su contra, En Sonora en Equipo publicamos toda la informaci\u00f3n de Sonora, M\u00e9xico y el Mundo de manera oportuna y busca que la libertad de expresi\u00f3n sea real. Visita nuestro medio informativo publicado desde Hermosillo, Sonora. %","robots":{"index":"index","follow":"follow","max-snippet":"max-snippet:-1","max-image-preview":"max-image-preview:large","max-video-preview":"max-video-preview:-1"},"canonical":"https:\/\/www.sonoraenequipo.com.mx\/retrasan-fecha-sobre-inmunidad-presidencial-en-el-caso-de-donald-trump\/","og_locale":"es_ES","og_type":"article","og_title":"Sonora en Equipo. Retrasan fecha sobre inmunidad presidencial en el caso de Donald Trump MUNDO","og_description":"NUEVA YORK, ESTADOS UNIDOS. \u2014 El juez que preside el caso donde Donald Trump fue hallado culpable de hacer pagos para ocultar denuncias en su contra, En Sonora en Equipo publicamos toda la informaci\u00f3n de Sonora, M\u00e9xico y el Mundo de manera oportuna y busca que la libertad de expresi\u00f3n sea real. Visita nuestro medio informativo publicado desde Hermosillo, Sonora. %","og_url":"https:\/\/www.sonoraenequipo.com.mx\/retrasan-fecha-sobre-inmunidad-presidencial-en-el-caso-de-donald-trump\/","og_site_name":"Sonora en Equipo.","article_publisher":"https:\/\/www.facebook.com\/SonoraEE\/","article_author":"https:\/\/www.facebook.com\/SonoraEE","article_published_time":"2024-08-08T04:33:18+00:00","article_modified_time":"2024-08-08T04:36:59+00:00","og_image":[{"width":900,"height":599,"url":"https:\/\/www.sonoraenequipo.com.mx\/storage\/2024\/08\/donald-trump-min.jpg","type":"image\/jpeg"}],"author":"enequipo","twitter_card":"summary_large_image","twitter_creator":"@sonoraenequipo","twitter_site":"@sonoraenequipo","twitter_misc":{"Escrito por":"enequipo","Tiempo de lectura":"3 minutos"},"schema":{"@context":"https:\/\/schema.org","@graph":[{"@type":"Article","@id":"https:\/\/www.sonoraenequipo.com.mx\/retrasan-fecha-sobre-inmunidad-presidencial-en-el-caso-de-donald-trump\/#article","isPartOf":{"@id":"https:\/\/www.sonoraenequipo.com.mx\/retrasan-fecha-sobre-inmunidad-presidencial-en-el-caso-de-donald-trump\/"},"author":{"name":"enequipo","@id":"https:\/\/www.sonoraenequipo.com.mx\/#\/schema\/person\/50102df0fb23a8fa9e8effad8fa81386"},"headline":"Retrasan fecha sobre inmunidad presidencial en el caso de Donald Trump","datePublished":"2024-08-08T04:33:18+00:00","dateModified":"2024-08-08T04:36:59+00:00","mainEntityOfPage":{"@id":"https:\/\/www.sonoraenequipo.com.mx\/retrasan-fecha-sobre-inmunidad-presidencial-en-el-caso-de-donald-trump\/"},"wordCount":643,"commentCount":0,"publisher":{"@id":"https:\/\/www.sonoraenequipo.com.mx\/#organization"},"image":{"@id":"https:\/\/www.sonoraenequipo.com.mx\/retrasan-fecha-sobre-inmunidad-presidencial-en-el-caso-de-donald-trump\/#primaryimage"},"thumbnailUrl":"https:\/\/www.sonoraenequipo.com.mx\/storage\/2024\/08\/donald-trump-min.jpg","articleSection":["MUNDO"],"inLanguage":"es","potentialAction":[{"@type":"CommentAction","name":"Comment","target":["https:\/\/www.sonoraenequipo.com.mx\/retrasan-fecha-sobre-inmunidad-presidencial-en-el-caso-de-donald-trump\/#respond"]}]},{"@type":"WebPage","@id":"https:\/\/www.sonoraenequipo.com.mx\/retrasan-fecha-sobre-inmunidad-presidencial-en-el-caso-de-donald-trump\/","url":"https:\/\/www.sonoraenequipo.com.mx\/retrasan-fecha-sobre-inmunidad-presidencial-en-el-caso-de-donald-trump\/","name":"Sonora en Equipo. Retrasan fecha sobre inmunidad presidencial en el caso de Donald Trump MUNDO","isPartOf":{"@id":"https:\/\/www.sonoraenequipo.com.mx\/#website"},"primaryImageOfPage":{"@id":"https:\/\/www.sonoraenequipo.com.mx\/retrasan-fecha-sobre-inmunidad-presidencial-en-el-caso-de-donald-trump\/#primaryimage"},"image":{"@id":"https:\/\/www.sonoraenequipo.com.mx\/retrasan-fecha-sobre-inmunidad-presidencial-en-el-caso-de-donald-trump\/#primaryimage"},"thumbnailUrl":"https:\/\/www.sonoraenequipo.com.mx\/storage\/2024\/08\/donald-trump-min.jpg","datePublished":"2024-08-08T04:33:18+00:00","dateModified":"2024-08-08T04:36:59+00:00","description":"NUEVA YORK, ESTADOS UNIDOS. \u2014 El juez que preside el caso donde Donald Trump fue hallado culpable de hacer pagos para ocultar denuncias en su contra, En Sonora en Equipo publicamos toda la informaci\u00f3n de Sonora, M\u00e9xico y el Mundo de manera oportuna y busca que la libertad de expresi\u00f3n sea real. Visita nuestro medio informativo publicado desde Hermosillo, Sonora. %","breadcrumb":{"@id":"https:\/\/www.sonoraenequipo.com.mx\/retrasan-fecha-sobre-inmunidad-presidencial-en-el-caso-de-donald-trump\/#breadcrumb"},"inLanguage":"es","potentialAction":[{"@type":"ReadAction","target":["https:\/\/www.sonoraenequipo.com.mx\/retrasan-fecha-sobre-inmunidad-presidencial-en-el-caso-de-donald-trump\/"]}]},{"@type":"ImageObject","inLanguage":"es","@id":"https:\/\/www.sonoraenequipo.com.mx\/retrasan-fecha-sobre-inmunidad-presidencial-en-el-caso-de-donald-trump\/#primaryimage","url":"https:\/\/www.sonoraenequipo.com.mx\/storage\/2024\/08\/donald-trump-min.jpg","contentUrl":"https:\/\/www.sonoraenequipo.com.mx\/storage\/2024\/08\/donald-trump-min.jpg","width":900,"height":599},{"@type":"BreadcrumbList","@id":"https:\/\/www.sonoraenequipo.com.mx\/retrasan-fecha-sobre-inmunidad-presidencial-en-el-caso-de-donald-trump\/#breadcrumb","itemListElement":[{"@type":"ListItem","position":1,"name":"Portada","item":"https:\/\/www.sonoraenequipo.com.mx\/"},{"@type":"ListItem","position":2,"name":"Retrasan fecha sobre inmunidad presidencial en el caso de Donald Trump"}]},{"@type":"WebSite","@id":"https:\/\/www.sonoraenequipo.com.mx\/#website","url":"https:\/\/www.sonoraenequipo.com.mx\/","name":"Sonora en Equipo.","description":"Diario en l\u00ednea con Noticias desde Hermosillo, Sonora","publisher":{"@id":"https:\/\/www.sonoraenequipo.com.mx\/#organization"},"potentialAction":[{"@type":"SearchAction","target":{"@type":"EntryPoint","urlTemplate":"https:\/\/www.sonoraenequipo.com.mx\/?s={search_term_string}"},"query-input":{"@type":"PropertyValueSpecification","valueRequired":true,"valueName":"search_term_string"}}],"inLanguage":"es"},{"@type":"Organization","@id":"https:\/\/www.sonoraenequipo.com.mx\/#organization","name":"Sonoraenequipo.com.mx","url":"https:\/\/www.sonoraenequipo.com.mx\/","logo":{"@type":"ImageObject","inLanguage":"es","@id":"https:\/\/www.sonoraenequipo.com.mx\/#\/schema\/logo\/image\/","url":"https:\/\/www.sonoraenequipo.com.mx\/storage\/2019\/01\/sonoraenequipo_opt.png","contentUrl":"https:\/\/www.sonoraenequipo.com.mx\/storage\/2019\/01\/sonoraenequipo_opt.png","width":375,"height":125,"caption":"Sonoraenequipo.com.mx"},"image":{"@id":"https:\/\/www.sonoraenequipo.com.mx\/#\/schema\/logo\/image\/"},"sameAs":["https:\/\/www.facebook.com\/SonoraEE\/","https:\/\/x.com\/sonoraenequipo","https:\/\/www.youtube.com\/channel\/UC338nW-lPEYmJQs4ZABQ1SQ"]},{"@type":"Person","@id":"https:\/\/www.sonoraenequipo.com.mx\/#\/schema\/person\/50102df0fb23a8fa9e8effad8fa81386","name":"enequipo","image":{"@type":"ImageObject","inLanguage":"es","@id":"https:\/\/www.sonoraenequipo.com.mx\/#\/schema\/person\/image\/","url":"https:\/\/secure.gravatar.com\/avatar\/049821681b589dabc0bc20695993ccebb09f5b5d4d790cd9251b97faac7c652b?s=96&d=blank&r=g","contentUrl":"https:\/\/secure.gravatar.com\/avatar\/049821681b589dabc0bc20695993ccebb09f5b5d4d790cd9251b97faac7c652b?s=96&d=blank&r=g","caption":"enequipo"},"sameAs":["https:\/\/www.facebook.com\/SonoraEE"]}]}},"jetpack_featured_media_url":"https:\/\/www.sonoraenequipo.com.mx\/storage\/2024\/08\/donald-trump-min.jpg","_links":{"self":[{"href":"https:\/\/www.sonoraenequipo.com.mx\/api\/wp\/v2\/posts\/196357","targetHints":{"allow":["GET"]}}],"collection":[{"href":"https:\/\/www.sonoraenequipo.com.mx\/api\/wp\/v2\/posts"}],"about":[{"href":"https:\/\/www.sonoraenequipo.com.mx\/api\/wp\/v2\/types\/post"}],"author":[{"embeddable":true,"href":"https:\/\/www.sonoraenequipo.com.mx\/api\/wp\/v2\/users\/1"}],"replies":[{"embeddable":true,"href":"https:\/\/www.sonoraenequipo.com.mx\/api\/wp\/v2\/comments?post=196357"}],"version-history":[{"count":2,"href":"https:\/\/www.sonoraenequipo.com.mx\/api\/wp\/v2\/posts\/196357\/revisions"}],"predecessor-version":[{"id":196361,"href":"https:\/\/www.sonoraenequipo.com.mx\/api\/wp\/v2\/posts\/196357\/revisions\/196361"}],"wp:featuredmedia":[{"embeddable":true,"href":"https:\/\/www.sonoraenequipo.com.mx\/api\/wp\/v2\/media\/196294"}],"wp:attachment":[{"href":"https:\/\/www.sonoraenequipo.com.mx\/api\/wp\/v2\/media?parent=196357"}],"wp:term":[{"taxonomy":"category","embeddable":true,"href":"https:\/\/www.sonoraenequipo.com.mx\/api\/wp\/v2\/categories?post=196357"},{"taxonomy":"post_tag","embeddable":true,"href":"https:\/\/www.sonoraenequipo.com.mx\/api\/wp\/v2\/tags?post=196357"}],"curies":[{"name":"wp","href":"https:\/\/api.w.org\/{rel}","templated":true}]}}