{"id":196369,"date":"2024-08-08T07:41:30","date_gmt":"2024-08-08T14:41:30","guid":{"rendered":"https:\/\/www.sonoraenequipo.com.mx\/?p=196369"},"modified":"2024-08-08T07:41:30","modified_gmt":"2024-08-08T14:41:30","slug":"beneficia-ssp-a-ninez-de-sectores-focalizados-con-campamentos-de-verano-2024","status":"publish","type":"post","link":"https:\/\/www.sonoraenequipo.com.mx\/beneficia-ssp-a-ninez-de-sectores-focalizados-con-campamentos-de-verano-2024\/","title":{"rendered":"Beneficia SSP a ni\u00f1ez de sectores focalizados con Campamentos de Verano 2024"},"content":{"rendered":"<p><strong>HERMOSILLO, SONORA, MX.<\/strong> \u2014 La Secretar\u00eda de Seguridad P\u00fablica (SSP) de Sonora acerca a la ni\u00f1ez de colonias con incidencia delictiva de Hermosillo, Cajeme, Guaymas y San Luis R\u00edo Colorado los Campamentos de Verano 2024, mediante los cuales brinda opciones para optimizar el tiempo en estas vacaciones.<\/p>\n<p>&nbsp;<\/p>\n<p>&nbsp;<\/p>\n<p>&nbsp;<\/p>\n<p>Rita Olivia Burgos Villaescusa, coordinadora estatal del Centro de Prevenci\u00f3n del Delito y Participaci\u00f3n Ciudadana de la SSP, explic\u00f3 que el prop\u00f3sito de estos espacios de esparcimiento es mantener a las y los m\u00e1s peque\u00f1os del hogar en actividades proactivas, en las que jueguen y aprendan.<\/p>\n<p>&nbsp;<\/p>\n<p>&nbsp;<\/p>\n<p>&nbsp;<\/p>\n<p>Indic\u00f3 que desde el 5 y hasta el 9 de agosto, la dependencia lleva a cabo la segunda etapa de los campamentos para beneficiar a las ni\u00f1as y ni\u00f1os que viven en colonias focalizadas en la colonia Hermosillo, Cajeme, Guaymas y San Luis R\u00edo Colorado con actividades recreativas, deportivas y pl\u00e1ticas informativas sobre prevenci\u00f3n de delitos.<\/p>\n<p>&nbsp;<\/p>\n<p>&nbsp;<\/p>\n<p>&nbsp;<\/p>\n<p>En coordinaci\u00f3n con la Secretar\u00eda de Educaci\u00f3n y Cultura dijo, los campamentos se llevan a cabo en planteles educativos en horario de 9:00 a 11:00 horas<\/p>\n<p>&nbsp;<\/p>\n<p>&nbsp;<\/p>\n<p>&nbsp;<\/p>\n<p>El personal de la SSP mencion\u00f3, imparte pl\u00e1ticas informativas sobre c\u00f3mo prevenir la violencia en sus diferentes manifestaciones, funci\u00f3n de las l\u00edneas 9-1-1 para reportar emergencias 9-1-1 y 089 para denuncia an\u00f3nima de delitos. De igual forma, elementos de Polic\u00eda Estatal conviven con las y los menores a quienes explican su importante labor para brindarles seguridad.<\/p>\n<p>&nbsp;<\/p>\n<p>&nbsp;<\/p>\n<p>&nbsp;<\/p>\n<p>Record\u00f3 que en la primera etapa de los campamentos que se llev\u00f3 a cabo el pasado mes de julio, se logr\u00f3 beneficiar a m\u00e1s de mil 500 ni\u00f1as y ni\u00f1os sonorenses.<\/p>\n<p><strong>Fecha de publicaci\u00f3n jueves 8 de agosto de 2024<\/strong><\/p>\n<p>&nbsp;<\/p>\n","protected":false},"excerpt":{"rendered":"<p>HERMOSILLO, SONORA, MX. \u2014 La Secretar\u00eda de Seguridad P\u00fablica (SSP) de Sonora acerca a la&#8230;<\/p>\n","protected":false},"author":1,"featured_media":196370,"comment_status":"open","ping_status":"open","sticky":false,"template":"","format":"standard","meta":{"_monsterinsights_skip_tracking":false,"_monsterinsights_sitenote_active":false,"_monsterinsights_sitenote_note":"","_monsterinsights_sitenote_category":0,"footnotes":""},"categories":[22],"tags":[8601,4718,3271],"class_list":["post"],"yoast_head":" \n<title>Sonora en Equipo. Beneficia SSP a ni\u00f1ez de sectores focalizados con Campamentos de Verano 2024 Sonora<\/title>\n<meta name=\"description\" content=\"HERMOSILLO, SONORA, MX. \u2014 La Secretar\u00eda de Seguridad P\u00fablica (SSP) de Sonora acerca a la ni\u00f1ez de colonias con incidencia delictiva de Hermosillo, Cajeme, En Sonora en Equipo publicamos toda la informaci\u00f3n de Sonora, M\u00e9xico y el Mundo de manera oportuna y busca que la libertad de expresi\u00f3n sea real. Visita nuestro medio informativo publicado desde Hermosillo, Sonora. %\" \/>\n<meta name=\"robots\" content=\"index, follow, max-snippet:-1, max-image-preview:large, max-video-preview:-1\" \/>\n<link rel=\"canonical\" href=\"https:\/\/www.sonoraenequipo.com.mx\/beneficia-ssp-a-ninez-de-sectores-focalizados-con-campamentos-de-verano-2024\/\" \/>\n<meta property=\"og:locale\" content=\"es_ES\" \/>\n<meta property=\"og:type\" content=\"article\" \/>\n<meta property=\"og:title\" content=\"Sonora en Equipo. Beneficia SSP a ni\u00f1ez de sectores focalizados con Campamentos de Verano 2024 Sonora\" \/>\n<meta property=\"og:description\" content=\"HERMOSILLO, SONORA, MX. \u2014 La Secretar\u00eda de Seguridad P\u00fablica (SSP) de Sonora acerca a la ni\u00f1ez de colonias con incidencia delictiva de Hermosillo, Cajeme, En Sonora en Equipo publicamos toda la informaci\u00f3n de Sonora, M\u00e9xico y el Mundo de manera oportuna y busca que la libertad de expresi\u00f3n sea real. Visita nuestro medio informativo publicado desde Hermosillo, Sonora. %\" \/>\n<meta property=\"og:url\" content=\"https:\/\/www.sonoraenequipo.com.mx\/beneficia-ssp-a-ninez-de-sectores-focalizados-con-campamentos-de-verano-2024\/\" \/>\n<meta property=\"og:site_name\" content=\"Sonora en Equipo.\" \/>\n<meta property=\"article:publisher\" content=\"https:\/\/www.facebook.com\/SonoraEE\/\" \/>\n<meta property=\"article:author\" content=\"https:\/\/www.facebook.com\/SonoraEE\" \/>\n<meta property=\"article:published_time\" content=\"2024-08-08T14:41:30+00:00\" \/>\n<meta property=\"og:image\" content=\"https:\/\/www.sonoraenequipo.com.mx\/storage\/2024\/08\/pespcampamentos-verano.jpg\" \/>\n\t<meta property=\"og:image:width\" content=\"600\" \/>\n\t<meta property=\"og:image:height\" content=\"450\" \/>\n\t<meta property=\"og:image:type\" content=\"image\/jpeg\" \/>\n<meta name=\"author\" content=\"enequipo\" \/>\n<meta name=\"twitter:card\" content=\"summary_large_image\" \/>\n<meta name=\"twitter:creator\" content=\"@sonoraenequipo\" \/>\n<meta name=\"twitter:site\" content=\"@sonoraenequipo\" \/>\n<meta name=\"twitter:label1\" content=\"Escrito por\" \/>\n\t<meta name=\"twitter:data1\" content=\"enequipo\" \/>\n\t<meta name=\"twitter:label2\" content=\"Tiempo de lectura\" \/>\n\t<meta name=\"twitter:data2\" content=\"2 minutos\" \/>\n<script type=\"application\/ld+json\" class=\"yoast-schema-graph\">{\"@context\":\"https:\/\/schema.org\",\"@graph\":[{\"@type\":\"Article\",\"@id\":\"https:\/\/www.sonoraenequipo.com.mx\/beneficia-ssp-a-ninez-de-sectores-focalizados-con-campamentos-de-verano-2024\/#article\",\"isPartOf\":{\"@id\":\"https:\/\/www.sonoraenequipo.com.mx\/beneficia-ssp-a-ninez-de-sectores-focalizados-con-campamentos-de-verano-2024\/\"},\"author\":{\"name\":\"enequipo\",\"@id\":\"https:\/\/www.sonoraenequipo.com.mx\/#\/schema\/person\/50102df0fb23a8fa9e8effad8fa81386\"},\"headline\":\"Beneficia SSP a ni\u00f1ez de sectores focalizados con Campamentos de Verano 2024\",\"datePublished\":\"2024-08-08T14:41:30+00:00\",\"mainEntityOfPage\":{\"@id\":\"https:\/\/www.sonoraenequipo.com.mx\/beneficia-ssp-a-ninez-de-sectores-focalizados-con-campamentos-de-verano-2024\/\"},\"wordCount\":318,\"commentCount\":0,\"publisher\":{\"@id\":\"https:\/\/www.sonoraenequipo.com.mx\/#organization\"},\"image\":{\"@id\":\"https:\/\/www.sonoraenequipo.com.mx\/beneficia-ssp-a-ninez-de-sectores-focalizados-con-campamentos-de-verano-2024\/#primaryimage\"},\"thumbnailUrl\":\"https:\/\/www.sonoraenequipo.com.mx\/storage\/2024\/08\/pespcampamentos-verano.jpg\",\"keywords\":[\"campamento\",\"ssp\",\"VERANO\"],\"articleSection\":[\"Sonora\"],\"inLanguage\":\"es\",\"potentialAction\":[{\"@type\":\"CommentAction\",\"name\":\"Comment\",\"target\":[\"https:\/\/www.sonoraenequipo.com.mx\/beneficia-ssp-a-ninez-de-sectores-focalizados-con-campamentos-de-verano-2024\/#respond\"]}]},{\"@type\":\"WebPage\",\"@id\":\"https:\/\/www.sonoraenequipo.com.mx\/beneficia-ssp-a-ninez-de-sectores-focalizados-con-campamentos-de-verano-2024\/\",\"url\":\"https:\/\/www.sonoraenequipo.com.mx\/beneficia-ssp-a-ninez-de-sectores-focalizados-con-campamentos-de-verano-2024\/\",\"name\":\"Sonora en Equipo. Beneficia SSP a ni\u00f1ez de sectores focalizados con Campamentos de Verano 2024 Sonora\",\"isPartOf\":{\"@id\":\"https:\/\/www.sonoraenequipo.com.mx\/#website\"},\"primaryImageOfPage\":{\"@id\":\"https:\/\/www.sonoraenequipo.com.mx\/beneficia-ssp-a-ninez-de-sectores-focalizados-con-campamentos-de-verano-2024\/#primaryimage\"},\"image\":{\"@id\":\"https:\/\/www.sonoraenequipo.com.mx\/beneficia-ssp-a-ninez-de-sectores-focalizados-con-campamentos-de-verano-2024\/#primaryimage\"},\"thumbnailUrl\":\"https:\/\/www.sonoraenequipo.com.mx\/storage\/2024\/08\/pespcampamentos-verano.jpg\",\"datePublished\":\"2024-08-08T14:41:30+00:00\",\"description\":\"HERMOSILLO, SONORA, MX. \u2014 La Secretar\u00eda de Seguridad P\u00fablica (SSP) de Sonora acerca a la ni\u00f1ez de colonias con incidencia delictiva de Hermosillo, Cajeme, En Sonora en Equipo publicamos toda la informaci\u00f3n de Sonora, M\u00e9xico y el Mundo de manera oportuna y busca que la libertad de expresi\u00f3n sea real. Visita nuestro medio informativo publicado desde Hermosillo, Sonora. %\",\"breadcrumb\":{\"@id\":\"https:\/\/www.sonoraenequipo.com.mx\/beneficia-ssp-a-ninez-de-sectores-focalizados-con-campamentos-de-verano-2024\/#breadcrumb\"},\"inLanguage\":\"es\",\"potentialAction\":[{\"@type\":\"ReadAction\",\"target\":[\"https:\/\/www.sonoraenequipo.com.mx\/beneficia-ssp-a-ninez-de-sectores-focalizados-con-campamentos-de-verano-2024\/\"]}]},{\"@type\":\"ImageObject\",\"inLanguage\":\"es\",\"@id\":\"https:\/\/www.sonoraenequipo.com.mx\/beneficia-ssp-a-ninez-de-sectores-focalizados-con-campamentos-de-verano-2024\/#primaryimage\",\"url\":\"https:\/\/www.sonoraenequipo.com.mx\/storage\/2024\/08\/pespcampamentos-verano.jpg\",\"contentUrl\":\"https:\/\/www.sonoraenequipo.com.mx\/storage\/2024\/08\/pespcampamentos-verano.jpg\",\"width\":600,\"height\":450},{\"@type\":\"BreadcrumbList\",\"@id\":\"https:\/\/www.sonoraenequipo.com.mx\/beneficia-ssp-a-ninez-de-sectores-focalizados-con-campamentos-de-verano-2024\/#breadcrumb\",\"itemListElement\":[{\"@type\":\"ListItem\",\"position\":1,\"name\":\"Portada\",\"item\":\"https:\/\/www.sonoraenequipo.com.mx\/\"},{\"@type\":\"ListItem\",\"position\":2,\"name\":\"Beneficia SSP a ni\u00f1ez de sectores focalizados con Campamentos de Verano 2024\"}]},{\"@type\":\"WebSite\",\"@id\":\"https:\/\/www.sonoraenequipo.com.mx\/#website\",\"url\":\"https:\/\/www.sonoraenequipo.com.mx\/\",\"name\":\"Sonora en Equipo.\",\"description\":\"Diario en l\u00ednea con Noticias desde Hermosillo, Sonora\",\"publisher\":{\"@id\":\"https:\/\/www.sonoraenequipo.com.mx\/#organization\"},\"potentialAction\":[{\"@type\":\"SearchAction\",\"target\":{\"@type\":\"EntryPoint\",\"urlTemplate\":\"https:\/\/www.sonoraenequipo.com.mx\/?s={search_term_string}\"},\"query-input\":{\"@type\":\"PropertyValueSpecification\",\"valueRequired\":true,\"valueName\":\"search_term_string\"}}],\"inLanguage\":\"es\"},{\"@type\":\"Organization\",\"@id\":\"https:\/\/www.sonoraenequipo.com.mx\/#organization\",\"name\":\"Sonoraenequipo.com.mx\",\"url\":\"https:\/\/www.sonoraenequipo.com.mx\/\",\"logo\":{\"@type\":\"ImageObject\",\"inLanguage\":\"es\",\"@id\":\"https:\/\/www.sonoraenequipo.com.mx\/#\/schema\/logo\/image\/\",\"url\":\"https:\/\/www.sonoraenequipo.com.mx\/storage\/2019\/01\/sonoraenequipo_opt.png\",\"contentUrl\":\"https:\/\/www.sonoraenequipo.com.mx\/storage\/2019\/01\/sonoraenequipo_opt.png\",\"width\":375,\"height\":125,\"caption\":\"Sonoraenequipo.com.mx\"},\"image\":{\"@id\":\"https:\/\/www.sonoraenequipo.com.mx\/#\/schema\/logo\/image\/\"},\"sameAs\":[\"https:\/\/www.facebook.com\/SonoraEE\/\",\"https:\/\/x.com\/sonoraenequipo\",\"https:\/\/www.youtube.com\/channel\/UC338nW-lPEYmJQs4ZABQ1SQ\"]},{\"@type\":\"Person\",\"@id\":\"https:\/\/www.sonoraenequipo.com.mx\/#\/schema\/person\/50102df0fb23a8fa9e8effad8fa81386\",\"name\":\"enequipo\",\"image\":{\"@type\":\"ImageObject\",\"inLanguage\":\"es\",\"@id\":\"https:\/\/www.sonoraenequipo.com.mx\/#\/schema\/person\/image\/\",\"url\":\"https:\/\/secure.gravatar.com\/avatar\/049821681b589dabc0bc20695993ccebb09f5b5d4d790cd9251b97faac7c652b?s=96&d=blank&r=g\",\"contentUrl\":\"https:\/\/secure.gravatar.com\/avatar\/049821681b589dabc0bc20695993ccebb09f5b5d4d790cd9251b97faac7c652b?s=96&d=blank&r=g\",\"caption\":\"enequipo\"},\"sameAs\":[\"https:\/\/www.facebook.com\/SonoraEE\"]}]}<\/script>\n ","yoast_head_json":{"title":"Sonora en Equipo. Beneficia SSP a ni\u00f1ez de sectores focalizados con Campamentos de Verano 2024 Sonora","description":"HERMOSILLO, SONORA, MX. \u2014 La Secretar\u00eda de Seguridad P\u00fablica (SSP) de Sonora acerca a la ni\u00f1ez de colonias con incidencia delictiva de Hermosillo, Cajeme, En Sonora en Equipo publicamos toda la informaci\u00f3n de Sonora, M\u00e9xico y el Mundo de manera oportuna y busca que la libertad de expresi\u00f3n sea real. Visita nuestro medio informativo publicado desde Hermosillo, Sonora. %","robots":{"index":"index","follow":"follow","max-snippet":"max-snippet:-1","max-image-preview":"max-image-preview:large","max-video-preview":"max-video-preview:-1"},"canonical":"https:\/\/www.sonoraenequipo.com.mx\/beneficia-ssp-a-ninez-de-sectores-focalizados-con-campamentos-de-verano-2024\/","og_locale":"es_ES","og_type":"article","og_title":"Sonora en Equipo. Beneficia SSP a ni\u00f1ez de sectores focalizados con Campamentos de Verano 2024 Sonora","og_description":"HERMOSILLO, SONORA, MX. \u2014 La Secretar\u00eda de Seguridad P\u00fablica (SSP) de Sonora acerca a la ni\u00f1ez de colonias con incidencia delictiva de Hermosillo, Cajeme, En Sonora en Equipo publicamos toda la informaci\u00f3n de Sonora, M\u00e9xico y el Mundo de manera oportuna y busca que la libertad de expresi\u00f3n sea real. Visita nuestro medio informativo publicado desde Hermosillo, Sonora. %","og_url":"https:\/\/www.sonoraenequipo.com.mx\/beneficia-ssp-a-ninez-de-sectores-focalizados-con-campamentos-de-verano-2024\/","og_site_name":"Sonora en Equipo.","article_publisher":"https:\/\/www.facebook.com\/SonoraEE\/","article_author":"https:\/\/www.facebook.com\/SonoraEE","article_published_time":"2024-08-08T14:41:30+00:00","og_image":[{"width":600,"height":450,"url":"https:\/\/www.sonoraenequipo.com.mx\/storage\/2024\/08\/pespcampamentos-verano.jpg","type":"image\/jpeg"}],"author":"enequipo","twitter_card":"summary_large_image","twitter_creator":"@sonoraenequipo","twitter_site":"@sonoraenequipo","twitter_misc":{"Escrito por":"enequipo","Tiempo de lectura":"2 minutos"},"schema":{"@context":"https:\/\/schema.org","@graph":[{"@type":"Article","@id":"https:\/\/www.sonoraenequipo.com.mx\/beneficia-ssp-a-ninez-de-sectores-focalizados-con-campamentos-de-verano-2024\/#article","isPartOf":{"@id":"https:\/\/www.sonoraenequipo.com.mx\/beneficia-ssp-a-ninez-de-sectores-focalizados-con-campamentos-de-verano-2024\/"},"author":{"name":"enequipo","@id":"https:\/\/www.sonoraenequipo.com.mx\/#\/schema\/person\/50102df0fb23a8fa9e8effad8fa81386"},"headline":"Beneficia SSP a ni\u00f1ez de sectores focalizados con Campamentos de Verano 2024","datePublished":"2024-08-08T14:41:30+00:00","mainEntityOfPage":{"@id":"https:\/\/www.sonoraenequipo.com.mx\/beneficia-ssp-a-ninez-de-sectores-focalizados-con-campamentos-de-verano-2024\/"},"wordCount":318,"commentCount":0,"publisher":{"@id":"https:\/\/www.sonoraenequipo.com.mx\/#organization"},"image":{"@id":"https:\/\/www.sonoraenequipo.com.mx\/beneficia-ssp-a-ninez-de-sectores-focalizados-con-campamentos-de-verano-2024\/#primaryimage"},"thumbnailUrl":"https:\/\/www.sonoraenequipo.com.mx\/storage\/2024\/08\/pespcampamentos-verano.jpg","keywords":["campamento","ssp","VERANO"],"articleSection":["Sonora"],"inLanguage":"es","potentialAction":[{"@type":"CommentAction","name":"Comment","target":["https:\/\/www.sonoraenequipo.com.mx\/beneficia-ssp-a-ninez-de-sectores-focalizados-con-campamentos-de-verano-2024\/#respond"]}]},{"@type":"WebPage","@id":"https:\/\/www.sonoraenequipo.com.mx\/beneficia-ssp-a-ninez-de-sectores-focalizados-con-campamentos-de-verano-2024\/","url":"https:\/\/www.sonoraenequipo.com.mx\/beneficia-ssp-a-ninez-de-sectores-focalizados-con-campamentos-de-verano-2024\/","name":"Sonora en Equipo. Beneficia SSP a ni\u00f1ez de sectores focalizados con Campamentos de Verano 2024 Sonora","isPartOf":{"@id":"https:\/\/www.sonoraenequipo.com.mx\/#website"},"primaryImageOfPage":{"@id":"https:\/\/www.sonoraenequipo.com.mx\/beneficia-ssp-a-ninez-de-sectores-focalizados-con-campamentos-de-verano-2024\/#primaryimage"},"image":{"@id":"https:\/\/www.sonoraenequipo.com.mx\/beneficia-ssp-a-ninez-de-sectores-focalizados-con-campamentos-de-verano-2024\/#primaryimage"},"thumbnailUrl":"https:\/\/www.sonoraenequipo.com.mx\/storage\/2024\/08\/pespcampamentos-verano.jpg","datePublished":"2024-08-08T14:41:30+00:00","description":"HERMOSILLO, SONORA, MX. \u2014 La Secretar\u00eda de Seguridad P\u00fablica (SSP) de Sonora acerca a la ni\u00f1ez de colonias con incidencia delictiva de Hermosillo, Cajeme, En Sonora en Equipo publicamos toda la informaci\u00f3n de Sonora, M\u00e9xico y el Mundo de manera oportuna y busca que la libertad de expresi\u00f3n sea real. Visita nuestro medio informativo publicado desde Hermosillo, Sonora. %","breadcrumb":{"@id":"https:\/\/www.sonoraenequipo.com.mx\/beneficia-ssp-a-ninez-de-sectores-focalizados-con-campamentos-de-verano-2024\/#breadcrumb"},"inLanguage":"es","potentialAction":[{"@type":"ReadAction","target":["https:\/\/www.sonoraenequipo.com.mx\/beneficia-ssp-a-ninez-de-sectores-focalizados-con-campamentos-de-verano-2024\/"]}]},{"@type":"ImageObject","inLanguage":"es","@id":"https:\/\/www.sonoraenequipo.com.mx\/beneficia-ssp-a-ninez-de-sectores-focalizados-con-campamentos-de-verano-2024\/#primaryimage","url":"https:\/\/www.sonoraenequipo.com.mx\/storage\/2024\/08\/pespcampamentos-verano.jpg","contentUrl":"https:\/\/www.sonoraenequipo.com.mx\/storage\/2024\/08\/pespcampamentos-verano.jpg","width":600,"height":450},{"@type":"BreadcrumbList","@id":"https:\/\/www.sonoraenequipo.com.mx\/beneficia-ssp-a-ninez-de-sectores-focalizados-con-campamentos-de-verano-2024\/#breadcrumb","itemListElement":[{"@type":"ListItem","position":1,"name":"Portada","item":"https:\/\/www.sonoraenequipo.com.mx\/"},{"@type":"ListItem","position":2,"name":"Beneficia SSP a ni\u00f1ez de sectores focalizados con Campamentos de Verano 2024"}]},{"@type":"WebSite","@id":"https:\/\/www.sonoraenequipo.com.mx\/#website","url":"https:\/\/www.sonoraenequipo.com.mx\/","name":"Sonora en Equipo.","description":"Diario en l\u00ednea con Noticias desde Hermosillo, Sonora","publisher":{"@id":"https:\/\/www.sonoraenequipo.com.mx\/#organization"},"potentialAction":[{"@type":"SearchAction","target":{"@type":"EntryPoint","urlTemplate":"https:\/\/www.sonoraenequipo.com.mx\/?s={search_term_string}"},"query-input":{"@type":"PropertyValueSpecification","valueRequired":true,"valueName":"search_term_string"}}],"inLanguage":"es"},{"@type":"Organization","@id":"https:\/\/www.sonoraenequipo.com.mx\/#organization","name":"Sonoraenequipo.com.mx","url":"https:\/\/www.sonoraenequipo.com.mx\/","logo":{"@type":"ImageObject","inLanguage":"es","@id":"https:\/\/www.sonoraenequipo.com.mx\/#\/schema\/logo\/image\/","url":"https:\/\/www.sonoraenequipo.com.mx\/storage\/2019\/01\/sonoraenequipo_opt.png","contentUrl":"https:\/\/www.sonoraenequipo.com.mx\/storage\/2019\/01\/sonoraenequipo_opt.png","width":375,"height":125,"caption":"Sonoraenequipo.com.mx"},"image":{"@id":"https:\/\/www.sonoraenequipo.com.mx\/#\/schema\/logo\/image\/"},"sameAs":["https:\/\/www.facebook.com\/SonoraEE\/","https:\/\/x.com\/sonoraenequipo","https:\/\/www.youtube.com\/channel\/UC338nW-lPEYmJQs4ZABQ1SQ"]},{"@type":"Person","@id":"https:\/\/www.sonoraenequipo.com.mx\/#\/schema\/person\/50102df0fb23a8fa9e8effad8fa81386","name":"enequipo","image":{"@type":"ImageObject","inLanguage":"es","@id":"https:\/\/www.sonoraenequipo.com.mx\/#\/schema\/person\/image\/","url":"https:\/\/secure.gravatar.com\/avatar\/049821681b589dabc0bc20695993ccebb09f5b5d4d790cd9251b97faac7c652b?s=96&d=blank&r=g","contentUrl":"https:\/\/secure.gravatar.com\/avatar\/049821681b589dabc0bc20695993ccebb09f5b5d4d790cd9251b97faac7c652b?s=96&d=blank&r=g","caption":"enequipo"},"sameAs":["https:\/\/www.facebook.com\/SonoraEE"]}]}},"jetpack_featured_media_url":"https:\/\/www.sonoraenequipo.com.mx\/storage\/2024\/08\/pespcampamentos-verano.jpg","_links":{"self":[{"href":"https:\/\/www.sonoraenequipo.com.mx\/api\/wp\/v2\/posts\/196369","targetHints":{"allow":["GET"]}}],"collection":[{"href":"https:\/\/www.sonoraenequipo.com.mx\/api\/wp\/v2\/posts"}],"about":[{"href":"https:\/\/www.sonoraenequipo.com.mx\/api\/wp\/v2\/types\/post"}],"author":[{"embeddable":true,"href":"https:\/\/www.sonoraenequipo.com.mx\/api\/wp\/v2\/users\/1"}],"replies":[{"embeddable":true,"href":"https:\/\/www.sonoraenequipo.com.mx\/api\/wp\/v2\/comments?post=196369"}],"version-history":[{"count":1,"href":"https:\/\/www.sonoraenequipo.com.mx\/api\/wp\/v2\/posts\/196369\/revisions"}],"predecessor-version":[{"id":196371,"href":"https:\/\/www.sonoraenequipo.com.mx\/api\/wp\/v2\/posts\/196369\/revisions\/196371"}],"wp:featuredmedia":[{"embeddable":true,"href":"https:\/\/www.sonoraenequipo.com.mx\/api\/wp\/v2\/media\/196370"}],"wp:attachment":[{"href":"https:\/\/www.sonoraenequipo.com.mx\/api\/wp\/v2\/media?parent=196369"}],"wp:term":[{"taxonomy":"category","embeddable":true,"href":"https:\/\/www.sonoraenequipo.com.mx\/api\/wp\/v2\/categories?post=196369"},{"taxonomy":"post_tag","embeddable":true,"href":"https:\/\/www.sonoraenequipo.com.mx\/api\/wp\/v2\/tags?post=196369"}],"curies":[{"name":"wp","href":"https:\/\/api.w.org\/{rel}","templated":true}]}}