{"id":196421,"date":"2024-08-08T10:08:43","date_gmt":"2024-08-08T17:08:43","guid":{"rendered":"https:\/\/www.sonoraenequipo.com.mx\/?p=196421"},"modified":"2024-08-08T19:18:05","modified_gmt":"2024-08-09T02:18:05","slug":"gobierno-de-mexico-garantiza-autonomia-sindical-e-impulsa-dialogo","status":"publish","type":"post","link":"https:\/\/www.sonoraenequipo.com.mx\/gobierno-de-mexico-garantiza-autonomia-sindical-e-impulsa-dialogo\/","title":{"rendered":"Gobierno de M\u00e9xico garantiza autonom\u00eda sindical e impulsa di\u00e1logo"},"content":{"rendered":"<p><b>CIUDAD DE M\u00c9XICO. MX. \u2014 <\/b>El Gobierno de M\u00e9xico, a trav\u00e9s de la Secretar\u00eda del Trabajo y Previsi\u00f3n Social (STPS), garantiza autonom\u00eda sindical y promueve el di\u00e1logo para la soluci\u00f3n de conflictos, afirm\u00f3 el titular de la dependencia, Marath Baruch Bola\u00f1os L\u00f3pez.<\/p>\n<p>&nbsp;<\/p>\n<p>&nbsp;<\/p>\n<p> <\/p>\n<p>En conferencia de prensa matutina con el presidente Andr\u00e9s Manuel L\u00f3pez Obrador expuso como ejemplos los casos del Sindicato de Trabajadores Petroleros de la Rep\u00fablica Mexicana (STPRM) y de la empresa ArcelorMittal.<\/p>\n<p>&nbsp;<\/p>\n<p>&nbsp;<\/p>\n<p>Plante\u00f3 que las elecciones en sindicatos y el resguardo de esas organizaciones corresponde exclusivamente a trabajadoras y trabajadores. Aclar\u00f3 que las autoridades no intervienen en los procedimientos.<\/p>\n<p>&nbsp;<\/p>\n<p>&nbsp;<\/p>\n<p>Las y los trabajadores, dijo, fijan las fechas de los procesos electorales bajo los estatutos determinados en el propio sindicato. La Secretar\u00eda del Trabajo y Previsi\u00f3n Social y el Centro Federal de Conciliaci\u00f3n y Registro Laboral s\u00f3lo verifican y vigilan el cumplimiento del voto personal, libre, secreto y directo, en apego a la Ley Federal del Trabajo.<\/p>\n<p>&nbsp;<\/p>\n<p>&nbsp;<\/p>\n<p>Las elecciones seccionales del STPRM, puntualiz\u00f3, se efectuaron en dos etapas: el 15 de julio, trabajadores petroleros participaron en la elecci\u00f3n de 34 de sus Comit\u00e9s Ejecutivos Seccionales, mientras que el 5 de agosto se llev\u00f3 a cabo el proceso electoral de la secci\u00f3n 40, que abarca 61 delegaciones sindicales en 28 entidades y la reposici\u00f3n de los comicios en la secci\u00f3n 38 con sede en Salina Cruz, Oaxaca.<\/p>\n<p>&nbsp;<\/p>\n<p>&nbsp;<\/p>\n<p>Participaron 74 mil 656 trabajadores de un padr\u00f3n de 91 mil 188 afiliados, es decir, vot\u00f3 el 82 por ciento de la plantilla laboral. La pr\u00f3xima semana, el Centro Federal de Conciliaci\u00f3n y Registro Laboral notificar\u00e1 los resultados seccionales y analizar\u00e1 las quejas e inconformidades para que, en caso de existir duda razonable, se reponga la elecci\u00f3n.<\/p>\n<p>&nbsp;<\/p>\n<p>&nbsp;<\/p>\n<p>El Sindicato de Trabajadores Petroleros de la Rep\u00fablica Mexicana ejecutar\u00e1 la elecci\u00f3n del Comit\u00e9 Ejecutivo Nacional en el \u00faltimo trimestre del a\u00f1o con el prop\u00f3sito de preparar los tiempos de campa\u00f1a entre aspirantes a las dirigencias nacionales. El sindicato ya solicit\u00f3 la presencia de verificadores del Centro Federal Laboral y de la STPS, refiri\u00f3.<\/p>\n<p>&nbsp;<\/p>\n<p>&nbsp;<\/p>\n<p>El secretario Bola\u00f1os L\u00f3pez record\u00f3 que la reforma laboral de 2019 garantiza la no injerencia de autoridades y patrones en la vida sindical, por lo que el gobierno federal ya no impone ni quita a l\u00edderes sindicales. De este modo, asegur\u00f3, no hay m\u00e1s elecciones simuladas ni a mano alzada; las y los trabajadores eligen libremente a sus dirigentes y aprueban los contratos colectivos de trabajo.<\/p>\n<p>&nbsp;<\/p>\n<p>&nbsp;<\/p>\n<p>Respecto al conflicto laboral en ArcelorMittal, puntualiz\u00f3 que el di\u00e1logo y la construcci\u00f3n de convenios permiti\u00f3 preservar la fuente de trabajo de 8 mil familias en Michoac\u00e1n. El desacuerdo inici\u00f3 en 2021 por la negativa de la empresa al pago del 10 por ciento de utilidades entre sus empleados.<\/p>\n<p>&nbsp;<\/p>\n<p>&nbsp;<\/p>\n<p>El Centro Federal de Conciliaci\u00f3n y Registro Laboral y la STPS entablaron una mesa de di\u00e1logo con la empresa y el Sindicato Nacional Minero que deriv\u00f3 en una propuesta aprobada por la mayor\u00eda de los trabajadores. El planteamiento considera incremento salarial, salarios ca\u00eddos, establecimiento de auditor\u00edas para transparentar el reparto de utilidades de 2021, 2022 y 2023, as\u00ed como prestaciones econ\u00f3micas.<\/p>\n<p>&nbsp;<\/p>\n<p>&nbsp;<\/p>\n<p>A partir de la aprobaci\u00f3n, ArcelorMittal reanud\u00f3 sus actividades con normalidad en el puerto de L\u00e1zaro C\u00e1rdenas, indic\u00f3.<\/p>\n<p>&nbsp;<\/p>\n<p>&nbsp;<\/p>\n<p>&nbsp;<\/p>\n<p><strong><em>\u201cHa habido, en general, en la administraci\u00f3n, un ambiente laboral de di\u00e1logo y construcci\u00f3n de acuerdos, que buena parte, incluso las reformas que se han planteado por parte del gobierno del presidente Andr\u00e9s Manuel L\u00f3pez Obrador, esta ha sido la v\u00eda a trav\u00e9s del di\u00e1logo. Decirles que desde la Secretar\u00eda del Trabajo continuaremos tambi\u00e9n atendiendo todas las solicitudes que existan\u201d,<\/em> <\/strong>se\u00f1al\u00f3.<\/p>\n<p>&nbsp;<\/p>\n<p>&nbsp;<\/p>\n<p>Ante representantes de medios de comunicaci\u00f3n el funcionario record\u00f3 que los principios de la reforma laboral de 2019 mejoran las relaciones obrero patronales a partir de un nuevo modelo de justicia que contempla una instancia conciliatoria obligatoria previa a juicio, la extinci\u00f3n de las Juntas Locales de Conciliaci\u00f3n y Arbitraje y la creaci\u00f3n del Centro Federal de Conciliaci\u00f3n y Registro Laboral, el cual lleva el registro nacional de todos los sindicatos y contratos colectivos de trabajo, verifica los procedimientos de democracia sindical y fomenta la conciliaci\u00f3n laboral de competencia federal.<\/p>\n<p>&nbsp;<\/p>\n<p>&nbsp;<\/p>\n<p>&nbsp;<\/p>\n<p>PUBLICADO EL 08 AGOSTO DE 2024 Con informaci\u00f3n de Conferencia presidencial)<\/p>\n","protected":false},"excerpt":{"rendered":"<p>CIUDAD DE M\u00c9XICO. MX. \u2014 El Gobierno de M\u00e9xico, a trav\u00e9s de la Secretar\u00eda del&#8230;<\/p>\n","protected":false},"author":1,"featured_media":196424,"comment_status":"open","ping_status":"open","sticky":false,"template":"","format":"standard","meta":{"_monsterinsights_skip_tracking":false,"_monsterinsights_sitenote_active":false,"_monsterinsights_sitenote_note":"","_monsterinsights_sitenote_category":0,"footnotes":""},"categories":[5],"tags":[],"class_list":["post"],"yoast_head":" \n<title>Sonora en Equipo. Gobierno de M\u00e9xico garantiza autonom\u00eda sindical e impulsa di\u00e1logo Rep\u00fablica<\/title>\n<meta name=\"description\" content=\"CIUDAD DE M\u00c9XICO. MX. \u2014 El Gobierno de M\u00e9xico, a trav\u00e9s de la Secretar\u00eda del Trabajo y Previsi\u00f3n Social (STPS), garantiza autonom\u00eda sindical y promueve el En Sonora en Equipo publicamos toda la informaci\u00f3n de Sonora, M\u00e9xico y el Mundo de manera oportuna y busca que la libertad de expresi\u00f3n sea real. Visita nuestro medio informativo publicado desde Hermosillo, Sonora. %\" \/>\n<meta name=\"robots\" content=\"index, follow, max-snippet:-1, max-image-preview:large, max-video-preview:-1\" \/>\n<link rel=\"canonical\" href=\"https:\/\/www.sonoraenequipo.com.mx\/gobierno-de-mexico-garantiza-autonomia-sindical-e-impulsa-dialogo\/\" \/>\n<meta property=\"og:locale\" content=\"es_ES\" \/>\n<meta property=\"og:type\" content=\"article\" \/>\n<meta property=\"og:title\" content=\"Sonora en Equipo. Gobierno de M\u00e9xico garantiza autonom\u00eda sindical e impulsa di\u00e1logo Rep\u00fablica\" \/>\n<meta property=\"og:description\" content=\"CIUDAD DE M\u00c9XICO. MX. \u2014 El Gobierno de M\u00e9xico, a trav\u00e9s de la Secretar\u00eda del Trabajo y Previsi\u00f3n Social (STPS), garantiza autonom\u00eda sindical y promueve el En Sonora en Equipo publicamos toda la informaci\u00f3n de Sonora, M\u00e9xico y el Mundo de manera oportuna y busca que la libertad de expresi\u00f3n sea real. Visita nuestro medio informativo publicado desde Hermosillo, Sonora. %\" \/>\n<meta property=\"og:url\" content=\"https:\/\/www.sonoraenequipo.com.mx\/gobierno-de-mexico-garantiza-autonomia-sindical-e-impulsa-dialogo\/\" \/>\n<meta property=\"og:site_name\" content=\"Sonora en Equipo.\" \/>\n<meta property=\"article:publisher\" content=\"https:\/\/www.facebook.com\/SonoraEE\/\" \/>\n<meta property=\"article:author\" content=\"https:\/\/www.facebook.com\/SonoraEE\" \/>\n<meta property=\"article:published_time\" content=\"2024-08-08T17:08:43+00:00\" \/>\n<meta property=\"article:modified_time\" content=\"2024-08-09T02:18:05+00:00\" \/>\n<meta property=\"og:image\" content=\"https:\/\/www.sonoraenequipo.com.mx\/storage\/2024\/08\/2024-08-07-Conferencia-de-prensa-matutina-Palacio-Nacional-Foto-04-min.jpg\" \/>\n\t<meta property=\"og:image:width\" content=\"1590\" \/>\n\t<meta property=\"og:image:height\" content=\"1000\" \/>\n\t<meta property=\"og:image:type\" content=\"image\/jpeg\" \/>\n<meta name=\"author\" content=\"enequipo\" \/>\n<meta name=\"twitter:card\" content=\"summary_large_image\" \/>\n<meta name=\"twitter:creator\" content=\"@sonoraenequipo\" \/>\n<meta name=\"twitter:site\" content=\"@sonoraenequipo\" \/>\n<meta name=\"twitter:label1\" content=\"Escrito por\" \/>\n\t<meta name=\"twitter:data1\" content=\"enequipo\" \/>\n\t<meta name=\"twitter:label2\" content=\"Tiempo de lectura\" \/>\n\t<meta name=\"twitter:data2\" content=\"4 minutos\" \/>\n<script type=\"application\/ld+json\" class=\"yoast-schema-graph\">{\"@context\":\"https:\/\/schema.org\",\"@graph\":[{\"@type\":\"Article\",\"@id\":\"https:\/\/www.sonoraenequipo.com.mx\/gobierno-de-mexico-garantiza-autonomia-sindical-e-impulsa-dialogo\/#article\",\"isPartOf\":{\"@id\":\"https:\/\/www.sonoraenequipo.com.mx\/gobierno-de-mexico-garantiza-autonomia-sindical-e-impulsa-dialogo\/\"},\"author\":{\"name\":\"enequipo\",\"@id\":\"https:\/\/www.sonoraenequipo.com.mx\/#\/schema\/person\/50102df0fb23a8fa9e8effad8fa81386\"},\"headline\":\"Gobierno de M\u00e9xico garantiza autonom\u00eda sindical e impulsa di\u00e1logo\",\"datePublished\":\"2024-08-08T17:08:43+00:00\",\"dateModified\":\"2024-08-09T02:18:05+00:00\",\"mainEntityOfPage\":{\"@id\":\"https:\/\/www.sonoraenequipo.com.mx\/gobierno-de-mexico-garantiza-autonomia-sindical-e-impulsa-dialogo\/\"},\"wordCount\":776,\"commentCount\":0,\"publisher\":{\"@id\":\"https:\/\/www.sonoraenequipo.com.mx\/#organization\"},\"image\":{\"@id\":\"https:\/\/www.sonoraenequipo.com.mx\/gobierno-de-mexico-garantiza-autonomia-sindical-e-impulsa-dialogo\/#primaryimage\"},\"thumbnailUrl\":\"https:\/\/www.sonoraenequipo.com.mx\/storage\/2024\/08\/2024-08-07-Conferencia-de-prensa-matutina-Palacio-Nacional-Foto-04-min.jpg\",\"articleSection\":[\"Rep\u00fablica\"],\"inLanguage\":\"es\",\"potentialAction\":[{\"@type\":\"CommentAction\",\"name\":\"Comment\",\"target\":[\"https:\/\/www.sonoraenequipo.com.mx\/gobierno-de-mexico-garantiza-autonomia-sindical-e-impulsa-dialogo\/#respond\"]}]},{\"@type\":\"WebPage\",\"@id\":\"https:\/\/www.sonoraenequipo.com.mx\/gobierno-de-mexico-garantiza-autonomia-sindical-e-impulsa-dialogo\/\",\"url\":\"https:\/\/www.sonoraenequipo.com.mx\/gobierno-de-mexico-garantiza-autonomia-sindical-e-impulsa-dialogo\/\",\"name\":\"Sonora en Equipo. Gobierno de M\u00e9xico garantiza autonom\u00eda sindical e impulsa di\u00e1logo Rep\u00fablica\",\"isPartOf\":{\"@id\":\"https:\/\/www.sonoraenequipo.com.mx\/#website\"},\"primaryImageOfPage\":{\"@id\":\"https:\/\/www.sonoraenequipo.com.mx\/gobierno-de-mexico-garantiza-autonomia-sindical-e-impulsa-dialogo\/#primaryimage\"},\"image\":{\"@id\":\"https:\/\/www.sonoraenequipo.com.mx\/gobierno-de-mexico-garantiza-autonomia-sindical-e-impulsa-dialogo\/#primaryimage\"},\"thumbnailUrl\":\"https:\/\/www.sonoraenequipo.com.mx\/storage\/2024\/08\/2024-08-07-Conferencia-de-prensa-matutina-Palacio-Nacional-Foto-04-min.jpg\",\"datePublished\":\"2024-08-08T17:08:43+00:00\",\"dateModified\":\"2024-08-09T02:18:05+00:00\",\"description\":\"CIUDAD DE M\u00c9XICO. MX. \u2014 El Gobierno de M\u00e9xico, a trav\u00e9s de la Secretar\u00eda del Trabajo y Previsi\u00f3n Social (STPS), garantiza autonom\u00eda sindical y promueve el En Sonora en Equipo publicamos toda la informaci\u00f3n de Sonora, M\u00e9xico y el Mundo de manera oportuna y busca que la libertad de expresi\u00f3n sea real. Visita nuestro medio informativo publicado desde Hermosillo, Sonora. %\",\"breadcrumb\":{\"@id\":\"https:\/\/www.sonoraenequipo.com.mx\/gobierno-de-mexico-garantiza-autonomia-sindical-e-impulsa-dialogo\/#breadcrumb\"},\"inLanguage\":\"es\",\"potentialAction\":[{\"@type\":\"ReadAction\",\"target\":[\"https:\/\/www.sonoraenequipo.com.mx\/gobierno-de-mexico-garantiza-autonomia-sindical-e-impulsa-dialogo\/\"]}]},{\"@type\":\"ImageObject\",\"inLanguage\":\"es\",\"@id\":\"https:\/\/www.sonoraenequipo.com.mx\/gobierno-de-mexico-garantiza-autonomia-sindical-e-impulsa-dialogo\/#primaryimage\",\"url\":\"https:\/\/www.sonoraenequipo.com.mx\/storage\/2024\/08\/2024-08-07-Conferencia-de-prensa-matutina-Palacio-Nacional-Foto-04-min.jpg\",\"contentUrl\":\"https:\/\/www.sonoraenequipo.com.mx\/storage\/2024\/08\/2024-08-07-Conferencia-de-prensa-matutina-Palacio-Nacional-Foto-04-min.jpg\",\"width\":1590,\"height\":1000},{\"@type\":\"BreadcrumbList\",\"@id\":\"https:\/\/www.sonoraenequipo.com.mx\/gobierno-de-mexico-garantiza-autonomia-sindical-e-impulsa-dialogo\/#breadcrumb\",\"itemListElement\":[{\"@type\":\"ListItem\",\"position\":1,\"name\":\"Portada\",\"item\":\"https:\/\/www.sonoraenequipo.com.mx\/\"},{\"@type\":\"ListItem\",\"position\":2,\"name\":\"Gobierno de M\u00e9xico garantiza autonom\u00eda sindical e impulsa di\u00e1logo\"}]},{\"@type\":\"WebSite\",\"@id\":\"https:\/\/www.sonoraenequipo.com.mx\/#website\",\"url\":\"https:\/\/www.sonoraenequipo.com.mx\/\",\"name\":\"Sonora en Equipo.\",\"description\":\"Diario en l\u00ednea con Noticias desde Hermosillo, Sonora\",\"publisher\":{\"@id\":\"https:\/\/www.sonoraenequipo.com.mx\/#organization\"},\"potentialAction\":[{\"@type\":\"SearchAction\",\"target\":{\"@type\":\"EntryPoint\",\"urlTemplate\":\"https:\/\/www.sonoraenequipo.com.mx\/?s={search_term_string}\"},\"query-input\":{\"@type\":\"PropertyValueSpecification\",\"valueRequired\":true,\"valueName\":\"search_term_string\"}}],\"inLanguage\":\"es\"},{\"@type\":\"Organization\",\"@id\":\"https:\/\/www.sonoraenequipo.com.mx\/#organization\",\"name\":\"Sonoraenequipo.com.mx\",\"url\":\"https:\/\/www.sonoraenequipo.com.mx\/\",\"logo\":{\"@type\":\"ImageObject\",\"inLanguage\":\"es\",\"@id\":\"https:\/\/www.sonoraenequipo.com.mx\/#\/schema\/logo\/image\/\",\"url\":\"https:\/\/www.sonoraenequipo.com.mx\/storage\/2019\/01\/sonoraenequipo_opt.png\",\"contentUrl\":\"https:\/\/www.sonoraenequipo.com.mx\/storage\/2019\/01\/sonoraenequipo_opt.png\",\"width\":375,\"height\":125,\"caption\":\"Sonoraenequipo.com.mx\"},\"image\":{\"@id\":\"https:\/\/www.sonoraenequipo.com.mx\/#\/schema\/logo\/image\/\"},\"sameAs\":[\"https:\/\/www.facebook.com\/SonoraEE\/\",\"https:\/\/x.com\/sonoraenequipo\",\"https:\/\/www.youtube.com\/channel\/UC338nW-lPEYmJQs4ZABQ1SQ\"]},{\"@type\":\"Person\",\"@id\":\"https:\/\/www.sonoraenequipo.com.mx\/#\/schema\/person\/50102df0fb23a8fa9e8effad8fa81386\",\"name\":\"enequipo\",\"image\":{\"@type\":\"ImageObject\",\"inLanguage\":\"es\",\"@id\":\"https:\/\/www.sonoraenequipo.com.mx\/#\/schema\/person\/image\/\",\"url\":\"https:\/\/secure.gravatar.com\/avatar\/049821681b589dabc0bc20695993ccebb09f5b5d4d790cd9251b97faac7c652b?s=96&d=blank&r=g\",\"contentUrl\":\"https:\/\/secure.gravatar.com\/avatar\/049821681b589dabc0bc20695993ccebb09f5b5d4d790cd9251b97faac7c652b?s=96&d=blank&r=g\",\"caption\":\"enequipo\"},\"sameAs\":[\"https:\/\/www.facebook.com\/SonoraEE\"]}]}<\/script>\n ","yoast_head_json":{"title":"Sonora en Equipo. Gobierno de M\u00e9xico garantiza autonom\u00eda sindical e impulsa di\u00e1logo Rep\u00fablica","description":"CIUDAD DE M\u00c9XICO. MX. \u2014 El Gobierno de M\u00e9xico, a trav\u00e9s de la Secretar\u00eda del Trabajo y Previsi\u00f3n Social (STPS), garantiza autonom\u00eda sindical y promueve el En Sonora en Equipo publicamos toda la informaci\u00f3n de Sonora, M\u00e9xico y el Mundo de manera oportuna y busca que la libertad de expresi\u00f3n sea real. Visita nuestro medio informativo publicado desde Hermosillo, Sonora. %","robots":{"index":"index","follow":"follow","max-snippet":"max-snippet:-1","max-image-preview":"max-image-preview:large","max-video-preview":"max-video-preview:-1"},"canonical":"https:\/\/www.sonoraenequipo.com.mx\/gobierno-de-mexico-garantiza-autonomia-sindical-e-impulsa-dialogo\/","og_locale":"es_ES","og_type":"article","og_title":"Sonora en Equipo. Gobierno de M\u00e9xico garantiza autonom\u00eda sindical e impulsa di\u00e1logo Rep\u00fablica","og_description":"CIUDAD DE M\u00c9XICO. MX. \u2014 El Gobierno de M\u00e9xico, a trav\u00e9s de la Secretar\u00eda del Trabajo y Previsi\u00f3n Social (STPS), garantiza autonom\u00eda sindical y promueve el En Sonora en Equipo publicamos toda la informaci\u00f3n de Sonora, M\u00e9xico y el Mundo de manera oportuna y busca que la libertad de expresi\u00f3n sea real. Visita nuestro medio informativo publicado desde Hermosillo, Sonora. %","og_url":"https:\/\/www.sonoraenequipo.com.mx\/gobierno-de-mexico-garantiza-autonomia-sindical-e-impulsa-dialogo\/","og_site_name":"Sonora en Equipo.","article_publisher":"https:\/\/www.facebook.com\/SonoraEE\/","article_author":"https:\/\/www.facebook.com\/SonoraEE","article_published_time":"2024-08-08T17:08:43+00:00","article_modified_time":"2024-08-09T02:18:05+00:00","og_image":[{"width":1590,"height":1000,"url":"https:\/\/www.sonoraenequipo.com.mx\/storage\/2024\/08\/2024-08-07-Conferencia-de-prensa-matutina-Palacio-Nacional-Foto-04-min.jpg","type":"image\/jpeg"}],"author":"enequipo","twitter_card":"summary_large_image","twitter_creator":"@sonoraenequipo","twitter_site":"@sonoraenequipo","twitter_misc":{"Escrito por":"enequipo","Tiempo de lectura":"4 minutos"},"schema":{"@context":"https:\/\/schema.org","@graph":[{"@type":"Article","@id":"https:\/\/www.sonoraenequipo.com.mx\/gobierno-de-mexico-garantiza-autonomia-sindical-e-impulsa-dialogo\/#article","isPartOf":{"@id":"https:\/\/www.sonoraenequipo.com.mx\/gobierno-de-mexico-garantiza-autonomia-sindical-e-impulsa-dialogo\/"},"author":{"name":"enequipo","@id":"https:\/\/www.sonoraenequipo.com.mx\/#\/schema\/person\/50102df0fb23a8fa9e8effad8fa81386"},"headline":"Gobierno de M\u00e9xico garantiza autonom\u00eda sindical e impulsa di\u00e1logo","datePublished":"2024-08-08T17:08:43+00:00","dateModified":"2024-08-09T02:18:05+00:00","mainEntityOfPage":{"@id":"https:\/\/www.sonoraenequipo.com.mx\/gobierno-de-mexico-garantiza-autonomia-sindical-e-impulsa-dialogo\/"},"wordCount":776,"commentCount":0,"publisher":{"@id":"https:\/\/www.sonoraenequipo.com.mx\/#organization"},"image":{"@id":"https:\/\/www.sonoraenequipo.com.mx\/gobierno-de-mexico-garantiza-autonomia-sindical-e-impulsa-dialogo\/#primaryimage"},"thumbnailUrl":"https:\/\/www.sonoraenequipo.com.mx\/storage\/2024\/08\/2024-08-07-Conferencia-de-prensa-matutina-Palacio-Nacional-Foto-04-min.jpg","articleSection":["Rep\u00fablica"],"inLanguage":"es","potentialAction":[{"@type":"CommentAction","name":"Comment","target":["https:\/\/www.sonoraenequipo.com.mx\/gobierno-de-mexico-garantiza-autonomia-sindical-e-impulsa-dialogo\/#respond"]}]},{"@type":"WebPage","@id":"https:\/\/www.sonoraenequipo.com.mx\/gobierno-de-mexico-garantiza-autonomia-sindical-e-impulsa-dialogo\/","url":"https:\/\/www.sonoraenequipo.com.mx\/gobierno-de-mexico-garantiza-autonomia-sindical-e-impulsa-dialogo\/","name":"Sonora en Equipo. Gobierno de M\u00e9xico garantiza autonom\u00eda sindical e impulsa di\u00e1logo Rep\u00fablica","isPartOf":{"@id":"https:\/\/www.sonoraenequipo.com.mx\/#website"},"primaryImageOfPage":{"@id":"https:\/\/www.sonoraenequipo.com.mx\/gobierno-de-mexico-garantiza-autonomia-sindical-e-impulsa-dialogo\/#primaryimage"},"image":{"@id":"https:\/\/www.sonoraenequipo.com.mx\/gobierno-de-mexico-garantiza-autonomia-sindical-e-impulsa-dialogo\/#primaryimage"},"thumbnailUrl":"https:\/\/www.sonoraenequipo.com.mx\/storage\/2024\/08\/2024-08-07-Conferencia-de-prensa-matutina-Palacio-Nacional-Foto-04-min.jpg","datePublished":"2024-08-08T17:08:43+00:00","dateModified":"2024-08-09T02:18:05+00:00","description":"CIUDAD DE M\u00c9XICO. MX. \u2014 El Gobierno de M\u00e9xico, a trav\u00e9s de la Secretar\u00eda del Trabajo y Previsi\u00f3n Social (STPS), garantiza autonom\u00eda sindical y promueve el En Sonora en Equipo publicamos toda la informaci\u00f3n de Sonora, M\u00e9xico y el Mundo de manera oportuna y busca que la libertad de expresi\u00f3n sea real. Visita nuestro medio informativo publicado desde Hermosillo, Sonora. %","breadcrumb":{"@id":"https:\/\/www.sonoraenequipo.com.mx\/gobierno-de-mexico-garantiza-autonomia-sindical-e-impulsa-dialogo\/#breadcrumb"},"inLanguage":"es","potentialAction":[{"@type":"ReadAction","target":["https:\/\/www.sonoraenequipo.com.mx\/gobierno-de-mexico-garantiza-autonomia-sindical-e-impulsa-dialogo\/"]}]},{"@type":"ImageObject","inLanguage":"es","@id":"https:\/\/www.sonoraenequipo.com.mx\/gobierno-de-mexico-garantiza-autonomia-sindical-e-impulsa-dialogo\/#primaryimage","url":"https:\/\/www.sonoraenequipo.com.mx\/storage\/2024\/08\/2024-08-07-Conferencia-de-prensa-matutina-Palacio-Nacional-Foto-04-min.jpg","contentUrl":"https:\/\/www.sonoraenequipo.com.mx\/storage\/2024\/08\/2024-08-07-Conferencia-de-prensa-matutina-Palacio-Nacional-Foto-04-min.jpg","width":1590,"height":1000},{"@type":"BreadcrumbList","@id":"https:\/\/www.sonoraenequipo.com.mx\/gobierno-de-mexico-garantiza-autonomia-sindical-e-impulsa-dialogo\/#breadcrumb","itemListElement":[{"@type":"ListItem","position":1,"name":"Portada","item":"https:\/\/www.sonoraenequipo.com.mx\/"},{"@type":"ListItem","position":2,"name":"Gobierno de M\u00e9xico garantiza autonom\u00eda sindical e impulsa di\u00e1logo"}]},{"@type":"WebSite","@id":"https:\/\/www.sonoraenequipo.com.mx\/#website","url":"https:\/\/www.sonoraenequipo.com.mx\/","name":"Sonora en Equipo.","description":"Diario en l\u00ednea con Noticias desde Hermosillo, Sonora","publisher":{"@id":"https:\/\/www.sonoraenequipo.com.mx\/#organization"},"potentialAction":[{"@type":"SearchAction","target":{"@type":"EntryPoint","urlTemplate":"https:\/\/www.sonoraenequipo.com.mx\/?s={search_term_string}"},"query-input":{"@type":"PropertyValueSpecification","valueRequired":true,"valueName":"search_term_string"}}],"inLanguage":"es"},{"@type":"Organization","@id":"https:\/\/www.sonoraenequipo.com.mx\/#organization","name":"Sonoraenequipo.com.mx","url":"https:\/\/www.sonoraenequipo.com.mx\/","logo":{"@type":"ImageObject","inLanguage":"es","@id":"https:\/\/www.sonoraenequipo.com.mx\/#\/schema\/logo\/image\/","url":"https:\/\/www.sonoraenequipo.com.mx\/storage\/2019\/01\/sonoraenequipo_opt.png","contentUrl":"https:\/\/www.sonoraenequipo.com.mx\/storage\/2019\/01\/sonoraenequipo_opt.png","width":375,"height":125,"caption":"Sonoraenequipo.com.mx"},"image":{"@id":"https:\/\/www.sonoraenequipo.com.mx\/#\/schema\/logo\/image\/"},"sameAs":["https:\/\/www.facebook.com\/SonoraEE\/","https:\/\/x.com\/sonoraenequipo","https:\/\/www.youtube.com\/channel\/UC338nW-lPEYmJQs4ZABQ1SQ"]},{"@type":"Person","@id":"https:\/\/www.sonoraenequipo.com.mx\/#\/schema\/person\/50102df0fb23a8fa9e8effad8fa81386","name":"enequipo","image":{"@type":"ImageObject","inLanguage":"es","@id":"https:\/\/www.sonoraenequipo.com.mx\/#\/schema\/person\/image\/","url":"https:\/\/secure.gravatar.com\/avatar\/049821681b589dabc0bc20695993ccebb09f5b5d4d790cd9251b97faac7c652b?s=96&d=blank&r=g","contentUrl":"https:\/\/secure.gravatar.com\/avatar\/049821681b589dabc0bc20695993ccebb09f5b5d4d790cd9251b97faac7c652b?s=96&d=blank&r=g","caption":"enequipo"},"sameAs":["https:\/\/www.facebook.com\/SonoraEE"]}]}},"jetpack_featured_media_url":"https:\/\/www.sonoraenequipo.com.mx\/storage\/2024\/08\/2024-08-07-Conferencia-de-prensa-matutina-Palacio-Nacional-Foto-04-min.jpg","_links":{"self":[{"href":"https:\/\/www.sonoraenequipo.com.mx\/api\/wp\/v2\/posts\/196421","targetHints":{"allow":["GET"]}}],"collection":[{"href":"https:\/\/www.sonoraenequipo.com.mx\/api\/wp\/v2\/posts"}],"about":[{"href":"https:\/\/www.sonoraenequipo.com.mx\/api\/wp\/v2\/types\/post"}],"author":[{"embeddable":true,"href":"https:\/\/www.sonoraenequipo.com.mx\/api\/wp\/v2\/users\/1"}],"replies":[{"embeddable":true,"href":"https:\/\/www.sonoraenequipo.com.mx\/api\/wp\/v2\/comments?post=196421"}],"version-history":[{"count":1,"href":"https:\/\/www.sonoraenequipo.com.mx\/api\/wp\/v2\/posts\/196421\/revisions"}],"predecessor-version":[{"id":196425,"href":"https:\/\/www.sonoraenequipo.com.mx\/api\/wp\/v2\/posts\/196421\/revisions\/196425"}],"wp:featuredmedia":[{"embeddable":true,"href":"https:\/\/www.sonoraenequipo.com.mx\/api\/wp\/v2\/media\/196424"}],"wp:attachment":[{"href":"https:\/\/www.sonoraenequipo.com.mx\/api\/wp\/v2\/media?parent=196421"}],"wp:term":[{"taxonomy":"category","embeddable":true,"href":"https:\/\/www.sonoraenequipo.com.mx\/api\/wp\/v2\/categories?post=196421"},{"taxonomy":"post_tag","embeddable":true,"href":"https:\/\/www.sonoraenequipo.com.mx\/api\/wp\/v2\/tags?post=196421"}],"curies":[{"name":"wp","href":"https:\/\/api.w.org\/{rel}","templated":true}]}}