{"id":197232,"date":"2024-08-19T12:17:21","date_gmt":"2024-08-19T19:17:21","guid":{"rendered":"https:\/\/www.sonoraenequipo.com.mx\/?p=197232"},"modified":"2024-08-19T12:17:21","modified_gmt":"2024-08-19T19:17:21","slug":"inegi-estima-incremento-anual-de-la-actividad-economica-de-1-1-a-julio","status":"publish","type":"post","link":"https:\/\/www.sonoraenequipo.com.mx\/inegi-estima-incremento-anual-de-la-actividad-economica-de-1-1-a-julio\/","title":{"rendered":"Inegi estima incremento anual de la actividad econ\u00f3mica de 1.1% a julio"},"content":{"rendered":"<p>&nbsp;<\/p>\n<p><strong>HERMOSILLO, SONORA, MX.<\/strong> \u2014 El Instituto Nacional de Estad\u00edstica y Geograf\u00eda (INEGI) presenta los resultados del Indicador Oportuno de la Actividad Econ\u00f3mica (IOAE). Este permite contar con estimaciones econom\u00e9tricas oportunas sobre la evoluci\u00f3n del Indicador Global de la Actividad Econ\u00f3mica (IGAE).<\/p>\n<p>&nbsp;<\/p>\n<p>En julio de 2024 y a tasa anual, el IOAE anticipa un aumento de 1.1 % del IGAE.<\/p>\n<p>&nbsp;<\/p>\n<p>Se espera un incremento anual de 0.1 % en las actividades secundarias y en las terciarias, de 1.6 %, para julio de 2024.<\/p>\n<p><strong>Fecha de publicaci\u00f3n <\/strong><strong>lunes 19 de agosto de 2024<\/strong><\/p>\n","protected":false},"excerpt":{"rendered":"<p>&nbsp; HERMOSILLO, SONORA, MX. \u2014 El Instituto Nacional de Estad\u00edstica y Geograf\u00eda (INEGI) presenta los&#8230;<\/p>\n","protected":false},"author":1,"featured_media":164214,"comment_status":"open","ping_status":"open","sticky":false,"template":"","format":"standard","meta":{"_monsterinsights_skip_tracking":false,"_monsterinsights_sitenote_active":false,"_monsterinsights_sitenote_note":"","_monsterinsights_sitenote_category":0,"footnotes":""},"categories":[6493],"tags":[93,53],"class_list":["post"],"yoast_head":" \n<title>Sonora en Equipo. Inegi estima incremento anual de la actividad econ\u00f3mica de 1.1% a julio PALABRAS Y N\u00daMEROS<\/title>\n<meta name=\"description\" content=\"&nbsp; HERMOSILLO, SONORA, MX. \u2014 El Instituto Nacional de Estad\u00edstica y Geograf\u00eda (INEGI) presenta los resultados del Indicador Oportuno de la Actividad En Sonora en Equipo publicamos toda la informaci\u00f3n de Sonora, M\u00e9xico y el Mundo de manera oportuna y busca que la libertad de expresi\u00f3n sea real. Visita nuestro medio informativo publicado desde Hermosillo, Sonora. %\" \/>\n<meta name=\"robots\" content=\"index, follow, max-snippet:-1, max-image-preview:large, max-video-preview:-1\" \/>\n<link rel=\"canonical\" href=\"https:\/\/www.sonoraenequipo.com.mx\/inegi-estima-incremento-anual-de-la-actividad-economica-de-1-1-a-julio\/\" \/>\n<meta property=\"og:locale\" content=\"es_ES\" \/>\n<meta property=\"og:type\" content=\"article\" \/>\n<meta property=\"og:title\" content=\"Sonora en Equipo. Inegi estima incremento anual de la actividad econ\u00f3mica de 1.1% a julio PALABRAS Y N\u00daMEROS\" \/>\n<meta property=\"og:description\" content=\"&nbsp; HERMOSILLO, SONORA, MX. \u2014 El Instituto Nacional de Estad\u00edstica y Geograf\u00eda (INEGI) presenta los resultados del Indicador Oportuno de la Actividad En Sonora en Equipo publicamos toda la informaci\u00f3n de Sonora, M\u00e9xico y el Mundo de manera oportuna y busca que la libertad de expresi\u00f3n sea real. Visita nuestro medio informativo publicado desde Hermosillo, Sonora. %\" \/>\n<meta property=\"og:url\" content=\"https:\/\/www.sonoraenequipo.com.mx\/inegi-estima-incremento-anual-de-la-actividad-economica-de-1-1-a-julio\/\" \/>\n<meta property=\"og:site_name\" content=\"Sonora en Equipo.\" \/>\n<meta property=\"article:publisher\" content=\"https:\/\/www.facebook.com\/SonoraEE\/\" \/>\n<meta property=\"article:author\" content=\"https:\/\/www.facebook.com\/SonoraEE\" \/>\n<meta property=\"article:published_time\" content=\"2024-08-19T19:17:21+00:00\" \/>\n<meta property=\"og:image\" content=\"https:\/\/www.sonoraenequipo.com.mx\/storage\/2023\/04\/actividades-economicas.jpg\" \/>\n\t<meta property=\"og:image:width\" content=\"600\" \/>\n\t<meta property=\"og:image:height\" content=\"400\" \/>\n\t<meta property=\"og:image:type\" content=\"image\/jpeg\" \/>\n<meta name=\"author\" content=\"enequipo\" \/>\n<meta name=\"twitter:card\" content=\"summary_large_image\" \/>\n<meta name=\"twitter:creator\" content=\"@sonoraenequipo\" \/>\n<meta name=\"twitter:site\" content=\"@sonoraenequipo\" \/>\n<meta name=\"twitter:label1\" content=\"Escrito por\" \/>\n\t<meta name=\"twitter:data1\" content=\"enequipo\" \/>\n<script type=\"application\/ld+json\" class=\"yoast-schema-graph\">{\"@context\":\"https:\/\/schema.org\",\"@graph\":[{\"@type\":\"Article\",\"@id\":\"https:\/\/www.sonoraenequipo.com.mx\/inegi-estima-incremento-anual-de-la-actividad-economica-de-1-1-a-julio\/#article\",\"isPartOf\":{\"@id\":\"https:\/\/www.sonoraenequipo.com.mx\/inegi-estima-incremento-anual-de-la-actividad-economica-de-1-1-a-julio\/\"},\"author\":{\"name\":\"enequipo\",\"@id\":\"https:\/\/www.sonoraenequipo.com.mx\/#\/schema\/person\/50102df0fb23a8fa9e8effad8fa81386\"},\"headline\":\"Inegi estima incremento anual de la actividad econ\u00f3mica de 1.1% a julio\",\"datePublished\":\"2024-08-19T19:17:21+00:00\",\"mainEntityOfPage\":{\"@id\":\"https:\/\/www.sonoraenequipo.com.mx\/inegi-estima-incremento-anual-de-la-actividad-economica-de-1-1-a-julio\/\"},\"wordCount\":102,\"commentCount\":0,\"publisher\":{\"@id\":\"https:\/\/www.sonoraenequipo.com.mx\/#organization\"},\"image\":{\"@id\":\"https:\/\/www.sonoraenequipo.com.mx\/inegi-estima-incremento-anual-de-la-actividad-economica-de-1-1-a-julio\/#primaryimage\"},\"thumbnailUrl\":\"https:\/\/www.sonoraenequipo.com.mx\/storage\/2023\/04\/actividades-economicas.jpg\",\"keywords\":[\"econom\u00eda\",\"mexico\"],\"articleSection\":[\"PALABRAS Y N\u00daMEROS\"],\"inLanguage\":\"es\",\"potentialAction\":[{\"@type\":\"CommentAction\",\"name\":\"Comment\",\"target\":[\"https:\/\/www.sonoraenequipo.com.mx\/inegi-estima-incremento-anual-de-la-actividad-economica-de-1-1-a-julio\/#respond\"]}]},{\"@type\":\"WebPage\",\"@id\":\"https:\/\/www.sonoraenequipo.com.mx\/inegi-estima-incremento-anual-de-la-actividad-economica-de-1-1-a-julio\/\",\"url\":\"https:\/\/www.sonoraenequipo.com.mx\/inegi-estima-incremento-anual-de-la-actividad-economica-de-1-1-a-julio\/\",\"name\":\"Sonora en Equipo. Inegi estima incremento anual de la actividad econ\u00f3mica de 1.1% a julio PALABRAS Y N\u00daMEROS\",\"isPartOf\":{\"@id\":\"https:\/\/www.sonoraenequipo.com.mx\/#website\"},\"primaryImageOfPage\":{\"@id\":\"https:\/\/www.sonoraenequipo.com.mx\/inegi-estima-incremento-anual-de-la-actividad-economica-de-1-1-a-julio\/#primaryimage\"},\"image\":{\"@id\":\"https:\/\/www.sonoraenequipo.com.mx\/inegi-estima-incremento-anual-de-la-actividad-economica-de-1-1-a-julio\/#primaryimage\"},\"thumbnailUrl\":\"https:\/\/www.sonoraenequipo.com.mx\/storage\/2023\/04\/actividades-economicas.jpg\",\"datePublished\":\"2024-08-19T19:17:21+00:00\",\"description\":\"&nbsp; HERMOSILLO, SONORA, MX. \u2014 El Instituto Nacional de Estad\u00edstica y Geograf\u00eda (INEGI) presenta los resultados del Indicador Oportuno de la Actividad En Sonora en Equipo publicamos toda la informaci\u00f3n de Sonora, M\u00e9xico y el Mundo de manera oportuna y busca que la libertad de expresi\u00f3n sea real. Visita nuestro medio informativo publicado desde Hermosillo, Sonora. %\",\"breadcrumb\":{\"@id\":\"https:\/\/www.sonoraenequipo.com.mx\/inegi-estima-incremento-anual-de-la-actividad-economica-de-1-1-a-julio\/#breadcrumb\"},\"inLanguage\":\"es\",\"potentialAction\":[{\"@type\":\"ReadAction\",\"target\":[\"https:\/\/www.sonoraenequipo.com.mx\/inegi-estima-incremento-anual-de-la-actividad-economica-de-1-1-a-julio\/\"]}]},{\"@type\":\"ImageObject\",\"inLanguage\":\"es\",\"@id\":\"https:\/\/www.sonoraenequipo.com.mx\/inegi-estima-incremento-anual-de-la-actividad-economica-de-1-1-a-julio\/#primaryimage\",\"url\":\"https:\/\/www.sonoraenequipo.com.mx\/storage\/2023\/04\/actividades-economicas.jpg\",\"contentUrl\":\"https:\/\/www.sonoraenequipo.com.mx\/storage\/2023\/04\/actividades-economicas.jpg\",\"width\":600,\"height\":400},{\"@type\":\"BreadcrumbList\",\"@id\":\"https:\/\/www.sonoraenequipo.com.mx\/inegi-estima-incremento-anual-de-la-actividad-economica-de-1-1-a-julio\/#breadcrumb\",\"itemListElement\":[{\"@type\":\"ListItem\",\"position\":1,\"name\":\"Portada\",\"item\":\"https:\/\/www.sonoraenequipo.com.mx\/\"},{\"@type\":\"ListItem\",\"position\":2,\"name\":\"Inegi estima incremento anual de la actividad econ\u00f3mica de 1.1% a julio\"}]},{\"@type\":\"WebSite\",\"@id\":\"https:\/\/www.sonoraenequipo.com.mx\/#website\",\"url\":\"https:\/\/www.sonoraenequipo.com.mx\/\",\"name\":\"Sonora en Equipo.\",\"description\":\"Diario en l\u00ednea con Noticias desde Hermosillo, Sonora\",\"publisher\":{\"@id\":\"https:\/\/www.sonoraenequipo.com.mx\/#organization\"},\"potentialAction\":[{\"@type\":\"SearchAction\",\"target\":{\"@type\":\"EntryPoint\",\"urlTemplate\":\"https:\/\/www.sonoraenequipo.com.mx\/?s={search_term_string}\"},\"query-input\":{\"@type\":\"PropertyValueSpecification\",\"valueRequired\":true,\"valueName\":\"search_term_string\"}}],\"inLanguage\":\"es\"},{\"@type\":\"Organization\",\"@id\":\"https:\/\/www.sonoraenequipo.com.mx\/#organization\",\"name\":\"Sonoraenequipo.com.mx\",\"url\":\"https:\/\/www.sonoraenequipo.com.mx\/\",\"logo\":{\"@type\":\"ImageObject\",\"inLanguage\":\"es\",\"@id\":\"https:\/\/www.sonoraenequipo.com.mx\/#\/schema\/logo\/image\/\",\"url\":\"https:\/\/www.sonoraenequipo.com.mx\/storage\/2019\/01\/sonoraenequipo_opt.png\",\"contentUrl\":\"https:\/\/www.sonoraenequipo.com.mx\/storage\/2019\/01\/sonoraenequipo_opt.png\",\"width\":375,\"height\":125,\"caption\":\"Sonoraenequipo.com.mx\"},\"image\":{\"@id\":\"https:\/\/www.sonoraenequipo.com.mx\/#\/schema\/logo\/image\/\"},\"sameAs\":[\"https:\/\/www.facebook.com\/SonoraEE\/\",\"https:\/\/x.com\/sonoraenequipo\",\"https:\/\/www.youtube.com\/channel\/UC338nW-lPEYmJQs4ZABQ1SQ\"]},{\"@type\":\"Person\",\"@id\":\"https:\/\/www.sonoraenequipo.com.mx\/#\/schema\/person\/50102df0fb23a8fa9e8effad8fa81386\",\"name\":\"enequipo\",\"image\":{\"@type\":\"ImageObject\",\"inLanguage\":\"es\",\"@id\":\"https:\/\/www.sonoraenequipo.com.mx\/#\/schema\/person\/image\/\",\"url\":\"https:\/\/secure.gravatar.com\/avatar\/049821681b589dabc0bc20695993ccebb09f5b5d4d790cd9251b97faac7c652b?s=96&d=blank&r=g\",\"contentUrl\":\"https:\/\/secure.gravatar.com\/avatar\/049821681b589dabc0bc20695993ccebb09f5b5d4d790cd9251b97faac7c652b?s=96&d=blank&r=g\",\"caption\":\"enequipo\"},\"sameAs\":[\"https:\/\/www.facebook.com\/SonoraEE\"]}]}<\/script>\n ","yoast_head_json":{"title":"Sonora en Equipo. Inegi estima incremento anual de la actividad econ\u00f3mica de 1.1% a julio PALABRAS Y N\u00daMEROS","description":"&nbsp; HERMOSILLO, SONORA, MX. \u2014 El Instituto Nacional de Estad\u00edstica y Geograf\u00eda (INEGI) presenta los resultados del Indicador Oportuno de la Actividad En Sonora en Equipo publicamos toda la informaci\u00f3n de Sonora, M\u00e9xico y el Mundo de manera oportuna y busca que la libertad de expresi\u00f3n sea real. Visita nuestro medio informativo publicado desde Hermosillo, Sonora. %","robots":{"index":"index","follow":"follow","max-snippet":"max-snippet:-1","max-image-preview":"max-image-preview:large","max-video-preview":"max-video-preview:-1"},"canonical":"https:\/\/www.sonoraenequipo.com.mx\/inegi-estima-incremento-anual-de-la-actividad-economica-de-1-1-a-julio\/","og_locale":"es_ES","og_type":"article","og_title":"Sonora en Equipo. Inegi estima incremento anual de la actividad econ\u00f3mica de 1.1% a julio PALABRAS Y N\u00daMEROS","og_description":"&nbsp; HERMOSILLO, SONORA, MX. \u2014 El Instituto Nacional de Estad\u00edstica y Geograf\u00eda (INEGI) presenta los resultados del Indicador Oportuno de la Actividad En Sonora en Equipo publicamos toda la informaci\u00f3n de Sonora, M\u00e9xico y el Mundo de manera oportuna y busca que la libertad de expresi\u00f3n sea real. Visita nuestro medio informativo publicado desde Hermosillo, Sonora. %","og_url":"https:\/\/www.sonoraenequipo.com.mx\/inegi-estima-incremento-anual-de-la-actividad-economica-de-1-1-a-julio\/","og_site_name":"Sonora en Equipo.","article_publisher":"https:\/\/www.facebook.com\/SonoraEE\/","article_author":"https:\/\/www.facebook.com\/SonoraEE","article_published_time":"2024-08-19T19:17:21+00:00","og_image":[{"width":600,"height":400,"url":"https:\/\/www.sonoraenequipo.com.mx\/storage\/2023\/04\/actividades-economicas.jpg","type":"image\/jpeg"}],"author":"enequipo","twitter_card":"summary_large_image","twitter_creator":"@sonoraenequipo","twitter_site":"@sonoraenequipo","twitter_misc":{"Escrito por":"enequipo"},"schema":{"@context":"https:\/\/schema.org","@graph":[{"@type":"Article","@id":"https:\/\/www.sonoraenequipo.com.mx\/inegi-estima-incremento-anual-de-la-actividad-economica-de-1-1-a-julio\/#article","isPartOf":{"@id":"https:\/\/www.sonoraenequipo.com.mx\/inegi-estima-incremento-anual-de-la-actividad-economica-de-1-1-a-julio\/"},"author":{"name":"enequipo","@id":"https:\/\/www.sonoraenequipo.com.mx\/#\/schema\/person\/50102df0fb23a8fa9e8effad8fa81386"},"headline":"Inegi estima incremento anual de la actividad econ\u00f3mica de 1.1% a julio","datePublished":"2024-08-19T19:17:21+00:00","mainEntityOfPage":{"@id":"https:\/\/www.sonoraenequipo.com.mx\/inegi-estima-incremento-anual-de-la-actividad-economica-de-1-1-a-julio\/"},"wordCount":102,"commentCount":0,"publisher":{"@id":"https:\/\/www.sonoraenequipo.com.mx\/#organization"},"image":{"@id":"https:\/\/www.sonoraenequipo.com.mx\/inegi-estima-incremento-anual-de-la-actividad-economica-de-1-1-a-julio\/#primaryimage"},"thumbnailUrl":"https:\/\/www.sonoraenequipo.com.mx\/storage\/2023\/04\/actividades-economicas.jpg","keywords":["econom\u00eda","mexico"],"articleSection":["PALABRAS Y N\u00daMEROS"],"inLanguage":"es","potentialAction":[{"@type":"CommentAction","name":"Comment","target":["https:\/\/www.sonoraenequipo.com.mx\/inegi-estima-incremento-anual-de-la-actividad-economica-de-1-1-a-julio\/#respond"]}]},{"@type":"WebPage","@id":"https:\/\/www.sonoraenequipo.com.mx\/inegi-estima-incremento-anual-de-la-actividad-economica-de-1-1-a-julio\/","url":"https:\/\/www.sonoraenequipo.com.mx\/inegi-estima-incremento-anual-de-la-actividad-economica-de-1-1-a-julio\/","name":"Sonora en Equipo. Inegi estima incremento anual de la actividad econ\u00f3mica de 1.1% a julio PALABRAS Y N\u00daMEROS","isPartOf":{"@id":"https:\/\/www.sonoraenequipo.com.mx\/#website"},"primaryImageOfPage":{"@id":"https:\/\/www.sonoraenequipo.com.mx\/inegi-estima-incremento-anual-de-la-actividad-economica-de-1-1-a-julio\/#primaryimage"},"image":{"@id":"https:\/\/www.sonoraenequipo.com.mx\/inegi-estima-incremento-anual-de-la-actividad-economica-de-1-1-a-julio\/#primaryimage"},"thumbnailUrl":"https:\/\/www.sonoraenequipo.com.mx\/storage\/2023\/04\/actividades-economicas.jpg","datePublished":"2024-08-19T19:17:21+00:00","description":"&nbsp; HERMOSILLO, SONORA, MX. \u2014 El Instituto Nacional de Estad\u00edstica y Geograf\u00eda (INEGI) presenta los resultados del Indicador Oportuno de la Actividad En Sonora en Equipo publicamos toda la informaci\u00f3n de Sonora, M\u00e9xico y el Mundo de manera oportuna y busca que la libertad de expresi\u00f3n sea real. Visita nuestro medio informativo publicado desde Hermosillo, Sonora. %","breadcrumb":{"@id":"https:\/\/www.sonoraenequipo.com.mx\/inegi-estima-incremento-anual-de-la-actividad-economica-de-1-1-a-julio\/#breadcrumb"},"inLanguage":"es","potentialAction":[{"@type":"ReadAction","target":["https:\/\/www.sonoraenequipo.com.mx\/inegi-estima-incremento-anual-de-la-actividad-economica-de-1-1-a-julio\/"]}]},{"@type":"ImageObject","inLanguage":"es","@id":"https:\/\/www.sonoraenequipo.com.mx\/inegi-estima-incremento-anual-de-la-actividad-economica-de-1-1-a-julio\/#primaryimage","url":"https:\/\/www.sonoraenequipo.com.mx\/storage\/2023\/04\/actividades-economicas.jpg","contentUrl":"https:\/\/www.sonoraenequipo.com.mx\/storage\/2023\/04\/actividades-economicas.jpg","width":600,"height":400},{"@type":"BreadcrumbList","@id":"https:\/\/www.sonoraenequipo.com.mx\/inegi-estima-incremento-anual-de-la-actividad-economica-de-1-1-a-julio\/#breadcrumb","itemListElement":[{"@type":"ListItem","position":1,"name":"Portada","item":"https:\/\/www.sonoraenequipo.com.mx\/"},{"@type":"ListItem","position":2,"name":"Inegi estima incremento anual de la actividad econ\u00f3mica de 1.1% a julio"}]},{"@type":"WebSite","@id":"https:\/\/www.sonoraenequipo.com.mx\/#website","url":"https:\/\/www.sonoraenequipo.com.mx\/","name":"Sonora en Equipo.","description":"Diario en l\u00ednea con Noticias desde Hermosillo, Sonora","publisher":{"@id":"https:\/\/www.sonoraenequipo.com.mx\/#organization"},"potentialAction":[{"@type":"SearchAction","target":{"@type":"EntryPoint","urlTemplate":"https:\/\/www.sonoraenequipo.com.mx\/?s={search_term_string}"},"query-input":{"@type":"PropertyValueSpecification","valueRequired":true,"valueName":"search_term_string"}}],"inLanguage":"es"},{"@type":"Organization","@id":"https:\/\/www.sonoraenequipo.com.mx\/#organization","name":"Sonoraenequipo.com.mx","url":"https:\/\/www.sonoraenequipo.com.mx\/","logo":{"@type":"ImageObject","inLanguage":"es","@id":"https:\/\/www.sonoraenequipo.com.mx\/#\/schema\/logo\/image\/","url":"https:\/\/www.sonoraenequipo.com.mx\/storage\/2019\/01\/sonoraenequipo_opt.png","contentUrl":"https:\/\/www.sonoraenequipo.com.mx\/storage\/2019\/01\/sonoraenequipo_opt.png","width":375,"height":125,"caption":"Sonoraenequipo.com.mx"},"image":{"@id":"https:\/\/www.sonoraenequipo.com.mx\/#\/schema\/logo\/image\/"},"sameAs":["https:\/\/www.facebook.com\/SonoraEE\/","https:\/\/x.com\/sonoraenequipo","https:\/\/www.youtube.com\/channel\/UC338nW-lPEYmJQs4ZABQ1SQ"]},{"@type":"Person","@id":"https:\/\/www.sonoraenequipo.com.mx\/#\/schema\/person\/50102df0fb23a8fa9e8effad8fa81386","name":"enequipo","image":{"@type":"ImageObject","inLanguage":"es","@id":"https:\/\/www.sonoraenequipo.com.mx\/#\/schema\/person\/image\/","url":"https:\/\/secure.gravatar.com\/avatar\/049821681b589dabc0bc20695993ccebb09f5b5d4d790cd9251b97faac7c652b?s=96&d=blank&r=g","contentUrl":"https:\/\/secure.gravatar.com\/avatar\/049821681b589dabc0bc20695993ccebb09f5b5d4d790cd9251b97faac7c652b?s=96&d=blank&r=g","caption":"enequipo"},"sameAs":["https:\/\/www.facebook.com\/SonoraEE"]}]}},"jetpack_featured_media_url":"https:\/\/www.sonoraenequipo.com.mx\/storage\/2023\/04\/actividades-economicas.jpg","_links":{"self":[{"href":"https:\/\/www.sonoraenequipo.com.mx\/api\/wp\/v2\/posts\/197232","targetHints":{"allow":["GET"]}}],"collection":[{"href":"https:\/\/www.sonoraenequipo.com.mx\/api\/wp\/v2\/posts"}],"about":[{"href":"https:\/\/www.sonoraenequipo.com.mx\/api\/wp\/v2\/types\/post"}],"author":[{"embeddable":true,"href":"https:\/\/www.sonoraenequipo.com.mx\/api\/wp\/v2\/users\/1"}],"replies":[{"embeddable":true,"href":"https:\/\/www.sonoraenequipo.com.mx\/api\/wp\/v2\/comments?post=197232"}],"version-history":[{"count":1,"href":"https:\/\/www.sonoraenequipo.com.mx\/api\/wp\/v2\/posts\/197232\/revisions"}],"predecessor-version":[{"id":197233,"href":"https:\/\/www.sonoraenequipo.com.mx\/api\/wp\/v2\/posts\/197232\/revisions\/197233"}],"wp:featuredmedia":[{"embeddable":true,"href":"https:\/\/www.sonoraenequipo.com.mx\/api\/wp\/v2\/media\/164214"}],"wp:attachment":[{"href":"https:\/\/www.sonoraenequipo.com.mx\/api\/wp\/v2\/media?parent=197232"}],"wp:term":[{"taxonomy":"category","embeddable":true,"href":"https:\/\/www.sonoraenequipo.com.mx\/api\/wp\/v2\/categories?post=197232"},{"taxonomy":"post_tag","embeddable":true,"href":"https:\/\/www.sonoraenequipo.com.mx\/api\/wp\/v2\/tags?post=197232"}],"curies":[{"name":"wp","href":"https:\/\/api.w.org\/{rel}","templated":true}]}}