{"id":197243,"date":"2024-08-19T07:35:31","date_gmt":"2024-08-19T14:35:31","guid":{"rendered":"https:\/\/www.sonoraenequipo.com.mx\/?p=197243"},"modified":"2024-08-19T14:35:33","modified_gmt":"2024-08-19T21:35:33","slug":"se-incendia-rueda-de-la-fortuna-y-65-personas-resultan-heridas-en-alemania","status":"publish","type":"post","link":"https:\/\/www.sonoraenequipo.com.mx\/se-incendia-rueda-de-la-fortuna-y-65-personas-resultan-heridas-en-alemania\/","title":{"rendered":"Se incendia rueda de la fortuna y 65 personas resultan heridas en Alemania."},"content":{"rendered":"<p><strong>ALEMANIA.<\/strong> \u2014 La Polic\u00eda de Sajonia, inform\u00f3 el domingo de que un total de 65 personas necesitaron atenci\u00f3n m\u00e9dica en la noche del s\u00e1bado por culpa de un incendio de una rueda de la fortuna de 38 metros de altura en un festival celebrado en el municipio de Gro\u00dfp\u00f6sna, cerca de la ciudad de Leipzig.<\/p>\n<p>&nbsp;<\/p>\n<p>&nbsp;<\/p>\n<p> <\/p>\n<p>De esas 65 personas, 16 quedaron heridas y fueron trasladadas desde el lugar de los hechos a varios hospitales, seg\u00fan un comunicado policial, el cual asegur\u00f3 que no se teme por la vida de ninguno de los heridos.<\/p>\n<p>&nbsp;<\/p>\n<p>&nbsp;<\/p>\n<p>&nbsp;<\/p>\n<p>El fuego pudo ser extinguido gracias a las labores de los bomberos, mientras que a cuatro heridos hubo que atenderles por quemaduras mientras que otra persona sufri\u00f3 lesiones por una ca\u00edda.<\/p>\n<p>&nbsp;<\/p>\n<p>&nbsp;<\/p>\n<p>Entre los heridos, hubo quienes recibieron cuidados m\u00e9dicos por haber estado en contacto con el humo del incendio, seg\u00fan un comunicado policial.<\/p>\n<p>&nbsp;<\/p>\n<p>&nbsp;<\/p>\n<p>El hecho se produjo al iniciarse sobre las 19:0 GMT del s\u00e1bado un fuego que afect\u00f3 principalmente a dos cabinas de las 24 que compon\u00edan la noria, luego de incendiarse primero el material situado bajo la noria por motivos que se desconocen a\u00fan.<\/p>\n<p>&nbsp;<\/p>\n<p>&nbsp;<\/p>\n<p>PUBLICADO EL 19 AGOSTO DE 2024 Con informaci\u00f3n de AFP)<\/p>\n","protected":false},"excerpt":{"rendered":"<p>ALEMANIA. \u2014 La Polic\u00eda de Sajonia, inform\u00f3 el domingo de que un total de 65&#8230;<\/p>\n","protected":false},"author":1,"featured_media":197259,"comment_status":"open","ping_status":"open","sticky":false,"template":"","format":"standard","meta":{"_monsterinsights_skip_tracking":false,"_monsterinsights_sitenote_active":false,"_monsterinsights_sitenote_note":"","_monsterinsights_sitenote_category":0,"footnotes":""},"categories":[3],"tags":[],"class_list":["post"],"yoast_head":" \n<title>Sonora en Equipo. Se incendia rueda de la fortuna y 65 personas resultan heridas en Alemania. MUNDO<\/title>\n<meta name=\"description\" content=\"ALEMANIA. \u2014 La Polic\u00eda de Sajonia, inform\u00f3 el domingo de que un total de 65 personas necesitaron atenci\u00f3n m\u00e9dica en la noche del s\u00e1bado por culpa de un En Sonora en Equipo publicamos toda la informaci\u00f3n de Sonora, M\u00e9xico y el Mundo de manera oportuna y busca que la libertad de expresi\u00f3n sea real. Visita nuestro medio informativo publicado desde Hermosillo, Sonora. %\" \/>\n<meta name=\"robots\" content=\"index, follow, max-snippet:-1, max-image-preview:large, max-video-preview:-1\" \/>\n<link rel=\"canonical\" href=\"https:\/\/www.sonoraenequipo.com.mx\/se-incendia-rueda-de-la-fortuna-y-65-personas-resultan-heridas-en-alemania\/\" \/>\n<meta property=\"og:locale\" content=\"es_ES\" \/>\n<meta property=\"og:type\" content=\"article\" \/>\n<meta property=\"og:title\" content=\"Sonora en Equipo. Se incendia rueda de la fortuna y 65 personas resultan heridas en Alemania. MUNDO\" \/>\n<meta property=\"og:description\" content=\"ALEMANIA. \u2014 La Polic\u00eda de Sajonia, inform\u00f3 el domingo de que un total de 65 personas necesitaron atenci\u00f3n m\u00e9dica en la noche del s\u00e1bado por culpa de un En Sonora en Equipo publicamos toda la informaci\u00f3n de Sonora, M\u00e9xico y el Mundo de manera oportuna y busca que la libertad de expresi\u00f3n sea real. Visita nuestro medio informativo publicado desde Hermosillo, Sonora. %\" \/>\n<meta property=\"og:url\" content=\"https:\/\/www.sonoraenequipo.com.mx\/se-incendia-rueda-de-la-fortuna-y-65-personas-resultan-heridas-en-alemania\/\" \/>\n<meta property=\"og:site_name\" content=\"Sonora en Equipo.\" \/>\n<meta property=\"article:publisher\" content=\"https:\/\/www.facebook.com\/SonoraEE\/\" \/>\n<meta property=\"article:author\" content=\"https:\/\/www.facebook.com\/SonoraEE\" \/>\n<meta property=\"article:published_time\" content=\"2024-08-19T14:35:31+00:00\" \/>\n<meta property=\"article:modified_time\" content=\"2024-08-19T21:35:33+00:00\" \/>\n<meta property=\"og:image\" content=\"https:\/\/www.sonoraenequipo.com.mx\/storage\/2024\/08\/rueda-de-la-fortuna-en-Alemania-se-incendia-min.jpg\" \/>\n\t<meta property=\"og:image:width\" content=\"900\" \/>\n\t<meta property=\"og:image:height\" content=\"450\" \/>\n\t<meta property=\"og:image:type\" content=\"image\/jpeg\" \/>\n<meta name=\"author\" content=\"enequipo\" \/>\n<meta name=\"twitter:card\" content=\"summary_large_image\" \/>\n<meta name=\"twitter:creator\" content=\"@sonoraenequipo\" \/>\n<meta name=\"twitter:site\" content=\"@sonoraenequipo\" \/>\n<meta name=\"twitter:label1\" content=\"Escrito por\" \/>\n\t<meta name=\"twitter:data1\" content=\"enequipo\" \/>\n\t<meta name=\"twitter:label2\" content=\"Tiempo de lectura\" \/>\n\t<meta name=\"twitter:data2\" content=\"1 minuto\" \/>\n<script type=\"application\/ld+json\" class=\"yoast-schema-graph\">{\"@context\":\"https:\/\/schema.org\",\"@graph\":[{\"@type\":\"Article\",\"@id\":\"https:\/\/www.sonoraenequipo.com.mx\/se-incendia-rueda-de-la-fortuna-y-65-personas-resultan-heridas-en-alemania\/#article\",\"isPartOf\":{\"@id\":\"https:\/\/www.sonoraenequipo.com.mx\/se-incendia-rueda-de-la-fortuna-y-65-personas-resultan-heridas-en-alemania\/\"},\"author\":{\"name\":\"enequipo\",\"@id\":\"https:\/\/www.sonoraenequipo.com.mx\/#\/schema\/person\/50102df0fb23a8fa9e8effad8fa81386\"},\"headline\":\"Se incendia rueda de la fortuna y 65 personas resultan heridas en Alemania.\",\"datePublished\":\"2024-08-19T14:35:31+00:00\",\"dateModified\":\"2024-08-19T21:35:33+00:00\",\"mainEntityOfPage\":{\"@id\":\"https:\/\/www.sonoraenequipo.com.mx\/se-incendia-rueda-de-la-fortuna-y-65-personas-resultan-heridas-en-alemania\/\"},\"wordCount\":227,\"commentCount\":0,\"publisher\":{\"@id\":\"https:\/\/www.sonoraenequipo.com.mx\/#organization\"},\"image\":{\"@id\":\"https:\/\/www.sonoraenequipo.com.mx\/se-incendia-rueda-de-la-fortuna-y-65-personas-resultan-heridas-en-alemania\/#primaryimage\"},\"thumbnailUrl\":\"https:\/\/www.sonoraenequipo.com.mx\/storage\/2024\/08\/rueda-de-la-fortuna-en-Alemania-se-incendia-min.jpg\",\"articleSection\":[\"MUNDO\"],\"inLanguage\":\"es\",\"potentialAction\":[{\"@type\":\"CommentAction\",\"name\":\"Comment\",\"target\":[\"https:\/\/www.sonoraenequipo.com.mx\/se-incendia-rueda-de-la-fortuna-y-65-personas-resultan-heridas-en-alemania\/#respond\"]}]},{\"@type\":\"WebPage\",\"@id\":\"https:\/\/www.sonoraenequipo.com.mx\/se-incendia-rueda-de-la-fortuna-y-65-personas-resultan-heridas-en-alemania\/\",\"url\":\"https:\/\/www.sonoraenequipo.com.mx\/se-incendia-rueda-de-la-fortuna-y-65-personas-resultan-heridas-en-alemania\/\",\"name\":\"Sonora en Equipo. Se incendia rueda de la fortuna y 65 personas resultan heridas en Alemania. MUNDO\",\"isPartOf\":{\"@id\":\"https:\/\/www.sonoraenequipo.com.mx\/#website\"},\"primaryImageOfPage\":{\"@id\":\"https:\/\/www.sonoraenequipo.com.mx\/se-incendia-rueda-de-la-fortuna-y-65-personas-resultan-heridas-en-alemania\/#primaryimage\"},\"image\":{\"@id\":\"https:\/\/www.sonoraenequipo.com.mx\/se-incendia-rueda-de-la-fortuna-y-65-personas-resultan-heridas-en-alemania\/#primaryimage\"},\"thumbnailUrl\":\"https:\/\/www.sonoraenequipo.com.mx\/storage\/2024\/08\/rueda-de-la-fortuna-en-Alemania-se-incendia-min.jpg\",\"datePublished\":\"2024-08-19T14:35:31+00:00\",\"dateModified\":\"2024-08-19T21:35:33+00:00\",\"description\":\"ALEMANIA. \u2014 La Polic\u00eda de Sajonia, inform\u00f3 el domingo de que un total de 65 personas necesitaron atenci\u00f3n m\u00e9dica en la noche del s\u00e1bado por culpa de un En Sonora en Equipo publicamos toda la informaci\u00f3n de Sonora, M\u00e9xico y el Mundo de manera oportuna y busca que la libertad de expresi\u00f3n sea real. Visita nuestro medio informativo publicado desde Hermosillo, Sonora. %\",\"breadcrumb\":{\"@id\":\"https:\/\/www.sonoraenequipo.com.mx\/se-incendia-rueda-de-la-fortuna-y-65-personas-resultan-heridas-en-alemania\/#breadcrumb\"},\"inLanguage\":\"es\",\"potentialAction\":[{\"@type\":\"ReadAction\",\"target\":[\"https:\/\/www.sonoraenequipo.com.mx\/se-incendia-rueda-de-la-fortuna-y-65-personas-resultan-heridas-en-alemania\/\"]}]},{\"@type\":\"ImageObject\",\"inLanguage\":\"es\",\"@id\":\"https:\/\/www.sonoraenequipo.com.mx\/se-incendia-rueda-de-la-fortuna-y-65-personas-resultan-heridas-en-alemania\/#primaryimage\",\"url\":\"https:\/\/www.sonoraenequipo.com.mx\/storage\/2024\/08\/rueda-de-la-fortuna-en-Alemania-se-incendia-min.jpg\",\"contentUrl\":\"https:\/\/www.sonoraenequipo.com.mx\/storage\/2024\/08\/rueda-de-la-fortuna-en-Alemania-se-incendia-min.jpg\",\"width\":900,\"height\":450},{\"@type\":\"BreadcrumbList\",\"@id\":\"https:\/\/www.sonoraenequipo.com.mx\/se-incendia-rueda-de-la-fortuna-y-65-personas-resultan-heridas-en-alemania\/#breadcrumb\",\"itemListElement\":[{\"@type\":\"ListItem\",\"position\":1,\"name\":\"Portada\",\"item\":\"https:\/\/www.sonoraenequipo.com.mx\/\"},{\"@type\":\"ListItem\",\"position\":2,\"name\":\"Se incendia rueda de la fortuna y 65 personas resultan heridas en Alemania.\"}]},{\"@type\":\"WebSite\",\"@id\":\"https:\/\/www.sonoraenequipo.com.mx\/#website\",\"url\":\"https:\/\/www.sonoraenequipo.com.mx\/\",\"name\":\"Sonora en Equipo.\",\"description\":\"Diario en l\u00ednea con Noticias desde Hermosillo, Sonora\",\"publisher\":{\"@id\":\"https:\/\/www.sonoraenequipo.com.mx\/#organization\"},\"potentialAction\":[{\"@type\":\"SearchAction\",\"target\":{\"@type\":\"EntryPoint\",\"urlTemplate\":\"https:\/\/www.sonoraenequipo.com.mx\/?s={search_term_string}\"},\"query-input\":{\"@type\":\"PropertyValueSpecification\",\"valueRequired\":true,\"valueName\":\"search_term_string\"}}],\"inLanguage\":\"es\"},{\"@type\":\"Organization\",\"@id\":\"https:\/\/www.sonoraenequipo.com.mx\/#organization\",\"name\":\"Sonoraenequipo.com.mx\",\"url\":\"https:\/\/www.sonoraenequipo.com.mx\/\",\"logo\":{\"@type\":\"ImageObject\",\"inLanguage\":\"es\",\"@id\":\"https:\/\/www.sonoraenequipo.com.mx\/#\/schema\/logo\/image\/\",\"url\":\"https:\/\/www.sonoraenequipo.com.mx\/storage\/2019\/01\/sonoraenequipo_opt.png\",\"contentUrl\":\"https:\/\/www.sonoraenequipo.com.mx\/storage\/2019\/01\/sonoraenequipo_opt.png\",\"width\":375,\"height\":125,\"caption\":\"Sonoraenequipo.com.mx\"},\"image\":{\"@id\":\"https:\/\/www.sonoraenequipo.com.mx\/#\/schema\/logo\/image\/\"},\"sameAs\":[\"https:\/\/www.facebook.com\/SonoraEE\/\",\"https:\/\/x.com\/sonoraenequipo\",\"https:\/\/www.youtube.com\/channel\/UC338nW-lPEYmJQs4ZABQ1SQ\"]},{\"@type\":\"Person\",\"@id\":\"https:\/\/www.sonoraenequipo.com.mx\/#\/schema\/person\/50102df0fb23a8fa9e8effad8fa81386\",\"name\":\"enequipo\",\"image\":{\"@type\":\"ImageObject\",\"inLanguage\":\"es\",\"@id\":\"https:\/\/www.sonoraenequipo.com.mx\/#\/schema\/person\/image\/\",\"url\":\"https:\/\/secure.gravatar.com\/avatar\/049821681b589dabc0bc20695993ccebb09f5b5d4d790cd9251b97faac7c652b?s=96&d=blank&r=g\",\"contentUrl\":\"https:\/\/secure.gravatar.com\/avatar\/049821681b589dabc0bc20695993ccebb09f5b5d4d790cd9251b97faac7c652b?s=96&d=blank&r=g\",\"caption\":\"enequipo\"},\"sameAs\":[\"https:\/\/www.facebook.com\/SonoraEE\"]}]}<\/script>\n ","yoast_head_json":{"title":"Sonora en Equipo. Se incendia rueda de la fortuna y 65 personas resultan heridas en Alemania. MUNDO","description":"ALEMANIA. \u2014 La Polic\u00eda de Sajonia, inform\u00f3 el domingo de que un total de 65 personas necesitaron atenci\u00f3n m\u00e9dica en la noche del s\u00e1bado por culpa de un En Sonora en Equipo publicamos toda la informaci\u00f3n de Sonora, M\u00e9xico y el Mundo de manera oportuna y busca que la libertad de expresi\u00f3n sea real. Visita nuestro medio informativo publicado desde Hermosillo, Sonora. %","robots":{"index":"index","follow":"follow","max-snippet":"max-snippet:-1","max-image-preview":"max-image-preview:large","max-video-preview":"max-video-preview:-1"},"canonical":"https:\/\/www.sonoraenequipo.com.mx\/se-incendia-rueda-de-la-fortuna-y-65-personas-resultan-heridas-en-alemania\/","og_locale":"es_ES","og_type":"article","og_title":"Sonora en Equipo. Se incendia rueda de la fortuna y 65 personas resultan heridas en Alemania. MUNDO","og_description":"ALEMANIA. \u2014 La Polic\u00eda de Sajonia, inform\u00f3 el domingo de que un total de 65 personas necesitaron atenci\u00f3n m\u00e9dica en la noche del s\u00e1bado por culpa de un En Sonora en Equipo publicamos toda la informaci\u00f3n de Sonora, M\u00e9xico y el Mundo de manera oportuna y busca que la libertad de expresi\u00f3n sea real. Visita nuestro medio informativo publicado desde Hermosillo, Sonora. %","og_url":"https:\/\/www.sonoraenequipo.com.mx\/se-incendia-rueda-de-la-fortuna-y-65-personas-resultan-heridas-en-alemania\/","og_site_name":"Sonora en Equipo.","article_publisher":"https:\/\/www.facebook.com\/SonoraEE\/","article_author":"https:\/\/www.facebook.com\/SonoraEE","article_published_time":"2024-08-19T14:35:31+00:00","article_modified_time":"2024-08-19T21:35:33+00:00","og_image":[{"width":900,"height":450,"url":"https:\/\/www.sonoraenequipo.com.mx\/storage\/2024\/08\/rueda-de-la-fortuna-en-Alemania-se-incendia-min.jpg","type":"image\/jpeg"}],"author":"enequipo","twitter_card":"summary_large_image","twitter_creator":"@sonoraenequipo","twitter_site":"@sonoraenequipo","twitter_misc":{"Escrito por":"enequipo","Tiempo de lectura":"1 minuto"},"schema":{"@context":"https:\/\/schema.org","@graph":[{"@type":"Article","@id":"https:\/\/www.sonoraenequipo.com.mx\/se-incendia-rueda-de-la-fortuna-y-65-personas-resultan-heridas-en-alemania\/#article","isPartOf":{"@id":"https:\/\/www.sonoraenequipo.com.mx\/se-incendia-rueda-de-la-fortuna-y-65-personas-resultan-heridas-en-alemania\/"},"author":{"name":"enequipo","@id":"https:\/\/www.sonoraenequipo.com.mx\/#\/schema\/person\/50102df0fb23a8fa9e8effad8fa81386"},"headline":"Se incendia rueda de la fortuna y 65 personas resultan heridas en Alemania.","datePublished":"2024-08-19T14:35:31+00:00","dateModified":"2024-08-19T21:35:33+00:00","mainEntityOfPage":{"@id":"https:\/\/www.sonoraenequipo.com.mx\/se-incendia-rueda-de-la-fortuna-y-65-personas-resultan-heridas-en-alemania\/"},"wordCount":227,"commentCount":0,"publisher":{"@id":"https:\/\/www.sonoraenequipo.com.mx\/#organization"},"image":{"@id":"https:\/\/www.sonoraenequipo.com.mx\/se-incendia-rueda-de-la-fortuna-y-65-personas-resultan-heridas-en-alemania\/#primaryimage"},"thumbnailUrl":"https:\/\/www.sonoraenequipo.com.mx\/storage\/2024\/08\/rueda-de-la-fortuna-en-Alemania-se-incendia-min.jpg","articleSection":["MUNDO"],"inLanguage":"es","potentialAction":[{"@type":"CommentAction","name":"Comment","target":["https:\/\/www.sonoraenequipo.com.mx\/se-incendia-rueda-de-la-fortuna-y-65-personas-resultan-heridas-en-alemania\/#respond"]}]},{"@type":"WebPage","@id":"https:\/\/www.sonoraenequipo.com.mx\/se-incendia-rueda-de-la-fortuna-y-65-personas-resultan-heridas-en-alemania\/","url":"https:\/\/www.sonoraenequipo.com.mx\/se-incendia-rueda-de-la-fortuna-y-65-personas-resultan-heridas-en-alemania\/","name":"Sonora en Equipo. Se incendia rueda de la fortuna y 65 personas resultan heridas en Alemania. MUNDO","isPartOf":{"@id":"https:\/\/www.sonoraenequipo.com.mx\/#website"},"primaryImageOfPage":{"@id":"https:\/\/www.sonoraenequipo.com.mx\/se-incendia-rueda-de-la-fortuna-y-65-personas-resultan-heridas-en-alemania\/#primaryimage"},"image":{"@id":"https:\/\/www.sonoraenequipo.com.mx\/se-incendia-rueda-de-la-fortuna-y-65-personas-resultan-heridas-en-alemania\/#primaryimage"},"thumbnailUrl":"https:\/\/www.sonoraenequipo.com.mx\/storage\/2024\/08\/rueda-de-la-fortuna-en-Alemania-se-incendia-min.jpg","datePublished":"2024-08-19T14:35:31+00:00","dateModified":"2024-08-19T21:35:33+00:00","description":"ALEMANIA. \u2014 La Polic\u00eda de Sajonia, inform\u00f3 el domingo de que un total de 65 personas necesitaron atenci\u00f3n m\u00e9dica en la noche del s\u00e1bado por culpa de un En Sonora en Equipo publicamos toda la informaci\u00f3n de Sonora, M\u00e9xico y el Mundo de manera oportuna y busca que la libertad de expresi\u00f3n sea real. Visita nuestro medio informativo publicado desde Hermosillo, Sonora. %","breadcrumb":{"@id":"https:\/\/www.sonoraenequipo.com.mx\/se-incendia-rueda-de-la-fortuna-y-65-personas-resultan-heridas-en-alemania\/#breadcrumb"},"inLanguage":"es","potentialAction":[{"@type":"ReadAction","target":["https:\/\/www.sonoraenequipo.com.mx\/se-incendia-rueda-de-la-fortuna-y-65-personas-resultan-heridas-en-alemania\/"]}]},{"@type":"ImageObject","inLanguage":"es","@id":"https:\/\/www.sonoraenequipo.com.mx\/se-incendia-rueda-de-la-fortuna-y-65-personas-resultan-heridas-en-alemania\/#primaryimage","url":"https:\/\/www.sonoraenequipo.com.mx\/storage\/2024\/08\/rueda-de-la-fortuna-en-Alemania-se-incendia-min.jpg","contentUrl":"https:\/\/www.sonoraenequipo.com.mx\/storage\/2024\/08\/rueda-de-la-fortuna-en-Alemania-se-incendia-min.jpg","width":900,"height":450},{"@type":"BreadcrumbList","@id":"https:\/\/www.sonoraenequipo.com.mx\/se-incendia-rueda-de-la-fortuna-y-65-personas-resultan-heridas-en-alemania\/#breadcrumb","itemListElement":[{"@type":"ListItem","position":1,"name":"Portada","item":"https:\/\/www.sonoraenequipo.com.mx\/"},{"@type":"ListItem","position":2,"name":"Se incendia rueda de la fortuna y 65 personas resultan heridas en Alemania."}]},{"@type":"WebSite","@id":"https:\/\/www.sonoraenequipo.com.mx\/#website","url":"https:\/\/www.sonoraenequipo.com.mx\/","name":"Sonora en Equipo.","description":"Diario en l\u00ednea con Noticias desde Hermosillo, Sonora","publisher":{"@id":"https:\/\/www.sonoraenequipo.com.mx\/#organization"},"potentialAction":[{"@type":"SearchAction","target":{"@type":"EntryPoint","urlTemplate":"https:\/\/www.sonoraenequipo.com.mx\/?s={search_term_string}"},"query-input":{"@type":"PropertyValueSpecification","valueRequired":true,"valueName":"search_term_string"}}],"inLanguage":"es"},{"@type":"Organization","@id":"https:\/\/www.sonoraenequipo.com.mx\/#organization","name":"Sonoraenequipo.com.mx","url":"https:\/\/www.sonoraenequipo.com.mx\/","logo":{"@type":"ImageObject","inLanguage":"es","@id":"https:\/\/www.sonoraenequipo.com.mx\/#\/schema\/logo\/image\/","url":"https:\/\/www.sonoraenequipo.com.mx\/storage\/2019\/01\/sonoraenequipo_opt.png","contentUrl":"https:\/\/www.sonoraenequipo.com.mx\/storage\/2019\/01\/sonoraenequipo_opt.png","width":375,"height":125,"caption":"Sonoraenequipo.com.mx"},"image":{"@id":"https:\/\/www.sonoraenequipo.com.mx\/#\/schema\/logo\/image\/"},"sameAs":["https:\/\/www.facebook.com\/SonoraEE\/","https:\/\/x.com\/sonoraenequipo","https:\/\/www.youtube.com\/channel\/UC338nW-lPEYmJQs4ZABQ1SQ"]},{"@type":"Person","@id":"https:\/\/www.sonoraenequipo.com.mx\/#\/schema\/person\/50102df0fb23a8fa9e8effad8fa81386","name":"enequipo","image":{"@type":"ImageObject","inLanguage":"es","@id":"https:\/\/www.sonoraenequipo.com.mx\/#\/schema\/person\/image\/","url":"https:\/\/secure.gravatar.com\/avatar\/049821681b589dabc0bc20695993ccebb09f5b5d4d790cd9251b97faac7c652b?s=96&d=blank&r=g","contentUrl":"https:\/\/secure.gravatar.com\/avatar\/049821681b589dabc0bc20695993ccebb09f5b5d4d790cd9251b97faac7c652b?s=96&d=blank&r=g","caption":"enequipo"},"sameAs":["https:\/\/www.facebook.com\/SonoraEE"]}]}},"jetpack_featured_media_url":"https:\/\/www.sonoraenequipo.com.mx\/storage\/2024\/08\/rueda-de-la-fortuna-en-Alemania-se-incendia-min.jpg","_links":{"self":[{"href":"https:\/\/www.sonoraenequipo.com.mx\/api\/wp\/v2\/posts\/197243","targetHints":{"allow":["GET"]}}],"collection":[{"href":"https:\/\/www.sonoraenequipo.com.mx\/api\/wp\/v2\/posts"}],"about":[{"href":"https:\/\/www.sonoraenequipo.com.mx\/api\/wp\/v2\/types\/post"}],"author":[{"embeddable":true,"href":"https:\/\/www.sonoraenequipo.com.mx\/api\/wp\/v2\/users\/1"}],"replies":[{"embeddable":true,"href":"https:\/\/www.sonoraenequipo.com.mx\/api\/wp\/v2\/comments?post=197243"}],"version-history":[{"count":1,"href":"https:\/\/www.sonoraenequipo.com.mx\/api\/wp\/v2\/posts\/197243\/revisions"}],"predecessor-version":[{"id":197263,"href":"https:\/\/www.sonoraenequipo.com.mx\/api\/wp\/v2\/posts\/197243\/revisions\/197263"}],"wp:featuredmedia":[{"embeddable":true,"href":"https:\/\/www.sonoraenequipo.com.mx\/api\/wp\/v2\/media\/197259"}],"wp:attachment":[{"href":"https:\/\/www.sonoraenequipo.com.mx\/api\/wp\/v2\/media?parent=197243"}],"wp:term":[{"taxonomy":"category","embeddable":true,"href":"https:\/\/www.sonoraenequipo.com.mx\/api\/wp\/v2\/categories?post=197243"},{"taxonomy":"post_tag","embeddable":true,"href":"https:\/\/www.sonoraenequipo.com.mx\/api\/wp\/v2\/tags?post=197243"}],"curies":[{"name":"wp","href":"https:\/\/api.w.org\/{rel}","templated":true}]}}