{"id":197272,"date":"2024-08-19T15:07:43","date_gmt":"2024-08-19T22:07:43","guid":{"rendered":"https:\/\/www.sonoraenequipo.com.mx\/?p=197272"},"modified":"2024-08-19T15:27:19","modified_gmt":"2024-08-19T22:27:19","slug":"convencion-democrata-comienza-hoy-en-chicago","status":"publish","type":"post","link":"https:\/\/www.sonoraenequipo.com.mx\/convencion-democrata-comienza-hoy-en-chicago\/","title":{"rendered":"Convenci\u00f3n Dem\u00f3crata comienza hoy en Chicago"},"content":{"rendered":"<p><strong>CHICAGO, ESTADOS UNIDOS. \u2014 <\/strong>&#8211; La Convenci\u00f3n Nacional Dem\u00f3crata comienza este lunes en Chicago despu\u00e9s de unas semanas alocadas en las que el partido cambi\u00f3 a su candidato, lo que puso patas arriba lo que ya era un a\u00f1o de campa\u00f1a sin precedentes.<\/p>\n<p>&nbsp;<\/p>\n<p>&nbsp;<\/p>\n<p>&nbsp;<\/p>\n<p> <br \/>\nCon la salida del presidente Joe Biden de la campa\u00f1a y el r\u00e1pido ascenso de la vicepresidenta Kamala Harris a la cima de la lista, los dem\u00f3cratas esencialmente han reestructurado la lucha de las elecciones generales contra el candidato republicano y expresidente Donald Trump apenas unos meses antes de las primeras votaciones.<\/p>\n<p>&nbsp;<\/p>\n<p>&nbsp;<\/p>\n<p>&nbsp;<\/p>\n<p>El redise\u00f1o de la campa\u00f1a tambi\u00e9n ha requerido cambios en la plataforma que adoptar\u00e1n los funcionarios del partido antes de los procedimientos en Chicago, as\u00ed como reconfiguraciones f\u00edsicas de la se\u00f1alizaci\u00f3n y otros materiales dentro y alrededor del sal\u00f3n de la convenci\u00f3n, para reflejar la nueva lista de los dem\u00f3cratas.<\/p>\n<p>&nbsp;<\/p>\n<p><strong>Aqu\u00ed otros detalles sobre el evento:<\/strong><\/p>\n<p>&nbsp;<\/p>\n<p>&nbsp;<\/p>\n<h3>\u00bfCU\u00c1NDO ES LA CONVENCI\u00d3N NACIONAL DEM\u00d3CRATA?<\/h3>\n<p>&nbsp;<\/p>\n<p>&nbsp;<\/p>\n<p>Comienza hoy y se extiende hasta el jueves, con discursos televisados y actividad en el pleno todas las noches en horario de m\u00e1xima audiencia. No se ha publicado un programa completo, pero se espera que Harris, su compa\u00f1ero de f\u00f3rmula, el gobernador de Minnesota Tim Walz, Biden, los expresidentes Barack Obama y Bill Clinton; la candidata de 2016 Hillary Clinton, y la exprimera dama Michelle Obama hablen durante la programaci\u00f3n vespertina de la semana.<\/p>\n<p>&nbsp;<\/p>\n<h3>\u00bfQU\u00c9 CANAL LA TRANSMITIR\u00c1?<\/h3>\n<p>&nbsp;<\/p>\n<p>Se transmitir\u00e1n en vivo los acontecimientos en m\u00e1s de una docena de plataformas, incluido el sitio web de la convenci\u00f3n y en la red social X. Por primera vez en la historia de la convenci\u00f3n, dicen los organizadores, tambi\u00e9n se emitir\u00e1n transmisiones verticales en TikTok, Instagram y YouTube.<\/p>\n<p>&nbsp;<\/p>\n<p>&nbsp;<\/p>\n<p>Los funcionarios de la convenci\u00f3n dicen que habr\u00e1 versiones en ingl\u00e9s y espa\u00f1ol, as\u00ed como interpretaci\u00f3n en lenguaje de se\u00f1as y un servicio de descripci\u00f3n de audio.<\/p>\n<p>&nbsp;<\/p>\n<p>&nbsp;<\/p>\n<p>Varios medios de comunicaci\u00f3n de cadena y cable han anunciado una programaci\u00f3n especial para las partes de m\u00e1xima audiencia de la convenci\u00f3n, cuando Harris y otros dar\u00e1n discursos desde el sal\u00f3n donde se re\u00fanen los delegados.<\/p>\n<p>&nbsp;<\/p>\n<p>&nbsp;<\/p>\n<p>Otros medios de comunicaci\u00f3n, tanto locales como nacionales, transmitir\u00e1n lo que est\u00e9 sucediendo en el recinto. El espacio en s\u00ed est\u00e1 cerrado al p\u00fablico, detr\u00e1s de varias capas de seguridad a las que solo pueden acceder delegados, funcionarios, voluntarios y medios acreditados.<\/p>\n<p>&nbsp;<\/p>\n<p>&nbsp;<\/p>\n<h3>\u00bfD\u00d3NDE SE LLEVAR\u00c1 A CABO?<\/h3>\n<p>&nbsp;<\/p>\n<p>&nbsp;<\/p>\n<p>Los dem\u00f3cratas se reunir\u00e1n en el United Center, sede de los Chicago Bulls de la NBA y los Chicago Blackhawks de la NHL. Otras instalaciones, como el Centro de Convenciones McCormick Place, albergar\u00e1n espacios para eventos y sesiones reuniones informativas para los medios, reuniones de caucus de los delegados y otros encuentros.<\/p>\n<p>&nbsp;<\/p>\n<p>&nbsp;<\/p>\n<p>Illinois es un estado dem\u00f3crata confiable en lo que respecta a las elecciones presidenciales, ya que ha votado por el candidato dem\u00f3crata en todas las elecciones presidenciales desde 1992.<\/p>\n<p>&nbsp;<\/p>\n<p>&nbsp;<\/p>\n<p>Hay incertidumbre sobre el regreso de los dem\u00f3cratas a Chicago, donde los manifestantes planean protestas por el apoyo de la administraci\u00f3n Biden a Israel en su guerra con Ham\u00e1s.<\/p>\n<p>&nbsp;<\/p>\n<p>&nbsp;<\/p>\n<h3>\u00bfQUI\u00c9N ESTAR\u00c1 EN EL ESCENARIO?<\/h3>\n<p>&nbsp;<\/p>\n<p>&nbsp;<\/p>\n<p>Se espera que Harris acepte su nominaci\u00f3n el jueves por la noche, como es tradici\u00f3n. Walz aceptar\u00e1 su nominaci\u00f3n como su compa\u00f1ero de f\u00f3rmula el mi\u00e9rcoles por la noche. Biden hablar\u00e1 el lunes y los Obama el martes.<\/p>\n<p>&nbsp;<\/p>\n<p>&nbsp;<\/p>\n<p>Dada la naturaleza sin precedentes de c\u00f3mo se ha desarrollado este a\u00f1o de campa\u00f1a, gran parte de lo que har\u00e1n los candidatos principales ser\u00e1 presentarse a una audiencia nacional. Harris comenz\u00f3 su propia campa\u00f1a para la presidencia hace solo cuatro semanas y eligi\u00f3 a Walz solo dos semanas despu\u00e9s de eso.<\/p>\n<p>&nbsp;<\/p>\n<p>&nbsp;<\/p>\n<p>Estados Unidos tuvo m\u00e1s tiempo para conocer a Walz que al compa\u00f1ero de f\u00f3rmula de Trump, el senador de Ohio JD Vance, antes de la convenci\u00f3n republicana del mes pasado. Trump esper\u00f3 hasta el d\u00eda de apertura de la convenci\u00f3n para anunciar a Vance como su compa\u00f1ero de f\u00f3rmula.<\/p>\n<p>&nbsp;<\/p>\n<p>&nbsp;<\/p>\n<h3>\u00bfQU\u00c9 SIGUE?<\/h3>\n<p>&nbsp;<\/p>\n<p>El 10 de septiembre, menos de tres semanas despu\u00e9s de que concluya la convenci\u00f3n dem\u00f3crata, Harris y Trump tienen previsto un debate presentado por ABC News.<\/p>\n<p>&nbsp;<\/p>\n<p>&nbsp;<\/p>\n<p>Walz y Vance tienen un debate programado para el 1 de octubre, y es posible que se programen m\u00e1s debates presidenciales y vicepresidenciales.<\/p>\n<p>&nbsp;<\/p>\n<p>&nbsp;<\/p>\n<p>PUBLICADO EL 19 AGOSTO DE 2024 Con informaci\u00f3n de AP)<\/p>\n","protected":false},"excerpt":{"rendered":"<p>CHICAGO, ESTADOS UNIDOS. \u2014 &#8211; La Convenci\u00f3n Nacional Dem\u00f3crata comienza este lunes en Chicago despu\u00e9s&#8230;<\/p>\n","protected":false},"author":1,"featured_media":197250,"comment_status":"open","ping_status":"open","sticky":false,"template":"","format":"standard","meta":{"_monsterinsights_skip_tracking":false,"_monsterinsights_sitenote_active":false,"_monsterinsights_sitenote_note":"","_monsterinsights_sitenote_category":0,"footnotes":""},"categories":[3],"tags":[],"class_list":["post"],"yoast_head":" \n<title>Sonora en Equipo. Convenci\u00f3n Dem\u00f3crata comienza hoy en Chicago MUNDO<\/title>\n<meta name=\"description\" content=\"CHICAGO, ESTADOS UNIDOS. \u2014 - La Convenci\u00f3n Nacional Dem\u00f3crata comienza este lunes en Chicago despu\u00e9s de unas semanas alocadas en las que el partido cambi\u00f3 En Sonora en Equipo publicamos toda la informaci\u00f3n de Sonora, M\u00e9xico y el Mundo de manera oportuna y busca que la libertad de expresi\u00f3n sea real. Visita nuestro medio informativo publicado desde Hermosillo, Sonora. %\" \/>\n<meta name=\"robots\" content=\"index, follow, max-snippet:-1, max-image-preview:large, max-video-preview:-1\" \/>\n<link rel=\"canonical\" href=\"https:\/\/www.sonoraenequipo.com.mx\/convencion-democrata-comienza-hoy-en-chicago\/\" \/>\n<meta property=\"og:locale\" content=\"es_ES\" \/>\n<meta property=\"og:type\" content=\"article\" \/>\n<meta property=\"og:title\" content=\"Sonora en Equipo. Convenci\u00f3n Dem\u00f3crata comienza hoy en Chicago MUNDO\" \/>\n<meta property=\"og:description\" content=\"CHICAGO, ESTADOS UNIDOS. \u2014 - La Convenci\u00f3n Nacional Dem\u00f3crata comienza este lunes en Chicago despu\u00e9s de unas semanas alocadas en las que el partido cambi\u00f3 En Sonora en Equipo publicamos toda la informaci\u00f3n de Sonora, M\u00e9xico y el Mundo de manera oportuna y busca que la libertad de expresi\u00f3n sea real. Visita nuestro medio informativo publicado desde Hermosillo, Sonora. %\" \/>\n<meta property=\"og:url\" content=\"https:\/\/www.sonoraenequipo.com.mx\/convencion-democrata-comienza-hoy-en-chicago\/\" \/>\n<meta property=\"og:site_name\" content=\"Sonora en Equipo.\" \/>\n<meta property=\"article:publisher\" content=\"https:\/\/www.facebook.com\/SonoraEE\/\" \/>\n<meta property=\"article:author\" content=\"https:\/\/www.facebook.com\/SonoraEE\" \/>\n<meta property=\"article:published_time\" content=\"2024-08-19T22:07:43+00:00\" \/>\n<meta property=\"article:modified_time\" content=\"2024-08-19T22:27:19+00:00\" \/>\n<meta property=\"og:image\" content=\"https:\/\/www.sonoraenequipo.com.mx\/storage\/2024\/08\/convencion-democrata-en-EUA-min.jpg\" \/>\n\t<meta property=\"og:image:width\" content=\"900\" \/>\n\t<meta property=\"og:image:height\" content=\"486\" \/>\n\t<meta property=\"og:image:type\" content=\"image\/jpeg\" \/>\n<meta name=\"author\" content=\"enequipo\" \/>\n<meta name=\"twitter:card\" content=\"summary_large_image\" \/>\n<meta name=\"twitter:creator\" content=\"@sonoraenequipo\" \/>\n<meta name=\"twitter:site\" content=\"@sonoraenequipo\" \/>\n<meta name=\"twitter:label1\" content=\"Escrito por\" \/>\n\t<meta name=\"twitter:data1\" content=\"enequipo\" \/>\n\t<meta name=\"twitter:label2\" content=\"Tiempo de lectura\" \/>\n\t<meta name=\"twitter:data2\" content=\"4 minutos\" \/>\n<script type=\"application\/ld+json\" class=\"yoast-schema-graph\">{\"@context\":\"https:\/\/schema.org\",\"@graph\":[{\"@type\":\"Article\",\"@id\":\"https:\/\/www.sonoraenequipo.com.mx\/convencion-democrata-comienza-hoy-en-chicago\/#article\",\"isPartOf\":{\"@id\":\"https:\/\/www.sonoraenequipo.com.mx\/convencion-democrata-comienza-hoy-en-chicago\/\"},\"author\":{\"name\":\"enequipo\",\"@id\":\"https:\/\/www.sonoraenequipo.com.mx\/#\/schema\/person\/50102df0fb23a8fa9e8effad8fa81386\"},\"headline\":\"Convenci\u00f3n Dem\u00f3crata comienza hoy en Chicago\",\"datePublished\":\"2024-08-19T22:07:43+00:00\",\"dateModified\":\"2024-08-19T22:27:19+00:00\",\"mainEntityOfPage\":{\"@id\":\"https:\/\/www.sonoraenequipo.com.mx\/convencion-democrata-comienza-hoy-en-chicago\/\"},\"wordCount\":833,\"commentCount\":0,\"publisher\":{\"@id\":\"https:\/\/www.sonoraenequipo.com.mx\/#organization\"},\"image\":{\"@id\":\"https:\/\/www.sonoraenequipo.com.mx\/convencion-democrata-comienza-hoy-en-chicago\/#primaryimage\"},\"thumbnailUrl\":\"https:\/\/www.sonoraenequipo.com.mx\/storage\/2024\/08\/convencion-democrata-en-EUA-min.jpg\",\"articleSection\":[\"MUNDO\"],\"inLanguage\":\"es\",\"potentialAction\":[{\"@type\":\"CommentAction\",\"name\":\"Comment\",\"target\":[\"https:\/\/www.sonoraenequipo.com.mx\/convencion-democrata-comienza-hoy-en-chicago\/#respond\"]}]},{\"@type\":\"WebPage\",\"@id\":\"https:\/\/www.sonoraenequipo.com.mx\/convencion-democrata-comienza-hoy-en-chicago\/\",\"url\":\"https:\/\/www.sonoraenequipo.com.mx\/convencion-democrata-comienza-hoy-en-chicago\/\",\"name\":\"Sonora en Equipo. Convenci\u00f3n Dem\u00f3crata comienza hoy en Chicago MUNDO\",\"isPartOf\":{\"@id\":\"https:\/\/www.sonoraenequipo.com.mx\/#website\"},\"primaryImageOfPage\":{\"@id\":\"https:\/\/www.sonoraenequipo.com.mx\/convencion-democrata-comienza-hoy-en-chicago\/#primaryimage\"},\"image\":{\"@id\":\"https:\/\/www.sonoraenequipo.com.mx\/convencion-democrata-comienza-hoy-en-chicago\/#primaryimage\"},\"thumbnailUrl\":\"https:\/\/www.sonoraenequipo.com.mx\/storage\/2024\/08\/convencion-democrata-en-EUA-min.jpg\",\"datePublished\":\"2024-08-19T22:07:43+00:00\",\"dateModified\":\"2024-08-19T22:27:19+00:00\",\"description\":\"CHICAGO, ESTADOS UNIDOS. \u2014 - La Convenci\u00f3n Nacional Dem\u00f3crata comienza este lunes en Chicago despu\u00e9s de unas semanas alocadas en las que el partido cambi\u00f3 En Sonora en Equipo publicamos toda la informaci\u00f3n de Sonora, M\u00e9xico y el Mundo de manera oportuna y busca que la libertad de expresi\u00f3n sea real. Visita nuestro medio informativo publicado desde Hermosillo, Sonora. %\",\"breadcrumb\":{\"@id\":\"https:\/\/www.sonoraenequipo.com.mx\/convencion-democrata-comienza-hoy-en-chicago\/#breadcrumb\"},\"inLanguage\":\"es\",\"potentialAction\":[{\"@type\":\"ReadAction\",\"target\":[\"https:\/\/www.sonoraenequipo.com.mx\/convencion-democrata-comienza-hoy-en-chicago\/\"]}]},{\"@type\":\"ImageObject\",\"inLanguage\":\"es\",\"@id\":\"https:\/\/www.sonoraenequipo.com.mx\/convencion-democrata-comienza-hoy-en-chicago\/#primaryimage\",\"url\":\"https:\/\/www.sonoraenequipo.com.mx\/storage\/2024\/08\/convencion-democrata-en-EUA-min.jpg\",\"contentUrl\":\"https:\/\/www.sonoraenequipo.com.mx\/storage\/2024\/08\/convencion-democrata-en-EUA-min.jpg\",\"width\":900,\"height\":486},{\"@type\":\"BreadcrumbList\",\"@id\":\"https:\/\/www.sonoraenequipo.com.mx\/convencion-democrata-comienza-hoy-en-chicago\/#breadcrumb\",\"itemListElement\":[{\"@type\":\"ListItem\",\"position\":1,\"name\":\"Portada\",\"item\":\"https:\/\/www.sonoraenequipo.com.mx\/\"},{\"@type\":\"ListItem\",\"position\":2,\"name\":\"Convenci\u00f3n Dem\u00f3crata comienza hoy en Chicago\"}]},{\"@type\":\"WebSite\",\"@id\":\"https:\/\/www.sonoraenequipo.com.mx\/#website\",\"url\":\"https:\/\/www.sonoraenequipo.com.mx\/\",\"name\":\"Sonora en Equipo.\",\"description\":\"Diario en l\u00ednea con Noticias desde Hermosillo, Sonora\",\"publisher\":{\"@id\":\"https:\/\/www.sonoraenequipo.com.mx\/#organization\"},\"potentialAction\":[{\"@type\":\"SearchAction\",\"target\":{\"@type\":\"EntryPoint\",\"urlTemplate\":\"https:\/\/www.sonoraenequipo.com.mx\/?s={search_term_string}\"},\"query-input\":{\"@type\":\"PropertyValueSpecification\",\"valueRequired\":true,\"valueName\":\"search_term_string\"}}],\"inLanguage\":\"es\"},{\"@type\":\"Organization\",\"@id\":\"https:\/\/www.sonoraenequipo.com.mx\/#organization\",\"name\":\"Sonoraenequipo.com.mx\",\"url\":\"https:\/\/www.sonoraenequipo.com.mx\/\",\"logo\":{\"@type\":\"ImageObject\",\"inLanguage\":\"es\",\"@id\":\"https:\/\/www.sonoraenequipo.com.mx\/#\/schema\/logo\/image\/\",\"url\":\"https:\/\/www.sonoraenequipo.com.mx\/storage\/2019\/01\/sonoraenequipo_opt.png\",\"contentUrl\":\"https:\/\/www.sonoraenequipo.com.mx\/storage\/2019\/01\/sonoraenequipo_opt.png\",\"width\":375,\"height\":125,\"caption\":\"Sonoraenequipo.com.mx\"},\"image\":{\"@id\":\"https:\/\/www.sonoraenequipo.com.mx\/#\/schema\/logo\/image\/\"},\"sameAs\":[\"https:\/\/www.facebook.com\/SonoraEE\/\",\"https:\/\/x.com\/sonoraenequipo\",\"https:\/\/www.youtube.com\/channel\/UC338nW-lPEYmJQs4ZABQ1SQ\"]},{\"@type\":\"Person\",\"@id\":\"https:\/\/www.sonoraenequipo.com.mx\/#\/schema\/person\/50102df0fb23a8fa9e8effad8fa81386\",\"name\":\"enequipo\",\"image\":{\"@type\":\"ImageObject\",\"inLanguage\":\"es\",\"@id\":\"https:\/\/www.sonoraenequipo.com.mx\/#\/schema\/person\/image\/\",\"url\":\"https:\/\/secure.gravatar.com\/avatar\/049821681b589dabc0bc20695993ccebb09f5b5d4d790cd9251b97faac7c652b?s=96&d=blank&r=g\",\"contentUrl\":\"https:\/\/secure.gravatar.com\/avatar\/049821681b589dabc0bc20695993ccebb09f5b5d4d790cd9251b97faac7c652b?s=96&d=blank&r=g\",\"caption\":\"enequipo\"},\"sameAs\":[\"https:\/\/www.facebook.com\/SonoraEE\"]}]}<\/script>\n ","yoast_head_json":{"title":"Sonora en Equipo. Convenci\u00f3n Dem\u00f3crata comienza hoy en Chicago MUNDO","description":"CHICAGO, ESTADOS UNIDOS. \u2014 - La Convenci\u00f3n Nacional Dem\u00f3crata comienza este lunes en Chicago despu\u00e9s de unas semanas alocadas en las que el partido cambi\u00f3 En Sonora en Equipo publicamos toda la informaci\u00f3n de Sonora, M\u00e9xico y el Mundo de manera oportuna y busca que la libertad de expresi\u00f3n sea real. Visita nuestro medio informativo publicado desde Hermosillo, Sonora. %","robots":{"index":"index","follow":"follow","max-snippet":"max-snippet:-1","max-image-preview":"max-image-preview:large","max-video-preview":"max-video-preview:-1"},"canonical":"https:\/\/www.sonoraenequipo.com.mx\/convencion-democrata-comienza-hoy-en-chicago\/","og_locale":"es_ES","og_type":"article","og_title":"Sonora en Equipo. Convenci\u00f3n Dem\u00f3crata comienza hoy en Chicago MUNDO","og_description":"CHICAGO, ESTADOS UNIDOS. \u2014 - La Convenci\u00f3n Nacional Dem\u00f3crata comienza este lunes en Chicago despu\u00e9s de unas semanas alocadas en las que el partido cambi\u00f3 En Sonora en Equipo publicamos toda la informaci\u00f3n de Sonora, M\u00e9xico y el Mundo de manera oportuna y busca que la libertad de expresi\u00f3n sea real. Visita nuestro medio informativo publicado desde Hermosillo, Sonora. %","og_url":"https:\/\/www.sonoraenequipo.com.mx\/convencion-democrata-comienza-hoy-en-chicago\/","og_site_name":"Sonora en Equipo.","article_publisher":"https:\/\/www.facebook.com\/SonoraEE\/","article_author":"https:\/\/www.facebook.com\/SonoraEE","article_published_time":"2024-08-19T22:07:43+00:00","article_modified_time":"2024-08-19T22:27:19+00:00","og_image":[{"width":900,"height":486,"url":"https:\/\/www.sonoraenequipo.com.mx\/storage\/2024\/08\/convencion-democrata-en-EUA-min.jpg","type":"image\/jpeg"}],"author":"enequipo","twitter_card":"summary_large_image","twitter_creator":"@sonoraenequipo","twitter_site":"@sonoraenequipo","twitter_misc":{"Escrito por":"enequipo","Tiempo de lectura":"4 minutos"},"schema":{"@context":"https:\/\/schema.org","@graph":[{"@type":"Article","@id":"https:\/\/www.sonoraenequipo.com.mx\/convencion-democrata-comienza-hoy-en-chicago\/#article","isPartOf":{"@id":"https:\/\/www.sonoraenequipo.com.mx\/convencion-democrata-comienza-hoy-en-chicago\/"},"author":{"name":"enequipo","@id":"https:\/\/www.sonoraenequipo.com.mx\/#\/schema\/person\/50102df0fb23a8fa9e8effad8fa81386"},"headline":"Convenci\u00f3n Dem\u00f3crata comienza hoy en Chicago","datePublished":"2024-08-19T22:07:43+00:00","dateModified":"2024-08-19T22:27:19+00:00","mainEntityOfPage":{"@id":"https:\/\/www.sonoraenequipo.com.mx\/convencion-democrata-comienza-hoy-en-chicago\/"},"wordCount":833,"commentCount":0,"publisher":{"@id":"https:\/\/www.sonoraenequipo.com.mx\/#organization"},"image":{"@id":"https:\/\/www.sonoraenequipo.com.mx\/convencion-democrata-comienza-hoy-en-chicago\/#primaryimage"},"thumbnailUrl":"https:\/\/www.sonoraenequipo.com.mx\/storage\/2024\/08\/convencion-democrata-en-EUA-min.jpg","articleSection":["MUNDO"],"inLanguage":"es","potentialAction":[{"@type":"CommentAction","name":"Comment","target":["https:\/\/www.sonoraenequipo.com.mx\/convencion-democrata-comienza-hoy-en-chicago\/#respond"]}]},{"@type":"WebPage","@id":"https:\/\/www.sonoraenequipo.com.mx\/convencion-democrata-comienza-hoy-en-chicago\/","url":"https:\/\/www.sonoraenequipo.com.mx\/convencion-democrata-comienza-hoy-en-chicago\/","name":"Sonora en Equipo. Convenci\u00f3n Dem\u00f3crata comienza hoy en Chicago MUNDO","isPartOf":{"@id":"https:\/\/www.sonoraenequipo.com.mx\/#website"},"primaryImageOfPage":{"@id":"https:\/\/www.sonoraenequipo.com.mx\/convencion-democrata-comienza-hoy-en-chicago\/#primaryimage"},"image":{"@id":"https:\/\/www.sonoraenequipo.com.mx\/convencion-democrata-comienza-hoy-en-chicago\/#primaryimage"},"thumbnailUrl":"https:\/\/www.sonoraenequipo.com.mx\/storage\/2024\/08\/convencion-democrata-en-EUA-min.jpg","datePublished":"2024-08-19T22:07:43+00:00","dateModified":"2024-08-19T22:27:19+00:00","description":"CHICAGO, ESTADOS UNIDOS. \u2014 - La Convenci\u00f3n Nacional Dem\u00f3crata comienza este lunes en Chicago despu\u00e9s de unas semanas alocadas en las que el partido cambi\u00f3 En Sonora en Equipo publicamos toda la informaci\u00f3n de Sonora, M\u00e9xico y el Mundo de manera oportuna y busca que la libertad de expresi\u00f3n sea real. Visita nuestro medio informativo publicado desde Hermosillo, Sonora. %","breadcrumb":{"@id":"https:\/\/www.sonoraenequipo.com.mx\/convencion-democrata-comienza-hoy-en-chicago\/#breadcrumb"},"inLanguage":"es","potentialAction":[{"@type":"ReadAction","target":["https:\/\/www.sonoraenequipo.com.mx\/convencion-democrata-comienza-hoy-en-chicago\/"]}]},{"@type":"ImageObject","inLanguage":"es","@id":"https:\/\/www.sonoraenequipo.com.mx\/convencion-democrata-comienza-hoy-en-chicago\/#primaryimage","url":"https:\/\/www.sonoraenequipo.com.mx\/storage\/2024\/08\/convencion-democrata-en-EUA-min.jpg","contentUrl":"https:\/\/www.sonoraenequipo.com.mx\/storage\/2024\/08\/convencion-democrata-en-EUA-min.jpg","width":900,"height":486},{"@type":"BreadcrumbList","@id":"https:\/\/www.sonoraenequipo.com.mx\/convencion-democrata-comienza-hoy-en-chicago\/#breadcrumb","itemListElement":[{"@type":"ListItem","position":1,"name":"Portada","item":"https:\/\/www.sonoraenequipo.com.mx\/"},{"@type":"ListItem","position":2,"name":"Convenci\u00f3n Dem\u00f3crata comienza hoy en Chicago"}]},{"@type":"WebSite","@id":"https:\/\/www.sonoraenequipo.com.mx\/#website","url":"https:\/\/www.sonoraenequipo.com.mx\/","name":"Sonora en Equipo.","description":"Diario en l\u00ednea con Noticias desde Hermosillo, Sonora","publisher":{"@id":"https:\/\/www.sonoraenequipo.com.mx\/#organization"},"potentialAction":[{"@type":"SearchAction","target":{"@type":"EntryPoint","urlTemplate":"https:\/\/www.sonoraenequipo.com.mx\/?s={search_term_string}"},"query-input":{"@type":"PropertyValueSpecification","valueRequired":true,"valueName":"search_term_string"}}],"inLanguage":"es"},{"@type":"Organization","@id":"https:\/\/www.sonoraenequipo.com.mx\/#organization","name":"Sonoraenequipo.com.mx","url":"https:\/\/www.sonoraenequipo.com.mx\/","logo":{"@type":"ImageObject","inLanguage":"es","@id":"https:\/\/www.sonoraenequipo.com.mx\/#\/schema\/logo\/image\/","url":"https:\/\/www.sonoraenequipo.com.mx\/storage\/2019\/01\/sonoraenequipo_opt.png","contentUrl":"https:\/\/www.sonoraenequipo.com.mx\/storage\/2019\/01\/sonoraenequipo_opt.png","width":375,"height":125,"caption":"Sonoraenequipo.com.mx"},"image":{"@id":"https:\/\/www.sonoraenequipo.com.mx\/#\/schema\/logo\/image\/"},"sameAs":["https:\/\/www.facebook.com\/SonoraEE\/","https:\/\/x.com\/sonoraenequipo","https:\/\/www.youtube.com\/channel\/UC338nW-lPEYmJQs4ZABQ1SQ"]},{"@type":"Person","@id":"https:\/\/www.sonoraenequipo.com.mx\/#\/schema\/person\/50102df0fb23a8fa9e8effad8fa81386","name":"enequipo","image":{"@type":"ImageObject","inLanguage":"es","@id":"https:\/\/www.sonoraenequipo.com.mx\/#\/schema\/person\/image\/","url":"https:\/\/secure.gravatar.com\/avatar\/049821681b589dabc0bc20695993ccebb09f5b5d4d790cd9251b97faac7c652b?s=96&d=blank&r=g","contentUrl":"https:\/\/secure.gravatar.com\/avatar\/049821681b589dabc0bc20695993ccebb09f5b5d4d790cd9251b97faac7c652b?s=96&d=blank&r=g","caption":"enequipo"},"sameAs":["https:\/\/www.facebook.com\/SonoraEE"]}]}},"jetpack_featured_media_url":"https:\/\/www.sonoraenequipo.com.mx\/storage\/2024\/08\/convencion-democrata-en-EUA-min.jpg","_links":{"self":[{"href":"https:\/\/www.sonoraenequipo.com.mx\/api\/wp\/v2\/posts\/197272","targetHints":{"allow":["GET"]}}],"collection":[{"href":"https:\/\/www.sonoraenequipo.com.mx\/api\/wp\/v2\/posts"}],"about":[{"href":"https:\/\/www.sonoraenequipo.com.mx\/api\/wp\/v2\/types\/post"}],"author":[{"embeddable":true,"href":"https:\/\/www.sonoraenequipo.com.mx\/api\/wp\/v2\/users\/1"}],"replies":[{"embeddable":true,"href":"https:\/\/www.sonoraenequipo.com.mx\/api\/wp\/v2\/comments?post=197272"}],"version-history":[{"count":1,"href":"https:\/\/www.sonoraenequipo.com.mx\/api\/wp\/v2\/posts\/197272\/revisions"}],"predecessor-version":[{"id":197273,"href":"https:\/\/www.sonoraenequipo.com.mx\/api\/wp\/v2\/posts\/197272\/revisions\/197273"}],"wp:featuredmedia":[{"embeddable":true,"href":"https:\/\/www.sonoraenequipo.com.mx\/api\/wp\/v2\/media\/197250"}],"wp:attachment":[{"href":"https:\/\/www.sonoraenequipo.com.mx\/api\/wp\/v2\/media?parent=197272"}],"wp:term":[{"taxonomy":"category","embeddable":true,"href":"https:\/\/www.sonoraenequipo.com.mx\/api\/wp\/v2\/categories?post=197272"},{"taxonomy":"post_tag","embeddable":true,"href":"https:\/\/www.sonoraenequipo.com.mx\/api\/wp\/v2\/tags?post=197272"}],"curies":[{"name":"wp","href":"https:\/\/api.w.org\/{rel}","templated":true}]}}