{"id":197274,"date":"2024-08-19T08:30:10","date_gmt":"2024-08-19T15:30:10","guid":{"rendered":"https:\/\/www.sonoraenequipo.com.mx\/?p=197274"},"modified":"2024-08-19T16:01:06","modified_gmt":"2024-08-19T23:01:06","slug":"trabajadores-del-pjf-inician-paro-nacional-contra-la-reforma-judicial","status":"publish","type":"post","link":"https:\/\/www.sonoraenequipo.com.mx\/trabajadores-del-pjf-inician-paro-nacional-contra-la-reforma-judicial\/","title":{"rendered":"Trabajadores del PJF inician paro nacional contra la reforma judicial"},"content":{"rendered":"<p><strong>CIUDAD DE M\u00c9XICO. MX. \u2014<\/strong> Sin la participaci\u00f3n de jueces y magistrados, trabajadores del Poder Judicial de la Federaci\u00f3n (PJF) iniciaron un paro nacional de labores a partir de las 00:00 horas de este lunes en protesta contra el dictamen de la reforma judicial del presidente Andr\u00e9s Manuel L\u00f3pez Obrador.<\/p>\n<p>&nbsp;<\/p>\n<p>&nbsp;<\/p>\n<p> <\/p>\n<p>Para los trabajadores, el nuevo dictamen presentado el pasado 16 de agosto por la Comisi\u00f3n de Puntos Constitucionales de la C\u00e1mara de Diputados es m\u00e1s \u201cagresivo\u201d que la propuesta original del presidente L\u00f3pez Obrador.<\/p>\n<p>&nbsp;<\/p>\n<p>&nbsp;<\/p>\n<p>Usuarios de redes sociales difundieron las primeras im\u00e1genes de los trabajadores organizados afuera del edificio sede del PJF en San L\u00e1zaro, encabezados por Patricia Aguayo, secretaria de Tribunal Colegiado de Circuito en materia del Trabajo y qui\u00e9n los \u00faltimos meses ha sido vocera de sus compa\u00f1eros.<\/p>\n<p>&nbsp;<\/p>\n<p>&nbsp;<\/p>\n<p>Los jueces y magistrados federales no participar\u00e1n en el paro debido a que la votaci\u00f3n convocada por la Asociaci\u00f3n Nacional de Magistrados de Circuito y Jueces de Distrito del PJF (JUFED) iniciar\u00e1 este lunes.<\/p>\n<p>&nbsp;<\/p>\n<p>&nbsp;<\/p>\n<p>&nbsp;<\/p>\n<p>En dicha votaci\u00f3n, que culminar\u00e1 a las 20:00 horas de este 19 de agosto, los juzgadores federales decidir\u00e1n si declaran o no la suspensi\u00f3n temporal de labores a partir del pr\u00f3ximo mi\u00e9rcoles.<\/p>\n<p>&nbsp;<\/p>\n<p>&nbsp;<\/p>\n<p>&nbsp;<\/p>\n<p>De aprobar la suspensi\u00f3n de labores, s\u00f3lo atender\u00e1n casos urgentes y dicha medida permanecer\u00e1 vigente hasta nuevo aviso pues la JUFED ha solicitado al Congreso de la Uni\u00f3n frenar el proceso de discusi\u00f3n y aprobaci\u00f3n de la reforma judicial.<\/p>\n<p>&nbsp;<\/p>\n<p>&nbsp;<\/p>\n<h3>Posicionamiento oficial<\/h3>\n<p>&nbsp;<\/p>\n<p>Al respecto del paro nacional, la ministra presidenta de la Suprema Corte de Justicia de la Naci\u00f3n (SCJN), Norma Pi\u00f1a, public\u00f3 un posicionamiento: la protesta es \u00abun ejercicio hist\u00f3rico y leg\u00edtimo de los derechos de libertad de expresi\u00f3n, de reuni\u00f3n y de asociaci\u00f3n\u00bb, dijo.<\/p>\n<p>&nbsp;<\/p>\n<p>&nbsp;<\/p>\n<p>&nbsp;<\/p>\n<p>El posicionamiento de los trabajadores del Poder Judicial Federal, que public\u00f3 en su cuenta personal, dice: <strong><em>\u00abla base trabajadora conformada por m\u00e1s de 53 mil personas hemos intentado por diversos medios agotar la v\u00eda del di\u00e1logo, para exponer las razones por las cuales la reforma judicial, en los t\u00e9rminos propuestos, es nociva y no resuelve los problemas de justicia en M\u00e9xico, sin que se nos haya permitido el acceso a los foros y mucho menos escuchado\u00bb.<\/em><\/strong><\/p>\n<p>&nbsp;<\/p>\n<p>&nbsp;<\/p>\n<p>&nbsp;<\/p>\n<p><strong>\u00cdntegro, el comunicado fue el siguiente:<\/strong><\/p>\n<p>https:\/\/twitter.com\/NormaPinaH\/status\/1825539043477872940<\/p>\n<p>En un ejercicio hist\u00f3rico y leg\u00edtimo de los derechos de libertad de expresi\u00f3n, de reuni\u00f3n y de asociaci\u00f3n, la base trabajadora que conforma al #PJF manifiesta lo siguiente: pic.twitter.com\/iCFCL0hT2L<\/p>\n<p>&nbsp;<\/p>\n<p>\u2014 Norma Pi\u00f1a (@NormaPinaH) August 19, 2024<\/p>\n<p>&nbsp;<\/p>\n<p>&nbsp;<\/p>\n<p>&nbsp;<\/p>\n<p>Y sobre las manifestaciones y el paro nacional en contra de la reforma judicial, el presidente Andr\u00e9s Manuel L\u00f3pez Obrador, quien impuls\u00f3 la propuesta, record\u00f3 que todos esos trabajadores <em><strong>\u00abest\u00e1n en su derecho de manifestarse\u00bb<\/strong><\/em> pero, agreg\u00f3, que <em><strong>\u00abcon la reforma que se est\u00e1 proponiendo no se afecta a los trabajadores. Al contrario, se les beneficia\u00bb.<\/strong><\/em><\/p>\n<p>&nbsp;<\/p>\n<p>&nbsp;<\/p>\n<p>PUBLICADO EL 19 AGOSTO DE 2024 Con informaci\u00f3n de medios nacionales)<\/p>\n","protected":false},"excerpt":{"rendered":"<p>CIUDAD DE M\u00c9XICO. MX. \u2014 Sin la participaci\u00f3n de jueces y magistrados, trabajadores del Poder&#8230;<\/p>\n","protected":false},"author":1,"featured_media":197275,"comment_status":"open","ping_status":"open","sticky":false,"template":"","format":"standard","meta":{"_monsterinsights_skip_tracking":false,"_monsterinsights_sitenote_active":false,"_monsterinsights_sitenote_note":"","_monsterinsights_sitenote_category":0,"footnotes":""},"categories":[5],"tags":[],"class_list":["post"],"yoast_head":" \n<title>Sonora en Equipo. Trabajadores del PJF inician paro nacional contra la reforma judicial Rep\u00fablica<\/title>\n<meta name=\"description\" content=\"CIUDAD DE M\u00c9XICO. MX. \u2014 Sin la participaci\u00f3n de jueces y magistrados, trabajadores del Poder Judicial de la Federaci\u00f3n (PJF) iniciaron un paro nacional de En Sonora en Equipo publicamos toda la informaci\u00f3n de Sonora, M\u00e9xico y el Mundo de manera oportuna y busca que la libertad de expresi\u00f3n sea real. Visita nuestro medio informativo publicado desde Hermosillo, Sonora. %\" \/>\n<meta name=\"robots\" content=\"index, follow, max-snippet:-1, max-image-preview:large, max-video-preview:-1\" \/>\n<link rel=\"canonical\" href=\"https:\/\/www.sonoraenequipo.com.mx\/trabajadores-del-pjf-inician-paro-nacional-contra-la-reforma-judicial\/\" \/>\n<meta property=\"og:locale\" content=\"es_ES\" \/>\n<meta property=\"og:type\" content=\"article\" \/>\n<meta property=\"og:title\" content=\"Sonora en Equipo. Trabajadores del PJF inician paro nacional contra la reforma judicial Rep\u00fablica\" \/>\n<meta property=\"og:description\" content=\"CIUDAD DE M\u00c9XICO. MX. \u2014 Sin la participaci\u00f3n de jueces y magistrados, trabajadores del Poder Judicial de la Federaci\u00f3n (PJF) iniciaron un paro nacional de En Sonora en Equipo publicamos toda la informaci\u00f3n de Sonora, M\u00e9xico y el Mundo de manera oportuna y busca que la libertad de expresi\u00f3n sea real. Visita nuestro medio informativo publicado desde Hermosillo, Sonora. %\" \/>\n<meta property=\"og:url\" content=\"https:\/\/www.sonoraenequipo.com.mx\/trabajadores-del-pjf-inician-paro-nacional-contra-la-reforma-judicial\/\" \/>\n<meta property=\"og:site_name\" content=\"Sonora en Equipo.\" \/>\n<meta property=\"article:publisher\" content=\"https:\/\/www.facebook.com\/SonoraEE\/\" \/>\n<meta property=\"article:author\" content=\"https:\/\/www.facebook.com\/SonoraEE\" \/>\n<meta property=\"article:published_time\" content=\"2024-08-19T15:30:10+00:00\" \/>\n<meta property=\"article:modified_time\" content=\"2024-08-19T23:01:06+00:00\" \/>\n<meta property=\"og:image\" content=\"https:\/\/www.sonoraenequipo.com.mx\/storage\/2024\/08\/encapuchados-en-el-paro-del-poder-judicial-min.jpg\" \/>\n\t<meta property=\"og:image:width\" content=\"1088\" \/>\n\t<meta property=\"og:image:height\" content=\"753\" \/>\n\t<meta property=\"og:image:type\" content=\"image\/jpeg\" \/>\n<meta name=\"author\" content=\"enequipo\" \/>\n<meta name=\"twitter:card\" content=\"summary_large_image\" \/>\n<meta name=\"twitter:creator\" content=\"@sonoraenequipo\" \/>\n<meta name=\"twitter:site\" content=\"@sonoraenequipo\" \/>\n<meta name=\"twitter:label1\" content=\"Escrito por\" \/>\n\t<meta name=\"twitter:data1\" content=\"enequipo\" \/>\n\t<meta name=\"twitter:label2\" content=\"Tiempo de lectura\" \/>\n\t<meta name=\"twitter:data2\" content=\"3 minutos\" \/>\n<script type=\"application\/ld+json\" class=\"yoast-schema-graph\">{\"@context\":\"https:\/\/schema.org\",\"@graph\":[{\"@type\":\"Article\",\"@id\":\"https:\/\/www.sonoraenequipo.com.mx\/trabajadores-del-pjf-inician-paro-nacional-contra-la-reforma-judicial\/#article\",\"isPartOf\":{\"@id\":\"https:\/\/www.sonoraenequipo.com.mx\/trabajadores-del-pjf-inician-paro-nacional-contra-la-reforma-judicial\/\"},\"author\":{\"name\":\"enequipo\",\"@id\":\"https:\/\/www.sonoraenequipo.com.mx\/#\/schema\/person\/50102df0fb23a8fa9e8effad8fa81386\"},\"headline\":\"Trabajadores del PJF inician paro nacional contra la reforma judicial\",\"datePublished\":\"2024-08-19T15:30:10+00:00\",\"dateModified\":\"2024-08-19T23:01:06+00:00\",\"mainEntityOfPage\":{\"@id\":\"https:\/\/www.sonoraenequipo.com.mx\/trabajadores-del-pjf-inician-paro-nacional-contra-la-reforma-judicial\/\"},\"wordCount\":551,\"commentCount\":0,\"publisher\":{\"@id\":\"https:\/\/www.sonoraenequipo.com.mx\/#organization\"},\"image\":{\"@id\":\"https:\/\/www.sonoraenequipo.com.mx\/trabajadores-del-pjf-inician-paro-nacional-contra-la-reforma-judicial\/#primaryimage\"},\"thumbnailUrl\":\"https:\/\/www.sonoraenequipo.com.mx\/storage\/2024\/08\/encapuchados-en-el-paro-del-poder-judicial-min.jpg\",\"articleSection\":[\"Rep\u00fablica\"],\"inLanguage\":\"es\",\"potentialAction\":[{\"@type\":\"CommentAction\",\"name\":\"Comment\",\"target\":[\"https:\/\/www.sonoraenequipo.com.mx\/trabajadores-del-pjf-inician-paro-nacional-contra-la-reforma-judicial\/#respond\"]}]},{\"@type\":\"WebPage\",\"@id\":\"https:\/\/www.sonoraenequipo.com.mx\/trabajadores-del-pjf-inician-paro-nacional-contra-la-reforma-judicial\/\",\"url\":\"https:\/\/www.sonoraenequipo.com.mx\/trabajadores-del-pjf-inician-paro-nacional-contra-la-reforma-judicial\/\",\"name\":\"Sonora en Equipo. Trabajadores del PJF inician paro nacional contra la reforma judicial Rep\u00fablica\",\"isPartOf\":{\"@id\":\"https:\/\/www.sonoraenequipo.com.mx\/#website\"},\"primaryImageOfPage\":{\"@id\":\"https:\/\/www.sonoraenequipo.com.mx\/trabajadores-del-pjf-inician-paro-nacional-contra-la-reforma-judicial\/#primaryimage\"},\"image\":{\"@id\":\"https:\/\/www.sonoraenequipo.com.mx\/trabajadores-del-pjf-inician-paro-nacional-contra-la-reforma-judicial\/#primaryimage\"},\"thumbnailUrl\":\"https:\/\/www.sonoraenequipo.com.mx\/storage\/2024\/08\/encapuchados-en-el-paro-del-poder-judicial-min.jpg\",\"datePublished\":\"2024-08-19T15:30:10+00:00\",\"dateModified\":\"2024-08-19T23:01:06+00:00\",\"description\":\"CIUDAD DE M\u00c9XICO. MX. \u2014 Sin la participaci\u00f3n de jueces y magistrados, trabajadores del Poder Judicial de la Federaci\u00f3n (PJF) iniciaron un paro nacional de En Sonora en Equipo publicamos toda la informaci\u00f3n de Sonora, M\u00e9xico y el Mundo de manera oportuna y busca que la libertad de expresi\u00f3n sea real. Visita nuestro medio informativo publicado desde Hermosillo, Sonora. %\",\"breadcrumb\":{\"@id\":\"https:\/\/www.sonoraenequipo.com.mx\/trabajadores-del-pjf-inician-paro-nacional-contra-la-reforma-judicial\/#breadcrumb\"},\"inLanguage\":\"es\",\"potentialAction\":[{\"@type\":\"ReadAction\",\"target\":[\"https:\/\/www.sonoraenequipo.com.mx\/trabajadores-del-pjf-inician-paro-nacional-contra-la-reforma-judicial\/\"]}]},{\"@type\":\"ImageObject\",\"inLanguage\":\"es\",\"@id\":\"https:\/\/www.sonoraenequipo.com.mx\/trabajadores-del-pjf-inician-paro-nacional-contra-la-reforma-judicial\/#primaryimage\",\"url\":\"https:\/\/www.sonoraenequipo.com.mx\/storage\/2024\/08\/encapuchados-en-el-paro-del-poder-judicial-min.jpg\",\"contentUrl\":\"https:\/\/www.sonoraenequipo.com.mx\/storage\/2024\/08\/encapuchados-en-el-paro-del-poder-judicial-min.jpg\",\"width\":1088,\"height\":753},{\"@type\":\"BreadcrumbList\",\"@id\":\"https:\/\/www.sonoraenequipo.com.mx\/trabajadores-del-pjf-inician-paro-nacional-contra-la-reforma-judicial\/#breadcrumb\",\"itemListElement\":[{\"@type\":\"ListItem\",\"position\":1,\"name\":\"Portada\",\"item\":\"https:\/\/www.sonoraenequipo.com.mx\/\"},{\"@type\":\"ListItem\",\"position\":2,\"name\":\"Trabajadores del PJF inician paro nacional contra la reforma judicial\"}]},{\"@type\":\"WebSite\",\"@id\":\"https:\/\/www.sonoraenequipo.com.mx\/#website\",\"url\":\"https:\/\/www.sonoraenequipo.com.mx\/\",\"name\":\"Sonora en Equipo.\",\"description\":\"Diario en l\u00ednea con Noticias desde Hermosillo, Sonora\",\"publisher\":{\"@id\":\"https:\/\/www.sonoraenequipo.com.mx\/#organization\"},\"potentialAction\":[{\"@type\":\"SearchAction\",\"target\":{\"@type\":\"EntryPoint\",\"urlTemplate\":\"https:\/\/www.sonoraenequipo.com.mx\/?s={search_term_string}\"},\"query-input\":{\"@type\":\"PropertyValueSpecification\",\"valueRequired\":true,\"valueName\":\"search_term_string\"}}],\"inLanguage\":\"es\"},{\"@type\":\"Organization\",\"@id\":\"https:\/\/www.sonoraenequipo.com.mx\/#organization\",\"name\":\"Sonoraenequipo.com.mx\",\"url\":\"https:\/\/www.sonoraenequipo.com.mx\/\",\"logo\":{\"@type\":\"ImageObject\",\"inLanguage\":\"es\",\"@id\":\"https:\/\/www.sonoraenequipo.com.mx\/#\/schema\/logo\/image\/\",\"url\":\"https:\/\/www.sonoraenequipo.com.mx\/storage\/2019\/01\/sonoraenequipo_opt.png\",\"contentUrl\":\"https:\/\/www.sonoraenequipo.com.mx\/storage\/2019\/01\/sonoraenequipo_opt.png\",\"width\":375,\"height\":125,\"caption\":\"Sonoraenequipo.com.mx\"},\"image\":{\"@id\":\"https:\/\/www.sonoraenequipo.com.mx\/#\/schema\/logo\/image\/\"},\"sameAs\":[\"https:\/\/www.facebook.com\/SonoraEE\/\",\"https:\/\/x.com\/sonoraenequipo\",\"https:\/\/www.youtube.com\/channel\/UC338nW-lPEYmJQs4ZABQ1SQ\"]},{\"@type\":\"Person\",\"@id\":\"https:\/\/www.sonoraenequipo.com.mx\/#\/schema\/person\/50102df0fb23a8fa9e8effad8fa81386\",\"name\":\"enequipo\",\"image\":{\"@type\":\"ImageObject\",\"inLanguage\":\"es\",\"@id\":\"https:\/\/www.sonoraenequipo.com.mx\/#\/schema\/person\/image\/\",\"url\":\"https:\/\/secure.gravatar.com\/avatar\/049821681b589dabc0bc20695993ccebb09f5b5d4d790cd9251b97faac7c652b?s=96&d=blank&r=g\",\"contentUrl\":\"https:\/\/secure.gravatar.com\/avatar\/049821681b589dabc0bc20695993ccebb09f5b5d4d790cd9251b97faac7c652b?s=96&d=blank&r=g\",\"caption\":\"enequipo\"},\"sameAs\":[\"https:\/\/www.facebook.com\/SonoraEE\"]}]}<\/script>\n ","yoast_head_json":{"title":"Sonora en Equipo. Trabajadores del PJF inician paro nacional contra la reforma judicial Rep\u00fablica","description":"CIUDAD DE M\u00c9XICO. MX. \u2014 Sin la participaci\u00f3n de jueces y magistrados, trabajadores del Poder Judicial de la Federaci\u00f3n (PJF) iniciaron un paro nacional de En Sonora en Equipo publicamos toda la informaci\u00f3n de Sonora, M\u00e9xico y el Mundo de manera oportuna y busca que la libertad de expresi\u00f3n sea real. Visita nuestro medio informativo publicado desde Hermosillo, Sonora. %","robots":{"index":"index","follow":"follow","max-snippet":"max-snippet:-1","max-image-preview":"max-image-preview:large","max-video-preview":"max-video-preview:-1"},"canonical":"https:\/\/www.sonoraenequipo.com.mx\/trabajadores-del-pjf-inician-paro-nacional-contra-la-reforma-judicial\/","og_locale":"es_ES","og_type":"article","og_title":"Sonora en Equipo. Trabajadores del PJF inician paro nacional contra la reforma judicial Rep\u00fablica","og_description":"CIUDAD DE M\u00c9XICO. MX. \u2014 Sin la participaci\u00f3n de jueces y magistrados, trabajadores del Poder Judicial de la Federaci\u00f3n (PJF) iniciaron un paro nacional de En Sonora en Equipo publicamos toda la informaci\u00f3n de Sonora, M\u00e9xico y el Mundo de manera oportuna y busca que la libertad de expresi\u00f3n sea real. Visita nuestro medio informativo publicado desde Hermosillo, Sonora. %","og_url":"https:\/\/www.sonoraenequipo.com.mx\/trabajadores-del-pjf-inician-paro-nacional-contra-la-reforma-judicial\/","og_site_name":"Sonora en Equipo.","article_publisher":"https:\/\/www.facebook.com\/SonoraEE\/","article_author":"https:\/\/www.facebook.com\/SonoraEE","article_published_time":"2024-08-19T15:30:10+00:00","article_modified_time":"2024-08-19T23:01:06+00:00","og_image":[{"width":1088,"height":753,"url":"https:\/\/www.sonoraenequipo.com.mx\/storage\/2024\/08\/encapuchados-en-el-paro-del-poder-judicial-min.jpg","type":"image\/jpeg"}],"author":"enequipo","twitter_card":"summary_large_image","twitter_creator":"@sonoraenequipo","twitter_site":"@sonoraenequipo","twitter_misc":{"Escrito por":"enequipo","Tiempo de lectura":"3 minutos"},"schema":{"@context":"https:\/\/schema.org","@graph":[{"@type":"Article","@id":"https:\/\/www.sonoraenequipo.com.mx\/trabajadores-del-pjf-inician-paro-nacional-contra-la-reforma-judicial\/#article","isPartOf":{"@id":"https:\/\/www.sonoraenequipo.com.mx\/trabajadores-del-pjf-inician-paro-nacional-contra-la-reforma-judicial\/"},"author":{"name":"enequipo","@id":"https:\/\/www.sonoraenequipo.com.mx\/#\/schema\/person\/50102df0fb23a8fa9e8effad8fa81386"},"headline":"Trabajadores del PJF inician paro nacional contra la reforma judicial","datePublished":"2024-08-19T15:30:10+00:00","dateModified":"2024-08-19T23:01:06+00:00","mainEntityOfPage":{"@id":"https:\/\/www.sonoraenequipo.com.mx\/trabajadores-del-pjf-inician-paro-nacional-contra-la-reforma-judicial\/"},"wordCount":551,"commentCount":0,"publisher":{"@id":"https:\/\/www.sonoraenequipo.com.mx\/#organization"},"image":{"@id":"https:\/\/www.sonoraenequipo.com.mx\/trabajadores-del-pjf-inician-paro-nacional-contra-la-reforma-judicial\/#primaryimage"},"thumbnailUrl":"https:\/\/www.sonoraenequipo.com.mx\/storage\/2024\/08\/encapuchados-en-el-paro-del-poder-judicial-min.jpg","articleSection":["Rep\u00fablica"],"inLanguage":"es","potentialAction":[{"@type":"CommentAction","name":"Comment","target":["https:\/\/www.sonoraenequipo.com.mx\/trabajadores-del-pjf-inician-paro-nacional-contra-la-reforma-judicial\/#respond"]}]},{"@type":"WebPage","@id":"https:\/\/www.sonoraenequipo.com.mx\/trabajadores-del-pjf-inician-paro-nacional-contra-la-reforma-judicial\/","url":"https:\/\/www.sonoraenequipo.com.mx\/trabajadores-del-pjf-inician-paro-nacional-contra-la-reforma-judicial\/","name":"Sonora en Equipo. Trabajadores del PJF inician paro nacional contra la reforma judicial Rep\u00fablica","isPartOf":{"@id":"https:\/\/www.sonoraenequipo.com.mx\/#website"},"primaryImageOfPage":{"@id":"https:\/\/www.sonoraenequipo.com.mx\/trabajadores-del-pjf-inician-paro-nacional-contra-la-reforma-judicial\/#primaryimage"},"image":{"@id":"https:\/\/www.sonoraenequipo.com.mx\/trabajadores-del-pjf-inician-paro-nacional-contra-la-reforma-judicial\/#primaryimage"},"thumbnailUrl":"https:\/\/www.sonoraenequipo.com.mx\/storage\/2024\/08\/encapuchados-en-el-paro-del-poder-judicial-min.jpg","datePublished":"2024-08-19T15:30:10+00:00","dateModified":"2024-08-19T23:01:06+00:00","description":"CIUDAD DE M\u00c9XICO. MX. \u2014 Sin la participaci\u00f3n de jueces y magistrados, trabajadores del Poder Judicial de la Federaci\u00f3n (PJF) iniciaron un paro nacional de En Sonora en Equipo publicamos toda la informaci\u00f3n de Sonora, M\u00e9xico y el Mundo de manera oportuna y busca que la libertad de expresi\u00f3n sea real. Visita nuestro medio informativo publicado desde Hermosillo, Sonora. %","breadcrumb":{"@id":"https:\/\/www.sonoraenequipo.com.mx\/trabajadores-del-pjf-inician-paro-nacional-contra-la-reforma-judicial\/#breadcrumb"},"inLanguage":"es","potentialAction":[{"@type":"ReadAction","target":["https:\/\/www.sonoraenequipo.com.mx\/trabajadores-del-pjf-inician-paro-nacional-contra-la-reforma-judicial\/"]}]},{"@type":"ImageObject","inLanguage":"es","@id":"https:\/\/www.sonoraenequipo.com.mx\/trabajadores-del-pjf-inician-paro-nacional-contra-la-reforma-judicial\/#primaryimage","url":"https:\/\/www.sonoraenequipo.com.mx\/storage\/2024\/08\/encapuchados-en-el-paro-del-poder-judicial-min.jpg","contentUrl":"https:\/\/www.sonoraenequipo.com.mx\/storage\/2024\/08\/encapuchados-en-el-paro-del-poder-judicial-min.jpg","width":1088,"height":753},{"@type":"BreadcrumbList","@id":"https:\/\/www.sonoraenequipo.com.mx\/trabajadores-del-pjf-inician-paro-nacional-contra-la-reforma-judicial\/#breadcrumb","itemListElement":[{"@type":"ListItem","position":1,"name":"Portada","item":"https:\/\/www.sonoraenequipo.com.mx\/"},{"@type":"ListItem","position":2,"name":"Trabajadores del PJF inician paro nacional contra la reforma judicial"}]},{"@type":"WebSite","@id":"https:\/\/www.sonoraenequipo.com.mx\/#website","url":"https:\/\/www.sonoraenequipo.com.mx\/","name":"Sonora en Equipo.","description":"Diario en l\u00ednea con Noticias desde Hermosillo, Sonora","publisher":{"@id":"https:\/\/www.sonoraenequipo.com.mx\/#organization"},"potentialAction":[{"@type":"SearchAction","target":{"@type":"EntryPoint","urlTemplate":"https:\/\/www.sonoraenequipo.com.mx\/?s={search_term_string}"},"query-input":{"@type":"PropertyValueSpecification","valueRequired":true,"valueName":"search_term_string"}}],"inLanguage":"es"},{"@type":"Organization","@id":"https:\/\/www.sonoraenequipo.com.mx\/#organization","name":"Sonoraenequipo.com.mx","url":"https:\/\/www.sonoraenequipo.com.mx\/","logo":{"@type":"ImageObject","inLanguage":"es","@id":"https:\/\/www.sonoraenequipo.com.mx\/#\/schema\/logo\/image\/","url":"https:\/\/www.sonoraenequipo.com.mx\/storage\/2019\/01\/sonoraenequipo_opt.png","contentUrl":"https:\/\/www.sonoraenequipo.com.mx\/storage\/2019\/01\/sonoraenequipo_opt.png","width":375,"height":125,"caption":"Sonoraenequipo.com.mx"},"image":{"@id":"https:\/\/www.sonoraenequipo.com.mx\/#\/schema\/logo\/image\/"},"sameAs":["https:\/\/www.facebook.com\/SonoraEE\/","https:\/\/x.com\/sonoraenequipo","https:\/\/www.youtube.com\/channel\/UC338nW-lPEYmJQs4ZABQ1SQ"]},{"@type":"Person","@id":"https:\/\/www.sonoraenequipo.com.mx\/#\/schema\/person\/50102df0fb23a8fa9e8effad8fa81386","name":"enequipo","image":{"@type":"ImageObject","inLanguage":"es","@id":"https:\/\/www.sonoraenequipo.com.mx\/#\/schema\/person\/image\/","url":"https:\/\/secure.gravatar.com\/avatar\/049821681b589dabc0bc20695993ccebb09f5b5d4d790cd9251b97faac7c652b?s=96&d=blank&r=g","contentUrl":"https:\/\/secure.gravatar.com\/avatar\/049821681b589dabc0bc20695993ccebb09f5b5d4d790cd9251b97faac7c652b?s=96&d=blank&r=g","caption":"enequipo"},"sameAs":["https:\/\/www.facebook.com\/SonoraEE"]}]}},"jetpack_featured_media_url":"https:\/\/www.sonoraenequipo.com.mx\/storage\/2024\/08\/encapuchados-en-el-paro-del-poder-judicial-min.jpg","_links":{"self":[{"href":"https:\/\/www.sonoraenequipo.com.mx\/api\/wp\/v2\/posts\/197274","targetHints":{"allow":["GET"]}}],"collection":[{"href":"https:\/\/www.sonoraenequipo.com.mx\/api\/wp\/v2\/posts"}],"about":[{"href":"https:\/\/www.sonoraenequipo.com.mx\/api\/wp\/v2\/types\/post"}],"author":[{"embeddable":true,"href":"https:\/\/www.sonoraenequipo.com.mx\/api\/wp\/v2\/users\/1"}],"replies":[{"embeddable":true,"href":"https:\/\/www.sonoraenequipo.com.mx\/api\/wp\/v2\/comments?post=197274"}],"version-history":[{"count":1,"href":"https:\/\/www.sonoraenequipo.com.mx\/api\/wp\/v2\/posts\/197274\/revisions"}],"predecessor-version":[{"id":197276,"href":"https:\/\/www.sonoraenequipo.com.mx\/api\/wp\/v2\/posts\/197274\/revisions\/197276"}],"wp:featuredmedia":[{"embeddable":true,"href":"https:\/\/www.sonoraenequipo.com.mx\/api\/wp\/v2\/media\/197275"}],"wp:attachment":[{"href":"https:\/\/www.sonoraenequipo.com.mx\/api\/wp\/v2\/media?parent=197274"}],"wp:term":[{"taxonomy":"category","embeddable":true,"href":"https:\/\/www.sonoraenequipo.com.mx\/api\/wp\/v2\/categories?post=197274"},{"taxonomy":"post_tag","embeddable":true,"href":"https:\/\/www.sonoraenequipo.com.mx\/api\/wp\/v2\/tags?post=197274"}],"curies":[{"name":"wp","href":"https:\/\/api.w.org\/{rel}","templated":true}]}}