{"id":197277,"date":"2024-08-19T09:07:28","date_gmt":"2024-08-19T16:07:28","guid":{"rendered":"https:\/\/www.sonoraenequipo.com.mx\/?p=197277"},"modified":"2024-08-19T16:30:55","modified_gmt":"2024-08-19T23:30:55","slug":"estan-en-su-derecho-de-manifestarse-amlo-sobre-al-paro-nacional-contra-reforma-judicial","status":"publish","type":"post","link":"https:\/\/www.sonoraenequipo.com.mx\/estan-en-su-derecho-de-manifestarse-amlo-sobre-al-paro-nacional-contra-reforma-judicial\/","title":{"rendered":"\u00abEst\u00e1n en su derecho de manifestarse\u00bb: AMLO sobre al paro nacional contra Reforma Judicial"},"content":{"rendered":"<p><strong>CIUDAD DE M\u00c9XICO. MX. \u2014<\/strong> A partir de las 00:00 horas de este 19 de agosto, sin la participaci\u00f3n de jueces y magistrados, trabajadores del Poder Judicial Federal iniciaron un paro nacional para manifestarse en contra de la Reforma Judicial que propuso en febrero el presidente Andr\u00e9s Manuel L\u00f3pez Obrador y que luego tendr\u00eda algunos cambios, pero no sustanciales.<\/p>\n<p> <\/p>\n<p>Al respecto de dichas manifestaciones, el mandatario record\u00f3 que todos esos trabajadores<strong><em> \u00abest\u00e1n en su derecho de manifestarse\u00bb<\/em> <\/strong>pero, agreg\u00f3, que<em><strong> \u00abcon la reforma que se est\u00e1 proponiendo no se afecta a los trabajadores. Al contrario, se les beneficia\u00bb.<\/strong><\/em><\/p>\n<p>L\u00f3pez Obrador, espera que estos d\u00edas se vuelva a explicar la reforma que, si bien en esencia sigue siendo lo que \u00e9l propuso este a\u00f1o, recientemente tuvo algunos cambios, por lo que ya no es exactamente igual que lo que \u00e9l propuso.<\/p>\n<p><em><strong>\u00abTodo esto para que\u00bb,<\/strong> <\/em>dijo, <strong><em>\u00abno se manipule a los trabajadores, para que los trabajadores del Poder Judicial tengan informaci\u00f3n. Nosotros no estamos en contra de los trabajadores de M\u00e9xico, nosotros estamos en contra de la corrupci\u00f3n y de los privilegios, y hay corrupci\u00f3n y hay privilegios en el Poder Judicial, y los trabajadores lo saben. Lo que queremos es corregir que desaparezca la corrupci\u00f3n en el Poder Judicial\u00bb,<\/em><\/strong> coment\u00f3 en conferencia de prensa.<\/p>\n<p>El mandatario aclar\u00f3 que esa limpia debe darse, sobretodo <em><strong>\u00abarriba\u00bb,<\/strong><\/em> haciendo referencia a las altas c\u00fapulas del judicial, como los jueces magistrados y ministros, pero, tambi\u00e9n dijo, que<em><strong> \u00abno todos\u00bb<\/strong> <\/em>son corruptos, <em><strong>\u00abpero s\u00ed muchos de ellos, que dejan en libertad a delincuentes, tanto del crimen organizado, como a delincuentes de cuello blanco\u00bb.<\/strong><\/em><\/p>\n<p>PUBLICADO EL 19 AGOSTO DE 2024 Con informaci\u00f3n de GOB DE M\u00c9XICO)<\/p>\n","protected":false},"excerpt":{"rendered":"<p>CIUDAD DE M\u00c9XICO. MX. \u2014 A partir de las 00:00 horas de este 19 de&#8230;<\/p>\n","protected":false},"author":1,"featured_media":0,"comment_status":"open","ping_status":"open","sticky":false,"template":"","format":"standard","meta":{"_monsterinsights_skip_tracking":false,"_monsterinsights_sitenote_active":false,"_monsterinsights_sitenote_note":"","_monsterinsights_sitenote_category":0,"footnotes":""},"categories":[5],"tags":[],"class_list":["post"],"yoast_head":" \n<title>Sonora en Equipo. &quot;Est\u00e1n en su derecho de manifestarse&quot;: AMLO sobre al paro nacional contra Reforma Judicial Rep\u00fablica<\/title>\n<meta name=\"description\" content=\"CIUDAD DE M\u00c9XICO. MX. \u2014 A partir de las 00:00 horas de este 19 de agosto, sin la participaci\u00f3n de jueces y magistrados, trabajadores del Poder Judicial En Sonora en Equipo publicamos toda la informaci\u00f3n de Sonora, M\u00e9xico y el Mundo de manera oportuna y busca que la libertad de expresi\u00f3n sea real. Visita nuestro medio informativo publicado desde Hermosillo, Sonora. %\" \/>\n<meta name=\"robots\" content=\"index, follow, max-snippet:-1, max-image-preview:large, max-video-preview:-1\" \/>\n<link rel=\"canonical\" href=\"https:\/\/www.sonoraenequipo.com.mx\/estan-en-su-derecho-de-manifestarse-amlo-sobre-al-paro-nacional-contra-reforma-judicial\/\" \/>\n<meta property=\"og:locale\" content=\"es_ES\" \/>\n<meta property=\"og:type\" content=\"article\" \/>\n<meta property=\"og:title\" content=\"Sonora en Equipo. &quot;Est\u00e1n en su derecho de manifestarse&quot;: AMLO sobre al paro nacional contra Reforma Judicial Rep\u00fablica\" \/>\n<meta property=\"og:description\" content=\"CIUDAD DE M\u00c9XICO. MX. \u2014 A partir de las 00:00 horas de este 19 de agosto, sin la participaci\u00f3n de jueces y magistrados, trabajadores del Poder Judicial En Sonora en Equipo publicamos toda la informaci\u00f3n de Sonora, M\u00e9xico y el Mundo de manera oportuna y busca que la libertad de expresi\u00f3n sea real. Visita nuestro medio informativo publicado desde Hermosillo, Sonora. %\" \/>\n<meta property=\"og:url\" content=\"https:\/\/www.sonoraenequipo.com.mx\/estan-en-su-derecho-de-manifestarse-amlo-sobre-al-paro-nacional-contra-reforma-judicial\/\" \/>\n<meta property=\"og:site_name\" content=\"Sonora en Equipo.\" \/>\n<meta property=\"article:publisher\" content=\"https:\/\/www.facebook.com\/SonoraEE\/\" \/>\n<meta property=\"article:author\" content=\"https:\/\/www.facebook.com\/SonoraEE\" \/>\n<meta property=\"article:published_time\" content=\"2024-08-19T16:07:28+00:00\" \/>\n<meta property=\"article:modified_time\" content=\"2024-08-19T23:30:55+00:00\" \/>\n<meta property=\"og:image\" content=\"https:\/\/www.sonoraenequipo.com.mx\/storage\/2024\/08\/AMLO-dice-que-tienen-derecho-a-defender-a-su-presidenta-los-del-PJF-min-1.jpg\" \/>\n\t<meta property=\"og:image:width\" content=\"1503\" \/>\n\t<meta property=\"og:image:height\" content=\"1000\" \/>\n\t<meta property=\"og:image:type\" content=\"image\/jpeg\" \/>\n<meta name=\"author\" content=\"enequipo\" \/>\n<meta name=\"twitter:card\" content=\"summary_large_image\" \/>\n<meta name=\"twitter:creator\" content=\"@sonoraenequipo\" \/>\n<meta name=\"twitter:site\" content=\"@sonoraenequipo\" \/>\n<meta name=\"twitter:label1\" content=\"Escrito por\" \/>\n\t<meta name=\"twitter:data1\" content=\"enequipo\" \/>\n\t<meta name=\"twitter:label2\" content=\"Tiempo de lectura\" \/>\n\t<meta name=\"twitter:data2\" content=\"1 minuto\" \/>\n<script type=\"application\/ld+json\" class=\"yoast-schema-graph\">{\"@context\":\"https:\/\/schema.org\",\"@graph\":[{\"@type\":\"Article\",\"@id\":\"https:\/\/www.sonoraenequipo.com.mx\/estan-en-su-derecho-de-manifestarse-amlo-sobre-al-paro-nacional-contra-reforma-judicial\/#article\",\"isPartOf\":{\"@id\":\"https:\/\/www.sonoraenequipo.com.mx\/estan-en-su-derecho-de-manifestarse-amlo-sobre-al-paro-nacional-contra-reforma-judicial\/\"},\"author\":{\"name\":\"enequipo\",\"@id\":\"https:\/\/www.sonoraenequipo.com.mx\/#\/schema\/person\/50102df0fb23a8fa9e8effad8fa81386\"},\"headline\":\"\u00abEst\u00e1n en su derecho de manifestarse\u00bb: AMLO sobre al paro nacional contra Reforma Judicial\",\"datePublished\":\"2024-08-19T16:07:28+00:00\",\"dateModified\":\"2024-08-19T23:30:55+00:00\",\"mainEntityOfPage\":{\"@id\":\"https:\/\/www.sonoraenequipo.com.mx\/estan-en-su-derecho-de-manifestarse-amlo-sobre-al-paro-nacional-contra-reforma-judicial\/\"},\"wordCount\":307,\"commentCount\":0,\"publisher\":{\"@id\":\"https:\/\/www.sonoraenequipo.com.mx\/#organization\"},\"articleSection\":[\"Rep\u00fablica\"],\"inLanguage\":\"es\",\"potentialAction\":[{\"@type\":\"CommentAction\",\"name\":\"Comment\",\"target\":[\"https:\/\/www.sonoraenequipo.com.mx\/estan-en-su-derecho-de-manifestarse-amlo-sobre-al-paro-nacional-contra-reforma-judicial\/#respond\"]}]},{\"@type\":\"WebPage\",\"@id\":\"https:\/\/www.sonoraenequipo.com.mx\/estan-en-su-derecho-de-manifestarse-amlo-sobre-al-paro-nacional-contra-reforma-judicial\/\",\"url\":\"https:\/\/www.sonoraenequipo.com.mx\/estan-en-su-derecho-de-manifestarse-amlo-sobre-al-paro-nacional-contra-reforma-judicial\/\",\"name\":\"Sonora en Equipo. \\\"Est\u00e1n en su derecho de manifestarse\\\": AMLO sobre al paro nacional contra Reforma Judicial Rep\u00fablica\",\"isPartOf\":{\"@id\":\"https:\/\/www.sonoraenequipo.com.mx\/#website\"},\"datePublished\":\"2024-08-19T16:07:28+00:00\",\"dateModified\":\"2024-08-19T23:30:55+00:00\",\"description\":\"CIUDAD DE M\u00c9XICO. MX. \u2014 A partir de las 00:00 horas de este 19 de agosto, sin la participaci\u00f3n de jueces y magistrados, trabajadores del Poder Judicial En Sonora en Equipo publicamos toda la informaci\u00f3n de Sonora, M\u00e9xico y el Mundo de manera oportuna y busca que la libertad de expresi\u00f3n sea real. Visita nuestro medio informativo publicado desde Hermosillo, Sonora. %\",\"breadcrumb\":{\"@id\":\"https:\/\/www.sonoraenequipo.com.mx\/estan-en-su-derecho-de-manifestarse-amlo-sobre-al-paro-nacional-contra-reforma-judicial\/#breadcrumb\"},\"inLanguage\":\"es\",\"potentialAction\":[{\"@type\":\"ReadAction\",\"target\":[\"https:\/\/www.sonoraenequipo.com.mx\/estan-en-su-derecho-de-manifestarse-amlo-sobre-al-paro-nacional-contra-reforma-judicial\/\"]}]},{\"@type\":\"BreadcrumbList\",\"@id\":\"https:\/\/www.sonoraenequipo.com.mx\/estan-en-su-derecho-de-manifestarse-amlo-sobre-al-paro-nacional-contra-reforma-judicial\/#breadcrumb\",\"itemListElement\":[{\"@type\":\"ListItem\",\"position\":1,\"name\":\"Portada\",\"item\":\"https:\/\/www.sonoraenequipo.com.mx\/\"},{\"@type\":\"ListItem\",\"position\":2,\"name\":\"\u00abEst\u00e1n en su derecho de manifestarse\u00bb: AMLO sobre al paro nacional contra Reforma Judicial\"}]},{\"@type\":\"WebSite\",\"@id\":\"https:\/\/www.sonoraenequipo.com.mx\/#website\",\"url\":\"https:\/\/www.sonoraenequipo.com.mx\/\",\"name\":\"Sonora en Equipo.\",\"description\":\"Diario en l\u00ednea con Noticias desde Hermosillo, Sonora\",\"publisher\":{\"@id\":\"https:\/\/www.sonoraenequipo.com.mx\/#organization\"},\"potentialAction\":[{\"@type\":\"SearchAction\",\"target\":{\"@type\":\"EntryPoint\",\"urlTemplate\":\"https:\/\/www.sonoraenequipo.com.mx\/?s={search_term_string}\"},\"query-input\":{\"@type\":\"PropertyValueSpecification\",\"valueRequired\":true,\"valueName\":\"search_term_string\"}}],\"inLanguage\":\"es\"},{\"@type\":\"Organization\",\"@id\":\"https:\/\/www.sonoraenequipo.com.mx\/#organization\",\"name\":\"Sonoraenequipo.com.mx\",\"url\":\"https:\/\/www.sonoraenequipo.com.mx\/\",\"logo\":{\"@type\":\"ImageObject\",\"inLanguage\":\"es\",\"@id\":\"https:\/\/www.sonoraenequipo.com.mx\/#\/schema\/logo\/image\/\",\"url\":\"https:\/\/www.sonoraenequipo.com.mx\/storage\/2019\/01\/sonoraenequipo_opt.png\",\"contentUrl\":\"https:\/\/www.sonoraenequipo.com.mx\/storage\/2019\/01\/sonoraenequipo_opt.png\",\"width\":375,\"height\":125,\"caption\":\"Sonoraenequipo.com.mx\"},\"image\":{\"@id\":\"https:\/\/www.sonoraenequipo.com.mx\/#\/schema\/logo\/image\/\"},\"sameAs\":[\"https:\/\/www.facebook.com\/SonoraEE\/\",\"https:\/\/x.com\/sonoraenequipo\",\"https:\/\/www.youtube.com\/channel\/UC338nW-lPEYmJQs4ZABQ1SQ\"]},{\"@type\":\"Person\",\"@id\":\"https:\/\/www.sonoraenequipo.com.mx\/#\/schema\/person\/50102df0fb23a8fa9e8effad8fa81386\",\"name\":\"enequipo\",\"image\":{\"@type\":\"ImageObject\",\"inLanguage\":\"es\",\"@id\":\"https:\/\/www.sonoraenequipo.com.mx\/#\/schema\/person\/image\/\",\"url\":\"https:\/\/secure.gravatar.com\/avatar\/049821681b589dabc0bc20695993ccebb09f5b5d4d790cd9251b97faac7c652b?s=96&d=blank&r=g\",\"contentUrl\":\"https:\/\/secure.gravatar.com\/avatar\/049821681b589dabc0bc20695993ccebb09f5b5d4d790cd9251b97faac7c652b?s=96&d=blank&r=g\",\"caption\":\"enequipo\"},\"sameAs\":[\"https:\/\/www.facebook.com\/SonoraEE\"]}]}<\/script>\n ","yoast_head_json":{"title":"Sonora en Equipo. \"Est\u00e1n en su derecho de manifestarse\": AMLO sobre al paro nacional contra Reforma Judicial Rep\u00fablica","description":"CIUDAD DE M\u00c9XICO. MX. \u2014 A partir de las 00:00 horas de este 19 de agosto, sin la participaci\u00f3n de jueces y magistrados, trabajadores del Poder Judicial En Sonora en Equipo publicamos toda la informaci\u00f3n de Sonora, M\u00e9xico y el Mundo de manera oportuna y busca que la libertad de expresi\u00f3n sea real. Visita nuestro medio informativo publicado desde Hermosillo, Sonora. %","robots":{"index":"index","follow":"follow","max-snippet":"max-snippet:-1","max-image-preview":"max-image-preview:large","max-video-preview":"max-video-preview:-1"},"canonical":"https:\/\/www.sonoraenequipo.com.mx\/estan-en-su-derecho-de-manifestarse-amlo-sobre-al-paro-nacional-contra-reforma-judicial\/","og_locale":"es_ES","og_type":"article","og_title":"Sonora en Equipo. \"Est\u00e1n en su derecho de manifestarse\": AMLO sobre al paro nacional contra Reforma Judicial Rep\u00fablica","og_description":"CIUDAD DE M\u00c9XICO. MX. \u2014 A partir de las 00:00 horas de este 19 de agosto, sin la participaci\u00f3n de jueces y magistrados, trabajadores del Poder Judicial En Sonora en Equipo publicamos toda la informaci\u00f3n de Sonora, M\u00e9xico y el Mundo de manera oportuna y busca que la libertad de expresi\u00f3n sea real. Visita nuestro medio informativo publicado desde Hermosillo, Sonora. %","og_url":"https:\/\/www.sonoraenequipo.com.mx\/estan-en-su-derecho-de-manifestarse-amlo-sobre-al-paro-nacional-contra-reforma-judicial\/","og_site_name":"Sonora en Equipo.","article_publisher":"https:\/\/www.facebook.com\/SonoraEE\/","article_author":"https:\/\/www.facebook.com\/SonoraEE","article_published_time":"2024-08-19T16:07:28+00:00","article_modified_time":"2024-08-19T23:30:55+00:00","og_image":[{"width":1503,"height":1000,"url":"https:\/\/www.sonoraenequipo.com.mx\/storage\/2024\/08\/AMLO-dice-que-tienen-derecho-a-defender-a-su-presidenta-los-del-PJF-min-1.jpg","type":"image\/jpeg"}],"author":"enequipo","twitter_card":"summary_large_image","twitter_creator":"@sonoraenequipo","twitter_site":"@sonoraenequipo","twitter_misc":{"Escrito por":"enequipo","Tiempo de lectura":"1 minuto"},"schema":{"@context":"https:\/\/schema.org","@graph":[{"@type":"Article","@id":"https:\/\/www.sonoraenequipo.com.mx\/estan-en-su-derecho-de-manifestarse-amlo-sobre-al-paro-nacional-contra-reforma-judicial\/#article","isPartOf":{"@id":"https:\/\/www.sonoraenequipo.com.mx\/estan-en-su-derecho-de-manifestarse-amlo-sobre-al-paro-nacional-contra-reforma-judicial\/"},"author":{"name":"enequipo","@id":"https:\/\/www.sonoraenequipo.com.mx\/#\/schema\/person\/50102df0fb23a8fa9e8effad8fa81386"},"headline":"\u00abEst\u00e1n en su derecho de manifestarse\u00bb: AMLO sobre al paro nacional contra Reforma Judicial","datePublished":"2024-08-19T16:07:28+00:00","dateModified":"2024-08-19T23:30:55+00:00","mainEntityOfPage":{"@id":"https:\/\/www.sonoraenequipo.com.mx\/estan-en-su-derecho-de-manifestarse-amlo-sobre-al-paro-nacional-contra-reforma-judicial\/"},"wordCount":307,"commentCount":0,"publisher":{"@id":"https:\/\/www.sonoraenequipo.com.mx\/#organization"},"articleSection":["Rep\u00fablica"],"inLanguage":"es","potentialAction":[{"@type":"CommentAction","name":"Comment","target":["https:\/\/www.sonoraenequipo.com.mx\/estan-en-su-derecho-de-manifestarse-amlo-sobre-al-paro-nacional-contra-reforma-judicial\/#respond"]}]},{"@type":"WebPage","@id":"https:\/\/www.sonoraenequipo.com.mx\/estan-en-su-derecho-de-manifestarse-amlo-sobre-al-paro-nacional-contra-reforma-judicial\/","url":"https:\/\/www.sonoraenequipo.com.mx\/estan-en-su-derecho-de-manifestarse-amlo-sobre-al-paro-nacional-contra-reforma-judicial\/","name":"Sonora en Equipo. \"Est\u00e1n en su derecho de manifestarse\": AMLO sobre al paro nacional contra Reforma Judicial Rep\u00fablica","isPartOf":{"@id":"https:\/\/www.sonoraenequipo.com.mx\/#website"},"datePublished":"2024-08-19T16:07:28+00:00","dateModified":"2024-08-19T23:30:55+00:00","description":"CIUDAD DE M\u00c9XICO. MX. \u2014 A partir de las 00:00 horas de este 19 de agosto, sin la participaci\u00f3n de jueces y magistrados, trabajadores del Poder Judicial En Sonora en Equipo publicamos toda la informaci\u00f3n de Sonora, M\u00e9xico y el Mundo de manera oportuna y busca que la libertad de expresi\u00f3n sea real. Visita nuestro medio informativo publicado desde Hermosillo, Sonora. %","breadcrumb":{"@id":"https:\/\/www.sonoraenequipo.com.mx\/estan-en-su-derecho-de-manifestarse-amlo-sobre-al-paro-nacional-contra-reforma-judicial\/#breadcrumb"},"inLanguage":"es","potentialAction":[{"@type":"ReadAction","target":["https:\/\/www.sonoraenequipo.com.mx\/estan-en-su-derecho-de-manifestarse-amlo-sobre-al-paro-nacional-contra-reforma-judicial\/"]}]},{"@type":"BreadcrumbList","@id":"https:\/\/www.sonoraenequipo.com.mx\/estan-en-su-derecho-de-manifestarse-amlo-sobre-al-paro-nacional-contra-reforma-judicial\/#breadcrumb","itemListElement":[{"@type":"ListItem","position":1,"name":"Portada","item":"https:\/\/www.sonoraenequipo.com.mx\/"},{"@type":"ListItem","position":2,"name":"\u00abEst\u00e1n en su derecho de manifestarse\u00bb: AMLO sobre al paro nacional contra Reforma Judicial"}]},{"@type":"WebSite","@id":"https:\/\/www.sonoraenequipo.com.mx\/#website","url":"https:\/\/www.sonoraenequipo.com.mx\/","name":"Sonora en Equipo.","description":"Diario en l\u00ednea con Noticias desde Hermosillo, Sonora","publisher":{"@id":"https:\/\/www.sonoraenequipo.com.mx\/#organization"},"potentialAction":[{"@type":"SearchAction","target":{"@type":"EntryPoint","urlTemplate":"https:\/\/www.sonoraenequipo.com.mx\/?s={search_term_string}"},"query-input":{"@type":"PropertyValueSpecification","valueRequired":true,"valueName":"search_term_string"}}],"inLanguage":"es"},{"@type":"Organization","@id":"https:\/\/www.sonoraenequipo.com.mx\/#organization","name":"Sonoraenequipo.com.mx","url":"https:\/\/www.sonoraenequipo.com.mx\/","logo":{"@type":"ImageObject","inLanguage":"es","@id":"https:\/\/www.sonoraenequipo.com.mx\/#\/schema\/logo\/image\/","url":"https:\/\/www.sonoraenequipo.com.mx\/storage\/2019\/01\/sonoraenequipo_opt.png","contentUrl":"https:\/\/www.sonoraenequipo.com.mx\/storage\/2019\/01\/sonoraenequipo_opt.png","width":375,"height":125,"caption":"Sonoraenequipo.com.mx"},"image":{"@id":"https:\/\/www.sonoraenequipo.com.mx\/#\/schema\/logo\/image\/"},"sameAs":["https:\/\/www.facebook.com\/SonoraEE\/","https:\/\/x.com\/sonoraenequipo","https:\/\/www.youtube.com\/channel\/UC338nW-lPEYmJQs4ZABQ1SQ"]},{"@type":"Person","@id":"https:\/\/www.sonoraenequipo.com.mx\/#\/schema\/person\/50102df0fb23a8fa9e8effad8fa81386","name":"enequipo","image":{"@type":"ImageObject","inLanguage":"es","@id":"https:\/\/www.sonoraenequipo.com.mx\/#\/schema\/person\/image\/","url":"https:\/\/secure.gravatar.com\/avatar\/049821681b589dabc0bc20695993ccebb09f5b5d4d790cd9251b97faac7c652b?s=96&d=blank&r=g","contentUrl":"https:\/\/secure.gravatar.com\/avatar\/049821681b589dabc0bc20695993ccebb09f5b5d4d790cd9251b97faac7c652b?s=96&d=blank&r=g","caption":"enequipo"},"sameAs":["https:\/\/www.facebook.com\/SonoraEE"]}]}},"jetpack_featured_media_url":"","_links":{"self":[{"href":"https:\/\/www.sonoraenequipo.com.mx\/api\/wp\/v2\/posts\/197277","targetHints":{"allow":["GET"]}}],"collection":[{"href":"https:\/\/www.sonoraenequipo.com.mx\/api\/wp\/v2\/posts"}],"about":[{"href":"https:\/\/www.sonoraenequipo.com.mx\/api\/wp\/v2\/types\/post"}],"author":[{"embeddable":true,"href":"https:\/\/www.sonoraenequipo.com.mx\/api\/wp\/v2\/users\/1"}],"replies":[{"embeddable":true,"href":"https:\/\/www.sonoraenequipo.com.mx\/api\/wp\/v2\/comments?post=197277"}],"version-history":[{"count":2,"href":"https:\/\/www.sonoraenequipo.com.mx\/api\/wp\/v2\/posts\/197277\/revisions"}],"predecessor-version":[{"id":197280,"href":"https:\/\/www.sonoraenequipo.com.mx\/api\/wp\/v2\/posts\/197277\/revisions\/197280"}],"wp:attachment":[{"href":"https:\/\/www.sonoraenequipo.com.mx\/api\/wp\/v2\/media?parent=197277"}],"wp:term":[{"taxonomy":"category","embeddable":true,"href":"https:\/\/www.sonoraenequipo.com.mx\/api\/wp\/v2\/categories?post=197277"},{"taxonomy":"post_tag","embeddable":true,"href":"https:\/\/www.sonoraenequipo.com.mx\/api\/wp\/v2\/tags?post=197277"}],"curies":[{"name":"wp","href":"https:\/\/api.w.org\/{rel}","templated":true}]}}