{"id":197288,"date":"2024-08-19T16:52:58","date_gmt":"2024-08-19T23:52:58","guid":{"rendered":"https:\/\/www.sonoraenequipo.com.mx\/?p=197288"},"modified":"2024-08-19T16:52:58","modified_gmt":"2024-08-19T23:52:58","slug":"imtes-verifica-correcta-prestacion-del-servicio-con-operativos-previo-al-regreso-a-clases","status":"publish","type":"post","link":"https:\/\/www.sonoraenequipo.com.mx\/imtes-verifica-correcta-prestacion-del-servicio-con-operativos-previo-al-regreso-a-clases\/","title":{"rendered":"Imtes verifica correcta prestaci\u00f3n del servicio con operativos previo al regreso a clases"},"content":{"rendered":"<p><strong>HERMOSILLO, SONORA, MX.<\/strong> \u2014 El Instituto de Movilidad y Transporte para el Estado de Sonora (Imtes) llev\u00f3 a cabo este lunes un operativo para verificar la correcta prestaci\u00f3n del servicio de transporte urbano en los municipios, Inform\u00f3 Carlos Sosa Casta\u00f1eda.<\/p>\n<p>&nbsp;<\/p>\n<p>&nbsp;<\/p>\n<p>&nbsp;<\/p>\n<p>El coordinador ejecutivo del Imtes expres\u00f3 que, los operativos se llevaron a cabo desde el inicio de la jornada laboral, con el grupo de inspectores asignados en los municipios de Nogales, Guaymas, Hermosillo, Ciudad Obreg\u00f3n y Navojoa.<\/p>\n<p>&nbsp;<\/p>\n<p>&nbsp;<\/p>\n<p>&nbsp;<\/p>\n<p>Los operativos se mantendr\u00e1n constantes a cargo del \u00e1rea de Inspecci\u00f3n y Vigilancia, para verificar el cumplimiento del Programa Operativo del Servicio y el seguro de viajero vigente, para que el pr\u00f3ximo lunes 26 de agosto las personas usuarias cuenten con una cobertura de transporte suficiente.<\/p>\n<p>&nbsp;<\/p>\n<p>&nbsp;<\/p>\n<p>&nbsp;<\/p>\n<p>De igual forma, el funcionario estatal invita a las y los estudiantes, a tramitar la credencial de transporte y a revalidar la vigencia de la misma, para que puedan acceder a los beneficios.<\/p>\n<p>&nbsp;<\/p>\n<p>&nbsp;<\/p>\n<p>&nbsp;<\/p>\n<p>Entre las acciones que se llevan a cabo entre Gobierno de Sonora, a trav\u00e9s del Imtes, y concesionarios, es fortalecer el sistema de transporte urbano dando el mantenimiento adecuado y sumar m\u00e1s unidades al servicio, en las pr\u00f3ximas semanas.<\/p>\n<p>&nbsp;<\/p>\n<p>&nbsp;<\/p>\n<p>&nbsp;<\/p>\n<p>Asimismo, se hace un llamado a tomar en cuenta las diferentes situaciones que se presentan al viajar en transporte p\u00fablico, como son el tr\u00e1nsito vehicular y la m\u00e1xima capacidad de las unidades en horas pico, por lo que recomienda salir con antelaci\u00f3n para que lleguen a tiempo a escuelas, centros de trabajo y dem\u00e1s lugares de inter\u00e9s.<\/p>\n<p>&nbsp;<\/p>\n<p>&nbsp;<\/p>\n<p>&nbsp;<\/p>\n<p>Se pone a disposici\u00f3n de las personas usuarias la l\u00ednea de atenci\u00f3n 800 71 71 110 y de mensajer\u00eda WhatsApp 6621 04 77 55 para reportes o sugerencias, y se invita a descargar en los celulares iOS y Android la aplicaci\u00f3n UNE Transporte Sonora.<\/p>\n<p><strong>Fecha de publicaci\u00f3n <\/strong><strong>lunes 19 de agosto de 2024<\/strong><\/p>\n<p>&nbsp;<\/p>\n","protected":false},"excerpt":{"rendered":"<p>HERMOSILLO, SONORA, MX. \u2014 El Instituto de Movilidad y Transporte para el Estado de Sonora&#8230;<\/p>\n","protected":false},"author":1,"featured_media":197289,"comment_status":"open","ping_status":"open","sticky":false,"template":"","format":"standard","meta":{"_monsterinsights_skip_tracking":false,"_monsterinsights_sitenote_active":false,"_monsterinsights_sitenote_note":"","_monsterinsights_sitenote_category":0,"footnotes":""},"categories":[22],"tags":[477,6022,3468,10150],"class_list":["post"],"yoast_head":" \n<title>Sonora en Equipo. Imtes verifica correcta prestaci\u00f3n del servicio con operativos previo al regreso a clases Sonora<\/title>\n<meta name=\"description\" content=\"HERMOSILLO, SONORA, MX. \u2014 El Instituto de Movilidad y Transporte para el Estado de Sonora (Imtes) llev\u00f3 a cabo este lunes un operativo para verificar la En Sonora en Equipo publicamos toda la informaci\u00f3n de Sonora, M\u00e9xico y el Mundo de manera oportuna y busca que la libertad de expresi\u00f3n sea real. Visita nuestro medio informativo publicado desde Hermosillo, Sonora. %\" \/>\n<meta name=\"robots\" content=\"index, follow, max-snippet:-1, max-image-preview:large, max-video-preview:-1\" \/>\n<link rel=\"canonical\" href=\"https:\/\/www.sonoraenequipo.com.mx\/imtes-verifica-correcta-prestacion-del-servicio-con-operativos-previo-al-regreso-a-clases\/\" \/>\n<meta property=\"og:locale\" content=\"es_ES\" \/>\n<meta property=\"og:type\" content=\"article\" \/>\n<meta property=\"og:title\" content=\"Sonora en Equipo. Imtes verifica correcta prestaci\u00f3n del servicio con operativos previo al regreso a clases Sonora\" \/>\n<meta property=\"og:description\" content=\"HERMOSILLO, SONORA, MX. \u2014 El Instituto de Movilidad y Transporte para el Estado de Sonora (Imtes) llev\u00f3 a cabo este lunes un operativo para verificar la En Sonora en Equipo publicamos toda la informaci\u00f3n de Sonora, M\u00e9xico y el Mundo de manera oportuna y busca que la libertad de expresi\u00f3n sea real. Visita nuestro medio informativo publicado desde Hermosillo, Sonora. %\" \/>\n<meta property=\"og:url\" content=\"https:\/\/www.sonoraenequipo.com.mx\/imtes-verifica-correcta-prestacion-del-servicio-con-operativos-previo-al-regreso-a-clases\/\" \/>\n<meta property=\"og:site_name\" content=\"Sonora en Equipo.\" \/>\n<meta property=\"article:publisher\" content=\"https:\/\/www.facebook.com\/SonoraEE\/\" \/>\n<meta property=\"article:author\" content=\"https:\/\/www.facebook.com\/SonoraEE\" \/>\n<meta property=\"article:published_time\" content=\"2024-08-19T23:52:58+00:00\" \/>\n<meta property=\"og:image\" content=\"https:\/\/www.sonoraenequipo.com.mx\/storage\/2024\/08\/transporte-urbano.jpg\" \/>\n\t<meta property=\"og:image:width\" content=\"600\" \/>\n\t<meta property=\"og:image:height\" content=\"450\" \/>\n\t<meta property=\"og:image:type\" content=\"image\/jpeg\" \/>\n<meta name=\"author\" content=\"enequipo\" \/>\n<meta name=\"twitter:card\" content=\"summary_large_image\" \/>\n<meta name=\"twitter:creator\" content=\"@sonoraenequipo\" \/>\n<meta name=\"twitter:site\" content=\"@sonoraenequipo\" \/>\n<meta name=\"twitter:label1\" content=\"Escrito por\" \/>\n\t<meta name=\"twitter:data1\" content=\"enequipo\" \/>\n\t<meta name=\"twitter:label2\" content=\"Tiempo de lectura\" \/>\n\t<meta name=\"twitter:data2\" content=\"2 minutos\" \/>\n<script type=\"application\/ld+json\" class=\"yoast-schema-graph\">{\"@context\":\"https:\/\/schema.org\",\"@graph\":[{\"@type\":\"Article\",\"@id\":\"https:\/\/www.sonoraenequipo.com.mx\/imtes-verifica-correcta-prestacion-del-servicio-con-operativos-previo-al-regreso-a-clases\/#article\",\"isPartOf\":{\"@id\":\"https:\/\/www.sonoraenequipo.com.mx\/imtes-verifica-correcta-prestacion-del-servicio-con-operativos-previo-al-regreso-a-clases\/\"},\"author\":{\"name\":\"enequipo\",\"@id\":\"https:\/\/www.sonoraenequipo.com.mx\/#\/schema\/person\/50102df0fb23a8fa9e8effad8fa81386\"},\"headline\":\"Imtes verifica correcta prestaci\u00f3n del servicio con operativos previo al regreso a clases\",\"datePublished\":\"2024-08-19T23:52:58+00:00\",\"mainEntityOfPage\":{\"@id\":\"https:\/\/www.sonoraenequipo.com.mx\/imtes-verifica-correcta-prestacion-del-servicio-con-operativos-previo-al-regreso-a-clases\/\"},\"wordCount\":347,\"commentCount\":0,\"publisher\":{\"@id\":\"https:\/\/www.sonoraenequipo.com.mx\/#organization\"},\"image\":{\"@id\":\"https:\/\/www.sonoraenequipo.com.mx\/imtes-verifica-correcta-prestacion-del-servicio-con-operativos-previo-al-regreso-a-clases\/#primaryimage\"},\"thumbnailUrl\":\"https:\/\/www.sonoraenequipo.com.mx\/storage\/2024\/08\/transporte-urbano.jpg\",\"keywords\":[\"clases\",\"REGRESO\",\"servicio\",\"transpporte\"],\"articleSection\":[\"Sonora\"],\"inLanguage\":\"es\",\"potentialAction\":[{\"@type\":\"CommentAction\",\"name\":\"Comment\",\"target\":[\"https:\/\/www.sonoraenequipo.com.mx\/imtes-verifica-correcta-prestacion-del-servicio-con-operativos-previo-al-regreso-a-clases\/#respond\"]}]},{\"@type\":\"WebPage\",\"@id\":\"https:\/\/www.sonoraenequipo.com.mx\/imtes-verifica-correcta-prestacion-del-servicio-con-operativos-previo-al-regreso-a-clases\/\",\"url\":\"https:\/\/www.sonoraenequipo.com.mx\/imtes-verifica-correcta-prestacion-del-servicio-con-operativos-previo-al-regreso-a-clases\/\",\"name\":\"Sonora en Equipo. Imtes verifica correcta prestaci\u00f3n del servicio con operativos previo al regreso a clases Sonora\",\"isPartOf\":{\"@id\":\"https:\/\/www.sonoraenequipo.com.mx\/#website\"},\"primaryImageOfPage\":{\"@id\":\"https:\/\/www.sonoraenequipo.com.mx\/imtes-verifica-correcta-prestacion-del-servicio-con-operativos-previo-al-regreso-a-clases\/#primaryimage\"},\"image\":{\"@id\":\"https:\/\/www.sonoraenequipo.com.mx\/imtes-verifica-correcta-prestacion-del-servicio-con-operativos-previo-al-regreso-a-clases\/#primaryimage\"},\"thumbnailUrl\":\"https:\/\/www.sonoraenequipo.com.mx\/storage\/2024\/08\/transporte-urbano.jpg\",\"datePublished\":\"2024-08-19T23:52:58+00:00\",\"description\":\"HERMOSILLO, SONORA, MX. \u2014 El Instituto de Movilidad y Transporte para el Estado de Sonora (Imtes) llev\u00f3 a cabo este lunes un operativo para verificar la En Sonora en Equipo publicamos toda la informaci\u00f3n de Sonora, M\u00e9xico y el Mundo de manera oportuna y busca que la libertad de expresi\u00f3n sea real. Visita nuestro medio informativo publicado desde Hermosillo, Sonora. %\",\"breadcrumb\":{\"@id\":\"https:\/\/www.sonoraenequipo.com.mx\/imtes-verifica-correcta-prestacion-del-servicio-con-operativos-previo-al-regreso-a-clases\/#breadcrumb\"},\"inLanguage\":\"es\",\"potentialAction\":[{\"@type\":\"ReadAction\",\"target\":[\"https:\/\/www.sonoraenequipo.com.mx\/imtes-verifica-correcta-prestacion-del-servicio-con-operativos-previo-al-regreso-a-clases\/\"]}]},{\"@type\":\"ImageObject\",\"inLanguage\":\"es\",\"@id\":\"https:\/\/www.sonoraenequipo.com.mx\/imtes-verifica-correcta-prestacion-del-servicio-con-operativos-previo-al-regreso-a-clases\/#primaryimage\",\"url\":\"https:\/\/www.sonoraenequipo.com.mx\/storage\/2024\/08\/transporte-urbano.jpg\",\"contentUrl\":\"https:\/\/www.sonoraenequipo.com.mx\/storage\/2024\/08\/transporte-urbano.jpg\",\"width\":600,\"height\":450},{\"@type\":\"BreadcrumbList\",\"@id\":\"https:\/\/www.sonoraenequipo.com.mx\/imtes-verifica-correcta-prestacion-del-servicio-con-operativos-previo-al-regreso-a-clases\/#breadcrumb\",\"itemListElement\":[{\"@type\":\"ListItem\",\"position\":1,\"name\":\"Portada\",\"item\":\"https:\/\/www.sonoraenequipo.com.mx\/\"},{\"@type\":\"ListItem\",\"position\":2,\"name\":\"Imtes verifica correcta prestaci\u00f3n del servicio con operativos previo al regreso a clases\"}]},{\"@type\":\"WebSite\",\"@id\":\"https:\/\/www.sonoraenequipo.com.mx\/#website\",\"url\":\"https:\/\/www.sonoraenequipo.com.mx\/\",\"name\":\"Sonora en Equipo.\",\"description\":\"Diario en l\u00ednea con Noticias desde Hermosillo, Sonora\",\"publisher\":{\"@id\":\"https:\/\/www.sonoraenequipo.com.mx\/#organization\"},\"potentialAction\":[{\"@type\":\"SearchAction\",\"target\":{\"@type\":\"EntryPoint\",\"urlTemplate\":\"https:\/\/www.sonoraenequipo.com.mx\/?s={search_term_string}\"},\"query-input\":{\"@type\":\"PropertyValueSpecification\",\"valueRequired\":true,\"valueName\":\"search_term_string\"}}],\"inLanguage\":\"es\"},{\"@type\":\"Organization\",\"@id\":\"https:\/\/www.sonoraenequipo.com.mx\/#organization\",\"name\":\"Sonoraenequipo.com.mx\",\"url\":\"https:\/\/www.sonoraenequipo.com.mx\/\",\"logo\":{\"@type\":\"ImageObject\",\"inLanguage\":\"es\",\"@id\":\"https:\/\/www.sonoraenequipo.com.mx\/#\/schema\/logo\/image\/\",\"url\":\"https:\/\/www.sonoraenequipo.com.mx\/storage\/2019\/01\/sonoraenequipo_opt.png\",\"contentUrl\":\"https:\/\/www.sonoraenequipo.com.mx\/storage\/2019\/01\/sonoraenequipo_opt.png\",\"width\":375,\"height\":125,\"caption\":\"Sonoraenequipo.com.mx\"},\"image\":{\"@id\":\"https:\/\/www.sonoraenequipo.com.mx\/#\/schema\/logo\/image\/\"},\"sameAs\":[\"https:\/\/www.facebook.com\/SonoraEE\/\",\"https:\/\/x.com\/sonoraenequipo\",\"https:\/\/www.youtube.com\/channel\/UC338nW-lPEYmJQs4ZABQ1SQ\"]},{\"@type\":\"Person\",\"@id\":\"https:\/\/www.sonoraenequipo.com.mx\/#\/schema\/person\/50102df0fb23a8fa9e8effad8fa81386\",\"name\":\"enequipo\",\"image\":{\"@type\":\"ImageObject\",\"inLanguage\":\"es\",\"@id\":\"https:\/\/www.sonoraenequipo.com.mx\/#\/schema\/person\/image\/\",\"url\":\"https:\/\/secure.gravatar.com\/avatar\/049821681b589dabc0bc20695993ccebb09f5b5d4d790cd9251b97faac7c652b?s=96&d=blank&r=g\",\"contentUrl\":\"https:\/\/secure.gravatar.com\/avatar\/049821681b589dabc0bc20695993ccebb09f5b5d4d790cd9251b97faac7c652b?s=96&d=blank&r=g\",\"caption\":\"enequipo\"},\"sameAs\":[\"https:\/\/www.facebook.com\/SonoraEE\"]}]}<\/script>\n ","yoast_head_json":{"title":"Sonora en Equipo. Imtes verifica correcta prestaci\u00f3n del servicio con operativos previo al regreso a clases Sonora","description":"HERMOSILLO, SONORA, MX. \u2014 El Instituto de Movilidad y Transporte para el Estado de Sonora (Imtes) llev\u00f3 a cabo este lunes un operativo para verificar la En Sonora en Equipo publicamos toda la informaci\u00f3n de Sonora, M\u00e9xico y el Mundo de manera oportuna y busca que la libertad de expresi\u00f3n sea real. Visita nuestro medio informativo publicado desde Hermosillo, Sonora. %","robots":{"index":"index","follow":"follow","max-snippet":"max-snippet:-1","max-image-preview":"max-image-preview:large","max-video-preview":"max-video-preview:-1"},"canonical":"https:\/\/www.sonoraenequipo.com.mx\/imtes-verifica-correcta-prestacion-del-servicio-con-operativos-previo-al-regreso-a-clases\/","og_locale":"es_ES","og_type":"article","og_title":"Sonora en Equipo. Imtes verifica correcta prestaci\u00f3n del servicio con operativos previo al regreso a clases Sonora","og_description":"HERMOSILLO, SONORA, MX. \u2014 El Instituto de Movilidad y Transporte para el Estado de Sonora (Imtes) llev\u00f3 a cabo este lunes un operativo para verificar la En Sonora en Equipo publicamos toda la informaci\u00f3n de Sonora, M\u00e9xico y el Mundo de manera oportuna y busca que la libertad de expresi\u00f3n sea real. Visita nuestro medio informativo publicado desde Hermosillo, Sonora. %","og_url":"https:\/\/www.sonoraenequipo.com.mx\/imtes-verifica-correcta-prestacion-del-servicio-con-operativos-previo-al-regreso-a-clases\/","og_site_name":"Sonora en Equipo.","article_publisher":"https:\/\/www.facebook.com\/SonoraEE\/","article_author":"https:\/\/www.facebook.com\/SonoraEE","article_published_time":"2024-08-19T23:52:58+00:00","og_image":[{"width":600,"height":450,"url":"https:\/\/www.sonoraenequipo.com.mx\/storage\/2024\/08\/transporte-urbano.jpg","type":"image\/jpeg"}],"author":"enequipo","twitter_card":"summary_large_image","twitter_creator":"@sonoraenequipo","twitter_site":"@sonoraenequipo","twitter_misc":{"Escrito por":"enequipo","Tiempo de lectura":"2 minutos"},"schema":{"@context":"https:\/\/schema.org","@graph":[{"@type":"Article","@id":"https:\/\/www.sonoraenequipo.com.mx\/imtes-verifica-correcta-prestacion-del-servicio-con-operativos-previo-al-regreso-a-clases\/#article","isPartOf":{"@id":"https:\/\/www.sonoraenequipo.com.mx\/imtes-verifica-correcta-prestacion-del-servicio-con-operativos-previo-al-regreso-a-clases\/"},"author":{"name":"enequipo","@id":"https:\/\/www.sonoraenequipo.com.mx\/#\/schema\/person\/50102df0fb23a8fa9e8effad8fa81386"},"headline":"Imtes verifica correcta prestaci\u00f3n del servicio con operativos previo al regreso a clases","datePublished":"2024-08-19T23:52:58+00:00","mainEntityOfPage":{"@id":"https:\/\/www.sonoraenequipo.com.mx\/imtes-verifica-correcta-prestacion-del-servicio-con-operativos-previo-al-regreso-a-clases\/"},"wordCount":347,"commentCount":0,"publisher":{"@id":"https:\/\/www.sonoraenequipo.com.mx\/#organization"},"image":{"@id":"https:\/\/www.sonoraenequipo.com.mx\/imtes-verifica-correcta-prestacion-del-servicio-con-operativos-previo-al-regreso-a-clases\/#primaryimage"},"thumbnailUrl":"https:\/\/www.sonoraenequipo.com.mx\/storage\/2024\/08\/transporte-urbano.jpg","keywords":["clases","REGRESO","servicio","transpporte"],"articleSection":["Sonora"],"inLanguage":"es","potentialAction":[{"@type":"CommentAction","name":"Comment","target":["https:\/\/www.sonoraenequipo.com.mx\/imtes-verifica-correcta-prestacion-del-servicio-con-operativos-previo-al-regreso-a-clases\/#respond"]}]},{"@type":"WebPage","@id":"https:\/\/www.sonoraenequipo.com.mx\/imtes-verifica-correcta-prestacion-del-servicio-con-operativos-previo-al-regreso-a-clases\/","url":"https:\/\/www.sonoraenequipo.com.mx\/imtes-verifica-correcta-prestacion-del-servicio-con-operativos-previo-al-regreso-a-clases\/","name":"Sonora en Equipo. Imtes verifica correcta prestaci\u00f3n del servicio con operativos previo al regreso a clases Sonora","isPartOf":{"@id":"https:\/\/www.sonoraenequipo.com.mx\/#website"},"primaryImageOfPage":{"@id":"https:\/\/www.sonoraenequipo.com.mx\/imtes-verifica-correcta-prestacion-del-servicio-con-operativos-previo-al-regreso-a-clases\/#primaryimage"},"image":{"@id":"https:\/\/www.sonoraenequipo.com.mx\/imtes-verifica-correcta-prestacion-del-servicio-con-operativos-previo-al-regreso-a-clases\/#primaryimage"},"thumbnailUrl":"https:\/\/www.sonoraenequipo.com.mx\/storage\/2024\/08\/transporte-urbano.jpg","datePublished":"2024-08-19T23:52:58+00:00","description":"HERMOSILLO, SONORA, MX. \u2014 El Instituto de Movilidad y Transporte para el Estado de Sonora (Imtes) llev\u00f3 a cabo este lunes un operativo para verificar la En Sonora en Equipo publicamos toda la informaci\u00f3n de Sonora, M\u00e9xico y el Mundo de manera oportuna y busca que la libertad de expresi\u00f3n sea real. Visita nuestro medio informativo publicado desde Hermosillo, Sonora. %","breadcrumb":{"@id":"https:\/\/www.sonoraenequipo.com.mx\/imtes-verifica-correcta-prestacion-del-servicio-con-operativos-previo-al-regreso-a-clases\/#breadcrumb"},"inLanguage":"es","potentialAction":[{"@type":"ReadAction","target":["https:\/\/www.sonoraenequipo.com.mx\/imtes-verifica-correcta-prestacion-del-servicio-con-operativos-previo-al-regreso-a-clases\/"]}]},{"@type":"ImageObject","inLanguage":"es","@id":"https:\/\/www.sonoraenequipo.com.mx\/imtes-verifica-correcta-prestacion-del-servicio-con-operativos-previo-al-regreso-a-clases\/#primaryimage","url":"https:\/\/www.sonoraenequipo.com.mx\/storage\/2024\/08\/transporte-urbano.jpg","contentUrl":"https:\/\/www.sonoraenequipo.com.mx\/storage\/2024\/08\/transporte-urbano.jpg","width":600,"height":450},{"@type":"BreadcrumbList","@id":"https:\/\/www.sonoraenequipo.com.mx\/imtes-verifica-correcta-prestacion-del-servicio-con-operativos-previo-al-regreso-a-clases\/#breadcrumb","itemListElement":[{"@type":"ListItem","position":1,"name":"Portada","item":"https:\/\/www.sonoraenequipo.com.mx\/"},{"@type":"ListItem","position":2,"name":"Imtes verifica correcta prestaci\u00f3n del servicio con operativos previo al regreso a clases"}]},{"@type":"WebSite","@id":"https:\/\/www.sonoraenequipo.com.mx\/#website","url":"https:\/\/www.sonoraenequipo.com.mx\/","name":"Sonora en Equipo.","description":"Diario en l\u00ednea con Noticias desde Hermosillo, Sonora","publisher":{"@id":"https:\/\/www.sonoraenequipo.com.mx\/#organization"},"potentialAction":[{"@type":"SearchAction","target":{"@type":"EntryPoint","urlTemplate":"https:\/\/www.sonoraenequipo.com.mx\/?s={search_term_string}"},"query-input":{"@type":"PropertyValueSpecification","valueRequired":true,"valueName":"search_term_string"}}],"inLanguage":"es"},{"@type":"Organization","@id":"https:\/\/www.sonoraenequipo.com.mx\/#organization","name":"Sonoraenequipo.com.mx","url":"https:\/\/www.sonoraenequipo.com.mx\/","logo":{"@type":"ImageObject","inLanguage":"es","@id":"https:\/\/www.sonoraenequipo.com.mx\/#\/schema\/logo\/image\/","url":"https:\/\/www.sonoraenequipo.com.mx\/storage\/2019\/01\/sonoraenequipo_opt.png","contentUrl":"https:\/\/www.sonoraenequipo.com.mx\/storage\/2019\/01\/sonoraenequipo_opt.png","width":375,"height":125,"caption":"Sonoraenequipo.com.mx"},"image":{"@id":"https:\/\/www.sonoraenequipo.com.mx\/#\/schema\/logo\/image\/"},"sameAs":["https:\/\/www.facebook.com\/SonoraEE\/","https:\/\/x.com\/sonoraenequipo","https:\/\/www.youtube.com\/channel\/UC338nW-lPEYmJQs4ZABQ1SQ"]},{"@type":"Person","@id":"https:\/\/www.sonoraenequipo.com.mx\/#\/schema\/person\/50102df0fb23a8fa9e8effad8fa81386","name":"enequipo","image":{"@type":"ImageObject","inLanguage":"es","@id":"https:\/\/www.sonoraenequipo.com.mx\/#\/schema\/person\/image\/","url":"https:\/\/secure.gravatar.com\/avatar\/049821681b589dabc0bc20695993ccebb09f5b5d4d790cd9251b97faac7c652b?s=96&d=blank&r=g","contentUrl":"https:\/\/secure.gravatar.com\/avatar\/049821681b589dabc0bc20695993ccebb09f5b5d4d790cd9251b97faac7c652b?s=96&d=blank&r=g","caption":"enequipo"},"sameAs":["https:\/\/www.facebook.com\/SonoraEE"]}]}},"jetpack_featured_media_url":"https:\/\/www.sonoraenequipo.com.mx\/storage\/2024\/08\/transporte-urbano.jpg","_links":{"self":[{"href":"https:\/\/www.sonoraenequipo.com.mx\/api\/wp\/v2\/posts\/197288","targetHints":{"allow":["GET"]}}],"collection":[{"href":"https:\/\/www.sonoraenequipo.com.mx\/api\/wp\/v2\/posts"}],"about":[{"href":"https:\/\/www.sonoraenequipo.com.mx\/api\/wp\/v2\/types\/post"}],"author":[{"embeddable":true,"href":"https:\/\/www.sonoraenequipo.com.mx\/api\/wp\/v2\/users\/1"}],"replies":[{"embeddable":true,"href":"https:\/\/www.sonoraenequipo.com.mx\/api\/wp\/v2\/comments?post=197288"}],"version-history":[{"count":1,"href":"https:\/\/www.sonoraenequipo.com.mx\/api\/wp\/v2\/posts\/197288\/revisions"}],"predecessor-version":[{"id":197291,"href":"https:\/\/www.sonoraenequipo.com.mx\/api\/wp\/v2\/posts\/197288\/revisions\/197291"}],"wp:featuredmedia":[{"embeddable":true,"href":"https:\/\/www.sonoraenequipo.com.mx\/api\/wp\/v2\/media\/197289"}],"wp:attachment":[{"href":"https:\/\/www.sonoraenequipo.com.mx\/api\/wp\/v2\/media?parent=197288"}],"wp:term":[{"taxonomy":"category","embeddable":true,"href":"https:\/\/www.sonoraenequipo.com.mx\/api\/wp\/v2\/categories?post=197288"},{"taxonomy":"post_tag","embeddable":true,"href":"https:\/\/www.sonoraenequipo.com.mx\/api\/wp\/v2\/tags?post=197288"}],"curies":[{"name":"wp","href":"https:\/\/api.w.org\/{rel}","templated":true}]}}