{"id":197292,"date":"2024-08-19T16:00:57","date_gmt":"2024-08-19T23:00:57","guid":{"rendered":"https:\/\/www.sonoraenequipo.com.mx\/?p=197292"},"modified":"2024-08-19T17:08:22","modified_gmt":"2024-08-20T00:08:22","slug":"gobierno-municipal-de-cajeme-realiza-incineracion-de-labaro-patrio-y-abanderamiento","status":"publish","type":"post","link":"https:\/\/www.sonoraenequipo.com.mx\/gobierno-municipal-de-cajeme-realiza-incineracion-de-labaro-patrio-y-abanderamiento\/","title":{"rendered":"Gobierno municipal de Cajeme realiza incineraci\u00f3n de L\u00e1baro patrio y abanderamiento"},"content":{"rendered":"<p><strong>CIUDAD OBREG\u00d3N, SONORA.MX. \u2014 <\/strong>El Gobierno Municipal a trav\u00e9s de la Coordinaci\u00f3n General de Identidad y Formaci\u00f3n Ciudadana, llev\u00f3 a cabo el abanderamiento e incineraci\u00f3n del l\u00e1baro patrio situado en la Central de Autobuses de Ciudad Obreg\u00f3n.<\/p>\n<p>&nbsp;<\/p>\n<p>&nbsp;<\/p>\n<p> Fernando Gonz\u00e1lez Meza, Coordinador General de Identidad Ciudadana en representaci\u00f3n del Presidente Municipal, Javier Lamarque Cano, explic\u00f3 que la incineraci\u00f3n de nuestro l\u00e1baro patrio se rige bajo el art\u00edculo 54 de la Ley sobre el Escudo, la Bandera y el Himno Nacional, donde se menciona que cuando se requiera destruir alguna r\u00e9plica de la bandera nacional, deber\u00e1 ser por deterioro, y se har\u00e1 mediante la incineraci\u00f3n en un protocolo respetuoso y solemne.<\/p>\n<p>&nbsp;<\/p>\n<p>&nbsp;<\/p>\n<p>&nbsp;<\/p>\n<p><em><strong>\u201cHoy, reunidos en este acto solemne, rendimos homenaje a nuestra bandera, s\u00edmbolo de nuestra naci\u00f3n y valores m\u00e1s profundos, la bandera que incineramos ha representado nuestra historia, lucha y logros, ha ondeado en momentos de gloria y dolor, pero siempre ha sido un recordatorio de nuestra identidad y unidad, al incinerarla no destruiremos su esp\u00edritu, sino que renovamos nuestro compromiso con los ideales que representa, con la libertad, justicia e igualdad\u201d,<\/strong><\/em> destac\u00f3.<\/p>\n<p>&nbsp;<\/p>\n<p>&nbsp;<\/p>\n<p>En la ceremonia estuvieron Jes\u00fas Manuel Pi\u00f1a Soto, director de la Central Camionera; Mar\u00eda Cristina P\u00e9rez Valenzuela, subdirectora de Valores C\u00edvicos; Marina Herrera Ortiz, Contralor Municipal; Mar\u00eda Ortiz T\u00e1nori, delegada Sindical; Jorge Antonio Barrag\u00e1n, en representaci\u00f3n del secretario de la Secretar\u00eda de Bienestar en Cajeme; Luis Acosta, secretario general de la CTM; Irineo Valenzuela, director regional del Transporte en Cajeme; entre otros.<\/p>\n<p>&nbsp;<\/p>\n<p>&nbsp;<\/p>\n<p>&nbsp;<\/p>\n<p>PUBLICADO EL 19 AGOSTO DE 2024 Con informaci\u00f3n de GOB CAJEME.)<\/p>\n","protected":false},"excerpt":{"rendered":"<p>CIUDAD OBREG\u00d3N, SONORA.MX. \u2014 El Gobierno Municipal a trav\u00e9s de la Coordinaci\u00f3n General de Identidad&#8230;<\/p>\n","protected":false},"author":1,"featured_media":197254,"comment_status":"open","ping_status":"open","sticky":false,"template":"","format":"standard","meta":{"_monsterinsights_skip_tracking":false,"_monsterinsights_sitenote_active":false,"_monsterinsights_sitenote_note":"","_monsterinsights_sitenote_category":0,"footnotes":""},"categories":[4],"tags":[],"class_list":["post"],"yoast_head":" \n<title>Sonora en Equipo. Gobierno municipal de Cajeme realiza incineraci\u00f3n de L\u00e1baro patrio y abanderamiento Municipios<\/title>\n<meta name=\"description\" content=\"CIUDAD OBREG\u00d3N, SONORA.MX. \u2014 El Gobierno Municipal a trav\u00e9s de la Coordinaci\u00f3n General de Identidad y Formaci\u00f3n Ciudadana, llev\u00f3 a cabo el abanderamiento En Sonora en Equipo publicamos toda la informaci\u00f3n de Sonora, M\u00e9xico y el Mundo de manera oportuna y busca que la libertad de expresi\u00f3n sea real. Visita nuestro medio informativo publicado desde Hermosillo, Sonora. %\" \/>\n<meta name=\"robots\" content=\"index, follow, max-snippet:-1, max-image-preview:large, max-video-preview:-1\" \/>\n<link rel=\"canonical\" href=\"https:\/\/www.sonoraenequipo.com.mx\/gobierno-municipal-de-cajeme-realiza-incineracion-de-labaro-patrio-y-abanderamiento\/\" \/>\n<meta property=\"og:locale\" content=\"es_ES\" \/>\n<meta property=\"og:type\" content=\"article\" \/>\n<meta property=\"og:title\" content=\"Sonora en Equipo. Gobierno municipal de Cajeme realiza incineraci\u00f3n de L\u00e1baro patrio y abanderamiento Municipios\" \/>\n<meta property=\"og:description\" content=\"CIUDAD OBREG\u00d3N, SONORA.MX. \u2014 El Gobierno Municipal a trav\u00e9s de la Coordinaci\u00f3n General de Identidad y Formaci\u00f3n Ciudadana, llev\u00f3 a cabo el abanderamiento En Sonora en Equipo publicamos toda la informaci\u00f3n de Sonora, M\u00e9xico y el Mundo de manera oportuna y busca que la libertad de expresi\u00f3n sea real. Visita nuestro medio informativo publicado desde Hermosillo, Sonora. %\" \/>\n<meta property=\"og:url\" content=\"https:\/\/www.sonoraenequipo.com.mx\/gobierno-municipal-de-cajeme-realiza-incineracion-de-labaro-patrio-y-abanderamiento\/\" \/>\n<meta property=\"og:site_name\" content=\"Sonora en Equipo.\" \/>\n<meta property=\"article:publisher\" content=\"https:\/\/www.facebook.com\/SonoraEE\/\" \/>\n<meta property=\"article:author\" content=\"https:\/\/www.facebook.com\/SonoraEE\" \/>\n<meta property=\"article:published_time\" content=\"2024-08-19T23:00:57+00:00\" \/>\n<meta property=\"article:modified_time\" content=\"2024-08-20T00:08:22+00:00\" \/>\n<meta property=\"og:image\" content=\"https:\/\/www.sonoraenequipo.com.mx\/storage\/2024\/08\/destruyen-bandera-de-Central-de-Autobuses-de-Cajeme-min.jpg\" \/>\n\t<meta property=\"og:image:width\" content=\"1320\" \/>\n\t<meta property=\"og:image:height\" content=\"621\" \/>\n\t<meta property=\"og:image:type\" content=\"image\/jpeg\" \/>\n<meta name=\"author\" content=\"enequipo\" \/>\n<meta name=\"twitter:card\" content=\"summary_large_image\" \/>\n<meta name=\"twitter:creator\" content=\"@sonoraenequipo\" \/>\n<meta name=\"twitter:site\" content=\"@sonoraenequipo\" \/>\n<meta name=\"twitter:label1\" content=\"Escrito por\" \/>\n\t<meta name=\"twitter:data1\" content=\"enequipo\" \/>\n\t<meta name=\"twitter:label2\" content=\"Tiempo de lectura\" \/>\n\t<meta name=\"twitter:data2\" content=\"1 minuto\" \/>\n<script type=\"application\/ld+json\" class=\"yoast-schema-graph\">{\"@context\":\"https:\/\/schema.org\",\"@graph\":[{\"@type\":\"Article\",\"@id\":\"https:\/\/www.sonoraenequipo.com.mx\/gobierno-municipal-de-cajeme-realiza-incineracion-de-labaro-patrio-y-abanderamiento\/#article\",\"isPartOf\":{\"@id\":\"https:\/\/www.sonoraenequipo.com.mx\/gobierno-municipal-de-cajeme-realiza-incineracion-de-labaro-patrio-y-abanderamiento\/\"},\"author\":{\"name\":\"enequipo\",\"@id\":\"https:\/\/www.sonoraenequipo.com.mx\/#\/schema\/person\/50102df0fb23a8fa9e8effad8fa81386\"},\"headline\":\"Gobierno municipal de Cajeme realiza incineraci\u00f3n de L\u00e1baro patrio y abanderamiento\",\"datePublished\":\"2024-08-19T23:00:57+00:00\",\"dateModified\":\"2024-08-20T00:08:22+00:00\",\"mainEntityOfPage\":{\"@id\":\"https:\/\/www.sonoraenequipo.com.mx\/gobierno-municipal-de-cajeme-realiza-incineracion-de-labaro-patrio-y-abanderamiento\/\"},\"wordCount\":303,\"commentCount\":0,\"publisher\":{\"@id\":\"https:\/\/www.sonoraenequipo.com.mx\/#organization\"},\"image\":{\"@id\":\"https:\/\/www.sonoraenequipo.com.mx\/gobierno-municipal-de-cajeme-realiza-incineracion-de-labaro-patrio-y-abanderamiento\/#primaryimage\"},\"thumbnailUrl\":\"https:\/\/www.sonoraenequipo.com.mx\/storage\/2024\/08\/destruyen-bandera-de-Central-de-Autobuses-de-Cajeme-min.jpg\",\"articleSection\":[\"Municipios\"],\"inLanguage\":\"es\",\"potentialAction\":[{\"@type\":\"CommentAction\",\"name\":\"Comment\",\"target\":[\"https:\/\/www.sonoraenequipo.com.mx\/gobierno-municipal-de-cajeme-realiza-incineracion-de-labaro-patrio-y-abanderamiento\/#respond\"]}]},{\"@type\":\"WebPage\",\"@id\":\"https:\/\/www.sonoraenequipo.com.mx\/gobierno-municipal-de-cajeme-realiza-incineracion-de-labaro-patrio-y-abanderamiento\/\",\"url\":\"https:\/\/www.sonoraenequipo.com.mx\/gobierno-municipal-de-cajeme-realiza-incineracion-de-labaro-patrio-y-abanderamiento\/\",\"name\":\"Sonora en Equipo. Gobierno municipal de Cajeme realiza incineraci\u00f3n de L\u00e1baro patrio y abanderamiento Municipios\",\"isPartOf\":{\"@id\":\"https:\/\/www.sonoraenequipo.com.mx\/#website\"},\"primaryImageOfPage\":{\"@id\":\"https:\/\/www.sonoraenequipo.com.mx\/gobierno-municipal-de-cajeme-realiza-incineracion-de-labaro-patrio-y-abanderamiento\/#primaryimage\"},\"image\":{\"@id\":\"https:\/\/www.sonoraenequipo.com.mx\/gobierno-municipal-de-cajeme-realiza-incineracion-de-labaro-patrio-y-abanderamiento\/#primaryimage\"},\"thumbnailUrl\":\"https:\/\/www.sonoraenequipo.com.mx\/storage\/2024\/08\/destruyen-bandera-de-Central-de-Autobuses-de-Cajeme-min.jpg\",\"datePublished\":\"2024-08-19T23:00:57+00:00\",\"dateModified\":\"2024-08-20T00:08:22+00:00\",\"description\":\"CIUDAD OBREG\u00d3N, SONORA.MX. \u2014 El Gobierno Municipal a trav\u00e9s de la Coordinaci\u00f3n General de Identidad y Formaci\u00f3n Ciudadana, llev\u00f3 a cabo el abanderamiento En Sonora en Equipo publicamos toda la informaci\u00f3n de Sonora, M\u00e9xico y el Mundo de manera oportuna y busca que la libertad de expresi\u00f3n sea real. Visita nuestro medio informativo publicado desde Hermosillo, Sonora. %\",\"breadcrumb\":{\"@id\":\"https:\/\/www.sonoraenequipo.com.mx\/gobierno-municipal-de-cajeme-realiza-incineracion-de-labaro-patrio-y-abanderamiento\/#breadcrumb\"},\"inLanguage\":\"es\",\"potentialAction\":[{\"@type\":\"ReadAction\",\"target\":[\"https:\/\/www.sonoraenequipo.com.mx\/gobierno-municipal-de-cajeme-realiza-incineracion-de-labaro-patrio-y-abanderamiento\/\"]}]},{\"@type\":\"ImageObject\",\"inLanguage\":\"es\",\"@id\":\"https:\/\/www.sonoraenequipo.com.mx\/gobierno-municipal-de-cajeme-realiza-incineracion-de-labaro-patrio-y-abanderamiento\/#primaryimage\",\"url\":\"https:\/\/www.sonoraenequipo.com.mx\/storage\/2024\/08\/destruyen-bandera-de-Central-de-Autobuses-de-Cajeme-min.jpg\",\"contentUrl\":\"https:\/\/www.sonoraenequipo.com.mx\/storage\/2024\/08\/destruyen-bandera-de-Central-de-Autobuses-de-Cajeme-min.jpg\",\"width\":1320,\"height\":621},{\"@type\":\"BreadcrumbList\",\"@id\":\"https:\/\/www.sonoraenequipo.com.mx\/gobierno-municipal-de-cajeme-realiza-incineracion-de-labaro-patrio-y-abanderamiento\/#breadcrumb\",\"itemListElement\":[{\"@type\":\"ListItem\",\"position\":1,\"name\":\"Portada\",\"item\":\"https:\/\/www.sonoraenequipo.com.mx\/\"},{\"@type\":\"ListItem\",\"position\":2,\"name\":\"Gobierno municipal de Cajeme realiza incineraci\u00f3n de L\u00e1baro patrio y abanderamiento\"}]},{\"@type\":\"WebSite\",\"@id\":\"https:\/\/www.sonoraenequipo.com.mx\/#website\",\"url\":\"https:\/\/www.sonoraenequipo.com.mx\/\",\"name\":\"Sonora en Equipo.\",\"description\":\"Diario en l\u00ednea con Noticias desde Hermosillo, Sonora\",\"publisher\":{\"@id\":\"https:\/\/www.sonoraenequipo.com.mx\/#organization\"},\"potentialAction\":[{\"@type\":\"SearchAction\",\"target\":{\"@type\":\"EntryPoint\",\"urlTemplate\":\"https:\/\/www.sonoraenequipo.com.mx\/?s={search_term_string}\"},\"query-input\":{\"@type\":\"PropertyValueSpecification\",\"valueRequired\":true,\"valueName\":\"search_term_string\"}}],\"inLanguage\":\"es\"},{\"@type\":\"Organization\",\"@id\":\"https:\/\/www.sonoraenequipo.com.mx\/#organization\",\"name\":\"Sonoraenequipo.com.mx\",\"url\":\"https:\/\/www.sonoraenequipo.com.mx\/\",\"logo\":{\"@type\":\"ImageObject\",\"inLanguage\":\"es\",\"@id\":\"https:\/\/www.sonoraenequipo.com.mx\/#\/schema\/logo\/image\/\",\"url\":\"https:\/\/www.sonoraenequipo.com.mx\/storage\/2019\/01\/sonoraenequipo_opt.png\",\"contentUrl\":\"https:\/\/www.sonoraenequipo.com.mx\/storage\/2019\/01\/sonoraenequipo_opt.png\",\"width\":375,\"height\":125,\"caption\":\"Sonoraenequipo.com.mx\"},\"image\":{\"@id\":\"https:\/\/www.sonoraenequipo.com.mx\/#\/schema\/logo\/image\/\"},\"sameAs\":[\"https:\/\/www.facebook.com\/SonoraEE\/\",\"https:\/\/x.com\/sonoraenequipo\",\"https:\/\/www.youtube.com\/channel\/UC338nW-lPEYmJQs4ZABQ1SQ\"]},{\"@type\":\"Person\",\"@id\":\"https:\/\/www.sonoraenequipo.com.mx\/#\/schema\/person\/50102df0fb23a8fa9e8effad8fa81386\",\"name\":\"enequipo\",\"image\":{\"@type\":\"ImageObject\",\"inLanguage\":\"es\",\"@id\":\"https:\/\/www.sonoraenequipo.com.mx\/#\/schema\/person\/image\/\",\"url\":\"https:\/\/secure.gravatar.com\/avatar\/049821681b589dabc0bc20695993ccebb09f5b5d4d790cd9251b97faac7c652b?s=96&d=blank&r=g\",\"contentUrl\":\"https:\/\/secure.gravatar.com\/avatar\/049821681b589dabc0bc20695993ccebb09f5b5d4d790cd9251b97faac7c652b?s=96&d=blank&r=g\",\"caption\":\"enequipo\"},\"sameAs\":[\"https:\/\/www.facebook.com\/SonoraEE\"]}]}<\/script>\n ","yoast_head_json":{"title":"Sonora en Equipo. Gobierno municipal de Cajeme realiza incineraci\u00f3n de L\u00e1baro patrio y abanderamiento Municipios","description":"CIUDAD OBREG\u00d3N, SONORA.MX. \u2014 El Gobierno Municipal a trav\u00e9s de la Coordinaci\u00f3n General de Identidad y Formaci\u00f3n Ciudadana, llev\u00f3 a cabo el abanderamiento En Sonora en Equipo publicamos toda la informaci\u00f3n de Sonora, M\u00e9xico y el Mundo de manera oportuna y busca que la libertad de expresi\u00f3n sea real. Visita nuestro medio informativo publicado desde Hermosillo, Sonora. %","robots":{"index":"index","follow":"follow","max-snippet":"max-snippet:-1","max-image-preview":"max-image-preview:large","max-video-preview":"max-video-preview:-1"},"canonical":"https:\/\/www.sonoraenequipo.com.mx\/gobierno-municipal-de-cajeme-realiza-incineracion-de-labaro-patrio-y-abanderamiento\/","og_locale":"es_ES","og_type":"article","og_title":"Sonora en Equipo. Gobierno municipal de Cajeme realiza incineraci\u00f3n de L\u00e1baro patrio y abanderamiento Municipios","og_description":"CIUDAD OBREG\u00d3N, SONORA.MX. \u2014 El Gobierno Municipal a trav\u00e9s de la Coordinaci\u00f3n General de Identidad y Formaci\u00f3n Ciudadana, llev\u00f3 a cabo el abanderamiento En Sonora en Equipo publicamos toda la informaci\u00f3n de Sonora, M\u00e9xico y el Mundo de manera oportuna y busca que la libertad de expresi\u00f3n sea real. Visita nuestro medio informativo publicado desde Hermosillo, Sonora. %","og_url":"https:\/\/www.sonoraenequipo.com.mx\/gobierno-municipal-de-cajeme-realiza-incineracion-de-labaro-patrio-y-abanderamiento\/","og_site_name":"Sonora en Equipo.","article_publisher":"https:\/\/www.facebook.com\/SonoraEE\/","article_author":"https:\/\/www.facebook.com\/SonoraEE","article_published_time":"2024-08-19T23:00:57+00:00","article_modified_time":"2024-08-20T00:08:22+00:00","og_image":[{"width":1320,"height":621,"url":"https:\/\/www.sonoraenequipo.com.mx\/storage\/2024\/08\/destruyen-bandera-de-Central-de-Autobuses-de-Cajeme-min.jpg","type":"image\/jpeg"}],"author":"enequipo","twitter_card":"summary_large_image","twitter_creator":"@sonoraenequipo","twitter_site":"@sonoraenequipo","twitter_misc":{"Escrito por":"enequipo","Tiempo de lectura":"1 minuto"},"schema":{"@context":"https:\/\/schema.org","@graph":[{"@type":"Article","@id":"https:\/\/www.sonoraenequipo.com.mx\/gobierno-municipal-de-cajeme-realiza-incineracion-de-labaro-patrio-y-abanderamiento\/#article","isPartOf":{"@id":"https:\/\/www.sonoraenequipo.com.mx\/gobierno-municipal-de-cajeme-realiza-incineracion-de-labaro-patrio-y-abanderamiento\/"},"author":{"name":"enequipo","@id":"https:\/\/www.sonoraenequipo.com.mx\/#\/schema\/person\/50102df0fb23a8fa9e8effad8fa81386"},"headline":"Gobierno municipal de Cajeme realiza incineraci\u00f3n de L\u00e1baro patrio y abanderamiento","datePublished":"2024-08-19T23:00:57+00:00","dateModified":"2024-08-20T00:08:22+00:00","mainEntityOfPage":{"@id":"https:\/\/www.sonoraenequipo.com.mx\/gobierno-municipal-de-cajeme-realiza-incineracion-de-labaro-patrio-y-abanderamiento\/"},"wordCount":303,"commentCount":0,"publisher":{"@id":"https:\/\/www.sonoraenequipo.com.mx\/#organization"},"image":{"@id":"https:\/\/www.sonoraenequipo.com.mx\/gobierno-municipal-de-cajeme-realiza-incineracion-de-labaro-patrio-y-abanderamiento\/#primaryimage"},"thumbnailUrl":"https:\/\/www.sonoraenequipo.com.mx\/storage\/2024\/08\/destruyen-bandera-de-Central-de-Autobuses-de-Cajeme-min.jpg","articleSection":["Municipios"],"inLanguage":"es","potentialAction":[{"@type":"CommentAction","name":"Comment","target":["https:\/\/www.sonoraenequipo.com.mx\/gobierno-municipal-de-cajeme-realiza-incineracion-de-labaro-patrio-y-abanderamiento\/#respond"]}]},{"@type":"WebPage","@id":"https:\/\/www.sonoraenequipo.com.mx\/gobierno-municipal-de-cajeme-realiza-incineracion-de-labaro-patrio-y-abanderamiento\/","url":"https:\/\/www.sonoraenequipo.com.mx\/gobierno-municipal-de-cajeme-realiza-incineracion-de-labaro-patrio-y-abanderamiento\/","name":"Sonora en Equipo. Gobierno municipal de Cajeme realiza incineraci\u00f3n de L\u00e1baro patrio y abanderamiento Municipios","isPartOf":{"@id":"https:\/\/www.sonoraenequipo.com.mx\/#website"},"primaryImageOfPage":{"@id":"https:\/\/www.sonoraenequipo.com.mx\/gobierno-municipal-de-cajeme-realiza-incineracion-de-labaro-patrio-y-abanderamiento\/#primaryimage"},"image":{"@id":"https:\/\/www.sonoraenequipo.com.mx\/gobierno-municipal-de-cajeme-realiza-incineracion-de-labaro-patrio-y-abanderamiento\/#primaryimage"},"thumbnailUrl":"https:\/\/www.sonoraenequipo.com.mx\/storage\/2024\/08\/destruyen-bandera-de-Central-de-Autobuses-de-Cajeme-min.jpg","datePublished":"2024-08-19T23:00:57+00:00","dateModified":"2024-08-20T00:08:22+00:00","description":"CIUDAD OBREG\u00d3N, SONORA.MX. \u2014 El Gobierno Municipal a trav\u00e9s de la Coordinaci\u00f3n General de Identidad y Formaci\u00f3n Ciudadana, llev\u00f3 a cabo el abanderamiento En Sonora en Equipo publicamos toda la informaci\u00f3n de Sonora, M\u00e9xico y el Mundo de manera oportuna y busca que la libertad de expresi\u00f3n sea real. Visita nuestro medio informativo publicado desde Hermosillo, Sonora. %","breadcrumb":{"@id":"https:\/\/www.sonoraenequipo.com.mx\/gobierno-municipal-de-cajeme-realiza-incineracion-de-labaro-patrio-y-abanderamiento\/#breadcrumb"},"inLanguage":"es","potentialAction":[{"@type":"ReadAction","target":["https:\/\/www.sonoraenequipo.com.mx\/gobierno-municipal-de-cajeme-realiza-incineracion-de-labaro-patrio-y-abanderamiento\/"]}]},{"@type":"ImageObject","inLanguage":"es","@id":"https:\/\/www.sonoraenequipo.com.mx\/gobierno-municipal-de-cajeme-realiza-incineracion-de-labaro-patrio-y-abanderamiento\/#primaryimage","url":"https:\/\/www.sonoraenequipo.com.mx\/storage\/2024\/08\/destruyen-bandera-de-Central-de-Autobuses-de-Cajeme-min.jpg","contentUrl":"https:\/\/www.sonoraenequipo.com.mx\/storage\/2024\/08\/destruyen-bandera-de-Central-de-Autobuses-de-Cajeme-min.jpg","width":1320,"height":621},{"@type":"BreadcrumbList","@id":"https:\/\/www.sonoraenequipo.com.mx\/gobierno-municipal-de-cajeme-realiza-incineracion-de-labaro-patrio-y-abanderamiento\/#breadcrumb","itemListElement":[{"@type":"ListItem","position":1,"name":"Portada","item":"https:\/\/www.sonoraenequipo.com.mx\/"},{"@type":"ListItem","position":2,"name":"Gobierno municipal de Cajeme realiza incineraci\u00f3n de L\u00e1baro patrio y abanderamiento"}]},{"@type":"WebSite","@id":"https:\/\/www.sonoraenequipo.com.mx\/#website","url":"https:\/\/www.sonoraenequipo.com.mx\/","name":"Sonora en Equipo.","description":"Diario en l\u00ednea con Noticias desde Hermosillo, Sonora","publisher":{"@id":"https:\/\/www.sonoraenequipo.com.mx\/#organization"},"potentialAction":[{"@type":"SearchAction","target":{"@type":"EntryPoint","urlTemplate":"https:\/\/www.sonoraenequipo.com.mx\/?s={search_term_string}"},"query-input":{"@type":"PropertyValueSpecification","valueRequired":true,"valueName":"search_term_string"}}],"inLanguage":"es"},{"@type":"Organization","@id":"https:\/\/www.sonoraenequipo.com.mx\/#organization","name":"Sonoraenequipo.com.mx","url":"https:\/\/www.sonoraenequipo.com.mx\/","logo":{"@type":"ImageObject","inLanguage":"es","@id":"https:\/\/www.sonoraenequipo.com.mx\/#\/schema\/logo\/image\/","url":"https:\/\/www.sonoraenequipo.com.mx\/storage\/2019\/01\/sonoraenequipo_opt.png","contentUrl":"https:\/\/www.sonoraenequipo.com.mx\/storage\/2019\/01\/sonoraenequipo_opt.png","width":375,"height":125,"caption":"Sonoraenequipo.com.mx"},"image":{"@id":"https:\/\/www.sonoraenequipo.com.mx\/#\/schema\/logo\/image\/"},"sameAs":["https:\/\/www.facebook.com\/SonoraEE\/","https:\/\/x.com\/sonoraenequipo","https:\/\/www.youtube.com\/channel\/UC338nW-lPEYmJQs4ZABQ1SQ"]},{"@type":"Person","@id":"https:\/\/www.sonoraenequipo.com.mx\/#\/schema\/person\/50102df0fb23a8fa9e8effad8fa81386","name":"enequipo","image":{"@type":"ImageObject","inLanguage":"es","@id":"https:\/\/www.sonoraenequipo.com.mx\/#\/schema\/person\/image\/","url":"https:\/\/secure.gravatar.com\/avatar\/049821681b589dabc0bc20695993ccebb09f5b5d4d790cd9251b97faac7c652b?s=96&d=blank&r=g","contentUrl":"https:\/\/secure.gravatar.com\/avatar\/049821681b589dabc0bc20695993ccebb09f5b5d4d790cd9251b97faac7c652b?s=96&d=blank&r=g","caption":"enequipo"},"sameAs":["https:\/\/www.facebook.com\/SonoraEE"]}]}},"jetpack_featured_media_url":"https:\/\/www.sonoraenequipo.com.mx\/storage\/2024\/08\/destruyen-bandera-de-Central-de-Autobuses-de-Cajeme-min.jpg","_links":{"self":[{"href":"https:\/\/www.sonoraenequipo.com.mx\/api\/wp\/v2\/posts\/197292","targetHints":{"allow":["GET"]}}],"collection":[{"href":"https:\/\/www.sonoraenequipo.com.mx\/api\/wp\/v2\/posts"}],"about":[{"href":"https:\/\/www.sonoraenequipo.com.mx\/api\/wp\/v2\/types\/post"}],"author":[{"embeddable":true,"href":"https:\/\/www.sonoraenequipo.com.mx\/api\/wp\/v2\/users\/1"}],"replies":[{"embeddable":true,"href":"https:\/\/www.sonoraenequipo.com.mx\/api\/wp\/v2\/comments?post=197292"}],"version-history":[{"count":1,"href":"https:\/\/www.sonoraenequipo.com.mx\/api\/wp\/v2\/posts\/197292\/revisions"}],"predecessor-version":[{"id":197296,"href":"https:\/\/www.sonoraenequipo.com.mx\/api\/wp\/v2\/posts\/197292\/revisions\/197296"}],"wp:featuredmedia":[{"embeddable":true,"href":"https:\/\/www.sonoraenequipo.com.mx\/api\/wp\/v2\/media\/197254"}],"wp:attachment":[{"href":"https:\/\/www.sonoraenequipo.com.mx\/api\/wp\/v2\/media?parent=197292"}],"wp:term":[{"taxonomy":"category","embeddable":true,"href":"https:\/\/www.sonoraenequipo.com.mx\/api\/wp\/v2\/categories?post=197292"},{"taxonomy":"post_tag","embeddable":true,"href":"https:\/\/www.sonoraenequipo.com.mx\/api\/wp\/v2\/tags?post=197292"}],"curies":[{"name":"wp","href":"https:\/\/api.w.org\/{rel}","templated":true}]}}