{"id":197540,"date":"2024-08-21T22:22:30","date_gmt":"2024-08-22T05:22:30","guid":{"rendered":"https:\/\/www.sonoraenequipo.com.mx\/?p=197540"},"modified":"2024-08-21T22:26:42","modified_gmt":"2024-08-22T05:26:42","slug":"empleados-de-meta-denuncian-censura-en-publicaciones-internas-sobre-palestina","status":"publish","type":"post","link":"https:\/\/www.sonoraenequipo.com.mx\/empleados-de-meta-denuncian-censura-en-publicaciones-internas-sobre-palestina\/","title":{"rendered":"Empleados de Meta denuncian censura en publicaciones internas sobre Palestina"},"content":{"rendered":"<p><strong>ESTADOS UNIDOS. \u2014<\/strong> Un grupo de empleados de Meta, la empresa detr\u00e1s de Facebook, Instagram y WhatsApp, ha hecho p\u00fablico un manifiesto en el que exponen c\u00f3mo la administraci\u00f3n de Mark Zuckerberg silencia sistem\u00e1ticamente a quienes defienden los derechos de los palestinos.<\/p>\n<p>&nbsp;<\/p>\n<p>&nbsp;<\/p>\n<p> <br \/>\nEn su carta, los trabajadores denuncian que cualquier expresi\u00f3n de apoyo hacia los palestinos es reprimida con severidad.<\/p>\n<p>&nbsp;<\/p>\n<p>&nbsp;<\/p>\n<p>&nbsp;<\/p>\n<p>\u201cCualquier expresi\u00f3n de apoyo hacia nuestros compa\u00f1eros palestinos o los millones que se enfrentan a una crisis humanitaria en Palestina, es recibida con censura a nivel interno\u201d, afirman.<\/p>\n<p>&nbsp;<\/p>\n<p>&nbsp;<\/p>\n<p>Los empleados de Meta critican el uso de las normas internas, conocidas como CEE, una herramienta para sofocar opiniones divergentes.<\/p>\n<p>&nbsp;<\/p>\n<p>&nbsp;<\/p>\n<p>\u201cLas normas para regular lo que podemos decir internamente (CEE) se utilizan como pretexto para eliminar opiniones disidentes e incluso para silenciar a empleados que simplemente buscan consuelo\u201d, subrayan los empleados de meta acerca de las publicaciones sobre Palestina.<br \/>\nAsimismo, resaltan que todas las menciones a Palestina en las comunicaciones internas son eliminadas sin excepci\u00f3n. Esto incluye publicaciones donde colegas expresan su dolor y comparten enlaces a resoluciones de la ONU o iniciativas para ayudar a civiles en Gaza.<\/p>\n<p>&nbsp;<\/p>\n<p>&nbsp;<\/p>\n<p>&nbsp;<\/p>\n<p>La carta destaca que Meta ignora la evidencia acumulada durante a\u00f1os sobre la supresi\u00f3n de estas voces. A pesar de que en 2024 la compa\u00f1\u00eda a\u00fan est\u00e1 lidiando con las conclusiones de una auditor\u00eda independiente basada en un informe de Human Rights Watch (HRW), la situaci\u00f3n no muestra signos de mejora.<\/p>\n<p>&nbsp;<\/p>\n<p>&nbsp;<\/p>\n<p>&nbsp;<\/p>\n<p>Los empleados tambi\u00e9n criticaron la falta de transparencia por parte de Meta ante las solicitudes de figuras pol\u00edticas como la senadora Elizabeth Warren.<\/p>\n<p>&nbsp;<\/p>\n<p>&nbsp;<\/p>\n<p>&nbsp;<\/p>\n<p><em><strong>\u201cMeta ha ignorado solicitudes de transparencia sobre nuestras pol\u00edticas de contenido\u201d<\/strong><\/em>, indican.<\/p>\n<p>&nbsp;<\/p>\n<p>&nbsp;<\/p>\n<p>Adem\u00e1s, mencionan que varias organizaciones de derechos civiles expresaron su preocupaci\u00f3n por la censura, lo que llev\u00f3 a peticiones externas contra la pol\u00edtica propuesta por Meta de equiparar <strong><em>\u201csionista\u201d con \u201cjud\u00edo\u201d<\/em><\/strong>, acumulando m\u00e1s de 52 mil firmas en oposici\u00f3n.<\/p>\n<p>&nbsp;<\/p>\n<p>&nbsp;<\/p>\n<p>&nbsp;<\/p>\n<p>PUBLICADO EL 21 AGOSTO DE 2024 Con informaci\u00f3n de redes sociales)<\/p>\n","protected":false},"excerpt":{"rendered":"<p>ESTADOS UNIDOS. \u2014 Un grupo de empleados de Meta, la empresa detr\u00e1s de Facebook, Instagram&#8230;<\/p>\n","protected":false},"author":1,"featured_media":197517,"comment_status":"open","ping_status":"open","sticky":false,"template":"","format":"standard","meta":{"_monsterinsights_skip_tracking":false,"_monsterinsights_sitenote_active":false,"_monsterinsights_sitenote_note":"","_monsterinsights_sitenote_category":0,"footnotes":""},"categories":[2216],"tags":[],"class_list":["post"],"yoast_head":" \n<title>Sonora en Equipo. Empleados de Meta denuncian censura en publicaciones internas sobre Palestina Ciencia y Tecnolog\u00eda<\/title>\n<meta name=\"description\" content=\"ESTADOS UNIDOS. \u2014 Un grupo de empleados de Meta, la empresa detr\u00e1s de Facebook, Instagram y WhatsApp, ha hecho p\u00fablico un manifiesto en el que exponen En Sonora en Equipo publicamos toda la informaci\u00f3n de Sonora, M\u00e9xico y el Mundo de manera oportuna y busca que la libertad de expresi\u00f3n sea real. Visita nuestro medio informativo publicado desde Hermosillo, Sonora. %\" \/>\n<meta name=\"robots\" content=\"index, follow, max-snippet:-1, max-image-preview:large, max-video-preview:-1\" \/>\n<link rel=\"canonical\" href=\"https:\/\/www.sonoraenequipo.com.mx\/empleados-de-meta-denuncian-censura-en-publicaciones-internas-sobre-palestina\/\" \/>\n<meta property=\"og:locale\" content=\"es_ES\" \/>\n<meta property=\"og:type\" content=\"article\" \/>\n<meta property=\"og:title\" content=\"Sonora en Equipo. Empleados de Meta denuncian censura en publicaciones internas sobre Palestina Ciencia y Tecnolog\u00eda\" \/>\n<meta property=\"og:description\" content=\"ESTADOS UNIDOS. \u2014 Un grupo de empleados de Meta, la empresa detr\u00e1s de Facebook, Instagram y WhatsApp, ha hecho p\u00fablico un manifiesto en el que exponen En Sonora en Equipo publicamos toda la informaci\u00f3n de Sonora, M\u00e9xico y el Mundo de manera oportuna y busca que la libertad de expresi\u00f3n sea real. Visita nuestro medio informativo publicado desde Hermosillo, Sonora. %\" \/>\n<meta property=\"og:url\" content=\"https:\/\/www.sonoraenequipo.com.mx\/empleados-de-meta-denuncian-censura-en-publicaciones-internas-sobre-palestina\/\" \/>\n<meta property=\"og:site_name\" content=\"Sonora en Equipo.\" \/>\n<meta property=\"article:publisher\" content=\"https:\/\/www.facebook.com\/SonoraEE\/\" \/>\n<meta property=\"article:author\" content=\"https:\/\/www.facebook.com\/SonoraEE\" \/>\n<meta property=\"article:published_time\" content=\"2024-08-22T05:22:30+00:00\" \/>\n<meta property=\"article:modified_time\" content=\"2024-08-22T05:26:42+00:00\" \/>\n<meta property=\"og:image\" content=\"https:\/\/www.sonoraenequipo.com.mx\/storage\/2024\/08\/meta-min.jpg\" \/>\n\t<meta property=\"og:image:width\" content=\"900\" \/>\n\t<meta property=\"og:image:height\" content=\"621\" \/>\n\t<meta property=\"og:image:type\" content=\"image\/jpeg\" \/>\n<meta name=\"author\" content=\"enequipo\" \/>\n<meta name=\"twitter:card\" content=\"summary_large_image\" \/>\n<meta name=\"twitter:creator\" content=\"@sonoraenequipo\" \/>\n<meta name=\"twitter:site\" content=\"@sonoraenequipo\" \/>\n<meta name=\"twitter:label1\" content=\"Escrito por\" \/>\n\t<meta name=\"twitter:data1\" content=\"enequipo\" \/>\n\t<meta name=\"twitter:label2\" content=\"Tiempo de lectura\" \/>\n\t<meta name=\"twitter:data2\" content=\"2 minutos\" \/>\n<script type=\"application\/ld+json\" class=\"yoast-schema-graph\">{\"@context\":\"https:\/\/schema.org\",\"@graph\":[{\"@type\":\"Article\",\"@id\":\"https:\/\/www.sonoraenequipo.com.mx\/empleados-de-meta-denuncian-censura-en-publicaciones-internas-sobre-palestina\/#article\",\"isPartOf\":{\"@id\":\"https:\/\/www.sonoraenequipo.com.mx\/empleados-de-meta-denuncian-censura-en-publicaciones-internas-sobre-palestina\/\"},\"author\":{\"name\":\"enequipo\",\"@id\":\"https:\/\/www.sonoraenequipo.com.mx\/#\/schema\/person\/50102df0fb23a8fa9e8effad8fa81386\"},\"headline\":\"Empleados de Meta denuncian censura en publicaciones internas sobre Palestina\",\"datePublished\":\"2024-08-22T05:22:30+00:00\",\"dateModified\":\"2024-08-22T05:26:42+00:00\",\"mainEntityOfPage\":{\"@id\":\"https:\/\/www.sonoraenequipo.com.mx\/empleados-de-meta-denuncian-censura-en-publicaciones-internas-sobre-palestina\/\"},\"wordCount\":376,\"commentCount\":0,\"publisher\":{\"@id\":\"https:\/\/www.sonoraenequipo.com.mx\/#organization\"},\"image\":{\"@id\":\"https:\/\/www.sonoraenequipo.com.mx\/empleados-de-meta-denuncian-censura-en-publicaciones-internas-sobre-palestina\/#primaryimage\"},\"thumbnailUrl\":\"https:\/\/www.sonoraenequipo.com.mx\/storage\/2024\/08\/meta-min.jpg\",\"articleSection\":[\"Ciencia y Tecnolog\u00eda\"],\"inLanguage\":\"es\",\"potentialAction\":[{\"@type\":\"CommentAction\",\"name\":\"Comment\",\"target\":[\"https:\/\/www.sonoraenequipo.com.mx\/empleados-de-meta-denuncian-censura-en-publicaciones-internas-sobre-palestina\/#respond\"]}]},{\"@type\":\"WebPage\",\"@id\":\"https:\/\/www.sonoraenequipo.com.mx\/empleados-de-meta-denuncian-censura-en-publicaciones-internas-sobre-palestina\/\",\"url\":\"https:\/\/www.sonoraenequipo.com.mx\/empleados-de-meta-denuncian-censura-en-publicaciones-internas-sobre-palestina\/\",\"name\":\"Sonora en Equipo. Empleados de Meta denuncian censura en publicaciones internas sobre Palestina Ciencia y Tecnolog\u00eda\",\"isPartOf\":{\"@id\":\"https:\/\/www.sonoraenequipo.com.mx\/#website\"},\"primaryImageOfPage\":{\"@id\":\"https:\/\/www.sonoraenequipo.com.mx\/empleados-de-meta-denuncian-censura-en-publicaciones-internas-sobre-palestina\/#primaryimage\"},\"image\":{\"@id\":\"https:\/\/www.sonoraenequipo.com.mx\/empleados-de-meta-denuncian-censura-en-publicaciones-internas-sobre-palestina\/#primaryimage\"},\"thumbnailUrl\":\"https:\/\/www.sonoraenequipo.com.mx\/storage\/2024\/08\/meta-min.jpg\",\"datePublished\":\"2024-08-22T05:22:30+00:00\",\"dateModified\":\"2024-08-22T05:26:42+00:00\",\"description\":\"ESTADOS UNIDOS. \u2014 Un grupo de empleados de Meta, la empresa detr\u00e1s de Facebook, Instagram y WhatsApp, ha hecho p\u00fablico un manifiesto en el que exponen En Sonora en Equipo publicamos toda la informaci\u00f3n de Sonora, M\u00e9xico y el Mundo de manera oportuna y busca que la libertad de expresi\u00f3n sea real. Visita nuestro medio informativo publicado desde Hermosillo, Sonora. %\",\"breadcrumb\":{\"@id\":\"https:\/\/www.sonoraenequipo.com.mx\/empleados-de-meta-denuncian-censura-en-publicaciones-internas-sobre-palestina\/#breadcrumb\"},\"inLanguage\":\"es\",\"potentialAction\":[{\"@type\":\"ReadAction\",\"target\":[\"https:\/\/www.sonoraenequipo.com.mx\/empleados-de-meta-denuncian-censura-en-publicaciones-internas-sobre-palestina\/\"]}]},{\"@type\":\"ImageObject\",\"inLanguage\":\"es\",\"@id\":\"https:\/\/www.sonoraenequipo.com.mx\/empleados-de-meta-denuncian-censura-en-publicaciones-internas-sobre-palestina\/#primaryimage\",\"url\":\"https:\/\/www.sonoraenequipo.com.mx\/storage\/2024\/08\/meta-min.jpg\",\"contentUrl\":\"https:\/\/www.sonoraenequipo.com.mx\/storage\/2024\/08\/meta-min.jpg\",\"width\":900,\"height\":621},{\"@type\":\"BreadcrumbList\",\"@id\":\"https:\/\/www.sonoraenequipo.com.mx\/empleados-de-meta-denuncian-censura-en-publicaciones-internas-sobre-palestina\/#breadcrumb\",\"itemListElement\":[{\"@type\":\"ListItem\",\"position\":1,\"name\":\"Portada\",\"item\":\"https:\/\/www.sonoraenequipo.com.mx\/\"},{\"@type\":\"ListItem\",\"position\":2,\"name\":\"Empleados de Meta denuncian censura en publicaciones internas sobre Palestina\"}]},{\"@type\":\"WebSite\",\"@id\":\"https:\/\/www.sonoraenequipo.com.mx\/#website\",\"url\":\"https:\/\/www.sonoraenequipo.com.mx\/\",\"name\":\"Sonora en Equipo.\",\"description\":\"Diario en l\u00ednea con Noticias desde Hermosillo, Sonora\",\"publisher\":{\"@id\":\"https:\/\/www.sonoraenequipo.com.mx\/#organization\"},\"potentialAction\":[{\"@type\":\"SearchAction\",\"target\":{\"@type\":\"EntryPoint\",\"urlTemplate\":\"https:\/\/www.sonoraenequipo.com.mx\/?s={search_term_string}\"},\"query-input\":{\"@type\":\"PropertyValueSpecification\",\"valueRequired\":true,\"valueName\":\"search_term_string\"}}],\"inLanguage\":\"es\"},{\"@type\":\"Organization\",\"@id\":\"https:\/\/www.sonoraenequipo.com.mx\/#organization\",\"name\":\"Sonoraenequipo.com.mx\",\"url\":\"https:\/\/www.sonoraenequipo.com.mx\/\",\"logo\":{\"@type\":\"ImageObject\",\"inLanguage\":\"es\",\"@id\":\"https:\/\/www.sonoraenequipo.com.mx\/#\/schema\/logo\/image\/\",\"url\":\"https:\/\/www.sonoraenequipo.com.mx\/storage\/2019\/01\/sonoraenequipo_opt.png\",\"contentUrl\":\"https:\/\/www.sonoraenequipo.com.mx\/storage\/2019\/01\/sonoraenequipo_opt.png\",\"width\":375,\"height\":125,\"caption\":\"Sonoraenequipo.com.mx\"},\"image\":{\"@id\":\"https:\/\/www.sonoraenequipo.com.mx\/#\/schema\/logo\/image\/\"},\"sameAs\":[\"https:\/\/www.facebook.com\/SonoraEE\/\",\"https:\/\/x.com\/sonoraenequipo\",\"https:\/\/www.youtube.com\/channel\/UC338nW-lPEYmJQs4ZABQ1SQ\"]},{\"@type\":\"Person\",\"@id\":\"https:\/\/www.sonoraenequipo.com.mx\/#\/schema\/person\/50102df0fb23a8fa9e8effad8fa81386\",\"name\":\"enequipo\",\"image\":{\"@type\":\"ImageObject\",\"inLanguage\":\"es\",\"@id\":\"https:\/\/www.sonoraenequipo.com.mx\/#\/schema\/person\/image\/\",\"url\":\"https:\/\/secure.gravatar.com\/avatar\/049821681b589dabc0bc20695993ccebb09f5b5d4d790cd9251b97faac7c652b?s=96&d=blank&r=g\",\"contentUrl\":\"https:\/\/secure.gravatar.com\/avatar\/049821681b589dabc0bc20695993ccebb09f5b5d4d790cd9251b97faac7c652b?s=96&d=blank&r=g\",\"caption\":\"enequipo\"},\"sameAs\":[\"https:\/\/www.facebook.com\/SonoraEE\"]}]}<\/script>\n ","yoast_head_json":{"title":"Sonora en Equipo. Empleados de Meta denuncian censura en publicaciones internas sobre Palestina Ciencia y Tecnolog\u00eda","description":"ESTADOS UNIDOS. \u2014 Un grupo de empleados de Meta, la empresa detr\u00e1s de Facebook, Instagram y WhatsApp, ha hecho p\u00fablico un manifiesto en el que exponen En Sonora en Equipo publicamos toda la informaci\u00f3n de Sonora, M\u00e9xico y el Mundo de manera oportuna y busca que la libertad de expresi\u00f3n sea real. Visita nuestro medio informativo publicado desde Hermosillo, Sonora. %","robots":{"index":"index","follow":"follow","max-snippet":"max-snippet:-1","max-image-preview":"max-image-preview:large","max-video-preview":"max-video-preview:-1"},"canonical":"https:\/\/www.sonoraenequipo.com.mx\/empleados-de-meta-denuncian-censura-en-publicaciones-internas-sobre-palestina\/","og_locale":"es_ES","og_type":"article","og_title":"Sonora en Equipo. Empleados de Meta denuncian censura en publicaciones internas sobre Palestina Ciencia y Tecnolog\u00eda","og_description":"ESTADOS UNIDOS. \u2014 Un grupo de empleados de Meta, la empresa detr\u00e1s de Facebook, Instagram y WhatsApp, ha hecho p\u00fablico un manifiesto en el que exponen En Sonora en Equipo publicamos toda la informaci\u00f3n de Sonora, M\u00e9xico y el Mundo de manera oportuna y busca que la libertad de expresi\u00f3n sea real. Visita nuestro medio informativo publicado desde Hermosillo, Sonora. %","og_url":"https:\/\/www.sonoraenequipo.com.mx\/empleados-de-meta-denuncian-censura-en-publicaciones-internas-sobre-palestina\/","og_site_name":"Sonora en Equipo.","article_publisher":"https:\/\/www.facebook.com\/SonoraEE\/","article_author":"https:\/\/www.facebook.com\/SonoraEE","article_published_time":"2024-08-22T05:22:30+00:00","article_modified_time":"2024-08-22T05:26:42+00:00","og_image":[{"width":900,"height":621,"url":"https:\/\/www.sonoraenequipo.com.mx\/storage\/2024\/08\/meta-min.jpg","type":"image\/jpeg"}],"author":"enequipo","twitter_card":"summary_large_image","twitter_creator":"@sonoraenequipo","twitter_site":"@sonoraenequipo","twitter_misc":{"Escrito por":"enequipo","Tiempo de lectura":"2 minutos"},"schema":{"@context":"https:\/\/schema.org","@graph":[{"@type":"Article","@id":"https:\/\/www.sonoraenequipo.com.mx\/empleados-de-meta-denuncian-censura-en-publicaciones-internas-sobre-palestina\/#article","isPartOf":{"@id":"https:\/\/www.sonoraenequipo.com.mx\/empleados-de-meta-denuncian-censura-en-publicaciones-internas-sobre-palestina\/"},"author":{"name":"enequipo","@id":"https:\/\/www.sonoraenequipo.com.mx\/#\/schema\/person\/50102df0fb23a8fa9e8effad8fa81386"},"headline":"Empleados de Meta denuncian censura en publicaciones internas sobre Palestina","datePublished":"2024-08-22T05:22:30+00:00","dateModified":"2024-08-22T05:26:42+00:00","mainEntityOfPage":{"@id":"https:\/\/www.sonoraenequipo.com.mx\/empleados-de-meta-denuncian-censura-en-publicaciones-internas-sobre-palestina\/"},"wordCount":376,"commentCount":0,"publisher":{"@id":"https:\/\/www.sonoraenequipo.com.mx\/#organization"},"image":{"@id":"https:\/\/www.sonoraenequipo.com.mx\/empleados-de-meta-denuncian-censura-en-publicaciones-internas-sobre-palestina\/#primaryimage"},"thumbnailUrl":"https:\/\/www.sonoraenequipo.com.mx\/storage\/2024\/08\/meta-min.jpg","articleSection":["Ciencia y Tecnolog\u00eda"],"inLanguage":"es","potentialAction":[{"@type":"CommentAction","name":"Comment","target":["https:\/\/www.sonoraenequipo.com.mx\/empleados-de-meta-denuncian-censura-en-publicaciones-internas-sobre-palestina\/#respond"]}]},{"@type":"WebPage","@id":"https:\/\/www.sonoraenequipo.com.mx\/empleados-de-meta-denuncian-censura-en-publicaciones-internas-sobre-palestina\/","url":"https:\/\/www.sonoraenequipo.com.mx\/empleados-de-meta-denuncian-censura-en-publicaciones-internas-sobre-palestina\/","name":"Sonora en Equipo. Empleados de Meta denuncian censura en publicaciones internas sobre Palestina Ciencia y Tecnolog\u00eda","isPartOf":{"@id":"https:\/\/www.sonoraenequipo.com.mx\/#website"},"primaryImageOfPage":{"@id":"https:\/\/www.sonoraenequipo.com.mx\/empleados-de-meta-denuncian-censura-en-publicaciones-internas-sobre-palestina\/#primaryimage"},"image":{"@id":"https:\/\/www.sonoraenequipo.com.mx\/empleados-de-meta-denuncian-censura-en-publicaciones-internas-sobre-palestina\/#primaryimage"},"thumbnailUrl":"https:\/\/www.sonoraenequipo.com.mx\/storage\/2024\/08\/meta-min.jpg","datePublished":"2024-08-22T05:22:30+00:00","dateModified":"2024-08-22T05:26:42+00:00","description":"ESTADOS UNIDOS. \u2014 Un grupo de empleados de Meta, la empresa detr\u00e1s de Facebook, Instagram y WhatsApp, ha hecho p\u00fablico un manifiesto en el que exponen En Sonora en Equipo publicamos toda la informaci\u00f3n de Sonora, M\u00e9xico y el Mundo de manera oportuna y busca que la libertad de expresi\u00f3n sea real. Visita nuestro medio informativo publicado desde Hermosillo, Sonora. %","breadcrumb":{"@id":"https:\/\/www.sonoraenequipo.com.mx\/empleados-de-meta-denuncian-censura-en-publicaciones-internas-sobre-palestina\/#breadcrumb"},"inLanguage":"es","potentialAction":[{"@type":"ReadAction","target":["https:\/\/www.sonoraenequipo.com.mx\/empleados-de-meta-denuncian-censura-en-publicaciones-internas-sobre-palestina\/"]}]},{"@type":"ImageObject","inLanguage":"es","@id":"https:\/\/www.sonoraenequipo.com.mx\/empleados-de-meta-denuncian-censura-en-publicaciones-internas-sobre-palestina\/#primaryimage","url":"https:\/\/www.sonoraenequipo.com.mx\/storage\/2024\/08\/meta-min.jpg","contentUrl":"https:\/\/www.sonoraenequipo.com.mx\/storage\/2024\/08\/meta-min.jpg","width":900,"height":621},{"@type":"BreadcrumbList","@id":"https:\/\/www.sonoraenequipo.com.mx\/empleados-de-meta-denuncian-censura-en-publicaciones-internas-sobre-palestina\/#breadcrumb","itemListElement":[{"@type":"ListItem","position":1,"name":"Portada","item":"https:\/\/www.sonoraenequipo.com.mx\/"},{"@type":"ListItem","position":2,"name":"Empleados de Meta denuncian censura en publicaciones internas sobre Palestina"}]},{"@type":"WebSite","@id":"https:\/\/www.sonoraenequipo.com.mx\/#website","url":"https:\/\/www.sonoraenequipo.com.mx\/","name":"Sonora en Equipo.","description":"Diario en l\u00ednea con Noticias desde Hermosillo, Sonora","publisher":{"@id":"https:\/\/www.sonoraenequipo.com.mx\/#organization"},"potentialAction":[{"@type":"SearchAction","target":{"@type":"EntryPoint","urlTemplate":"https:\/\/www.sonoraenequipo.com.mx\/?s={search_term_string}"},"query-input":{"@type":"PropertyValueSpecification","valueRequired":true,"valueName":"search_term_string"}}],"inLanguage":"es"},{"@type":"Organization","@id":"https:\/\/www.sonoraenequipo.com.mx\/#organization","name":"Sonoraenequipo.com.mx","url":"https:\/\/www.sonoraenequipo.com.mx\/","logo":{"@type":"ImageObject","inLanguage":"es","@id":"https:\/\/www.sonoraenequipo.com.mx\/#\/schema\/logo\/image\/","url":"https:\/\/www.sonoraenequipo.com.mx\/storage\/2019\/01\/sonoraenequipo_opt.png","contentUrl":"https:\/\/www.sonoraenequipo.com.mx\/storage\/2019\/01\/sonoraenequipo_opt.png","width":375,"height":125,"caption":"Sonoraenequipo.com.mx"},"image":{"@id":"https:\/\/www.sonoraenequipo.com.mx\/#\/schema\/logo\/image\/"},"sameAs":["https:\/\/www.facebook.com\/SonoraEE\/","https:\/\/x.com\/sonoraenequipo","https:\/\/www.youtube.com\/channel\/UC338nW-lPEYmJQs4ZABQ1SQ"]},{"@type":"Person","@id":"https:\/\/www.sonoraenequipo.com.mx\/#\/schema\/person\/50102df0fb23a8fa9e8effad8fa81386","name":"enequipo","image":{"@type":"ImageObject","inLanguage":"es","@id":"https:\/\/www.sonoraenequipo.com.mx\/#\/schema\/person\/image\/","url":"https:\/\/secure.gravatar.com\/avatar\/049821681b589dabc0bc20695993ccebb09f5b5d4d790cd9251b97faac7c652b?s=96&d=blank&r=g","contentUrl":"https:\/\/secure.gravatar.com\/avatar\/049821681b589dabc0bc20695993ccebb09f5b5d4d790cd9251b97faac7c652b?s=96&d=blank&r=g","caption":"enequipo"},"sameAs":["https:\/\/www.facebook.com\/SonoraEE"]}]}},"jetpack_featured_media_url":"https:\/\/www.sonoraenequipo.com.mx\/storage\/2024\/08\/meta-min.jpg","_links":{"self":[{"href":"https:\/\/www.sonoraenequipo.com.mx\/api\/wp\/v2\/posts\/197540","targetHints":{"allow":["GET"]}}],"collection":[{"href":"https:\/\/www.sonoraenequipo.com.mx\/api\/wp\/v2\/posts"}],"about":[{"href":"https:\/\/www.sonoraenequipo.com.mx\/api\/wp\/v2\/types\/post"}],"author":[{"embeddable":true,"href":"https:\/\/www.sonoraenequipo.com.mx\/api\/wp\/v2\/users\/1"}],"replies":[{"embeddable":true,"href":"https:\/\/www.sonoraenequipo.com.mx\/api\/wp\/v2\/comments?post=197540"}],"version-history":[{"count":1,"href":"https:\/\/www.sonoraenequipo.com.mx\/api\/wp\/v2\/posts\/197540\/revisions"}],"predecessor-version":[{"id":197541,"href":"https:\/\/www.sonoraenequipo.com.mx\/api\/wp\/v2\/posts\/197540\/revisions\/197541"}],"wp:featuredmedia":[{"embeddable":true,"href":"https:\/\/www.sonoraenequipo.com.mx\/api\/wp\/v2\/media\/197517"}],"wp:attachment":[{"href":"https:\/\/www.sonoraenequipo.com.mx\/api\/wp\/v2\/media?parent=197540"}],"wp:term":[{"taxonomy":"category","embeddable":true,"href":"https:\/\/www.sonoraenequipo.com.mx\/api\/wp\/v2\/categories?post=197540"},{"taxonomy":"post_tag","embeddable":true,"href":"https:\/\/www.sonoraenequipo.com.mx\/api\/wp\/v2\/tags?post=197540"}],"curies":[{"name":"wp","href":"https:\/\/api.w.org\/{rel}","templated":true}]}}