{"id":197550,"date":"2024-08-21T23:46:54","date_gmt":"2024-08-22T06:46:54","guid":{"rendered":"https:\/\/www.sonoraenequipo.com.mx\/?p=197550"},"modified":"2024-08-22T09:55:11","modified_gmt":"2024-08-22T16:55:11","slug":"en-espana-los-delitos-de-odio-en-redes-sociales-seran-castigados-judicialmente","status":"publish","type":"post","link":"https:\/\/www.sonoraenequipo.com.mx\/en-espana-los-delitos-de-odio-en-redes-sociales-seran-castigados-judicialmente\/","title":{"rendered":"En Espa\u00f1a los delitos de odio en redes sociales ser\u00e1n castigados judicialmente"},"content":{"rendered":"<p><strong>MADRID, ESPA\u00d1A. \u2014<\/strong> Las declaraciones del funcionario se registraron este mi\u00e9rcoles a trav\u00e9s de una entrevista para la Cadena SER, recogida por el medio de comunicaci\u00f3n Europa Press.<\/p>\n<p>&nbsp;<\/p>\n<p> <\/p>\n<p>La posici\u00f3n de Aguilar se present\u00f3 luego que la Fiscal\u00eda de Espa\u00f1a confirm\u00f3 que investiga mensajes <strong>\u201cfal<\/strong><strong>sos\u201d<\/strong> y de <strong>\u201codio\u201d<\/strong> en redes sociales contra migrantes, quienes est\u00e1n siendo atacados y acusados de asesinar a un ni\u00f1o de 11 a\u00f1os de edad, en Mocej\u00f3n, Toledo.<\/p>\n<p>&nbsp;<\/p>\n<p>&nbsp;<\/p>\n<p>&nbsp;<\/p>\n<p>En este sentido, el entrevistado abog\u00f3 por la inclusi\u00f3n de mejoras legales para que el Ministerio P\u00fablico y los tribunales se interesen en emplear los mecanismos necesarios para minimizar escenarios hostiles en el espacio digital.<\/p>\n<p>&nbsp;<\/p>\n<p>&nbsp;<\/p>\n<p>&nbsp;<\/p>\n<p><em><strong>\u201cCon las herramientas que tenemos ahora podemos trabajar, pero indudablemente que algunos perfeccionamientos t\u00e9cnicos s\u00ed que precisamos\u201d<\/strong><\/em>, ha se\u00f1alado al ser preguntado si ve oportuna una reforma del C\u00f3digo Penal para regular este asunto.<\/p>\n<p>&nbsp;<\/p>\n<p>Aguilar expres\u00f3 que \u201cser\u00eda una pena proporcionada y necesaria\u201d cerrar el acceso a<em><strong> \u201caquellas personas que se han servido de utilizar internet o redes sociales para la comisi\u00f3n de un delito\u201d, \u201cen los casos m\u00e1s graves y teniendo en cuenta las circunstancias del caso concreto\u201d.<\/strong><\/em><\/p>\n<p>&nbsp;<\/p>\n<p>&nbsp;<\/p>\n<p>Antecedente de medidas contra mensajes de odio en RRSS<\/p>\n<p>&nbsp;<\/p>\n<p>Aguilar record\u00f3 que la Fiscal\u00eda de Barcelona aplic\u00f3 esta medida contra un <strong>\u2018influencer\u2019<\/strong> que creaba v\u00eddeos de personas sin hogar a los que humillaba d\u00e1ndoles galletas rellenas de pasta de dientes.<\/p>\n<p>&nbsp;<\/p>\n<p>&nbsp;<\/p>\n<p><em><strong>\u201cY se dict\u00f3 por parte del Tribunal Supremo, cuando estudi\u00f3 este caso, la primera sentencia en Espa\u00f1a que contemplaba expresamente prohibir acudir al lugar del delito, no solamente el espacio f\u00edsico, sino tambi\u00e9n el espacio virtual. Y ah\u00ed tenemos un precedente jurisprudencial. Ahora es importante que eso se traslade a la legislaci\u00f3n<\/strong><\/em>\u201d, ha instado.<\/p>\n<p>&nbsp;<\/p>\n<p>En cuanto a las cuentas an\u00f3nimas en plataformas digitales, el experto se\u00f1al\u00f3 que es importante analizarlas y saber qu\u00e9 tipo de usuarios est\u00e1n encargados de las mismas, es decir, que est\u00e9n<strong><em> \u201cdebidamente identificados\u201d.<\/em><\/strong><\/p>\n<p>&nbsp;<\/p>\n<p>&nbsp;<\/p>\n<p>A su juicio, este paso ayudar\u00e1 a las autoridades judiciales a tener a la mano toda la informaci\u00f3n de los manejadores de canales digitales.<\/p>\n<p>&nbsp;<\/p>\n<p>&nbsp;<\/p>\n<p>De igual manera, abog\u00f3 para que Espa\u00f1a tome medidas ante la exposici\u00f3n de odio en plataformas digitales y difunda <strong><em>\u201ccampa\u00f1as de prevenci\u00f3n y campa\u00f1as de sensibilizaci\u00f3n\u201d.<\/em><\/strong><\/p>\n<p>&nbsp;<\/p>\n<p>&nbsp;<\/p>\n<p>PUBLICADO EL 21 AGOSTO DE 2024 Con informaci\u00f3n de Europa Press\/Jos\u00e9 Luis Roca)<\/p>\n","protected":false},"excerpt":{"rendered":"<p>MADRID, ESPA\u00d1A. \u2014 Las declaraciones del funcionario se registraron este mi\u00e9rcoles a trav\u00e9s de una&#8230;<\/p>\n","protected":false},"author":1,"featured_media":197516,"comment_status":"open","ping_status":"open","sticky":false,"template":"","format":"standard","meta":{"_monsterinsights_skip_tracking":false,"_monsterinsights_sitenote_active":false,"_monsterinsights_sitenote_note":"","_monsterinsights_sitenote_category":0,"footnotes":""},"categories":[3],"tags":[],"class_list":["post"],"yoast_head":" \n<title>Sonora en Equipo. En Espa\u00f1a los delitos de odio en redes sociales ser\u00e1n castigados judicialmente MUNDO<\/title>\n<meta name=\"description\" content=\"MADRID, ESPA\u00d1A. \u2014 Las declaraciones del funcionario se registraron este mi\u00e9rcoles a trav\u00e9s de una entrevista para la Cadena SER, recogida por el medio de En Sonora en Equipo publicamos toda la informaci\u00f3n de Sonora, M\u00e9xico y el Mundo de manera oportuna y busca que la libertad de expresi\u00f3n sea real. Visita nuestro medio informativo publicado desde Hermosillo, Sonora. %\" \/>\n<meta name=\"robots\" content=\"index, follow, max-snippet:-1, max-image-preview:large, max-video-preview:-1\" \/>\n<link rel=\"canonical\" href=\"https:\/\/www.sonoraenequipo.com.mx\/en-espana-los-delitos-de-odio-en-redes-sociales-seran-castigados-judicialmente\/\" \/>\n<meta property=\"og:locale\" content=\"es_ES\" \/>\n<meta property=\"og:type\" content=\"article\" \/>\n<meta property=\"og:title\" content=\"Sonora en Equipo. En Espa\u00f1a los delitos de odio en redes sociales ser\u00e1n castigados judicialmente MUNDO\" \/>\n<meta property=\"og:description\" content=\"MADRID, ESPA\u00d1A. \u2014 Las declaraciones del funcionario se registraron este mi\u00e9rcoles a trav\u00e9s de una entrevista para la Cadena SER, recogida por el medio de En Sonora en Equipo publicamos toda la informaci\u00f3n de Sonora, M\u00e9xico y el Mundo de manera oportuna y busca que la libertad de expresi\u00f3n sea real. Visita nuestro medio informativo publicado desde Hermosillo, Sonora. %\" \/>\n<meta property=\"og:url\" content=\"https:\/\/www.sonoraenequipo.com.mx\/en-espana-los-delitos-de-odio-en-redes-sociales-seran-castigados-judicialmente\/\" \/>\n<meta property=\"og:site_name\" content=\"Sonora en Equipo.\" \/>\n<meta property=\"article:publisher\" content=\"https:\/\/www.facebook.com\/SonoraEE\/\" \/>\n<meta property=\"article:author\" content=\"https:\/\/www.facebook.com\/SonoraEE\" \/>\n<meta property=\"article:published_time\" content=\"2024-08-22T06:46:54+00:00\" \/>\n<meta property=\"article:modified_time\" content=\"2024-08-22T16:55:11+00:00\" \/>\n<meta property=\"og:image\" content=\"https:\/\/www.sonoraenequipo.com.mx\/storage\/2024\/08\/Espana-delitos-de-odio-seran-castigados-min.jpg\" \/>\n\t<meta property=\"og:image:width\" content=\"880\" \/>\n\t<meta property=\"og:image:height\" content=\"495\" \/>\n\t<meta property=\"og:image:type\" content=\"image\/jpeg\" \/>\n<meta name=\"author\" content=\"enequipo\" \/>\n<meta name=\"twitter:card\" content=\"summary_large_image\" \/>\n<meta name=\"twitter:creator\" content=\"@sonoraenequipo\" \/>\n<meta name=\"twitter:site\" content=\"@sonoraenequipo\" \/>\n<meta name=\"twitter:label1\" content=\"Escrito por\" \/>\n\t<meta name=\"twitter:data1\" content=\"enequipo\" \/>\n\t<meta name=\"twitter:label2\" content=\"Tiempo de lectura\" \/>\n\t<meta name=\"twitter:data2\" content=\"2 minutos\" \/>\n<script type=\"application\/ld+json\" class=\"yoast-schema-graph\">{\"@context\":\"https:\/\/schema.org\",\"@graph\":[{\"@type\":\"Article\",\"@id\":\"https:\/\/www.sonoraenequipo.com.mx\/en-espana-los-delitos-de-odio-en-redes-sociales-seran-castigados-judicialmente\/#article\",\"isPartOf\":{\"@id\":\"https:\/\/www.sonoraenequipo.com.mx\/en-espana-los-delitos-de-odio-en-redes-sociales-seran-castigados-judicialmente\/\"},\"author\":{\"name\":\"enequipo\",\"@id\":\"https:\/\/www.sonoraenequipo.com.mx\/#\/schema\/person\/50102df0fb23a8fa9e8effad8fa81386\"},\"headline\":\"En Espa\u00f1a los delitos de odio en redes sociales ser\u00e1n castigados judicialmente\",\"datePublished\":\"2024-08-22T06:46:54+00:00\",\"dateModified\":\"2024-08-22T16:55:11+00:00\",\"mainEntityOfPage\":{\"@id\":\"https:\/\/www.sonoraenequipo.com.mx\/en-espana-los-delitos-de-odio-en-redes-sociales-seran-castigados-judicialmente\/\"},\"wordCount\":446,\"commentCount\":0,\"publisher\":{\"@id\":\"https:\/\/www.sonoraenequipo.com.mx\/#organization\"},\"image\":{\"@id\":\"https:\/\/www.sonoraenequipo.com.mx\/en-espana-los-delitos-de-odio-en-redes-sociales-seran-castigados-judicialmente\/#primaryimage\"},\"thumbnailUrl\":\"https:\/\/www.sonoraenequipo.com.mx\/storage\/2024\/08\/Espana-delitos-de-odio-seran-castigados-min.jpg\",\"articleSection\":[\"MUNDO\"],\"inLanguage\":\"es\",\"potentialAction\":[{\"@type\":\"CommentAction\",\"name\":\"Comment\",\"target\":[\"https:\/\/www.sonoraenequipo.com.mx\/en-espana-los-delitos-de-odio-en-redes-sociales-seran-castigados-judicialmente\/#respond\"]}]},{\"@type\":\"WebPage\",\"@id\":\"https:\/\/www.sonoraenequipo.com.mx\/en-espana-los-delitos-de-odio-en-redes-sociales-seran-castigados-judicialmente\/\",\"url\":\"https:\/\/www.sonoraenequipo.com.mx\/en-espana-los-delitos-de-odio-en-redes-sociales-seran-castigados-judicialmente\/\",\"name\":\"Sonora en Equipo. En Espa\u00f1a los delitos de odio en redes sociales ser\u00e1n castigados judicialmente MUNDO\",\"isPartOf\":{\"@id\":\"https:\/\/www.sonoraenequipo.com.mx\/#website\"},\"primaryImageOfPage\":{\"@id\":\"https:\/\/www.sonoraenequipo.com.mx\/en-espana-los-delitos-de-odio-en-redes-sociales-seran-castigados-judicialmente\/#primaryimage\"},\"image\":{\"@id\":\"https:\/\/www.sonoraenequipo.com.mx\/en-espana-los-delitos-de-odio-en-redes-sociales-seran-castigados-judicialmente\/#primaryimage\"},\"thumbnailUrl\":\"https:\/\/www.sonoraenequipo.com.mx\/storage\/2024\/08\/Espana-delitos-de-odio-seran-castigados-min.jpg\",\"datePublished\":\"2024-08-22T06:46:54+00:00\",\"dateModified\":\"2024-08-22T16:55:11+00:00\",\"description\":\"MADRID, ESPA\u00d1A. \u2014 Las declaraciones del funcionario se registraron este mi\u00e9rcoles a trav\u00e9s de una entrevista para la Cadena SER, recogida por el medio de En Sonora en Equipo publicamos toda la informaci\u00f3n de Sonora, M\u00e9xico y el Mundo de manera oportuna y busca que la libertad de expresi\u00f3n sea real. Visita nuestro medio informativo publicado desde Hermosillo, Sonora. %\",\"breadcrumb\":{\"@id\":\"https:\/\/www.sonoraenequipo.com.mx\/en-espana-los-delitos-de-odio-en-redes-sociales-seran-castigados-judicialmente\/#breadcrumb\"},\"inLanguage\":\"es\",\"potentialAction\":[{\"@type\":\"ReadAction\",\"target\":[\"https:\/\/www.sonoraenequipo.com.mx\/en-espana-los-delitos-de-odio-en-redes-sociales-seran-castigados-judicialmente\/\"]}]},{\"@type\":\"ImageObject\",\"inLanguage\":\"es\",\"@id\":\"https:\/\/www.sonoraenequipo.com.mx\/en-espana-los-delitos-de-odio-en-redes-sociales-seran-castigados-judicialmente\/#primaryimage\",\"url\":\"https:\/\/www.sonoraenequipo.com.mx\/storage\/2024\/08\/Espana-delitos-de-odio-seran-castigados-min.jpg\",\"contentUrl\":\"https:\/\/www.sonoraenequipo.com.mx\/storage\/2024\/08\/Espana-delitos-de-odio-seran-castigados-min.jpg\",\"width\":880,\"height\":495},{\"@type\":\"BreadcrumbList\",\"@id\":\"https:\/\/www.sonoraenequipo.com.mx\/en-espana-los-delitos-de-odio-en-redes-sociales-seran-castigados-judicialmente\/#breadcrumb\",\"itemListElement\":[{\"@type\":\"ListItem\",\"position\":1,\"name\":\"Portada\",\"item\":\"https:\/\/www.sonoraenequipo.com.mx\/\"},{\"@type\":\"ListItem\",\"position\":2,\"name\":\"En Espa\u00f1a los delitos de odio en redes sociales ser\u00e1n castigados judicialmente\"}]},{\"@type\":\"WebSite\",\"@id\":\"https:\/\/www.sonoraenequipo.com.mx\/#website\",\"url\":\"https:\/\/www.sonoraenequipo.com.mx\/\",\"name\":\"Sonora en Equipo.\",\"description\":\"Diario en l\u00ednea con Noticias desde Hermosillo, Sonora\",\"publisher\":{\"@id\":\"https:\/\/www.sonoraenequipo.com.mx\/#organization\"},\"potentialAction\":[{\"@type\":\"SearchAction\",\"target\":{\"@type\":\"EntryPoint\",\"urlTemplate\":\"https:\/\/www.sonoraenequipo.com.mx\/?s={search_term_string}\"},\"query-input\":{\"@type\":\"PropertyValueSpecification\",\"valueRequired\":true,\"valueName\":\"search_term_string\"}}],\"inLanguage\":\"es\"},{\"@type\":\"Organization\",\"@id\":\"https:\/\/www.sonoraenequipo.com.mx\/#organization\",\"name\":\"Sonoraenequipo.com.mx\",\"url\":\"https:\/\/www.sonoraenequipo.com.mx\/\",\"logo\":{\"@type\":\"ImageObject\",\"inLanguage\":\"es\",\"@id\":\"https:\/\/www.sonoraenequipo.com.mx\/#\/schema\/logo\/image\/\",\"url\":\"https:\/\/www.sonoraenequipo.com.mx\/storage\/2019\/01\/sonoraenequipo_opt.png\",\"contentUrl\":\"https:\/\/www.sonoraenequipo.com.mx\/storage\/2019\/01\/sonoraenequipo_opt.png\",\"width\":375,\"height\":125,\"caption\":\"Sonoraenequipo.com.mx\"},\"image\":{\"@id\":\"https:\/\/www.sonoraenequipo.com.mx\/#\/schema\/logo\/image\/\"},\"sameAs\":[\"https:\/\/www.facebook.com\/SonoraEE\/\",\"https:\/\/x.com\/sonoraenequipo\",\"https:\/\/www.youtube.com\/channel\/UC338nW-lPEYmJQs4ZABQ1SQ\"]},{\"@type\":\"Person\",\"@id\":\"https:\/\/www.sonoraenequipo.com.mx\/#\/schema\/person\/50102df0fb23a8fa9e8effad8fa81386\",\"name\":\"enequipo\",\"image\":{\"@type\":\"ImageObject\",\"inLanguage\":\"es\",\"@id\":\"https:\/\/www.sonoraenequipo.com.mx\/#\/schema\/person\/image\/\",\"url\":\"https:\/\/secure.gravatar.com\/avatar\/049821681b589dabc0bc20695993ccebb09f5b5d4d790cd9251b97faac7c652b?s=96&d=blank&r=g\",\"contentUrl\":\"https:\/\/secure.gravatar.com\/avatar\/049821681b589dabc0bc20695993ccebb09f5b5d4d790cd9251b97faac7c652b?s=96&d=blank&r=g\",\"caption\":\"enequipo\"},\"sameAs\":[\"https:\/\/www.facebook.com\/SonoraEE\"]}]}<\/script>\n ","yoast_head_json":{"title":"Sonora en Equipo. En Espa\u00f1a los delitos de odio en redes sociales ser\u00e1n castigados judicialmente MUNDO","description":"MADRID, ESPA\u00d1A. \u2014 Las declaraciones del funcionario se registraron este mi\u00e9rcoles a trav\u00e9s de una entrevista para la Cadena SER, recogida por el medio de En Sonora en Equipo publicamos toda la informaci\u00f3n de Sonora, M\u00e9xico y el Mundo de manera oportuna y busca que la libertad de expresi\u00f3n sea real. Visita nuestro medio informativo publicado desde Hermosillo, Sonora. %","robots":{"index":"index","follow":"follow","max-snippet":"max-snippet:-1","max-image-preview":"max-image-preview:large","max-video-preview":"max-video-preview:-1"},"canonical":"https:\/\/www.sonoraenequipo.com.mx\/en-espana-los-delitos-de-odio-en-redes-sociales-seran-castigados-judicialmente\/","og_locale":"es_ES","og_type":"article","og_title":"Sonora en Equipo. En Espa\u00f1a los delitos de odio en redes sociales ser\u00e1n castigados judicialmente MUNDO","og_description":"MADRID, ESPA\u00d1A. \u2014 Las declaraciones del funcionario se registraron este mi\u00e9rcoles a trav\u00e9s de una entrevista para la Cadena SER, recogida por el medio de En Sonora en Equipo publicamos toda la informaci\u00f3n de Sonora, M\u00e9xico y el Mundo de manera oportuna y busca que la libertad de expresi\u00f3n sea real. Visita nuestro medio informativo publicado desde Hermosillo, Sonora. %","og_url":"https:\/\/www.sonoraenequipo.com.mx\/en-espana-los-delitos-de-odio-en-redes-sociales-seran-castigados-judicialmente\/","og_site_name":"Sonora en Equipo.","article_publisher":"https:\/\/www.facebook.com\/SonoraEE\/","article_author":"https:\/\/www.facebook.com\/SonoraEE","article_published_time":"2024-08-22T06:46:54+00:00","article_modified_time":"2024-08-22T16:55:11+00:00","og_image":[{"width":880,"height":495,"url":"https:\/\/www.sonoraenequipo.com.mx\/storage\/2024\/08\/Espana-delitos-de-odio-seran-castigados-min.jpg","type":"image\/jpeg"}],"author":"enequipo","twitter_card":"summary_large_image","twitter_creator":"@sonoraenequipo","twitter_site":"@sonoraenequipo","twitter_misc":{"Escrito por":"enequipo","Tiempo de lectura":"2 minutos"},"schema":{"@context":"https:\/\/schema.org","@graph":[{"@type":"Article","@id":"https:\/\/www.sonoraenequipo.com.mx\/en-espana-los-delitos-de-odio-en-redes-sociales-seran-castigados-judicialmente\/#article","isPartOf":{"@id":"https:\/\/www.sonoraenequipo.com.mx\/en-espana-los-delitos-de-odio-en-redes-sociales-seran-castigados-judicialmente\/"},"author":{"name":"enequipo","@id":"https:\/\/www.sonoraenequipo.com.mx\/#\/schema\/person\/50102df0fb23a8fa9e8effad8fa81386"},"headline":"En Espa\u00f1a los delitos de odio en redes sociales ser\u00e1n castigados judicialmente","datePublished":"2024-08-22T06:46:54+00:00","dateModified":"2024-08-22T16:55:11+00:00","mainEntityOfPage":{"@id":"https:\/\/www.sonoraenequipo.com.mx\/en-espana-los-delitos-de-odio-en-redes-sociales-seran-castigados-judicialmente\/"},"wordCount":446,"commentCount":0,"publisher":{"@id":"https:\/\/www.sonoraenequipo.com.mx\/#organization"},"image":{"@id":"https:\/\/www.sonoraenequipo.com.mx\/en-espana-los-delitos-de-odio-en-redes-sociales-seran-castigados-judicialmente\/#primaryimage"},"thumbnailUrl":"https:\/\/www.sonoraenequipo.com.mx\/storage\/2024\/08\/Espana-delitos-de-odio-seran-castigados-min.jpg","articleSection":["MUNDO"],"inLanguage":"es","potentialAction":[{"@type":"CommentAction","name":"Comment","target":["https:\/\/www.sonoraenequipo.com.mx\/en-espana-los-delitos-de-odio-en-redes-sociales-seran-castigados-judicialmente\/#respond"]}]},{"@type":"WebPage","@id":"https:\/\/www.sonoraenequipo.com.mx\/en-espana-los-delitos-de-odio-en-redes-sociales-seran-castigados-judicialmente\/","url":"https:\/\/www.sonoraenequipo.com.mx\/en-espana-los-delitos-de-odio-en-redes-sociales-seran-castigados-judicialmente\/","name":"Sonora en Equipo. En Espa\u00f1a los delitos de odio en redes sociales ser\u00e1n castigados judicialmente MUNDO","isPartOf":{"@id":"https:\/\/www.sonoraenequipo.com.mx\/#website"},"primaryImageOfPage":{"@id":"https:\/\/www.sonoraenequipo.com.mx\/en-espana-los-delitos-de-odio-en-redes-sociales-seran-castigados-judicialmente\/#primaryimage"},"image":{"@id":"https:\/\/www.sonoraenequipo.com.mx\/en-espana-los-delitos-de-odio-en-redes-sociales-seran-castigados-judicialmente\/#primaryimage"},"thumbnailUrl":"https:\/\/www.sonoraenequipo.com.mx\/storage\/2024\/08\/Espana-delitos-de-odio-seran-castigados-min.jpg","datePublished":"2024-08-22T06:46:54+00:00","dateModified":"2024-08-22T16:55:11+00:00","description":"MADRID, ESPA\u00d1A. \u2014 Las declaraciones del funcionario se registraron este mi\u00e9rcoles a trav\u00e9s de una entrevista para la Cadena SER, recogida por el medio de En Sonora en Equipo publicamos toda la informaci\u00f3n de Sonora, M\u00e9xico y el Mundo de manera oportuna y busca que la libertad de expresi\u00f3n sea real. Visita nuestro medio informativo publicado desde Hermosillo, Sonora. %","breadcrumb":{"@id":"https:\/\/www.sonoraenequipo.com.mx\/en-espana-los-delitos-de-odio-en-redes-sociales-seran-castigados-judicialmente\/#breadcrumb"},"inLanguage":"es","potentialAction":[{"@type":"ReadAction","target":["https:\/\/www.sonoraenequipo.com.mx\/en-espana-los-delitos-de-odio-en-redes-sociales-seran-castigados-judicialmente\/"]}]},{"@type":"ImageObject","inLanguage":"es","@id":"https:\/\/www.sonoraenequipo.com.mx\/en-espana-los-delitos-de-odio-en-redes-sociales-seran-castigados-judicialmente\/#primaryimage","url":"https:\/\/www.sonoraenequipo.com.mx\/storage\/2024\/08\/Espana-delitos-de-odio-seran-castigados-min.jpg","contentUrl":"https:\/\/www.sonoraenequipo.com.mx\/storage\/2024\/08\/Espana-delitos-de-odio-seran-castigados-min.jpg","width":880,"height":495},{"@type":"BreadcrumbList","@id":"https:\/\/www.sonoraenequipo.com.mx\/en-espana-los-delitos-de-odio-en-redes-sociales-seran-castigados-judicialmente\/#breadcrumb","itemListElement":[{"@type":"ListItem","position":1,"name":"Portada","item":"https:\/\/www.sonoraenequipo.com.mx\/"},{"@type":"ListItem","position":2,"name":"En Espa\u00f1a los delitos de odio en redes sociales ser\u00e1n castigados judicialmente"}]},{"@type":"WebSite","@id":"https:\/\/www.sonoraenequipo.com.mx\/#website","url":"https:\/\/www.sonoraenequipo.com.mx\/","name":"Sonora en Equipo.","description":"Diario en l\u00ednea con Noticias desde Hermosillo, Sonora","publisher":{"@id":"https:\/\/www.sonoraenequipo.com.mx\/#organization"},"potentialAction":[{"@type":"SearchAction","target":{"@type":"EntryPoint","urlTemplate":"https:\/\/www.sonoraenequipo.com.mx\/?s={search_term_string}"},"query-input":{"@type":"PropertyValueSpecification","valueRequired":true,"valueName":"search_term_string"}}],"inLanguage":"es"},{"@type":"Organization","@id":"https:\/\/www.sonoraenequipo.com.mx\/#organization","name":"Sonoraenequipo.com.mx","url":"https:\/\/www.sonoraenequipo.com.mx\/","logo":{"@type":"ImageObject","inLanguage":"es","@id":"https:\/\/www.sonoraenequipo.com.mx\/#\/schema\/logo\/image\/","url":"https:\/\/www.sonoraenequipo.com.mx\/storage\/2019\/01\/sonoraenequipo_opt.png","contentUrl":"https:\/\/www.sonoraenequipo.com.mx\/storage\/2019\/01\/sonoraenequipo_opt.png","width":375,"height":125,"caption":"Sonoraenequipo.com.mx"},"image":{"@id":"https:\/\/www.sonoraenequipo.com.mx\/#\/schema\/logo\/image\/"},"sameAs":["https:\/\/www.facebook.com\/SonoraEE\/","https:\/\/x.com\/sonoraenequipo","https:\/\/www.youtube.com\/channel\/UC338nW-lPEYmJQs4ZABQ1SQ"]},{"@type":"Person","@id":"https:\/\/www.sonoraenequipo.com.mx\/#\/schema\/person\/50102df0fb23a8fa9e8effad8fa81386","name":"enequipo","image":{"@type":"ImageObject","inLanguage":"es","@id":"https:\/\/www.sonoraenequipo.com.mx\/#\/schema\/person\/image\/","url":"https:\/\/secure.gravatar.com\/avatar\/049821681b589dabc0bc20695993ccebb09f5b5d4d790cd9251b97faac7c652b?s=96&d=blank&r=g","contentUrl":"https:\/\/secure.gravatar.com\/avatar\/049821681b589dabc0bc20695993ccebb09f5b5d4d790cd9251b97faac7c652b?s=96&d=blank&r=g","caption":"enequipo"},"sameAs":["https:\/\/www.facebook.com\/SonoraEE"]}]}},"jetpack_featured_media_url":"https:\/\/www.sonoraenequipo.com.mx\/storage\/2024\/08\/Espana-delitos-de-odio-seran-castigados-min.jpg","_links":{"self":[{"href":"https:\/\/www.sonoraenequipo.com.mx\/api\/wp\/v2\/posts\/197550","targetHints":{"allow":["GET"]}}],"collection":[{"href":"https:\/\/www.sonoraenequipo.com.mx\/api\/wp\/v2\/posts"}],"about":[{"href":"https:\/\/www.sonoraenequipo.com.mx\/api\/wp\/v2\/types\/post"}],"author":[{"embeddable":true,"href":"https:\/\/www.sonoraenequipo.com.mx\/api\/wp\/v2\/users\/1"}],"replies":[{"embeddable":true,"href":"https:\/\/www.sonoraenequipo.com.mx\/api\/wp\/v2\/comments?post=197550"}],"version-history":[{"count":1,"href":"https:\/\/www.sonoraenequipo.com.mx\/api\/wp\/v2\/posts\/197550\/revisions"}],"predecessor-version":[{"id":197551,"href":"https:\/\/www.sonoraenequipo.com.mx\/api\/wp\/v2\/posts\/197550\/revisions\/197551"}],"wp:featuredmedia":[{"embeddable":true,"href":"https:\/\/www.sonoraenequipo.com.mx\/api\/wp\/v2\/media\/197516"}],"wp:attachment":[{"href":"https:\/\/www.sonoraenequipo.com.mx\/api\/wp\/v2\/media?parent=197550"}],"wp:term":[{"taxonomy":"category","embeddable":true,"href":"https:\/\/www.sonoraenequipo.com.mx\/api\/wp\/v2\/categories?post=197550"},{"taxonomy":"post_tag","embeddable":true,"href":"https:\/\/www.sonoraenequipo.com.mx\/api\/wp\/v2\/tags?post=197550"}],"curies":[{"name":"wp","href":"https:\/\/api.w.org\/{rel}","templated":true}]}}