{"id":197560,"date":"2024-08-22T09:38:41","date_gmt":"2024-08-22T16:38:41","guid":{"rendered":"https:\/\/www.sonoraenequipo.com.mx\/?p=197560"},"modified":"2024-08-22T10:51:52","modified_gmt":"2024-08-22T17:51:52","slug":"presidente-y-presidenta-electa-revisaran-con-equipos-situacion-de-hacienda","status":"publish","type":"post","link":"https:\/\/www.sonoraenequipo.com.mx\/presidente-y-presidenta-electa-revisaran-con-equipos-situacion-de-hacienda\/","title":{"rendered":"Presidente y presidenta electa revisar\u00e1n con equipos situaci\u00f3n de Hacienda"},"content":{"rendered":"<p><strong>CIUDAD DE M\u00c9XICO. MX. \u2014<\/strong> El presidente Andr\u00e9s Manuel L\u00f3pez Obrador anunci\u00f3 que la pr\u00f3xima semana tendr\u00e1 una reuni\u00f3n con la presidenta electa Claudia Sheinbaum Pardo en Palacio Nacional y autoridades de la Secretar\u00eda de Hacienda y Cr\u00e9dito P\u00fablico (SHCP) para dialogar sobre la situaci\u00f3n del presupuesto actual e ingresos, as\u00ed como del Presupuesto de Egresos de la Federaci\u00f3n 2025, cuya elaboraci\u00f3n corresponde al nuevo equipo.<\/p>\n<p>&nbsp;<\/p>\n<p>&nbsp;<\/p>\n<p>&nbsp;<\/p>\n<p> <br \/>\nEn conferencia matutina inform\u00f3 que, luego de la gira con la futura jefa del Ejecutivo en los 32 estados del pa\u00eds y conforme se hacen p\u00fablicos los nombramientos del siguiente Gabinete Legal y Ampliado, los equipos del gobierno federal actual y entrante se re\u00fanen con el objetivo de planear una ordenada transici\u00f3n.<\/p>\n<p>&nbsp;<\/p>\n<p>&nbsp;<\/p>\n<p>Indic\u00f3 que podr\u00eda invitar a la doctora Sheinbaum Pardo a una conferencia matutina u otros eventos de conclusi\u00f3n de la primera etapa del Gobierno de la Cuarta Transformaci\u00f3n.<\/p>\n<p>&nbsp;<\/p>\n<p>&nbsp;<\/p>\n<p><em><strong>\u201cElla es bienvenida siempre, es nuestra compa\u00f1era y muy pronto nuestra presidenta, mi presidenta y de todos los mexicanos y comandanta de las Fuerzas Armadas\u201d,<\/strong><\/em> remarc\u00f3.<\/p>\n<p>&nbsp;<\/p>\n<p>&nbsp;<\/p>\n<p><strong>Presidente se prepara para eventos de cierre de la 4T: \u00faltimo informe de gobierno y Grito de Independencia<\/strong><\/p>\n<p>&nbsp;<\/p>\n<p>El jefe del Ejecutivo adelant\u00f3 que el informe de gobierno del 1 de septiembre ser\u00e1 en el Z\u00f3calo de la Ciudad de M\u00e9xico a las 11:00 horas.<\/p>\n<p>&nbsp;<\/p>\n<p>&nbsp;<\/p>\n<p>\u201cS\u00ed voy a tardar porque es bastante. Por m\u00e1s que estoy haciendo una s\u00edntesis, un resumen, me va a llevar alg\u00fan tiempo, entonces v\u00e9nganse preparados con agua, sombrilla, sombrero, gorra, paciencia; esa siempre tienen ustedes, mucha paciencia\u201d, expres\u00f3.<\/p>\n<p>&nbsp;<\/p>\n<p>&nbsp;<\/p>\n<p>Sobre la celebraci\u00f3n de los festejos patrios del 15 de septiembre dio a conocer que participar\u00e1n bandas mixes de Oaxaca y la Banda MS de Sinaloa.<\/p>\n<p>&nbsp;<\/p>\n<p>&nbsp;<\/p>\n<p><strong><em>\u201cYa va a ser el grito de despedida en mi caso, es el \u00faltimo grito y la gente est\u00e1 muy contenta en el pa\u00eds. Hay buen \u00e1nimo\u201d,<\/em><\/strong> afirm\u00f3.<\/p>\n<p>&nbsp;<\/p>\n<p>&nbsp;<\/p>\n<p>Anunci\u00f3 que la presidenta electa Claudia Sheinbaum Pardo estar\u00e1 invitada al informe de gobierno del 1 de septiembre y a la ceremonia del Grito de Independencia.<\/p>\n<p>&nbsp;<\/p>\n<p>&nbsp;<\/p>\n<p>El lunes 30 de septiembre, reiter\u00f3 el presidente, ser\u00e1 la \u00faltima conferencia de prensa matutina en el Sal\u00f3n de la Tesorer\u00eda de Palacio Nacional y el 1 de octubre, el d\u00eda de la transmisi\u00f3n del Poder Ejecutivo Federal.<\/p>\n<p>&nbsp;<\/p>\n<p>&nbsp;<\/p>\n<p>PUBLICADO EL 22 AGOSTO DE 2024 Con informaci\u00f3n de GOBIERNO DE M\u00c9XICO)<\/p>\n","protected":false},"excerpt":{"rendered":"<p>CIUDAD DE M\u00c9XICO. MX. \u2014 El presidente Andr\u00e9s Manuel L\u00f3pez Obrador anunci\u00f3 que la pr\u00f3xima&#8230;<\/p>\n","protected":false},"author":1,"featured_media":197561,"comment_status":"open","ping_status":"open","sticky":false,"template":"","format":"standard","meta":{"_monsterinsights_skip_tracking":false,"_monsterinsights_sitenote_active":false,"_monsterinsights_sitenote_note":"","_monsterinsights_sitenote_category":0,"footnotes":""},"categories":[5],"tags":[],"class_list":["post"],"yoast_head":" \n<title>Sonora en Equipo. Presidente y presidenta electa revisar\u00e1n con equipos situaci\u00f3n de Hacienda Rep\u00fablica<\/title>\n<meta name=\"description\" content=\"CIUDAD DE M\u00c9XICO. MX. \u2014 El presidente Andr\u00e9s Manuel L\u00f3pez Obrador anunci\u00f3 que la pr\u00f3xima semana tendr\u00e1 una reuni\u00f3n con la presidenta electa Claudia En Sonora en Equipo publicamos toda la informaci\u00f3n de Sonora, M\u00e9xico y el Mundo de manera oportuna y busca que la libertad de expresi\u00f3n sea real. Visita nuestro medio informativo publicado desde Hermosillo, Sonora. %\" \/>\n<meta name=\"robots\" content=\"index, follow, max-snippet:-1, max-image-preview:large, max-video-preview:-1\" \/>\n<link rel=\"canonical\" href=\"https:\/\/www.sonoraenequipo.com.mx\/presidente-y-presidenta-electa-revisaran-con-equipos-situacion-de-hacienda\/\" \/>\n<meta property=\"og:locale\" content=\"es_ES\" \/>\n<meta property=\"og:type\" content=\"article\" \/>\n<meta property=\"og:title\" content=\"Sonora en Equipo. Presidente y presidenta electa revisar\u00e1n con equipos situaci\u00f3n de Hacienda Rep\u00fablica\" \/>\n<meta property=\"og:description\" content=\"CIUDAD DE M\u00c9XICO. MX. \u2014 El presidente Andr\u00e9s Manuel L\u00f3pez Obrador anunci\u00f3 que la pr\u00f3xima semana tendr\u00e1 una reuni\u00f3n con la presidenta electa Claudia En Sonora en Equipo publicamos toda la informaci\u00f3n de Sonora, M\u00e9xico y el Mundo de manera oportuna y busca que la libertad de expresi\u00f3n sea real. Visita nuestro medio informativo publicado desde Hermosillo, Sonora. %\" \/>\n<meta property=\"og:url\" content=\"https:\/\/www.sonoraenequipo.com.mx\/presidente-y-presidenta-electa-revisaran-con-equipos-situacion-de-hacienda\/\" \/>\n<meta property=\"og:site_name\" content=\"Sonora en Equipo.\" \/>\n<meta property=\"article:publisher\" content=\"https:\/\/www.facebook.com\/SonoraEE\/\" \/>\n<meta property=\"article:author\" content=\"https:\/\/www.facebook.com\/SonoraEE\" \/>\n<meta property=\"article:published_time\" content=\"2024-08-22T16:38:41+00:00\" \/>\n<meta property=\"article:modified_time\" content=\"2024-08-22T17:51:52+00:00\" \/>\n<meta property=\"og:image\" content=\"https:\/\/www.sonoraenequipo.com.mx\/storage\/2024\/08\/AMLO-Y-SHEINBAUM-situacion-de-Hacienda-min.jpg\" \/>\n\t<meta property=\"og:image:width\" content=\"1502\" \/>\n\t<meta property=\"og:image:height\" content=\"1000\" \/>\n\t<meta property=\"og:image:type\" content=\"image\/jpeg\" \/>\n<meta name=\"author\" content=\"enequipo\" \/>\n<meta name=\"twitter:card\" content=\"summary_large_image\" \/>\n<meta name=\"twitter:creator\" content=\"@sonoraenequipo\" \/>\n<meta name=\"twitter:site\" content=\"@sonoraenequipo\" \/>\n<meta name=\"twitter:label1\" content=\"Escrito por\" \/>\n\t<meta name=\"twitter:data1\" content=\"enequipo\" \/>\n\t<meta name=\"twitter:label2\" content=\"Tiempo de lectura\" \/>\n\t<meta name=\"twitter:data2\" content=\"2 minutos\" \/>\n<script type=\"application\/ld+json\" class=\"yoast-schema-graph\">{\"@context\":\"https:\/\/schema.org\",\"@graph\":[{\"@type\":\"Article\",\"@id\":\"https:\/\/www.sonoraenequipo.com.mx\/presidente-y-presidenta-electa-revisaran-con-equipos-situacion-de-hacienda\/#article\",\"isPartOf\":{\"@id\":\"https:\/\/www.sonoraenequipo.com.mx\/presidente-y-presidenta-electa-revisaran-con-equipos-situacion-de-hacienda\/\"},\"author\":{\"name\":\"enequipo\",\"@id\":\"https:\/\/www.sonoraenequipo.com.mx\/#\/schema\/person\/50102df0fb23a8fa9e8effad8fa81386\"},\"headline\":\"Presidente y presidenta electa revisar\u00e1n con equipos situaci\u00f3n de Hacienda\",\"datePublished\":\"2024-08-22T16:38:41+00:00\",\"dateModified\":\"2024-08-22T17:51:52+00:00\",\"mainEntityOfPage\":{\"@id\":\"https:\/\/www.sonoraenequipo.com.mx\/presidente-y-presidenta-electa-revisaran-con-equipos-situacion-de-hacienda\/\"},\"wordCount\":442,\"commentCount\":0,\"publisher\":{\"@id\":\"https:\/\/www.sonoraenequipo.com.mx\/#organization\"},\"image\":{\"@id\":\"https:\/\/www.sonoraenequipo.com.mx\/presidente-y-presidenta-electa-revisaran-con-equipos-situacion-de-hacienda\/#primaryimage\"},\"thumbnailUrl\":\"https:\/\/www.sonoraenequipo.com.mx\/storage\/2024\/08\/AMLO-Y-SHEINBAUM-situacion-de-Hacienda-min.jpg\",\"articleSection\":[\"Rep\u00fablica\"],\"inLanguage\":\"es\",\"potentialAction\":[{\"@type\":\"CommentAction\",\"name\":\"Comment\",\"target\":[\"https:\/\/www.sonoraenequipo.com.mx\/presidente-y-presidenta-electa-revisaran-con-equipos-situacion-de-hacienda\/#respond\"]}]},{\"@type\":\"WebPage\",\"@id\":\"https:\/\/www.sonoraenequipo.com.mx\/presidente-y-presidenta-electa-revisaran-con-equipos-situacion-de-hacienda\/\",\"url\":\"https:\/\/www.sonoraenequipo.com.mx\/presidente-y-presidenta-electa-revisaran-con-equipos-situacion-de-hacienda\/\",\"name\":\"Sonora en Equipo. Presidente y presidenta electa revisar\u00e1n con equipos situaci\u00f3n de Hacienda Rep\u00fablica\",\"isPartOf\":{\"@id\":\"https:\/\/www.sonoraenequipo.com.mx\/#website\"},\"primaryImageOfPage\":{\"@id\":\"https:\/\/www.sonoraenequipo.com.mx\/presidente-y-presidenta-electa-revisaran-con-equipos-situacion-de-hacienda\/#primaryimage\"},\"image\":{\"@id\":\"https:\/\/www.sonoraenequipo.com.mx\/presidente-y-presidenta-electa-revisaran-con-equipos-situacion-de-hacienda\/#primaryimage\"},\"thumbnailUrl\":\"https:\/\/www.sonoraenequipo.com.mx\/storage\/2024\/08\/AMLO-Y-SHEINBAUM-situacion-de-Hacienda-min.jpg\",\"datePublished\":\"2024-08-22T16:38:41+00:00\",\"dateModified\":\"2024-08-22T17:51:52+00:00\",\"description\":\"CIUDAD DE M\u00c9XICO. MX. \u2014 El presidente Andr\u00e9s Manuel L\u00f3pez Obrador anunci\u00f3 que la pr\u00f3xima semana tendr\u00e1 una reuni\u00f3n con la presidenta electa Claudia En Sonora en Equipo publicamos toda la informaci\u00f3n de Sonora, M\u00e9xico y el Mundo de manera oportuna y busca que la libertad de expresi\u00f3n sea real. Visita nuestro medio informativo publicado desde Hermosillo, Sonora. %\",\"breadcrumb\":{\"@id\":\"https:\/\/www.sonoraenequipo.com.mx\/presidente-y-presidenta-electa-revisaran-con-equipos-situacion-de-hacienda\/#breadcrumb\"},\"inLanguage\":\"es\",\"potentialAction\":[{\"@type\":\"ReadAction\",\"target\":[\"https:\/\/www.sonoraenequipo.com.mx\/presidente-y-presidenta-electa-revisaran-con-equipos-situacion-de-hacienda\/\"]}]},{\"@type\":\"ImageObject\",\"inLanguage\":\"es\",\"@id\":\"https:\/\/www.sonoraenequipo.com.mx\/presidente-y-presidenta-electa-revisaran-con-equipos-situacion-de-hacienda\/#primaryimage\",\"url\":\"https:\/\/www.sonoraenequipo.com.mx\/storage\/2024\/08\/AMLO-Y-SHEINBAUM-situacion-de-Hacienda-min.jpg\",\"contentUrl\":\"https:\/\/www.sonoraenequipo.com.mx\/storage\/2024\/08\/AMLO-Y-SHEINBAUM-situacion-de-Hacienda-min.jpg\",\"width\":1502,\"height\":1000},{\"@type\":\"BreadcrumbList\",\"@id\":\"https:\/\/www.sonoraenequipo.com.mx\/presidente-y-presidenta-electa-revisaran-con-equipos-situacion-de-hacienda\/#breadcrumb\",\"itemListElement\":[{\"@type\":\"ListItem\",\"position\":1,\"name\":\"Portada\",\"item\":\"https:\/\/www.sonoraenequipo.com.mx\/\"},{\"@type\":\"ListItem\",\"position\":2,\"name\":\"Presidente y presidenta electa revisar\u00e1n con equipos situaci\u00f3n de Hacienda\"}]},{\"@type\":\"WebSite\",\"@id\":\"https:\/\/www.sonoraenequipo.com.mx\/#website\",\"url\":\"https:\/\/www.sonoraenequipo.com.mx\/\",\"name\":\"Sonora en Equipo.\",\"description\":\"Diario en l\u00ednea con Noticias desde Hermosillo, Sonora\",\"publisher\":{\"@id\":\"https:\/\/www.sonoraenequipo.com.mx\/#organization\"},\"potentialAction\":[{\"@type\":\"SearchAction\",\"target\":{\"@type\":\"EntryPoint\",\"urlTemplate\":\"https:\/\/www.sonoraenequipo.com.mx\/?s={search_term_string}\"},\"query-input\":{\"@type\":\"PropertyValueSpecification\",\"valueRequired\":true,\"valueName\":\"search_term_string\"}}],\"inLanguage\":\"es\"},{\"@type\":\"Organization\",\"@id\":\"https:\/\/www.sonoraenequipo.com.mx\/#organization\",\"name\":\"Sonoraenequipo.com.mx\",\"url\":\"https:\/\/www.sonoraenequipo.com.mx\/\",\"logo\":{\"@type\":\"ImageObject\",\"inLanguage\":\"es\",\"@id\":\"https:\/\/www.sonoraenequipo.com.mx\/#\/schema\/logo\/image\/\",\"url\":\"https:\/\/www.sonoraenequipo.com.mx\/storage\/2019\/01\/sonoraenequipo_opt.png\",\"contentUrl\":\"https:\/\/www.sonoraenequipo.com.mx\/storage\/2019\/01\/sonoraenequipo_opt.png\",\"width\":375,\"height\":125,\"caption\":\"Sonoraenequipo.com.mx\"},\"image\":{\"@id\":\"https:\/\/www.sonoraenequipo.com.mx\/#\/schema\/logo\/image\/\"},\"sameAs\":[\"https:\/\/www.facebook.com\/SonoraEE\/\",\"https:\/\/x.com\/sonoraenequipo\",\"https:\/\/www.youtube.com\/channel\/UC338nW-lPEYmJQs4ZABQ1SQ\"]},{\"@type\":\"Person\",\"@id\":\"https:\/\/www.sonoraenequipo.com.mx\/#\/schema\/person\/50102df0fb23a8fa9e8effad8fa81386\",\"name\":\"enequipo\",\"image\":{\"@type\":\"ImageObject\",\"inLanguage\":\"es\",\"@id\":\"https:\/\/www.sonoraenequipo.com.mx\/#\/schema\/person\/image\/\",\"url\":\"https:\/\/secure.gravatar.com\/avatar\/049821681b589dabc0bc20695993ccebb09f5b5d4d790cd9251b97faac7c652b?s=96&d=blank&r=g\",\"contentUrl\":\"https:\/\/secure.gravatar.com\/avatar\/049821681b589dabc0bc20695993ccebb09f5b5d4d790cd9251b97faac7c652b?s=96&d=blank&r=g\",\"caption\":\"enequipo\"},\"sameAs\":[\"https:\/\/www.facebook.com\/SonoraEE\"]}]}<\/script>\n ","yoast_head_json":{"title":"Sonora en Equipo. Presidente y presidenta electa revisar\u00e1n con equipos situaci\u00f3n de Hacienda Rep\u00fablica","description":"CIUDAD DE M\u00c9XICO. MX. \u2014 El presidente Andr\u00e9s Manuel L\u00f3pez Obrador anunci\u00f3 que la pr\u00f3xima semana tendr\u00e1 una reuni\u00f3n con la presidenta electa Claudia En Sonora en Equipo publicamos toda la informaci\u00f3n de Sonora, M\u00e9xico y el Mundo de manera oportuna y busca que la libertad de expresi\u00f3n sea real. Visita nuestro medio informativo publicado desde Hermosillo, Sonora. %","robots":{"index":"index","follow":"follow","max-snippet":"max-snippet:-1","max-image-preview":"max-image-preview:large","max-video-preview":"max-video-preview:-1"},"canonical":"https:\/\/www.sonoraenequipo.com.mx\/presidente-y-presidenta-electa-revisaran-con-equipos-situacion-de-hacienda\/","og_locale":"es_ES","og_type":"article","og_title":"Sonora en Equipo. Presidente y presidenta electa revisar\u00e1n con equipos situaci\u00f3n de Hacienda Rep\u00fablica","og_description":"CIUDAD DE M\u00c9XICO. MX. \u2014 El presidente Andr\u00e9s Manuel L\u00f3pez Obrador anunci\u00f3 que la pr\u00f3xima semana tendr\u00e1 una reuni\u00f3n con la presidenta electa Claudia En Sonora en Equipo publicamos toda la informaci\u00f3n de Sonora, M\u00e9xico y el Mundo de manera oportuna y busca que la libertad de expresi\u00f3n sea real. Visita nuestro medio informativo publicado desde Hermosillo, Sonora. %","og_url":"https:\/\/www.sonoraenequipo.com.mx\/presidente-y-presidenta-electa-revisaran-con-equipos-situacion-de-hacienda\/","og_site_name":"Sonora en Equipo.","article_publisher":"https:\/\/www.facebook.com\/SonoraEE\/","article_author":"https:\/\/www.facebook.com\/SonoraEE","article_published_time":"2024-08-22T16:38:41+00:00","article_modified_time":"2024-08-22T17:51:52+00:00","og_image":[{"width":1502,"height":1000,"url":"https:\/\/www.sonoraenequipo.com.mx\/storage\/2024\/08\/AMLO-Y-SHEINBAUM-situacion-de-Hacienda-min.jpg","type":"image\/jpeg"}],"author":"enequipo","twitter_card":"summary_large_image","twitter_creator":"@sonoraenequipo","twitter_site":"@sonoraenequipo","twitter_misc":{"Escrito por":"enequipo","Tiempo de lectura":"2 minutos"},"schema":{"@context":"https:\/\/schema.org","@graph":[{"@type":"Article","@id":"https:\/\/www.sonoraenequipo.com.mx\/presidente-y-presidenta-electa-revisaran-con-equipos-situacion-de-hacienda\/#article","isPartOf":{"@id":"https:\/\/www.sonoraenequipo.com.mx\/presidente-y-presidenta-electa-revisaran-con-equipos-situacion-de-hacienda\/"},"author":{"name":"enequipo","@id":"https:\/\/www.sonoraenequipo.com.mx\/#\/schema\/person\/50102df0fb23a8fa9e8effad8fa81386"},"headline":"Presidente y presidenta electa revisar\u00e1n con equipos situaci\u00f3n de Hacienda","datePublished":"2024-08-22T16:38:41+00:00","dateModified":"2024-08-22T17:51:52+00:00","mainEntityOfPage":{"@id":"https:\/\/www.sonoraenequipo.com.mx\/presidente-y-presidenta-electa-revisaran-con-equipos-situacion-de-hacienda\/"},"wordCount":442,"commentCount":0,"publisher":{"@id":"https:\/\/www.sonoraenequipo.com.mx\/#organization"},"image":{"@id":"https:\/\/www.sonoraenequipo.com.mx\/presidente-y-presidenta-electa-revisaran-con-equipos-situacion-de-hacienda\/#primaryimage"},"thumbnailUrl":"https:\/\/www.sonoraenequipo.com.mx\/storage\/2024\/08\/AMLO-Y-SHEINBAUM-situacion-de-Hacienda-min.jpg","articleSection":["Rep\u00fablica"],"inLanguage":"es","potentialAction":[{"@type":"CommentAction","name":"Comment","target":["https:\/\/www.sonoraenequipo.com.mx\/presidente-y-presidenta-electa-revisaran-con-equipos-situacion-de-hacienda\/#respond"]}]},{"@type":"WebPage","@id":"https:\/\/www.sonoraenequipo.com.mx\/presidente-y-presidenta-electa-revisaran-con-equipos-situacion-de-hacienda\/","url":"https:\/\/www.sonoraenequipo.com.mx\/presidente-y-presidenta-electa-revisaran-con-equipos-situacion-de-hacienda\/","name":"Sonora en Equipo. Presidente y presidenta electa revisar\u00e1n con equipos situaci\u00f3n de Hacienda Rep\u00fablica","isPartOf":{"@id":"https:\/\/www.sonoraenequipo.com.mx\/#website"},"primaryImageOfPage":{"@id":"https:\/\/www.sonoraenequipo.com.mx\/presidente-y-presidenta-electa-revisaran-con-equipos-situacion-de-hacienda\/#primaryimage"},"image":{"@id":"https:\/\/www.sonoraenequipo.com.mx\/presidente-y-presidenta-electa-revisaran-con-equipos-situacion-de-hacienda\/#primaryimage"},"thumbnailUrl":"https:\/\/www.sonoraenequipo.com.mx\/storage\/2024\/08\/AMLO-Y-SHEINBAUM-situacion-de-Hacienda-min.jpg","datePublished":"2024-08-22T16:38:41+00:00","dateModified":"2024-08-22T17:51:52+00:00","description":"CIUDAD DE M\u00c9XICO. MX. \u2014 El presidente Andr\u00e9s Manuel L\u00f3pez Obrador anunci\u00f3 que la pr\u00f3xima semana tendr\u00e1 una reuni\u00f3n con la presidenta electa Claudia En Sonora en Equipo publicamos toda la informaci\u00f3n de Sonora, M\u00e9xico y el Mundo de manera oportuna y busca que la libertad de expresi\u00f3n sea real. Visita nuestro medio informativo publicado desde Hermosillo, Sonora. %","breadcrumb":{"@id":"https:\/\/www.sonoraenequipo.com.mx\/presidente-y-presidenta-electa-revisaran-con-equipos-situacion-de-hacienda\/#breadcrumb"},"inLanguage":"es","potentialAction":[{"@type":"ReadAction","target":["https:\/\/www.sonoraenequipo.com.mx\/presidente-y-presidenta-electa-revisaran-con-equipos-situacion-de-hacienda\/"]}]},{"@type":"ImageObject","inLanguage":"es","@id":"https:\/\/www.sonoraenequipo.com.mx\/presidente-y-presidenta-electa-revisaran-con-equipos-situacion-de-hacienda\/#primaryimage","url":"https:\/\/www.sonoraenequipo.com.mx\/storage\/2024\/08\/AMLO-Y-SHEINBAUM-situacion-de-Hacienda-min.jpg","contentUrl":"https:\/\/www.sonoraenequipo.com.mx\/storage\/2024\/08\/AMLO-Y-SHEINBAUM-situacion-de-Hacienda-min.jpg","width":1502,"height":1000},{"@type":"BreadcrumbList","@id":"https:\/\/www.sonoraenequipo.com.mx\/presidente-y-presidenta-electa-revisaran-con-equipos-situacion-de-hacienda\/#breadcrumb","itemListElement":[{"@type":"ListItem","position":1,"name":"Portada","item":"https:\/\/www.sonoraenequipo.com.mx\/"},{"@type":"ListItem","position":2,"name":"Presidente y presidenta electa revisar\u00e1n con equipos situaci\u00f3n de Hacienda"}]},{"@type":"WebSite","@id":"https:\/\/www.sonoraenequipo.com.mx\/#website","url":"https:\/\/www.sonoraenequipo.com.mx\/","name":"Sonora en Equipo.","description":"Diario en l\u00ednea con Noticias desde Hermosillo, Sonora","publisher":{"@id":"https:\/\/www.sonoraenequipo.com.mx\/#organization"},"potentialAction":[{"@type":"SearchAction","target":{"@type":"EntryPoint","urlTemplate":"https:\/\/www.sonoraenequipo.com.mx\/?s={search_term_string}"},"query-input":{"@type":"PropertyValueSpecification","valueRequired":true,"valueName":"search_term_string"}}],"inLanguage":"es"},{"@type":"Organization","@id":"https:\/\/www.sonoraenequipo.com.mx\/#organization","name":"Sonoraenequipo.com.mx","url":"https:\/\/www.sonoraenequipo.com.mx\/","logo":{"@type":"ImageObject","inLanguage":"es","@id":"https:\/\/www.sonoraenequipo.com.mx\/#\/schema\/logo\/image\/","url":"https:\/\/www.sonoraenequipo.com.mx\/storage\/2019\/01\/sonoraenequipo_opt.png","contentUrl":"https:\/\/www.sonoraenequipo.com.mx\/storage\/2019\/01\/sonoraenequipo_opt.png","width":375,"height":125,"caption":"Sonoraenequipo.com.mx"},"image":{"@id":"https:\/\/www.sonoraenequipo.com.mx\/#\/schema\/logo\/image\/"},"sameAs":["https:\/\/www.facebook.com\/SonoraEE\/","https:\/\/x.com\/sonoraenequipo","https:\/\/www.youtube.com\/channel\/UC338nW-lPEYmJQs4ZABQ1SQ"]},{"@type":"Person","@id":"https:\/\/www.sonoraenequipo.com.mx\/#\/schema\/person\/50102df0fb23a8fa9e8effad8fa81386","name":"enequipo","image":{"@type":"ImageObject","inLanguage":"es","@id":"https:\/\/www.sonoraenequipo.com.mx\/#\/schema\/person\/image\/","url":"https:\/\/secure.gravatar.com\/avatar\/049821681b589dabc0bc20695993ccebb09f5b5d4d790cd9251b97faac7c652b?s=96&d=blank&r=g","contentUrl":"https:\/\/secure.gravatar.com\/avatar\/049821681b589dabc0bc20695993ccebb09f5b5d4d790cd9251b97faac7c652b?s=96&d=blank&r=g","caption":"enequipo"},"sameAs":["https:\/\/www.facebook.com\/SonoraEE"]}]}},"jetpack_featured_media_url":"https:\/\/www.sonoraenequipo.com.mx\/storage\/2024\/08\/AMLO-Y-SHEINBAUM-situacion-de-Hacienda-min.jpg","_links":{"self":[{"href":"https:\/\/www.sonoraenequipo.com.mx\/api\/wp\/v2\/posts\/197560","targetHints":{"allow":["GET"]}}],"collection":[{"href":"https:\/\/www.sonoraenequipo.com.mx\/api\/wp\/v2\/posts"}],"about":[{"href":"https:\/\/www.sonoraenequipo.com.mx\/api\/wp\/v2\/types\/post"}],"author":[{"embeddable":true,"href":"https:\/\/www.sonoraenequipo.com.mx\/api\/wp\/v2\/users\/1"}],"replies":[{"embeddable":true,"href":"https:\/\/www.sonoraenequipo.com.mx\/api\/wp\/v2\/comments?post=197560"}],"version-history":[{"count":1,"href":"https:\/\/www.sonoraenequipo.com.mx\/api\/wp\/v2\/posts\/197560\/revisions"}],"predecessor-version":[{"id":197562,"href":"https:\/\/www.sonoraenequipo.com.mx\/api\/wp\/v2\/posts\/197560\/revisions\/197562"}],"wp:featuredmedia":[{"embeddable":true,"href":"https:\/\/www.sonoraenequipo.com.mx\/api\/wp\/v2\/media\/197561"}],"wp:attachment":[{"href":"https:\/\/www.sonoraenequipo.com.mx\/api\/wp\/v2\/media?parent=197560"}],"wp:term":[{"taxonomy":"category","embeddable":true,"href":"https:\/\/www.sonoraenequipo.com.mx\/api\/wp\/v2\/categories?post=197560"},{"taxonomy":"post_tag","embeddable":true,"href":"https:\/\/www.sonoraenequipo.com.mx\/api\/wp\/v2\/tags?post=197560"}],"curies":[{"name":"wp","href":"https:\/\/api.w.org\/{rel}","templated":true}]}}