{"id":198150,"date":"2024-08-30T12:21:21","date_gmt":"2024-08-30T19:21:21","guid":{"rendered":"https:\/\/www.sonoraenequipo.com.mx\/?p=198150"},"modified":"2024-08-30T12:21:21","modified_gmt":"2024-08-30T19:21:21","slug":"gobierno-de-hermosillo-y-empresas-privadas-ayudan-a-personas-con-discapacidad-auditiva","status":"publish","type":"post","link":"https:\/\/www.sonoraenequipo.com.mx\/gobierno-de-hermosillo-y-empresas-privadas-ayudan-a-personas-con-discapacidad-auditiva\/","title":{"rendered":"Gobierno de Hermosillo y empresas privadas ayudan a personas con discapacidad auditiva"},"content":{"rendered":"<p><strong>HERMOSILLO, SONORA, MX.<\/strong> \u2014 Personas de todas edades que viven con dificultad para escuchar se beneficiaron de la jornada \u201cPonte Oreja\u201d, en la que DIF Hermosillo, la empresa OXXO y la Fundaci\u00f3n MVS Radio se coordinaron para financiar y entregarles sin costo auxiliares auditivos.<\/p>\n<p>&nbsp;<\/p>\n<p>El Presidente Municipal Antonio Astiazar\u00e1n Guti\u00e9rrez encabez\u00f3 la entrega acompa\u00f1ado por Patricia Ruibal Zaragoza, Presidenta de DIF Hermosillo, el director de la instituci\u00f3n Juan Carlos Corrales D\u00f3rame y Jeannette Molina Caire, directora del Consejo Municipal para la Integraci\u00f3n Social de Personas con Discapacidad, (Comudis), as\u00ed como de Daniela Ordu\u00f1o, embajadora de la fundaci\u00f3n MVS Radio e Iv\u00e1n Arellano, gerente de la plaza Hermosillo de la cadena OXXO.<\/p>\n<p>&nbsp;<\/p>\n<p>\u201cSiempre hemos dicho Paty y yo que el Gobierno solo no puede, y que somos y seguiremos siendo grandes aliados, no solo de las empresas sino tambi\u00e9n de la sociedad civil, para que cada quien desde su trinchera podamos transformar la vida de las y los ciudadanos\u201d, expres\u00f3 To\u00f1o Astiazar\u00e1n.<\/p>\n<p>&nbsp;<\/p>\n<p>Llam\u00f3 a reflexionar respecto a lo complicado que resulta para cualquier persona, independientemente de su situaci\u00f3n econ\u00f3mica, financiar estos dispositivos especializados que cuestan 18 mil pesos cada uno y agradeci\u00f3 a ambos patrocinadores su apoyo para hacer posible su entrega a 100 hermosillenses.<\/p>\n<p>&nbsp;<\/p>\n<p>La locutora Daniela Ordu\u00f1o comparti\u00f3 que MVS Noticias suma m\u00e1s de 81 mil personas de todas edades de 28 estados de la Rep\u00fablica a las que ha proporcionado apoyo a trav\u00e9s de 3 programas institucionales y la donaci\u00f3n de 30 mil auxiliares auditivos, gracias a donativos de empresas como OXXO.<\/p>\n<p>&nbsp;<\/p>\n<p>Iv\u00e1n Arellano, de la mencionada cadena de tiendas de conveniencia, explic\u00f3 que la contribuci\u00f3n a esta jornada busca corresponder a la comunidad con acciones coordinadas para ayudar a quienes enfrentan condiciones de vulnerabilidad.<\/p>\n<p>&nbsp;<\/p>\n<p>Los auxiliares ayudan a las personas con discapacidad auditiva a comunicarse mejor con sus familiares y lograr inclusi\u00f3n educativa y laboral.\u00a0 En esta ocasi\u00f3n se dispuso de 100 unidades para sordera media y profunda cuyas beneficiarias y beneficiarios se registraron previamente.<\/p>\n<p><strong>Fecha de publicaci\u00f3n viernes 30 de agosto de 2024<\/strong><\/p>\n<p>&nbsp;<\/p>\n","protected":false},"excerpt":{"rendered":"<p>HERMOSILLO, SONORA, MX. \u2014 Personas de todas edades que viven con dificultad para escuchar se&#8230;<\/p>\n","protected":false},"author":1,"featured_media":198151,"comment_status":"open","ping_status":"open","sticky":false,"template":"","format":"standard","meta":{"_monsterinsights_skip_tracking":false,"_monsterinsights_sitenote_active":false,"_monsterinsights_sitenote_note":"","_monsterinsights_sitenote_category":0,"footnotes":""},"categories":[3281],"tags":[10195,3579,35],"class_list":["post"],"yoast_head":" \n<title>Sonora en Equipo. Gobierno de Hermosillo y empresas privadas ayudan a personas con discapacidad auditiva Congreso<\/title>\n<meta name=\"description\" content=\"HERMOSILLO, SONORA, MX. \u2014 Personas de todas edades que viven con dificultad para escuchar se beneficiaron de la jornada \u201cPonte Oreja\u201d, en la que DIF En Sonora en Equipo publicamos toda la informaci\u00f3n de Sonora, M\u00e9xico y el Mundo de manera oportuna y busca que la libertad de expresi\u00f3n sea real. Visita nuestro medio informativo publicado desde Hermosillo, Sonora. %\" \/>\n<meta name=\"robots\" content=\"index, follow, max-snippet:-1, max-image-preview:large, max-video-preview:-1\" \/>\n<link rel=\"canonical\" href=\"https:\/\/www.sonoraenequipo.com.mx\/gobierno-de-hermosillo-y-empresas-privadas-ayudan-a-personas-con-discapacidad-auditiva\/\" \/>\n<meta property=\"og:locale\" content=\"es_ES\" \/>\n<meta property=\"og:type\" content=\"article\" \/>\n<meta property=\"og:title\" content=\"Sonora en Equipo. Gobierno de Hermosillo y empresas privadas ayudan a personas con discapacidad auditiva Congreso\" \/>\n<meta property=\"og:description\" content=\"HERMOSILLO, SONORA, MX. \u2014 Personas de todas edades que viven con dificultad para escuchar se beneficiaron de la jornada \u201cPonte Oreja\u201d, en la que DIF En Sonora en Equipo publicamos toda la informaci\u00f3n de Sonora, M\u00e9xico y el Mundo de manera oportuna y busca que la libertad de expresi\u00f3n sea real. Visita nuestro medio informativo publicado desde Hermosillo, Sonora. %\" \/>\n<meta property=\"og:url\" content=\"https:\/\/www.sonoraenequipo.com.mx\/gobierno-de-hermosillo-y-empresas-privadas-ayudan-a-personas-con-discapacidad-auditiva\/\" \/>\n<meta property=\"og:site_name\" content=\"Sonora en Equipo.\" \/>\n<meta property=\"article:publisher\" content=\"https:\/\/www.facebook.com\/SonoraEE\/\" \/>\n<meta property=\"article:author\" content=\"https:\/\/www.facebook.com\/SonoraEE\" \/>\n<meta property=\"article:published_time\" content=\"2024-08-30T19:21:21+00:00\" \/>\n<meta property=\"og:image\" content=\"https:\/\/www.sonoraenequipo.com.mx\/storage\/2024\/08\/auditivodif-hmo.jpg\" \/>\n\t<meta property=\"og:image:width\" content=\"800\" \/>\n\t<meta property=\"og:image:height\" content=\"600\" \/>\n\t<meta property=\"og:image:type\" content=\"image\/jpeg\" \/>\n<meta name=\"author\" content=\"enequipo\" \/>\n<meta name=\"twitter:card\" content=\"summary_large_image\" \/>\n<meta name=\"twitter:creator\" content=\"@sonoraenequipo\" \/>\n<meta name=\"twitter:site\" content=\"@sonoraenequipo\" \/>\n<meta name=\"twitter:label1\" content=\"Escrito por\" \/>\n\t<meta name=\"twitter:data1\" content=\"enequipo\" \/>\n\t<meta name=\"twitter:label2\" content=\"Tiempo de lectura\" \/>\n\t<meta name=\"twitter:data2\" content=\"2 minutos\" \/>\n<script type=\"application\/ld+json\" class=\"yoast-schema-graph\">{\"@context\":\"https:\/\/schema.org\",\"@graph\":[{\"@type\":\"Article\",\"@id\":\"https:\/\/www.sonoraenequipo.com.mx\/gobierno-de-hermosillo-y-empresas-privadas-ayudan-a-personas-con-discapacidad-auditiva\/#article\",\"isPartOf\":{\"@id\":\"https:\/\/www.sonoraenequipo.com.mx\/gobierno-de-hermosillo-y-empresas-privadas-ayudan-a-personas-con-discapacidad-auditiva\/\"},\"author\":{\"name\":\"enequipo\",\"@id\":\"https:\/\/www.sonoraenequipo.com.mx\/#\/schema\/person\/50102df0fb23a8fa9e8effad8fa81386\"},\"headline\":\"Gobierno de Hermosillo y empresas privadas ayudan a personas con discapacidad auditiva\",\"datePublished\":\"2024-08-30T19:21:21+00:00\",\"mainEntityOfPage\":{\"@id\":\"https:\/\/www.sonoraenequipo.com.mx\/gobierno-de-hermosillo-y-empresas-privadas-ayudan-a-personas-con-discapacidad-auditiva\/\"},\"wordCount\":371,\"commentCount\":0,\"publisher\":{\"@id\":\"https:\/\/www.sonoraenequipo.com.mx\/#organization\"},\"image\":{\"@id\":\"https:\/\/www.sonoraenequipo.com.mx\/gobierno-de-hermosillo-y-empresas-privadas-ayudan-a-personas-con-discapacidad-auditiva\/#primaryimage\"},\"thumbnailUrl\":\"https:\/\/www.sonoraenequipo.com.mx\/storage\/2024\/08\/auditivodif-hmo.jpg\",\"keywords\":[\"aparatos auditivos\",\"dif\",\"hermosillo\"],\"articleSection\":[\"Congreso\"],\"inLanguage\":\"es\",\"potentialAction\":[{\"@type\":\"CommentAction\",\"name\":\"Comment\",\"target\":[\"https:\/\/www.sonoraenequipo.com.mx\/gobierno-de-hermosillo-y-empresas-privadas-ayudan-a-personas-con-discapacidad-auditiva\/#respond\"]}]},{\"@type\":\"WebPage\",\"@id\":\"https:\/\/www.sonoraenequipo.com.mx\/gobierno-de-hermosillo-y-empresas-privadas-ayudan-a-personas-con-discapacidad-auditiva\/\",\"url\":\"https:\/\/www.sonoraenequipo.com.mx\/gobierno-de-hermosillo-y-empresas-privadas-ayudan-a-personas-con-discapacidad-auditiva\/\",\"name\":\"Sonora en Equipo. Gobierno de Hermosillo y empresas privadas ayudan a personas con discapacidad auditiva Congreso\",\"isPartOf\":{\"@id\":\"https:\/\/www.sonoraenequipo.com.mx\/#website\"},\"primaryImageOfPage\":{\"@id\":\"https:\/\/www.sonoraenequipo.com.mx\/gobierno-de-hermosillo-y-empresas-privadas-ayudan-a-personas-con-discapacidad-auditiva\/#primaryimage\"},\"image\":{\"@id\":\"https:\/\/www.sonoraenequipo.com.mx\/gobierno-de-hermosillo-y-empresas-privadas-ayudan-a-personas-con-discapacidad-auditiva\/#primaryimage\"},\"thumbnailUrl\":\"https:\/\/www.sonoraenequipo.com.mx\/storage\/2024\/08\/auditivodif-hmo.jpg\",\"datePublished\":\"2024-08-30T19:21:21+00:00\",\"description\":\"HERMOSILLO, SONORA, MX. \u2014 Personas de todas edades que viven con dificultad para escuchar se beneficiaron de la jornada \u201cPonte Oreja\u201d, en la que DIF En Sonora en Equipo publicamos toda la informaci\u00f3n de Sonora, M\u00e9xico y el Mundo de manera oportuna y busca que la libertad de expresi\u00f3n sea real. Visita nuestro medio informativo publicado desde Hermosillo, Sonora. %\",\"breadcrumb\":{\"@id\":\"https:\/\/www.sonoraenequipo.com.mx\/gobierno-de-hermosillo-y-empresas-privadas-ayudan-a-personas-con-discapacidad-auditiva\/#breadcrumb\"},\"inLanguage\":\"es\",\"potentialAction\":[{\"@type\":\"ReadAction\",\"target\":[\"https:\/\/www.sonoraenequipo.com.mx\/gobierno-de-hermosillo-y-empresas-privadas-ayudan-a-personas-con-discapacidad-auditiva\/\"]}]},{\"@type\":\"ImageObject\",\"inLanguage\":\"es\",\"@id\":\"https:\/\/www.sonoraenequipo.com.mx\/gobierno-de-hermosillo-y-empresas-privadas-ayudan-a-personas-con-discapacidad-auditiva\/#primaryimage\",\"url\":\"https:\/\/www.sonoraenequipo.com.mx\/storage\/2024\/08\/auditivodif-hmo.jpg\",\"contentUrl\":\"https:\/\/www.sonoraenequipo.com.mx\/storage\/2024\/08\/auditivodif-hmo.jpg\",\"width\":800,\"height\":600},{\"@type\":\"BreadcrumbList\",\"@id\":\"https:\/\/www.sonoraenequipo.com.mx\/gobierno-de-hermosillo-y-empresas-privadas-ayudan-a-personas-con-discapacidad-auditiva\/#breadcrumb\",\"itemListElement\":[{\"@type\":\"ListItem\",\"position\":1,\"name\":\"Portada\",\"item\":\"https:\/\/www.sonoraenequipo.com.mx\/\"},{\"@type\":\"ListItem\",\"position\":2,\"name\":\"Gobierno de Hermosillo y empresas privadas ayudan a personas con discapacidad auditiva\"}]},{\"@type\":\"WebSite\",\"@id\":\"https:\/\/www.sonoraenequipo.com.mx\/#website\",\"url\":\"https:\/\/www.sonoraenequipo.com.mx\/\",\"name\":\"Sonora en Equipo.\",\"description\":\"Diario en l\u00ednea con Noticias desde Hermosillo, Sonora\",\"publisher\":{\"@id\":\"https:\/\/www.sonoraenequipo.com.mx\/#organization\"},\"potentialAction\":[{\"@type\":\"SearchAction\",\"target\":{\"@type\":\"EntryPoint\",\"urlTemplate\":\"https:\/\/www.sonoraenequipo.com.mx\/?s={search_term_string}\"},\"query-input\":{\"@type\":\"PropertyValueSpecification\",\"valueRequired\":true,\"valueName\":\"search_term_string\"}}],\"inLanguage\":\"es\"},{\"@type\":\"Organization\",\"@id\":\"https:\/\/www.sonoraenequipo.com.mx\/#organization\",\"name\":\"Sonoraenequipo.com.mx\",\"url\":\"https:\/\/www.sonoraenequipo.com.mx\/\",\"logo\":{\"@type\":\"ImageObject\",\"inLanguage\":\"es\",\"@id\":\"https:\/\/www.sonoraenequipo.com.mx\/#\/schema\/logo\/image\/\",\"url\":\"https:\/\/www.sonoraenequipo.com.mx\/storage\/2019\/01\/sonoraenequipo_opt.png\",\"contentUrl\":\"https:\/\/www.sonoraenequipo.com.mx\/storage\/2019\/01\/sonoraenequipo_opt.png\",\"width\":375,\"height\":125,\"caption\":\"Sonoraenequipo.com.mx\"},\"image\":{\"@id\":\"https:\/\/www.sonoraenequipo.com.mx\/#\/schema\/logo\/image\/\"},\"sameAs\":[\"https:\/\/www.facebook.com\/SonoraEE\/\",\"https:\/\/x.com\/sonoraenequipo\",\"https:\/\/www.youtube.com\/channel\/UC338nW-lPEYmJQs4ZABQ1SQ\"]},{\"@type\":\"Person\",\"@id\":\"https:\/\/www.sonoraenequipo.com.mx\/#\/schema\/person\/50102df0fb23a8fa9e8effad8fa81386\",\"name\":\"enequipo\",\"image\":{\"@type\":\"ImageObject\",\"inLanguage\":\"es\",\"@id\":\"https:\/\/www.sonoraenequipo.com.mx\/#\/schema\/person\/image\/\",\"url\":\"https:\/\/secure.gravatar.com\/avatar\/049821681b589dabc0bc20695993ccebb09f5b5d4d790cd9251b97faac7c652b?s=96&d=blank&r=g\",\"contentUrl\":\"https:\/\/secure.gravatar.com\/avatar\/049821681b589dabc0bc20695993ccebb09f5b5d4d790cd9251b97faac7c652b?s=96&d=blank&r=g\",\"caption\":\"enequipo\"},\"sameAs\":[\"https:\/\/www.facebook.com\/SonoraEE\"]}]}<\/script>\n ","yoast_head_json":{"title":"Sonora en Equipo. Gobierno de Hermosillo y empresas privadas ayudan a personas con discapacidad auditiva Congreso","description":"HERMOSILLO, SONORA, MX. \u2014 Personas de todas edades que viven con dificultad para escuchar se beneficiaron de la jornada \u201cPonte Oreja\u201d, en la que DIF En Sonora en Equipo publicamos toda la informaci\u00f3n de Sonora, M\u00e9xico y el Mundo de manera oportuna y busca que la libertad de expresi\u00f3n sea real. Visita nuestro medio informativo publicado desde Hermosillo, Sonora. %","robots":{"index":"index","follow":"follow","max-snippet":"max-snippet:-1","max-image-preview":"max-image-preview:large","max-video-preview":"max-video-preview:-1"},"canonical":"https:\/\/www.sonoraenequipo.com.mx\/gobierno-de-hermosillo-y-empresas-privadas-ayudan-a-personas-con-discapacidad-auditiva\/","og_locale":"es_ES","og_type":"article","og_title":"Sonora en Equipo. Gobierno de Hermosillo y empresas privadas ayudan a personas con discapacidad auditiva Congreso","og_description":"HERMOSILLO, SONORA, MX. \u2014 Personas de todas edades que viven con dificultad para escuchar se beneficiaron de la jornada \u201cPonte Oreja\u201d, en la que DIF En Sonora en Equipo publicamos toda la informaci\u00f3n de Sonora, M\u00e9xico y el Mundo de manera oportuna y busca que la libertad de expresi\u00f3n sea real. Visita nuestro medio informativo publicado desde Hermosillo, Sonora. %","og_url":"https:\/\/www.sonoraenequipo.com.mx\/gobierno-de-hermosillo-y-empresas-privadas-ayudan-a-personas-con-discapacidad-auditiva\/","og_site_name":"Sonora en Equipo.","article_publisher":"https:\/\/www.facebook.com\/SonoraEE\/","article_author":"https:\/\/www.facebook.com\/SonoraEE","article_published_time":"2024-08-30T19:21:21+00:00","og_image":[{"width":800,"height":600,"url":"https:\/\/www.sonoraenequipo.com.mx\/storage\/2024\/08\/auditivodif-hmo.jpg","type":"image\/jpeg"}],"author":"enequipo","twitter_card":"summary_large_image","twitter_creator":"@sonoraenequipo","twitter_site":"@sonoraenequipo","twitter_misc":{"Escrito por":"enequipo","Tiempo de lectura":"2 minutos"},"schema":{"@context":"https:\/\/schema.org","@graph":[{"@type":"Article","@id":"https:\/\/www.sonoraenequipo.com.mx\/gobierno-de-hermosillo-y-empresas-privadas-ayudan-a-personas-con-discapacidad-auditiva\/#article","isPartOf":{"@id":"https:\/\/www.sonoraenequipo.com.mx\/gobierno-de-hermosillo-y-empresas-privadas-ayudan-a-personas-con-discapacidad-auditiva\/"},"author":{"name":"enequipo","@id":"https:\/\/www.sonoraenequipo.com.mx\/#\/schema\/person\/50102df0fb23a8fa9e8effad8fa81386"},"headline":"Gobierno de Hermosillo y empresas privadas ayudan a personas con discapacidad auditiva","datePublished":"2024-08-30T19:21:21+00:00","mainEntityOfPage":{"@id":"https:\/\/www.sonoraenequipo.com.mx\/gobierno-de-hermosillo-y-empresas-privadas-ayudan-a-personas-con-discapacidad-auditiva\/"},"wordCount":371,"commentCount":0,"publisher":{"@id":"https:\/\/www.sonoraenequipo.com.mx\/#organization"},"image":{"@id":"https:\/\/www.sonoraenequipo.com.mx\/gobierno-de-hermosillo-y-empresas-privadas-ayudan-a-personas-con-discapacidad-auditiva\/#primaryimage"},"thumbnailUrl":"https:\/\/www.sonoraenequipo.com.mx\/storage\/2024\/08\/auditivodif-hmo.jpg","keywords":["aparatos auditivos","dif","hermosillo"],"articleSection":["Congreso"],"inLanguage":"es","potentialAction":[{"@type":"CommentAction","name":"Comment","target":["https:\/\/www.sonoraenequipo.com.mx\/gobierno-de-hermosillo-y-empresas-privadas-ayudan-a-personas-con-discapacidad-auditiva\/#respond"]}]},{"@type":"WebPage","@id":"https:\/\/www.sonoraenequipo.com.mx\/gobierno-de-hermosillo-y-empresas-privadas-ayudan-a-personas-con-discapacidad-auditiva\/","url":"https:\/\/www.sonoraenequipo.com.mx\/gobierno-de-hermosillo-y-empresas-privadas-ayudan-a-personas-con-discapacidad-auditiva\/","name":"Sonora en Equipo. Gobierno de Hermosillo y empresas privadas ayudan a personas con discapacidad auditiva Congreso","isPartOf":{"@id":"https:\/\/www.sonoraenequipo.com.mx\/#website"},"primaryImageOfPage":{"@id":"https:\/\/www.sonoraenequipo.com.mx\/gobierno-de-hermosillo-y-empresas-privadas-ayudan-a-personas-con-discapacidad-auditiva\/#primaryimage"},"image":{"@id":"https:\/\/www.sonoraenequipo.com.mx\/gobierno-de-hermosillo-y-empresas-privadas-ayudan-a-personas-con-discapacidad-auditiva\/#primaryimage"},"thumbnailUrl":"https:\/\/www.sonoraenequipo.com.mx\/storage\/2024\/08\/auditivodif-hmo.jpg","datePublished":"2024-08-30T19:21:21+00:00","description":"HERMOSILLO, SONORA, MX. \u2014 Personas de todas edades que viven con dificultad para escuchar se beneficiaron de la jornada \u201cPonte Oreja\u201d, en la que DIF En Sonora en Equipo publicamos toda la informaci\u00f3n de Sonora, M\u00e9xico y el Mundo de manera oportuna y busca que la libertad de expresi\u00f3n sea real. Visita nuestro medio informativo publicado desde Hermosillo, Sonora. %","breadcrumb":{"@id":"https:\/\/www.sonoraenequipo.com.mx\/gobierno-de-hermosillo-y-empresas-privadas-ayudan-a-personas-con-discapacidad-auditiva\/#breadcrumb"},"inLanguage":"es","potentialAction":[{"@type":"ReadAction","target":["https:\/\/www.sonoraenequipo.com.mx\/gobierno-de-hermosillo-y-empresas-privadas-ayudan-a-personas-con-discapacidad-auditiva\/"]}]},{"@type":"ImageObject","inLanguage":"es","@id":"https:\/\/www.sonoraenequipo.com.mx\/gobierno-de-hermosillo-y-empresas-privadas-ayudan-a-personas-con-discapacidad-auditiva\/#primaryimage","url":"https:\/\/www.sonoraenequipo.com.mx\/storage\/2024\/08\/auditivodif-hmo.jpg","contentUrl":"https:\/\/www.sonoraenequipo.com.mx\/storage\/2024\/08\/auditivodif-hmo.jpg","width":800,"height":600},{"@type":"BreadcrumbList","@id":"https:\/\/www.sonoraenequipo.com.mx\/gobierno-de-hermosillo-y-empresas-privadas-ayudan-a-personas-con-discapacidad-auditiva\/#breadcrumb","itemListElement":[{"@type":"ListItem","position":1,"name":"Portada","item":"https:\/\/www.sonoraenequipo.com.mx\/"},{"@type":"ListItem","position":2,"name":"Gobierno de Hermosillo y empresas privadas ayudan a personas con discapacidad auditiva"}]},{"@type":"WebSite","@id":"https:\/\/www.sonoraenequipo.com.mx\/#website","url":"https:\/\/www.sonoraenequipo.com.mx\/","name":"Sonora en Equipo.","description":"Diario en l\u00ednea con Noticias desde Hermosillo, Sonora","publisher":{"@id":"https:\/\/www.sonoraenequipo.com.mx\/#organization"},"potentialAction":[{"@type":"SearchAction","target":{"@type":"EntryPoint","urlTemplate":"https:\/\/www.sonoraenequipo.com.mx\/?s={search_term_string}"},"query-input":{"@type":"PropertyValueSpecification","valueRequired":true,"valueName":"search_term_string"}}],"inLanguage":"es"},{"@type":"Organization","@id":"https:\/\/www.sonoraenequipo.com.mx\/#organization","name":"Sonoraenequipo.com.mx","url":"https:\/\/www.sonoraenequipo.com.mx\/","logo":{"@type":"ImageObject","inLanguage":"es","@id":"https:\/\/www.sonoraenequipo.com.mx\/#\/schema\/logo\/image\/","url":"https:\/\/www.sonoraenequipo.com.mx\/storage\/2019\/01\/sonoraenequipo_opt.png","contentUrl":"https:\/\/www.sonoraenequipo.com.mx\/storage\/2019\/01\/sonoraenequipo_opt.png","width":375,"height":125,"caption":"Sonoraenequipo.com.mx"},"image":{"@id":"https:\/\/www.sonoraenequipo.com.mx\/#\/schema\/logo\/image\/"},"sameAs":["https:\/\/www.facebook.com\/SonoraEE\/","https:\/\/x.com\/sonoraenequipo","https:\/\/www.youtube.com\/channel\/UC338nW-lPEYmJQs4ZABQ1SQ"]},{"@type":"Person","@id":"https:\/\/www.sonoraenequipo.com.mx\/#\/schema\/person\/50102df0fb23a8fa9e8effad8fa81386","name":"enequipo","image":{"@type":"ImageObject","inLanguage":"es","@id":"https:\/\/www.sonoraenequipo.com.mx\/#\/schema\/person\/image\/","url":"https:\/\/secure.gravatar.com\/avatar\/049821681b589dabc0bc20695993ccebb09f5b5d4d790cd9251b97faac7c652b?s=96&d=blank&r=g","contentUrl":"https:\/\/secure.gravatar.com\/avatar\/049821681b589dabc0bc20695993ccebb09f5b5d4d790cd9251b97faac7c652b?s=96&d=blank&r=g","caption":"enequipo"},"sameAs":["https:\/\/www.facebook.com\/SonoraEE"]}]}},"jetpack_featured_media_url":"https:\/\/www.sonoraenequipo.com.mx\/storage\/2024\/08\/auditivodif-hmo.jpg","_links":{"self":[{"href":"https:\/\/www.sonoraenequipo.com.mx\/api\/wp\/v2\/posts\/198150","targetHints":{"allow":["GET"]}}],"collection":[{"href":"https:\/\/www.sonoraenequipo.com.mx\/api\/wp\/v2\/posts"}],"about":[{"href":"https:\/\/www.sonoraenequipo.com.mx\/api\/wp\/v2\/types\/post"}],"author":[{"embeddable":true,"href":"https:\/\/www.sonoraenequipo.com.mx\/api\/wp\/v2\/users\/1"}],"replies":[{"embeddable":true,"href":"https:\/\/www.sonoraenequipo.com.mx\/api\/wp\/v2\/comments?post=198150"}],"version-history":[{"count":1,"href":"https:\/\/www.sonoraenequipo.com.mx\/api\/wp\/v2\/posts\/198150\/revisions"}],"predecessor-version":[{"id":198152,"href":"https:\/\/www.sonoraenequipo.com.mx\/api\/wp\/v2\/posts\/198150\/revisions\/198152"}],"wp:featuredmedia":[{"embeddable":true,"href":"https:\/\/www.sonoraenequipo.com.mx\/api\/wp\/v2\/media\/198151"}],"wp:attachment":[{"href":"https:\/\/www.sonoraenequipo.com.mx\/api\/wp\/v2\/media?parent=198150"}],"wp:term":[{"taxonomy":"category","embeddable":true,"href":"https:\/\/www.sonoraenequipo.com.mx\/api\/wp\/v2\/categories?post=198150"},{"taxonomy":"post_tag","embeddable":true,"href":"https:\/\/www.sonoraenequipo.com.mx\/api\/wp\/v2\/tags?post=198150"}],"curies":[{"name":"wp","href":"https:\/\/api.w.org\/{rel}","templated":true}]}}