{"id":198153,"date":"2024-08-30T12:49:14","date_gmt":"2024-08-30T19:49:14","guid":{"rendered":"https:\/\/www.sonoraenequipo.com.mx\/?p=198153"},"modified":"2024-08-30T12:49:14","modified_gmt":"2024-08-30T19:49:14","slug":"mejoro-en-lo-que-va-del-ano-la-calidad-del-aire-en-hermosillo","status":"publish","type":"post","link":"https:\/\/www.sonoraenequipo.com.mx\/mejoro-en-lo-que-va-del-ano-la-calidad-del-aire-en-hermosillo\/","title":{"rendered":"Mejor\u00f3 en lo que va del a\u00f1o la calidad del aire en Hermosillo"},"content":{"rendered":"<p>Mejor\u00f3 en lo que va del a\u00f1o la calidad del aire en Hermosillo<\/p>\n<p>&nbsp;<\/p>\n<p><strong>HERMOSILLO, SONORA, MX.<\/strong> \u2014 El director del Instituto Municipal de Ecolog\u00eda (IME), del Ayuntamiento de Hermosillo, Francisco Javier Gil Barraza, report\u00f3 que durante los primeros siete meses de 2024 ha mejorado significativamente la calidad del aire que se respira en la ciudad en comparaci\u00f3n con el a\u00f1o pasado.<\/p>\n<p>&nbsp;<\/p>\n<p>\u201cEsto es debido a que se est\u00e1 trabajando en colaboraci\u00f3n con la UNISON, tenemos 12 filtros de medici\u00f3n de calidad de aire en un sistema donde se pueden ver en tiempo real los puntos, son unos sensores de medici\u00f3n que est\u00e1n distribuidos en diferentes zonas de la ciudad y a eso le agregamos el sensor y filtro que tenemos en la Universidad Estatal de Sonora y tambi\u00e9n en un COBACH en el lado sur de Hermosillo\u201d, explic\u00f3 el funcionario.<\/p>\n<p>&nbsp;<\/p>\n<p>La existencia de la Red de Monitoreo Ambiental de Hermosillo (REMAH) activa protocolos de actuaci\u00f3n por parte del Instituto Municipal de Ecolog\u00eda en los puntos espec\u00edficos en los que se detectan mayor cantidad de part\u00edculas contaminantes, para determinar la fuente y actuar como corresponda seg\u00fan el caso, coment\u00f3.<\/p>\n<p>&nbsp;<\/p>\n<p>\u201cEn el a\u00f1o 2023 de enero a julio tuvimos 40.5 microgramos por metro c\u00fabico y ahora en 2024 tuvimos 36.7 de enero a julio, es decir que estamos dentro de lo que establece la norma y por debajo comparado con el a\u00f1o pasado, quiere decir que tenemos mejor calidad del aire\u201d, precis\u00f3.<\/p>\n<p>&nbsp;<\/p>\n<p>Report\u00f3 que en enero de 2023 se detectaron 77 microgramos de part\u00edculas suspendidas por metro c\u00fabico de aire, mientras que en el mismo mes de 2024 fueron 46.2 microgramos.<\/p>\n<p>&nbsp;<\/p>\n<p>En febrero la medici\u00f3n mensual de ambos a\u00f1os baj\u00f3 de 61.9 a 44.1 de 2024; en marzo de 44.6 pas\u00f3 a 43.5; abril de 35.9 a 29.5, mientras que en mayo la concentraci\u00f3n de 40.4 descendi\u00f3 a 30.2 microgramos por metro c\u00fabico de aire, detall\u00f3.<\/p>\n<p>&nbsp;<\/p>\n<p>Detall\u00f3 que en junio del presente a\u00f1o la medici\u00f3n baj\u00f3 de 38.5 a 38.2 del mismo mes de 2023 y en julio descendi\u00f3 de 25.6 a 25.4 del a\u00f1o pasado al actual.<\/p>\n<p>&nbsp;<\/p>\n<p>El Gobierno Municipal continuar\u00e1 con la misma din\u00e1mica de atenci\u00f3n a reportes ciudadanos relacionados con la emisi\u00f3n de contaminantes al ambiente, con miras a mejorar la calidad del aire que se respira en la ciudad.<\/p>\n<p>&nbsp;<\/p>\n<p>Invit\u00f3 a los ciudadanos a reportar en el Watts App de la Patrulla Verde cualquier incidente relacionado con el tema al n\u00famero 6622 29 19 83, donde por medio de un chatboot se genera un n\u00famero de folio, o bien a trav\u00e9s de las redes sociales oficiales del Ayuntamiento de Hermosillo.<\/p>\n<p><strong>Fecha de publicaci\u00f3n viernes 30 de agosto de 2024<\/strong><\/p>\n<p>&nbsp;<\/p>\n","protected":false},"excerpt":{"rendered":"<p>Mejor\u00f3 en lo que va del a\u00f1o la calidad del aire en Hermosillo &nbsp; HERMOSILLO,&#8230;<\/p>\n","protected":false},"author":1,"featured_media":198154,"comment_status":"open","ping_status":"open","sticky":false,"template":"","format":"standard","meta":{"_monsterinsights_skip_tracking":false,"_monsterinsights_sitenote_active":false,"_monsterinsights_sitenote_note":"","_monsterinsights_sitenote_category":0,"footnotes":""},"categories":[2216],"tags":[7529,8688,35],"class_list":["post"],"yoast_head":" \n<title>Sonora en Equipo. Mejor\u00f3 en lo que va del a\u00f1o la calidad del aire en Hermosillo Ciencia y Tecnolog\u00eda<\/title>\n<meta name=\"description\" content=\"Mejor\u00f3 en lo que va del a\u00f1o la calidad del aire en Hermosillo &nbsp; HERMOSILLO, SONORA, MX. \u2014 El director del Instituto Municipal de Ecolog\u00eda (IME), del En Sonora en Equipo publicamos toda la informaci\u00f3n de Sonora, M\u00e9xico y el Mundo de manera oportuna y busca que la libertad de expresi\u00f3n sea real. Visita nuestro medio informativo publicado desde Hermosillo, Sonora. %\" \/>\n<meta name=\"robots\" content=\"index, follow, max-snippet:-1, max-image-preview:large, max-video-preview:-1\" \/>\n<link rel=\"canonical\" href=\"https:\/\/www.sonoraenequipo.com.mx\/mejoro-en-lo-que-va-del-ano-la-calidad-del-aire-en-hermosillo\/\" \/>\n<meta property=\"og:locale\" content=\"es_ES\" \/>\n<meta property=\"og:type\" content=\"article\" \/>\n<meta property=\"og:title\" content=\"Sonora en Equipo. Mejor\u00f3 en lo que va del a\u00f1o la calidad del aire en Hermosillo Ciencia y Tecnolog\u00eda\" \/>\n<meta property=\"og:description\" content=\"Mejor\u00f3 en lo que va del a\u00f1o la calidad del aire en Hermosillo &nbsp; HERMOSILLO, SONORA, MX. \u2014 El director del Instituto Municipal de Ecolog\u00eda (IME), del En Sonora en Equipo publicamos toda la informaci\u00f3n de Sonora, M\u00e9xico y el Mundo de manera oportuna y busca que la libertad de expresi\u00f3n sea real. Visita nuestro medio informativo publicado desde Hermosillo, Sonora. %\" \/>\n<meta property=\"og:url\" content=\"https:\/\/www.sonoraenequipo.com.mx\/mejoro-en-lo-que-va-del-ano-la-calidad-del-aire-en-hermosillo\/\" \/>\n<meta property=\"og:site_name\" content=\"Sonora en Equipo.\" \/>\n<meta property=\"article:publisher\" content=\"https:\/\/www.facebook.com\/SonoraEE\/\" \/>\n<meta property=\"article:author\" content=\"https:\/\/www.facebook.com\/SonoraEE\" \/>\n<meta property=\"article:published_time\" content=\"2024-08-30T19:49:14+00:00\" \/>\n<meta property=\"og:image\" content=\"https:\/\/www.sonoraenequipo.com.mx\/storage\/2024\/08\/contaminacion-ambiental-hmo.jpg\" \/>\n\t<meta property=\"og:image:width\" content=\"600\" \/>\n\t<meta property=\"og:image:height\" content=\"399\" \/>\n\t<meta property=\"og:image:type\" content=\"image\/jpeg\" \/>\n<meta name=\"author\" content=\"enequipo\" \/>\n<meta name=\"twitter:card\" content=\"summary_large_image\" \/>\n<meta name=\"twitter:creator\" content=\"@sonoraenequipo\" \/>\n<meta name=\"twitter:site\" content=\"@sonoraenequipo\" \/>\n<meta name=\"twitter:label1\" content=\"Escrito por\" \/>\n\t<meta name=\"twitter:data1\" content=\"enequipo\" \/>\n\t<meta name=\"twitter:label2\" content=\"Tiempo de lectura\" \/>\n\t<meta name=\"twitter:data2\" content=\"2 minutos\" \/>\n<script type=\"application\/ld+json\" class=\"yoast-schema-graph\">{\"@context\":\"https:\/\/schema.org\",\"@graph\":[{\"@type\":\"Article\",\"@id\":\"https:\/\/www.sonoraenequipo.com.mx\/mejoro-en-lo-que-va-del-ano-la-calidad-del-aire-en-hermosillo\/#article\",\"isPartOf\":{\"@id\":\"https:\/\/www.sonoraenequipo.com.mx\/mejoro-en-lo-que-va-del-ano-la-calidad-del-aire-en-hermosillo\/\"},\"author\":{\"name\":\"enequipo\",\"@id\":\"https:\/\/www.sonoraenequipo.com.mx\/#\/schema\/person\/50102df0fb23a8fa9e8effad8fa81386\"},\"headline\":\"Mejor\u00f3 en lo que va del a\u00f1o la calidad del aire en Hermosillo\",\"datePublished\":\"2024-08-30T19:49:14+00:00\",\"mainEntityOfPage\":{\"@id\":\"https:\/\/www.sonoraenequipo.com.mx\/mejoro-en-lo-que-va-del-ano-la-calidad-del-aire-en-hermosillo\/\"},\"wordCount\":467,\"commentCount\":0,\"publisher\":{\"@id\":\"https:\/\/www.sonoraenequipo.com.mx\/#organization\"},\"image\":{\"@id\":\"https:\/\/www.sonoraenequipo.com.mx\/mejoro-en-lo-que-va-del-ano-la-calidad-del-aire-en-hermosillo\/#primaryimage\"},\"thumbnailUrl\":\"https:\/\/www.sonoraenequipo.com.mx\/storage\/2024\/08\/contaminacion-ambiental-hmo.jpg\",\"keywords\":[\"aire\",\"calidad\",\"hermosillo\"],\"articleSection\":[\"Ciencia y Tecnolog\u00eda\"],\"inLanguage\":\"es\",\"potentialAction\":[{\"@type\":\"CommentAction\",\"name\":\"Comment\",\"target\":[\"https:\/\/www.sonoraenequipo.com.mx\/mejoro-en-lo-que-va-del-ano-la-calidad-del-aire-en-hermosillo\/#respond\"]}]},{\"@type\":\"WebPage\",\"@id\":\"https:\/\/www.sonoraenequipo.com.mx\/mejoro-en-lo-que-va-del-ano-la-calidad-del-aire-en-hermosillo\/\",\"url\":\"https:\/\/www.sonoraenequipo.com.mx\/mejoro-en-lo-que-va-del-ano-la-calidad-del-aire-en-hermosillo\/\",\"name\":\"Sonora en Equipo. Mejor\u00f3 en lo que va del a\u00f1o la calidad del aire en Hermosillo Ciencia y Tecnolog\u00eda\",\"isPartOf\":{\"@id\":\"https:\/\/www.sonoraenequipo.com.mx\/#website\"},\"primaryImageOfPage\":{\"@id\":\"https:\/\/www.sonoraenequipo.com.mx\/mejoro-en-lo-que-va-del-ano-la-calidad-del-aire-en-hermosillo\/#primaryimage\"},\"image\":{\"@id\":\"https:\/\/www.sonoraenequipo.com.mx\/mejoro-en-lo-que-va-del-ano-la-calidad-del-aire-en-hermosillo\/#primaryimage\"},\"thumbnailUrl\":\"https:\/\/www.sonoraenequipo.com.mx\/storage\/2024\/08\/contaminacion-ambiental-hmo.jpg\",\"datePublished\":\"2024-08-30T19:49:14+00:00\",\"description\":\"Mejor\u00f3 en lo que va del a\u00f1o la calidad del aire en Hermosillo &nbsp; HERMOSILLO, SONORA, MX. \u2014 El director del Instituto Municipal de Ecolog\u00eda (IME), del En Sonora en Equipo publicamos toda la informaci\u00f3n de Sonora, M\u00e9xico y el Mundo de manera oportuna y busca que la libertad de expresi\u00f3n sea real. Visita nuestro medio informativo publicado desde Hermosillo, Sonora. %\",\"breadcrumb\":{\"@id\":\"https:\/\/www.sonoraenequipo.com.mx\/mejoro-en-lo-que-va-del-ano-la-calidad-del-aire-en-hermosillo\/#breadcrumb\"},\"inLanguage\":\"es\",\"potentialAction\":[{\"@type\":\"ReadAction\",\"target\":[\"https:\/\/www.sonoraenequipo.com.mx\/mejoro-en-lo-que-va-del-ano-la-calidad-del-aire-en-hermosillo\/\"]}]},{\"@type\":\"ImageObject\",\"inLanguage\":\"es\",\"@id\":\"https:\/\/www.sonoraenequipo.com.mx\/mejoro-en-lo-que-va-del-ano-la-calidad-del-aire-en-hermosillo\/#primaryimage\",\"url\":\"https:\/\/www.sonoraenequipo.com.mx\/storage\/2024\/08\/contaminacion-ambiental-hmo.jpg\",\"contentUrl\":\"https:\/\/www.sonoraenequipo.com.mx\/storage\/2024\/08\/contaminacion-ambiental-hmo.jpg\",\"width\":600,\"height\":399,\"caption\":\"foto: Radio Sonora\"},{\"@type\":\"BreadcrumbList\",\"@id\":\"https:\/\/www.sonoraenequipo.com.mx\/mejoro-en-lo-que-va-del-ano-la-calidad-del-aire-en-hermosillo\/#breadcrumb\",\"itemListElement\":[{\"@type\":\"ListItem\",\"position\":1,\"name\":\"Portada\",\"item\":\"https:\/\/www.sonoraenequipo.com.mx\/\"},{\"@type\":\"ListItem\",\"position\":2,\"name\":\"Mejor\u00f3 en lo que va del a\u00f1o la calidad del aire en Hermosillo\"}]},{\"@type\":\"WebSite\",\"@id\":\"https:\/\/www.sonoraenequipo.com.mx\/#website\",\"url\":\"https:\/\/www.sonoraenequipo.com.mx\/\",\"name\":\"Sonora en Equipo.\",\"description\":\"Diario en l\u00ednea con Noticias desde Hermosillo, Sonora\",\"publisher\":{\"@id\":\"https:\/\/www.sonoraenequipo.com.mx\/#organization\"},\"potentialAction\":[{\"@type\":\"SearchAction\",\"target\":{\"@type\":\"EntryPoint\",\"urlTemplate\":\"https:\/\/www.sonoraenequipo.com.mx\/?s={search_term_string}\"},\"query-input\":{\"@type\":\"PropertyValueSpecification\",\"valueRequired\":true,\"valueName\":\"search_term_string\"}}],\"inLanguage\":\"es\"},{\"@type\":\"Organization\",\"@id\":\"https:\/\/www.sonoraenequipo.com.mx\/#organization\",\"name\":\"Sonoraenequipo.com.mx\",\"url\":\"https:\/\/www.sonoraenequipo.com.mx\/\",\"logo\":{\"@type\":\"ImageObject\",\"inLanguage\":\"es\",\"@id\":\"https:\/\/www.sonoraenequipo.com.mx\/#\/schema\/logo\/image\/\",\"url\":\"https:\/\/www.sonoraenequipo.com.mx\/storage\/2019\/01\/sonoraenequipo_opt.png\",\"contentUrl\":\"https:\/\/www.sonoraenequipo.com.mx\/storage\/2019\/01\/sonoraenequipo_opt.png\",\"width\":375,\"height\":125,\"caption\":\"Sonoraenequipo.com.mx\"},\"image\":{\"@id\":\"https:\/\/www.sonoraenequipo.com.mx\/#\/schema\/logo\/image\/\"},\"sameAs\":[\"https:\/\/www.facebook.com\/SonoraEE\/\",\"https:\/\/x.com\/sonoraenequipo\",\"https:\/\/www.youtube.com\/channel\/UC338nW-lPEYmJQs4ZABQ1SQ\"]},{\"@type\":\"Person\",\"@id\":\"https:\/\/www.sonoraenequipo.com.mx\/#\/schema\/person\/50102df0fb23a8fa9e8effad8fa81386\",\"name\":\"enequipo\",\"image\":{\"@type\":\"ImageObject\",\"inLanguage\":\"es\",\"@id\":\"https:\/\/www.sonoraenequipo.com.mx\/#\/schema\/person\/image\/\",\"url\":\"https:\/\/secure.gravatar.com\/avatar\/049821681b589dabc0bc20695993ccebb09f5b5d4d790cd9251b97faac7c652b?s=96&d=blank&r=g\",\"contentUrl\":\"https:\/\/secure.gravatar.com\/avatar\/049821681b589dabc0bc20695993ccebb09f5b5d4d790cd9251b97faac7c652b?s=96&d=blank&r=g\",\"caption\":\"enequipo\"},\"sameAs\":[\"https:\/\/www.facebook.com\/SonoraEE\"]}]}<\/script>\n ","yoast_head_json":{"title":"Sonora en Equipo. Mejor\u00f3 en lo que va del a\u00f1o la calidad del aire en Hermosillo Ciencia y Tecnolog\u00eda","description":"Mejor\u00f3 en lo que va del a\u00f1o la calidad del aire en Hermosillo &nbsp; HERMOSILLO, SONORA, MX. \u2014 El director del Instituto Municipal de Ecolog\u00eda (IME), del En Sonora en Equipo publicamos toda la informaci\u00f3n de Sonora, M\u00e9xico y el Mundo de manera oportuna y busca que la libertad de expresi\u00f3n sea real. Visita nuestro medio informativo publicado desde Hermosillo, Sonora. %","robots":{"index":"index","follow":"follow","max-snippet":"max-snippet:-1","max-image-preview":"max-image-preview:large","max-video-preview":"max-video-preview:-1"},"canonical":"https:\/\/www.sonoraenequipo.com.mx\/mejoro-en-lo-que-va-del-ano-la-calidad-del-aire-en-hermosillo\/","og_locale":"es_ES","og_type":"article","og_title":"Sonora en Equipo. Mejor\u00f3 en lo que va del a\u00f1o la calidad del aire en Hermosillo Ciencia y Tecnolog\u00eda","og_description":"Mejor\u00f3 en lo que va del a\u00f1o la calidad del aire en Hermosillo &nbsp; HERMOSILLO, SONORA, MX. \u2014 El director del Instituto Municipal de Ecolog\u00eda (IME), del En Sonora en Equipo publicamos toda la informaci\u00f3n de Sonora, M\u00e9xico y el Mundo de manera oportuna y busca que la libertad de expresi\u00f3n sea real. Visita nuestro medio informativo publicado desde Hermosillo, Sonora. %","og_url":"https:\/\/www.sonoraenequipo.com.mx\/mejoro-en-lo-que-va-del-ano-la-calidad-del-aire-en-hermosillo\/","og_site_name":"Sonora en Equipo.","article_publisher":"https:\/\/www.facebook.com\/SonoraEE\/","article_author":"https:\/\/www.facebook.com\/SonoraEE","article_published_time":"2024-08-30T19:49:14+00:00","og_image":[{"width":600,"height":399,"url":"https:\/\/www.sonoraenequipo.com.mx\/storage\/2024\/08\/contaminacion-ambiental-hmo.jpg","type":"image\/jpeg"}],"author":"enequipo","twitter_card":"summary_large_image","twitter_creator":"@sonoraenequipo","twitter_site":"@sonoraenequipo","twitter_misc":{"Escrito por":"enequipo","Tiempo de lectura":"2 minutos"},"schema":{"@context":"https:\/\/schema.org","@graph":[{"@type":"Article","@id":"https:\/\/www.sonoraenequipo.com.mx\/mejoro-en-lo-que-va-del-ano-la-calidad-del-aire-en-hermosillo\/#article","isPartOf":{"@id":"https:\/\/www.sonoraenequipo.com.mx\/mejoro-en-lo-que-va-del-ano-la-calidad-del-aire-en-hermosillo\/"},"author":{"name":"enequipo","@id":"https:\/\/www.sonoraenequipo.com.mx\/#\/schema\/person\/50102df0fb23a8fa9e8effad8fa81386"},"headline":"Mejor\u00f3 en lo que va del a\u00f1o la calidad del aire en Hermosillo","datePublished":"2024-08-30T19:49:14+00:00","mainEntityOfPage":{"@id":"https:\/\/www.sonoraenequipo.com.mx\/mejoro-en-lo-que-va-del-ano-la-calidad-del-aire-en-hermosillo\/"},"wordCount":467,"commentCount":0,"publisher":{"@id":"https:\/\/www.sonoraenequipo.com.mx\/#organization"},"image":{"@id":"https:\/\/www.sonoraenequipo.com.mx\/mejoro-en-lo-que-va-del-ano-la-calidad-del-aire-en-hermosillo\/#primaryimage"},"thumbnailUrl":"https:\/\/www.sonoraenequipo.com.mx\/storage\/2024\/08\/contaminacion-ambiental-hmo.jpg","keywords":["aire","calidad","hermosillo"],"articleSection":["Ciencia y Tecnolog\u00eda"],"inLanguage":"es","potentialAction":[{"@type":"CommentAction","name":"Comment","target":["https:\/\/www.sonoraenequipo.com.mx\/mejoro-en-lo-que-va-del-ano-la-calidad-del-aire-en-hermosillo\/#respond"]}]},{"@type":"WebPage","@id":"https:\/\/www.sonoraenequipo.com.mx\/mejoro-en-lo-que-va-del-ano-la-calidad-del-aire-en-hermosillo\/","url":"https:\/\/www.sonoraenequipo.com.mx\/mejoro-en-lo-que-va-del-ano-la-calidad-del-aire-en-hermosillo\/","name":"Sonora en Equipo. Mejor\u00f3 en lo que va del a\u00f1o la calidad del aire en Hermosillo Ciencia y Tecnolog\u00eda","isPartOf":{"@id":"https:\/\/www.sonoraenequipo.com.mx\/#website"},"primaryImageOfPage":{"@id":"https:\/\/www.sonoraenequipo.com.mx\/mejoro-en-lo-que-va-del-ano-la-calidad-del-aire-en-hermosillo\/#primaryimage"},"image":{"@id":"https:\/\/www.sonoraenequipo.com.mx\/mejoro-en-lo-que-va-del-ano-la-calidad-del-aire-en-hermosillo\/#primaryimage"},"thumbnailUrl":"https:\/\/www.sonoraenequipo.com.mx\/storage\/2024\/08\/contaminacion-ambiental-hmo.jpg","datePublished":"2024-08-30T19:49:14+00:00","description":"Mejor\u00f3 en lo que va del a\u00f1o la calidad del aire en Hermosillo &nbsp; HERMOSILLO, SONORA, MX. \u2014 El director del Instituto Municipal de Ecolog\u00eda (IME), del En Sonora en Equipo publicamos toda la informaci\u00f3n de Sonora, M\u00e9xico y el Mundo de manera oportuna y busca que la libertad de expresi\u00f3n sea real. Visita nuestro medio informativo publicado desde Hermosillo, Sonora. %","breadcrumb":{"@id":"https:\/\/www.sonoraenequipo.com.mx\/mejoro-en-lo-que-va-del-ano-la-calidad-del-aire-en-hermosillo\/#breadcrumb"},"inLanguage":"es","potentialAction":[{"@type":"ReadAction","target":["https:\/\/www.sonoraenequipo.com.mx\/mejoro-en-lo-que-va-del-ano-la-calidad-del-aire-en-hermosillo\/"]}]},{"@type":"ImageObject","inLanguage":"es","@id":"https:\/\/www.sonoraenequipo.com.mx\/mejoro-en-lo-que-va-del-ano-la-calidad-del-aire-en-hermosillo\/#primaryimage","url":"https:\/\/www.sonoraenequipo.com.mx\/storage\/2024\/08\/contaminacion-ambiental-hmo.jpg","contentUrl":"https:\/\/www.sonoraenequipo.com.mx\/storage\/2024\/08\/contaminacion-ambiental-hmo.jpg","width":600,"height":399,"caption":"foto: Radio Sonora"},{"@type":"BreadcrumbList","@id":"https:\/\/www.sonoraenequipo.com.mx\/mejoro-en-lo-que-va-del-ano-la-calidad-del-aire-en-hermosillo\/#breadcrumb","itemListElement":[{"@type":"ListItem","position":1,"name":"Portada","item":"https:\/\/www.sonoraenequipo.com.mx\/"},{"@type":"ListItem","position":2,"name":"Mejor\u00f3 en lo que va del a\u00f1o la calidad del aire en Hermosillo"}]},{"@type":"WebSite","@id":"https:\/\/www.sonoraenequipo.com.mx\/#website","url":"https:\/\/www.sonoraenequipo.com.mx\/","name":"Sonora en Equipo.","description":"Diario en l\u00ednea con Noticias desde Hermosillo, Sonora","publisher":{"@id":"https:\/\/www.sonoraenequipo.com.mx\/#organization"},"potentialAction":[{"@type":"SearchAction","target":{"@type":"EntryPoint","urlTemplate":"https:\/\/www.sonoraenequipo.com.mx\/?s={search_term_string}"},"query-input":{"@type":"PropertyValueSpecification","valueRequired":true,"valueName":"search_term_string"}}],"inLanguage":"es"},{"@type":"Organization","@id":"https:\/\/www.sonoraenequipo.com.mx\/#organization","name":"Sonoraenequipo.com.mx","url":"https:\/\/www.sonoraenequipo.com.mx\/","logo":{"@type":"ImageObject","inLanguage":"es","@id":"https:\/\/www.sonoraenequipo.com.mx\/#\/schema\/logo\/image\/","url":"https:\/\/www.sonoraenequipo.com.mx\/storage\/2019\/01\/sonoraenequipo_opt.png","contentUrl":"https:\/\/www.sonoraenequipo.com.mx\/storage\/2019\/01\/sonoraenequipo_opt.png","width":375,"height":125,"caption":"Sonoraenequipo.com.mx"},"image":{"@id":"https:\/\/www.sonoraenequipo.com.mx\/#\/schema\/logo\/image\/"},"sameAs":["https:\/\/www.facebook.com\/SonoraEE\/","https:\/\/x.com\/sonoraenequipo","https:\/\/www.youtube.com\/channel\/UC338nW-lPEYmJQs4ZABQ1SQ"]},{"@type":"Person","@id":"https:\/\/www.sonoraenequipo.com.mx\/#\/schema\/person\/50102df0fb23a8fa9e8effad8fa81386","name":"enequipo","image":{"@type":"ImageObject","inLanguage":"es","@id":"https:\/\/www.sonoraenequipo.com.mx\/#\/schema\/person\/image\/","url":"https:\/\/secure.gravatar.com\/avatar\/049821681b589dabc0bc20695993ccebb09f5b5d4d790cd9251b97faac7c652b?s=96&d=blank&r=g","contentUrl":"https:\/\/secure.gravatar.com\/avatar\/049821681b589dabc0bc20695993ccebb09f5b5d4d790cd9251b97faac7c652b?s=96&d=blank&r=g","caption":"enequipo"},"sameAs":["https:\/\/www.facebook.com\/SonoraEE"]}]}},"jetpack_featured_media_url":"https:\/\/www.sonoraenequipo.com.mx\/storage\/2024\/08\/contaminacion-ambiental-hmo.jpg","_links":{"self":[{"href":"https:\/\/www.sonoraenequipo.com.mx\/api\/wp\/v2\/posts\/198153","targetHints":{"allow":["GET"]}}],"collection":[{"href":"https:\/\/www.sonoraenequipo.com.mx\/api\/wp\/v2\/posts"}],"about":[{"href":"https:\/\/www.sonoraenequipo.com.mx\/api\/wp\/v2\/types\/post"}],"author":[{"embeddable":true,"href":"https:\/\/www.sonoraenequipo.com.mx\/api\/wp\/v2\/users\/1"}],"replies":[{"embeddable":true,"href":"https:\/\/www.sonoraenequipo.com.mx\/api\/wp\/v2\/comments?post=198153"}],"version-history":[{"count":1,"href":"https:\/\/www.sonoraenequipo.com.mx\/api\/wp\/v2\/posts\/198153\/revisions"}],"predecessor-version":[{"id":198155,"href":"https:\/\/www.sonoraenequipo.com.mx\/api\/wp\/v2\/posts\/198153\/revisions\/198155"}],"wp:featuredmedia":[{"embeddable":true,"href":"https:\/\/www.sonoraenequipo.com.mx\/api\/wp\/v2\/media\/198154"}],"wp:attachment":[{"href":"https:\/\/www.sonoraenequipo.com.mx\/api\/wp\/v2\/media?parent=198153"}],"wp:term":[{"taxonomy":"category","embeddable":true,"href":"https:\/\/www.sonoraenequipo.com.mx\/api\/wp\/v2\/categories?post=198153"},{"taxonomy":"post_tag","embeddable":true,"href":"https:\/\/www.sonoraenequipo.com.mx\/api\/wp\/v2\/tags?post=198153"}],"curies":[{"name":"wp","href":"https:\/\/api.w.org\/{rel}","templated":true}]}}