{"id":198156,"date":"2024-08-30T13:00:51","date_gmt":"2024-08-30T20:00:51","guid":{"rendered":"https:\/\/www.sonoraenequipo.com.mx\/?p=198156"},"modified":"2024-08-30T13:01:32","modified_gmt":"2024-08-30T20:01:32","slug":"invitan-gobierno-de-hermosillo-a-jornada-de-acopio-de-donaciones-reciclando-por-las-familias","status":"publish","type":"post","link":"https:\/\/www.sonoraenequipo.com.mx\/invitan-gobierno-de-hermosillo-a-jornada-de-acopio-de-donaciones-reciclando-por-las-familias\/","title":{"rendered":"Invita Gobierno de Hermosillo a jornada de acopio de donaciones \u201cReciclando por las familias\u201d"},"content":{"rendered":"<p><strong>HERMOSILLO, SONORA, MX.<\/strong> \u2014 Personas solidarias de Hermosillo que tengan art\u00edculos en buen estado que no necesiten pueden, el pr\u00f3ximo s\u00e1bado 31 de agosto, donarlos a una familia que perdi\u00f3 todas sus posesiones materiales en un incendio, inform\u00f3 Sergio Pavlovich Escalante.<\/p>\n<p>&nbsp;<\/p>\n<p>El director de Servicios Municipales del Ayuntamiento explic\u00f3 que la jornada solidaria \u201cReciclando por las familias\u201d es una iniciativa que naci\u00f3 a partir de una solicitud de DIF Municipal como una forma de ayudar a poblaci\u00f3n en situaci\u00f3n vulnerable.<\/p>\n<p>&nbsp;<\/p>\n<p>Invit\u00f3 a quienes est\u00e9n en posibilidad de hacerlo a llevar cosas como ropa, alimentos no perecederos, colchones, camas, muebles y enseres de cocina, a los que se les dar\u00e1 un segundo uso en beneficio de gente que los necesita.<\/p>\n<p>&nbsp;<\/p>\n<p>\u201cLos vamos a donar a una familia a la que desgraciadamente hace unos d\u00edas se le quem\u00f3 su casa y no tienen absolutamente nada\u201d, revel\u00f3.<\/p>\n<p>&nbsp;<\/p>\n<p>Precis\u00f3 que operar\u00e1n como puntos de acopio de donaciones los dos Reciclacentros sabatinos, el del GastroPark en la esquina de Navarrete y Quiroga, y el de Soriana Bachoco, en L\u00f3pez Portillo y Morelos, as\u00ed como el permanente del Perif\u00e9rico Norte, entre Solidaridad y Margarita Maza de Ju\u00e1rez, de las 8:00 a las 13:00 horas del 31 de agosto.<\/p>\n<p>&nbsp;<\/p>\n<p>La ciudadan\u00eda puede tener certeza de que los art\u00edculos que donen servir\u00e1n a personas que los necesitan y se les entregar\u00e1n pr\u00f3ximamente en un acto p\u00fablico, finaliz\u00f3.<\/p>\n<p><strong>Fecha de publicaci\u00f3n viernes 30 de agosto de 2024<\/strong><\/p>\n","protected":false},"excerpt":{"rendered":"<p>HERMOSILLO, SONORA, MX. \u2014 Personas solidarias de Hermosillo que tengan art\u00edculos en buen estado que&#8230;<\/p>\n","protected":false},"author":1,"featured_media":89525,"comment_status":"open","ping_status":"open","sticky":false,"template":"","format":"standard","meta":{"_monsterinsights_skip_tracking":false,"_monsterinsights_sitenote_active":false,"_monsterinsights_sitenote_note":"","_monsterinsights_sitenote_category":0,"footnotes":""},"categories":[4],"tags":[3991],"class_list":["post"],"yoast_head":" \n<title>Sonora en Equipo. Invita Gobierno de Hermosillo a jornada de acopio de donaciones \u201cReciclando por las familias\u201d Municipios<\/title>\n<meta name=\"description\" content=\"HERMOSILLO, SONORA, MX. \u2014 Personas solidarias de Hermosillo que tengan art\u00edculos en buen estado que no necesiten pueden, el pr\u00f3ximo s\u00e1bado 31 de agosto, En Sonora en Equipo publicamos toda la informaci\u00f3n de Sonora, M\u00e9xico y el Mundo de manera oportuna y busca que la libertad de expresi\u00f3n sea real. Visita nuestro medio informativo publicado desde Hermosillo, Sonora. %\" \/>\n<meta name=\"robots\" content=\"index, follow, max-snippet:-1, max-image-preview:large, max-video-preview:-1\" \/>\n<link rel=\"canonical\" href=\"https:\/\/www.sonoraenequipo.com.mx\/invitan-gobierno-de-hermosillo-a-jornada-de-acopio-de-donaciones-reciclando-por-las-familias\/\" \/>\n<meta property=\"og:locale\" content=\"es_ES\" \/>\n<meta property=\"og:type\" content=\"article\" \/>\n<meta property=\"og:title\" content=\"Sonora en Equipo. Invita Gobierno de Hermosillo a jornada de acopio de donaciones \u201cReciclando por las familias\u201d Municipios\" \/>\n<meta property=\"og:description\" content=\"HERMOSILLO, SONORA, MX. \u2014 Personas solidarias de Hermosillo que tengan art\u00edculos en buen estado que no necesiten pueden, el pr\u00f3ximo s\u00e1bado 31 de agosto, En Sonora en Equipo publicamos toda la informaci\u00f3n de Sonora, M\u00e9xico y el Mundo de manera oportuna y busca que la libertad de expresi\u00f3n sea real. Visita nuestro medio informativo publicado desde Hermosillo, Sonora. %\" \/>\n<meta property=\"og:url\" content=\"https:\/\/www.sonoraenequipo.com.mx\/invitan-gobierno-de-hermosillo-a-jornada-de-acopio-de-donaciones-reciclando-por-las-familias\/\" \/>\n<meta property=\"og:site_name\" content=\"Sonora en Equipo.\" \/>\n<meta property=\"article:publisher\" content=\"https:\/\/www.facebook.com\/SonoraEE\/\" \/>\n<meta property=\"article:author\" content=\"https:\/\/www.facebook.com\/SonoraEE\" \/>\n<meta property=\"article:published_time\" content=\"2024-08-30T20:00:51+00:00\" \/>\n<meta property=\"article:modified_time\" content=\"2024-08-30T20:01:32+00:00\" \/>\n<meta property=\"og:image\" content=\"https:\/\/www.sonoraenequipo.com.mx\/storage\/2020\/07\/RECICLACENTRO4.jpg\" \/>\n\t<meta property=\"og:image:width\" content=\"600\" \/>\n\t<meta property=\"og:image:height\" content=\"400\" \/>\n\t<meta property=\"og:image:type\" content=\"image\/jpeg\" \/>\n<meta name=\"author\" content=\"enequipo\" \/>\n<meta name=\"twitter:card\" content=\"summary_large_image\" \/>\n<meta name=\"twitter:creator\" content=\"@sonoraenequipo\" \/>\n<meta name=\"twitter:site\" content=\"@sonoraenequipo\" \/>\n<meta name=\"twitter:label1\" content=\"Escrito por\" \/>\n\t<meta name=\"twitter:data1\" content=\"enequipo\" \/>\n\t<meta name=\"twitter:label2\" content=\"Tiempo de lectura\" \/>\n\t<meta name=\"twitter:data2\" content=\"1 minuto\" \/>\n<script type=\"application\/ld+json\" class=\"yoast-schema-graph\">{\"@context\":\"https:\/\/schema.org\",\"@graph\":[{\"@type\":\"Article\",\"@id\":\"https:\/\/www.sonoraenequipo.com.mx\/invitan-gobierno-de-hermosillo-a-jornada-de-acopio-de-donaciones-reciclando-por-las-familias\/#article\",\"isPartOf\":{\"@id\":\"https:\/\/www.sonoraenequipo.com.mx\/invitan-gobierno-de-hermosillo-a-jornada-de-acopio-de-donaciones-reciclando-por-las-familias\/\"},\"author\":{\"name\":\"enequipo\",\"@id\":\"https:\/\/www.sonoraenequipo.com.mx\/#\/schema\/person\/50102df0fb23a8fa9e8effad8fa81386\"},\"headline\":\"Invita Gobierno de Hermosillo a jornada de acopio de donaciones \u201cReciclando por las familias\u201d\",\"datePublished\":\"2024-08-30T20:00:51+00:00\",\"dateModified\":\"2024-08-30T20:01:32+00:00\",\"mainEntityOfPage\":{\"@id\":\"https:\/\/www.sonoraenequipo.com.mx\/invitan-gobierno-de-hermosillo-a-jornada-de-acopio-de-donaciones-reciclando-por-las-familias\/\"},\"wordCount\":268,\"commentCount\":0,\"publisher\":{\"@id\":\"https:\/\/www.sonoraenequipo.com.mx\/#organization\"},\"image\":{\"@id\":\"https:\/\/www.sonoraenequipo.com.mx\/invitan-gobierno-de-hermosillo-a-jornada-de-acopio-de-donaciones-reciclando-por-las-familias\/#primaryimage\"},\"thumbnailUrl\":\"https:\/\/www.sonoraenequipo.com.mx\/storage\/2020\/07\/RECICLACENTRO4.jpg\",\"keywords\":[\"reciclacentros\"],\"articleSection\":[\"Municipios\"],\"inLanguage\":\"es\",\"potentialAction\":[{\"@type\":\"CommentAction\",\"name\":\"Comment\",\"target\":[\"https:\/\/www.sonoraenequipo.com.mx\/invitan-gobierno-de-hermosillo-a-jornada-de-acopio-de-donaciones-reciclando-por-las-familias\/#respond\"]}]},{\"@type\":\"WebPage\",\"@id\":\"https:\/\/www.sonoraenequipo.com.mx\/invitan-gobierno-de-hermosillo-a-jornada-de-acopio-de-donaciones-reciclando-por-las-familias\/\",\"url\":\"https:\/\/www.sonoraenequipo.com.mx\/invitan-gobierno-de-hermosillo-a-jornada-de-acopio-de-donaciones-reciclando-por-las-familias\/\",\"name\":\"Sonora en Equipo. Invita Gobierno de Hermosillo a jornada de acopio de donaciones \u201cReciclando por las familias\u201d Municipios\",\"isPartOf\":{\"@id\":\"https:\/\/www.sonoraenequipo.com.mx\/#website\"},\"primaryImageOfPage\":{\"@id\":\"https:\/\/www.sonoraenequipo.com.mx\/invitan-gobierno-de-hermosillo-a-jornada-de-acopio-de-donaciones-reciclando-por-las-familias\/#primaryimage\"},\"image\":{\"@id\":\"https:\/\/www.sonoraenequipo.com.mx\/invitan-gobierno-de-hermosillo-a-jornada-de-acopio-de-donaciones-reciclando-por-las-familias\/#primaryimage\"},\"thumbnailUrl\":\"https:\/\/www.sonoraenequipo.com.mx\/storage\/2020\/07\/RECICLACENTRO4.jpg\",\"datePublished\":\"2024-08-30T20:00:51+00:00\",\"dateModified\":\"2024-08-30T20:01:32+00:00\",\"description\":\"HERMOSILLO, SONORA, MX. \u2014 Personas solidarias de Hermosillo que tengan art\u00edculos en buen estado que no necesiten pueden, el pr\u00f3ximo s\u00e1bado 31 de agosto, En Sonora en Equipo publicamos toda la informaci\u00f3n de Sonora, M\u00e9xico y el Mundo de manera oportuna y busca que la libertad de expresi\u00f3n sea real. Visita nuestro medio informativo publicado desde Hermosillo, Sonora. %\",\"breadcrumb\":{\"@id\":\"https:\/\/www.sonoraenequipo.com.mx\/invitan-gobierno-de-hermosillo-a-jornada-de-acopio-de-donaciones-reciclando-por-las-familias\/#breadcrumb\"},\"inLanguage\":\"es\",\"potentialAction\":[{\"@type\":\"ReadAction\",\"target\":[\"https:\/\/www.sonoraenequipo.com.mx\/invitan-gobierno-de-hermosillo-a-jornada-de-acopio-de-donaciones-reciclando-por-las-familias\/\"]}]},{\"@type\":\"ImageObject\",\"inLanguage\":\"es\",\"@id\":\"https:\/\/www.sonoraenequipo.com.mx\/invitan-gobierno-de-hermosillo-a-jornada-de-acopio-de-donaciones-reciclando-por-las-familias\/#primaryimage\",\"url\":\"https:\/\/www.sonoraenequipo.com.mx\/storage\/2020\/07\/RECICLACENTRO4.jpg\",\"contentUrl\":\"https:\/\/www.sonoraenequipo.com.mx\/storage\/2020\/07\/RECICLACENTRO4.jpg\",\"width\":600,\"height\":400},{\"@type\":\"BreadcrumbList\",\"@id\":\"https:\/\/www.sonoraenequipo.com.mx\/invitan-gobierno-de-hermosillo-a-jornada-de-acopio-de-donaciones-reciclando-por-las-familias\/#breadcrumb\",\"itemListElement\":[{\"@type\":\"ListItem\",\"position\":1,\"name\":\"Portada\",\"item\":\"https:\/\/www.sonoraenequipo.com.mx\/\"},{\"@type\":\"ListItem\",\"position\":2,\"name\":\"Invita Gobierno de Hermosillo a jornada de acopio de donaciones \u201cReciclando por las familias\u201d\"}]},{\"@type\":\"WebSite\",\"@id\":\"https:\/\/www.sonoraenequipo.com.mx\/#website\",\"url\":\"https:\/\/www.sonoraenequipo.com.mx\/\",\"name\":\"Sonora en Equipo.\",\"description\":\"Diario en l\u00ednea con Noticias desde Hermosillo, Sonora\",\"publisher\":{\"@id\":\"https:\/\/www.sonoraenequipo.com.mx\/#organization\"},\"potentialAction\":[{\"@type\":\"SearchAction\",\"target\":{\"@type\":\"EntryPoint\",\"urlTemplate\":\"https:\/\/www.sonoraenequipo.com.mx\/?s={search_term_string}\"},\"query-input\":{\"@type\":\"PropertyValueSpecification\",\"valueRequired\":true,\"valueName\":\"search_term_string\"}}],\"inLanguage\":\"es\"},{\"@type\":\"Organization\",\"@id\":\"https:\/\/www.sonoraenequipo.com.mx\/#organization\",\"name\":\"Sonoraenequipo.com.mx\",\"url\":\"https:\/\/www.sonoraenequipo.com.mx\/\",\"logo\":{\"@type\":\"ImageObject\",\"inLanguage\":\"es\",\"@id\":\"https:\/\/www.sonoraenequipo.com.mx\/#\/schema\/logo\/image\/\",\"url\":\"https:\/\/www.sonoraenequipo.com.mx\/storage\/2019\/01\/sonoraenequipo_opt.png\",\"contentUrl\":\"https:\/\/www.sonoraenequipo.com.mx\/storage\/2019\/01\/sonoraenequipo_opt.png\",\"width\":375,\"height\":125,\"caption\":\"Sonoraenequipo.com.mx\"},\"image\":{\"@id\":\"https:\/\/www.sonoraenequipo.com.mx\/#\/schema\/logo\/image\/\"},\"sameAs\":[\"https:\/\/www.facebook.com\/SonoraEE\/\",\"https:\/\/x.com\/sonoraenequipo\",\"https:\/\/www.youtube.com\/channel\/UC338nW-lPEYmJQs4ZABQ1SQ\"]},{\"@type\":\"Person\",\"@id\":\"https:\/\/www.sonoraenequipo.com.mx\/#\/schema\/person\/50102df0fb23a8fa9e8effad8fa81386\",\"name\":\"enequipo\",\"image\":{\"@type\":\"ImageObject\",\"inLanguage\":\"es\",\"@id\":\"https:\/\/www.sonoraenequipo.com.mx\/#\/schema\/person\/image\/\",\"url\":\"https:\/\/secure.gravatar.com\/avatar\/049821681b589dabc0bc20695993ccebb09f5b5d4d790cd9251b97faac7c652b?s=96&d=blank&r=g\",\"contentUrl\":\"https:\/\/secure.gravatar.com\/avatar\/049821681b589dabc0bc20695993ccebb09f5b5d4d790cd9251b97faac7c652b?s=96&d=blank&r=g\",\"caption\":\"enequipo\"},\"sameAs\":[\"https:\/\/www.facebook.com\/SonoraEE\"]}]}<\/script>\n ","yoast_head_json":{"title":"Sonora en Equipo. Invita Gobierno de Hermosillo a jornada de acopio de donaciones \u201cReciclando por las familias\u201d Municipios","description":"HERMOSILLO, SONORA, MX. \u2014 Personas solidarias de Hermosillo que tengan art\u00edculos en buen estado que no necesiten pueden, el pr\u00f3ximo s\u00e1bado 31 de agosto, En Sonora en Equipo publicamos toda la informaci\u00f3n de Sonora, M\u00e9xico y el Mundo de manera oportuna y busca que la libertad de expresi\u00f3n sea real. Visita nuestro medio informativo publicado desde Hermosillo, Sonora. %","robots":{"index":"index","follow":"follow","max-snippet":"max-snippet:-1","max-image-preview":"max-image-preview:large","max-video-preview":"max-video-preview:-1"},"canonical":"https:\/\/www.sonoraenequipo.com.mx\/invitan-gobierno-de-hermosillo-a-jornada-de-acopio-de-donaciones-reciclando-por-las-familias\/","og_locale":"es_ES","og_type":"article","og_title":"Sonora en Equipo. Invita Gobierno de Hermosillo a jornada de acopio de donaciones \u201cReciclando por las familias\u201d Municipios","og_description":"HERMOSILLO, SONORA, MX. \u2014 Personas solidarias de Hermosillo que tengan art\u00edculos en buen estado que no necesiten pueden, el pr\u00f3ximo s\u00e1bado 31 de agosto, En Sonora en Equipo publicamos toda la informaci\u00f3n de Sonora, M\u00e9xico y el Mundo de manera oportuna y busca que la libertad de expresi\u00f3n sea real. Visita nuestro medio informativo publicado desde Hermosillo, Sonora. %","og_url":"https:\/\/www.sonoraenequipo.com.mx\/invitan-gobierno-de-hermosillo-a-jornada-de-acopio-de-donaciones-reciclando-por-las-familias\/","og_site_name":"Sonora en Equipo.","article_publisher":"https:\/\/www.facebook.com\/SonoraEE\/","article_author":"https:\/\/www.facebook.com\/SonoraEE","article_published_time":"2024-08-30T20:00:51+00:00","article_modified_time":"2024-08-30T20:01:32+00:00","og_image":[{"width":600,"height":400,"url":"https:\/\/www.sonoraenequipo.com.mx\/storage\/2020\/07\/RECICLACENTRO4.jpg","type":"image\/jpeg"}],"author":"enequipo","twitter_card":"summary_large_image","twitter_creator":"@sonoraenequipo","twitter_site":"@sonoraenequipo","twitter_misc":{"Escrito por":"enequipo","Tiempo de lectura":"1 minuto"},"schema":{"@context":"https:\/\/schema.org","@graph":[{"@type":"Article","@id":"https:\/\/www.sonoraenequipo.com.mx\/invitan-gobierno-de-hermosillo-a-jornada-de-acopio-de-donaciones-reciclando-por-las-familias\/#article","isPartOf":{"@id":"https:\/\/www.sonoraenequipo.com.mx\/invitan-gobierno-de-hermosillo-a-jornada-de-acopio-de-donaciones-reciclando-por-las-familias\/"},"author":{"name":"enequipo","@id":"https:\/\/www.sonoraenequipo.com.mx\/#\/schema\/person\/50102df0fb23a8fa9e8effad8fa81386"},"headline":"Invita Gobierno de Hermosillo a jornada de acopio de donaciones \u201cReciclando por las familias\u201d","datePublished":"2024-08-30T20:00:51+00:00","dateModified":"2024-08-30T20:01:32+00:00","mainEntityOfPage":{"@id":"https:\/\/www.sonoraenequipo.com.mx\/invitan-gobierno-de-hermosillo-a-jornada-de-acopio-de-donaciones-reciclando-por-las-familias\/"},"wordCount":268,"commentCount":0,"publisher":{"@id":"https:\/\/www.sonoraenequipo.com.mx\/#organization"},"image":{"@id":"https:\/\/www.sonoraenequipo.com.mx\/invitan-gobierno-de-hermosillo-a-jornada-de-acopio-de-donaciones-reciclando-por-las-familias\/#primaryimage"},"thumbnailUrl":"https:\/\/www.sonoraenequipo.com.mx\/storage\/2020\/07\/RECICLACENTRO4.jpg","keywords":["reciclacentros"],"articleSection":["Municipios"],"inLanguage":"es","potentialAction":[{"@type":"CommentAction","name":"Comment","target":["https:\/\/www.sonoraenequipo.com.mx\/invitan-gobierno-de-hermosillo-a-jornada-de-acopio-de-donaciones-reciclando-por-las-familias\/#respond"]}]},{"@type":"WebPage","@id":"https:\/\/www.sonoraenequipo.com.mx\/invitan-gobierno-de-hermosillo-a-jornada-de-acopio-de-donaciones-reciclando-por-las-familias\/","url":"https:\/\/www.sonoraenequipo.com.mx\/invitan-gobierno-de-hermosillo-a-jornada-de-acopio-de-donaciones-reciclando-por-las-familias\/","name":"Sonora en Equipo. Invita Gobierno de Hermosillo a jornada de acopio de donaciones \u201cReciclando por las familias\u201d Municipios","isPartOf":{"@id":"https:\/\/www.sonoraenequipo.com.mx\/#website"},"primaryImageOfPage":{"@id":"https:\/\/www.sonoraenequipo.com.mx\/invitan-gobierno-de-hermosillo-a-jornada-de-acopio-de-donaciones-reciclando-por-las-familias\/#primaryimage"},"image":{"@id":"https:\/\/www.sonoraenequipo.com.mx\/invitan-gobierno-de-hermosillo-a-jornada-de-acopio-de-donaciones-reciclando-por-las-familias\/#primaryimage"},"thumbnailUrl":"https:\/\/www.sonoraenequipo.com.mx\/storage\/2020\/07\/RECICLACENTRO4.jpg","datePublished":"2024-08-30T20:00:51+00:00","dateModified":"2024-08-30T20:01:32+00:00","description":"HERMOSILLO, SONORA, MX. \u2014 Personas solidarias de Hermosillo que tengan art\u00edculos en buen estado que no necesiten pueden, el pr\u00f3ximo s\u00e1bado 31 de agosto, En Sonora en Equipo publicamos toda la informaci\u00f3n de Sonora, M\u00e9xico y el Mundo de manera oportuna y busca que la libertad de expresi\u00f3n sea real. Visita nuestro medio informativo publicado desde Hermosillo, Sonora. %","breadcrumb":{"@id":"https:\/\/www.sonoraenequipo.com.mx\/invitan-gobierno-de-hermosillo-a-jornada-de-acopio-de-donaciones-reciclando-por-las-familias\/#breadcrumb"},"inLanguage":"es","potentialAction":[{"@type":"ReadAction","target":["https:\/\/www.sonoraenequipo.com.mx\/invitan-gobierno-de-hermosillo-a-jornada-de-acopio-de-donaciones-reciclando-por-las-familias\/"]}]},{"@type":"ImageObject","inLanguage":"es","@id":"https:\/\/www.sonoraenequipo.com.mx\/invitan-gobierno-de-hermosillo-a-jornada-de-acopio-de-donaciones-reciclando-por-las-familias\/#primaryimage","url":"https:\/\/www.sonoraenequipo.com.mx\/storage\/2020\/07\/RECICLACENTRO4.jpg","contentUrl":"https:\/\/www.sonoraenequipo.com.mx\/storage\/2020\/07\/RECICLACENTRO4.jpg","width":600,"height":400},{"@type":"BreadcrumbList","@id":"https:\/\/www.sonoraenequipo.com.mx\/invitan-gobierno-de-hermosillo-a-jornada-de-acopio-de-donaciones-reciclando-por-las-familias\/#breadcrumb","itemListElement":[{"@type":"ListItem","position":1,"name":"Portada","item":"https:\/\/www.sonoraenequipo.com.mx\/"},{"@type":"ListItem","position":2,"name":"Invita Gobierno de Hermosillo a jornada de acopio de donaciones \u201cReciclando por las familias\u201d"}]},{"@type":"WebSite","@id":"https:\/\/www.sonoraenequipo.com.mx\/#website","url":"https:\/\/www.sonoraenequipo.com.mx\/","name":"Sonora en Equipo.","description":"Diario en l\u00ednea con Noticias desde Hermosillo, Sonora","publisher":{"@id":"https:\/\/www.sonoraenequipo.com.mx\/#organization"},"potentialAction":[{"@type":"SearchAction","target":{"@type":"EntryPoint","urlTemplate":"https:\/\/www.sonoraenequipo.com.mx\/?s={search_term_string}"},"query-input":{"@type":"PropertyValueSpecification","valueRequired":true,"valueName":"search_term_string"}}],"inLanguage":"es"},{"@type":"Organization","@id":"https:\/\/www.sonoraenequipo.com.mx\/#organization","name":"Sonoraenequipo.com.mx","url":"https:\/\/www.sonoraenequipo.com.mx\/","logo":{"@type":"ImageObject","inLanguage":"es","@id":"https:\/\/www.sonoraenequipo.com.mx\/#\/schema\/logo\/image\/","url":"https:\/\/www.sonoraenequipo.com.mx\/storage\/2019\/01\/sonoraenequipo_opt.png","contentUrl":"https:\/\/www.sonoraenequipo.com.mx\/storage\/2019\/01\/sonoraenequipo_opt.png","width":375,"height":125,"caption":"Sonoraenequipo.com.mx"},"image":{"@id":"https:\/\/www.sonoraenequipo.com.mx\/#\/schema\/logo\/image\/"},"sameAs":["https:\/\/www.facebook.com\/SonoraEE\/","https:\/\/x.com\/sonoraenequipo","https:\/\/www.youtube.com\/channel\/UC338nW-lPEYmJQs4ZABQ1SQ"]},{"@type":"Person","@id":"https:\/\/www.sonoraenequipo.com.mx\/#\/schema\/person\/50102df0fb23a8fa9e8effad8fa81386","name":"enequipo","image":{"@type":"ImageObject","inLanguage":"es","@id":"https:\/\/www.sonoraenequipo.com.mx\/#\/schema\/person\/image\/","url":"https:\/\/secure.gravatar.com\/avatar\/049821681b589dabc0bc20695993ccebb09f5b5d4d790cd9251b97faac7c652b?s=96&d=blank&r=g","contentUrl":"https:\/\/secure.gravatar.com\/avatar\/049821681b589dabc0bc20695993ccebb09f5b5d4d790cd9251b97faac7c652b?s=96&d=blank&r=g","caption":"enequipo"},"sameAs":["https:\/\/www.facebook.com\/SonoraEE"]}]}},"jetpack_featured_media_url":"https:\/\/www.sonoraenequipo.com.mx\/storage\/2020\/07\/RECICLACENTRO4.jpg","_links":{"self":[{"href":"https:\/\/www.sonoraenequipo.com.mx\/api\/wp\/v2\/posts\/198156","targetHints":{"allow":["GET"]}}],"collection":[{"href":"https:\/\/www.sonoraenequipo.com.mx\/api\/wp\/v2\/posts"}],"about":[{"href":"https:\/\/www.sonoraenequipo.com.mx\/api\/wp\/v2\/types\/post"}],"author":[{"embeddable":true,"href":"https:\/\/www.sonoraenequipo.com.mx\/api\/wp\/v2\/users\/1"}],"replies":[{"embeddable":true,"href":"https:\/\/www.sonoraenequipo.com.mx\/api\/wp\/v2\/comments?post=198156"}],"version-history":[{"count":2,"href":"https:\/\/www.sonoraenequipo.com.mx\/api\/wp\/v2\/posts\/198156\/revisions"}],"predecessor-version":[{"id":198158,"href":"https:\/\/www.sonoraenequipo.com.mx\/api\/wp\/v2\/posts\/198156\/revisions\/198158"}],"wp:featuredmedia":[{"embeddable":true,"href":"https:\/\/www.sonoraenequipo.com.mx\/api\/wp\/v2\/media\/89525"}],"wp:attachment":[{"href":"https:\/\/www.sonoraenequipo.com.mx\/api\/wp\/v2\/media?parent=198156"}],"wp:term":[{"taxonomy":"category","embeddable":true,"href":"https:\/\/www.sonoraenequipo.com.mx\/api\/wp\/v2\/categories?post=198156"},{"taxonomy":"post_tag","embeddable":true,"href":"https:\/\/www.sonoraenequipo.com.mx\/api\/wp\/v2\/tags?post=198156"}],"curies":[{"name":"wp","href":"https:\/\/api.w.org\/{rel}","templated":true}]}}