{"id":198203,"date":"2024-08-30T13:38:56","date_gmt":"2024-08-30T20:38:56","guid":{"rendered":"https:\/\/www.sonoraenequipo.com.mx\/?p=198203"},"modified":"2024-08-30T20:46:36","modified_gmt":"2024-08-31T03:46:36","slug":"presidente-y-presidenta-electa-evaluan-con-gobernadores-avances-de-imss-bienestar","status":"publish","type":"post","link":"https:\/\/www.sonoraenequipo.com.mx\/presidente-y-presidenta-electa-evaluan-con-gobernadores-avances-de-imss-bienestar\/","title":{"rendered":"Presidente y presidenta electa eval\u00faan con gobernadores avances de IMSS Bienestar"},"content":{"rendered":"<p><strong>CIUDAD DE M\u00c9XICO. MX. \u2014<\/strong> El presidente Andr\u00e9s Manuel L\u00f3pez Obrador y la presidenta electa Claudia Sheinbaum Pardo evaluaron con gobernadoras y gobernadores el avance del IMSS Bienestar, iniciativa que garantiza atenci\u00f3n m\u00e9dica gratuita, universal, preventiva y de calidad en 23 estados del pa\u00eds.<\/p>\n<p> <\/p>\n<p>La reuni\u00f3n se llev\u00f3 a cabo en el Sal\u00f3n Embajadores de Palacio Nacional, donde asistieron la secretaria de Gobernaci\u00f3n, Luisa Mar\u00eda Alcalde Luj\u00e1n; el secretario de Salud, Jorge Alcocer Varela; el pr\u00f3ximo secretario de Salud, David Kershenobich Stalnikowitz y los directores generales del Instituto Mexicano del Seguro Social, Zo\u00e9 Robledo Aburto y del IMSS Bienestar, Alejandro Calder\u00f3n Alipi, y otros funcionarios de gobierno federal.<\/p>\n<blockquote class=\"twitter-tweet\" data-width=\"550\" data-dnt=\"true\">\n<p lang=\"es\" dir=\"ltr\">En el Sal\u00f3n Embajadores de Palacio Nacional, con la presidenta electa, Claudia Sheinbaum Pardo y las gobernadoras y gobernadores, evaluamos el avance del programa de salud IMSS Bienestar. <a href=\"https:\/\/t.co\/KKk7FRgKkI\">pic.twitter.com\/KKk7FRgKkI<\/a><\/p>\n<p>&mdash; Andr\u00e9s Manuel (@lopezobrador_) <a href=\"https:\/\/twitter.com\/lopezobrador_\/status\/1829613895402865111?ref_src=twsrc%5Etfw\">August 30, 2024<\/a><\/p><\/blockquote>\n<p><script async src=\"https:\/\/platform.twitter.com\/widgets.js\" charset=\"utf-8\"><\/script><\/p>\n<p>PUBLICADO EL 30 AGOSTO DE 2024 Con informaci\u00f3n de Conferencia matutina)<\/p>\n","protected":false},"excerpt":{"rendered":"<p>CIUDAD DE M\u00c9XICO. MX. \u2014 El presidente Andr\u00e9s Manuel L\u00f3pez Obrador y la presidenta electa&#8230;<\/p>\n","protected":false},"author":1,"featured_media":198204,"comment_status":"open","ping_status":"open","sticky":false,"template":"","format":"standard","meta":{"_monsterinsights_skip_tracking":false,"_monsterinsights_sitenote_active":false,"_monsterinsights_sitenote_note":"","_monsterinsights_sitenote_category":0,"footnotes":""},"categories":[5],"tags":[],"class_list":["post"],"yoast_head":" \n<title>Sonora en Equipo. Presidente y presidenta electa eval\u00faan con gobernadores avances de IMSS Bienestar Rep\u00fablica<\/title>\n<meta name=\"description\" content=\"CIUDAD DE M\u00c9XICO. MX. \u2014 El presidente Andr\u00e9s Manuel L\u00f3pez Obrador y la presidenta electa Claudia Sheinbaum Pardo evaluaron con gobernadoras y gobernadores En Sonora en Equipo publicamos toda la informaci\u00f3n de Sonora, M\u00e9xico y el Mundo de manera oportuna y busca que la libertad de expresi\u00f3n sea real. Visita nuestro medio informativo publicado desde Hermosillo, Sonora. %\" \/>\n<meta name=\"robots\" content=\"index, follow, max-snippet:-1, max-image-preview:large, max-video-preview:-1\" \/>\n<link rel=\"canonical\" href=\"https:\/\/www.sonoraenequipo.com.mx\/presidente-y-presidenta-electa-evaluan-con-gobernadores-avances-de-imss-bienestar\/\" \/>\n<meta property=\"og:locale\" content=\"es_ES\" \/>\n<meta property=\"og:type\" content=\"article\" \/>\n<meta property=\"og:title\" content=\"Sonora en Equipo. Presidente y presidenta electa eval\u00faan con gobernadores avances de IMSS Bienestar Rep\u00fablica\" \/>\n<meta property=\"og:description\" content=\"CIUDAD DE M\u00c9XICO. MX. \u2014 El presidente Andr\u00e9s Manuel L\u00f3pez Obrador y la presidenta electa Claudia Sheinbaum Pardo evaluaron con gobernadoras y gobernadores En Sonora en Equipo publicamos toda la informaci\u00f3n de Sonora, M\u00e9xico y el Mundo de manera oportuna y busca que la libertad de expresi\u00f3n sea real. Visita nuestro medio informativo publicado desde Hermosillo, Sonora. %\" \/>\n<meta property=\"og:url\" content=\"https:\/\/www.sonoraenequipo.com.mx\/presidente-y-presidenta-electa-evaluan-con-gobernadores-avances-de-imss-bienestar\/\" \/>\n<meta property=\"og:site_name\" content=\"Sonora en Equipo.\" \/>\n<meta property=\"article:publisher\" content=\"https:\/\/www.facebook.com\/SonoraEE\/\" \/>\n<meta property=\"article:author\" content=\"https:\/\/www.facebook.com\/SonoraEE\" \/>\n<meta property=\"article:published_time\" content=\"2024-08-30T20:38:56+00:00\" \/>\n<meta property=\"article:modified_time\" content=\"2024-08-31T03:46:36+00:00\" \/>\n<meta property=\"og:image\" content=\"https:\/\/www.sonoraenequipo.com.mx\/storage\/2024\/08\/2024-08-30-Presidente-AMLO-Reunion-IMSS-Bienestar-Palacio-Nacional-min.jpg\" \/>\n\t<meta property=\"og:image:width\" content=\"900\" \/>\n\t<meta property=\"og:image:height\" content=\"506\" \/>\n\t<meta property=\"og:image:type\" content=\"image\/jpeg\" \/>\n<meta name=\"author\" content=\"enequipo\" \/>\n<meta name=\"twitter:card\" content=\"summary_large_image\" \/>\n<meta name=\"twitter:creator\" content=\"@sonoraenequipo\" \/>\n<meta name=\"twitter:site\" content=\"@sonoraenequipo\" \/>\n<meta name=\"twitter:label1\" content=\"Escrito por\" \/>\n\t<meta name=\"twitter:data1\" content=\"enequipo\" \/>\n\t<meta name=\"twitter:label2\" content=\"Tiempo de lectura\" \/>\n\t<meta name=\"twitter:data2\" content=\"1 minuto\" \/>\n<script type=\"application\/ld+json\" class=\"yoast-schema-graph\">{\"@context\":\"https:\/\/schema.org\",\"@graph\":[{\"@type\":\"Article\",\"@id\":\"https:\/\/www.sonoraenequipo.com.mx\/presidente-y-presidenta-electa-evaluan-con-gobernadores-avances-de-imss-bienestar\/#article\",\"isPartOf\":{\"@id\":\"https:\/\/www.sonoraenequipo.com.mx\/presidente-y-presidenta-electa-evaluan-con-gobernadores-avances-de-imss-bienestar\/\"},\"author\":{\"name\":\"enequipo\",\"@id\":\"https:\/\/www.sonoraenequipo.com.mx\/#\/schema\/person\/50102df0fb23a8fa9e8effad8fa81386\"},\"headline\":\"Presidente y presidenta electa eval\u00faan con gobernadores avances de IMSS Bienestar\",\"datePublished\":\"2024-08-30T20:38:56+00:00\",\"dateModified\":\"2024-08-31T03:46:36+00:00\",\"mainEntityOfPage\":{\"@id\":\"https:\/\/www.sonoraenequipo.com.mx\/presidente-y-presidenta-electa-evaluan-con-gobernadores-avances-de-imss-bienestar\/\"},\"wordCount\":146,\"commentCount\":0,\"publisher\":{\"@id\":\"https:\/\/www.sonoraenequipo.com.mx\/#organization\"},\"image\":{\"@id\":\"https:\/\/www.sonoraenequipo.com.mx\/presidente-y-presidenta-electa-evaluan-con-gobernadores-avances-de-imss-bienestar\/#primaryimage\"},\"thumbnailUrl\":\"https:\/\/www.sonoraenequipo.com.mx\/storage\/2024\/08\/2024-08-30-Presidente-AMLO-Reunion-IMSS-Bienestar-Palacio-Nacional-min.jpg\",\"articleSection\":[\"Rep\u00fablica\"],\"inLanguage\":\"es\",\"potentialAction\":[{\"@type\":\"CommentAction\",\"name\":\"Comment\",\"target\":[\"https:\/\/www.sonoraenequipo.com.mx\/presidente-y-presidenta-electa-evaluan-con-gobernadores-avances-de-imss-bienestar\/#respond\"]}]},{\"@type\":\"WebPage\",\"@id\":\"https:\/\/www.sonoraenequipo.com.mx\/presidente-y-presidenta-electa-evaluan-con-gobernadores-avances-de-imss-bienestar\/\",\"url\":\"https:\/\/www.sonoraenequipo.com.mx\/presidente-y-presidenta-electa-evaluan-con-gobernadores-avances-de-imss-bienestar\/\",\"name\":\"Sonora en Equipo. Presidente y presidenta electa eval\u00faan con gobernadores avances de IMSS Bienestar Rep\u00fablica\",\"isPartOf\":{\"@id\":\"https:\/\/www.sonoraenequipo.com.mx\/#website\"},\"primaryImageOfPage\":{\"@id\":\"https:\/\/www.sonoraenequipo.com.mx\/presidente-y-presidenta-electa-evaluan-con-gobernadores-avances-de-imss-bienestar\/#primaryimage\"},\"image\":{\"@id\":\"https:\/\/www.sonoraenequipo.com.mx\/presidente-y-presidenta-electa-evaluan-con-gobernadores-avances-de-imss-bienestar\/#primaryimage\"},\"thumbnailUrl\":\"https:\/\/www.sonoraenequipo.com.mx\/storage\/2024\/08\/2024-08-30-Presidente-AMLO-Reunion-IMSS-Bienestar-Palacio-Nacional-min.jpg\",\"datePublished\":\"2024-08-30T20:38:56+00:00\",\"dateModified\":\"2024-08-31T03:46:36+00:00\",\"description\":\"CIUDAD DE M\u00c9XICO. MX. \u2014 El presidente Andr\u00e9s Manuel L\u00f3pez Obrador y la presidenta electa Claudia Sheinbaum Pardo evaluaron con gobernadoras y gobernadores En Sonora en Equipo publicamos toda la informaci\u00f3n de Sonora, M\u00e9xico y el Mundo de manera oportuna y busca que la libertad de expresi\u00f3n sea real. Visita nuestro medio informativo publicado desde Hermosillo, Sonora. %\",\"breadcrumb\":{\"@id\":\"https:\/\/www.sonoraenequipo.com.mx\/presidente-y-presidenta-electa-evaluan-con-gobernadores-avances-de-imss-bienestar\/#breadcrumb\"},\"inLanguage\":\"es\",\"potentialAction\":[{\"@type\":\"ReadAction\",\"target\":[\"https:\/\/www.sonoraenequipo.com.mx\/presidente-y-presidenta-electa-evaluan-con-gobernadores-avances-de-imss-bienestar\/\"]}]},{\"@type\":\"ImageObject\",\"inLanguage\":\"es\",\"@id\":\"https:\/\/www.sonoraenequipo.com.mx\/presidente-y-presidenta-electa-evaluan-con-gobernadores-avances-de-imss-bienestar\/#primaryimage\",\"url\":\"https:\/\/www.sonoraenequipo.com.mx\/storage\/2024\/08\/2024-08-30-Presidente-AMLO-Reunion-IMSS-Bienestar-Palacio-Nacional-min.jpg\",\"contentUrl\":\"https:\/\/www.sonoraenequipo.com.mx\/storage\/2024\/08\/2024-08-30-Presidente-AMLO-Reunion-IMSS-Bienestar-Palacio-Nacional-min.jpg\",\"width\":900,\"height\":506},{\"@type\":\"BreadcrumbList\",\"@id\":\"https:\/\/www.sonoraenequipo.com.mx\/presidente-y-presidenta-electa-evaluan-con-gobernadores-avances-de-imss-bienestar\/#breadcrumb\",\"itemListElement\":[{\"@type\":\"ListItem\",\"position\":1,\"name\":\"Portada\",\"item\":\"https:\/\/www.sonoraenequipo.com.mx\/\"},{\"@type\":\"ListItem\",\"position\":2,\"name\":\"Presidente y presidenta electa eval\u00faan con gobernadores avances de IMSS Bienestar\"}]},{\"@type\":\"WebSite\",\"@id\":\"https:\/\/www.sonoraenequipo.com.mx\/#website\",\"url\":\"https:\/\/www.sonoraenequipo.com.mx\/\",\"name\":\"Sonora en Equipo.\",\"description\":\"Diario en l\u00ednea con Noticias desde Hermosillo, Sonora\",\"publisher\":{\"@id\":\"https:\/\/www.sonoraenequipo.com.mx\/#organization\"},\"potentialAction\":[{\"@type\":\"SearchAction\",\"target\":{\"@type\":\"EntryPoint\",\"urlTemplate\":\"https:\/\/www.sonoraenequipo.com.mx\/?s={search_term_string}\"},\"query-input\":{\"@type\":\"PropertyValueSpecification\",\"valueRequired\":true,\"valueName\":\"search_term_string\"}}],\"inLanguage\":\"es\"},{\"@type\":\"Organization\",\"@id\":\"https:\/\/www.sonoraenequipo.com.mx\/#organization\",\"name\":\"Sonoraenequipo.com.mx\",\"url\":\"https:\/\/www.sonoraenequipo.com.mx\/\",\"logo\":{\"@type\":\"ImageObject\",\"inLanguage\":\"es\",\"@id\":\"https:\/\/www.sonoraenequipo.com.mx\/#\/schema\/logo\/image\/\",\"url\":\"https:\/\/www.sonoraenequipo.com.mx\/storage\/2019\/01\/sonoraenequipo_opt.png\",\"contentUrl\":\"https:\/\/www.sonoraenequipo.com.mx\/storage\/2019\/01\/sonoraenequipo_opt.png\",\"width\":375,\"height\":125,\"caption\":\"Sonoraenequipo.com.mx\"},\"image\":{\"@id\":\"https:\/\/www.sonoraenequipo.com.mx\/#\/schema\/logo\/image\/\"},\"sameAs\":[\"https:\/\/www.facebook.com\/SonoraEE\/\",\"https:\/\/x.com\/sonoraenequipo\",\"https:\/\/www.youtube.com\/channel\/UC338nW-lPEYmJQs4ZABQ1SQ\"]},{\"@type\":\"Person\",\"@id\":\"https:\/\/www.sonoraenequipo.com.mx\/#\/schema\/person\/50102df0fb23a8fa9e8effad8fa81386\",\"name\":\"enequipo\",\"image\":{\"@type\":\"ImageObject\",\"inLanguage\":\"es\",\"@id\":\"https:\/\/www.sonoraenequipo.com.mx\/#\/schema\/person\/image\/\",\"url\":\"https:\/\/secure.gravatar.com\/avatar\/049821681b589dabc0bc20695993ccebb09f5b5d4d790cd9251b97faac7c652b?s=96&d=blank&r=g\",\"contentUrl\":\"https:\/\/secure.gravatar.com\/avatar\/049821681b589dabc0bc20695993ccebb09f5b5d4d790cd9251b97faac7c652b?s=96&d=blank&r=g\",\"caption\":\"enequipo\"},\"sameAs\":[\"https:\/\/www.facebook.com\/SonoraEE\"]}]}<\/script>\n ","yoast_head_json":{"title":"Sonora en Equipo. Presidente y presidenta electa eval\u00faan con gobernadores avances de IMSS Bienestar Rep\u00fablica","description":"CIUDAD DE M\u00c9XICO. MX. \u2014 El presidente Andr\u00e9s Manuel L\u00f3pez Obrador y la presidenta electa Claudia Sheinbaum Pardo evaluaron con gobernadoras y gobernadores En Sonora en Equipo publicamos toda la informaci\u00f3n de Sonora, M\u00e9xico y el Mundo de manera oportuna y busca que la libertad de expresi\u00f3n sea real. Visita nuestro medio informativo publicado desde Hermosillo, Sonora. %","robots":{"index":"index","follow":"follow","max-snippet":"max-snippet:-1","max-image-preview":"max-image-preview:large","max-video-preview":"max-video-preview:-1"},"canonical":"https:\/\/www.sonoraenequipo.com.mx\/presidente-y-presidenta-electa-evaluan-con-gobernadores-avances-de-imss-bienestar\/","og_locale":"es_ES","og_type":"article","og_title":"Sonora en Equipo. Presidente y presidenta electa eval\u00faan con gobernadores avances de IMSS Bienestar Rep\u00fablica","og_description":"CIUDAD DE M\u00c9XICO. MX. \u2014 El presidente Andr\u00e9s Manuel L\u00f3pez Obrador y la presidenta electa Claudia Sheinbaum Pardo evaluaron con gobernadoras y gobernadores En Sonora en Equipo publicamos toda la informaci\u00f3n de Sonora, M\u00e9xico y el Mundo de manera oportuna y busca que la libertad de expresi\u00f3n sea real. Visita nuestro medio informativo publicado desde Hermosillo, Sonora. %","og_url":"https:\/\/www.sonoraenequipo.com.mx\/presidente-y-presidenta-electa-evaluan-con-gobernadores-avances-de-imss-bienestar\/","og_site_name":"Sonora en Equipo.","article_publisher":"https:\/\/www.facebook.com\/SonoraEE\/","article_author":"https:\/\/www.facebook.com\/SonoraEE","article_published_time":"2024-08-30T20:38:56+00:00","article_modified_time":"2024-08-31T03:46:36+00:00","og_image":[{"width":900,"height":506,"url":"https:\/\/www.sonoraenequipo.com.mx\/storage\/2024\/08\/2024-08-30-Presidente-AMLO-Reunion-IMSS-Bienestar-Palacio-Nacional-min.jpg","type":"image\/jpeg"}],"author":"enequipo","twitter_card":"summary_large_image","twitter_creator":"@sonoraenequipo","twitter_site":"@sonoraenequipo","twitter_misc":{"Escrito por":"enequipo","Tiempo de lectura":"1 minuto"},"schema":{"@context":"https:\/\/schema.org","@graph":[{"@type":"Article","@id":"https:\/\/www.sonoraenequipo.com.mx\/presidente-y-presidenta-electa-evaluan-con-gobernadores-avances-de-imss-bienestar\/#article","isPartOf":{"@id":"https:\/\/www.sonoraenequipo.com.mx\/presidente-y-presidenta-electa-evaluan-con-gobernadores-avances-de-imss-bienestar\/"},"author":{"name":"enequipo","@id":"https:\/\/www.sonoraenequipo.com.mx\/#\/schema\/person\/50102df0fb23a8fa9e8effad8fa81386"},"headline":"Presidente y presidenta electa eval\u00faan con gobernadores avances de IMSS Bienestar","datePublished":"2024-08-30T20:38:56+00:00","dateModified":"2024-08-31T03:46:36+00:00","mainEntityOfPage":{"@id":"https:\/\/www.sonoraenequipo.com.mx\/presidente-y-presidenta-electa-evaluan-con-gobernadores-avances-de-imss-bienestar\/"},"wordCount":146,"commentCount":0,"publisher":{"@id":"https:\/\/www.sonoraenequipo.com.mx\/#organization"},"image":{"@id":"https:\/\/www.sonoraenequipo.com.mx\/presidente-y-presidenta-electa-evaluan-con-gobernadores-avances-de-imss-bienestar\/#primaryimage"},"thumbnailUrl":"https:\/\/www.sonoraenequipo.com.mx\/storage\/2024\/08\/2024-08-30-Presidente-AMLO-Reunion-IMSS-Bienestar-Palacio-Nacional-min.jpg","articleSection":["Rep\u00fablica"],"inLanguage":"es","potentialAction":[{"@type":"CommentAction","name":"Comment","target":["https:\/\/www.sonoraenequipo.com.mx\/presidente-y-presidenta-electa-evaluan-con-gobernadores-avances-de-imss-bienestar\/#respond"]}]},{"@type":"WebPage","@id":"https:\/\/www.sonoraenequipo.com.mx\/presidente-y-presidenta-electa-evaluan-con-gobernadores-avances-de-imss-bienestar\/","url":"https:\/\/www.sonoraenequipo.com.mx\/presidente-y-presidenta-electa-evaluan-con-gobernadores-avances-de-imss-bienestar\/","name":"Sonora en Equipo. Presidente y presidenta electa eval\u00faan con gobernadores avances de IMSS Bienestar Rep\u00fablica","isPartOf":{"@id":"https:\/\/www.sonoraenequipo.com.mx\/#website"},"primaryImageOfPage":{"@id":"https:\/\/www.sonoraenequipo.com.mx\/presidente-y-presidenta-electa-evaluan-con-gobernadores-avances-de-imss-bienestar\/#primaryimage"},"image":{"@id":"https:\/\/www.sonoraenequipo.com.mx\/presidente-y-presidenta-electa-evaluan-con-gobernadores-avances-de-imss-bienestar\/#primaryimage"},"thumbnailUrl":"https:\/\/www.sonoraenequipo.com.mx\/storage\/2024\/08\/2024-08-30-Presidente-AMLO-Reunion-IMSS-Bienestar-Palacio-Nacional-min.jpg","datePublished":"2024-08-30T20:38:56+00:00","dateModified":"2024-08-31T03:46:36+00:00","description":"CIUDAD DE M\u00c9XICO. MX. \u2014 El presidente Andr\u00e9s Manuel L\u00f3pez Obrador y la presidenta electa Claudia Sheinbaum Pardo evaluaron con gobernadoras y gobernadores En Sonora en Equipo publicamos toda la informaci\u00f3n de Sonora, M\u00e9xico y el Mundo de manera oportuna y busca que la libertad de expresi\u00f3n sea real. Visita nuestro medio informativo publicado desde Hermosillo, Sonora. %","breadcrumb":{"@id":"https:\/\/www.sonoraenequipo.com.mx\/presidente-y-presidenta-electa-evaluan-con-gobernadores-avances-de-imss-bienestar\/#breadcrumb"},"inLanguage":"es","potentialAction":[{"@type":"ReadAction","target":["https:\/\/www.sonoraenequipo.com.mx\/presidente-y-presidenta-electa-evaluan-con-gobernadores-avances-de-imss-bienestar\/"]}]},{"@type":"ImageObject","inLanguage":"es","@id":"https:\/\/www.sonoraenequipo.com.mx\/presidente-y-presidenta-electa-evaluan-con-gobernadores-avances-de-imss-bienestar\/#primaryimage","url":"https:\/\/www.sonoraenequipo.com.mx\/storage\/2024\/08\/2024-08-30-Presidente-AMLO-Reunion-IMSS-Bienestar-Palacio-Nacional-min.jpg","contentUrl":"https:\/\/www.sonoraenequipo.com.mx\/storage\/2024\/08\/2024-08-30-Presidente-AMLO-Reunion-IMSS-Bienestar-Palacio-Nacional-min.jpg","width":900,"height":506},{"@type":"BreadcrumbList","@id":"https:\/\/www.sonoraenequipo.com.mx\/presidente-y-presidenta-electa-evaluan-con-gobernadores-avances-de-imss-bienestar\/#breadcrumb","itemListElement":[{"@type":"ListItem","position":1,"name":"Portada","item":"https:\/\/www.sonoraenequipo.com.mx\/"},{"@type":"ListItem","position":2,"name":"Presidente y presidenta electa eval\u00faan con gobernadores avances de IMSS Bienestar"}]},{"@type":"WebSite","@id":"https:\/\/www.sonoraenequipo.com.mx\/#website","url":"https:\/\/www.sonoraenequipo.com.mx\/","name":"Sonora en Equipo.","description":"Diario en l\u00ednea con Noticias desde Hermosillo, Sonora","publisher":{"@id":"https:\/\/www.sonoraenequipo.com.mx\/#organization"},"potentialAction":[{"@type":"SearchAction","target":{"@type":"EntryPoint","urlTemplate":"https:\/\/www.sonoraenequipo.com.mx\/?s={search_term_string}"},"query-input":{"@type":"PropertyValueSpecification","valueRequired":true,"valueName":"search_term_string"}}],"inLanguage":"es"},{"@type":"Organization","@id":"https:\/\/www.sonoraenequipo.com.mx\/#organization","name":"Sonoraenequipo.com.mx","url":"https:\/\/www.sonoraenequipo.com.mx\/","logo":{"@type":"ImageObject","inLanguage":"es","@id":"https:\/\/www.sonoraenequipo.com.mx\/#\/schema\/logo\/image\/","url":"https:\/\/www.sonoraenequipo.com.mx\/storage\/2019\/01\/sonoraenequipo_opt.png","contentUrl":"https:\/\/www.sonoraenequipo.com.mx\/storage\/2019\/01\/sonoraenequipo_opt.png","width":375,"height":125,"caption":"Sonoraenequipo.com.mx"},"image":{"@id":"https:\/\/www.sonoraenequipo.com.mx\/#\/schema\/logo\/image\/"},"sameAs":["https:\/\/www.facebook.com\/SonoraEE\/","https:\/\/x.com\/sonoraenequipo","https:\/\/www.youtube.com\/channel\/UC338nW-lPEYmJQs4ZABQ1SQ"]},{"@type":"Person","@id":"https:\/\/www.sonoraenequipo.com.mx\/#\/schema\/person\/50102df0fb23a8fa9e8effad8fa81386","name":"enequipo","image":{"@type":"ImageObject","inLanguage":"es","@id":"https:\/\/www.sonoraenequipo.com.mx\/#\/schema\/person\/image\/","url":"https:\/\/secure.gravatar.com\/avatar\/049821681b589dabc0bc20695993ccebb09f5b5d4d790cd9251b97faac7c652b?s=96&d=blank&r=g","contentUrl":"https:\/\/secure.gravatar.com\/avatar\/049821681b589dabc0bc20695993ccebb09f5b5d4d790cd9251b97faac7c652b?s=96&d=blank&r=g","caption":"enequipo"},"sameAs":["https:\/\/www.facebook.com\/SonoraEE"]}]}},"jetpack_featured_media_url":"https:\/\/www.sonoraenequipo.com.mx\/storage\/2024\/08\/2024-08-30-Presidente-AMLO-Reunion-IMSS-Bienestar-Palacio-Nacional-min.jpg","_links":{"self":[{"href":"https:\/\/www.sonoraenequipo.com.mx\/api\/wp\/v2\/posts\/198203","targetHints":{"allow":["GET"]}}],"collection":[{"href":"https:\/\/www.sonoraenequipo.com.mx\/api\/wp\/v2\/posts"}],"about":[{"href":"https:\/\/www.sonoraenequipo.com.mx\/api\/wp\/v2\/types\/post"}],"author":[{"embeddable":true,"href":"https:\/\/www.sonoraenequipo.com.mx\/api\/wp\/v2\/users\/1"}],"replies":[{"embeddable":true,"href":"https:\/\/www.sonoraenequipo.com.mx\/api\/wp\/v2\/comments?post=198203"}],"version-history":[{"count":2,"href":"https:\/\/www.sonoraenequipo.com.mx\/api\/wp\/v2\/posts\/198203\/revisions"}],"predecessor-version":[{"id":198207,"href":"https:\/\/www.sonoraenequipo.com.mx\/api\/wp\/v2\/posts\/198203\/revisions\/198207"}],"wp:featuredmedia":[{"embeddable":true,"href":"https:\/\/www.sonoraenequipo.com.mx\/api\/wp\/v2\/media\/198204"}],"wp:attachment":[{"href":"https:\/\/www.sonoraenequipo.com.mx\/api\/wp\/v2\/media?parent=198203"}],"wp:term":[{"taxonomy":"category","embeddable":true,"href":"https:\/\/www.sonoraenequipo.com.mx\/api\/wp\/v2\/categories?post=198203"},{"taxonomy":"post_tag","embeddable":true,"href":"https:\/\/www.sonoraenequipo.com.mx\/api\/wp\/v2\/tags?post=198203"}],"curies":[{"name":"wp","href":"https:\/\/api.w.org\/{rel}","templated":true}]}}