{"id":198654,"date":"2024-09-06T18:07:28","date_gmt":"2024-09-07T01:07:28","guid":{"rendered":"https:\/\/www.sonoraenequipo.com.mx\/?p=198654"},"modified":"2024-09-06T18:07:28","modified_gmt":"2024-09-07T01:07:28","slug":"entrego-tono-astiazaran-pavimentacion-de-la-avenida-sebastian-lerdo-de-tejada","status":"publish","type":"post","link":"https:\/\/www.sonoraenequipo.com.mx\/entrego-tono-astiazaran-pavimentacion-de-la-avenida-sebastian-lerdo-de-tejada\/","title":{"rendered":"Entreg\u00f3 To\u00f1o Astiazar\u00e1n pavimentaci\u00f3n de la avenida Sebasti\u00e1n Lerdo de Tejada"},"content":{"rendered":"<p>&nbsp;<\/p>\n<p><strong>HERMOSILLO, SONORA, MX.<\/strong> \u2014Familias de la colonia Lomas de Madrid recibieron por parte del Presidente Municipal Antonio Astiazar\u00e1n la pavimentaci\u00f3n de la avenida Sebasti\u00e1n Lerdo de Tejada con nueva tuber\u00eda y concreto hidr\u00e1ulico.<\/p>\n<p>&nbsp;<\/p>\n<p>Erika Alejandra, habitante de la colonia agradeci\u00f3 la infraestructura de calidad dise\u00f1ada para conducir mejor el agua en temporadas de lluvias que por a\u00f1os fue un problema para quienes la transitaban.<\/p>\n<p>&nbsp;<\/p>\n<p>\u201cHab\u00edamos esperado por tanto tiempo lo que hoy ven nuestros ojos el concreto hidr\u00e1ulico de la calle, por fin dejaremos atr\u00e1s los tiempos donde transitar por aqu\u00ed era un peligro por el p\u00e9simo estado de nuestra vialidad\u201d, agreg\u00f3.<\/p>\n<p>&nbsp;<\/p>\n<p>La intervenci\u00f3n de la Coordinaci\u00f3n de Infraestructura, Desarrollo Urbano y Ecolog\u00eda (CIDUE) cont\u00f3 con una inversi\u00f3n de 18.5 millones de pesos e incluye instalaci\u00f3n de nueva tuber\u00eda, banquetas y rampa de acceso a Centro de Salud, entre otros aspectos.<\/p>\n<p>&nbsp;<\/p>\n<p>El Presidente Municipal reiter\u00f3 el compromiso de continuar mejorando la infraestructura del municipio como esta vialidad donde se encuentra la Escuela Primaria Emiliano Zapata y el Centro de Salud.<\/p>\n<p>&nbsp;<\/p>\n<p>\u201cNo fue una, fueron varias ocasiones en las que me toc\u00f3 ver videos de c\u00f3mo cuando el agua circulaba eran pr\u00e1cticamente carros colapsados, obviamente intransitable la calle pero adem\u00e1s insegura\u201d, expres\u00f3.<\/p>\n<p>&nbsp;<\/p>\n<p>Asistieron Astart\u00e9 Corro Ruiz, titular de CIDUE; Daniel Garc\u00eda Escalante, director de Participaci\u00f3n Ciudadana y las regidoras Zulma Galaz y Guadalupe Herrera adem\u00e1s de Ema Gonz\u00e1lez, integrante del Comit\u00e9 CRECES.<\/p>\n<p>&nbsp;<\/p>\n<p>Detalles de obra<\/p>\n<p>&#8211; Inversi\u00f3n: 18.5 millones de pesos del Fondo de Aportaciones para la Infraestructura Social (FAIS)<\/p>\n<p>&#8211; M\u00e1s de 12 mil 700 personas beneficiadas en las colonias Lomas de Madrid y Jardines<\/p>\n<p>&#8211; Concreto hidr\u00e1ulico, tuber\u00eda\u00a0 de PVC hidr\u00e1ulico, tuber\u00eda de PVC sanitaria, instalaci\u00f3n de tomas domiciliarias, descargas sanitarias, construcci\u00f3n de banquetas, rampa de acceso, se\u00f1alamiento horizontal y vertical y colocaci\u00f3n de pozos de visita.<\/p>\n<p>Fuente: CIDUE.<\/p>\n<p><strong>Fecha de publicaci\u00f3n viernes 6 de septiembre de 2024<\/strong><\/p>\n<p>&nbsp;<\/p>\n","protected":false},"excerpt":{"rendered":"<p>&nbsp; HERMOSILLO, SONORA, MX. \u2014Familias de la colonia Lomas de Madrid recibieron por parte del&#8230;<\/p>\n","protected":false},"author":1,"featured_media":198665,"comment_status":"open","ping_status":"open","sticky":false,"template":"","format":"standard","meta":{"_monsterinsights_skip_tracking":false,"_monsterinsights_sitenote_active":false,"_monsterinsights_sitenote_note":"","_monsterinsights_sitenote_category":0,"footnotes":""},"categories":[4],"tags":[35,591],"class_list":["post"],"yoast_head":" \n<title>Sonora en Equipo. Entreg\u00f3 To\u00f1o Astiazar\u00e1n pavimentaci\u00f3n de la avenida Sebasti\u00e1n Lerdo de Tejada Municipios<\/title>\n<meta name=\"description\" content=\"&nbsp; HERMOSILLO, SONORA, MX. \u2014Familias de la colonia Lomas de Madrid recibieron por parte del Presidente Municipal Antonio Astiazar\u00e1n la pavimentaci\u00f3n En Sonora en Equipo publicamos toda la informaci\u00f3n de Sonora, M\u00e9xico y el Mundo de manera oportuna y busca que la libertad de expresi\u00f3n sea real. Visita nuestro medio informativo publicado desde Hermosillo, Sonora. %\" \/>\n<meta name=\"robots\" content=\"index, follow, max-snippet:-1, max-image-preview:large, max-video-preview:-1\" \/>\n<link rel=\"canonical\" href=\"https:\/\/www.sonoraenequipo.com.mx\/entrego-tono-astiazaran-pavimentacion-de-la-avenida-sebastian-lerdo-de-tejada\/\" \/>\n<meta property=\"og:locale\" content=\"es_ES\" \/>\n<meta property=\"og:type\" content=\"article\" \/>\n<meta property=\"og:title\" content=\"Sonora en Equipo. Entreg\u00f3 To\u00f1o Astiazar\u00e1n pavimentaci\u00f3n de la avenida Sebasti\u00e1n Lerdo de Tejada Municipios\" \/>\n<meta property=\"og:description\" content=\"&nbsp; HERMOSILLO, SONORA, MX. \u2014Familias de la colonia Lomas de Madrid recibieron por parte del Presidente Municipal Antonio Astiazar\u00e1n la pavimentaci\u00f3n En Sonora en Equipo publicamos toda la informaci\u00f3n de Sonora, M\u00e9xico y el Mundo de manera oportuna y busca que la libertad de expresi\u00f3n sea real. Visita nuestro medio informativo publicado desde Hermosillo, Sonora. %\" \/>\n<meta property=\"og:url\" content=\"https:\/\/www.sonoraenequipo.com.mx\/entrego-tono-astiazaran-pavimentacion-de-la-avenida-sebastian-lerdo-de-tejada\/\" \/>\n<meta property=\"og:site_name\" content=\"Sonora en Equipo.\" \/>\n<meta property=\"article:publisher\" content=\"https:\/\/www.facebook.com\/SonoraEE\/\" \/>\n<meta property=\"article:author\" content=\"https:\/\/www.facebook.com\/SonoraEE\" \/>\n<meta property=\"article:published_time\" content=\"2024-09-07T01:07:28+00:00\" \/>\n<meta property=\"og:image\" content=\"https:\/\/www.sonoraenequipo.com.mx\/storage\/2024\/09\/tono-calle-lerdo-de-tejada.jpg\" \/>\n\t<meta property=\"og:image:width\" content=\"800\" \/>\n\t<meta property=\"og:image:height\" content=\"533\" \/>\n\t<meta property=\"og:image:type\" content=\"image\/jpeg\" \/>\n<meta name=\"author\" content=\"enequipo\" \/>\n<meta name=\"twitter:card\" content=\"summary_large_image\" \/>\n<meta name=\"twitter:creator\" content=\"@sonoraenequipo\" \/>\n<meta name=\"twitter:site\" content=\"@sonoraenequipo\" \/>\n<meta name=\"twitter:label1\" content=\"Escrito por\" \/>\n\t<meta name=\"twitter:data1\" content=\"enequipo\" \/>\n\t<meta name=\"twitter:label2\" content=\"Tiempo de lectura\" \/>\n\t<meta name=\"twitter:data2\" content=\"2 minutos\" \/>\n<script type=\"application\/ld+json\" class=\"yoast-schema-graph\">{\"@context\":\"https:\/\/schema.org\",\"@graph\":[{\"@type\":\"Article\",\"@id\":\"https:\/\/www.sonoraenequipo.com.mx\/entrego-tono-astiazaran-pavimentacion-de-la-avenida-sebastian-lerdo-de-tejada\/#article\",\"isPartOf\":{\"@id\":\"https:\/\/www.sonoraenequipo.com.mx\/entrego-tono-astiazaran-pavimentacion-de-la-avenida-sebastian-lerdo-de-tejada\/\"},\"author\":{\"name\":\"enequipo\",\"@id\":\"https:\/\/www.sonoraenequipo.com.mx\/#\/schema\/person\/50102df0fb23a8fa9e8effad8fa81386\"},\"headline\":\"Entreg\u00f3 To\u00f1o Astiazar\u00e1n pavimentaci\u00f3n de la avenida Sebasti\u00e1n Lerdo de Tejada\",\"datePublished\":\"2024-09-07T01:07:28+00:00\",\"mainEntityOfPage\":{\"@id\":\"https:\/\/www.sonoraenequipo.com.mx\/entrego-tono-astiazaran-pavimentacion-de-la-avenida-sebastian-lerdo-de-tejada\/\"},\"wordCount\":362,\"commentCount\":0,\"publisher\":{\"@id\":\"https:\/\/www.sonoraenequipo.com.mx\/#organization\"},\"image\":{\"@id\":\"https:\/\/www.sonoraenequipo.com.mx\/entrego-tono-astiazaran-pavimentacion-de-la-avenida-sebastian-lerdo-de-tejada\/#primaryimage\"},\"thumbnailUrl\":\"https:\/\/www.sonoraenequipo.com.mx\/storage\/2024\/09\/tono-calle-lerdo-de-tejada.jpg\",\"keywords\":[\"hermosillo\",\"pavimentaci\u00f3n\"],\"articleSection\":[\"Municipios\"],\"inLanguage\":\"es\",\"potentialAction\":[{\"@type\":\"CommentAction\",\"name\":\"Comment\",\"target\":[\"https:\/\/www.sonoraenequipo.com.mx\/entrego-tono-astiazaran-pavimentacion-de-la-avenida-sebastian-lerdo-de-tejada\/#respond\"]}]},{\"@type\":\"WebPage\",\"@id\":\"https:\/\/www.sonoraenequipo.com.mx\/entrego-tono-astiazaran-pavimentacion-de-la-avenida-sebastian-lerdo-de-tejada\/\",\"url\":\"https:\/\/www.sonoraenequipo.com.mx\/entrego-tono-astiazaran-pavimentacion-de-la-avenida-sebastian-lerdo-de-tejada\/\",\"name\":\"Sonora en Equipo. Entreg\u00f3 To\u00f1o Astiazar\u00e1n pavimentaci\u00f3n de la avenida Sebasti\u00e1n Lerdo de Tejada Municipios\",\"isPartOf\":{\"@id\":\"https:\/\/www.sonoraenequipo.com.mx\/#website\"},\"primaryImageOfPage\":{\"@id\":\"https:\/\/www.sonoraenequipo.com.mx\/entrego-tono-astiazaran-pavimentacion-de-la-avenida-sebastian-lerdo-de-tejada\/#primaryimage\"},\"image\":{\"@id\":\"https:\/\/www.sonoraenequipo.com.mx\/entrego-tono-astiazaran-pavimentacion-de-la-avenida-sebastian-lerdo-de-tejada\/#primaryimage\"},\"thumbnailUrl\":\"https:\/\/www.sonoraenequipo.com.mx\/storage\/2024\/09\/tono-calle-lerdo-de-tejada.jpg\",\"datePublished\":\"2024-09-07T01:07:28+00:00\",\"description\":\"&nbsp; HERMOSILLO, SONORA, MX. \u2014Familias de la colonia Lomas de Madrid recibieron por parte del Presidente Municipal Antonio Astiazar\u00e1n la pavimentaci\u00f3n En Sonora en Equipo publicamos toda la informaci\u00f3n de Sonora, M\u00e9xico y el Mundo de manera oportuna y busca que la libertad de expresi\u00f3n sea real. Visita nuestro medio informativo publicado desde Hermosillo, Sonora. %\",\"breadcrumb\":{\"@id\":\"https:\/\/www.sonoraenequipo.com.mx\/entrego-tono-astiazaran-pavimentacion-de-la-avenida-sebastian-lerdo-de-tejada\/#breadcrumb\"},\"inLanguage\":\"es\",\"potentialAction\":[{\"@type\":\"ReadAction\",\"target\":[\"https:\/\/www.sonoraenequipo.com.mx\/entrego-tono-astiazaran-pavimentacion-de-la-avenida-sebastian-lerdo-de-tejada\/\"]}]},{\"@type\":\"ImageObject\",\"inLanguage\":\"es\",\"@id\":\"https:\/\/www.sonoraenequipo.com.mx\/entrego-tono-astiazaran-pavimentacion-de-la-avenida-sebastian-lerdo-de-tejada\/#primaryimage\",\"url\":\"https:\/\/www.sonoraenequipo.com.mx\/storage\/2024\/09\/tono-calle-lerdo-de-tejada.jpg\",\"contentUrl\":\"https:\/\/www.sonoraenequipo.com.mx\/storage\/2024\/09\/tono-calle-lerdo-de-tejada.jpg\",\"width\":800,\"height\":533},{\"@type\":\"BreadcrumbList\",\"@id\":\"https:\/\/www.sonoraenequipo.com.mx\/entrego-tono-astiazaran-pavimentacion-de-la-avenida-sebastian-lerdo-de-tejada\/#breadcrumb\",\"itemListElement\":[{\"@type\":\"ListItem\",\"position\":1,\"name\":\"Portada\",\"item\":\"https:\/\/www.sonoraenequipo.com.mx\/\"},{\"@type\":\"ListItem\",\"position\":2,\"name\":\"Entreg\u00f3 To\u00f1o Astiazar\u00e1n pavimentaci\u00f3n de la avenida Sebasti\u00e1n Lerdo de Tejada\"}]},{\"@type\":\"WebSite\",\"@id\":\"https:\/\/www.sonoraenequipo.com.mx\/#website\",\"url\":\"https:\/\/www.sonoraenequipo.com.mx\/\",\"name\":\"Sonora en Equipo.\",\"description\":\"Diario en l\u00ednea con Noticias desde Hermosillo, Sonora\",\"publisher\":{\"@id\":\"https:\/\/www.sonoraenequipo.com.mx\/#organization\"},\"potentialAction\":[{\"@type\":\"SearchAction\",\"target\":{\"@type\":\"EntryPoint\",\"urlTemplate\":\"https:\/\/www.sonoraenequipo.com.mx\/?s={search_term_string}\"},\"query-input\":{\"@type\":\"PropertyValueSpecification\",\"valueRequired\":true,\"valueName\":\"search_term_string\"}}],\"inLanguage\":\"es\"},{\"@type\":\"Organization\",\"@id\":\"https:\/\/www.sonoraenequipo.com.mx\/#organization\",\"name\":\"Sonoraenequipo.com.mx\",\"url\":\"https:\/\/www.sonoraenequipo.com.mx\/\",\"logo\":{\"@type\":\"ImageObject\",\"inLanguage\":\"es\",\"@id\":\"https:\/\/www.sonoraenequipo.com.mx\/#\/schema\/logo\/image\/\",\"url\":\"https:\/\/www.sonoraenequipo.com.mx\/storage\/2019\/01\/sonoraenequipo_opt.png\",\"contentUrl\":\"https:\/\/www.sonoraenequipo.com.mx\/storage\/2019\/01\/sonoraenequipo_opt.png\",\"width\":375,\"height\":125,\"caption\":\"Sonoraenequipo.com.mx\"},\"image\":{\"@id\":\"https:\/\/www.sonoraenequipo.com.mx\/#\/schema\/logo\/image\/\"},\"sameAs\":[\"https:\/\/www.facebook.com\/SonoraEE\/\",\"https:\/\/x.com\/sonoraenequipo\",\"https:\/\/www.youtube.com\/channel\/UC338nW-lPEYmJQs4ZABQ1SQ\"]},{\"@type\":\"Person\",\"@id\":\"https:\/\/www.sonoraenequipo.com.mx\/#\/schema\/person\/50102df0fb23a8fa9e8effad8fa81386\",\"name\":\"enequipo\",\"image\":{\"@type\":\"ImageObject\",\"inLanguage\":\"es\",\"@id\":\"https:\/\/www.sonoraenequipo.com.mx\/#\/schema\/person\/image\/\",\"url\":\"https:\/\/secure.gravatar.com\/avatar\/049821681b589dabc0bc20695993ccebb09f5b5d4d790cd9251b97faac7c652b?s=96&d=blank&r=g\",\"contentUrl\":\"https:\/\/secure.gravatar.com\/avatar\/049821681b589dabc0bc20695993ccebb09f5b5d4d790cd9251b97faac7c652b?s=96&d=blank&r=g\",\"caption\":\"enequipo\"},\"sameAs\":[\"https:\/\/www.facebook.com\/SonoraEE\"]}]}<\/script>\n ","yoast_head_json":{"title":"Sonora en Equipo. Entreg\u00f3 To\u00f1o Astiazar\u00e1n pavimentaci\u00f3n de la avenida Sebasti\u00e1n Lerdo de Tejada Municipios","description":"&nbsp; HERMOSILLO, SONORA, MX. \u2014Familias de la colonia Lomas de Madrid recibieron por parte del Presidente Municipal Antonio Astiazar\u00e1n la pavimentaci\u00f3n En Sonora en Equipo publicamos toda la informaci\u00f3n de Sonora, M\u00e9xico y el Mundo de manera oportuna y busca que la libertad de expresi\u00f3n sea real. Visita nuestro medio informativo publicado desde Hermosillo, Sonora. %","robots":{"index":"index","follow":"follow","max-snippet":"max-snippet:-1","max-image-preview":"max-image-preview:large","max-video-preview":"max-video-preview:-1"},"canonical":"https:\/\/www.sonoraenequipo.com.mx\/entrego-tono-astiazaran-pavimentacion-de-la-avenida-sebastian-lerdo-de-tejada\/","og_locale":"es_ES","og_type":"article","og_title":"Sonora en Equipo. Entreg\u00f3 To\u00f1o Astiazar\u00e1n pavimentaci\u00f3n de la avenida Sebasti\u00e1n Lerdo de Tejada Municipios","og_description":"&nbsp; HERMOSILLO, SONORA, MX. \u2014Familias de la colonia Lomas de Madrid recibieron por parte del Presidente Municipal Antonio Astiazar\u00e1n la pavimentaci\u00f3n En Sonora en Equipo publicamos toda la informaci\u00f3n de Sonora, M\u00e9xico y el Mundo de manera oportuna y busca que la libertad de expresi\u00f3n sea real. Visita nuestro medio informativo publicado desde Hermosillo, Sonora. %","og_url":"https:\/\/www.sonoraenequipo.com.mx\/entrego-tono-astiazaran-pavimentacion-de-la-avenida-sebastian-lerdo-de-tejada\/","og_site_name":"Sonora en Equipo.","article_publisher":"https:\/\/www.facebook.com\/SonoraEE\/","article_author":"https:\/\/www.facebook.com\/SonoraEE","article_published_time":"2024-09-07T01:07:28+00:00","og_image":[{"width":800,"height":533,"url":"https:\/\/www.sonoraenequipo.com.mx\/storage\/2024\/09\/tono-calle-lerdo-de-tejada.jpg","type":"image\/jpeg"}],"author":"enequipo","twitter_card":"summary_large_image","twitter_creator":"@sonoraenequipo","twitter_site":"@sonoraenequipo","twitter_misc":{"Escrito por":"enequipo","Tiempo de lectura":"2 minutos"},"schema":{"@context":"https:\/\/schema.org","@graph":[{"@type":"Article","@id":"https:\/\/www.sonoraenequipo.com.mx\/entrego-tono-astiazaran-pavimentacion-de-la-avenida-sebastian-lerdo-de-tejada\/#article","isPartOf":{"@id":"https:\/\/www.sonoraenequipo.com.mx\/entrego-tono-astiazaran-pavimentacion-de-la-avenida-sebastian-lerdo-de-tejada\/"},"author":{"name":"enequipo","@id":"https:\/\/www.sonoraenequipo.com.mx\/#\/schema\/person\/50102df0fb23a8fa9e8effad8fa81386"},"headline":"Entreg\u00f3 To\u00f1o Astiazar\u00e1n pavimentaci\u00f3n de la avenida Sebasti\u00e1n Lerdo de Tejada","datePublished":"2024-09-07T01:07:28+00:00","mainEntityOfPage":{"@id":"https:\/\/www.sonoraenequipo.com.mx\/entrego-tono-astiazaran-pavimentacion-de-la-avenida-sebastian-lerdo-de-tejada\/"},"wordCount":362,"commentCount":0,"publisher":{"@id":"https:\/\/www.sonoraenequipo.com.mx\/#organization"},"image":{"@id":"https:\/\/www.sonoraenequipo.com.mx\/entrego-tono-astiazaran-pavimentacion-de-la-avenida-sebastian-lerdo-de-tejada\/#primaryimage"},"thumbnailUrl":"https:\/\/www.sonoraenequipo.com.mx\/storage\/2024\/09\/tono-calle-lerdo-de-tejada.jpg","keywords":["hermosillo","pavimentaci\u00f3n"],"articleSection":["Municipios"],"inLanguage":"es","potentialAction":[{"@type":"CommentAction","name":"Comment","target":["https:\/\/www.sonoraenequipo.com.mx\/entrego-tono-astiazaran-pavimentacion-de-la-avenida-sebastian-lerdo-de-tejada\/#respond"]}]},{"@type":"WebPage","@id":"https:\/\/www.sonoraenequipo.com.mx\/entrego-tono-astiazaran-pavimentacion-de-la-avenida-sebastian-lerdo-de-tejada\/","url":"https:\/\/www.sonoraenequipo.com.mx\/entrego-tono-astiazaran-pavimentacion-de-la-avenida-sebastian-lerdo-de-tejada\/","name":"Sonora en Equipo. Entreg\u00f3 To\u00f1o Astiazar\u00e1n pavimentaci\u00f3n de la avenida Sebasti\u00e1n Lerdo de Tejada Municipios","isPartOf":{"@id":"https:\/\/www.sonoraenequipo.com.mx\/#website"},"primaryImageOfPage":{"@id":"https:\/\/www.sonoraenequipo.com.mx\/entrego-tono-astiazaran-pavimentacion-de-la-avenida-sebastian-lerdo-de-tejada\/#primaryimage"},"image":{"@id":"https:\/\/www.sonoraenequipo.com.mx\/entrego-tono-astiazaran-pavimentacion-de-la-avenida-sebastian-lerdo-de-tejada\/#primaryimage"},"thumbnailUrl":"https:\/\/www.sonoraenequipo.com.mx\/storage\/2024\/09\/tono-calle-lerdo-de-tejada.jpg","datePublished":"2024-09-07T01:07:28+00:00","description":"&nbsp; HERMOSILLO, SONORA, MX. \u2014Familias de la colonia Lomas de Madrid recibieron por parte del Presidente Municipal Antonio Astiazar\u00e1n la pavimentaci\u00f3n En Sonora en Equipo publicamos toda la informaci\u00f3n de Sonora, M\u00e9xico y el Mundo de manera oportuna y busca que la libertad de expresi\u00f3n sea real. Visita nuestro medio informativo publicado desde Hermosillo, Sonora. %","breadcrumb":{"@id":"https:\/\/www.sonoraenequipo.com.mx\/entrego-tono-astiazaran-pavimentacion-de-la-avenida-sebastian-lerdo-de-tejada\/#breadcrumb"},"inLanguage":"es","potentialAction":[{"@type":"ReadAction","target":["https:\/\/www.sonoraenequipo.com.mx\/entrego-tono-astiazaran-pavimentacion-de-la-avenida-sebastian-lerdo-de-tejada\/"]}]},{"@type":"ImageObject","inLanguage":"es","@id":"https:\/\/www.sonoraenequipo.com.mx\/entrego-tono-astiazaran-pavimentacion-de-la-avenida-sebastian-lerdo-de-tejada\/#primaryimage","url":"https:\/\/www.sonoraenequipo.com.mx\/storage\/2024\/09\/tono-calle-lerdo-de-tejada.jpg","contentUrl":"https:\/\/www.sonoraenequipo.com.mx\/storage\/2024\/09\/tono-calle-lerdo-de-tejada.jpg","width":800,"height":533},{"@type":"BreadcrumbList","@id":"https:\/\/www.sonoraenequipo.com.mx\/entrego-tono-astiazaran-pavimentacion-de-la-avenida-sebastian-lerdo-de-tejada\/#breadcrumb","itemListElement":[{"@type":"ListItem","position":1,"name":"Portada","item":"https:\/\/www.sonoraenequipo.com.mx\/"},{"@type":"ListItem","position":2,"name":"Entreg\u00f3 To\u00f1o Astiazar\u00e1n pavimentaci\u00f3n de la avenida Sebasti\u00e1n Lerdo de Tejada"}]},{"@type":"WebSite","@id":"https:\/\/www.sonoraenequipo.com.mx\/#website","url":"https:\/\/www.sonoraenequipo.com.mx\/","name":"Sonora en Equipo.","description":"Diario en l\u00ednea con Noticias desde Hermosillo, Sonora","publisher":{"@id":"https:\/\/www.sonoraenequipo.com.mx\/#organization"},"potentialAction":[{"@type":"SearchAction","target":{"@type":"EntryPoint","urlTemplate":"https:\/\/www.sonoraenequipo.com.mx\/?s={search_term_string}"},"query-input":{"@type":"PropertyValueSpecification","valueRequired":true,"valueName":"search_term_string"}}],"inLanguage":"es"},{"@type":"Organization","@id":"https:\/\/www.sonoraenequipo.com.mx\/#organization","name":"Sonoraenequipo.com.mx","url":"https:\/\/www.sonoraenequipo.com.mx\/","logo":{"@type":"ImageObject","inLanguage":"es","@id":"https:\/\/www.sonoraenequipo.com.mx\/#\/schema\/logo\/image\/","url":"https:\/\/www.sonoraenequipo.com.mx\/storage\/2019\/01\/sonoraenequipo_opt.png","contentUrl":"https:\/\/www.sonoraenequipo.com.mx\/storage\/2019\/01\/sonoraenequipo_opt.png","width":375,"height":125,"caption":"Sonoraenequipo.com.mx"},"image":{"@id":"https:\/\/www.sonoraenequipo.com.mx\/#\/schema\/logo\/image\/"},"sameAs":["https:\/\/www.facebook.com\/SonoraEE\/","https:\/\/x.com\/sonoraenequipo","https:\/\/www.youtube.com\/channel\/UC338nW-lPEYmJQs4ZABQ1SQ"]},{"@type":"Person","@id":"https:\/\/www.sonoraenequipo.com.mx\/#\/schema\/person\/50102df0fb23a8fa9e8effad8fa81386","name":"enequipo","image":{"@type":"ImageObject","inLanguage":"es","@id":"https:\/\/www.sonoraenequipo.com.mx\/#\/schema\/person\/image\/","url":"https:\/\/secure.gravatar.com\/avatar\/049821681b589dabc0bc20695993ccebb09f5b5d4d790cd9251b97faac7c652b?s=96&d=blank&r=g","contentUrl":"https:\/\/secure.gravatar.com\/avatar\/049821681b589dabc0bc20695993ccebb09f5b5d4d790cd9251b97faac7c652b?s=96&d=blank&r=g","caption":"enequipo"},"sameAs":["https:\/\/www.facebook.com\/SonoraEE"]}]}},"jetpack_featured_media_url":"https:\/\/www.sonoraenequipo.com.mx\/storage\/2024\/09\/tono-calle-lerdo-de-tejada.jpg","_links":{"self":[{"href":"https:\/\/www.sonoraenequipo.com.mx\/api\/wp\/v2\/posts\/198654","targetHints":{"allow":["GET"]}}],"collection":[{"href":"https:\/\/www.sonoraenequipo.com.mx\/api\/wp\/v2\/posts"}],"about":[{"href":"https:\/\/www.sonoraenequipo.com.mx\/api\/wp\/v2\/types\/post"}],"author":[{"embeddable":true,"href":"https:\/\/www.sonoraenequipo.com.mx\/api\/wp\/v2\/users\/1"}],"replies":[{"embeddable":true,"href":"https:\/\/www.sonoraenequipo.com.mx\/api\/wp\/v2\/comments?post=198654"}],"version-history":[{"count":1,"href":"https:\/\/www.sonoraenequipo.com.mx\/api\/wp\/v2\/posts\/198654\/revisions"}],"predecessor-version":[{"id":198666,"href":"https:\/\/www.sonoraenequipo.com.mx\/api\/wp\/v2\/posts\/198654\/revisions\/198666"}],"wp:featuredmedia":[{"embeddable":true,"href":"https:\/\/www.sonoraenequipo.com.mx\/api\/wp\/v2\/media\/198665"}],"wp:attachment":[{"href":"https:\/\/www.sonoraenequipo.com.mx\/api\/wp\/v2\/media?parent=198654"}],"wp:term":[{"taxonomy":"category","embeddable":true,"href":"https:\/\/www.sonoraenequipo.com.mx\/api\/wp\/v2\/categories?post=198654"},{"taxonomy":"post_tag","embeddable":true,"href":"https:\/\/www.sonoraenequipo.com.mx\/api\/wp\/v2\/tags?post=198654"}],"curies":[{"name":"wp","href":"https:\/\/api.w.org\/{rel}","templated":true}]}}