{"id":198683,"date":"2024-09-07T12:31:12","date_gmt":"2024-09-07T19:31:12","guid":{"rendered":"https:\/\/www.sonoraenequipo.com.mx\/?p=198683"},"modified":"2024-09-07T12:31:12","modified_gmt":"2024-09-07T19:31:12","slug":"detiene-operativo-coordinado-a-221-personas-en-acciones-de-seguridad-en-hermosillo","status":"publish","type":"post","link":"https:\/\/www.sonoraenequipo.com.mx\/detiene-operativo-coordinado-a-221-personas-en-acciones-de-seguridad-en-hermosillo\/","title":{"rendered":"Detiene operativo coordinado a 221 personas en acciones de seguridad en Hermosillo"},"content":{"rendered":"<p><strong>HERMOSILLO, SONORA, MX.<\/strong> \u2014En las acciones de seguridad que realiz\u00f3 durante una semana el Operativo Coordinado Interinstitucional en Hermosillo, gener\u00f3 la detenci\u00f3n de 221 personas, adem\u00e1s de materia prohibida que pon\u00eda en riesgo la seguridad ciudadana.<\/p>\n<p>&nbsp;<\/p>\n<p>&nbsp;<\/p>\n<p>&nbsp;<\/p>\n<p>Desde al d\u00eda 2 de agosto a la fecha, incautaron 17 armas de fuego, 32 armas blancas, alrededor de 100 veh\u00edculos asegurados por conducci\u00f3n de personas en estado de ebriedad y 20 motocicletas por infracci\u00f3n en la capital sonorense.<\/p>\n<p>&nbsp;<\/p>\n<p>&nbsp;<\/p>\n<p>&nbsp;<\/p>\n<p>En las acciones contra el delito y atenci\u00f3n de la denuncia ciudadana, lograron sacar de las calles lo equivalente a 393 dosis de sustancias similares al narc\u00f3tico.<\/p>\n<p>&nbsp;<\/p>\n<p>&nbsp;<\/p>\n<p>&nbsp;<\/p>\n<p>Los puntos de prevenci\u00f3n y vigilancia se han mantenido en diversos lugares de Hermosillo, a trav\u00e9s de la coordinaci\u00f3n entre oficiales de la Polic\u00eda Estatal de Seguridad P\u00fablica, Municipal, Secretar\u00eda de la Defensa Nacional, Guardia Nacional, Agencia Ministerial de Investigaci\u00f3n Criminal y la Fiscal\u00eda General de la Rep\u00fablica.<\/p>\n<p>&nbsp;<\/p>\n<p>&nbsp;<\/p>\n<p>&nbsp;<\/p>\n<p>Los detenidos se presumen inocentes mientras no se declare su responsabilidad mediante sentencia emitida por el \u00f3rgano jurisdiccional (Art. 13 del CNPP).<\/p>\n<p><strong>Fecha de publicaci\u00f3n s\u00e1bado 7 de septiembre de 2024<\/strong><\/p>\n","protected":false},"excerpt":{"rendered":"<p>HERMOSILLO, SONORA, MX. \u2014En las acciones de seguridad que realiz\u00f3 durante una semana el Operativo&#8230;<\/p>\n","protected":false},"author":1,"featured_media":175604,"comment_status":"open","ping_status":"open","sticky":false,"template":"","format":"standard","meta":{"_monsterinsights_skip_tracking":false,"_monsterinsights_sitenote_active":false,"_monsterinsights_sitenote_note":"","_monsterinsights_sitenote_category":0,"footnotes":""},"categories":[3144],"tags":[35,170],"class_list":["post"],"yoast_head":" \n<title>Sonora en Equipo. Detiene operativo coordinado a 221 personas en acciones de seguridad en Hermosillo Polic\u00edaca<\/title>\n<meta name=\"description\" content=\"HERMOSILLO, SONORA, MX. \u2014En las acciones de seguridad que realiz\u00f3 durante una semana el Operativo Coordinado Interinstitucional en Hermosillo, gener\u00f3 la En Sonora en Equipo publicamos toda la informaci\u00f3n de Sonora, M\u00e9xico y el Mundo de manera oportuna y busca que la libertad de expresi\u00f3n sea real. Visita nuestro medio informativo publicado desde Hermosillo, Sonora. %\" \/>\n<meta name=\"robots\" content=\"index, follow, max-snippet:-1, max-image-preview:large, max-video-preview:-1\" \/>\n<link rel=\"canonical\" href=\"https:\/\/www.sonoraenequipo.com.mx\/detiene-operativo-coordinado-a-221-personas-en-acciones-de-seguridad-en-hermosillo\/\" \/>\n<meta property=\"og:locale\" content=\"es_ES\" \/>\n<meta property=\"og:type\" content=\"article\" \/>\n<meta property=\"og:title\" content=\"Sonora en Equipo. Detiene operativo coordinado a 221 personas en acciones de seguridad en Hermosillo Polic\u00edaca\" \/>\n<meta property=\"og:description\" content=\"HERMOSILLO, SONORA, MX. \u2014En las acciones de seguridad que realiz\u00f3 durante una semana el Operativo Coordinado Interinstitucional en Hermosillo, gener\u00f3 la En Sonora en Equipo publicamos toda la informaci\u00f3n de Sonora, M\u00e9xico y el Mundo de manera oportuna y busca que la libertad de expresi\u00f3n sea real. Visita nuestro medio informativo publicado desde Hermosillo, Sonora. %\" \/>\n<meta property=\"og:url\" content=\"https:\/\/www.sonoraenequipo.com.mx\/detiene-operativo-coordinado-a-221-personas-en-acciones-de-seguridad-en-hermosillo\/\" \/>\n<meta property=\"og:site_name\" content=\"Sonora en Equipo.\" \/>\n<meta property=\"article:publisher\" content=\"https:\/\/www.facebook.com\/SonoraEE\/\" \/>\n<meta property=\"article:author\" content=\"https:\/\/www.facebook.com\/SonoraEE\" \/>\n<meta property=\"article:published_time\" content=\"2024-09-07T19:31:12+00:00\" \/>\n<meta property=\"og:image\" content=\"https:\/\/www.sonoraenequipo.com.mx\/storage\/2023\/09\/detenido-..-min.jpg\" \/>\n\t<meta property=\"og:image:width\" content=\"900\" \/>\n\t<meta property=\"og:image:height\" content=\"450\" \/>\n\t<meta property=\"og:image:type\" content=\"image\/jpeg\" \/>\n<meta name=\"author\" content=\"enequipo\" \/>\n<meta name=\"twitter:card\" content=\"summary_large_image\" \/>\n<meta name=\"twitter:creator\" content=\"@sonoraenequipo\" \/>\n<meta name=\"twitter:site\" content=\"@sonoraenequipo\" \/>\n<meta name=\"twitter:label1\" content=\"Escrito por\" \/>\n\t<meta name=\"twitter:data1\" content=\"enequipo\" \/>\n\t<meta name=\"twitter:label2\" content=\"Tiempo de lectura\" \/>\n\t<meta name=\"twitter:data2\" content=\"1 minuto\" \/>\n<script type=\"application\/ld+json\" class=\"yoast-schema-graph\">{\"@context\":\"https:\/\/schema.org\",\"@graph\":[{\"@type\":\"Article\",\"@id\":\"https:\/\/www.sonoraenequipo.com.mx\/detiene-operativo-coordinado-a-221-personas-en-acciones-de-seguridad-en-hermosillo\/#article\",\"isPartOf\":{\"@id\":\"https:\/\/www.sonoraenequipo.com.mx\/detiene-operativo-coordinado-a-221-personas-en-acciones-de-seguridad-en-hermosillo\/\"},\"author\":{\"name\":\"enequipo\",\"@id\":\"https:\/\/www.sonoraenequipo.com.mx\/#\/schema\/person\/50102df0fb23a8fa9e8effad8fa81386\"},\"headline\":\"Detiene operativo coordinado a 221 personas en acciones de seguridad en Hermosillo\",\"datePublished\":\"2024-09-07T19:31:12+00:00\",\"mainEntityOfPage\":{\"@id\":\"https:\/\/www.sonoraenequipo.com.mx\/detiene-operativo-coordinado-a-221-personas-en-acciones-de-seguridad-en-hermosillo\/\"},\"wordCount\":214,\"commentCount\":0,\"publisher\":{\"@id\":\"https:\/\/www.sonoraenequipo.com.mx\/#organization\"},\"image\":{\"@id\":\"https:\/\/www.sonoraenequipo.com.mx\/detiene-operativo-coordinado-a-221-personas-en-acciones-de-seguridad-en-hermosillo\/#primaryimage\"},\"thumbnailUrl\":\"https:\/\/www.sonoraenequipo.com.mx\/storage\/2023\/09\/detenido-..-min.jpg\",\"keywords\":[\"hermosillo\",\"Seguridad\"],\"articleSection\":[\"Polic\u00edaca\"],\"inLanguage\":\"es\",\"potentialAction\":[{\"@type\":\"CommentAction\",\"name\":\"Comment\",\"target\":[\"https:\/\/www.sonoraenequipo.com.mx\/detiene-operativo-coordinado-a-221-personas-en-acciones-de-seguridad-en-hermosillo\/#respond\"]}]},{\"@type\":\"WebPage\",\"@id\":\"https:\/\/www.sonoraenequipo.com.mx\/detiene-operativo-coordinado-a-221-personas-en-acciones-de-seguridad-en-hermosillo\/\",\"url\":\"https:\/\/www.sonoraenequipo.com.mx\/detiene-operativo-coordinado-a-221-personas-en-acciones-de-seguridad-en-hermosillo\/\",\"name\":\"Sonora en Equipo. Detiene operativo coordinado a 221 personas en acciones de seguridad en Hermosillo Polic\u00edaca\",\"isPartOf\":{\"@id\":\"https:\/\/www.sonoraenequipo.com.mx\/#website\"},\"primaryImageOfPage\":{\"@id\":\"https:\/\/www.sonoraenequipo.com.mx\/detiene-operativo-coordinado-a-221-personas-en-acciones-de-seguridad-en-hermosillo\/#primaryimage\"},\"image\":{\"@id\":\"https:\/\/www.sonoraenequipo.com.mx\/detiene-operativo-coordinado-a-221-personas-en-acciones-de-seguridad-en-hermosillo\/#primaryimage\"},\"thumbnailUrl\":\"https:\/\/www.sonoraenequipo.com.mx\/storage\/2023\/09\/detenido-..-min.jpg\",\"datePublished\":\"2024-09-07T19:31:12+00:00\",\"description\":\"HERMOSILLO, SONORA, MX. \u2014En las acciones de seguridad que realiz\u00f3 durante una semana el Operativo Coordinado Interinstitucional en Hermosillo, gener\u00f3 la En Sonora en Equipo publicamos toda la informaci\u00f3n de Sonora, M\u00e9xico y el Mundo de manera oportuna y busca que la libertad de expresi\u00f3n sea real. Visita nuestro medio informativo publicado desde Hermosillo, Sonora. %\",\"breadcrumb\":{\"@id\":\"https:\/\/www.sonoraenequipo.com.mx\/detiene-operativo-coordinado-a-221-personas-en-acciones-de-seguridad-en-hermosillo\/#breadcrumb\"},\"inLanguage\":\"es\",\"potentialAction\":[{\"@type\":\"ReadAction\",\"target\":[\"https:\/\/www.sonoraenequipo.com.mx\/detiene-operativo-coordinado-a-221-personas-en-acciones-de-seguridad-en-hermosillo\/\"]}]},{\"@type\":\"ImageObject\",\"inLanguage\":\"es\",\"@id\":\"https:\/\/www.sonoraenequipo.com.mx\/detiene-operativo-coordinado-a-221-personas-en-acciones-de-seguridad-en-hermosillo\/#primaryimage\",\"url\":\"https:\/\/www.sonoraenequipo.com.mx\/storage\/2023\/09\/detenido-..-min.jpg\",\"contentUrl\":\"https:\/\/www.sonoraenequipo.com.mx\/storage\/2023\/09\/detenido-..-min.jpg\",\"width\":900,\"height\":450},{\"@type\":\"BreadcrumbList\",\"@id\":\"https:\/\/www.sonoraenequipo.com.mx\/detiene-operativo-coordinado-a-221-personas-en-acciones-de-seguridad-en-hermosillo\/#breadcrumb\",\"itemListElement\":[{\"@type\":\"ListItem\",\"position\":1,\"name\":\"Portada\",\"item\":\"https:\/\/www.sonoraenequipo.com.mx\/\"},{\"@type\":\"ListItem\",\"position\":2,\"name\":\"Detiene operativo coordinado a 221 personas en acciones de seguridad en Hermosillo\"}]},{\"@type\":\"WebSite\",\"@id\":\"https:\/\/www.sonoraenequipo.com.mx\/#website\",\"url\":\"https:\/\/www.sonoraenequipo.com.mx\/\",\"name\":\"Sonora en Equipo.\",\"description\":\"Diario en l\u00ednea con Noticias desde Hermosillo, Sonora\",\"publisher\":{\"@id\":\"https:\/\/www.sonoraenequipo.com.mx\/#organization\"},\"potentialAction\":[{\"@type\":\"SearchAction\",\"target\":{\"@type\":\"EntryPoint\",\"urlTemplate\":\"https:\/\/www.sonoraenequipo.com.mx\/?s={search_term_string}\"},\"query-input\":{\"@type\":\"PropertyValueSpecification\",\"valueRequired\":true,\"valueName\":\"search_term_string\"}}],\"inLanguage\":\"es\"},{\"@type\":\"Organization\",\"@id\":\"https:\/\/www.sonoraenequipo.com.mx\/#organization\",\"name\":\"Sonoraenequipo.com.mx\",\"url\":\"https:\/\/www.sonoraenequipo.com.mx\/\",\"logo\":{\"@type\":\"ImageObject\",\"inLanguage\":\"es\",\"@id\":\"https:\/\/www.sonoraenequipo.com.mx\/#\/schema\/logo\/image\/\",\"url\":\"https:\/\/www.sonoraenequipo.com.mx\/storage\/2019\/01\/sonoraenequipo_opt.png\",\"contentUrl\":\"https:\/\/www.sonoraenequipo.com.mx\/storage\/2019\/01\/sonoraenequipo_opt.png\",\"width\":375,\"height\":125,\"caption\":\"Sonoraenequipo.com.mx\"},\"image\":{\"@id\":\"https:\/\/www.sonoraenequipo.com.mx\/#\/schema\/logo\/image\/\"},\"sameAs\":[\"https:\/\/www.facebook.com\/SonoraEE\/\",\"https:\/\/x.com\/sonoraenequipo\",\"https:\/\/www.youtube.com\/channel\/UC338nW-lPEYmJQs4ZABQ1SQ\"]},{\"@type\":\"Person\",\"@id\":\"https:\/\/www.sonoraenequipo.com.mx\/#\/schema\/person\/50102df0fb23a8fa9e8effad8fa81386\",\"name\":\"enequipo\",\"image\":{\"@type\":\"ImageObject\",\"inLanguage\":\"es\",\"@id\":\"https:\/\/www.sonoraenequipo.com.mx\/#\/schema\/person\/image\/\",\"url\":\"https:\/\/secure.gravatar.com\/avatar\/049821681b589dabc0bc20695993ccebb09f5b5d4d790cd9251b97faac7c652b?s=96&d=blank&r=g\",\"contentUrl\":\"https:\/\/secure.gravatar.com\/avatar\/049821681b589dabc0bc20695993ccebb09f5b5d4d790cd9251b97faac7c652b?s=96&d=blank&r=g\",\"caption\":\"enequipo\"},\"sameAs\":[\"https:\/\/www.facebook.com\/SonoraEE\"]}]}<\/script>\n ","yoast_head_json":{"title":"Sonora en Equipo. Detiene operativo coordinado a 221 personas en acciones de seguridad en Hermosillo Polic\u00edaca","description":"HERMOSILLO, SONORA, MX. \u2014En las acciones de seguridad que realiz\u00f3 durante una semana el Operativo Coordinado Interinstitucional en Hermosillo, gener\u00f3 la En Sonora en Equipo publicamos toda la informaci\u00f3n de Sonora, M\u00e9xico y el Mundo de manera oportuna y busca que la libertad de expresi\u00f3n sea real. Visita nuestro medio informativo publicado desde Hermosillo, Sonora. %","robots":{"index":"index","follow":"follow","max-snippet":"max-snippet:-1","max-image-preview":"max-image-preview:large","max-video-preview":"max-video-preview:-1"},"canonical":"https:\/\/www.sonoraenequipo.com.mx\/detiene-operativo-coordinado-a-221-personas-en-acciones-de-seguridad-en-hermosillo\/","og_locale":"es_ES","og_type":"article","og_title":"Sonora en Equipo. Detiene operativo coordinado a 221 personas en acciones de seguridad en Hermosillo Polic\u00edaca","og_description":"HERMOSILLO, SONORA, MX. \u2014En las acciones de seguridad que realiz\u00f3 durante una semana el Operativo Coordinado Interinstitucional en Hermosillo, gener\u00f3 la En Sonora en Equipo publicamos toda la informaci\u00f3n de Sonora, M\u00e9xico y el Mundo de manera oportuna y busca que la libertad de expresi\u00f3n sea real. Visita nuestro medio informativo publicado desde Hermosillo, Sonora. %","og_url":"https:\/\/www.sonoraenequipo.com.mx\/detiene-operativo-coordinado-a-221-personas-en-acciones-de-seguridad-en-hermosillo\/","og_site_name":"Sonora en Equipo.","article_publisher":"https:\/\/www.facebook.com\/SonoraEE\/","article_author":"https:\/\/www.facebook.com\/SonoraEE","article_published_time":"2024-09-07T19:31:12+00:00","og_image":[{"width":900,"height":450,"url":"https:\/\/www.sonoraenequipo.com.mx\/storage\/2023\/09\/detenido-..-min.jpg","type":"image\/jpeg"}],"author":"enequipo","twitter_card":"summary_large_image","twitter_creator":"@sonoraenequipo","twitter_site":"@sonoraenequipo","twitter_misc":{"Escrito por":"enequipo","Tiempo de lectura":"1 minuto"},"schema":{"@context":"https:\/\/schema.org","@graph":[{"@type":"Article","@id":"https:\/\/www.sonoraenequipo.com.mx\/detiene-operativo-coordinado-a-221-personas-en-acciones-de-seguridad-en-hermosillo\/#article","isPartOf":{"@id":"https:\/\/www.sonoraenequipo.com.mx\/detiene-operativo-coordinado-a-221-personas-en-acciones-de-seguridad-en-hermosillo\/"},"author":{"name":"enequipo","@id":"https:\/\/www.sonoraenequipo.com.mx\/#\/schema\/person\/50102df0fb23a8fa9e8effad8fa81386"},"headline":"Detiene operativo coordinado a 221 personas en acciones de seguridad en Hermosillo","datePublished":"2024-09-07T19:31:12+00:00","mainEntityOfPage":{"@id":"https:\/\/www.sonoraenequipo.com.mx\/detiene-operativo-coordinado-a-221-personas-en-acciones-de-seguridad-en-hermosillo\/"},"wordCount":214,"commentCount":0,"publisher":{"@id":"https:\/\/www.sonoraenequipo.com.mx\/#organization"},"image":{"@id":"https:\/\/www.sonoraenequipo.com.mx\/detiene-operativo-coordinado-a-221-personas-en-acciones-de-seguridad-en-hermosillo\/#primaryimage"},"thumbnailUrl":"https:\/\/www.sonoraenequipo.com.mx\/storage\/2023\/09\/detenido-..-min.jpg","keywords":["hermosillo","Seguridad"],"articleSection":["Polic\u00edaca"],"inLanguage":"es","potentialAction":[{"@type":"CommentAction","name":"Comment","target":["https:\/\/www.sonoraenequipo.com.mx\/detiene-operativo-coordinado-a-221-personas-en-acciones-de-seguridad-en-hermosillo\/#respond"]}]},{"@type":"WebPage","@id":"https:\/\/www.sonoraenequipo.com.mx\/detiene-operativo-coordinado-a-221-personas-en-acciones-de-seguridad-en-hermosillo\/","url":"https:\/\/www.sonoraenequipo.com.mx\/detiene-operativo-coordinado-a-221-personas-en-acciones-de-seguridad-en-hermosillo\/","name":"Sonora en Equipo. Detiene operativo coordinado a 221 personas en acciones de seguridad en Hermosillo Polic\u00edaca","isPartOf":{"@id":"https:\/\/www.sonoraenequipo.com.mx\/#website"},"primaryImageOfPage":{"@id":"https:\/\/www.sonoraenequipo.com.mx\/detiene-operativo-coordinado-a-221-personas-en-acciones-de-seguridad-en-hermosillo\/#primaryimage"},"image":{"@id":"https:\/\/www.sonoraenequipo.com.mx\/detiene-operativo-coordinado-a-221-personas-en-acciones-de-seguridad-en-hermosillo\/#primaryimage"},"thumbnailUrl":"https:\/\/www.sonoraenequipo.com.mx\/storage\/2023\/09\/detenido-..-min.jpg","datePublished":"2024-09-07T19:31:12+00:00","description":"HERMOSILLO, SONORA, MX. \u2014En las acciones de seguridad que realiz\u00f3 durante una semana el Operativo Coordinado Interinstitucional en Hermosillo, gener\u00f3 la En Sonora en Equipo publicamos toda la informaci\u00f3n de Sonora, M\u00e9xico y el Mundo de manera oportuna y busca que la libertad de expresi\u00f3n sea real. Visita nuestro medio informativo publicado desde Hermosillo, Sonora. %","breadcrumb":{"@id":"https:\/\/www.sonoraenequipo.com.mx\/detiene-operativo-coordinado-a-221-personas-en-acciones-de-seguridad-en-hermosillo\/#breadcrumb"},"inLanguage":"es","potentialAction":[{"@type":"ReadAction","target":["https:\/\/www.sonoraenequipo.com.mx\/detiene-operativo-coordinado-a-221-personas-en-acciones-de-seguridad-en-hermosillo\/"]}]},{"@type":"ImageObject","inLanguage":"es","@id":"https:\/\/www.sonoraenequipo.com.mx\/detiene-operativo-coordinado-a-221-personas-en-acciones-de-seguridad-en-hermosillo\/#primaryimage","url":"https:\/\/www.sonoraenequipo.com.mx\/storage\/2023\/09\/detenido-..-min.jpg","contentUrl":"https:\/\/www.sonoraenequipo.com.mx\/storage\/2023\/09\/detenido-..-min.jpg","width":900,"height":450},{"@type":"BreadcrumbList","@id":"https:\/\/www.sonoraenequipo.com.mx\/detiene-operativo-coordinado-a-221-personas-en-acciones-de-seguridad-en-hermosillo\/#breadcrumb","itemListElement":[{"@type":"ListItem","position":1,"name":"Portada","item":"https:\/\/www.sonoraenequipo.com.mx\/"},{"@type":"ListItem","position":2,"name":"Detiene operativo coordinado a 221 personas en acciones de seguridad en Hermosillo"}]},{"@type":"WebSite","@id":"https:\/\/www.sonoraenequipo.com.mx\/#website","url":"https:\/\/www.sonoraenequipo.com.mx\/","name":"Sonora en Equipo.","description":"Diario en l\u00ednea con Noticias desde Hermosillo, Sonora","publisher":{"@id":"https:\/\/www.sonoraenequipo.com.mx\/#organization"},"potentialAction":[{"@type":"SearchAction","target":{"@type":"EntryPoint","urlTemplate":"https:\/\/www.sonoraenequipo.com.mx\/?s={search_term_string}"},"query-input":{"@type":"PropertyValueSpecification","valueRequired":true,"valueName":"search_term_string"}}],"inLanguage":"es"},{"@type":"Organization","@id":"https:\/\/www.sonoraenequipo.com.mx\/#organization","name":"Sonoraenequipo.com.mx","url":"https:\/\/www.sonoraenequipo.com.mx\/","logo":{"@type":"ImageObject","inLanguage":"es","@id":"https:\/\/www.sonoraenequipo.com.mx\/#\/schema\/logo\/image\/","url":"https:\/\/www.sonoraenequipo.com.mx\/storage\/2019\/01\/sonoraenequipo_opt.png","contentUrl":"https:\/\/www.sonoraenequipo.com.mx\/storage\/2019\/01\/sonoraenequipo_opt.png","width":375,"height":125,"caption":"Sonoraenequipo.com.mx"},"image":{"@id":"https:\/\/www.sonoraenequipo.com.mx\/#\/schema\/logo\/image\/"},"sameAs":["https:\/\/www.facebook.com\/SonoraEE\/","https:\/\/x.com\/sonoraenequipo","https:\/\/www.youtube.com\/channel\/UC338nW-lPEYmJQs4ZABQ1SQ"]},{"@type":"Person","@id":"https:\/\/www.sonoraenequipo.com.mx\/#\/schema\/person\/50102df0fb23a8fa9e8effad8fa81386","name":"enequipo","image":{"@type":"ImageObject","inLanguage":"es","@id":"https:\/\/www.sonoraenequipo.com.mx\/#\/schema\/person\/image\/","url":"https:\/\/secure.gravatar.com\/avatar\/049821681b589dabc0bc20695993ccebb09f5b5d4d790cd9251b97faac7c652b?s=96&d=blank&r=g","contentUrl":"https:\/\/secure.gravatar.com\/avatar\/049821681b589dabc0bc20695993ccebb09f5b5d4d790cd9251b97faac7c652b?s=96&d=blank&r=g","caption":"enequipo"},"sameAs":["https:\/\/www.facebook.com\/SonoraEE"]}]}},"jetpack_featured_media_url":"https:\/\/www.sonoraenequipo.com.mx\/storage\/2023\/09\/detenido-..-min.jpg","_links":{"self":[{"href":"https:\/\/www.sonoraenequipo.com.mx\/api\/wp\/v2\/posts\/198683","targetHints":{"allow":["GET"]}}],"collection":[{"href":"https:\/\/www.sonoraenequipo.com.mx\/api\/wp\/v2\/posts"}],"about":[{"href":"https:\/\/www.sonoraenequipo.com.mx\/api\/wp\/v2\/types\/post"}],"author":[{"embeddable":true,"href":"https:\/\/www.sonoraenequipo.com.mx\/api\/wp\/v2\/users\/1"}],"replies":[{"embeddable":true,"href":"https:\/\/www.sonoraenequipo.com.mx\/api\/wp\/v2\/comments?post=198683"}],"version-history":[{"count":1,"href":"https:\/\/www.sonoraenequipo.com.mx\/api\/wp\/v2\/posts\/198683\/revisions"}],"predecessor-version":[{"id":198684,"href":"https:\/\/www.sonoraenequipo.com.mx\/api\/wp\/v2\/posts\/198683\/revisions\/198684"}],"wp:featuredmedia":[{"embeddable":true,"href":"https:\/\/www.sonoraenequipo.com.mx\/api\/wp\/v2\/media\/175604"}],"wp:attachment":[{"href":"https:\/\/www.sonoraenequipo.com.mx\/api\/wp\/v2\/media?parent=198683"}],"wp:term":[{"taxonomy":"category","embeddable":true,"href":"https:\/\/www.sonoraenequipo.com.mx\/api\/wp\/v2\/categories?post=198683"},{"taxonomy":"post_tag","embeddable":true,"href":"https:\/\/www.sonoraenequipo.com.mx\/api\/wp\/v2\/tags?post=198683"}],"curies":[{"name":"wp","href":"https:\/\/api.w.org\/{rel}","templated":true}]}}