{"id":198685,"date":"2024-09-07T13:22:40","date_gmt":"2024-09-07T20:22:40","guid":{"rendered":"https:\/\/www.sonoraenequipo.com.mx\/?p=198685"},"modified":"2024-09-07T13:22:40","modified_gmt":"2024-09-07T20:22:40","slug":"inicia-tono-astiazaran-tercera-etapa-de-pavimentacion-en-la-avenida-sostenes-rocha","status":"publish","type":"post","link":"https:\/\/www.sonoraenequipo.com.mx\/inicia-tono-astiazaran-tercera-etapa-de-pavimentacion-en-la-avenida-sostenes-rocha\/","title":{"rendered":"Inicia To\u00f1o Astiazar\u00e1n tercera etapa de pavimentaci\u00f3n en la avenida S\u00f3stenes Rocha"},"content":{"rendered":"<p><strong>HERMOSILLO, SONORA, MX.<\/strong> \u2014 \u201cVamos poco a poco en una obra en la que se est\u00e1 cambiando la tuber\u00eda y rehabilitando las banquetas\u201d, subray\u00f3 Antonio \u201cTo\u00f1o\u201d Astiazar\u00e1n al iniciar la tercera etapa de pavimentaci\u00f3n de la avenida S\u00f3stenes Rocha.<\/p>\n<p>&nbsp;<\/p>\n<p>El Presidente Municipal constat\u00f3 los trabajos de esta obra dividida en tres etapas que beneficiar\u00e1 a m\u00e1s de 5 mil 800 habitantes de la colonia Dunas y mejorar\u00e1 el tr\u00e1nsito en esta vialidad constantemente utilizada.<\/p>\n<p>&nbsp;<\/p>\n<p>La obra realizada por la Coordinaci\u00f3n de Infraestructura, Desarrollo Urbano y Ecolog\u00eda (CIDUE) incluye nueva tuber\u00eda sanitaria y de agua potable, banquetas incluyentes dise\u00f1adas para personas d\u00e9biles visuales y concreto entre otros aspectos.<\/p>\n<p>&nbsp;<\/p>\n<p>\u201cA Dunas le ha ido bien pero les ir\u00e1 todav\u00eda mejor, vamos a seguir trabajando con ustedes en los proyectos que son importantes, en obra p\u00fablica, seguridad y agua que ser\u00e1n para m\u00ed en los pr\u00f3ximos tres a\u00f1os\u201d, agreg\u00f3.<\/p>\n<p>&nbsp;<\/p>\n<p>Sergio Arturo Vega, residente de la colonia Dunas agradeci\u00f3 la atenci\u00f3n del Gobierno Municipal en esta pavimentaci\u00f3n que inicia desde el bulevar Antonio Quiroga hasta la calle Cabo San Antonio.<\/p>\n<p>&nbsp;<\/p>\n<p>\u201cGracias por voltearnos a ver, por ver las necesidades que tenemos en Dunas. Qu\u00e9 le puedo decir a los vecinos que diariamente transitan por aqu\u00ed y que cada vez que llueve la calle se hace pedazos. Nuestros carros se lo van a agradecer y nuestro bolsillo\u201d, explic\u00f3.<\/p>\n<p>&nbsp;<\/p>\n<p>La rehabilitaci\u00f3n de la avenida S\u00f3stenes Rocha cuenta con una inversi\u00f3n total de 11.4 millones de pesos procedentes del Registro P\u00fablico Vehicular (REPUVE).<\/p>\n<p>&nbsp;<\/p>\n<p>Asistieron Guadalupe Herrera, regidora; Astart\u00e9 Corro Ruiz, titular de CIDUE; Daniel Garc\u00eda Escalante, director de Participaci\u00f3n Ciudadana y familias de la colonia Dunas.<\/p>\n<p>Detalles de obra<\/p>\n<p>&nbsp;<\/p>\n<p>Etapa 1:<\/p>\n<p>&#8211;\u00a0\u00a0\u00a0\u00a0\u00a0\u00a0\u00a0 Inicia en bulevar Quiroga<\/p>\n<p>&#8211;\u00a0\u00a0\u00a0\u00a0\u00a0\u00a0\u00a0 60 metros de longitud<\/p>\n<p>&#8211;\u00a0\u00a0\u00a0\u00a0\u00a0\u00a0\u00a0 2.3 mdp de inversi\u00f3n<\/p>\n<p>&#8211;\u00a0\u00a0\u00a0\u00a0\u00a0\u00a0\u00a0 Etapa concluida<\/p>\n<p>&nbsp;<\/p>\n<p>Etapa 2:<\/p>\n<p>&#8211;\u00a0\u00a0\u00a0\u00a0\u00a0\u00a0\u00a0 Inicia en S\u00f3stenes Rocha<\/p>\n<p>&#8211;\u00a0\u00a0\u00a0\u00a0\u00a0\u00a0\u00a0 32 mts<\/p>\n<p>&#8211;\u00a0\u00a0\u00a0\u00a0\u00a0\u00a0\u00a0 1.4 mdp de inversi\u00f3n<\/p>\n<p>&#8211;\u00a0\u00a0\u00a0\u00a0\u00a0\u00a0\u00a0 35% de avance f\u00edsico<\/p>\n<p>&nbsp;<\/p>\n<p>Etapa 3:<\/p>\n<p>&#8211;\u00a0\u00a0\u00a0\u00a0\u00a0\u00a0\u00a0 Llega hasta la calle Cabo San Antonio<\/p>\n<p>&#8211;\u00a0\u00a0\u00a0\u00a0\u00a0\u00a0\u00a0 162 mts<\/p>\n<p>&#8211;\u00a0\u00a0\u00a0\u00a0\u00a0\u00a0\u00a0 7.5 mdp de inversi\u00f3n<\/p>\n<p><strong>Fecha de publicaci\u00f3n s\u00e1bado 7 de septiembre de 2024<\/strong><\/p>\n<p>&nbsp;<\/p>\n","protected":false},"excerpt":{"rendered":"<p>HERMOSILLO, SONORA, MX. \u2014 \u201cVamos poco a poco en una obra en la que se&#8230;<\/p>\n","protected":false},"author":1,"featured_media":198686,"comment_status":"open","ping_status":"open","sticky":false,"template":"","format":"standard","meta":{"_monsterinsights_skip_tracking":false,"_monsterinsights_sitenote_active":false,"_monsterinsights_sitenote_note":"","_monsterinsights_sitenote_category":0,"footnotes":""},"categories":[4],"tags":[35,591],"class_list":["post"],"yoast_head":" \n<title>Sonora en Equipo. Inicia To\u00f1o Astiazar\u00e1n tercera etapa de pavimentaci\u00f3n en la avenida S\u00f3stenes Rocha Municipios<\/title>\n<meta name=\"description\" content=\"HERMOSILLO, SONORA, MX. \u2014 \u201cVamos poco a poco en una obra en la que se est\u00e1 cambiando la tuber\u00eda y rehabilitando las banquetas\u201d, subray\u00f3 Antonio \u201cTo\u00f1o\u201d En Sonora en Equipo publicamos toda la informaci\u00f3n de Sonora, M\u00e9xico y el Mundo de manera oportuna y busca que la libertad de expresi\u00f3n sea real. Visita nuestro medio informativo publicado desde Hermosillo, Sonora. %\" \/>\n<meta name=\"robots\" content=\"index, follow, max-snippet:-1, max-image-preview:large, max-video-preview:-1\" \/>\n<link rel=\"canonical\" href=\"https:\/\/www.sonoraenequipo.com.mx\/inicia-tono-astiazaran-tercera-etapa-de-pavimentacion-en-la-avenida-sostenes-rocha\/\" \/>\n<meta property=\"og:locale\" content=\"es_ES\" \/>\n<meta property=\"og:type\" content=\"article\" \/>\n<meta property=\"og:title\" content=\"Sonora en Equipo. Inicia To\u00f1o Astiazar\u00e1n tercera etapa de pavimentaci\u00f3n en la avenida S\u00f3stenes Rocha Municipios\" \/>\n<meta property=\"og:description\" content=\"HERMOSILLO, SONORA, MX. \u2014 \u201cVamos poco a poco en una obra en la que se est\u00e1 cambiando la tuber\u00eda y rehabilitando las banquetas\u201d, subray\u00f3 Antonio \u201cTo\u00f1o\u201d En Sonora en Equipo publicamos toda la informaci\u00f3n de Sonora, M\u00e9xico y el Mundo de manera oportuna y busca que la libertad de expresi\u00f3n sea real. Visita nuestro medio informativo publicado desde Hermosillo, Sonora. %\" \/>\n<meta property=\"og:url\" content=\"https:\/\/www.sonoraenequipo.com.mx\/inicia-tono-astiazaran-tercera-etapa-de-pavimentacion-en-la-avenida-sostenes-rocha\/\" \/>\n<meta property=\"og:site_name\" content=\"Sonora en Equipo.\" \/>\n<meta property=\"article:publisher\" content=\"https:\/\/www.facebook.com\/SonoraEE\/\" \/>\n<meta property=\"article:author\" content=\"https:\/\/www.facebook.com\/SonoraEE\" \/>\n<meta property=\"article:published_time\" content=\"2024-09-07T20:22:40+00:00\" \/>\n<meta property=\"og:image\" content=\"https:\/\/www.sonoraenequipo.com.mx\/storage\/2024\/09\/tono-pavimentacion.jpg\" \/>\n\t<meta property=\"og:image:width\" content=\"800\" \/>\n\t<meta property=\"og:image:height\" content=\"533\" \/>\n\t<meta property=\"og:image:type\" content=\"image\/jpeg\" \/>\n<meta name=\"author\" content=\"enequipo\" \/>\n<meta name=\"twitter:card\" content=\"summary_large_image\" \/>\n<meta name=\"twitter:creator\" content=\"@sonoraenequipo\" \/>\n<meta name=\"twitter:site\" content=\"@sonoraenequipo\" \/>\n<meta name=\"twitter:label1\" content=\"Escrito por\" \/>\n\t<meta name=\"twitter:data1\" content=\"enequipo\" \/>\n\t<meta name=\"twitter:label2\" content=\"Tiempo de lectura\" \/>\n\t<meta name=\"twitter:data2\" content=\"2 minutos\" \/>\n<script type=\"application\/ld+json\" class=\"yoast-schema-graph\">{\"@context\":\"https:\/\/schema.org\",\"@graph\":[{\"@type\":\"Article\",\"@id\":\"https:\/\/www.sonoraenequipo.com.mx\/inicia-tono-astiazaran-tercera-etapa-de-pavimentacion-en-la-avenida-sostenes-rocha\/#article\",\"isPartOf\":{\"@id\":\"https:\/\/www.sonoraenequipo.com.mx\/inicia-tono-astiazaran-tercera-etapa-de-pavimentacion-en-la-avenida-sostenes-rocha\/\"},\"author\":{\"name\":\"enequipo\",\"@id\":\"https:\/\/www.sonoraenequipo.com.mx\/#\/schema\/person\/50102df0fb23a8fa9e8effad8fa81386\"},\"headline\":\"Inicia To\u00f1o Astiazar\u00e1n tercera etapa de pavimentaci\u00f3n en la avenida S\u00f3stenes Rocha\",\"datePublished\":\"2024-09-07T20:22:40+00:00\",\"mainEntityOfPage\":{\"@id\":\"https:\/\/www.sonoraenequipo.com.mx\/inicia-tono-astiazaran-tercera-etapa-de-pavimentacion-en-la-avenida-sostenes-rocha\/\"},\"wordCount\":382,\"commentCount\":0,\"publisher\":{\"@id\":\"https:\/\/www.sonoraenequipo.com.mx\/#organization\"},\"image\":{\"@id\":\"https:\/\/www.sonoraenequipo.com.mx\/inicia-tono-astiazaran-tercera-etapa-de-pavimentacion-en-la-avenida-sostenes-rocha\/#primaryimage\"},\"thumbnailUrl\":\"https:\/\/www.sonoraenequipo.com.mx\/storage\/2024\/09\/tono-pavimentacion.jpg\",\"keywords\":[\"hermosillo\",\"pavimentaci\u00f3n\"],\"articleSection\":[\"Municipios\"],\"inLanguage\":\"es\",\"potentialAction\":[{\"@type\":\"CommentAction\",\"name\":\"Comment\",\"target\":[\"https:\/\/www.sonoraenequipo.com.mx\/inicia-tono-astiazaran-tercera-etapa-de-pavimentacion-en-la-avenida-sostenes-rocha\/#respond\"]}]},{\"@type\":\"WebPage\",\"@id\":\"https:\/\/www.sonoraenequipo.com.mx\/inicia-tono-astiazaran-tercera-etapa-de-pavimentacion-en-la-avenida-sostenes-rocha\/\",\"url\":\"https:\/\/www.sonoraenequipo.com.mx\/inicia-tono-astiazaran-tercera-etapa-de-pavimentacion-en-la-avenida-sostenes-rocha\/\",\"name\":\"Sonora en Equipo. Inicia To\u00f1o Astiazar\u00e1n tercera etapa de pavimentaci\u00f3n en la avenida S\u00f3stenes Rocha Municipios\",\"isPartOf\":{\"@id\":\"https:\/\/www.sonoraenequipo.com.mx\/#website\"},\"primaryImageOfPage\":{\"@id\":\"https:\/\/www.sonoraenequipo.com.mx\/inicia-tono-astiazaran-tercera-etapa-de-pavimentacion-en-la-avenida-sostenes-rocha\/#primaryimage\"},\"image\":{\"@id\":\"https:\/\/www.sonoraenequipo.com.mx\/inicia-tono-astiazaran-tercera-etapa-de-pavimentacion-en-la-avenida-sostenes-rocha\/#primaryimage\"},\"thumbnailUrl\":\"https:\/\/www.sonoraenequipo.com.mx\/storage\/2024\/09\/tono-pavimentacion.jpg\",\"datePublished\":\"2024-09-07T20:22:40+00:00\",\"description\":\"HERMOSILLO, SONORA, MX. \u2014 \u201cVamos poco a poco en una obra en la que se est\u00e1 cambiando la tuber\u00eda y rehabilitando las banquetas\u201d, subray\u00f3 Antonio \u201cTo\u00f1o\u201d En Sonora en Equipo publicamos toda la informaci\u00f3n de Sonora, M\u00e9xico y el Mundo de manera oportuna y busca que la libertad de expresi\u00f3n sea real. Visita nuestro medio informativo publicado desde Hermosillo, Sonora. %\",\"breadcrumb\":{\"@id\":\"https:\/\/www.sonoraenequipo.com.mx\/inicia-tono-astiazaran-tercera-etapa-de-pavimentacion-en-la-avenida-sostenes-rocha\/#breadcrumb\"},\"inLanguage\":\"es\",\"potentialAction\":[{\"@type\":\"ReadAction\",\"target\":[\"https:\/\/www.sonoraenequipo.com.mx\/inicia-tono-astiazaran-tercera-etapa-de-pavimentacion-en-la-avenida-sostenes-rocha\/\"]}]},{\"@type\":\"ImageObject\",\"inLanguage\":\"es\",\"@id\":\"https:\/\/www.sonoraenequipo.com.mx\/inicia-tono-astiazaran-tercera-etapa-de-pavimentacion-en-la-avenida-sostenes-rocha\/#primaryimage\",\"url\":\"https:\/\/www.sonoraenequipo.com.mx\/storage\/2024\/09\/tono-pavimentacion.jpg\",\"contentUrl\":\"https:\/\/www.sonoraenequipo.com.mx\/storage\/2024\/09\/tono-pavimentacion.jpg\",\"width\":800,\"height\":533},{\"@type\":\"BreadcrumbList\",\"@id\":\"https:\/\/www.sonoraenequipo.com.mx\/inicia-tono-astiazaran-tercera-etapa-de-pavimentacion-en-la-avenida-sostenes-rocha\/#breadcrumb\",\"itemListElement\":[{\"@type\":\"ListItem\",\"position\":1,\"name\":\"Portada\",\"item\":\"https:\/\/www.sonoraenequipo.com.mx\/\"},{\"@type\":\"ListItem\",\"position\":2,\"name\":\"Inicia To\u00f1o Astiazar\u00e1n tercera etapa de pavimentaci\u00f3n en la avenida S\u00f3stenes Rocha\"}]},{\"@type\":\"WebSite\",\"@id\":\"https:\/\/www.sonoraenequipo.com.mx\/#website\",\"url\":\"https:\/\/www.sonoraenequipo.com.mx\/\",\"name\":\"Sonora en Equipo.\",\"description\":\"Diario en l\u00ednea con Noticias desde Hermosillo, Sonora\",\"publisher\":{\"@id\":\"https:\/\/www.sonoraenequipo.com.mx\/#organization\"},\"potentialAction\":[{\"@type\":\"SearchAction\",\"target\":{\"@type\":\"EntryPoint\",\"urlTemplate\":\"https:\/\/www.sonoraenequipo.com.mx\/?s={search_term_string}\"},\"query-input\":{\"@type\":\"PropertyValueSpecification\",\"valueRequired\":true,\"valueName\":\"search_term_string\"}}],\"inLanguage\":\"es\"},{\"@type\":\"Organization\",\"@id\":\"https:\/\/www.sonoraenequipo.com.mx\/#organization\",\"name\":\"Sonoraenequipo.com.mx\",\"url\":\"https:\/\/www.sonoraenequipo.com.mx\/\",\"logo\":{\"@type\":\"ImageObject\",\"inLanguage\":\"es\",\"@id\":\"https:\/\/www.sonoraenequipo.com.mx\/#\/schema\/logo\/image\/\",\"url\":\"https:\/\/www.sonoraenequipo.com.mx\/storage\/2019\/01\/sonoraenequipo_opt.png\",\"contentUrl\":\"https:\/\/www.sonoraenequipo.com.mx\/storage\/2019\/01\/sonoraenequipo_opt.png\",\"width\":375,\"height\":125,\"caption\":\"Sonoraenequipo.com.mx\"},\"image\":{\"@id\":\"https:\/\/www.sonoraenequipo.com.mx\/#\/schema\/logo\/image\/\"},\"sameAs\":[\"https:\/\/www.facebook.com\/SonoraEE\/\",\"https:\/\/x.com\/sonoraenequipo\",\"https:\/\/www.youtube.com\/channel\/UC338nW-lPEYmJQs4ZABQ1SQ\"]},{\"@type\":\"Person\",\"@id\":\"https:\/\/www.sonoraenequipo.com.mx\/#\/schema\/person\/50102df0fb23a8fa9e8effad8fa81386\",\"name\":\"enequipo\",\"image\":{\"@type\":\"ImageObject\",\"inLanguage\":\"es\",\"@id\":\"https:\/\/www.sonoraenequipo.com.mx\/#\/schema\/person\/image\/\",\"url\":\"https:\/\/secure.gravatar.com\/avatar\/049821681b589dabc0bc20695993ccebb09f5b5d4d790cd9251b97faac7c652b?s=96&d=blank&r=g\",\"contentUrl\":\"https:\/\/secure.gravatar.com\/avatar\/049821681b589dabc0bc20695993ccebb09f5b5d4d790cd9251b97faac7c652b?s=96&d=blank&r=g\",\"caption\":\"enequipo\"},\"sameAs\":[\"https:\/\/www.facebook.com\/SonoraEE\"]}]}<\/script>\n ","yoast_head_json":{"title":"Sonora en Equipo. Inicia To\u00f1o Astiazar\u00e1n tercera etapa de pavimentaci\u00f3n en la avenida S\u00f3stenes Rocha Municipios","description":"HERMOSILLO, SONORA, MX. \u2014 \u201cVamos poco a poco en una obra en la que se est\u00e1 cambiando la tuber\u00eda y rehabilitando las banquetas\u201d, subray\u00f3 Antonio \u201cTo\u00f1o\u201d En Sonora en Equipo publicamos toda la informaci\u00f3n de Sonora, M\u00e9xico y el Mundo de manera oportuna y busca que la libertad de expresi\u00f3n sea real. Visita nuestro medio informativo publicado desde Hermosillo, Sonora. %","robots":{"index":"index","follow":"follow","max-snippet":"max-snippet:-1","max-image-preview":"max-image-preview:large","max-video-preview":"max-video-preview:-1"},"canonical":"https:\/\/www.sonoraenequipo.com.mx\/inicia-tono-astiazaran-tercera-etapa-de-pavimentacion-en-la-avenida-sostenes-rocha\/","og_locale":"es_ES","og_type":"article","og_title":"Sonora en Equipo. Inicia To\u00f1o Astiazar\u00e1n tercera etapa de pavimentaci\u00f3n en la avenida S\u00f3stenes Rocha Municipios","og_description":"HERMOSILLO, SONORA, MX. \u2014 \u201cVamos poco a poco en una obra en la que se est\u00e1 cambiando la tuber\u00eda y rehabilitando las banquetas\u201d, subray\u00f3 Antonio \u201cTo\u00f1o\u201d En Sonora en Equipo publicamos toda la informaci\u00f3n de Sonora, M\u00e9xico y el Mundo de manera oportuna y busca que la libertad de expresi\u00f3n sea real. Visita nuestro medio informativo publicado desde Hermosillo, Sonora. %","og_url":"https:\/\/www.sonoraenequipo.com.mx\/inicia-tono-astiazaran-tercera-etapa-de-pavimentacion-en-la-avenida-sostenes-rocha\/","og_site_name":"Sonora en Equipo.","article_publisher":"https:\/\/www.facebook.com\/SonoraEE\/","article_author":"https:\/\/www.facebook.com\/SonoraEE","article_published_time":"2024-09-07T20:22:40+00:00","og_image":[{"width":800,"height":533,"url":"https:\/\/www.sonoraenequipo.com.mx\/storage\/2024\/09\/tono-pavimentacion.jpg","type":"image\/jpeg"}],"author":"enequipo","twitter_card":"summary_large_image","twitter_creator":"@sonoraenequipo","twitter_site":"@sonoraenequipo","twitter_misc":{"Escrito por":"enequipo","Tiempo de lectura":"2 minutos"},"schema":{"@context":"https:\/\/schema.org","@graph":[{"@type":"Article","@id":"https:\/\/www.sonoraenequipo.com.mx\/inicia-tono-astiazaran-tercera-etapa-de-pavimentacion-en-la-avenida-sostenes-rocha\/#article","isPartOf":{"@id":"https:\/\/www.sonoraenequipo.com.mx\/inicia-tono-astiazaran-tercera-etapa-de-pavimentacion-en-la-avenida-sostenes-rocha\/"},"author":{"name":"enequipo","@id":"https:\/\/www.sonoraenequipo.com.mx\/#\/schema\/person\/50102df0fb23a8fa9e8effad8fa81386"},"headline":"Inicia To\u00f1o Astiazar\u00e1n tercera etapa de pavimentaci\u00f3n en la avenida S\u00f3stenes Rocha","datePublished":"2024-09-07T20:22:40+00:00","mainEntityOfPage":{"@id":"https:\/\/www.sonoraenequipo.com.mx\/inicia-tono-astiazaran-tercera-etapa-de-pavimentacion-en-la-avenida-sostenes-rocha\/"},"wordCount":382,"commentCount":0,"publisher":{"@id":"https:\/\/www.sonoraenequipo.com.mx\/#organization"},"image":{"@id":"https:\/\/www.sonoraenequipo.com.mx\/inicia-tono-astiazaran-tercera-etapa-de-pavimentacion-en-la-avenida-sostenes-rocha\/#primaryimage"},"thumbnailUrl":"https:\/\/www.sonoraenequipo.com.mx\/storage\/2024\/09\/tono-pavimentacion.jpg","keywords":["hermosillo","pavimentaci\u00f3n"],"articleSection":["Municipios"],"inLanguage":"es","potentialAction":[{"@type":"CommentAction","name":"Comment","target":["https:\/\/www.sonoraenequipo.com.mx\/inicia-tono-astiazaran-tercera-etapa-de-pavimentacion-en-la-avenida-sostenes-rocha\/#respond"]}]},{"@type":"WebPage","@id":"https:\/\/www.sonoraenequipo.com.mx\/inicia-tono-astiazaran-tercera-etapa-de-pavimentacion-en-la-avenida-sostenes-rocha\/","url":"https:\/\/www.sonoraenequipo.com.mx\/inicia-tono-astiazaran-tercera-etapa-de-pavimentacion-en-la-avenida-sostenes-rocha\/","name":"Sonora en Equipo. Inicia To\u00f1o Astiazar\u00e1n tercera etapa de pavimentaci\u00f3n en la avenida S\u00f3stenes Rocha Municipios","isPartOf":{"@id":"https:\/\/www.sonoraenequipo.com.mx\/#website"},"primaryImageOfPage":{"@id":"https:\/\/www.sonoraenequipo.com.mx\/inicia-tono-astiazaran-tercera-etapa-de-pavimentacion-en-la-avenida-sostenes-rocha\/#primaryimage"},"image":{"@id":"https:\/\/www.sonoraenequipo.com.mx\/inicia-tono-astiazaran-tercera-etapa-de-pavimentacion-en-la-avenida-sostenes-rocha\/#primaryimage"},"thumbnailUrl":"https:\/\/www.sonoraenequipo.com.mx\/storage\/2024\/09\/tono-pavimentacion.jpg","datePublished":"2024-09-07T20:22:40+00:00","description":"HERMOSILLO, SONORA, MX. \u2014 \u201cVamos poco a poco en una obra en la que se est\u00e1 cambiando la tuber\u00eda y rehabilitando las banquetas\u201d, subray\u00f3 Antonio \u201cTo\u00f1o\u201d En Sonora en Equipo publicamos toda la informaci\u00f3n de Sonora, M\u00e9xico y el Mundo de manera oportuna y busca que la libertad de expresi\u00f3n sea real. Visita nuestro medio informativo publicado desde Hermosillo, Sonora. %","breadcrumb":{"@id":"https:\/\/www.sonoraenequipo.com.mx\/inicia-tono-astiazaran-tercera-etapa-de-pavimentacion-en-la-avenida-sostenes-rocha\/#breadcrumb"},"inLanguage":"es","potentialAction":[{"@type":"ReadAction","target":["https:\/\/www.sonoraenequipo.com.mx\/inicia-tono-astiazaran-tercera-etapa-de-pavimentacion-en-la-avenida-sostenes-rocha\/"]}]},{"@type":"ImageObject","inLanguage":"es","@id":"https:\/\/www.sonoraenequipo.com.mx\/inicia-tono-astiazaran-tercera-etapa-de-pavimentacion-en-la-avenida-sostenes-rocha\/#primaryimage","url":"https:\/\/www.sonoraenequipo.com.mx\/storage\/2024\/09\/tono-pavimentacion.jpg","contentUrl":"https:\/\/www.sonoraenequipo.com.mx\/storage\/2024\/09\/tono-pavimentacion.jpg","width":800,"height":533},{"@type":"BreadcrumbList","@id":"https:\/\/www.sonoraenequipo.com.mx\/inicia-tono-astiazaran-tercera-etapa-de-pavimentacion-en-la-avenida-sostenes-rocha\/#breadcrumb","itemListElement":[{"@type":"ListItem","position":1,"name":"Portada","item":"https:\/\/www.sonoraenequipo.com.mx\/"},{"@type":"ListItem","position":2,"name":"Inicia To\u00f1o Astiazar\u00e1n tercera etapa de pavimentaci\u00f3n en la avenida S\u00f3stenes Rocha"}]},{"@type":"WebSite","@id":"https:\/\/www.sonoraenequipo.com.mx\/#website","url":"https:\/\/www.sonoraenequipo.com.mx\/","name":"Sonora en Equipo.","description":"Diario en l\u00ednea con Noticias desde Hermosillo, Sonora","publisher":{"@id":"https:\/\/www.sonoraenequipo.com.mx\/#organization"},"potentialAction":[{"@type":"SearchAction","target":{"@type":"EntryPoint","urlTemplate":"https:\/\/www.sonoraenequipo.com.mx\/?s={search_term_string}"},"query-input":{"@type":"PropertyValueSpecification","valueRequired":true,"valueName":"search_term_string"}}],"inLanguage":"es"},{"@type":"Organization","@id":"https:\/\/www.sonoraenequipo.com.mx\/#organization","name":"Sonoraenequipo.com.mx","url":"https:\/\/www.sonoraenequipo.com.mx\/","logo":{"@type":"ImageObject","inLanguage":"es","@id":"https:\/\/www.sonoraenequipo.com.mx\/#\/schema\/logo\/image\/","url":"https:\/\/www.sonoraenequipo.com.mx\/storage\/2019\/01\/sonoraenequipo_opt.png","contentUrl":"https:\/\/www.sonoraenequipo.com.mx\/storage\/2019\/01\/sonoraenequipo_opt.png","width":375,"height":125,"caption":"Sonoraenequipo.com.mx"},"image":{"@id":"https:\/\/www.sonoraenequipo.com.mx\/#\/schema\/logo\/image\/"},"sameAs":["https:\/\/www.facebook.com\/SonoraEE\/","https:\/\/x.com\/sonoraenequipo","https:\/\/www.youtube.com\/channel\/UC338nW-lPEYmJQs4ZABQ1SQ"]},{"@type":"Person","@id":"https:\/\/www.sonoraenequipo.com.mx\/#\/schema\/person\/50102df0fb23a8fa9e8effad8fa81386","name":"enequipo","image":{"@type":"ImageObject","inLanguage":"es","@id":"https:\/\/www.sonoraenequipo.com.mx\/#\/schema\/person\/image\/","url":"https:\/\/secure.gravatar.com\/avatar\/049821681b589dabc0bc20695993ccebb09f5b5d4d790cd9251b97faac7c652b?s=96&d=blank&r=g","contentUrl":"https:\/\/secure.gravatar.com\/avatar\/049821681b589dabc0bc20695993ccebb09f5b5d4d790cd9251b97faac7c652b?s=96&d=blank&r=g","caption":"enequipo"},"sameAs":["https:\/\/www.facebook.com\/SonoraEE"]}]}},"jetpack_featured_media_url":"https:\/\/www.sonoraenequipo.com.mx\/storage\/2024\/09\/tono-pavimentacion.jpg","_links":{"self":[{"href":"https:\/\/www.sonoraenequipo.com.mx\/api\/wp\/v2\/posts\/198685","targetHints":{"allow":["GET"]}}],"collection":[{"href":"https:\/\/www.sonoraenequipo.com.mx\/api\/wp\/v2\/posts"}],"about":[{"href":"https:\/\/www.sonoraenequipo.com.mx\/api\/wp\/v2\/types\/post"}],"author":[{"embeddable":true,"href":"https:\/\/www.sonoraenequipo.com.mx\/api\/wp\/v2\/users\/1"}],"replies":[{"embeddable":true,"href":"https:\/\/www.sonoraenequipo.com.mx\/api\/wp\/v2\/comments?post=198685"}],"version-history":[{"count":1,"href":"https:\/\/www.sonoraenequipo.com.mx\/api\/wp\/v2\/posts\/198685\/revisions"}],"predecessor-version":[{"id":198687,"href":"https:\/\/www.sonoraenequipo.com.mx\/api\/wp\/v2\/posts\/198685\/revisions\/198687"}],"wp:featuredmedia":[{"embeddable":true,"href":"https:\/\/www.sonoraenequipo.com.mx\/api\/wp\/v2\/media\/198686"}],"wp:attachment":[{"href":"https:\/\/www.sonoraenequipo.com.mx\/api\/wp\/v2\/media?parent=198685"}],"wp:term":[{"taxonomy":"category","embeddable":true,"href":"https:\/\/www.sonoraenequipo.com.mx\/api\/wp\/v2\/categories?post=198685"},{"taxonomy":"post_tag","embeddable":true,"href":"https:\/\/www.sonoraenequipo.com.mx\/api\/wp\/v2\/tags?post=198685"}],"curies":[{"name":"wp","href":"https:\/\/api.w.org\/{rel}","templated":true}]}}