{"id":198695,"date":"2024-09-07T15:20:30","date_gmt":"2024-09-07T22:20:30","guid":{"rendered":"https:\/\/www.sonoraenequipo.com.mx\/?p=198695"},"modified":"2024-09-07T15:20:30","modified_gmt":"2024-09-07T22:20:30","slug":"fuertes-vientos-dejan-sin-energia-electrica-a-varios-sectores-de-ciudad-obregon","status":"publish","type":"post","link":"https:\/\/www.sonoraenequipo.com.mx\/fuertes-vientos-dejan-sin-energia-electrica-a-varios-sectores-de-ciudad-obregon\/","title":{"rendered":"Fuertes vientos dejan sin\u00a0 energ\u00eda el\u00e9ctrica a varios sectores de Ciudad Obreg\u00f3n"},"content":{"rendered":"<p><strong>CAJEME, SONORA, MX.<\/strong><strong> \u0336 \u0336\u00a0 \u00a0<\/strong>Autoridades municipales informaron hace unos momentos (15:00 horas) que debido a fuertes vientos\u00a0 que se est\u00e1n presentando en el \u00e1rea suburbana de la ciudad se est\u00e1n presentando cortes de energ\u00eda el\u00e9ctrica lo que est\u00e1 ocasionando interrupciones en el servicio de agua inform\u00f3 Oomapasc. Por lo anterior se apagaron moment\u00e1neamente los pozos de algunos poblados y se ha suspendido el servicio de agua, mismo que se restablecer\u00e1 al regularizarse el fluido el\u00e9ctrico por parte de CFE.<\/p>\n<p>Agradecemos la comprensi\u00f3n de nuestros usuarios,dijo el organismo a trav\u00e9s de un mensaje v\u00eda whatsapp.<\/p>\n","protected":false},"excerpt":{"rendered":"<p>CAJEME, SONORA, MX. \u0336 \u0336\u00a0 \u00a0Autoridades municipales informaron hace unos momentos (15:00 horas) que debido&#8230;<\/p>\n","protected":false},"author":1,"featured_media":198105,"comment_status":"open","ping_status":"open","sticky":false,"template":"","format":"standard","meta":{"_monsterinsights_skip_tracking":false,"_monsterinsights_sitenote_active":false,"_monsterinsights_sitenote_note":"","_monsterinsights_sitenote_category":0,"footnotes":""},"categories":[4],"tags":[474,3373],"class_list":["post"],"yoast_head":" \n<title>Sonora en Equipo. Fuertes vientos dejan sin\u00a0 energ\u00eda el\u00e9ctrica a varios sectores de Ciudad Obreg\u00f3n Municipios<\/title>\n<meta name=\"description\" content=\"CAJEME, SONORA, MX. \u0336 \u0336\u00a0 \u00a0Autoridades municipales informaron hace unos momentos (15:00 horas) que debido a fuertes vientos\u00a0 que se est\u00e1n presentando en el En Sonora en Equipo publicamos toda la informaci\u00f3n de Sonora, M\u00e9xico y el Mundo de manera oportuna y busca que la libertad de expresi\u00f3n sea real. Visita nuestro medio informativo publicado desde Hermosillo, Sonora. %\" \/>\n<meta name=\"robots\" content=\"index, follow, max-snippet:-1, max-image-preview:large, max-video-preview:-1\" \/>\n<link rel=\"canonical\" href=\"https:\/\/www.sonoraenequipo.com.mx\/fuertes-vientos-dejan-sin-energia-electrica-a-varios-sectores-de-ciudad-obregon\/\" \/>\n<meta property=\"og:locale\" content=\"es_ES\" \/>\n<meta property=\"og:type\" content=\"article\" \/>\n<meta property=\"og:title\" content=\"Sonora en Equipo. Fuertes vientos dejan sin\u00a0 energ\u00eda el\u00e9ctrica a varios sectores de Ciudad Obreg\u00f3n Municipios\" \/>\n<meta property=\"og:description\" content=\"CAJEME, SONORA, MX. \u0336 \u0336\u00a0 \u00a0Autoridades municipales informaron hace unos momentos (15:00 horas) que debido a fuertes vientos\u00a0 que se est\u00e1n presentando en el En Sonora en Equipo publicamos toda la informaci\u00f3n de Sonora, M\u00e9xico y el Mundo de manera oportuna y busca que la libertad de expresi\u00f3n sea real. Visita nuestro medio informativo publicado desde Hermosillo, Sonora. %\" \/>\n<meta property=\"og:url\" content=\"https:\/\/www.sonoraenequipo.com.mx\/fuertes-vientos-dejan-sin-energia-electrica-a-varios-sectores-de-ciudad-obregon\/\" \/>\n<meta property=\"og:site_name\" content=\"Sonora en Equipo.\" \/>\n<meta property=\"article:publisher\" content=\"https:\/\/www.facebook.com\/SonoraEE\/\" \/>\n<meta property=\"article:author\" content=\"https:\/\/www.facebook.com\/SonoraEE\" \/>\n<meta property=\"article:published_time\" content=\"2024-09-07T22:20:30+00:00\" \/>\n<meta property=\"og:image\" content=\"https:\/\/www.sonoraenequipo.com.mx\/storage\/2024\/08\/CFE.jpg\" \/>\n\t<meta property=\"og:image:width\" content=\"800\" \/>\n\t<meta property=\"og:image:height\" content=\"600\" \/>\n\t<meta property=\"og:image:type\" content=\"image\/jpeg\" \/>\n<meta name=\"author\" content=\"enequipo\" \/>\n<meta name=\"twitter:card\" content=\"summary_large_image\" \/>\n<meta name=\"twitter:creator\" content=\"@sonoraenequipo\" \/>\n<meta name=\"twitter:site\" content=\"@sonoraenequipo\" \/>\n<meta name=\"twitter:label1\" content=\"Escrito por\" \/>\n\t<meta name=\"twitter:data1\" content=\"enequipo\" \/>\n\t<meta name=\"twitter:label2\" content=\"Tiempo de lectura\" \/>\n\t<meta name=\"twitter:data2\" content=\"1 minuto\" \/>\n<script type=\"application\/ld+json\" class=\"yoast-schema-graph\">{\"@context\":\"https:\/\/schema.org\",\"@graph\":[{\"@type\":\"Article\",\"@id\":\"https:\/\/www.sonoraenequipo.com.mx\/fuertes-vientos-dejan-sin-energia-electrica-a-varios-sectores-de-ciudad-obregon\/#article\",\"isPartOf\":{\"@id\":\"https:\/\/www.sonoraenequipo.com.mx\/fuertes-vientos-dejan-sin-energia-electrica-a-varios-sectores-de-ciudad-obregon\/\"},\"author\":{\"name\":\"enequipo\",\"@id\":\"https:\/\/www.sonoraenequipo.com.mx\/#\/schema\/person\/50102df0fb23a8fa9e8effad8fa81386\"},\"headline\":\"Fuertes vientos dejan sin\u00a0 energ\u00eda el\u00e9ctrica a varios sectores de Ciudad Obreg\u00f3n\",\"datePublished\":\"2024-09-07T22:20:30+00:00\",\"mainEntityOfPage\":{\"@id\":\"https:\/\/www.sonoraenequipo.com.mx\/fuertes-vientos-dejan-sin-energia-electrica-a-varios-sectores-de-ciudad-obregon\/\"},\"wordCount\":117,\"commentCount\":0,\"publisher\":{\"@id\":\"https:\/\/www.sonoraenequipo.com.mx\/#organization\"},\"image\":{\"@id\":\"https:\/\/www.sonoraenequipo.com.mx\/fuertes-vientos-dejan-sin-energia-electrica-a-varios-sectores-de-ciudad-obregon\/#primaryimage\"},\"thumbnailUrl\":\"https:\/\/www.sonoraenequipo.com.mx\/storage\/2024\/08\/CFE.jpg\",\"keywords\":[\"Obreg\u00f3n\",\"tormenta\"],\"articleSection\":[\"Municipios\"],\"inLanguage\":\"es\",\"potentialAction\":[{\"@type\":\"CommentAction\",\"name\":\"Comment\",\"target\":[\"https:\/\/www.sonoraenequipo.com.mx\/fuertes-vientos-dejan-sin-energia-electrica-a-varios-sectores-de-ciudad-obregon\/#respond\"]}]},{\"@type\":\"WebPage\",\"@id\":\"https:\/\/www.sonoraenequipo.com.mx\/fuertes-vientos-dejan-sin-energia-electrica-a-varios-sectores-de-ciudad-obregon\/\",\"url\":\"https:\/\/www.sonoraenequipo.com.mx\/fuertes-vientos-dejan-sin-energia-electrica-a-varios-sectores-de-ciudad-obregon\/\",\"name\":\"Sonora en Equipo. Fuertes vientos dejan sin\u00a0 energ\u00eda el\u00e9ctrica a varios sectores de Ciudad Obreg\u00f3n Municipios\",\"isPartOf\":{\"@id\":\"https:\/\/www.sonoraenequipo.com.mx\/#website\"},\"primaryImageOfPage\":{\"@id\":\"https:\/\/www.sonoraenequipo.com.mx\/fuertes-vientos-dejan-sin-energia-electrica-a-varios-sectores-de-ciudad-obregon\/#primaryimage\"},\"image\":{\"@id\":\"https:\/\/www.sonoraenequipo.com.mx\/fuertes-vientos-dejan-sin-energia-electrica-a-varios-sectores-de-ciudad-obregon\/#primaryimage\"},\"thumbnailUrl\":\"https:\/\/www.sonoraenequipo.com.mx\/storage\/2024\/08\/CFE.jpg\",\"datePublished\":\"2024-09-07T22:20:30+00:00\",\"description\":\"CAJEME, SONORA, MX. \u0336 \u0336\u00a0 \u00a0Autoridades municipales informaron hace unos momentos (15:00 horas) que debido a fuertes vientos\u00a0 que se est\u00e1n presentando en el En Sonora en Equipo publicamos toda la informaci\u00f3n de Sonora, M\u00e9xico y el Mundo de manera oportuna y busca que la libertad de expresi\u00f3n sea real. Visita nuestro medio informativo publicado desde Hermosillo, Sonora. %\",\"breadcrumb\":{\"@id\":\"https:\/\/www.sonoraenequipo.com.mx\/fuertes-vientos-dejan-sin-energia-electrica-a-varios-sectores-de-ciudad-obregon\/#breadcrumb\"},\"inLanguage\":\"es\",\"potentialAction\":[{\"@type\":\"ReadAction\",\"target\":[\"https:\/\/www.sonoraenequipo.com.mx\/fuertes-vientos-dejan-sin-energia-electrica-a-varios-sectores-de-ciudad-obregon\/\"]}]},{\"@type\":\"ImageObject\",\"inLanguage\":\"es\",\"@id\":\"https:\/\/www.sonoraenequipo.com.mx\/fuertes-vientos-dejan-sin-energia-electrica-a-varios-sectores-de-ciudad-obregon\/#primaryimage\",\"url\":\"https:\/\/www.sonoraenequipo.com.mx\/storage\/2024\/08\/CFE.jpg\",\"contentUrl\":\"https:\/\/www.sonoraenequipo.com.mx\/storage\/2024\/08\/CFE.jpg\",\"width\":800,\"height\":600,\"caption\":\"imagen de archivo\"},{\"@type\":\"BreadcrumbList\",\"@id\":\"https:\/\/www.sonoraenequipo.com.mx\/fuertes-vientos-dejan-sin-energia-electrica-a-varios-sectores-de-ciudad-obregon\/#breadcrumb\",\"itemListElement\":[{\"@type\":\"ListItem\",\"position\":1,\"name\":\"Portada\",\"item\":\"https:\/\/www.sonoraenequipo.com.mx\/\"},{\"@type\":\"ListItem\",\"position\":2,\"name\":\"Fuertes vientos dejan sin\u00a0 energ\u00eda el\u00e9ctrica a varios sectores de Ciudad Obreg\u00f3n\"}]},{\"@type\":\"WebSite\",\"@id\":\"https:\/\/www.sonoraenequipo.com.mx\/#website\",\"url\":\"https:\/\/www.sonoraenequipo.com.mx\/\",\"name\":\"Sonora en Equipo.\",\"description\":\"Diario en l\u00ednea con Noticias desde Hermosillo, Sonora\",\"publisher\":{\"@id\":\"https:\/\/www.sonoraenequipo.com.mx\/#organization\"},\"potentialAction\":[{\"@type\":\"SearchAction\",\"target\":{\"@type\":\"EntryPoint\",\"urlTemplate\":\"https:\/\/www.sonoraenequipo.com.mx\/?s={search_term_string}\"},\"query-input\":{\"@type\":\"PropertyValueSpecification\",\"valueRequired\":true,\"valueName\":\"search_term_string\"}}],\"inLanguage\":\"es\"},{\"@type\":\"Organization\",\"@id\":\"https:\/\/www.sonoraenequipo.com.mx\/#organization\",\"name\":\"Sonoraenequipo.com.mx\",\"url\":\"https:\/\/www.sonoraenequipo.com.mx\/\",\"logo\":{\"@type\":\"ImageObject\",\"inLanguage\":\"es\",\"@id\":\"https:\/\/www.sonoraenequipo.com.mx\/#\/schema\/logo\/image\/\",\"url\":\"https:\/\/www.sonoraenequipo.com.mx\/storage\/2019\/01\/sonoraenequipo_opt.png\",\"contentUrl\":\"https:\/\/www.sonoraenequipo.com.mx\/storage\/2019\/01\/sonoraenequipo_opt.png\",\"width\":375,\"height\":125,\"caption\":\"Sonoraenequipo.com.mx\"},\"image\":{\"@id\":\"https:\/\/www.sonoraenequipo.com.mx\/#\/schema\/logo\/image\/\"},\"sameAs\":[\"https:\/\/www.facebook.com\/SonoraEE\/\",\"https:\/\/x.com\/sonoraenequipo\",\"https:\/\/www.youtube.com\/channel\/UC338nW-lPEYmJQs4ZABQ1SQ\"]},{\"@type\":\"Person\",\"@id\":\"https:\/\/www.sonoraenequipo.com.mx\/#\/schema\/person\/50102df0fb23a8fa9e8effad8fa81386\",\"name\":\"enequipo\",\"image\":{\"@type\":\"ImageObject\",\"inLanguage\":\"es\",\"@id\":\"https:\/\/www.sonoraenequipo.com.mx\/#\/schema\/person\/image\/\",\"url\":\"https:\/\/secure.gravatar.com\/avatar\/049821681b589dabc0bc20695993ccebb09f5b5d4d790cd9251b97faac7c652b?s=96&d=blank&r=g\",\"contentUrl\":\"https:\/\/secure.gravatar.com\/avatar\/049821681b589dabc0bc20695993ccebb09f5b5d4d790cd9251b97faac7c652b?s=96&d=blank&r=g\",\"caption\":\"enequipo\"},\"sameAs\":[\"https:\/\/www.facebook.com\/SonoraEE\"]}]}<\/script>\n ","yoast_head_json":{"title":"Sonora en Equipo. Fuertes vientos dejan sin\u00a0 energ\u00eda el\u00e9ctrica a varios sectores de Ciudad Obreg\u00f3n Municipios","description":"CAJEME, SONORA, MX. \u0336 \u0336\u00a0 \u00a0Autoridades municipales informaron hace unos momentos (15:00 horas) que debido a fuertes vientos\u00a0 que se est\u00e1n presentando en el En Sonora en Equipo publicamos toda la informaci\u00f3n de Sonora, M\u00e9xico y el Mundo de manera oportuna y busca que la libertad de expresi\u00f3n sea real. Visita nuestro medio informativo publicado desde Hermosillo, Sonora. %","robots":{"index":"index","follow":"follow","max-snippet":"max-snippet:-1","max-image-preview":"max-image-preview:large","max-video-preview":"max-video-preview:-1"},"canonical":"https:\/\/www.sonoraenequipo.com.mx\/fuertes-vientos-dejan-sin-energia-electrica-a-varios-sectores-de-ciudad-obregon\/","og_locale":"es_ES","og_type":"article","og_title":"Sonora en Equipo. Fuertes vientos dejan sin\u00a0 energ\u00eda el\u00e9ctrica a varios sectores de Ciudad Obreg\u00f3n Municipios","og_description":"CAJEME, SONORA, MX. \u0336 \u0336\u00a0 \u00a0Autoridades municipales informaron hace unos momentos (15:00 horas) que debido a fuertes vientos\u00a0 que se est\u00e1n presentando en el En Sonora en Equipo publicamos toda la informaci\u00f3n de Sonora, M\u00e9xico y el Mundo de manera oportuna y busca que la libertad de expresi\u00f3n sea real. Visita nuestro medio informativo publicado desde Hermosillo, Sonora. %","og_url":"https:\/\/www.sonoraenequipo.com.mx\/fuertes-vientos-dejan-sin-energia-electrica-a-varios-sectores-de-ciudad-obregon\/","og_site_name":"Sonora en Equipo.","article_publisher":"https:\/\/www.facebook.com\/SonoraEE\/","article_author":"https:\/\/www.facebook.com\/SonoraEE","article_published_time":"2024-09-07T22:20:30+00:00","og_image":[{"width":800,"height":600,"url":"https:\/\/www.sonoraenequipo.com.mx\/storage\/2024\/08\/CFE.jpg","type":"image\/jpeg"}],"author":"enequipo","twitter_card":"summary_large_image","twitter_creator":"@sonoraenequipo","twitter_site":"@sonoraenequipo","twitter_misc":{"Escrito por":"enequipo","Tiempo de lectura":"1 minuto"},"schema":{"@context":"https:\/\/schema.org","@graph":[{"@type":"Article","@id":"https:\/\/www.sonoraenequipo.com.mx\/fuertes-vientos-dejan-sin-energia-electrica-a-varios-sectores-de-ciudad-obregon\/#article","isPartOf":{"@id":"https:\/\/www.sonoraenequipo.com.mx\/fuertes-vientos-dejan-sin-energia-electrica-a-varios-sectores-de-ciudad-obregon\/"},"author":{"name":"enequipo","@id":"https:\/\/www.sonoraenequipo.com.mx\/#\/schema\/person\/50102df0fb23a8fa9e8effad8fa81386"},"headline":"Fuertes vientos dejan sin\u00a0 energ\u00eda el\u00e9ctrica a varios sectores de Ciudad Obreg\u00f3n","datePublished":"2024-09-07T22:20:30+00:00","mainEntityOfPage":{"@id":"https:\/\/www.sonoraenequipo.com.mx\/fuertes-vientos-dejan-sin-energia-electrica-a-varios-sectores-de-ciudad-obregon\/"},"wordCount":117,"commentCount":0,"publisher":{"@id":"https:\/\/www.sonoraenequipo.com.mx\/#organization"},"image":{"@id":"https:\/\/www.sonoraenequipo.com.mx\/fuertes-vientos-dejan-sin-energia-electrica-a-varios-sectores-de-ciudad-obregon\/#primaryimage"},"thumbnailUrl":"https:\/\/www.sonoraenequipo.com.mx\/storage\/2024\/08\/CFE.jpg","keywords":["Obreg\u00f3n","tormenta"],"articleSection":["Municipios"],"inLanguage":"es","potentialAction":[{"@type":"CommentAction","name":"Comment","target":["https:\/\/www.sonoraenequipo.com.mx\/fuertes-vientos-dejan-sin-energia-electrica-a-varios-sectores-de-ciudad-obregon\/#respond"]}]},{"@type":"WebPage","@id":"https:\/\/www.sonoraenequipo.com.mx\/fuertes-vientos-dejan-sin-energia-electrica-a-varios-sectores-de-ciudad-obregon\/","url":"https:\/\/www.sonoraenequipo.com.mx\/fuertes-vientos-dejan-sin-energia-electrica-a-varios-sectores-de-ciudad-obregon\/","name":"Sonora en Equipo. Fuertes vientos dejan sin\u00a0 energ\u00eda el\u00e9ctrica a varios sectores de Ciudad Obreg\u00f3n Municipios","isPartOf":{"@id":"https:\/\/www.sonoraenequipo.com.mx\/#website"},"primaryImageOfPage":{"@id":"https:\/\/www.sonoraenequipo.com.mx\/fuertes-vientos-dejan-sin-energia-electrica-a-varios-sectores-de-ciudad-obregon\/#primaryimage"},"image":{"@id":"https:\/\/www.sonoraenequipo.com.mx\/fuertes-vientos-dejan-sin-energia-electrica-a-varios-sectores-de-ciudad-obregon\/#primaryimage"},"thumbnailUrl":"https:\/\/www.sonoraenequipo.com.mx\/storage\/2024\/08\/CFE.jpg","datePublished":"2024-09-07T22:20:30+00:00","description":"CAJEME, SONORA, MX. \u0336 \u0336\u00a0 \u00a0Autoridades municipales informaron hace unos momentos (15:00 horas) que debido a fuertes vientos\u00a0 que se est\u00e1n presentando en el En Sonora en Equipo publicamos toda la informaci\u00f3n de Sonora, M\u00e9xico y el Mundo de manera oportuna y busca que la libertad de expresi\u00f3n sea real. Visita nuestro medio informativo publicado desde Hermosillo, Sonora. %","breadcrumb":{"@id":"https:\/\/www.sonoraenequipo.com.mx\/fuertes-vientos-dejan-sin-energia-electrica-a-varios-sectores-de-ciudad-obregon\/#breadcrumb"},"inLanguage":"es","potentialAction":[{"@type":"ReadAction","target":["https:\/\/www.sonoraenequipo.com.mx\/fuertes-vientos-dejan-sin-energia-electrica-a-varios-sectores-de-ciudad-obregon\/"]}]},{"@type":"ImageObject","inLanguage":"es","@id":"https:\/\/www.sonoraenequipo.com.mx\/fuertes-vientos-dejan-sin-energia-electrica-a-varios-sectores-de-ciudad-obregon\/#primaryimage","url":"https:\/\/www.sonoraenequipo.com.mx\/storage\/2024\/08\/CFE.jpg","contentUrl":"https:\/\/www.sonoraenequipo.com.mx\/storage\/2024\/08\/CFE.jpg","width":800,"height":600,"caption":"imagen de archivo"},{"@type":"BreadcrumbList","@id":"https:\/\/www.sonoraenequipo.com.mx\/fuertes-vientos-dejan-sin-energia-electrica-a-varios-sectores-de-ciudad-obregon\/#breadcrumb","itemListElement":[{"@type":"ListItem","position":1,"name":"Portada","item":"https:\/\/www.sonoraenequipo.com.mx\/"},{"@type":"ListItem","position":2,"name":"Fuertes vientos dejan sin\u00a0 energ\u00eda el\u00e9ctrica a varios sectores de Ciudad Obreg\u00f3n"}]},{"@type":"WebSite","@id":"https:\/\/www.sonoraenequipo.com.mx\/#website","url":"https:\/\/www.sonoraenequipo.com.mx\/","name":"Sonora en Equipo.","description":"Diario en l\u00ednea con Noticias desde Hermosillo, Sonora","publisher":{"@id":"https:\/\/www.sonoraenequipo.com.mx\/#organization"},"potentialAction":[{"@type":"SearchAction","target":{"@type":"EntryPoint","urlTemplate":"https:\/\/www.sonoraenequipo.com.mx\/?s={search_term_string}"},"query-input":{"@type":"PropertyValueSpecification","valueRequired":true,"valueName":"search_term_string"}}],"inLanguage":"es"},{"@type":"Organization","@id":"https:\/\/www.sonoraenequipo.com.mx\/#organization","name":"Sonoraenequipo.com.mx","url":"https:\/\/www.sonoraenequipo.com.mx\/","logo":{"@type":"ImageObject","inLanguage":"es","@id":"https:\/\/www.sonoraenequipo.com.mx\/#\/schema\/logo\/image\/","url":"https:\/\/www.sonoraenequipo.com.mx\/storage\/2019\/01\/sonoraenequipo_opt.png","contentUrl":"https:\/\/www.sonoraenequipo.com.mx\/storage\/2019\/01\/sonoraenequipo_opt.png","width":375,"height":125,"caption":"Sonoraenequipo.com.mx"},"image":{"@id":"https:\/\/www.sonoraenequipo.com.mx\/#\/schema\/logo\/image\/"},"sameAs":["https:\/\/www.facebook.com\/SonoraEE\/","https:\/\/x.com\/sonoraenequipo","https:\/\/www.youtube.com\/channel\/UC338nW-lPEYmJQs4ZABQ1SQ"]},{"@type":"Person","@id":"https:\/\/www.sonoraenequipo.com.mx\/#\/schema\/person\/50102df0fb23a8fa9e8effad8fa81386","name":"enequipo","image":{"@type":"ImageObject","inLanguage":"es","@id":"https:\/\/www.sonoraenequipo.com.mx\/#\/schema\/person\/image\/","url":"https:\/\/secure.gravatar.com\/avatar\/049821681b589dabc0bc20695993ccebb09f5b5d4d790cd9251b97faac7c652b?s=96&d=blank&r=g","contentUrl":"https:\/\/secure.gravatar.com\/avatar\/049821681b589dabc0bc20695993ccebb09f5b5d4d790cd9251b97faac7c652b?s=96&d=blank&r=g","caption":"enequipo"},"sameAs":["https:\/\/www.facebook.com\/SonoraEE"]}]}},"jetpack_featured_media_url":"https:\/\/www.sonoraenequipo.com.mx\/storage\/2024\/08\/CFE.jpg","_links":{"self":[{"href":"https:\/\/www.sonoraenequipo.com.mx\/api\/wp\/v2\/posts\/198695","targetHints":{"allow":["GET"]}}],"collection":[{"href":"https:\/\/www.sonoraenequipo.com.mx\/api\/wp\/v2\/posts"}],"about":[{"href":"https:\/\/www.sonoraenequipo.com.mx\/api\/wp\/v2\/types\/post"}],"author":[{"embeddable":true,"href":"https:\/\/www.sonoraenequipo.com.mx\/api\/wp\/v2\/users\/1"}],"replies":[{"embeddable":true,"href":"https:\/\/www.sonoraenequipo.com.mx\/api\/wp\/v2\/comments?post=198695"}],"version-history":[{"count":1,"href":"https:\/\/www.sonoraenequipo.com.mx\/api\/wp\/v2\/posts\/198695\/revisions"}],"predecessor-version":[{"id":198696,"href":"https:\/\/www.sonoraenequipo.com.mx\/api\/wp\/v2\/posts\/198695\/revisions\/198696"}],"wp:featuredmedia":[{"embeddable":true,"href":"https:\/\/www.sonoraenequipo.com.mx\/api\/wp\/v2\/media\/198105"}],"wp:attachment":[{"href":"https:\/\/www.sonoraenequipo.com.mx\/api\/wp\/v2\/media?parent=198695"}],"wp:term":[{"taxonomy":"category","embeddable":true,"href":"https:\/\/www.sonoraenequipo.com.mx\/api\/wp\/v2\/categories?post=198695"},{"taxonomy":"post_tag","embeddable":true,"href":"https:\/\/www.sonoraenequipo.com.mx\/api\/wp\/v2\/tags?post=198695"}],"curies":[{"name":"wp","href":"https:\/\/api.w.org\/{rel}","templated":true}]}}