{"id":198708,"date":"2024-09-07T20:28:46","date_gmt":"2024-09-08T03:28:46","guid":{"rendered":"https:\/\/www.sonoraenequipo.com.mx\/?p=198708"},"modified":"2024-09-08T09:56:47","modified_gmt":"2024-09-08T16:56:47","slug":"alemania-no-descarta-bloquear-la-red-social-x-en-su-lucha-contra-el-terrorismo","status":"publish","type":"post","link":"https:\/\/www.sonoraenequipo.com.mx\/alemania-no-descarta-bloquear-la-red-social-x-en-su-lucha-contra-el-terrorismo\/","title":{"rendered":"Alemania no descarta bloquear la red social X en su lucha contra el terrorismo"},"content":{"rendered":"<p><strong>ALEMANIA.<\/strong> \u2014 En Alemania, el diputado del partido de Los Verdes en el Bundestag y presidente del Comit\u00e9 de Asuntos Europeos, Anton Hofreiter, destac\u00f3 que su pa\u00eds no descarta bloquear la red social X como parte de la lucha antiterrorista.<\/p>\n<p>&nbsp;<\/p>\n<p>&nbsp;<\/p>\n<p> <\/p>\n<p><strong>Red social X qued\u00f3 suspendida en Brasil por ratificaci\u00f3n del Supremo Tribunal Federal<\/strong><\/p>\n<p>&nbsp;<\/p>\n<p><strong>\u00a1Por incitar al odio y promover la violencia! Maduro ordena salida de red social X de Venezuela<\/strong><\/p>\n<p>&nbsp;<\/p>\n<p>Asimismo, el diputado alem\u00e1n indic\u00f3 que<strong><em> \u201cuno de los mayores problemas del extremismo es la radicalizaci\u00f3n online\u201c<\/em><\/strong>. Adem\u00e1s, enfatiz\u00f3 que se deber\u00e1 detener \u201cla difusi\u00f3n de contenidos antihumanos y anticonstitucionales en Internet\u201d.<\/p>\n<p>&nbsp;<\/p>\n<p>&nbsp;<\/p>\n<p>Por lo tanto, Anton Hofreiter, subray\u00f3 que las redes en l\u00ednea que se nieguen a hacer cumplir la ley deben rendir cuentas <em><strong>\u201cy ser bloqueadas si es necesario\u201d<\/strong><\/em>. Este se refiri\u00f3 a Elon Musk, pues, si la red social X incumple las normativas, deber\u00e1 ser severamente sancionada.<\/p>\n<p>&nbsp;<\/p>\n<p>&nbsp;<\/p>\n<p>El diputado del partido de Los Verdes emiti\u00f3 estas declaraciones en marco del aumento de la actividad terrorista en Alemania, que posiblemente podr\u00eda ser estimulada por contenidos maliciosos en las redes sociales, resalt\u00f3 Hofreiter.<\/p>\n<p>&nbsp;<\/p>\n<p>&nbsp;<\/p>\n<p>PUBLICADO EL 07 DE SEPTIEMBRE DE 2024 Con informaci\u00f3n de Venezuela News)<\/p>\n","protected":false},"excerpt":{"rendered":"<p>ALEMANIA. \u2014 En Alemania, el diputado del partido de Los Verdes en el Bundestag y&#8230;<\/p>\n","protected":false},"author":1,"featured_media":198709,"comment_status":"open","ping_status":"open","sticky":false,"template":"","format":"standard","meta":{"_monsterinsights_skip_tracking":false,"_monsterinsights_sitenote_active":false,"_monsterinsights_sitenote_note":"","_monsterinsights_sitenote_category":0,"footnotes":""},"categories":[3],"tags":[],"class_list":["post"],"yoast_head":" \n<title>Sonora en Equipo. Alemania no descarta bloquear la red social X en su lucha contra el terrorismo MUNDO<\/title>\n<meta name=\"description\" content=\"ALEMANIA. \u2014 En Alemania, el diputado del partido de Los Verdes en el Bundestag y presidente del Comit\u00e9 de Asuntos Europeos, Anton Hofreiter, destac\u00f3 que En Sonora en Equipo publicamos toda la informaci\u00f3n de Sonora, M\u00e9xico y el Mundo de manera oportuna y busca que la libertad de expresi\u00f3n sea real. Visita nuestro medio informativo publicado desde Hermosillo, Sonora. %\" \/>\n<meta name=\"robots\" content=\"index, follow, max-snippet:-1, max-image-preview:large, max-video-preview:-1\" \/>\n<link rel=\"canonical\" href=\"https:\/\/www.sonoraenequipo.com.mx\/alemania-no-descarta-bloquear-la-red-social-x-en-su-lucha-contra-el-terrorismo\/\" \/>\n<meta property=\"og:locale\" content=\"es_ES\" \/>\n<meta property=\"og:type\" content=\"article\" \/>\n<meta property=\"og:title\" content=\"Sonora en Equipo. Alemania no descarta bloquear la red social X en su lucha contra el terrorismo MUNDO\" \/>\n<meta property=\"og:description\" content=\"ALEMANIA. \u2014 En Alemania, el diputado del partido de Los Verdes en el Bundestag y presidente del Comit\u00e9 de Asuntos Europeos, Anton Hofreiter, destac\u00f3 que En Sonora en Equipo publicamos toda la informaci\u00f3n de Sonora, M\u00e9xico y el Mundo de manera oportuna y busca que la libertad de expresi\u00f3n sea real. Visita nuestro medio informativo publicado desde Hermosillo, Sonora. %\" \/>\n<meta property=\"og:url\" content=\"https:\/\/www.sonoraenequipo.com.mx\/alemania-no-descarta-bloquear-la-red-social-x-en-su-lucha-contra-el-terrorismo\/\" \/>\n<meta property=\"og:site_name\" content=\"Sonora en Equipo.\" \/>\n<meta property=\"article:publisher\" content=\"https:\/\/www.facebook.com\/SonoraEE\/\" \/>\n<meta property=\"article:author\" content=\"https:\/\/www.facebook.com\/SonoraEE\" \/>\n<meta property=\"article:published_time\" content=\"2024-09-08T03:28:46+00:00\" \/>\n<meta property=\"article:modified_time\" content=\"2024-09-08T16:56:47+00:00\" \/>\n<meta property=\"og:image\" content=\"https:\/\/www.sonoraenequipo.com.mx\/storage\/2024\/09\/alemania-y-X-min.jpg\" \/>\n\t<meta property=\"og:image:width\" content=\"900\" \/>\n\t<meta property=\"og:image:height\" content=\"502\" \/>\n\t<meta property=\"og:image:type\" content=\"image\/jpeg\" \/>\n<meta name=\"author\" content=\"enequipo\" \/>\n<meta name=\"twitter:card\" content=\"summary_large_image\" \/>\n<meta name=\"twitter:creator\" content=\"@sonoraenequipo\" \/>\n<meta name=\"twitter:site\" content=\"@sonoraenequipo\" \/>\n<meta name=\"twitter:label1\" content=\"Escrito por\" \/>\n\t<meta name=\"twitter:data1\" content=\"enequipo\" \/>\n\t<meta name=\"twitter:label2\" content=\"Tiempo de lectura\" \/>\n\t<meta name=\"twitter:data2\" content=\"1 minuto\" \/>\n<script type=\"application\/ld+json\" class=\"yoast-schema-graph\">{\"@context\":\"https:\/\/schema.org\",\"@graph\":[{\"@type\":\"Article\",\"@id\":\"https:\/\/www.sonoraenequipo.com.mx\/alemania-no-descarta-bloquear-la-red-social-x-en-su-lucha-contra-el-terrorismo\/#article\",\"isPartOf\":{\"@id\":\"https:\/\/www.sonoraenequipo.com.mx\/alemania-no-descarta-bloquear-la-red-social-x-en-su-lucha-contra-el-terrorismo\/\"},\"author\":{\"name\":\"enequipo\",\"@id\":\"https:\/\/www.sonoraenequipo.com.mx\/#\/schema\/person\/50102df0fb23a8fa9e8effad8fa81386\"},\"headline\":\"Alemania no descarta bloquear la red social X en su lucha contra el terrorismo\",\"datePublished\":\"2024-09-08T03:28:46+00:00\",\"dateModified\":\"2024-09-08T16:56:47+00:00\",\"mainEntityOfPage\":{\"@id\":\"https:\/\/www.sonoraenequipo.com.mx\/alemania-no-descarta-bloquear-la-red-social-x-en-su-lucha-contra-el-terrorismo\/\"},\"wordCount\":225,\"commentCount\":0,\"publisher\":{\"@id\":\"https:\/\/www.sonoraenequipo.com.mx\/#organization\"},\"image\":{\"@id\":\"https:\/\/www.sonoraenequipo.com.mx\/alemania-no-descarta-bloquear-la-red-social-x-en-su-lucha-contra-el-terrorismo\/#primaryimage\"},\"thumbnailUrl\":\"https:\/\/www.sonoraenequipo.com.mx\/storage\/2024\/09\/alemania-y-X-min.jpg\",\"articleSection\":[\"MUNDO\"],\"inLanguage\":\"es\",\"potentialAction\":[{\"@type\":\"CommentAction\",\"name\":\"Comment\",\"target\":[\"https:\/\/www.sonoraenequipo.com.mx\/alemania-no-descarta-bloquear-la-red-social-x-en-su-lucha-contra-el-terrorismo\/#respond\"]}]},{\"@type\":\"WebPage\",\"@id\":\"https:\/\/www.sonoraenequipo.com.mx\/alemania-no-descarta-bloquear-la-red-social-x-en-su-lucha-contra-el-terrorismo\/\",\"url\":\"https:\/\/www.sonoraenequipo.com.mx\/alemania-no-descarta-bloquear-la-red-social-x-en-su-lucha-contra-el-terrorismo\/\",\"name\":\"Sonora en Equipo. Alemania no descarta bloquear la red social X en su lucha contra el terrorismo MUNDO\",\"isPartOf\":{\"@id\":\"https:\/\/www.sonoraenequipo.com.mx\/#website\"},\"primaryImageOfPage\":{\"@id\":\"https:\/\/www.sonoraenequipo.com.mx\/alemania-no-descarta-bloquear-la-red-social-x-en-su-lucha-contra-el-terrorismo\/#primaryimage\"},\"image\":{\"@id\":\"https:\/\/www.sonoraenequipo.com.mx\/alemania-no-descarta-bloquear-la-red-social-x-en-su-lucha-contra-el-terrorismo\/#primaryimage\"},\"thumbnailUrl\":\"https:\/\/www.sonoraenequipo.com.mx\/storage\/2024\/09\/alemania-y-X-min.jpg\",\"datePublished\":\"2024-09-08T03:28:46+00:00\",\"dateModified\":\"2024-09-08T16:56:47+00:00\",\"description\":\"ALEMANIA. \u2014 En Alemania, el diputado del partido de Los Verdes en el Bundestag y presidente del Comit\u00e9 de Asuntos Europeos, Anton Hofreiter, destac\u00f3 que En Sonora en Equipo publicamos toda la informaci\u00f3n de Sonora, M\u00e9xico y el Mundo de manera oportuna y busca que la libertad de expresi\u00f3n sea real. Visita nuestro medio informativo publicado desde Hermosillo, Sonora. %\",\"breadcrumb\":{\"@id\":\"https:\/\/www.sonoraenequipo.com.mx\/alemania-no-descarta-bloquear-la-red-social-x-en-su-lucha-contra-el-terrorismo\/#breadcrumb\"},\"inLanguage\":\"es\",\"potentialAction\":[{\"@type\":\"ReadAction\",\"target\":[\"https:\/\/www.sonoraenequipo.com.mx\/alemania-no-descarta-bloquear-la-red-social-x-en-su-lucha-contra-el-terrorismo\/\"]}]},{\"@type\":\"ImageObject\",\"inLanguage\":\"es\",\"@id\":\"https:\/\/www.sonoraenequipo.com.mx\/alemania-no-descarta-bloquear-la-red-social-x-en-su-lucha-contra-el-terrorismo\/#primaryimage\",\"url\":\"https:\/\/www.sonoraenequipo.com.mx\/storage\/2024\/09\/alemania-y-X-min.jpg\",\"contentUrl\":\"https:\/\/www.sonoraenequipo.com.mx\/storage\/2024\/09\/alemania-y-X-min.jpg\",\"width\":900,\"height\":502},{\"@type\":\"BreadcrumbList\",\"@id\":\"https:\/\/www.sonoraenequipo.com.mx\/alemania-no-descarta-bloquear-la-red-social-x-en-su-lucha-contra-el-terrorismo\/#breadcrumb\",\"itemListElement\":[{\"@type\":\"ListItem\",\"position\":1,\"name\":\"Portada\",\"item\":\"https:\/\/www.sonoraenequipo.com.mx\/\"},{\"@type\":\"ListItem\",\"position\":2,\"name\":\"Alemania no descarta bloquear la red social X en su lucha contra el terrorismo\"}]},{\"@type\":\"WebSite\",\"@id\":\"https:\/\/www.sonoraenequipo.com.mx\/#website\",\"url\":\"https:\/\/www.sonoraenequipo.com.mx\/\",\"name\":\"Sonora en Equipo.\",\"description\":\"Diario en l\u00ednea con Noticias desde Hermosillo, Sonora\",\"publisher\":{\"@id\":\"https:\/\/www.sonoraenequipo.com.mx\/#organization\"},\"potentialAction\":[{\"@type\":\"SearchAction\",\"target\":{\"@type\":\"EntryPoint\",\"urlTemplate\":\"https:\/\/www.sonoraenequipo.com.mx\/?s={search_term_string}\"},\"query-input\":{\"@type\":\"PropertyValueSpecification\",\"valueRequired\":true,\"valueName\":\"search_term_string\"}}],\"inLanguage\":\"es\"},{\"@type\":\"Organization\",\"@id\":\"https:\/\/www.sonoraenequipo.com.mx\/#organization\",\"name\":\"Sonoraenequipo.com.mx\",\"url\":\"https:\/\/www.sonoraenequipo.com.mx\/\",\"logo\":{\"@type\":\"ImageObject\",\"inLanguage\":\"es\",\"@id\":\"https:\/\/www.sonoraenequipo.com.mx\/#\/schema\/logo\/image\/\",\"url\":\"https:\/\/www.sonoraenequipo.com.mx\/storage\/2019\/01\/sonoraenequipo_opt.png\",\"contentUrl\":\"https:\/\/www.sonoraenequipo.com.mx\/storage\/2019\/01\/sonoraenequipo_opt.png\",\"width\":375,\"height\":125,\"caption\":\"Sonoraenequipo.com.mx\"},\"image\":{\"@id\":\"https:\/\/www.sonoraenequipo.com.mx\/#\/schema\/logo\/image\/\"},\"sameAs\":[\"https:\/\/www.facebook.com\/SonoraEE\/\",\"https:\/\/x.com\/sonoraenequipo\",\"https:\/\/www.youtube.com\/channel\/UC338nW-lPEYmJQs4ZABQ1SQ\"]},{\"@type\":\"Person\",\"@id\":\"https:\/\/www.sonoraenequipo.com.mx\/#\/schema\/person\/50102df0fb23a8fa9e8effad8fa81386\",\"name\":\"enequipo\",\"image\":{\"@type\":\"ImageObject\",\"inLanguage\":\"es\",\"@id\":\"https:\/\/www.sonoraenequipo.com.mx\/#\/schema\/person\/image\/\",\"url\":\"https:\/\/secure.gravatar.com\/avatar\/049821681b589dabc0bc20695993ccebb09f5b5d4d790cd9251b97faac7c652b?s=96&d=blank&r=g\",\"contentUrl\":\"https:\/\/secure.gravatar.com\/avatar\/049821681b589dabc0bc20695993ccebb09f5b5d4d790cd9251b97faac7c652b?s=96&d=blank&r=g\",\"caption\":\"enequipo\"},\"sameAs\":[\"https:\/\/www.facebook.com\/SonoraEE\"]}]}<\/script>\n ","yoast_head_json":{"title":"Sonora en Equipo. Alemania no descarta bloquear la red social X en su lucha contra el terrorismo MUNDO","description":"ALEMANIA. \u2014 En Alemania, el diputado del partido de Los Verdes en el Bundestag y presidente del Comit\u00e9 de Asuntos Europeos, Anton Hofreiter, destac\u00f3 que En Sonora en Equipo publicamos toda la informaci\u00f3n de Sonora, M\u00e9xico y el Mundo de manera oportuna y busca que la libertad de expresi\u00f3n sea real. Visita nuestro medio informativo publicado desde Hermosillo, Sonora. %","robots":{"index":"index","follow":"follow","max-snippet":"max-snippet:-1","max-image-preview":"max-image-preview:large","max-video-preview":"max-video-preview:-1"},"canonical":"https:\/\/www.sonoraenequipo.com.mx\/alemania-no-descarta-bloquear-la-red-social-x-en-su-lucha-contra-el-terrorismo\/","og_locale":"es_ES","og_type":"article","og_title":"Sonora en Equipo. Alemania no descarta bloquear la red social X en su lucha contra el terrorismo MUNDO","og_description":"ALEMANIA. \u2014 En Alemania, el diputado del partido de Los Verdes en el Bundestag y presidente del Comit\u00e9 de Asuntos Europeos, Anton Hofreiter, destac\u00f3 que En Sonora en Equipo publicamos toda la informaci\u00f3n de Sonora, M\u00e9xico y el Mundo de manera oportuna y busca que la libertad de expresi\u00f3n sea real. Visita nuestro medio informativo publicado desde Hermosillo, Sonora. %","og_url":"https:\/\/www.sonoraenequipo.com.mx\/alemania-no-descarta-bloquear-la-red-social-x-en-su-lucha-contra-el-terrorismo\/","og_site_name":"Sonora en Equipo.","article_publisher":"https:\/\/www.facebook.com\/SonoraEE\/","article_author":"https:\/\/www.facebook.com\/SonoraEE","article_published_time":"2024-09-08T03:28:46+00:00","article_modified_time":"2024-09-08T16:56:47+00:00","og_image":[{"width":900,"height":502,"url":"https:\/\/www.sonoraenequipo.com.mx\/storage\/2024\/09\/alemania-y-X-min.jpg","type":"image\/jpeg"}],"author":"enequipo","twitter_card":"summary_large_image","twitter_creator":"@sonoraenequipo","twitter_site":"@sonoraenequipo","twitter_misc":{"Escrito por":"enequipo","Tiempo de lectura":"1 minuto"},"schema":{"@context":"https:\/\/schema.org","@graph":[{"@type":"Article","@id":"https:\/\/www.sonoraenequipo.com.mx\/alemania-no-descarta-bloquear-la-red-social-x-en-su-lucha-contra-el-terrorismo\/#article","isPartOf":{"@id":"https:\/\/www.sonoraenequipo.com.mx\/alemania-no-descarta-bloquear-la-red-social-x-en-su-lucha-contra-el-terrorismo\/"},"author":{"name":"enequipo","@id":"https:\/\/www.sonoraenequipo.com.mx\/#\/schema\/person\/50102df0fb23a8fa9e8effad8fa81386"},"headline":"Alemania no descarta bloquear la red social X en su lucha contra el terrorismo","datePublished":"2024-09-08T03:28:46+00:00","dateModified":"2024-09-08T16:56:47+00:00","mainEntityOfPage":{"@id":"https:\/\/www.sonoraenequipo.com.mx\/alemania-no-descarta-bloquear-la-red-social-x-en-su-lucha-contra-el-terrorismo\/"},"wordCount":225,"commentCount":0,"publisher":{"@id":"https:\/\/www.sonoraenequipo.com.mx\/#organization"},"image":{"@id":"https:\/\/www.sonoraenequipo.com.mx\/alemania-no-descarta-bloquear-la-red-social-x-en-su-lucha-contra-el-terrorismo\/#primaryimage"},"thumbnailUrl":"https:\/\/www.sonoraenequipo.com.mx\/storage\/2024\/09\/alemania-y-X-min.jpg","articleSection":["MUNDO"],"inLanguage":"es","potentialAction":[{"@type":"CommentAction","name":"Comment","target":["https:\/\/www.sonoraenequipo.com.mx\/alemania-no-descarta-bloquear-la-red-social-x-en-su-lucha-contra-el-terrorismo\/#respond"]}]},{"@type":"WebPage","@id":"https:\/\/www.sonoraenequipo.com.mx\/alemania-no-descarta-bloquear-la-red-social-x-en-su-lucha-contra-el-terrorismo\/","url":"https:\/\/www.sonoraenequipo.com.mx\/alemania-no-descarta-bloquear-la-red-social-x-en-su-lucha-contra-el-terrorismo\/","name":"Sonora en Equipo. Alemania no descarta bloquear la red social X en su lucha contra el terrorismo MUNDO","isPartOf":{"@id":"https:\/\/www.sonoraenequipo.com.mx\/#website"},"primaryImageOfPage":{"@id":"https:\/\/www.sonoraenequipo.com.mx\/alemania-no-descarta-bloquear-la-red-social-x-en-su-lucha-contra-el-terrorismo\/#primaryimage"},"image":{"@id":"https:\/\/www.sonoraenequipo.com.mx\/alemania-no-descarta-bloquear-la-red-social-x-en-su-lucha-contra-el-terrorismo\/#primaryimage"},"thumbnailUrl":"https:\/\/www.sonoraenequipo.com.mx\/storage\/2024\/09\/alemania-y-X-min.jpg","datePublished":"2024-09-08T03:28:46+00:00","dateModified":"2024-09-08T16:56:47+00:00","description":"ALEMANIA. \u2014 En Alemania, el diputado del partido de Los Verdes en el Bundestag y presidente del Comit\u00e9 de Asuntos Europeos, Anton Hofreiter, destac\u00f3 que En Sonora en Equipo publicamos toda la informaci\u00f3n de Sonora, M\u00e9xico y el Mundo de manera oportuna y busca que la libertad de expresi\u00f3n sea real. Visita nuestro medio informativo publicado desde Hermosillo, Sonora. %","breadcrumb":{"@id":"https:\/\/www.sonoraenequipo.com.mx\/alemania-no-descarta-bloquear-la-red-social-x-en-su-lucha-contra-el-terrorismo\/#breadcrumb"},"inLanguage":"es","potentialAction":[{"@type":"ReadAction","target":["https:\/\/www.sonoraenequipo.com.mx\/alemania-no-descarta-bloquear-la-red-social-x-en-su-lucha-contra-el-terrorismo\/"]}]},{"@type":"ImageObject","inLanguage":"es","@id":"https:\/\/www.sonoraenequipo.com.mx\/alemania-no-descarta-bloquear-la-red-social-x-en-su-lucha-contra-el-terrorismo\/#primaryimage","url":"https:\/\/www.sonoraenequipo.com.mx\/storage\/2024\/09\/alemania-y-X-min.jpg","contentUrl":"https:\/\/www.sonoraenequipo.com.mx\/storage\/2024\/09\/alemania-y-X-min.jpg","width":900,"height":502},{"@type":"BreadcrumbList","@id":"https:\/\/www.sonoraenequipo.com.mx\/alemania-no-descarta-bloquear-la-red-social-x-en-su-lucha-contra-el-terrorismo\/#breadcrumb","itemListElement":[{"@type":"ListItem","position":1,"name":"Portada","item":"https:\/\/www.sonoraenequipo.com.mx\/"},{"@type":"ListItem","position":2,"name":"Alemania no descarta bloquear la red social X en su lucha contra el terrorismo"}]},{"@type":"WebSite","@id":"https:\/\/www.sonoraenequipo.com.mx\/#website","url":"https:\/\/www.sonoraenequipo.com.mx\/","name":"Sonora en Equipo.","description":"Diario en l\u00ednea con Noticias desde Hermosillo, Sonora","publisher":{"@id":"https:\/\/www.sonoraenequipo.com.mx\/#organization"},"potentialAction":[{"@type":"SearchAction","target":{"@type":"EntryPoint","urlTemplate":"https:\/\/www.sonoraenequipo.com.mx\/?s={search_term_string}"},"query-input":{"@type":"PropertyValueSpecification","valueRequired":true,"valueName":"search_term_string"}}],"inLanguage":"es"},{"@type":"Organization","@id":"https:\/\/www.sonoraenequipo.com.mx\/#organization","name":"Sonoraenequipo.com.mx","url":"https:\/\/www.sonoraenequipo.com.mx\/","logo":{"@type":"ImageObject","inLanguage":"es","@id":"https:\/\/www.sonoraenequipo.com.mx\/#\/schema\/logo\/image\/","url":"https:\/\/www.sonoraenequipo.com.mx\/storage\/2019\/01\/sonoraenequipo_opt.png","contentUrl":"https:\/\/www.sonoraenequipo.com.mx\/storage\/2019\/01\/sonoraenequipo_opt.png","width":375,"height":125,"caption":"Sonoraenequipo.com.mx"},"image":{"@id":"https:\/\/www.sonoraenequipo.com.mx\/#\/schema\/logo\/image\/"},"sameAs":["https:\/\/www.facebook.com\/SonoraEE\/","https:\/\/x.com\/sonoraenequipo","https:\/\/www.youtube.com\/channel\/UC338nW-lPEYmJQs4ZABQ1SQ"]},{"@type":"Person","@id":"https:\/\/www.sonoraenequipo.com.mx\/#\/schema\/person\/50102df0fb23a8fa9e8effad8fa81386","name":"enequipo","image":{"@type":"ImageObject","inLanguage":"es","@id":"https:\/\/www.sonoraenequipo.com.mx\/#\/schema\/person\/image\/","url":"https:\/\/secure.gravatar.com\/avatar\/049821681b589dabc0bc20695993ccebb09f5b5d4d790cd9251b97faac7c652b?s=96&d=blank&r=g","contentUrl":"https:\/\/secure.gravatar.com\/avatar\/049821681b589dabc0bc20695993ccebb09f5b5d4d790cd9251b97faac7c652b?s=96&d=blank&r=g","caption":"enequipo"},"sameAs":["https:\/\/www.facebook.com\/SonoraEE"]}]}},"jetpack_featured_media_url":"https:\/\/www.sonoraenequipo.com.mx\/storage\/2024\/09\/alemania-y-X-min.jpg","_links":{"self":[{"href":"https:\/\/www.sonoraenequipo.com.mx\/api\/wp\/v2\/posts\/198708","targetHints":{"allow":["GET"]}}],"collection":[{"href":"https:\/\/www.sonoraenequipo.com.mx\/api\/wp\/v2\/posts"}],"about":[{"href":"https:\/\/www.sonoraenequipo.com.mx\/api\/wp\/v2\/types\/post"}],"author":[{"embeddable":true,"href":"https:\/\/www.sonoraenequipo.com.mx\/api\/wp\/v2\/users\/1"}],"replies":[{"embeddable":true,"href":"https:\/\/www.sonoraenequipo.com.mx\/api\/wp\/v2\/comments?post=198708"}],"version-history":[{"count":1,"href":"https:\/\/www.sonoraenequipo.com.mx\/api\/wp\/v2\/posts\/198708\/revisions"}],"predecessor-version":[{"id":198710,"href":"https:\/\/www.sonoraenequipo.com.mx\/api\/wp\/v2\/posts\/198708\/revisions\/198710"}],"wp:featuredmedia":[{"embeddable":true,"href":"https:\/\/www.sonoraenequipo.com.mx\/api\/wp\/v2\/media\/198709"}],"wp:attachment":[{"href":"https:\/\/www.sonoraenequipo.com.mx\/api\/wp\/v2\/media?parent=198708"}],"wp:term":[{"taxonomy":"category","embeddable":true,"href":"https:\/\/www.sonoraenequipo.com.mx\/api\/wp\/v2\/categories?post=198708"},{"taxonomy":"post_tag","embeddable":true,"href":"https:\/\/www.sonoraenequipo.com.mx\/api\/wp\/v2\/tags?post=198708"}],"curies":[{"name":"wp","href":"https:\/\/api.w.org\/{rel}","templated":true}]}}