{"id":198711,"date":"2024-09-07T09:20:39","date_gmt":"2024-09-07T16:20:39","guid":{"rendered":"https:\/\/www.sonoraenequipo.com.mx\/?p=198711"},"modified":"2024-09-08T10:50:22","modified_gmt":"2024-09-08T17:50:22","slug":"lopez-obrador-rifara-su-reloj-en-su-ultima-mananera","status":"publish","type":"post","link":"https:\/\/www.sonoraenequipo.com.mx\/lopez-obrador-rifara-su-reloj-en-su-ultima-mananera\/","title":{"rendered":"L\u00f3pez Obrador rifar\u00e1 su reloj en su \u00faltima ma\u00f1anera"},"content":{"rendered":"<p><strong>CIUDAD DE M\u00c9XICO. MX.\u2014<\/strong> El presidente Andr\u00e9s Manuel L\u00f3pez Obrador no s\u00f3lo realizar\u00e1 un convivio con todo y tamales en su \u00faltima ma\u00f1anera del pr\u00f3ximo 30 de septiembre, sino que tambi\u00e9n llevar\u00e1 a cabo una rifa de su reloj entre los asistentes a su conferencia matutina y los cuales estuvieron presentes durante todo su sexenio.<\/p>\n<p>&nbsp;<\/p>\n<p>&nbsp;<\/p>\n<p> <\/p>\n<p>Tras criticar la difusi\u00f3n que se le dio a una noticia falsa de que usaba un reloj de alta gama de m\u00e1s de 100 mil pesos, el presidente L\u00f3pez Obrador aprovech\u00f3 el momento para anunciar que como parte de su despedida al concluir su gobierno regalar\u00e1 su reloj entre los periodistas que de lunes a viernes se desma\u00f1anaron para asistir a su conferencia.<\/p>\n<p>&nbsp;<\/p>\n<p>&nbsp;<\/p>\n<p><em><strong>\u201cYa tambi\u00e9n tom\u00e9 una decisi\u00f3n para ustedes porque tengo otro (reloj) no tan bueno como este, tengo otro. Lo vamos a rifar aqu\u00ed entre ustedes el \u00faltimo d\u00eda, si me lo aceptan\u201d,<\/strong> <\/em>dijo L\u00f3pez Obrador en su ma\u00f1anera de ayer viernes 6 de septiembre.<\/p>\n<p>&nbsp;<\/p>\n<p>&nbsp;<\/p>\n<h3>AMLO muestra su reloj en su ma\u00f1anera<\/h3>\n<p>&nbsp;<\/p>\n<p>&nbsp;<\/p>\n<p>El mandatario explic\u00f3 que todos los periodistas que han estado en la ma\u00f1anera agarrar\u00e1n su n\u00famero para participar y tener la oportunidad de ganarse el reloj, aunque puso una condici\u00f3n.<\/p>\n<p>&nbsp;<\/p>\n<p><em><strong>\u201cTodos los que han venido que agarren su n\u00famero, nada m\u00e1s los que han estado desde el principio en las ma\u00f1aneras, que sean desma\u00f1anados, su n\u00famero y se lo entrego aqu\u00ed, aqu\u00ed lo sacamos el \u00faltimo d\u00eda\u201d<\/strong><\/em>, coment\u00f3.<\/p>\n<p>&nbsp;<\/p>\n<p>&nbsp;<\/p>\n<p>&nbsp;<\/p>\n<h3>\u00bfC\u00f3mo es el reloj que rifar\u00e1 L\u00f3pez Obrador?<\/h3>\n<p>&nbsp;<\/p>\n<p>El presidente Andr\u00e9s Manuel L\u00f3pez Obrador sorprendi\u00f3 este viernes al anunciar que regalar\u00e1 el reloj que lo acompa\u00f1\u00f3 durante estos seis a\u00f1os de gobierno. El art\u00edculo fue un obsequio de un amigo muy querido del mandatario, quien lo adquiri\u00f3 en San Francisco.<\/p>\n<p>&nbsp;<\/p>\n<p>&nbsp;<\/p>\n<p>El reloj que L\u00f3pez Obrador rifar\u00e1 entre los periodistas y el que d\u00eda a d\u00eda lo ha acompa\u00f1ado es marca <strong>Momentum,<\/strong> con lo que desminti\u00f3 que se tratara de un art\u00edculo de alta gama de una marca suiza de m\u00e1s de 100 mil pesos.<\/p>\n<p>&nbsp;<\/p>\n<p>&nbsp;<\/p>\n<h3>AMLO muestra su reloj en la ma\u00f1anera<\/h3>\n<p>&nbsp;<\/p>\n<p>L\u00f3pez Obrador aclar\u00f3 que el valor de su reloj y el cual regalar\u00e1 es de entre 2 mil y 2 mil 500 pesos y acept\u00f3 que pudo haber confusi\u00f3n ya que s\u00ed se parece al de la famosa marca suiza, pero ese vale 120 mil pesos.<\/p>\n<p>&nbsp;<\/p>\n<p>&nbsp;<\/p>\n<p><strong><em>\u201cEste reloj vale 2 mil pesos y es el que he tenido siempre, pero hay uno as\u00ed parecido, pero s\u00ed es de una marca de esas machuchonas y me sacan a m\u00ed. (\u2026) Yo no uso esa marca\u201d,<\/em> <\/strong>aclar\u00f3 en su conferencia de ayer.<\/p>\n<p>&nbsp;<\/p>\n<p>&nbsp;<\/p>\n<p>PUBLICADO EL 08 DE SEPTIEMBRE DE 2024 Con informaci\u00f3n de Gobierno de M\u00e9xico)<\/p>\n","protected":false},"excerpt":{"rendered":"<p>CIUDAD DE M\u00c9XICO. MX.\u2014 El presidente Andr\u00e9s Manuel L\u00f3pez Obrador no s\u00f3lo realizar\u00e1 un convivio&#8230;<\/p>\n","protected":false},"author":1,"featured_media":198712,"comment_status":"open","ping_status":"open","sticky":false,"template":"","format":"standard","meta":{"_monsterinsights_skip_tracking":false,"_monsterinsights_sitenote_active":false,"_monsterinsights_sitenote_note":"","_monsterinsights_sitenote_category":0,"footnotes":""},"categories":[5],"tags":[],"class_list":["post"],"yoast_head":" \n<title>Sonora en Equipo. L\u00f3pez Obrador rifar\u00e1 su reloj en su \u00faltima ma\u00f1anera Rep\u00fablica<\/title>\n<meta name=\"description\" content=\"CIUDAD DE M\u00c9XICO. MX.\u2014 El presidente Andr\u00e9s Manuel L\u00f3pez Obrador no s\u00f3lo realizar\u00e1 un convivio con todo y tamales en su \u00faltima ma\u00f1anera del pr\u00f3ximo 30 de En Sonora en Equipo publicamos toda la informaci\u00f3n de Sonora, M\u00e9xico y el Mundo de manera oportuna y busca que la libertad de expresi\u00f3n sea real. Visita nuestro medio informativo publicado desde Hermosillo, Sonora. %\" \/>\n<meta name=\"robots\" content=\"index, follow, max-snippet:-1, max-image-preview:large, max-video-preview:-1\" \/>\n<link rel=\"canonical\" href=\"https:\/\/www.sonoraenequipo.com.mx\/lopez-obrador-rifara-su-reloj-en-su-ultima-mananera\/\" \/>\n<meta property=\"og:locale\" content=\"es_ES\" \/>\n<meta property=\"og:type\" content=\"article\" \/>\n<meta property=\"og:title\" content=\"Sonora en Equipo. L\u00f3pez Obrador rifar\u00e1 su reloj en su \u00faltima ma\u00f1anera Rep\u00fablica\" \/>\n<meta property=\"og:description\" content=\"CIUDAD DE M\u00c9XICO. MX.\u2014 El presidente Andr\u00e9s Manuel L\u00f3pez Obrador no s\u00f3lo realizar\u00e1 un convivio con todo y tamales en su \u00faltima ma\u00f1anera del pr\u00f3ximo 30 de En Sonora en Equipo publicamos toda la informaci\u00f3n de Sonora, M\u00e9xico y el Mundo de manera oportuna y busca que la libertad de expresi\u00f3n sea real. Visita nuestro medio informativo publicado desde Hermosillo, Sonora. %\" \/>\n<meta property=\"og:url\" content=\"https:\/\/www.sonoraenequipo.com.mx\/lopez-obrador-rifara-su-reloj-en-su-ultima-mananera\/\" \/>\n<meta property=\"og:site_name\" content=\"Sonora en Equipo.\" \/>\n<meta property=\"article:publisher\" content=\"https:\/\/www.facebook.com\/SonoraEE\/\" \/>\n<meta property=\"article:author\" content=\"https:\/\/www.facebook.com\/SonoraEE\" \/>\n<meta property=\"article:published_time\" content=\"2024-09-07T16:20:39+00:00\" \/>\n<meta property=\"article:modified_time\" content=\"2024-09-08T17:50:22+00:00\" \/>\n<meta property=\"og:image\" content=\"https:\/\/www.sonoraenequipo.com.mx\/storage\/2024\/09\/reloj-de-Lopez-Obrador-min.jpg\" \/>\n\t<meta property=\"og:image:width\" content=\"1140\" \/>\n\t<meta property=\"og:image:height\" content=\"570\" \/>\n\t<meta property=\"og:image:type\" content=\"image\/jpeg\" \/>\n<meta name=\"author\" content=\"enequipo\" \/>\n<meta name=\"twitter:card\" content=\"summary_large_image\" \/>\n<meta name=\"twitter:creator\" content=\"@sonoraenequipo\" \/>\n<meta name=\"twitter:site\" content=\"@sonoraenequipo\" \/>\n<meta name=\"twitter:label1\" content=\"Escrito por\" \/>\n\t<meta name=\"twitter:data1\" content=\"enequipo\" \/>\n\t<meta name=\"twitter:label2\" content=\"Tiempo de lectura\" \/>\n\t<meta name=\"twitter:data2\" content=\"2 minutos\" \/>\n<script type=\"application\/ld+json\" class=\"yoast-schema-graph\">{\"@context\":\"https:\/\/schema.org\",\"@graph\":[{\"@type\":\"Article\",\"@id\":\"https:\/\/www.sonoraenequipo.com.mx\/lopez-obrador-rifara-su-reloj-en-su-ultima-mananera\/#article\",\"isPartOf\":{\"@id\":\"https:\/\/www.sonoraenequipo.com.mx\/lopez-obrador-rifara-su-reloj-en-su-ultima-mananera\/\"},\"author\":{\"name\":\"enequipo\",\"@id\":\"https:\/\/www.sonoraenequipo.com.mx\/#\/schema\/person\/50102df0fb23a8fa9e8effad8fa81386\"},\"headline\":\"L\u00f3pez Obrador rifar\u00e1 su reloj en su \u00faltima ma\u00f1anera\",\"datePublished\":\"2024-09-07T16:20:39+00:00\",\"dateModified\":\"2024-09-08T17:50:22+00:00\",\"mainEntityOfPage\":{\"@id\":\"https:\/\/www.sonoraenequipo.com.mx\/lopez-obrador-rifara-su-reloj-en-su-ultima-mananera\/\"},\"wordCount\":506,\"commentCount\":0,\"publisher\":{\"@id\":\"https:\/\/www.sonoraenequipo.com.mx\/#organization\"},\"image\":{\"@id\":\"https:\/\/www.sonoraenequipo.com.mx\/lopez-obrador-rifara-su-reloj-en-su-ultima-mananera\/#primaryimage\"},\"thumbnailUrl\":\"https:\/\/www.sonoraenequipo.com.mx\/storage\/2024\/09\/reloj-de-Lopez-Obrador-min.jpg\",\"articleSection\":[\"Rep\u00fablica\"],\"inLanguage\":\"es\",\"potentialAction\":[{\"@type\":\"CommentAction\",\"name\":\"Comment\",\"target\":[\"https:\/\/www.sonoraenequipo.com.mx\/lopez-obrador-rifara-su-reloj-en-su-ultima-mananera\/#respond\"]}]},{\"@type\":\"WebPage\",\"@id\":\"https:\/\/www.sonoraenequipo.com.mx\/lopez-obrador-rifara-su-reloj-en-su-ultima-mananera\/\",\"url\":\"https:\/\/www.sonoraenequipo.com.mx\/lopez-obrador-rifara-su-reloj-en-su-ultima-mananera\/\",\"name\":\"Sonora en Equipo. L\u00f3pez Obrador rifar\u00e1 su reloj en su \u00faltima ma\u00f1anera Rep\u00fablica\",\"isPartOf\":{\"@id\":\"https:\/\/www.sonoraenequipo.com.mx\/#website\"},\"primaryImageOfPage\":{\"@id\":\"https:\/\/www.sonoraenequipo.com.mx\/lopez-obrador-rifara-su-reloj-en-su-ultima-mananera\/#primaryimage\"},\"image\":{\"@id\":\"https:\/\/www.sonoraenequipo.com.mx\/lopez-obrador-rifara-su-reloj-en-su-ultima-mananera\/#primaryimage\"},\"thumbnailUrl\":\"https:\/\/www.sonoraenequipo.com.mx\/storage\/2024\/09\/reloj-de-Lopez-Obrador-min.jpg\",\"datePublished\":\"2024-09-07T16:20:39+00:00\",\"dateModified\":\"2024-09-08T17:50:22+00:00\",\"description\":\"CIUDAD DE M\u00c9XICO. MX.\u2014 El presidente Andr\u00e9s Manuel L\u00f3pez Obrador no s\u00f3lo realizar\u00e1 un convivio con todo y tamales en su \u00faltima ma\u00f1anera del pr\u00f3ximo 30 de En Sonora en Equipo publicamos toda la informaci\u00f3n de Sonora, M\u00e9xico y el Mundo de manera oportuna y busca que la libertad de expresi\u00f3n sea real. Visita nuestro medio informativo publicado desde Hermosillo, Sonora. %\",\"breadcrumb\":{\"@id\":\"https:\/\/www.sonoraenequipo.com.mx\/lopez-obrador-rifara-su-reloj-en-su-ultima-mananera\/#breadcrumb\"},\"inLanguage\":\"es\",\"potentialAction\":[{\"@type\":\"ReadAction\",\"target\":[\"https:\/\/www.sonoraenequipo.com.mx\/lopez-obrador-rifara-su-reloj-en-su-ultima-mananera\/\"]}]},{\"@type\":\"ImageObject\",\"inLanguage\":\"es\",\"@id\":\"https:\/\/www.sonoraenequipo.com.mx\/lopez-obrador-rifara-su-reloj-en-su-ultima-mananera\/#primaryimage\",\"url\":\"https:\/\/www.sonoraenequipo.com.mx\/storage\/2024\/09\/reloj-de-Lopez-Obrador-min.jpg\",\"contentUrl\":\"https:\/\/www.sonoraenequipo.com.mx\/storage\/2024\/09\/reloj-de-Lopez-Obrador-min.jpg\",\"width\":1140,\"height\":570},{\"@type\":\"BreadcrumbList\",\"@id\":\"https:\/\/www.sonoraenequipo.com.mx\/lopez-obrador-rifara-su-reloj-en-su-ultima-mananera\/#breadcrumb\",\"itemListElement\":[{\"@type\":\"ListItem\",\"position\":1,\"name\":\"Portada\",\"item\":\"https:\/\/www.sonoraenequipo.com.mx\/\"},{\"@type\":\"ListItem\",\"position\":2,\"name\":\"L\u00f3pez Obrador rifar\u00e1 su reloj en su \u00faltima ma\u00f1anera\"}]},{\"@type\":\"WebSite\",\"@id\":\"https:\/\/www.sonoraenequipo.com.mx\/#website\",\"url\":\"https:\/\/www.sonoraenequipo.com.mx\/\",\"name\":\"Sonora en Equipo.\",\"description\":\"Diario en l\u00ednea con Noticias desde Hermosillo, Sonora\",\"publisher\":{\"@id\":\"https:\/\/www.sonoraenequipo.com.mx\/#organization\"},\"potentialAction\":[{\"@type\":\"SearchAction\",\"target\":{\"@type\":\"EntryPoint\",\"urlTemplate\":\"https:\/\/www.sonoraenequipo.com.mx\/?s={search_term_string}\"},\"query-input\":{\"@type\":\"PropertyValueSpecification\",\"valueRequired\":true,\"valueName\":\"search_term_string\"}}],\"inLanguage\":\"es\"},{\"@type\":\"Organization\",\"@id\":\"https:\/\/www.sonoraenequipo.com.mx\/#organization\",\"name\":\"Sonoraenequipo.com.mx\",\"url\":\"https:\/\/www.sonoraenequipo.com.mx\/\",\"logo\":{\"@type\":\"ImageObject\",\"inLanguage\":\"es\",\"@id\":\"https:\/\/www.sonoraenequipo.com.mx\/#\/schema\/logo\/image\/\",\"url\":\"https:\/\/www.sonoraenequipo.com.mx\/storage\/2019\/01\/sonoraenequipo_opt.png\",\"contentUrl\":\"https:\/\/www.sonoraenequipo.com.mx\/storage\/2019\/01\/sonoraenequipo_opt.png\",\"width\":375,\"height\":125,\"caption\":\"Sonoraenequipo.com.mx\"},\"image\":{\"@id\":\"https:\/\/www.sonoraenequipo.com.mx\/#\/schema\/logo\/image\/\"},\"sameAs\":[\"https:\/\/www.facebook.com\/SonoraEE\/\",\"https:\/\/x.com\/sonoraenequipo\",\"https:\/\/www.youtube.com\/channel\/UC338nW-lPEYmJQs4ZABQ1SQ\"]},{\"@type\":\"Person\",\"@id\":\"https:\/\/www.sonoraenequipo.com.mx\/#\/schema\/person\/50102df0fb23a8fa9e8effad8fa81386\",\"name\":\"enequipo\",\"image\":{\"@type\":\"ImageObject\",\"inLanguage\":\"es\",\"@id\":\"https:\/\/www.sonoraenequipo.com.mx\/#\/schema\/person\/image\/\",\"url\":\"https:\/\/secure.gravatar.com\/avatar\/049821681b589dabc0bc20695993ccebb09f5b5d4d790cd9251b97faac7c652b?s=96&d=blank&r=g\",\"contentUrl\":\"https:\/\/secure.gravatar.com\/avatar\/049821681b589dabc0bc20695993ccebb09f5b5d4d790cd9251b97faac7c652b?s=96&d=blank&r=g\",\"caption\":\"enequipo\"},\"sameAs\":[\"https:\/\/www.facebook.com\/SonoraEE\"]}]}<\/script>\n ","yoast_head_json":{"title":"Sonora en Equipo. L\u00f3pez Obrador rifar\u00e1 su reloj en su \u00faltima ma\u00f1anera Rep\u00fablica","description":"CIUDAD DE M\u00c9XICO. MX.\u2014 El presidente Andr\u00e9s Manuel L\u00f3pez Obrador no s\u00f3lo realizar\u00e1 un convivio con todo y tamales en su \u00faltima ma\u00f1anera del pr\u00f3ximo 30 de En Sonora en Equipo publicamos toda la informaci\u00f3n de Sonora, M\u00e9xico y el Mundo de manera oportuna y busca que la libertad de expresi\u00f3n sea real. Visita nuestro medio informativo publicado desde Hermosillo, Sonora. %","robots":{"index":"index","follow":"follow","max-snippet":"max-snippet:-1","max-image-preview":"max-image-preview:large","max-video-preview":"max-video-preview:-1"},"canonical":"https:\/\/www.sonoraenequipo.com.mx\/lopez-obrador-rifara-su-reloj-en-su-ultima-mananera\/","og_locale":"es_ES","og_type":"article","og_title":"Sonora en Equipo. L\u00f3pez Obrador rifar\u00e1 su reloj en su \u00faltima ma\u00f1anera Rep\u00fablica","og_description":"CIUDAD DE M\u00c9XICO. MX.\u2014 El presidente Andr\u00e9s Manuel L\u00f3pez Obrador no s\u00f3lo realizar\u00e1 un convivio con todo y tamales en su \u00faltima ma\u00f1anera del pr\u00f3ximo 30 de En Sonora en Equipo publicamos toda la informaci\u00f3n de Sonora, M\u00e9xico y el Mundo de manera oportuna y busca que la libertad de expresi\u00f3n sea real. Visita nuestro medio informativo publicado desde Hermosillo, Sonora. %","og_url":"https:\/\/www.sonoraenequipo.com.mx\/lopez-obrador-rifara-su-reloj-en-su-ultima-mananera\/","og_site_name":"Sonora en Equipo.","article_publisher":"https:\/\/www.facebook.com\/SonoraEE\/","article_author":"https:\/\/www.facebook.com\/SonoraEE","article_published_time":"2024-09-07T16:20:39+00:00","article_modified_time":"2024-09-08T17:50:22+00:00","og_image":[{"width":1140,"height":570,"url":"https:\/\/www.sonoraenequipo.com.mx\/storage\/2024\/09\/reloj-de-Lopez-Obrador-min.jpg","type":"image\/jpeg"}],"author":"enequipo","twitter_card":"summary_large_image","twitter_creator":"@sonoraenequipo","twitter_site":"@sonoraenequipo","twitter_misc":{"Escrito por":"enequipo","Tiempo de lectura":"2 minutos"},"schema":{"@context":"https:\/\/schema.org","@graph":[{"@type":"Article","@id":"https:\/\/www.sonoraenequipo.com.mx\/lopez-obrador-rifara-su-reloj-en-su-ultima-mananera\/#article","isPartOf":{"@id":"https:\/\/www.sonoraenequipo.com.mx\/lopez-obrador-rifara-su-reloj-en-su-ultima-mananera\/"},"author":{"name":"enequipo","@id":"https:\/\/www.sonoraenequipo.com.mx\/#\/schema\/person\/50102df0fb23a8fa9e8effad8fa81386"},"headline":"L\u00f3pez Obrador rifar\u00e1 su reloj en su \u00faltima ma\u00f1anera","datePublished":"2024-09-07T16:20:39+00:00","dateModified":"2024-09-08T17:50:22+00:00","mainEntityOfPage":{"@id":"https:\/\/www.sonoraenequipo.com.mx\/lopez-obrador-rifara-su-reloj-en-su-ultima-mananera\/"},"wordCount":506,"commentCount":0,"publisher":{"@id":"https:\/\/www.sonoraenequipo.com.mx\/#organization"},"image":{"@id":"https:\/\/www.sonoraenequipo.com.mx\/lopez-obrador-rifara-su-reloj-en-su-ultima-mananera\/#primaryimage"},"thumbnailUrl":"https:\/\/www.sonoraenequipo.com.mx\/storage\/2024\/09\/reloj-de-Lopez-Obrador-min.jpg","articleSection":["Rep\u00fablica"],"inLanguage":"es","potentialAction":[{"@type":"CommentAction","name":"Comment","target":["https:\/\/www.sonoraenequipo.com.mx\/lopez-obrador-rifara-su-reloj-en-su-ultima-mananera\/#respond"]}]},{"@type":"WebPage","@id":"https:\/\/www.sonoraenequipo.com.mx\/lopez-obrador-rifara-su-reloj-en-su-ultima-mananera\/","url":"https:\/\/www.sonoraenequipo.com.mx\/lopez-obrador-rifara-su-reloj-en-su-ultima-mananera\/","name":"Sonora en Equipo. L\u00f3pez Obrador rifar\u00e1 su reloj en su \u00faltima ma\u00f1anera Rep\u00fablica","isPartOf":{"@id":"https:\/\/www.sonoraenequipo.com.mx\/#website"},"primaryImageOfPage":{"@id":"https:\/\/www.sonoraenequipo.com.mx\/lopez-obrador-rifara-su-reloj-en-su-ultima-mananera\/#primaryimage"},"image":{"@id":"https:\/\/www.sonoraenequipo.com.mx\/lopez-obrador-rifara-su-reloj-en-su-ultima-mananera\/#primaryimage"},"thumbnailUrl":"https:\/\/www.sonoraenequipo.com.mx\/storage\/2024\/09\/reloj-de-Lopez-Obrador-min.jpg","datePublished":"2024-09-07T16:20:39+00:00","dateModified":"2024-09-08T17:50:22+00:00","description":"CIUDAD DE M\u00c9XICO. MX.\u2014 El presidente Andr\u00e9s Manuel L\u00f3pez Obrador no s\u00f3lo realizar\u00e1 un convivio con todo y tamales en su \u00faltima ma\u00f1anera del pr\u00f3ximo 30 de En Sonora en Equipo publicamos toda la informaci\u00f3n de Sonora, M\u00e9xico y el Mundo de manera oportuna y busca que la libertad de expresi\u00f3n sea real. Visita nuestro medio informativo publicado desde Hermosillo, Sonora. %","breadcrumb":{"@id":"https:\/\/www.sonoraenequipo.com.mx\/lopez-obrador-rifara-su-reloj-en-su-ultima-mananera\/#breadcrumb"},"inLanguage":"es","potentialAction":[{"@type":"ReadAction","target":["https:\/\/www.sonoraenequipo.com.mx\/lopez-obrador-rifara-su-reloj-en-su-ultima-mananera\/"]}]},{"@type":"ImageObject","inLanguage":"es","@id":"https:\/\/www.sonoraenequipo.com.mx\/lopez-obrador-rifara-su-reloj-en-su-ultima-mananera\/#primaryimage","url":"https:\/\/www.sonoraenequipo.com.mx\/storage\/2024\/09\/reloj-de-Lopez-Obrador-min.jpg","contentUrl":"https:\/\/www.sonoraenequipo.com.mx\/storage\/2024\/09\/reloj-de-Lopez-Obrador-min.jpg","width":1140,"height":570},{"@type":"BreadcrumbList","@id":"https:\/\/www.sonoraenequipo.com.mx\/lopez-obrador-rifara-su-reloj-en-su-ultima-mananera\/#breadcrumb","itemListElement":[{"@type":"ListItem","position":1,"name":"Portada","item":"https:\/\/www.sonoraenequipo.com.mx\/"},{"@type":"ListItem","position":2,"name":"L\u00f3pez Obrador rifar\u00e1 su reloj en su \u00faltima ma\u00f1anera"}]},{"@type":"WebSite","@id":"https:\/\/www.sonoraenequipo.com.mx\/#website","url":"https:\/\/www.sonoraenequipo.com.mx\/","name":"Sonora en Equipo.","description":"Diario en l\u00ednea con Noticias desde Hermosillo, Sonora","publisher":{"@id":"https:\/\/www.sonoraenequipo.com.mx\/#organization"},"potentialAction":[{"@type":"SearchAction","target":{"@type":"EntryPoint","urlTemplate":"https:\/\/www.sonoraenequipo.com.mx\/?s={search_term_string}"},"query-input":{"@type":"PropertyValueSpecification","valueRequired":true,"valueName":"search_term_string"}}],"inLanguage":"es"},{"@type":"Organization","@id":"https:\/\/www.sonoraenequipo.com.mx\/#organization","name":"Sonoraenequipo.com.mx","url":"https:\/\/www.sonoraenequipo.com.mx\/","logo":{"@type":"ImageObject","inLanguage":"es","@id":"https:\/\/www.sonoraenequipo.com.mx\/#\/schema\/logo\/image\/","url":"https:\/\/www.sonoraenequipo.com.mx\/storage\/2019\/01\/sonoraenequipo_opt.png","contentUrl":"https:\/\/www.sonoraenequipo.com.mx\/storage\/2019\/01\/sonoraenequipo_opt.png","width":375,"height":125,"caption":"Sonoraenequipo.com.mx"},"image":{"@id":"https:\/\/www.sonoraenequipo.com.mx\/#\/schema\/logo\/image\/"},"sameAs":["https:\/\/www.facebook.com\/SonoraEE\/","https:\/\/x.com\/sonoraenequipo","https:\/\/www.youtube.com\/channel\/UC338nW-lPEYmJQs4ZABQ1SQ"]},{"@type":"Person","@id":"https:\/\/www.sonoraenequipo.com.mx\/#\/schema\/person\/50102df0fb23a8fa9e8effad8fa81386","name":"enequipo","image":{"@type":"ImageObject","inLanguage":"es","@id":"https:\/\/www.sonoraenequipo.com.mx\/#\/schema\/person\/image\/","url":"https:\/\/secure.gravatar.com\/avatar\/049821681b589dabc0bc20695993ccebb09f5b5d4d790cd9251b97faac7c652b?s=96&d=blank&r=g","contentUrl":"https:\/\/secure.gravatar.com\/avatar\/049821681b589dabc0bc20695993ccebb09f5b5d4d790cd9251b97faac7c652b?s=96&d=blank&r=g","caption":"enequipo"},"sameAs":["https:\/\/www.facebook.com\/SonoraEE"]}]}},"jetpack_featured_media_url":"https:\/\/www.sonoraenequipo.com.mx\/storage\/2024\/09\/reloj-de-Lopez-Obrador-min.jpg","_links":{"self":[{"href":"https:\/\/www.sonoraenequipo.com.mx\/api\/wp\/v2\/posts\/198711","targetHints":{"allow":["GET"]}}],"collection":[{"href":"https:\/\/www.sonoraenequipo.com.mx\/api\/wp\/v2\/posts"}],"about":[{"href":"https:\/\/www.sonoraenequipo.com.mx\/api\/wp\/v2\/types\/post"}],"author":[{"embeddable":true,"href":"https:\/\/www.sonoraenequipo.com.mx\/api\/wp\/v2\/users\/1"}],"replies":[{"embeddable":true,"href":"https:\/\/www.sonoraenequipo.com.mx\/api\/wp\/v2\/comments?post=198711"}],"version-history":[{"count":1,"href":"https:\/\/www.sonoraenequipo.com.mx\/api\/wp\/v2\/posts\/198711\/revisions"}],"predecessor-version":[{"id":198713,"href":"https:\/\/www.sonoraenequipo.com.mx\/api\/wp\/v2\/posts\/198711\/revisions\/198713"}],"wp:featuredmedia":[{"embeddable":true,"href":"https:\/\/www.sonoraenequipo.com.mx\/api\/wp\/v2\/media\/198712"}],"wp:attachment":[{"href":"https:\/\/www.sonoraenequipo.com.mx\/api\/wp\/v2\/media?parent=198711"}],"wp:term":[{"taxonomy":"category","embeddable":true,"href":"https:\/\/www.sonoraenequipo.com.mx\/api\/wp\/v2\/categories?post=198711"},{"taxonomy":"post_tag","embeddable":true,"href":"https:\/\/www.sonoraenequipo.com.mx\/api\/wp\/v2\/tags?post=198711"}],"curies":[{"name":"wp","href":"https:\/\/api.w.org\/{rel}","templated":true}]}}