{"id":198714,"date":"2024-09-07T22:56:00","date_gmt":"2024-09-08T05:56:00","guid":{"rendered":"https:\/\/www.sonoraenequipo.com.mx\/?p=198714"},"modified":"2024-09-08T11:56:44","modified_gmt":"2024-09-08T18:56:44","slug":"jueces-garantizan-que-permitiran-sesion-del-senado-para-votar-reforma-judicial","status":"publish","type":"post","link":"https:\/\/www.sonoraenequipo.com.mx\/jueces-garantizan-que-permitiran-sesion-del-senado-para-votar-reforma-judicial\/","title":{"rendered":"Jueces garantizan que permitir\u00e1n sesi\u00f3n del Senado para votar reforma judicial"},"content":{"rendered":"<p><strong>CIUDAD DE M\u00c9XICO. MX. \u2014<\/strong> La Asociaci\u00f3n Nacional de Magistrados de Circuito y Jueces de Distrito de M\u00e9xico (Jufed) garantiz\u00f3 este s\u00e1bado que permitir\u00e1 a los legisladores, que a partir de este domingo empezar\u00e1n la discusi\u00f3n de la pol\u00e9mica reforma al Poder Judicial, sesionar en las instalaciones del Senado.<\/p>\n<p> <\/p>\n<p><em><strong>\u201cReiteramos a los legisladores de todos los partidos, que a\u00fan cuando estemos en contra de la reforma judicial por sus efectos en la divisi\u00f3n de poderes, no se impedir\u00e1 que las sesiones se realicen\u201d<\/strong><\/em>, se\u00f1al\u00f3 la Jufed en un comunicado.<\/p>\n<p>En medio de las manifestaciones que se han registrado en las inmediaciones del recinto legislativo, la Jufed inform\u00f3 que <strong><em>\u201cha replegado la presencia (de inconformes) en todas las calles y v\u00edas de acceso\u201d<\/em> <\/strong>para garantizar el libre paso de los legisladores.<\/p>\n<p><em><strong>\u201cPara dar mayor certidumbre a legisladores y a la sociedad, Jufed y las organizaciones hermanas informan que como medida adicional, un notario p\u00fablico certificar\u00e1 el d\u00eda de ma\u00f1ana, una vez concluidas las diversas manifestaciones, que los accesos estar\u00e1n libres\u201d,<\/strong><\/em> aseguraron.<\/p>\n<p>Para este domingo, organizaciones opositoras mexicanas realizar\u00e1n una protesta masiva para intentar frenar la votaci\u00f3n en el Senado de la pol\u00e9mica reforma judicial, que busca elegir a jueces por voto popular, y que se podr\u00eda aprobar en comisiones pese a las manifestaciones y el paro de juzgadores.<\/p>\n<p>La Jufed exhort\u00f3 a los legisladores de la oposici\u00f3n <em><strong>\u201ca poner en su m\u00e1s alto inter\u00e9s el futuro de la Rep\u00fablica\u201d y a quienes se sumaron al bloque gobernante \u201ca rectificar y votar en contra considerando el legado hist\u00f3rico que a\u00fan pueden protagonizar\u201d.<\/strong><\/em><\/p>\n<p>Esto, porque el Senado comenz\u00f3 un nuevo periodo de sesiones el domingo pasado, con 85 de los 128 esca\u00f1os en manos de la alianza de tres partidos del oficialismo, por lo que solo requieren un voto m\u00e1s para alcanzar la mayor\u00eda calificada, de dos tercios de la C\u00e1mara alta, para modificar la Constituci\u00f3n.<\/p>\n<p>Los integrantes de la Jufed pidieron tambi\u00e9n a los legisladores del gobernante Movimiento de Regeneraci\u00f3n Nacional (Morena) y de los partidos aliados Verde Ecologista de M\u00e9xico (PVEM) y del Trabajo (PT) a dejar a la oposici\u00f3n<strong><em> \u201cvotar en libertad\u201d.<\/em><\/strong><\/p>\n<p>La iniciativa ha desatado diversas protestas en M\u00e9xico, entre ellas un paro en la Suprema Corte de Justicia de la Naci\u00f3n (SCJN), as\u00ed como marchas estudiantiles en contra de la iniciativa, lo que orill\u00f3 a los legisladores a llevar a cabo la sesi\u00f3n en una sede alterna, una sala deportiva<\/p>\n<p>, tras ser bloqueados por los inconformes los accesos la C\u00e1mara de Diputados.<\/p>\n<p>La discusi\u00f3n de esta reforma tambi\u00e9n ocurre entre advertencias de organismos multilaterales como las Naciones Unidas, empresariales como la International Chamber of Commerce, American Society, entre otras entidades financieras y calificadoras como Fitch Ratings, Citibanamex, Stanley Morgan, UBS, as\u00ed como de las embajadas en M\u00e9xico de Estados Unidos y Canad\u00e1.<\/p>\n<p>PUBLICADO EL 07 DE SEPTIEMBRE DE 2024 Con informaci\u00f3n de ENE)<\/p>\n","protected":false},"excerpt":{"rendered":"<p>CIUDAD DE M\u00c9XICO. MX. \u2014 La Asociaci\u00f3n Nacional de Magistrados de Circuito y Jueces de&#8230;<\/p>\n","protected":false},"author":1,"featured_media":198720,"comment_status":"open","ping_status":"open","sticky":false,"template":"","format":"standard","meta":{"_monsterinsights_skip_tracking":false,"_monsterinsights_sitenote_active":false,"_monsterinsights_sitenote_note":"","_monsterinsights_sitenote_category":0,"footnotes":""},"categories":[5],"tags":[],"class_list":["post"],"yoast_head":" \n<title>Sonora en Equipo. Jueces garantizan que permitir\u00e1n sesi\u00f3n del Senado para votar reforma judicial Rep\u00fablica<\/title>\n<meta name=\"description\" content=\"CIUDAD DE M\u00c9XICO. MX. \u2014 La Asociaci\u00f3n Nacional de Magistrados de Circuito y Jueces de Distrito de M\u00e9xico (Jufed) garantiz\u00f3 este s\u00e1bado que permitir\u00e1 a los En Sonora en Equipo publicamos toda la informaci\u00f3n de Sonora, M\u00e9xico y el Mundo de manera oportuna y busca que la libertad de expresi\u00f3n sea real. Visita nuestro medio informativo publicado desde Hermosillo, Sonora. %\" \/>\n<meta name=\"robots\" content=\"index, follow, max-snippet:-1, max-image-preview:large, max-video-preview:-1\" \/>\n<link rel=\"canonical\" href=\"https:\/\/www.sonoraenequipo.com.mx\/jueces-garantizan-que-permitiran-sesion-del-senado-para-votar-reforma-judicial\/\" \/>\n<meta property=\"og:locale\" content=\"es_ES\" \/>\n<meta property=\"og:type\" content=\"article\" \/>\n<meta property=\"og:title\" content=\"Sonora en Equipo. Jueces garantizan que permitir\u00e1n sesi\u00f3n del Senado para votar reforma judicial Rep\u00fablica\" \/>\n<meta property=\"og:description\" content=\"CIUDAD DE M\u00c9XICO. MX. \u2014 La Asociaci\u00f3n Nacional de Magistrados de Circuito y Jueces de Distrito de M\u00e9xico (Jufed) garantiz\u00f3 este s\u00e1bado que permitir\u00e1 a los En Sonora en Equipo publicamos toda la informaci\u00f3n de Sonora, M\u00e9xico y el Mundo de manera oportuna y busca que la libertad de expresi\u00f3n sea real. Visita nuestro medio informativo publicado desde Hermosillo, Sonora. %\" \/>\n<meta property=\"og:url\" content=\"https:\/\/www.sonoraenequipo.com.mx\/jueces-garantizan-que-permitiran-sesion-del-senado-para-votar-reforma-judicial\/\" \/>\n<meta property=\"og:site_name\" content=\"Sonora en Equipo.\" \/>\n<meta property=\"article:publisher\" content=\"https:\/\/www.facebook.com\/SonoraEE\/\" \/>\n<meta property=\"article:author\" content=\"https:\/\/www.facebook.com\/SonoraEE\" \/>\n<meta property=\"article:published_time\" content=\"2024-09-08T05:56:00+00:00\" \/>\n<meta property=\"article:modified_time\" content=\"2024-09-08T18:56:44+00:00\" \/>\n<meta property=\"og:image\" content=\"https:\/\/www.sonoraenequipo.com.mx\/storage\/2024\/09\/senado-reforma-judicial-min.jpg\" \/>\n\t<meta property=\"og:image:width\" content=\"900\" \/>\n\t<meta property=\"og:image:height\" content=\"509\" \/>\n\t<meta property=\"og:image:type\" content=\"image\/jpeg\" \/>\n<meta name=\"author\" content=\"enequipo\" \/>\n<meta name=\"twitter:card\" content=\"summary_large_image\" \/>\n<meta name=\"twitter:creator\" content=\"@sonoraenequipo\" \/>\n<meta name=\"twitter:site\" content=\"@sonoraenequipo\" \/>\n<meta name=\"twitter:label1\" content=\"Escrito por\" \/>\n\t<meta name=\"twitter:data1\" content=\"enequipo\" \/>\n\t<meta name=\"twitter:label2\" content=\"Tiempo de lectura\" \/>\n\t<meta name=\"twitter:data2\" content=\"3 minutos\" \/>\n<script type=\"application\/ld+json\" class=\"yoast-schema-graph\">{\"@context\":\"https:\/\/schema.org\",\"@graph\":[{\"@type\":\"Article\",\"@id\":\"https:\/\/www.sonoraenequipo.com.mx\/jueces-garantizan-que-permitiran-sesion-del-senado-para-votar-reforma-judicial\/#article\",\"isPartOf\":{\"@id\":\"https:\/\/www.sonoraenequipo.com.mx\/jueces-garantizan-que-permitiran-sesion-del-senado-para-votar-reforma-judicial\/\"},\"author\":{\"name\":\"enequipo\",\"@id\":\"https:\/\/www.sonoraenequipo.com.mx\/#\/schema\/person\/50102df0fb23a8fa9e8effad8fa81386\"},\"headline\":\"Jueces garantizan que permitir\u00e1n sesi\u00f3n del Senado para votar reforma judicial\",\"datePublished\":\"2024-09-08T05:56:00+00:00\",\"dateModified\":\"2024-09-08T18:56:44+00:00\",\"mainEntityOfPage\":{\"@id\":\"https:\/\/www.sonoraenequipo.com.mx\/jueces-garantizan-que-permitiran-sesion-del-senado-para-votar-reforma-judicial\/\"},\"wordCount\":525,\"commentCount\":0,\"publisher\":{\"@id\":\"https:\/\/www.sonoraenequipo.com.mx\/#organization\"},\"image\":{\"@id\":\"https:\/\/www.sonoraenequipo.com.mx\/jueces-garantizan-que-permitiran-sesion-del-senado-para-votar-reforma-judicial\/#primaryimage\"},\"thumbnailUrl\":\"https:\/\/www.sonoraenequipo.com.mx\/storage\/2024\/09\/senado-reforma-judicial-min.jpg\",\"articleSection\":[\"Rep\u00fablica\"],\"inLanguage\":\"es\",\"potentialAction\":[{\"@type\":\"CommentAction\",\"name\":\"Comment\",\"target\":[\"https:\/\/www.sonoraenequipo.com.mx\/jueces-garantizan-que-permitiran-sesion-del-senado-para-votar-reforma-judicial\/#respond\"]}]},{\"@type\":\"WebPage\",\"@id\":\"https:\/\/www.sonoraenequipo.com.mx\/jueces-garantizan-que-permitiran-sesion-del-senado-para-votar-reforma-judicial\/\",\"url\":\"https:\/\/www.sonoraenequipo.com.mx\/jueces-garantizan-que-permitiran-sesion-del-senado-para-votar-reforma-judicial\/\",\"name\":\"Sonora en Equipo. Jueces garantizan que permitir\u00e1n sesi\u00f3n del Senado para votar reforma judicial Rep\u00fablica\",\"isPartOf\":{\"@id\":\"https:\/\/www.sonoraenequipo.com.mx\/#website\"},\"primaryImageOfPage\":{\"@id\":\"https:\/\/www.sonoraenequipo.com.mx\/jueces-garantizan-que-permitiran-sesion-del-senado-para-votar-reforma-judicial\/#primaryimage\"},\"image\":{\"@id\":\"https:\/\/www.sonoraenequipo.com.mx\/jueces-garantizan-que-permitiran-sesion-del-senado-para-votar-reforma-judicial\/#primaryimage\"},\"thumbnailUrl\":\"https:\/\/www.sonoraenequipo.com.mx\/storage\/2024\/09\/senado-reforma-judicial-min.jpg\",\"datePublished\":\"2024-09-08T05:56:00+00:00\",\"dateModified\":\"2024-09-08T18:56:44+00:00\",\"description\":\"CIUDAD DE M\u00c9XICO. MX. \u2014 La Asociaci\u00f3n Nacional de Magistrados de Circuito y Jueces de Distrito de M\u00e9xico (Jufed) garantiz\u00f3 este s\u00e1bado que permitir\u00e1 a los En Sonora en Equipo publicamos toda la informaci\u00f3n de Sonora, M\u00e9xico y el Mundo de manera oportuna y busca que la libertad de expresi\u00f3n sea real. Visita nuestro medio informativo publicado desde Hermosillo, Sonora. %\",\"breadcrumb\":{\"@id\":\"https:\/\/www.sonoraenequipo.com.mx\/jueces-garantizan-que-permitiran-sesion-del-senado-para-votar-reforma-judicial\/#breadcrumb\"},\"inLanguage\":\"es\",\"potentialAction\":[{\"@type\":\"ReadAction\",\"target\":[\"https:\/\/www.sonoraenequipo.com.mx\/jueces-garantizan-que-permitiran-sesion-del-senado-para-votar-reforma-judicial\/\"]}]},{\"@type\":\"ImageObject\",\"inLanguage\":\"es\",\"@id\":\"https:\/\/www.sonoraenequipo.com.mx\/jueces-garantizan-que-permitiran-sesion-del-senado-para-votar-reforma-judicial\/#primaryimage\",\"url\":\"https:\/\/www.sonoraenequipo.com.mx\/storage\/2024\/09\/senado-reforma-judicial-min.jpg\",\"contentUrl\":\"https:\/\/www.sonoraenequipo.com.mx\/storage\/2024\/09\/senado-reforma-judicial-min.jpg\",\"width\":900,\"height\":509},{\"@type\":\"BreadcrumbList\",\"@id\":\"https:\/\/www.sonoraenequipo.com.mx\/jueces-garantizan-que-permitiran-sesion-del-senado-para-votar-reforma-judicial\/#breadcrumb\",\"itemListElement\":[{\"@type\":\"ListItem\",\"position\":1,\"name\":\"Portada\",\"item\":\"https:\/\/www.sonoraenequipo.com.mx\/\"},{\"@type\":\"ListItem\",\"position\":2,\"name\":\"Jueces garantizan que permitir\u00e1n sesi\u00f3n del Senado para votar reforma judicial\"}]},{\"@type\":\"WebSite\",\"@id\":\"https:\/\/www.sonoraenequipo.com.mx\/#website\",\"url\":\"https:\/\/www.sonoraenequipo.com.mx\/\",\"name\":\"Sonora en Equipo.\",\"description\":\"Diario en l\u00ednea con Noticias desde Hermosillo, Sonora\",\"publisher\":{\"@id\":\"https:\/\/www.sonoraenequipo.com.mx\/#organization\"},\"potentialAction\":[{\"@type\":\"SearchAction\",\"target\":{\"@type\":\"EntryPoint\",\"urlTemplate\":\"https:\/\/www.sonoraenequipo.com.mx\/?s={search_term_string}\"},\"query-input\":{\"@type\":\"PropertyValueSpecification\",\"valueRequired\":true,\"valueName\":\"search_term_string\"}}],\"inLanguage\":\"es\"},{\"@type\":\"Organization\",\"@id\":\"https:\/\/www.sonoraenequipo.com.mx\/#organization\",\"name\":\"Sonoraenequipo.com.mx\",\"url\":\"https:\/\/www.sonoraenequipo.com.mx\/\",\"logo\":{\"@type\":\"ImageObject\",\"inLanguage\":\"es\",\"@id\":\"https:\/\/www.sonoraenequipo.com.mx\/#\/schema\/logo\/image\/\",\"url\":\"https:\/\/www.sonoraenequipo.com.mx\/storage\/2019\/01\/sonoraenequipo_opt.png\",\"contentUrl\":\"https:\/\/www.sonoraenequipo.com.mx\/storage\/2019\/01\/sonoraenequipo_opt.png\",\"width\":375,\"height\":125,\"caption\":\"Sonoraenequipo.com.mx\"},\"image\":{\"@id\":\"https:\/\/www.sonoraenequipo.com.mx\/#\/schema\/logo\/image\/\"},\"sameAs\":[\"https:\/\/www.facebook.com\/SonoraEE\/\",\"https:\/\/x.com\/sonoraenequipo\",\"https:\/\/www.youtube.com\/channel\/UC338nW-lPEYmJQs4ZABQ1SQ\"]},{\"@type\":\"Person\",\"@id\":\"https:\/\/www.sonoraenequipo.com.mx\/#\/schema\/person\/50102df0fb23a8fa9e8effad8fa81386\",\"name\":\"enequipo\",\"image\":{\"@type\":\"ImageObject\",\"inLanguage\":\"es\",\"@id\":\"https:\/\/www.sonoraenequipo.com.mx\/#\/schema\/person\/image\/\",\"url\":\"https:\/\/secure.gravatar.com\/avatar\/049821681b589dabc0bc20695993ccebb09f5b5d4d790cd9251b97faac7c652b?s=96&d=blank&r=g\",\"contentUrl\":\"https:\/\/secure.gravatar.com\/avatar\/049821681b589dabc0bc20695993ccebb09f5b5d4d790cd9251b97faac7c652b?s=96&d=blank&r=g\",\"caption\":\"enequipo\"},\"sameAs\":[\"https:\/\/www.facebook.com\/SonoraEE\"]}]}<\/script>\n ","yoast_head_json":{"title":"Sonora en Equipo. Jueces garantizan que permitir\u00e1n sesi\u00f3n del Senado para votar reforma judicial Rep\u00fablica","description":"CIUDAD DE M\u00c9XICO. MX. \u2014 La Asociaci\u00f3n Nacional de Magistrados de Circuito y Jueces de Distrito de M\u00e9xico (Jufed) garantiz\u00f3 este s\u00e1bado que permitir\u00e1 a los En Sonora en Equipo publicamos toda la informaci\u00f3n de Sonora, M\u00e9xico y el Mundo de manera oportuna y busca que la libertad de expresi\u00f3n sea real. Visita nuestro medio informativo publicado desde Hermosillo, Sonora. %","robots":{"index":"index","follow":"follow","max-snippet":"max-snippet:-1","max-image-preview":"max-image-preview:large","max-video-preview":"max-video-preview:-1"},"canonical":"https:\/\/www.sonoraenequipo.com.mx\/jueces-garantizan-que-permitiran-sesion-del-senado-para-votar-reforma-judicial\/","og_locale":"es_ES","og_type":"article","og_title":"Sonora en Equipo. Jueces garantizan que permitir\u00e1n sesi\u00f3n del Senado para votar reforma judicial Rep\u00fablica","og_description":"CIUDAD DE M\u00c9XICO. MX. \u2014 La Asociaci\u00f3n Nacional de Magistrados de Circuito y Jueces de Distrito de M\u00e9xico (Jufed) garantiz\u00f3 este s\u00e1bado que permitir\u00e1 a los En Sonora en Equipo publicamos toda la informaci\u00f3n de Sonora, M\u00e9xico y el Mundo de manera oportuna y busca que la libertad de expresi\u00f3n sea real. Visita nuestro medio informativo publicado desde Hermosillo, Sonora. %","og_url":"https:\/\/www.sonoraenequipo.com.mx\/jueces-garantizan-que-permitiran-sesion-del-senado-para-votar-reforma-judicial\/","og_site_name":"Sonora en Equipo.","article_publisher":"https:\/\/www.facebook.com\/SonoraEE\/","article_author":"https:\/\/www.facebook.com\/SonoraEE","article_published_time":"2024-09-08T05:56:00+00:00","article_modified_time":"2024-09-08T18:56:44+00:00","og_image":[{"width":900,"height":509,"url":"https:\/\/www.sonoraenequipo.com.mx\/storage\/2024\/09\/senado-reforma-judicial-min.jpg","type":"image\/jpeg"}],"author":"enequipo","twitter_card":"summary_large_image","twitter_creator":"@sonoraenequipo","twitter_site":"@sonoraenequipo","twitter_misc":{"Escrito por":"enequipo","Tiempo de lectura":"3 minutos"},"schema":{"@context":"https:\/\/schema.org","@graph":[{"@type":"Article","@id":"https:\/\/www.sonoraenequipo.com.mx\/jueces-garantizan-que-permitiran-sesion-del-senado-para-votar-reforma-judicial\/#article","isPartOf":{"@id":"https:\/\/www.sonoraenequipo.com.mx\/jueces-garantizan-que-permitiran-sesion-del-senado-para-votar-reforma-judicial\/"},"author":{"name":"enequipo","@id":"https:\/\/www.sonoraenequipo.com.mx\/#\/schema\/person\/50102df0fb23a8fa9e8effad8fa81386"},"headline":"Jueces garantizan que permitir\u00e1n sesi\u00f3n del Senado para votar reforma judicial","datePublished":"2024-09-08T05:56:00+00:00","dateModified":"2024-09-08T18:56:44+00:00","mainEntityOfPage":{"@id":"https:\/\/www.sonoraenequipo.com.mx\/jueces-garantizan-que-permitiran-sesion-del-senado-para-votar-reforma-judicial\/"},"wordCount":525,"commentCount":0,"publisher":{"@id":"https:\/\/www.sonoraenequipo.com.mx\/#organization"},"image":{"@id":"https:\/\/www.sonoraenequipo.com.mx\/jueces-garantizan-que-permitiran-sesion-del-senado-para-votar-reforma-judicial\/#primaryimage"},"thumbnailUrl":"https:\/\/www.sonoraenequipo.com.mx\/storage\/2024\/09\/senado-reforma-judicial-min.jpg","articleSection":["Rep\u00fablica"],"inLanguage":"es","potentialAction":[{"@type":"CommentAction","name":"Comment","target":["https:\/\/www.sonoraenequipo.com.mx\/jueces-garantizan-que-permitiran-sesion-del-senado-para-votar-reforma-judicial\/#respond"]}]},{"@type":"WebPage","@id":"https:\/\/www.sonoraenequipo.com.mx\/jueces-garantizan-que-permitiran-sesion-del-senado-para-votar-reforma-judicial\/","url":"https:\/\/www.sonoraenequipo.com.mx\/jueces-garantizan-que-permitiran-sesion-del-senado-para-votar-reforma-judicial\/","name":"Sonora en Equipo. Jueces garantizan que permitir\u00e1n sesi\u00f3n del Senado para votar reforma judicial Rep\u00fablica","isPartOf":{"@id":"https:\/\/www.sonoraenequipo.com.mx\/#website"},"primaryImageOfPage":{"@id":"https:\/\/www.sonoraenequipo.com.mx\/jueces-garantizan-que-permitiran-sesion-del-senado-para-votar-reforma-judicial\/#primaryimage"},"image":{"@id":"https:\/\/www.sonoraenequipo.com.mx\/jueces-garantizan-que-permitiran-sesion-del-senado-para-votar-reforma-judicial\/#primaryimage"},"thumbnailUrl":"https:\/\/www.sonoraenequipo.com.mx\/storage\/2024\/09\/senado-reforma-judicial-min.jpg","datePublished":"2024-09-08T05:56:00+00:00","dateModified":"2024-09-08T18:56:44+00:00","description":"CIUDAD DE M\u00c9XICO. MX. \u2014 La Asociaci\u00f3n Nacional de Magistrados de Circuito y Jueces de Distrito de M\u00e9xico (Jufed) garantiz\u00f3 este s\u00e1bado que permitir\u00e1 a los En Sonora en Equipo publicamos toda la informaci\u00f3n de Sonora, M\u00e9xico y el Mundo de manera oportuna y busca que la libertad de expresi\u00f3n sea real. Visita nuestro medio informativo publicado desde Hermosillo, Sonora. %","breadcrumb":{"@id":"https:\/\/www.sonoraenequipo.com.mx\/jueces-garantizan-que-permitiran-sesion-del-senado-para-votar-reforma-judicial\/#breadcrumb"},"inLanguage":"es","potentialAction":[{"@type":"ReadAction","target":["https:\/\/www.sonoraenequipo.com.mx\/jueces-garantizan-que-permitiran-sesion-del-senado-para-votar-reforma-judicial\/"]}]},{"@type":"ImageObject","inLanguage":"es","@id":"https:\/\/www.sonoraenequipo.com.mx\/jueces-garantizan-que-permitiran-sesion-del-senado-para-votar-reforma-judicial\/#primaryimage","url":"https:\/\/www.sonoraenequipo.com.mx\/storage\/2024\/09\/senado-reforma-judicial-min.jpg","contentUrl":"https:\/\/www.sonoraenequipo.com.mx\/storage\/2024\/09\/senado-reforma-judicial-min.jpg","width":900,"height":509},{"@type":"BreadcrumbList","@id":"https:\/\/www.sonoraenequipo.com.mx\/jueces-garantizan-que-permitiran-sesion-del-senado-para-votar-reforma-judicial\/#breadcrumb","itemListElement":[{"@type":"ListItem","position":1,"name":"Portada","item":"https:\/\/www.sonoraenequipo.com.mx\/"},{"@type":"ListItem","position":2,"name":"Jueces garantizan que permitir\u00e1n sesi\u00f3n del Senado para votar reforma judicial"}]},{"@type":"WebSite","@id":"https:\/\/www.sonoraenequipo.com.mx\/#website","url":"https:\/\/www.sonoraenequipo.com.mx\/","name":"Sonora en Equipo.","description":"Diario en l\u00ednea con Noticias desde Hermosillo, Sonora","publisher":{"@id":"https:\/\/www.sonoraenequipo.com.mx\/#organization"},"potentialAction":[{"@type":"SearchAction","target":{"@type":"EntryPoint","urlTemplate":"https:\/\/www.sonoraenequipo.com.mx\/?s={search_term_string}"},"query-input":{"@type":"PropertyValueSpecification","valueRequired":true,"valueName":"search_term_string"}}],"inLanguage":"es"},{"@type":"Organization","@id":"https:\/\/www.sonoraenequipo.com.mx\/#organization","name":"Sonoraenequipo.com.mx","url":"https:\/\/www.sonoraenequipo.com.mx\/","logo":{"@type":"ImageObject","inLanguage":"es","@id":"https:\/\/www.sonoraenequipo.com.mx\/#\/schema\/logo\/image\/","url":"https:\/\/www.sonoraenequipo.com.mx\/storage\/2019\/01\/sonoraenequipo_opt.png","contentUrl":"https:\/\/www.sonoraenequipo.com.mx\/storage\/2019\/01\/sonoraenequipo_opt.png","width":375,"height":125,"caption":"Sonoraenequipo.com.mx"},"image":{"@id":"https:\/\/www.sonoraenequipo.com.mx\/#\/schema\/logo\/image\/"},"sameAs":["https:\/\/www.facebook.com\/SonoraEE\/","https:\/\/x.com\/sonoraenequipo","https:\/\/www.youtube.com\/channel\/UC338nW-lPEYmJQs4ZABQ1SQ"]},{"@type":"Person","@id":"https:\/\/www.sonoraenequipo.com.mx\/#\/schema\/person\/50102df0fb23a8fa9e8effad8fa81386","name":"enequipo","image":{"@type":"ImageObject","inLanguage":"es","@id":"https:\/\/www.sonoraenequipo.com.mx\/#\/schema\/person\/image\/","url":"https:\/\/secure.gravatar.com\/avatar\/049821681b589dabc0bc20695993ccebb09f5b5d4d790cd9251b97faac7c652b?s=96&d=blank&r=g","contentUrl":"https:\/\/secure.gravatar.com\/avatar\/049821681b589dabc0bc20695993ccebb09f5b5d4d790cd9251b97faac7c652b?s=96&d=blank&r=g","caption":"enequipo"},"sameAs":["https:\/\/www.facebook.com\/SonoraEE"]}]}},"jetpack_featured_media_url":"https:\/\/www.sonoraenequipo.com.mx\/storage\/2024\/09\/senado-reforma-judicial-min.jpg","_links":{"self":[{"href":"https:\/\/www.sonoraenequipo.com.mx\/api\/wp\/v2\/posts\/198714","targetHints":{"allow":["GET"]}}],"collection":[{"href":"https:\/\/www.sonoraenequipo.com.mx\/api\/wp\/v2\/posts"}],"about":[{"href":"https:\/\/www.sonoraenequipo.com.mx\/api\/wp\/v2\/types\/post"}],"author":[{"embeddable":true,"href":"https:\/\/www.sonoraenequipo.com.mx\/api\/wp\/v2\/users\/1"}],"replies":[{"embeddable":true,"href":"https:\/\/www.sonoraenequipo.com.mx\/api\/wp\/v2\/comments?post=198714"}],"version-history":[{"count":1,"href":"https:\/\/www.sonoraenequipo.com.mx\/api\/wp\/v2\/posts\/198714\/revisions"}],"predecessor-version":[{"id":198722,"href":"https:\/\/www.sonoraenequipo.com.mx\/api\/wp\/v2\/posts\/198714\/revisions\/198722"}],"wp:featuredmedia":[{"embeddable":true,"href":"https:\/\/www.sonoraenequipo.com.mx\/api\/wp\/v2\/media\/198720"}],"wp:attachment":[{"href":"https:\/\/www.sonoraenequipo.com.mx\/api\/wp\/v2\/media?parent=198714"}],"wp:term":[{"taxonomy":"category","embeddable":true,"href":"https:\/\/www.sonoraenequipo.com.mx\/api\/wp\/v2\/categories?post=198714"},{"taxonomy":"post_tag","embeddable":true,"href":"https:\/\/www.sonoraenequipo.com.mx\/api\/wp\/v2\/tags?post=198714"}],"curies":[{"name":"wp","href":"https:\/\/api.w.org\/{rel}","templated":true}]}}