{"id":198716,"date":"2024-09-08T11:47:15","date_gmt":"2024-09-08T18:47:15","guid":{"rendered":"https:\/\/www.sonoraenequipo.com.mx\/?p=198716"},"modified":"2024-09-08T11:47:15","modified_gmt":"2024-09-08T18:47:15","slug":"inicia-la-semana-mexico-en-canada-con-la-iluminacion-de-las-cataratas-del-niagara-de-verde-blanco-y-rojo","status":"publish","type":"post","link":"https:\/\/www.sonoraenequipo.com.mx\/inicia-la-semana-mexico-en-canada-con-la-iluminacion-de-las-cataratas-del-niagara-de-verde-blanco-y-rojo\/","title":{"rendered":"Inicia la Semana M\u00e9xico en Canad\u00e1 con la iluminaci\u00f3n de las Cataratas del Ni\u00e1gara de verde, blanco y rojo"},"content":{"rendered":"<p><strong>NIA<\/strong><strong>GARA, CANAD\u00c1.<\/strong><strong> \u0336 \u0336\u00a0 <\/strong>El Gobierno de Sonora, a trav\u00e9s de la Secretar\u00eda de Turismo (Sectur), participar\u00e1 en la \u201cSemana de M\u00e9xico en Canad\u00e1\u201d, del 7 al 15 de septiembre, promoviendo las maravillas del Estado y sus destinos tur\u00edsticos.<\/p>\n<p>&nbsp;<\/p>\n<p>&nbsp;<\/p>\n<p>&nbsp;<\/p>\n<p>Este es un evento anual impulsado por la Embajada de M\u00e9xico en Ottawa, que busca celebrar y promover la riqueza cultural, gastron\u00f3mica y econ\u00f3mica del pa\u00eds en el mercado canadiense; cada a\u00f1o se invita a un estado que lo represente en el marco del Grito de Independencia Mexicano.<\/p>\n<p>&nbsp;<\/p>\n<p>&nbsp;<\/p>\n<p>&nbsp;<\/p>\n<p>Para dar inicio con esta festividad, se realiz\u00f3 el lanzamiento de la \u201cSemana de M\u00e9xico en Canad\u00e1\u201d, con la iluminaci\u00f3n de las Cataratas del Ni\u00e1gara con los colores de la bandera de mexicana, dando as\u00ed la bienvenida oficial.<\/p>\n<p>&nbsp;<\/p>\n<p>&nbsp;<\/p>\n<p>&nbsp;<\/p>\n<p>El secretario de turismo de Sonora, Roberto Gradillas Pineda, se\u00f1al\u00f3 que se trabajar\u00e1 en la promoci\u00f3n del mercado, la gran oferta cultural, tradiciones, historia, gastronom\u00eda y sobre todo la calidad humana que caracteriza a los sonorenses, ante Canad\u00e1.<\/p>\n<p>&nbsp;<\/p>\n<p>&nbsp;<\/p>\n<p>&nbsp;<\/p>\n<p>\u201cQuisiera agradecerle al gobernador Alfonso Durazo por la oportunidad y sus gestiones para venir desde muy lejos, pero muy emocionados de poder estar durante una semana mostrando a Canad\u00e1 lo que representa el maravilloso estado de Sonora\u201d, expres\u00f3 Gradillas Pineda<\/p>\n<p>&nbsp;<\/p>\n<p>&nbsp;<\/p>\n<p>&nbsp;<\/p>\n<p>Durante el evento de inauguraci\u00f3n en Ni\u00e1gara Falls, tambi\u00e9n se cont\u00f3 con participaciones art\u00edsticas como la representaci\u00f3n de la tradicional Danza del Venado, Ballet Aztl\u00e1n y la m\u00fasica del mariachi Aztl\u00e1n.<\/p>\n<p><strong>Fecha de publicaci\u00f3n domingo 8 de septiembre de 2024<\/strong><\/p>\n","protected":false},"excerpt":{"rendered":"<p>NIAGARA, CANAD\u00c1. \u0336 \u0336\u00a0 El Gobierno de Sonora, a trav\u00e9s de la Secretar\u00eda de Turismo&#8230;<\/p>\n","protected":false},"author":1,"featured_media":198717,"comment_status":"open","ping_status":"open","sticky":false,"template":"","format":"standard","meta":{"_monsterinsights_skip_tracking":false,"_monsterinsights_sitenote_active":false,"_monsterinsights_sitenote_note":"","_monsterinsights_sitenote_category":0,"footnotes":""},"categories":[22],"tags":[1557,53,7041,15],"class_list":["post"],"yoast_head":" \n<title>Sonora en Equipo. Inicia la Semana M\u00e9xico en Canad\u00e1 con la iluminaci\u00f3n de las Cataratas del Ni\u00e1gara de verde, blanco y rojo Sonora<\/title>\n<meta name=\"description\" content=\"NIAGARA, CANAD\u00c1. \u0336 \u0336\u00a0 El Gobierno de Sonora, a trav\u00e9s de la Secretar\u00eda de Turismo (Sectur), participar\u00e1 en la \u201cSemana de M\u00e9xico en Canad\u00e1\u201d, del 7 al 15 de En Sonora en Equipo publicamos toda la informaci\u00f3n de Sonora, M\u00e9xico y el Mundo de manera oportuna y busca que la libertad de expresi\u00f3n sea real. Visita nuestro medio informativo publicado desde Hermosillo, Sonora. %\" \/>\n<meta name=\"robots\" content=\"index, follow, max-snippet:-1, max-image-preview:large, max-video-preview:-1\" \/>\n<link rel=\"canonical\" href=\"https:\/\/www.sonoraenequipo.com.mx\/inicia-la-semana-mexico-en-canada-con-la-iluminacion-de-las-cataratas-del-niagara-de-verde-blanco-y-rojo\/\" \/>\n<meta property=\"og:locale\" content=\"es_ES\" \/>\n<meta property=\"og:type\" content=\"article\" \/>\n<meta property=\"og:title\" content=\"Sonora en Equipo. Inicia la Semana M\u00e9xico en Canad\u00e1 con la iluminaci\u00f3n de las Cataratas del Ni\u00e1gara de verde, blanco y rojo Sonora\" \/>\n<meta property=\"og:description\" content=\"NIAGARA, CANAD\u00c1. \u0336 \u0336\u00a0 El Gobierno de Sonora, a trav\u00e9s de la Secretar\u00eda de Turismo (Sectur), participar\u00e1 en la \u201cSemana de M\u00e9xico en Canad\u00e1\u201d, del 7 al 15 de En Sonora en Equipo publicamos toda la informaci\u00f3n de Sonora, M\u00e9xico y el Mundo de manera oportuna y busca que la libertad de expresi\u00f3n sea real. Visita nuestro medio informativo publicado desde Hermosillo, Sonora. %\" \/>\n<meta property=\"og:url\" content=\"https:\/\/www.sonoraenequipo.com.mx\/inicia-la-semana-mexico-en-canada-con-la-iluminacion-de-las-cataratas-del-niagara-de-verde-blanco-y-rojo\/\" \/>\n<meta property=\"og:site_name\" content=\"Sonora en Equipo.\" \/>\n<meta property=\"article:publisher\" content=\"https:\/\/www.facebook.com\/SonoraEE\/\" \/>\n<meta property=\"article:author\" content=\"https:\/\/www.facebook.com\/SonoraEE\" \/>\n<meta property=\"article:published_time\" content=\"2024-09-08T18:47:15+00:00\" \/>\n<meta property=\"og:image\" content=\"https:\/\/www.sonoraenequipo.com.mx\/storage\/2024\/09\/mexico-canada.jpg\" \/>\n\t<meta property=\"og:image:width\" content=\"800\" \/>\n\t<meta property=\"og:image:height\" content=\"534\" \/>\n\t<meta property=\"og:image:type\" content=\"image\/jpeg\" \/>\n<meta name=\"author\" content=\"enequipo\" \/>\n<meta name=\"twitter:card\" content=\"summary_large_image\" \/>\n<meta name=\"twitter:creator\" content=\"@sonoraenequipo\" \/>\n<meta name=\"twitter:site\" content=\"@sonoraenequipo\" \/>\n<meta name=\"twitter:label1\" content=\"Escrito por\" \/>\n\t<meta name=\"twitter:data1\" content=\"enequipo\" \/>\n\t<meta name=\"twitter:label2\" content=\"Tiempo de lectura\" \/>\n\t<meta name=\"twitter:data2\" content=\"1 minuto\" \/>\n<script type=\"application\/ld+json\" class=\"yoast-schema-graph\">{\"@context\":\"https:\/\/schema.org\",\"@graph\":[{\"@type\":\"Article\",\"@id\":\"https:\/\/www.sonoraenequipo.com.mx\/inicia-la-semana-mexico-en-canada-con-la-iluminacion-de-las-cataratas-del-niagara-de-verde-blanco-y-rojo\/#article\",\"isPartOf\":{\"@id\":\"https:\/\/www.sonoraenequipo.com.mx\/inicia-la-semana-mexico-en-canada-con-la-iluminacion-de-las-cataratas-del-niagara-de-verde-blanco-y-rojo\/\"},\"author\":{\"name\":\"enequipo\",\"@id\":\"https:\/\/www.sonoraenequipo.com.mx\/#\/schema\/person\/50102df0fb23a8fa9e8effad8fa81386\"},\"headline\":\"Inicia la Semana M\u00e9xico en Canad\u00e1 con la iluminaci\u00f3n de las Cataratas del Ni\u00e1gara de verde, blanco y rojo\",\"datePublished\":\"2024-09-08T18:47:15+00:00\",\"mainEntityOfPage\":{\"@id\":\"https:\/\/www.sonoraenequipo.com.mx\/inicia-la-semana-mexico-en-canada-con-la-iluminacion-de-las-cataratas-del-niagara-de-verde-blanco-y-rojo\/\"},\"wordCount\":299,\"commentCount\":0,\"publisher\":{\"@id\":\"https:\/\/www.sonoraenequipo.com.mx\/#organization\"},\"image\":{\"@id\":\"https:\/\/www.sonoraenequipo.com.mx\/inicia-la-semana-mexico-en-canada-con-la-iluminacion-de-las-cataratas-del-niagara-de-verde-blanco-y-rojo\/#primaryimage\"},\"thumbnailUrl\":\"https:\/\/www.sonoraenequipo.com.mx\/storage\/2024\/09\/mexico-canada.jpg\",\"keywords\":[\"CANAD\u00c1\",\"mexico\",\"semana\",\"Sonora\"],\"articleSection\":[\"Sonora\"],\"inLanguage\":\"es\",\"potentialAction\":[{\"@type\":\"CommentAction\",\"name\":\"Comment\",\"target\":[\"https:\/\/www.sonoraenequipo.com.mx\/inicia-la-semana-mexico-en-canada-con-la-iluminacion-de-las-cataratas-del-niagara-de-verde-blanco-y-rojo\/#respond\"]}]},{\"@type\":\"WebPage\",\"@id\":\"https:\/\/www.sonoraenequipo.com.mx\/inicia-la-semana-mexico-en-canada-con-la-iluminacion-de-las-cataratas-del-niagara-de-verde-blanco-y-rojo\/\",\"url\":\"https:\/\/www.sonoraenequipo.com.mx\/inicia-la-semana-mexico-en-canada-con-la-iluminacion-de-las-cataratas-del-niagara-de-verde-blanco-y-rojo\/\",\"name\":\"Sonora en Equipo. Inicia la Semana M\u00e9xico en Canad\u00e1 con la iluminaci\u00f3n de las Cataratas del Ni\u00e1gara de verde, blanco y rojo Sonora\",\"isPartOf\":{\"@id\":\"https:\/\/www.sonoraenequipo.com.mx\/#website\"},\"primaryImageOfPage\":{\"@id\":\"https:\/\/www.sonoraenequipo.com.mx\/inicia-la-semana-mexico-en-canada-con-la-iluminacion-de-las-cataratas-del-niagara-de-verde-blanco-y-rojo\/#primaryimage\"},\"image\":{\"@id\":\"https:\/\/www.sonoraenequipo.com.mx\/inicia-la-semana-mexico-en-canada-con-la-iluminacion-de-las-cataratas-del-niagara-de-verde-blanco-y-rojo\/#primaryimage\"},\"thumbnailUrl\":\"https:\/\/www.sonoraenequipo.com.mx\/storage\/2024\/09\/mexico-canada.jpg\",\"datePublished\":\"2024-09-08T18:47:15+00:00\",\"description\":\"NIAGARA, CANAD\u00c1. \u0336 \u0336\u00a0 El Gobierno de Sonora, a trav\u00e9s de la Secretar\u00eda de Turismo (Sectur), participar\u00e1 en la \u201cSemana de M\u00e9xico en Canad\u00e1\u201d, del 7 al 15 de En Sonora en Equipo publicamos toda la informaci\u00f3n de Sonora, M\u00e9xico y el Mundo de manera oportuna y busca que la libertad de expresi\u00f3n sea real. Visita nuestro medio informativo publicado desde Hermosillo, Sonora. %\",\"breadcrumb\":{\"@id\":\"https:\/\/www.sonoraenequipo.com.mx\/inicia-la-semana-mexico-en-canada-con-la-iluminacion-de-las-cataratas-del-niagara-de-verde-blanco-y-rojo\/#breadcrumb\"},\"inLanguage\":\"es\",\"potentialAction\":[{\"@type\":\"ReadAction\",\"target\":[\"https:\/\/www.sonoraenequipo.com.mx\/inicia-la-semana-mexico-en-canada-con-la-iluminacion-de-las-cataratas-del-niagara-de-verde-blanco-y-rojo\/\"]}]},{\"@type\":\"ImageObject\",\"inLanguage\":\"es\",\"@id\":\"https:\/\/www.sonoraenequipo.com.mx\/inicia-la-semana-mexico-en-canada-con-la-iluminacion-de-las-cataratas-del-niagara-de-verde-blanco-y-rojo\/#primaryimage\",\"url\":\"https:\/\/www.sonoraenequipo.com.mx\/storage\/2024\/09\/mexico-canada.jpg\",\"contentUrl\":\"https:\/\/www.sonoraenequipo.com.mx\/storage\/2024\/09\/mexico-canada.jpg\",\"width\":800,\"height\":534},{\"@type\":\"BreadcrumbList\",\"@id\":\"https:\/\/www.sonoraenequipo.com.mx\/inicia-la-semana-mexico-en-canada-con-la-iluminacion-de-las-cataratas-del-niagara-de-verde-blanco-y-rojo\/#breadcrumb\",\"itemListElement\":[{\"@type\":\"ListItem\",\"position\":1,\"name\":\"Portada\",\"item\":\"https:\/\/www.sonoraenequipo.com.mx\/\"},{\"@type\":\"ListItem\",\"position\":2,\"name\":\"Inicia la Semana M\u00e9xico en Canad\u00e1 con la iluminaci\u00f3n de las Cataratas del Ni\u00e1gara de verde, blanco y rojo\"}]},{\"@type\":\"WebSite\",\"@id\":\"https:\/\/www.sonoraenequipo.com.mx\/#website\",\"url\":\"https:\/\/www.sonoraenequipo.com.mx\/\",\"name\":\"Sonora en Equipo.\",\"description\":\"Diario en l\u00ednea con Noticias desde Hermosillo, Sonora\",\"publisher\":{\"@id\":\"https:\/\/www.sonoraenequipo.com.mx\/#organization\"},\"potentialAction\":[{\"@type\":\"SearchAction\",\"target\":{\"@type\":\"EntryPoint\",\"urlTemplate\":\"https:\/\/www.sonoraenequipo.com.mx\/?s={search_term_string}\"},\"query-input\":{\"@type\":\"PropertyValueSpecification\",\"valueRequired\":true,\"valueName\":\"search_term_string\"}}],\"inLanguage\":\"es\"},{\"@type\":\"Organization\",\"@id\":\"https:\/\/www.sonoraenequipo.com.mx\/#organization\",\"name\":\"Sonoraenequipo.com.mx\",\"url\":\"https:\/\/www.sonoraenequipo.com.mx\/\",\"logo\":{\"@type\":\"ImageObject\",\"inLanguage\":\"es\",\"@id\":\"https:\/\/www.sonoraenequipo.com.mx\/#\/schema\/logo\/image\/\",\"url\":\"https:\/\/www.sonoraenequipo.com.mx\/storage\/2019\/01\/sonoraenequipo_opt.png\",\"contentUrl\":\"https:\/\/www.sonoraenequipo.com.mx\/storage\/2019\/01\/sonoraenequipo_opt.png\",\"width\":375,\"height\":125,\"caption\":\"Sonoraenequipo.com.mx\"},\"image\":{\"@id\":\"https:\/\/www.sonoraenequipo.com.mx\/#\/schema\/logo\/image\/\"},\"sameAs\":[\"https:\/\/www.facebook.com\/SonoraEE\/\",\"https:\/\/x.com\/sonoraenequipo\",\"https:\/\/www.youtube.com\/channel\/UC338nW-lPEYmJQs4ZABQ1SQ\"]},{\"@type\":\"Person\",\"@id\":\"https:\/\/www.sonoraenequipo.com.mx\/#\/schema\/person\/50102df0fb23a8fa9e8effad8fa81386\",\"name\":\"enequipo\",\"image\":{\"@type\":\"ImageObject\",\"inLanguage\":\"es\",\"@id\":\"https:\/\/www.sonoraenequipo.com.mx\/#\/schema\/person\/image\/\",\"url\":\"https:\/\/secure.gravatar.com\/avatar\/049821681b589dabc0bc20695993ccebb09f5b5d4d790cd9251b97faac7c652b?s=96&d=blank&r=g\",\"contentUrl\":\"https:\/\/secure.gravatar.com\/avatar\/049821681b589dabc0bc20695993ccebb09f5b5d4d790cd9251b97faac7c652b?s=96&d=blank&r=g\",\"caption\":\"enequipo\"},\"sameAs\":[\"https:\/\/www.facebook.com\/SonoraEE\"]}]}<\/script>\n ","yoast_head_json":{"title":"Sonora en Equipo. Inicia la Semana M\u00e9xico en Canad\u00e1 con la iluminaci\u00f3n de las Cataratas del Ni\u00e1gara de verde, blanco y rojo Sonora","description":"NIAGARA, CANAD\u00c1. \u0336 \u0336\u00a0 El Gobierno de Sonora, a trav\u00e9s de la Secretar\u00eda de Turismo (Sectur), participar\u00e1 en la \u201cSemana de M\u00e9xico en Canad\u00e1\u201d, del 7 al 15 de En Sonora en Equipo publicamos toda la informaci\u00f3n de Sonora, M\u00e9xico y el Mundo de manera oportuna y busca que la libertad de expresi\u00f3n sea real. Visita nuestro medio informativo publicado desde Hermosillo, Sonora. %","robots":{"index":"index","follow":"follow","max-snippet":"max-snippet:-1","max-image-preview":"max-image-preview:large","max-video-preview":"max-video-preview:-1"},"canonical":"https:\/\/www.sonoraenequipo.com.mx\/inicia-la-semana-mexico-en-canada-con-la-iluminacion-de-las-cataratas-del-niagara-de-verde-blanco-y-rojo\/","og_locale":"es_ES","og_type":"article","og_title":"Sonora en Equipo. Inicia la Semana M\u00e9xico en Canad\u00e1 con la iluminaci\u00f3n de las Cataratas del Ni\u00e1gara de verde, blanco y rojo Sonora","og_description":"NIAGARA, CANAD\u00c1. \u0336 \u0336\u00a0 El Gobierno de Sonora, a trav\u00e9s de la Secretar\u00eda de Turismo (Sectur), participar\u00e1 en la \u201cSemana de M\u00e9xico en Canad\u00e1\u201d, del 7 al 15 de En Sonora en Equipo publicamos toda la informaci\u00f3n de Sonora, M\u00e9xico y el Mundo de manera oportuna y busca que la libertad de expresi\u00f3n sea real. Visita nuestro medio informativo publicado desde Hermosillo, Sonora. %","og_url":"https:\/\/www.sonoraenequipo.com.mx\/inicia-la-semana-mexico-en-canada-con-la-iluminacion-de-las-cataratas-del-niagara-de-verde-blanco-y-rojo\/","og_site_name":"Sonora en Equipo.","article_publisher":"https:\/\/www.facebook.com\/SonoraEE\/","article_author":"https:\/\/www.facebook.com\/SonoraEE","article_published_time":"2024-09-08T18:47:15+00:00","og_image":[{"width":800,"height":534,"url":"https:\/\/www.sonoraenequipo.com.mx\/storage\/2024\/09\/mexico-canada.jpg","type":"image\/jpeg"}],"author":"enequipo","twitter_card":"summary_large_image","twitter_creator":"@sonoraenequipo","twitter_site":"@sonoraenequipo","twitter_misc":{"Escrito por":"enequipo","Tiempo de lectura":"1 minuto"},"schema":{"@context":"https:\/\/schema.org","@graph":[{"@type":"Article","@id":"https:\/\/www.sonoraenequipo.com.mx\/inicia-la-semana-mexico-en-canada-con-la-iluminacion-de-las-cataratas-del-niagara-de-verde-blanco-y-rojo\/#article","isPartOf":{"@id":"https:\/\/www.sonoraenequipo.com.mx\/inicia-la-semana-mexico-en-canada-con-la-iluminacion-de-las-cataratas-del-niagara-de-verde-blanco-y-rojo\/"},"author":{"name":"enequipo","@id":"https:\/\/www.sonoraenequipo.com.mx\/#\/schema\/person\/50102df0fb23a8fa9e8effad8fa81386"},"headline":"Inicia la Semana M\u00e9xico en Canad\u00e1 con la iluminaci\u00f3n de las Cataratas del Ni\u00e1gara de verde, blanco y rojo","datePublished":"2024-09-08T18:47:15+00:00","mainEntityOfPage":{"@id":"https:\/\/www.sonoraenequipo.com.mx\/inicia-la-semana-mexico-en-canada-con-la-iluminacion-de-las-cataratas-del-niagara-de-verde-blanco-y-rojo\/"},"wordCount":299,"commentCount":0,"publisher":{"@id":"https:\/\/www.sonoraenequipo.com.mx\/#organization"},"image":{"@id":"https:\/\/www.sonoraenequipo.com.mx\/inicia-la-semana-mexico-en-canada-con-la-iluminacion-de-las-cataratas-del-niagara-de-verde-blanco-y-rojo\/#primaryimage"},"thumbnailUrl":"https:\/\/www.sonoraenequipo.com.mx\/storage\/2024\/09\/mexico-canada.jpg","keywords":["CANAD\u00c1","mexico","semana","Sonora"],"articleSection":["Sonora"],"inLanguage":"es","potentialAction":[{"@type":"CommentAction","name":"Comment","target":["https:\/\/www.sonoraenequipo.com.mx\/inicia-la-semana-mexico-en-canada-con-la-iluminacion-de-las-cataratas-del-niagara-de-verde-blanco-y-rojo\/#respond"]}]},{"@type":"WebPage","@id":"https:\/\/www.sonoraenequipo.com.mx\/inicia-la-semana-mexico-en-canada-con-la-iluminacion-de-las-cataratas-del-niagara-de-verde-blanco-y-rojo\/","url":"https:\/\/www.sonoraenequipo.com.mx\/inicia-la-semana-mexico-en-canada-con-la-iluminacion-de-las-cataratas-del-niagara-de-verde-blanco-y-rojo\/","name":"Sonora en Equipo. Inicia la Semana M\u00e9xico en Canad\u00e1 con la iluminaci\u00f3n de las Cataratas del Ni\u00e1gara de verde, blanco y rojo Sonora","isPartOf":{"@id":"https:\/\/www.sonoraenequipo.com.mx\/#website"},"primaryImageOfPage":{"@id":"https:\/\/www.sonoraenequipo.com.mx\/inicia-la-semana-mexico-en-canada-con-la-iluminacion-de-las-cataratas-del-niagara-de-verde-blanco-y-rojo\/#primaryimage"},"image":{"@id":"https:\/\/www.sonoraenequipo.com.mx\/inicia-la-semana-mexico-en-canada-con-la-iluminacion-de-las-cataratas-del-niagara-de-verde-blanco-y-rojo\/#primaryimage"},"thumbnailUrl":"https:\/\/www.sonoraenequipo.com.mx\/storage\/2024\/09\/mexico-canada.jpg","datePublished":"2024-09-08T18:47:15+00:00","description":"NIAGARA, CANAD\u00c1. \u0336 \u0336\u00a0 El Gobierno de Sonora, a trav\u00e9s de la Secretar\u00eda de Turismo (Sectur), participar\u00e1 en la \u201cSemana de M\u00e9xico en Canad\u00e1\u201d, del 7 al 15 de En Sonora en Equipo publicamos toda la informaci\u00f3n de Sonora, M\u00e9xico y el Mundo de manera oportuna y busca que la libertad de expresi\u00f3n sea real. Visita nuestro medio informativo publicado desde Hermosillo, Sonora. %","breadcrumb":{"@id":"https:\/\/www.sonoraenequipo.com.mx\/inicia-la-semana-mexico-en-canada-con-la-iluminacion-de-las-cataratas-del-niagara-de-verde-blanco-y-rojo\/#breadcrumb"},"inLanguage":"es","potentialAction":[{"@type":"ReadAction","target":["https:\/\/www.sonoraenequipo.com.mx\/inicia-la-semana-mexico-en-canada-con-la-iluminacion-de-las-cataratas-del-niagara-de-verde-blanco-y-rojo\/"]}]},{"@type":"ImageObject","inLanguage":"es","@id":"https:\/\/www.sonoraenequipo.com.mx\/inicia-la-semana-mexico-en-canada-con-la-iluminacion-de-las-cataratas-del-niagara-de-verde-blanco-y-rojo\/#primaryimage","url":"https:\/\/www.sonoraenequipo.com.mx\/storage\/2024\/09\/mexico-canada.jpg","contentUrl":"https:\/\/www.sonoraenequipo.com.mx\/storage\/2024\/09\/mexico-canada.jpg","width":800,"height":534},{"@type":"BreadcrumbList","@id":"https:\/\/www.sonoraenequipo.com.mx\/inicia-la-semana-mexico-en-canada-con-la-iluminacion-de-las-cataratas-del-niagara-de-verde-blanco-y-rojo\/#breadcrumb","itemListElement":[{"@type":"ListItem","position":1,"name":"Portada","item":"https:\/\/www.sonoraenequipo.com.mx\/"},{"@type":"ListItem","position":2,"name":"Inicia la Semana M\u00e9xico en Canad\u00e1 con la iluminaci\u00f3n de las Cataratas del Ni\u00e1gara de verde, blanco y rojo"}]},{"@type":"WebSite","@id":"https:\/\/www.sonoraenequipo.com.mx\/#website","url":"https:\/\/www.sonoraenequipo.com.mx\/","name":"Sonora en Equipo.","description":"Diario en l\u00ednea con Noticias desde Hermosillo, Sonora","publisher":{"@id":"https:\/\/www.sonoraenequipo.com.mx\/#organization"},"potentialAction":[{"@type":"SearchAction","target":{"@type":"EntryPoint","urlTemplate":"https:\/\/www.sonoraenequipo.com.mx\/?s={search_term_string}"},"query-input":{"@type":"PropertyValueSpecification","valueRequired":true,"valueName":"search_term_string"}}],"inLanguage":"es"},{"@type":"Organization","@id":"https:\/\/www.sonoraenequipo.com.mx\/#organization","name":"Sonoraenequipo.com.mx","url":"https:\/\/www.sonoraenequipo.com.mx\/","logo":{"@type":"ImageObject","inLanguage":"es","@id":"https:\/\/www.sonoraenequipo.com.mx\/#\/schema\/logo\/image\/","url":"https:\/\/www.sonoraenequipo.com.mx\/storage\/2019\/01\/sonoraenequipo_opt.png","contentUrl":"https:\/\/www.sonoraenequipo.com.mx\/storage\/2019\/01\/sonoraenequipo_opt.png","width":375,"height":125,"caption":"Sonoraenequipo.com.mx"},"image":{"@id":"https:\/\/www.sonoraenequipo.com.mx\/#\/schema\/logo\/image\/"},"sameAs":["https:\/\/www.facebook.com\/SonoraEE\/","https:\/\/x.com\/sonoraenequipo","https:\/\/www.youtube.com\/channel\/UC338nW-lPEYmJQs4ZABQ1SQ"]},{"@type":"Person","@id":"https:\/\/www.sonoraenequipo.com.mx\/#\/schema\/person\/50102df0fb23a8fa9e8effad8fa81386","name":"enequipo","image":{"@type":"ImageObject","inLanguage":"es","@id":"https:\/\/www.sonoraenequipo.com.mx\/#\/schema\/person\/image\/","url":"https:\/\/secure.gravatar.com\/avatar\/049821681b589dabc0bc20695993ccebb09f5b5d4d790cd9251b97faac7c652b?s=96&d=blank&r=g","contentUrl":"https:\/\/secure.gravatar.com\/avatar\/049821681b589dabc0bc20695993ccebb09f5b5d4d790cd9251b97faac7c652b?s=96&d=blank&r=g","caption":"enequipo"},"sameAs":["https:\/\/www.facebook.com\/SonoraEE"]}]}},"jetpack_featured_media_url":"https:\/\/www.sonoraenequipo.com.mx\/storage\/2024\/09\/mexico-canada.jpg","_links":{"self":[{"href":"https:\/\/www.sonoraenequipo.com.mx\/api\/wp\/v2\/posts\/198716","targetHints":{"allow":["GET"]}}],"collection":[{"href":"https:\/\/www.sonoraenequipo.com.mx\/api\/wp\/v2\/posts"}],"about":[{"href":"https:\/\/www.sonoraenequipo.com.mx\/api\/wp\/v2\/types\/post"}],"author":[{"embeddable":true,"href":"https:\/\/www.sonoraenequipo.com.mx\/api\/wp\/v2\/users\/1"}],"replies":[{"embeddable":true,"href":"https:\/\/www.sonoraenequipo.com.mx\/api\/wp\/v2\/comments?post=198716"}],"version-history":[{"count":1,"href":"https:\/\/www.sonoraenequipo.com.mx\/api\/wp\/v2\/posts\/198716\/revisions"}],"predecessor-version":[{"id":198718,"href":"https:\/\/www.sonoraenequipo.com.mx\/api\/wp\/v2\/posts\/198716\/revisions\/198718"}],"wp:featuredmedia":[{"embeddable":true,"href":"https:\/\/www.sonoraenequipo.com.mx\/api\/wp\/v2\/media\/198717"}],"wp:attachment":[{"href":"https:\/\/www.sonoraenequipo.com.mx\/api\/wp\/v2\/media?parent=198716"}],"wp:term":[{"taxonomy":"category","embeddable":true,"href":"https:\/\/www.sonoraenequipo.com.mx\/api\/wp\/v2\/categories?post=198716"},{"taxonomy":"post_tag","embeddable":true,"href":"https:\/\/www.sonoraenequipo.com.mx\/api\/wp\/v2\/tags?post=198716"}],"curies":[{"name":"wp","href":"https:\/\/api.w.org\/{rel}","templated":true}]}}