{"id":198732,"date":"2024-09-08T12:13:54","date_gmt":"2024-09-08T19:13:54","guid":{"rendered":"https:\/\/www.sonoraenequipo.com.mx\/?p=198732"},"modified":"2024-09-08T12:14:27","modified_gmt":"2024-09-08T19:14:27","slug":"opositor-venezolano-edmundo-gonzalez-llega-espana-tras-solicitar-asilo-politico","status":"publish","type":"post","link":"https:\/\/www.sonoraenequipo.com.mx\/opositor-venezolano-edmundo-gonzalez-llega-espana-tras-solicitar-asilo-politico\/","title":{"rendered":"Opositor venezolano Edmundo Gonz\u00e1lez llega a Espa\u00f1a tras solicitar asilo pol\u00edtico"},"content":{"rendered":"<p><strong>MADRID, ESPA\u00d1A.<\/strong><strong> \u0336 \u0336&nbsp; <\/strong>El excandidato presidencial de la oposici\u00f3n venezolana, Edmundo Gonz\u00e1lez, lleg\u00f3 el domingo a Espa\u00f1a tras solicitar asilo pol\u00edtico a ese pa\u00eds, informaron autoridades espa\u00f1olas. El opositor dej\u00f3 Venezuela en medio de una fuerte crisis pol\u00edtica y diplom\u00e1tica.<\/p>\n<p>&nbsp;<\/p>\n<p>El excandidato presidencial de la oposici\u00f3n venezolana, Edmundo Gonz\u00e1lez, lleg\u00f3 el domingo a Espa\u00f1a tras solicitar asilo pol\u00edtico a ese pa\u00eds, informaron autoridades espa\u00f1olas, luego de que dejara su pa\u00eds en medio de una crisis pol\u00edtica despu\u00e9s de las elecciones del 28 de julio.<\/p>\n<p>&nbsp;<\/p>\n<p>\u200bGonz\u00e1lez, quien viaj\u00f3 acompa\u00f1ado por su esposa y por el secretario de Estado de Asuntos Exteriores y Goblales, Diego Mart\u00ednez Bel\u00edo, fue recibido por la secretar\u00eda de Estado para Iberoam\u00e9rica y el Espa\u00f1ol en el Mundo, Susana Sumelzo, dijo un comunicado del Ministerio de Asuntos Exteriores del pa\u00eds europeo.<\/p>\n<p>&nbsp;<\/p>\n<p>\u00abA partir de ahora, comenzar\u00e1n los tr\u00e1mites para la petici\u00f3n del asilo cuyo resoluci\u00f3n ser\u00e1 favorable en aras del compromiso de Espa\u00f1a con los derechos pol\u00edticos y la integridad f\u00edsica de todos los venezolanos y venezolanas, especialmente de los l\u00edderes pol\u00edticos\u00bb, afirm\u00f3.<\/p>\n<p>&nbsp;<\/p>\n<p>El exembajador de 75 a\u00f1os arrib\u00f3 a la Base A\u00e9rea de Torrej\u00f3n de Ardoz a bordo de un avi\u00f3n de Ej\u00e9rcito del Aire de Espa\u00f1a que parti\u00f3 el s\u00e1bado de Maiquet\u00eda, Venezuela, a \u00faltima hora de la noche. La aeronave realiz\u00f3 dos paradas t\u00e9cnicas, una en Santo Domingo, Rep\u00fablica Dominicana; y otra en la Base A\u00e9rea Internacional de Lajes, en Portugal.<\/p>\n<p>&nbsp;<\/p>\n<p>La OEA dijo en un comunicado que Gonz\u00e1lez fue forzado al exilio y calific\u00f3 de \u00abcondenable y repudiable\u00bb las amenazas de encarcelamiento y citaciones no fundamentadas en su contra.<\/p>\n<p><strong>&nbsp;<\/strong><\/p>\n<p><strong>No hubo negociaci\u00f3n politica con Maduro<\/strong><\/p>\n<p>El ministro de Asuntos Exteriores de Espa\u00f1a, Jos\u00e9 Manuel Albares, descart\u00f3 alguna negociaci\u00f3n pol\u00edtica con el gobierno de Nicol\u00e1s Maduro y sostuvo que el asilo fue concedido por \u201csolicitud personal\u201d de Gonz\u00e1lez Urrutia.<\/p>\n<p>&nbsp;<\/p>\n<p>\u201cEsto no ha sido improvisado, llev\u00e1bamos muchos d\u00edas preparando este momento\u201d, afirm\u00f3 a RTVE. Adem\u00e1s, manifest\u00f3 que el hecho de que un l\u00edder pol\u00edtico deba solicitar asilo \u201ces una mala noticia\u201d.<\/p>\n<p>&nbsp;<\/p>\n<p>\u201cLo que Espa\u00f1a quiere es que se respete el resultado de las urnas, que la libertad de manifestaci\u00f3n, los derechos pol\u00edticos se respeten (\u2026) Espa\u00f1a no va a darle nunca la espalda ni va a abandonar ni a Edmundo Gonz\u00e1lez ni a ning\u00fan venezolano\u201d, continu\u00f3.<\/p>\n<p>&nbsp;<\/p>\n<p>Gonz\u00e1lez dej\u00f3 Venezuela una semana despu\u00e9s de que las autoridades venezolanas emitieran una orden de arresto en su contra tras ausentarse a tres citaciones en el Ministerio P\u00fablico por la publicaci\u00f3n de datos electorales en un sitio web que las autoridades consideran una \u00abusurpaci\u00f3n de funciones\u00bb.<\/p>\n<p>&nbsp;<\/p>\n<p>M\u00e1s de un mes despu\u00e9s de la elecci\u00f3n, la autoridad electoral no ha divulgado los resultados desglosados, lo que ha sido cuestionado por decenas de pa\u00edses que no han reconocido la victoria de Nicol\u00e1s Maduro, proclamado ganador de los comicios. La oposici\u00f3n asegura que el presidente electo es Gonz\u00e1lez.<\/p>\n<p>&nbsp;<\/p>\n<p>Mar\u00eda Corina Machado, ganadora de la primaria presidencial opositora, pero inhabilitada para ejercer cargos p\u00fablicos, dijo el lunes que Edmundo Gonz\u00e1lez continuar\u00e1 luchando desde el exilio y asegur\u00f3 que ser\u00e1 juramentado como presidente de Venezuela el 10 de enero, fecha fijada por la Constituci\u00f3n.<\/p>\n<p><strong>Fecha de publicaci\u00f3n domingo 8 de septiembre de 2024 \/ VOA<\/strong><\/p>\n","protected":false},"excerpt":{"rendered":"<p>MADRID, ESPA\u00d1A. \u0336 \u0336&nbsp; El excandidato presidencial de la oposici\u00f3n venezolana, Edmundo Gonz\u00e1lez, lleg\u00f3 el&#8230;<\/p>\n","protected":false},"author":1,"featured_media":198733,"comment_status":"open","ping_status":"open","sticky":false,"template":"","format":"standard","meta":{"_monsterinsights_skip_tracking":false,"_monsterinsights_sitenote_active":false,"_monsterinsights_sitenote_note":"","_monsterinsights_sitenote_category":0,"footnotes":""},"categories":[3],"tags":[10228,3000,2777],"class_list":["post"],"yoast_head":" \n<title>Sonora en Equipo. Opositor venezolano Edmundo Gonz\u00e1lez llega a Espa\u00f1a tras solicitar asilo pol\u00edtico MUNDO<\/title>\n<meta name=\"description\" content=\"MADRID, ESPA\u00d1A. \u0336 \u0336&nbsp; El excandidato presidencial de la oposici\u00f3n venezolana, Edmundo Gonz\u00e1lez, lleg\u00f3 el domingo a Espa\u00f1a tras solicitar asilo En Sonora en Equipo publicamos toda la informaci\u00f3n de Sonora, M\u00e9xico y el Mundo de manera oportuna y busca que la libertad de expresi\u00f3n sea real. Visita nuestro medio informativo publicado desde Hermosillo, Sonora. %\" \/>\n<meta name=\"robots\" content=\"index, follow, max-snippet:-1, max-image-preview:large, max-video-preview:-1\" \/>\n<link rel=\"canonical\" href=\"https:\/\/www.sonoraenequipo.com.mx\/opositor-venezolano-edmundo-gonzalez-llega-espana-tras-solicitar-asilo-politico\/\" \/>\n<meta property=\"og:locale\" content=\"es_ES\" \/>\n<meta property=\"og:type\" content=\"article\" \/>\n<meta property=\"og:title\" content=\"Sonora en Equipo. Opositor venezolano Edmundo Gonz\u00e1lez llega a Espa\u00f1a tras solicitar asilo pol\u00edtico MUNDO\" \/>\n<meta property=\"og:description\" content=\"MADRID, ESPA\u00d1A. \u0336 \u0336&nbsp; El excandidato presidencial de la oposici\u00f3n venezolana, Edmundo Gonz\u00e1lez, lleg\u00f3 el domingo a Espa\u00f1a tras solicitar asilo En Sonora en Equipo publicamos toda la informaci\u00f3n de Sonora, M\u00e9xico y el Mundo de manera oportuna y busca que la libertad de expresi\u00f3n sea real. Visita nuestro medio informativo publicado desde Hermosillo, Sonora. %\" \/>\n<meta property=\"og:url\" content=\"https:\/\/www.sonoraenequipo.com.mx\/opositor-venezolano-edmundo-gonzalez-llega-espana-tras-solicitar-asilo-politico\/\" \/>\n<meta property=\"og:site_name\" content=\"Sonora en Equipo.\" \/>\n<meta property=\"article:publisher\" content=\"https:\/\/www.facebook.com\/SonoraEE\/\" \/>\n<meta property=\"article:author\" content=\"https:\/\/www.facebook.com\/SonoraEE\" \/>\n<meta property=\"article:published_time\" content=\"2024-09-08T19:13:54+00:00\" \/>\n<meta property=\"article:modified_time\" content=\"2024-09-08T19:14:27+00:00\" \/>\n<meta property=\"og:image\" content=\"https:\/\/www.sonoraenequipo.com.mx\/storage\/2024\/09\/edmundo-gonzalez-asilo.jpg\" \/>\n\t<meta property=\"og:image:width\" content=\"800\" \/>\n\t<meta property=\"og:image:height\" content=\"450\" \/>\n\t<meta property=\"og:image:type\" content=\"image\/jpeg\" \/>\n<meta name=\"author\" content=\"enequipo\" \/>\n<meta name=\"twitter:card\" content=\"summary_large_image\" \/>\n<meta name=\"twitter:creator\" content=\"@sonoraenequipo\" \/>\n<meta name=\"twitter:site\" content=\"@sonoraenequipo\" \/>\n<meta name=\"twitter:label1\" content=\"Escrito por\" \/>\n\t<meta name=\"twitter:data1\" content=\"enequipo\" \/>\n\t<meta name=\"twitter:label2\" content=\"Tiempo de lectura\" \/>\n\t<meta name=\"twitter:data2\" content=\"3 minutos\" \/>\n<script type=\"application\/ld+json\" class=\"yoast-schema-graph\">{\"@context\":\"https:\/\/schema.org\",\"@graph\":[{\"@type\":\"Article\",\"@id\":\"https:\/\/www.sonoraenequipo.com.mx\/opositor-venezolano-edmundo-gonzalez-llega-espana-tras-solicitar-asilo-politico\/#article\",\"isPartOf\":{\"@id\":\"https:\/\/www.sonoraenequipo.com.mx\/opositor-venezolano-edmundo-gonzalez-llega-espana-tras-solicitar-asilo-politico\/\"},\"author\":{\"name\":\"enequipo\",\"@id\":\"https:\/\/www.sonoraenequipo.com.mx\/#\/schema\/person\/50102df0fb23a8fa9e8effad8fa81386\"},\"headline\":\"Opositor venezolano Edmundo Gonz\u00e1lez llega a Espa\u00f1a tras solicitar asilo pol\u00edtico\",\"datePublished\":\"2024-09-08T19:13:54+00:00\",\"dateModified\":\"2024-09-08T19:14:27+00:00\",\"mainEntityOfPage\":{\"@id\":\"https:\/\/www.sonoraenequipo.com.mx\/opositor-venezolano-edmundo-gonzalez-llega-espana-tras-solicitar-asilo-politico\/\"},\"wordCount\":629,\"commentCount\":0,\"publisher\":{\"@id\":\"https:\/\/www.sonoraenequipo.com.mx\/#organization\"},\"image\":{\"@id\":\"https:\/\/www.sonoraenequipo.com.mx\/opositor-venezolano-edmundo-gonzalez-llega-espana-tras-solicitar-asilo-politico\/#primaryimage\"},\"thumbnailUrl\":\"https:\/\/www.sonoraenequipo.com.mx\/storage\/2024\/09\/edmundo-gonzalez-asilo.jpg\",\"keywords\":[\"edmundogonzalez\",\"maduro\",\"Venezuela\"],\"articleSection\":[\"MUNDO\"],\"inLanguage\":\"es\",\"potentialAction\":[{\"@type\":\"CommentAction\",\"name\":\"Comment\",\"target\":[\"https:\/\/www.sonoraenequipo.com.mx\/opositor-venezolano-edmundo-gonzalez-llega-espana-tras-solicitar-asilo-politico\/#respond\"]}]},{\"@type\":\"WebPage\",\"@id\":\"https:\/\/www.sonoraenequipo.com.mx\/opositor-venezolano-edmundo-gonzalez-llega-espana-tras-solicitar-asilo-politico\/\",\"url\":\"https:\/\/www.sonoraenequipo.com.mx\/opositor-venezolano-edmundo-gonzalez-llega-espana-tras-solicitar-asilo-politico\/\",\"name\":\"Sonora en Equipo. Opositor venezolano Edmundo Gonz\u00e1lez llega a Espa\u00f1a tras solicitar asilo pol\u00edtico MUNDO\",\"isPartOf\":{\"@id\":\"https:\/\/www.sonoraenequipo.com.mx\/#website\"},\"primaryImageOfPage\":{\"@id\":\"https:\/\/www.sonoraenequipo.com.mx\/opositor-venezolano-edmundo-gonzalez-llega-espana-tras-solicitar-asilo-politico\/#primaryimage\"},\"image\":{\"@id\":\"https:\/\/www.sonoraenequipo.com.mx\/opositor-venezolano-edmundo-gonzalez-llega-espana-tras-solicitar-asilo-politico\/#primaryimage\"},\"thumbnailUrl\":\"https:\/\/www.sonoraenequipo.com.mx\/storage\/2024\/09\/edmundo-gonzalez-asilo.jpg\",\"datePublished\":\"2024-09-08T19:13:54+00:00\",\"dateModified\":\"2024-09-08T19:14:27+00:00\",\"description\":\"MADRID, ESPA\u00d1A. \u0336 \u0336&nbsp; El excandidato presidencial de la oposici\u00f3n venezolana, Edmundo Gonz\u00e1lez, lleg\u00f3 el domingo a Espa\u00f1a tras solicitar asilo En Sonora en Equipo publicamos toda la informaci\u00f3n de Sonora, M\u00e9xico y el Mundo de manera oportuna y busca que la libertad de expresi\u00f3n sea real. Visita nuestro medio informativo publicado desde Hermosillo, Sonora. %\",\"breadcrumb\":{\"@id\":\"https:\/\/www.sonoraenequipo.com.mx\/opositor-venezolano-edmundo-gonzalez-llega-espana-tras-solicitar-asilo-politico\/#breadcrumb\"},\"inLanguage\":\"es\",\"potentialAction\":[{\"@type\":\"ReadAction\",\"target\":[\"https:\/\/www.sonoraenequipo.com.mx\/opositor-venezolano-edmundo-gonzalez-llega-espana-tras-solicitar-asilo-politico\/\"]}]},{\"@type\":\"ImageObject\",\"inLanguage\":\"es\",\"@id\":\"https:\/\/www.sonoraenequipo.com.mx\/opositor-venezolano-edmundo-gonzalez-llega-espana-tras-solicitar-asilo-politico\/#primaryimage\",\"url\":\"https:\/\/www.sonoraenequipo.com.mx\/storage\/2024\/09\/edmundo-gonzalez-asilo.jpg\",\"contentUrl\":\"https:\/\/www.sonoraenequipo.com.mx\/storage\/2024\/09\/edmundo-gonzalez-asilo.jpg\",\"width\":800,\"height\":450,\"caption\":\"Partidarios del excandidato Edmundo Gonz\u00e1lez acudieron a los exteriores de la base a\u00e9rea de Torrej\u00f3n para mostrarle su apoyo. En Madrid, Espa\u00f1a, el domingo 8 de septiembre de 2024. Imagen AP\"},{\"@type\":\"BreadcrumbList\",\"@id\":\"https:\/\/www.sonoraenequipo.com.mx\/opositor-venezolano-edmundo-gonzalez-llega-espana-tras-solicitar-asilo-politico\/#breadcrumb\",\"itemListElement\":[{\"@type\":\"ListItem\",\"position\":1,\"name\":\"Portada\",\"item\":\"https:\/\/www.sonoraenequipo.com.mx\/\"},{\"@type\":\"ListItem\",\"position\":2,\"name\":\"Opositor venezolano Edmundo Gonz\u00e1lez llega a Espa\u00f1a tras solicitar asilo pol\u00edtico\"}]},{\"@type\":\"WebSite\",\"@id\":\"https:\/\/www.sonoraenequipo.com.mx\/#website\",\"url\":\"https:\/\/www.sonoraenequipo.com.mx\/\",\"name\":\"Sonora en Equipo.\",\"description\":\"Diario en l\u00ednea con Noticias desde Hermosillo, Sonora\",\"publisher\":{\"@id\":\"https:\/\/www.sonoraenequipo.com.mx\/#organization\"},\"potentialAction\":[{\"@type\":\"SearchAction\",\"target\":{\"@type\":\"EntryPoint\",\"urlTemplate\":\"https:\/\/www.sonoraenequipo.com.mx\/?s={search_term_string}\"},\"query-input\":{\"@type\":\"PropertyValueSpecification\",\"valueRequired\":true,\"valueName\":\"search_term_string\"}}],\"inLanguage\":\"es\"},{\"@type\":\"Organization\",\"@id\":\"https:\/\/www.sonoraenequipo.com.mx\/#organization\",\"name\":\"Sonoraenequipo.com.mx\",\"url\":\"https:\/\/www.sonoraenequipo.com.mx\/\",\"logo\":{\"@type\":\"ImageObject\",\"inLanguage\":\"es\",\"@id\":\"https:\/\/www.sonoraenequipo.com.mx\/#\/schema\/logo\/image\/\",\"url\":\"https:\/\/www.sonoraenequipo.com.mx\/storage\/2019\/01\/sonoraenequipo_opt.png\",\"contentUrl\":\"https:\/\/www.sonoraenequipo.com.mx\/storage\/2019\/01\/sonoraenequipo_opt.png\",\"width\":375,\"height\":125,\"caption\":\"Sonoraenequipo.com.mx\"},\"image\":{\"@id\":\"https:\/\/www.sonoraenequipo.com.mx\/#\/schema\/logo\/image\/\"},\"sameAs\":[\"https:\/\/www.facebook.com\/SonoraEE\/\",\"https:\/\/x.com\/sonoraenequipo\",\"https:\/\/www.youtube.com\/channel\/UC338nW-lPEYmJQs4ZABQ1SQ\"]},{\"@type\":\"Person\",\"@id\":\"https:\/\/www.sonoraenequipo.com.mx\/#\/schema\/person\/50102df0fb23a8fa9e8effad8fa81386\",\"name\":\"enequipo\",\"image\":{\"@type\":\"ImageObject\",\"inLanguage\":\"es\",\"@id\":\"https:\/\/www.sonoraenequipo.com.mx\/#\/schema\/person\/image\/\",\"url\":\"https:\/\/secure.gravatar.com\/avatar\/049821681b589dabc0bc20695993ccebb09f5b5d4d790cd9251b97faac7c652b?s=96&d=blank&r=g\",\"contentUrl\":\"https:\/\/secure.gravatar.com\/avatar\/049821681b589dabc0bc20695993ccebb09f5b5d4d790cd9251b97faac7c652b?s=96&d=blank&r=g\",\"caption\":\"enequipo\"},\"sameAs\":[\"https:\/\/www.facebook.com\/SonoraEE\"]}]}<\/script>\n ","yoast_head_json":{"title":"Sonora en Equipo. Opositor venezolano Edmundo Gonz\u00e1lez llega a Espa\u00f1a tras solicitar asilo pol\u00edtico MUNDO","description":"MADRID, ESPA\u00d1A. \u0336 \u0336&nbsp; El excandidato presidencial de la oposici\u00f3n venezolana, Edmundo Gonz\u00e1lez, lleg\u00f3 el domingo a Espa\u00f1a tras solicitar asilo En Sonora en Equipo publicamos toda la informaci\u00f3n de Sonora, M\u00e9xico y el Mundo de manera oportuna y busca que la libertad de expresi\u00f3n sea real. Visita nuestro medio informativo publicado desde Hermosillo, Sonora. %","robots":{"index":"index","follow":"follow","max-snippet":"max-snippet:-1","max-image-preview":"max-image-preview:large","max-video-preview":"max-video-preview:-1"},"canonical":"https:\/\/www.sonoraenequipo.com.mx\/opositor-venezolano-edmundo-gonzalez-llega-espana-tras-solicitar-asilo-politico\/","og_locale":"es_ES","og_type":"article","og_title":"Sonora en Equipo. Opositor venezolano Edmundo Gonz\u00e1lez llega a Espa\u00f1a tras solicitar asilo pol\u00edtico MUNDO","og_description":"MADRID, ESPA\u00d1A. \u0336 \u0336&nbsp; El excandidato presidencial de la oposici\u00f3n venezolana, Edmundo Gonz\u00e1lez, lleg\u00f3 el domingo a Espa\u00f1a tras solicitar asilo En Sonora en Equipo publicamos toda la informaci\u00f3n de Sonora, M\u00e9xico y el Mundo de manera oportuna y busca que la libertad de expresi\u00f3n sea real. Visita nuestro medio informativo publicado desde Hermosillo, Sonora. %","og_url":"https:\/\/www.sonoraenequipo.com.mx\/opositor-venezolano-edmundo-gonzalez-llega-espana-tras-solicitar-asilo-politico\/","og_site_name":"Sonora en Equipo.","article_publisher":"https:\/\/www.facebook.com\/SonoraEE\/","article_author":"https:\/\/www.facebook.com\/SonoraEE","article_published_time":"2024-09-08T19:13:54+00:00","article_modified_time":"2024-09-08T19:14:27+00:00","og_image":[{"width":800,"height":450,"url":"https:\/\/www.sonoraenequipo.com.mx\/storage\/2024\/09\/edmundo-gonzalez-asilo.jpg","type":"image\/jpeg"}],"author":"enequipo","twitter_card":"summary_large_image","twitter_creator":"@sonoraenequipo","twitter_site":"@sonoraenequipo","twitter_misc":{"Escrito por":"enequipo","Tiempo de lectura":"3 minutos"},"schema":{"@context":"https:\/\/schema.org","@graph":[{"@type":"Article","@id":"https:\/\/www.sonoraenequipo.com.mx\/opositor-venezolano-edmundo-gonzalez-llega-espana-tras-solicitar-asilo-politico\/#article","isPartOf":{"@id":"https:\/\/www.sonoraenequipo.com.mx\/opositor-venezolano-edmundo-gonzalez-llega-espana-tras-solicitar-asilo-politico\/"},"author":{"name":"enequipo","@id":"https:\/\/www.sonoraenequipo.com.mx\/#\/schema\/person\/50102df0fb23a8fa9e8effad8fa81386"},"headline":"Opositor venezolano Edmundo Gonz\u00e1lez llega a Espa\u00f1a tras solicitar asilo pol\u00edtico","datePublished":"2024-09-08T19:13:54+00:00","dateModified":"2024-09-08T19:14:27+00:00","mainEntityOfPage":{"@id":"https:\/\/www.sonoraenequipo.com.mx\/opositor-venezolano-edmundo-gonzalez-llega-espana-tras-solicitar-asilo-politico\/"},"wordCount":629,"commentCount":0,"publisher":{"@id":"https:\/\/www.sonoraenequipo.com.mx\/#organization"},"image":{"@id":"https:\/\/www.sonoraenequipo.com.mx\/opositor-venezolano-edmundo-gonzalez-llega-espana-tras-solicitar-asilo-politico\/#primaryimage"},"thumbnailUrl":"https:\/\/www.sonoraenequipo.com.mx\/storage\/2024\/09\/edmundo-gonzalez-asilo.jpg","keywords":["edmundogonzalez","maduro","Venezuela"],"articleSection":["MUNDO"],"inLanguage":"es","potentialAction":[{"@type":"CommentAction","name":"Comment","target":["https:\/\/www.sonoraenequipo.com.mx\/opositor-venezolano-edmundo-gonzalez-llega-espana-tras-solicitar-asilo-politico\/#respond"]}]},{"@type":"WebPage","@id":"https:\/\/www.sonoraenequipo.com.mx\/opositor-venezolano-edmundo-gonzalez-llega-espana-tras-solicitar-asilo-politico\/","url":"https:\/\/www.sonoraenequipo.com.mx\/opositor-venezolano-edmundo-gonzalez-llega-espana-tras-solicitar-asilo-politico\/","name":"Sonora en Equipo. Opositor venezolano Edmundo Gonz\u00e1lez llega a Espa\u00f1a tras solicitar asilo pol\u00edtico MUNDO","isPartOf":{"@id":"https:\/\/www.sonoraenequipo.com.mx\/#website"},"primaryImageOfPage":{"@id":"https:\/\/www.sonoraenequipo.com.mx\/opositor-venezolano-edmundo-gonzalez-llega-espana-tras-solicitar-asilo-politico\/#primaryimage"},"image":{"@id":"https:\/\/www.sonoraenequipo.com.mx\/opositor-venezolano-edmundo-gonzalez-llega-espana-tras-solicitar-asilo-politico\/#primaryimage"},"thumbnailUrl":"https:\/\/www.sonoraenequipo.com.mx\/storage\/2024\/09\/edmundo-gonzalez-asilo.jpg","datePublished":"2024-09-08T19:13:54+00:00","dateModified":"2024-09-08T19:14:27+00:00","description":"MADRID, ESPA\u00d1A. \u0336 \u0336&nbsp; El excandidato presidencial de la oposici\u00f3n venezolana, Edmundo Gonz\u00e1lez, lleg\u00f3 el domingo a Espa\u00f1a tras solicitar asilo En Sonora en Equipo publicamos toda la informaci\u00f3n de Sonora, M\u00e9xico y el Mundo de manera oportuna y busca que la libertad de expresi\u00f3n sea real. Visita nuestro medio informativo publicado desde Hermosillo, Sonora. %","breadcrumb":{"@id":"https:\/\/www.sonoraenequipo.com.mx\/opositor-venezolano-edmundo-gonzalez-llega-espana-tras-solicitar-asilo-politico\/#breadcrumb"},"inLanguage":"es","potentialAction":[{"@type":"ReadAction","target":["https:\/\/www.sonoraenequipo.com.mx\/opositor-venezolano-edmundo-gonzalez-llega-espana-tras-solicitar-asilo-politico\/"]}]},{"@type":"ImageObject","inLanguage":"es","@id":"https:\/\/www.sonoraenequipo.com.mx\/opositor-venezolano-edmundo-gonzalez-llega-espana-tras-solicitar-asilo-politico\/#primaryimage","url":"https:\/\/www.sonoraenequipo.com.mx\/storage\/2024\/09\/edmundo-gonzalez-asilo.jpg","contentUrl":"https:\/\/www.sonoraenequipo.com.mx\/storage\/2024\/09\/edmundo-gonzalez-asilo.jpg","width":800,"height":450,"caption":"Partidarios del excandidato Edmundo Gonz\u00e1lez acudieron a los exteriores de la base a\u00e9rea de Torrej\u00f3n para mostrarle su apoyo. En Madrid, Espa\u00f1a, el domingo 8 de septiembre de 2024. Imagen AP"},{"@type":"BreadcrumbList","@id":"https:\/\/www.sonoraenequipo.com.mx\/opositor-venezolano-edmundo-gonzalez-llega-espana-tras-solicitar-asilo-politico\/#breadcrumb","itemListElement":[{"@type":"ListItem","position":1,"name":"Portada","item":"https:\/\/www.sonoraenequipo.com.mx\/"},{"@type":"ListItem","position":2,"name":"Opositor venezolano Edmundo Gonz\u00e1lez llega a Espa\u00f1a tras solicitar asilo pol\u00edtico"}]},{"@type":"WebSite","@id":"https:\/\/www.sonoraenequipo.com.mx\/#website","url":"https:\/\/www.sonoraenequipo.com.mx\/","name":"Sonora en Equipo.","description":"Diario en l\u00ednea con Noticias desde Hermosillo, Sonora","publisher":{"@id":"https:\/\/www.sonoraenequipo.com.mx\/#organization"},"potentialAction":[{"@type":"SearchAction","target":{"@type":"EntryPoint","urlTemplate":"https:\/\/www.sonoraenequipo.com.mx\/?s={search_term_string}"},"query-input":{"@type":"PropertyValueSpecification","valueRequired":true,"valueName":"search_term_string"}}],"inLanguage":"es"},{"@type":"Organization","@id":"https:\/\/www.sonoraenequipo.com.mx\/#organization","name":"Sonoraenequipo.com.mx","url":"https:\/\/www.sonoraenequipo.com.mx\/","logo":{"@type":"ImageObject","inLanguage":"es","@id":"https:\/\/www.sonoraenequipo.com.mx\/#\/schema\/logo\/image\/","url":"https:\/\/www.sonoraenequipo.com.mx\/storage\/2019\/01\/sonoraenequipo_opt.png","contentUrl":"https:\/\/www.sonoraenequipo.com.mx\/storage\/2019\/01\/sonoraenequipo_opt.png","width":375,"height":125,"caption":"Sonoraenequipo.com.mx"},"image":{"@id":"https:\/\/www.sonoraenequipo.com.mx\/#\/schema\/logo\/image\/"},"sameAs":["https:\/\/www.facebook.com\/SonoraEE\/","https:\/\/x.com\/sonoraenequipo","https:\/\/www.youtube.com\/channel\/UC338nW-lPEYmJQs4ZABQ1SQ"]},{"@type":"Person","@id":"https:\/\/www.sonoraenequipo.com.mx\/#\/schema\/person\/50102df0fb23a8fa9e8effad8fa81386","name":"enequipo","image":{"@type":"ImageObject","inLanguage":"es","@id":"https:\/\/www.sonoraenequipo.com.mx\/#\/schema\/person\/image\/","url":"https:\/\/secure.gravatar.com\/avatar\/049821681b589dabc0bc20695993ccebb09f5b5d4d790cd9251b97faac7c652b?s=96&d=blank&r=g","contentUrl":"https:\/\/secure.gravatar.com\/avatar\/049821681b589dabc0bc20695993ccebb09f5b5d4d790cd9251b97faac7c652b?s=96&d=blank&r=g","caption":"enequipo"},"sameAs":["https:\/\/www.facebook.com\/SonoraEE"]}]}},"jetpack_featured_media_url":"https:\/\/www.sonoraenequipo.com.mx\/storage\/2024\/09\/edmundo-gonzalez-asilo.jpg","_links":{"self":[{"href":"https:\/\/www.sonoraenequipo.com.mx\/api\/wp\/v2\/posts\/198732","targetHints":{"allow":["GET"]}}],"collection":[{"href":"https:\/\/www.sonoraenequipo.com.mx\/api\/wp\/v2\/posts"}],"about":[{"href":"https:\/\/www.sonoraenequipo.com.mx\/api\/wp\/v2\/types\/post"}],"author":[{"embeddable":true,"href":"https:\/\/www.sonoraenequipo.com.mx\/api\/wp\/v2\/users\/1"}],"replies":[{"embeddable":true,"href":"https:\/\/www.sonoraenequipo.com.mx\/api\/wp\/v2\/comments?post=198732"}],"version-history":[{"count":2,"href":"https:\/\/www.sonoraenequipo.com.mx\/api\/wp\/v2\/posts\/198732\/revisions"}],"predecessor-version":[{"id":198735,"href":"https:\/\/www.sonoraenequipo.com.mx\/api\/wp\/v2\/posts\/198732\/revisions\/198735"}],"wp:featuredmedia":[{"embeddable":true,"href":"https:\/\/www.sonoraenequipo.com.mx\/api\/wp\/v2\/media\/198733"}],"wp:attachment":[{"href":"https:\/\/www.sonoraenequipo.com.mx\/api\/wp\/v2\/media?parent=198732"}],"wp:term":[{"taxonomy":"category","embeddable":true,"href":"https:\/\/www.sonoraenequipo.com.mx\/api\/wp\/v2\/categories?post=198732"},{"taxonomy":"post_tag","embeddable":true,"href":"https:\/\/www.sonoraenequipo.com.mx\/api\/wp\/v2\/tags?post=198732"}],"curies":[{"name":"wp","href":"https:\/\/api.w.org\/{rel}","templated":true}]}}