{"id":198739,"date":"2024-09-08T13:51:31","date_gmt":"2024-09-08T20:51:31","guid":{"rendered":"https:\/\/www.sonoraenequipo.com.mx\/?p=198739"},"modified":"2024-09-08T13:51:31","modified_gmt":"2024-09-08T20:51:31","slug":"entrega-tono-astiazaran-mejoras-a-parque-villa-feliz","status":"publish","type":"post","link":"https:\/\/www.sonoraenequipo.com.mx\/entrega-tono-astiazaran-mejoras-a-parque-villa-feliz\/","title":{"rendered":"Entrega To\u00f1o Astiazar\u00e1n mejoras a Parque Villa Feliz"},"content":{"rendered":"<p><strong>HERMOSILLO, SONORA, MX.<\/strong> \u2014 Como un sue\u00f1o hecho realidad consider\u00f3 Elena Moreno la rehabilitaci\u00f3n al Parque Villa Feliz por parte del Gobierno Municipal encabezado por Antonio Astiazar\u00e1n que marca un antes y un despu\u00e9s a este espacio.<\/p>\n<p>&nbsp;<\/p>\n<p>La residente del fraccionamiento Villa Residencial Bonita recibi\u00f3 por parte del Presidente Municipal la rehabilitaci\u00f3n del parque, mejoras que se suman al esfuerzo de vecinas y vecinos que rescataron este espacio hace 14 a\u00f1os.<\/p>\n<p>&nbsp;<\/p>\n<p>\u201cHoy vemos con mucha alegr\u00eda un sue\u00f1o que ten\u00edamos, ver este parque con estas mejoras que se le han hecho. Estaba vandalizado, abandonado y faltaba reforestaci\u00f3n pero hicimos equipo y ahora vemos con mucha alegr\u00eda que este parque ya se puede llamar parque\u201d, agreg\u00f3.<\/p>\n<p>&nbsp;<\/p>\n<p>Antonio \u201cTo\u00f1o\u201d Astiazar\u00e1n constat\u00f3 los trabajos por parte del Consejo Municipal de Concertaci\u00f3n para la Obra P\u00fablica (CMCOP) como rehabilitaci\u00f3n de ba\u00f1os, luminarias, sistema de riego por goteo y ampliaci\u00f3n de parapetos.<\/p>\n<p>&nbsp;<\/p>\n<p>\u201cNo es s\u00f3lo alegrar un espacio, es darle vida para construir comunidad y yo por eso lo celebro y me da mucho gusto ser testigo de estos avances que ustedes han hecho posible aqu\u00ed en esta gran comunidad\u201d, destac\u00f3 el Presidente Municipal.<\/p>\n<p>&nbsp;<\/p>\n<p>Asistieron: C\u00e9sar Rasc\u00f3n, titular de CMCOP; Daniel Garc\u00eda Escalante, director de Participaci\u00f3n Ciudadana, las regidoras Ana Mar\u00eda Araque, Zulma Galaz y Sheila Cirett Carbajal y familias del fraccionamiento.<\/p>\n<p>&nbsp;<\/p>\n<p>Liga de video:<\/p>\n<p>&nbsp;<\/p>\n<p>Detalles de obra<\/p>\n<p>Inversi\u00f3n: 751 mil 854 pesos<\/p>\n<p>Trabajos: rehabilitaci\u00f3n de fachada principal, ba\u00f1os, casetas, puentes peatonales, riego por goteo, kioskos y juegos infantiles; mejoras a iluminaci\u00f3n y construcci\u00f3n de parapeto en cancha de basquetbol.<\/p>\n<p><strong>Fecha de publicaci\u00f3n domingo 8 de septiembre de 2024<\/strong><\/p>\n","protected":false},"excerpt":{"rendered":"<p>HERMOSILLO, SONORA, MX. \u2014 Como un sue\u00f1o hecho realidad consider\u00f3 Elena Moreno la rehabilitaci\u00f3n al&#8230;<\/p>\n","protected":false},"author":1,"featured_media":198740,"comment_status":"open","ping_status":"open","sticky":false,"template":"","format":"standard","meta":{"_monsterinsights_skip_tracking":false,"_monsterinsights_sitenote_active":false,"_monsterinsights_sitenote_note":"","_monsterinsights_sitenote_category":0,"footnotes":""},"categories":[4],"tags":[35,8443,4821],"class_list":["post"],"yoast_head":" \n<title>Sonora en Equipo. Entrega To\u00f1o Astiazar\u00e1n mejoras a Parque Villa Feliz Municipios<\/title>\n<meta name=\"description\" content=\"HERMOSILLO, SONORA, MX. \u2014 Como un sue\u00f1o hecho realidad consider\u00f3 Elena Moreno la rehabilitaci\u00f3n al Parque Villa Feliz por parte del Gobierno Municipal En Sonora en Equipo publicamos toda la informaci\u00f3n de Sonora, M\u00e9xico y el Mundo de manera oportuna y busca que la libertad de expresi\u00f3n sea real. Visita nuestro medio informativo publicado desde Hermosillo, Sonora. %\" \/>\n<meta name=\"robots\" content=\"index, follow, max-snippet:-1, max-image-preview:large, max-video-preview:-1\" \/>\n<link rel=\"canonical\" href=\"https:\/\/www.sonoraenequipo.com.mx\/entrega-tono-astiazaran-mejoras-a-parque-villa-feliz\/\" \/>\n<meta property=\"og:locale\" content=\"es_ES\" \/>\n<meta property=\"og:type\" content=\"article\" \/>\n<meta property=\"og:title\" content=\"Sonora en Equipo. Entrega To\u00f1o Astiazar\u00e1n mejoras a Parque Villa Feliz Municipios\" \/>\n<meta property=\"og:description\" content=\"HERMOSILLO, SONORA, MX. \u2014 Como un sue\u00f1o hecho realidad consider\u00f3 Elena Moreno la rehabilitaci\u00f3n al Parque Villa Feliz por parte del Gobierno Municipal En Sonora en Equipo publicamos toda la informaci\u00f3n de Sonora, M\u00e9xico y el Mundo de manera oportuna y busca que la libertad de expresi\u00f3n sea real. Visita nuestro medio informativo publicado desde Hermosillo, Sonora. %\" \/>\n<meta property=\"og:url\" content=\"https:\/\/www.sonoraenequipo.com.mx\/entrega-tono-astiazaran-mejoras-a-parque-villa-feliz\/\" \/>\n<meta property=\"og:site_name\" content=\"Sonora en Equipo.\" \/>\n<meta property=\"article:publisher\" content=\"https:\/\/www.facebook.com\/SonoraEE\/\" \/>\n<meta property=\"article:author\" content=\"https:\/\/www.facebook.com\/SonoraEE\" \/>\n<meta property=\"article:published_time\" content=\"2024-09-08T20:51:31+00:00\" \/>\n<meta property=\"og:image\" content=\"https:\/\/www.sonoraenequipo.com.mx\/storage\/2024\/09\/tono-parque.jpg\" \/>\n\t<meta property=\"og:image:width\" content=\"800\" \/>\n\t<meta property=\"og:image:height\" content=\"533\" \/>\n\t<meta property=\"og:image:type\" content=\"image\/jpeg\" \/>\n<meta name=\"author\" content=\"enequipo\" \/>\n<meta name=\"twitter:card\" content=\"summary_large_image\" \/>\n<meta name=\"twitter:creator\" content=\"@sonoraenequipo\" \/>\n<meta name=\"twitter:site\" content=\"@sonoraenequipo\" \/>\n<meta name=\"twitter:label1\" content=\"Escrito por\" \/>\n\t<meta name=\"twitter:data1\" content=\"enequipo\" \/>\n\t<meta name=\"twitter:label2\" content=\"Tiempo de lectura\" \/>\n\t<meta name=\"twitter:data2\" content=\"1 minuto\" \/>\n<script type=\"application\/ld+json\" class=\"yoast-schema-graph\">{\"@context\":\"https:\/\/schema.org\",\"@graph\":[{\"@type\":\"Article\",\"@id\":\"https:\/\/www.sonoraenequipo.com.mx\/entrega-tono-astiazaran-mejoras-a-parque-villa-feliz\/#article\",\"isPartOf\":{\"@id\":\"https:\/\/www.sonoraenequipo.com.mx\/entrega-tono-astiazaran-mejoras-a-parque-villa-feliz\/\"},\"author\":{\"name\":\"enequipo\",\"@id\":\"https:\/\/www.sonoraenequipo.com.mx\/#\/schema\/person\/50102df0fb23a8fa9e8effad8fa81386\"},\"headline\":\"Entrega To\u00f1o Astiazar\u00e1n mejoras a Parque Villa Feliz\",\"datePublished\":\"2024-09-08T20:51:31+00:00\",\"mainEntityOfPage\":{\"@id\":\"https:\/\/www.sonoraenequipo.com.mx\/entrega-tono-astiazaran-mejoras-a-parque-villa-feliz\/\"},\"wordCount\":305,\"commentCount\":0,\"publisher\":{\"@id\":\"https:\/\/www.sonoraenequipo.com.mx\/#organization\"},\"image\":{\"@id\":\"https:\/\/www.sonoraenequipo.com.mx\/entrega-tono-astiazaran-mejoras-a-parque-villa-feliz\/#primaryimage\"},\"thumbnailUrl\":\"https:\/\/www.sonoraenequipo.com.mx\/storage\/2024\/09\/tono-parque.jpg\",\"keywords\":[\"hermosillo\",\"mejoras\",\"parques\"],\"articleSection\":[\"Municipios\"],\"inLanguage\":\"es\",\"potentialAction\":[{\"@type\":\"CommentAction\",\"name\":\"Comment\",\"target\":[\"https:\/\/www.sonoraenequipo.com.mx\/entrega-tono-astiazaran-mejoras-a-parque-villa-feliz\/#respond\"]}]},{\"@type\":\"WebPage\",\"@id\":\"https:\/\/www.sonoraenequipo.com.mx\/entrega-tono-astiazaran-mejoras-a-parque-villa-feliz\/\",\"url\":\"https:\/\/www.sonoraenequipo.com.mx\/entrega-tono-astiazaran-mejoras-a-parque-villa-feliz\/\",\"name\":\"Sonora en Equipo. Entrega To\u00f1o Astiazar\u00e1n mejoras a Parque Villa Feliz Municipios\",\"isPartOf\":{\"@id\":\"https:\/\/www.sonoraenequipo.com.mx\/#website\"},\"primaryImageOfPage\":{\"@id\":\"https:\/\/www.sonoraenequipo.com.mx\/entrega-tono-astiazaran-mejoras-a-parque-villa-feliz\/#primaryimage\"},\"image\":{\"@id\":\"https:\/\/www.sonoraenequipo.com.mx\/entrega-tono-astiazaran-mejoras-a-parque-villa-feliz\/#primaryimage\"},\"thumbnailUrl\":\"https:\/\/www.sonoraenequipo.com.mx\/storage\/2024\/09\/tono-parque.jpg\",\"datePublished\":\"2024-09-08T20:51:31+00:00\",\"description\":\"HERMOSILLO, SONORA, MX. \u2014 Como un sue\u00f1o hecho realidad consider\u00f3 Elena Moreno la rehabilitaci\u00f3n al Parque Villa Feliz por parte del Gobierno Municipal En Sonora en Equipo publicamos toda la informaci\u00f3n de Sonora, M\u00e9xico y el Mundo de manera oportuna y busca que la libertad de expresi\u00f3n sea real. Visita nuestro medio informativo publicado desde Hermosillo, Sonora. %\",\"breadcrumb\":{\"@id\":\"https:\/\/www.sonoraenequipo.com.mx\/entrega-tono-astiazaran-mejoras-a-parque-villa-feliz\/#breadcrumb\"},\"inLanguage\":\"es\",\"potentialAction\":[{\"@type\":\"ReadAction\",\"target\":[\"https:\/\/www.sonoraenequipo.com.mx\/entrega-tono-astiazaran-mejoras-a-parque-villa-feliz\/\"]}]},{\"@type\":\"ImageObject\",\"inLanguage\":\"es\",\"@id\":\"https:\/\/www.sonoraenequipo.com.mx\/entrega-tono-astiazaran-mejoras-a-parque-villa-feliz\/#primaryimage\",\"url\":\"https:\/\/www.sonoraenequipo.com.mx\/storage\/2024\/09\/tono-parque.jpg\",\"contentUrl\":\"https:\/\/www.sonoraenequipo.com.mx\/storage\/2024\/09\/tono-parque.jpg\",\"width\":800,\"height\":533},{\"@type\":\"BreadcrumbList\",\"@id\":\"https:\/\/www.sonoraenequipo.com.mx\/entrega-tono-astiazaran-mejoras-a-parque-villa-feliz\/#breadcrumb\",\"itemListElement\":[{\"@type\":\"ListItem\",\"position\":1,\"name\":\"Portada\",\"item\":\"https:\/\/www.sonoraenequipo.com.mx\/\"},{\"@type\":\"ListItem\",\"position\":2,\"name\":\"Entrega To\u00f1o Astiazar\u00e1n mejoras a Parque Villa Feliz\"}]},{\"@type\":\"WebSite\",\"@id\":\"https:\/\/www.sonoraenequipo.com.mx\/#website\",\"url\":\"https:\/\/www.sonoraenequipo.com.mx\/\",\"name\":\"Sonora en Equipo.\",\"description\":\"Diario en l\u00ednea con Noticias desde Hermosillo, Sonora\",\"publisher\":{\"@id\":\"https:\/\/www.sonoraenequipo.com.mx\/#organization\"},\"potentialAction\":[{\"@type\":\"SearchAction\",\"target\":{\"@type\":\"EntryPoint\",\"urlTemplate\":\"https:\/\/www.sonoraenequipo.com.mx\/?s={search_term_string}\"},\"query-input\":{\"@type\":\"PropertyValueSpecification\",\"valueRequired\":true,\"valueName\":\"search_term_string\"}}],\"inLanguage\":\"es\"},{\"@type\":\"Organization\",\"@id\":\"https:\/\/www.sonoraenequipo.com.mx\/#organization\",\"name\":\"Sonoraenequipo.com.mx\",\"url\":\"https:\/\/www.sonoraenequipo.com.mx\/\",\"logo\":{\"@type\":\"ImageObject\",\"inLanguage\":\"es\",\"@id\":\"https:\/\/www.sonoraenequipo.com.mx\/#\/schema\/logo\/image\/\",\"url\":\"https:\/\/www.sonoraenequipo.com.mx\/storage\/2019\/01\/sonoraenequipo_opt.png\",\"contentUrl\":\"https:\/\/www.sonoraenequipo.com.mx\/storage\/2019\/01\/sonoraenequipo_opt.png\",\"width\":375,\"height\":125,\"caption\":\"Sonoraenequipo.com.mx\"},\"image\":{\"@id\":\"https:\/\/www.sonoraenequipo.com.mx\/#\/schema\/logo\/image\/\"},\"sameAs\":[\"https:\/\/www.facebook.com\/SonoraEE\/\",\"https:\/\/x.com\/sonoraenequipo\",\"https:\/\/www.youtube.com\/channel\/UC338nW-lPEYmJQs4ZABQ1SQ\"]},{\"@type\":\"Person\",\"@id\":\"https:\/\/www.sonoraenequipo.com.mx\/#\/schema\/person\/50102df0fb23a8fa9e8effad8fa81386\",\"name\":\"enequipo\",\"image\":{\"@type\":\"ImageObject\",\"inLanguage\":\"es\",\"@id\":\"https:\/\/www.sonoraenequipo.com.mx\/#\/schema\/person\/image\/\",\"url\":\"https:\/\/secure.gravatar.com\/avatar\/049821681b589dabc0bc20695993ccebb09f5b5d4d790cd9251b97faac7c652b?s=96&d=blank&r=g\",\"contentUrl\":\"https:\/\/secure.gravatar.com\/avatar\/049821681b589dabc0bc20695993ccebb09f5b5d4d790cd9251b97faac7c652b?s=96&d=blank&r=g\",\"caption\":\"enequipo\"},\"sameAs\":[\"https:\/\/www.facebook.com\/SonoraEE\"]}]}<\/script>\n ","yoast_head_json":{"title":"Sonora en Equipo. Entrega To\u00f1o Astiazar\u00e1n mejoras a Parque Villa Feliz Municipios","description":"HERMOSILLO, SONORA, MX. \u2014 Como un sue\u00f1o hecho realidad consider\u00f3 Elena Moreno la rehabilitaci\u00f3n al Parque Villa Feliz por parte del Gobierno Municipal En Sonora en Equipo publicamos toda la informaci\u00f3n de Sonora, M\u00e9xico y el Mundo de manera oportuna y busca que la libertad de expresi\u00f3n sea real. Visita nuestro medio informativo publicado desde Hermosillo, Sonora. %","robots":{"index":"index","follow":"follow","max-snippet":"max-snippet:-1","max-image-preview":"max-image-preview:large","max-video-preview":"max-video-preview:-1"},"canonical":"https:\/\/www.sonoraenequipo.com.mx\/entrega-tono-astiazaran-mejoras-a-parque-villa-feliz\/","og_locale":"es_ES","og_type":"article","og_title":"Sonora en Equipo. Entrega To\u00f1o Astiazar\u00e1n mejoras a Parque Villa Feliz Municipios","og_description":"HERMOSILLO, SONORA, MX. \u2014 Como un sue\u00f1o hecho realidad consider\u00f3 Elena Moreno la rehabilitaci\u00f3n al Parque Villa Feliz por parte del Gobierno Municipal En Sonora en Equipo publicamos toda la informaci\u00f3n de Sonora, M\u00e9xico y el Mundo de manera oportuna y busca que la libertad de expresi\u00f3n sea real. Visita nuestro medio informativo publicado desde Hermosillo, Sonora. %","og_url":"https:\/\/www.sonoraenequipo.com.mx\/entrega-tono-astiazaran-mejoras-a-parque-villa-feliz\/","og_site_name":"Sonora en Equipo.","article_publisher":"https:\/\/www.facebook.com\/SonoraEE\/","article_author":"https:\/\/www.facebook.com\/SonoraEE","article_published_time":"2024-09-08T20:51:31+00:00","og_image":[{"width":800,"height":533,"url":"https:\/\/www.sonoraenequipo.com.mx\/storage\/2024\/09\/tono-parque.jpg","type":"image\/jpeg"}],"author":"enequipo","twitter_card":"summary_large_image","twitter_creator":"@sonoraenequipo","twitter_site":"@sonoraenequipo","twitter_misc":{"Escrito por":"enequipo","Tiempo de lectura":"1 minuto"},"schema":{"@context":"https:\/\/schema.org","@graph":[{"@type":"Article","@id":"https:\/\/www.sonoraenequipo.com.mx\/entrega-tono-astiazaran-mejoras-a-parque-villa-feliz\/#article","isPartOf":{"@id":"https:\/\/www.sonoraenequipo.com.mx\/entrega-tono-astiazaran-mejoras-a-parque-villa-feliz\/"},"author":{"name":"enequipo","@id":"https:\/\/www.sonoraenequipo.com.mx\/#\/schema\/person\/50102df0fb23a8fa9e8effad8fa81386"},"headline":"Entrega To\u00f1o Astiazar\u00e1n mejoras a Parque Villa Feliz","datePublished":"2024-09-08T20:51:31+00:00","mainEntityOfPage":{"@id":"https:\/\/www.sonoraenequipo.com.mx\/entrega-tono-astiazaran-mejoras-a-parque-villa-feliz\/"},"wordCount":305,"commentCount":0,"publisher":{"@id":"https:\/\/www.sonoraenequipo.com.mx\/#organization"},"image":{"@id":"https:\/\/www.sonoraenequipo.com.mx\/entrega-tono-astiazaran-mejoras-a-parque-villa-feliz\/#primaryimage"},"thumbnailUrl":"https:\/\/www.sonoraenequipo.com.mx\/storage\/2024\/09\/tono-parque.jpg","keywords":["hermosillo","mejoras","parques"],"articleSection":["Municipios"],"inLanguage":"es","potentialAction":[{"@type":"CommentAction","name":"Comment","target":["https:\/\/www.sonoraenequipo.com.mx\/entrega-tono-astiazaran-mejoras-a-parque-villa-feliz\/#respond"]}]},{"@type":"WebPage","@id":"https:\/\/www.sonoraenequipo.com.mx\/entrega-tono-astiazaran-mejoras-a-parque-villa-feliz\/","url":"https:\/\/www.sonoraenequipo.com.mx\/entrega-tono-astiazaran-mejoras-a-parque-villa-feliz\/","name":"Sonora en Equipo. Entrega To\u00f1o Astiazar\u00e1n mejoras a Parque Villa Feliz Municipios","isPartOf":{"@id":"https:\/\/www.sonoraenequipo.com.mx\/#website"},"primaryImageOfPage":{"@id":"https:\/\/www.sonoraenequipo.com.mx\/entrega-tono-astiazaran-mejoras-a-parque-villa-feliz\/#primaryimage"},"image":{"@id":"https:\/\/www.sonoraenequipo.com.mx\/entrega-tono-astiazaran-mejoras-a-parque-villa-feliz\/#primaryimage"},"thumbnailUrl":"https:\/\/www.sonoraenequipo.com.mx\/storage\/2024\/09\/tono-parque.jpg","datePublished":"2024-09-08T20:51:31+00:00","description":"HERMOSILLO, SONORA, MX. \u2014 Como un sue\u00f1o hecho realidad consider\u00f3 Elena Moreno la rehabilitaci\u00f3n al Parque Villa Feliz por parte del Gobierno Municipal En Sonora en Equipo publicamos toda la informaci\u00f3n de Sonora, M\u00e9xico y el Mundo de manera oportuna y busca que la libertad de expresi\u00f3n sea real. Visita nuestro medio informativo publicado desde Hermosillo, Sonora. %","breadcrumb":{"@id":"https:\/\/www.sonoraenequipo.com.mx\/entrega-tono-astiazaran-mejoras-a-parque-villa-feliz\/#breadcrumb"},"inLanguage":"es","potentialAction":[{"@type":"ReadAction","target":["https:\/\/www.sonoraenequipo.com.mx\/entrega-tono-astiazaran-mejoras-a-parque-villa-feliz\/"]}]},{"@type":"ImageObject","inLanguage":"es","@id":"https:\/\/www.sonoraenequipo.com.mx\/entrega-tono-astiazaran-mejoras-a-parque-villa-feliz\/#primaryimage","url":"https:\/\/www.sonoraenequipo.com.mx\/storage\/2024\/09\/tono-parque.jpg","contentUrl":"https:\/\/www.sonoraenequipo.com.mx\/storage\/2024\/09\/tono-parque.jpg","width":800,"height":533},{"@type":"BreadcrumbList","@id":"https:\/\/www.sonoraenequipo.com.mx\/entrega-tono-astiazaran-mejoras-a-parque-villa-feliz\/#breadcrumb","itemListElement":[{"@type":"ListItem","position":1,"name":"Portada","item":"https:\/\/www.sonoraenequipo.com.mx\/"},{"@type":"ListItem","position":2,"name":"Entrega To\u00f1o Astiazar\u00e1n mejoras a Parque Villa Feliz"}]},{"@type":"WebSite","@id":"https:\/\/www.sonoraenequipo.com.mx\/#website","url":"https:\/\/www.sonoraenequipo.com.mx\/","name":"Sonora en Equipo.","description":"Diario en l\u00ednea con Noticias desde Hermosillo, Sonora","publisher":{"@id":"https:\/\/www.sonoraenequipo.com.mx\/#organization"},"potentialAction":[{"@type":"SearchAction","target":{"@type":"EntryPoint","urlTemplate":"https:\/\/www.sonoraenequipo.com.mx\/?s={search_term_string}"},"query-input":{"@type":"PropertyValueSpecification","valueRequired":true,"valueName":"search_term_string"}}],"inLanguage":"es"},{"@type":"Organization","@id":"https:\/\/www.sonoraenequipo.com.mx\/#organization","name":"Sonoraenequipo.com.mx","url":"https:\/\/www.sonoraenequipo.com.mx\/","logo":{"@type":"ImageObject","inLanguage":"es","@id":"https:\/\/www.sonoraenequipo.com.mx\/#\/schema\/logo\/image\/","url":"https:\/\/www.sonoraenequipo.com.mx\/storage\/2019\/01\/sonoraenequipo_opt.png","contentUrl":"https:\/\/www.sonoraenequipo.com.mx\/storage\/2019\/01\/sonoraenequipo_opt.png","width":375,"height":125,"caption":"Sonoraenequipo.com.mx"},"image":{"@id":"https:\/\/www.sonoraenequipo.com.mx\/#\/schema\/logo\/image\/"},"sameAs":["https:\/\/www.facebook.com\/SonoraEE\/","https:\/\/x.com\/sonoraenequipo","https:\/\/www.youtube.com\/channel\/UC338nW-lPEYmJQs4ZABQ1SQ"]},{"@type":"Person","@id":"https:\/\/www.sonoraenequipo.com.mx\/#\/schema\/person\/50102df0fb23a8fa9e8effad8fa81386","name":"enequipo","image":{"@type":"ImageObject","inLanguage":"es","@id":"https:\/\/www.sonoraenequipo.com.mx\/#\/schema\/person\/image\/","url":"https:\/\/secure.gravatar.com\/avatar\/049821681b589dabc0bc20695993ccebb09f5b5d4d790cd9251b97faac7c652b?s=96&d=blank&r=g","contentUrl":"https:\/\/secure.gravatar.com\/avatar\/049821681b589dabc0bc20695993ccebb09f5b5d4d790cd9251b97faac7c652b?s=96&d=blank&r=g","caption":"enequipo"},"sameAs":["https:\/\/www.facebook.com\/SonoraEE"]}]}},"jetpack_featured_media_url":"https:\/\/www.sonoraenequipo.com.mx\/storage\/2024\/09\/tono-parque.jpg","_links":{"self":[{"href":"https:\/\/www.sonoraenequipo.com.mx\/api\/wp\/v2\/posts\/198739","targetHints":{"allow":["GET"]}}],"collection":[{"href":"https:\/\/www.sonoraenequipo.com.mx\/api\/wp\/v2\/posts"}],"about":[{"href":"https:\/\/www.sonoraenequipo.com.mx\/api\/wp\/v2\/types\/post"}],"author":[{"embeddable":true,"href":"https:\/\/www.sonoraenequipo.com.mx\/api\/wp\/v2\/users\/1"}],"replies":[{"embeddable":true,"href":"https:\/\/www.sonoraenequipo.com.mx\/api\/wp\/v2\/comments?post=198739"}],"version-history":[{"count":1,"href":"https:\/\/www.sonoraenequipo.com.mx\/api\/wp\/v2\/posts\/198739\/revisions"}],"predecessor-version":[{"id":198741,"href":"https:\/\/www.sonoraenequipo.com.mx\/api\/wp\/v2\/posts\/198739\/revisions\/198741"}],"wp:featuredmedia":[{"embeddable":true,"href":"https:\/\/www.sonoraenequipo.com.mx\/api\/wp\/v2\/media\/198740"}],"wp:attachment":[{"href":"https:\/\/www.sonoraenequipo.com.mx\/api\/wp\/v2\/media?parent=198739"}],"wp:term":[{"taxonomy":"category","embeddable":true,"href":"https:\/\/www.sonoraenequipo.com.mx\/api\/wp\/v2\/categories?post=198739"},{"taxonomy":"post_tag","embeddable":true,"href":"https:\/\/www.sonoraenequipo.com.mx\/api\/wp\/v2\/tags?post=198739"}],"curies":[{"name":"wp","href":"https:\/\/api.w.org\/{rel}","templated":true}]}}