{"id":198742,"date":"2024-09-08T14:32:34","date_gmt":"2024-09-08T21:32:34","guid":{"rendered":"https:\/\/www.sonoraenequipo.com.mx\/?p=198742"},"modified":"2024-09-08T21:24:33","modified_gmt":"2024-09-09T04:24:33","slug":"honran-legado-personal-y-literario-de-la-poeta-laura-delia-quintero","status":"publish","type":"post","link":"https:\/\/www.sonoraenequipo.com.mx\/honran-legado-personal-y-literario-de-la-poeta-laura-delia-quintero\/","title":{"rendered":"Honran legado personal y literario de la poeta Laura Delia Quintero"},"content":{"rendered":"<p><strong>HERMOSILLO, SONORA, MX.<\/strong> \u2014 Una sala de la Biblioteca P\u00fablica Municipal Rafael Meneses se convirti\u00f3 en testimonio material del homenaje p\u00f3stumo que amantes de la lectura y autoridades municipales ofrecieron a la poeta y maestra Laura Delia Quintero.<\/p>\n<p>En presencia de Alberto Salim Hadad Quintero, hijo de la homenajeada, Marianna Gonz\u00e1lez Gast\u00e9lum, directora del Instituto Hermosillense de Cultura (IMCA), destac\u00f3 el simbolismo de honrar la memoria de la escritora precisamente en el espacio donde por 18 a\u00f1os coordin\u00f3 reuniones con quienes hoy la recuerdan y le ofrecen testimonio de amor, respeto y agradecimiento.<\/p>\n<p>\u201cElla apostaba por la escritura creativa y por el fomento a la lectura,\u00a0 y apostaba tambi\u00e9n por el libro tradicional, y aqu\u00ed vemos una generaci\u00f3n importante de alumnas y alumnos que ella dej\u00f3 y que estamos seguros seguir\u00e1n sembrando esa semillita para ir formando otro grupo de lectores que acudan a estos espacios a ejercer esta bonita pr\u00e1ctica de la lectura y escritura\u201d, reflexion\u00f3 la funcionaria.<\/p>\n<p>La acompa\u00f1aron encabezando la ceremonia la escritora Sylvia Manr\u00edquez Ochoa de Escritores de Sonora; Czarina Morales Olo\u00f1o, subdirectora de Patrimonio y Bibliotecas del IMCA y Magda Estrada \u00c1vila, integrante del Taller de Fomento a la Lectura.<\/p>\n<p>La ocasi\u00f3n reuni\u00f3 a amistades, alumnas y alumnos, talleristas y usuarias y usuarios frecuentes de la biblioteca Rafael Meneses, quienes atestiguaron la develaci\u00f3n de una placa en honor de Laura Delia Quintero en la sala del Taller de Fomento a la Lectura del recinto.<\/p>\n<p>La homenajeada recibi\u00f3 en 2003 la Beca al M\u00e9rito otorgada por El Fondo Estatal para la Cultura y las Artes; en 2007 se le otorg\u00f3 un reconocimiento por su labor po\u00e9tica en la VIII Feria del Libro en Hermosillo y en varias ocasiones recibi\u00f3 el Premio Nacional de Poes\u00eda Juegos Florales Anita Pompa de Trujillo.<\/p>\n<p>Estuvo entre las personas fundadoras de la asociaci\u00f3n Escritores de Sonora y de la Cooperativa\u202fde Escritores Voces Sonhoras.<\/p>\n<p><strong>Fecha de publicaci\u00f3n 08 de septiembre de 2024 con informaci\u00f3n de HMO)<\/strong><\/p>\n","protected":false},"excerpt":{"rendered":"<p>HERMOSILLO, SONORA, MX. \u2014 Una sala de la Biblioteca P\u00fablica Municipal Rafael Meneses se convirti\u00f3&#8230;<\/p>\n","protected":false},"author":1,"featured_media":198743,"comment_status":"open","ping_status":"open","sticky":false,"template":"","format":"standard","meta":{"_monsterinsights_skip_tracking":false,"_monsterinsights_sitenote_active":false,"_monsterinsights_sitenote_note":"","_monsterinsights_sitenote_category":0,"footnotes":""},"categories":[4],"tags":[10229],"class_list":["post"],"yoast_head":" \n<title>Sonora en Equipo. Honran legado personal y literario de la poeta Laura Delia Quintero Municipios<\/title>\n<meta name=\"description\" content=\"HERMOSILLO, SONORA, MX. \u2014 Una sala de la Biblioteca P\u00fablica Municipal Rafael Meneses se convirti\u00f3 en testimonio material del homenaje p\u00f3stumo que amantes En Sonora en Equipo publicamos toda la informaci\u00f3n de Sonora, M\u00e9xico y el Mundo de manera oportuna y busca que la libertad de expresi\u00f3n sea real. Visita nuestro medio informativo publicado desde Hermosillo, Sonora. %\" \/>\n<meta name=\"robots\" content=\"index, follow, max-snippet:-1, max-image-preview:large, max-video-preview:-1\" \/>\n<link rel=\"canonical\" href=\"https:\/\/www.sonoraenequipo.com.mx\/honran-legado-personal-y-literario-de-la-poeta-laura-delia-quintero\/\" \/>\n<meta property=\"og:locale\" content=\"es_ES\" \/>\n<meta property=\"og:type\" content=\"article\" \/>\n<meta property=\"og:title\" content=\"Sonora en Equipo. Honran legado personal y literario de la poeta Laura Delia Quintero Municipios\" \/>\n<meta property=\"og:description\" content=\"HERMOSILLO, SONORA, MX. \u2014 Una sala de la Biblioteca P\u00fablica Municipal Rafael Meneses se convirti\u00f3 en testimonio material del homenaje p\u00f3stumo que amantes En Sonora en Equipo publicamos toda la informaci\u00f3n de Sonora, M\u00e9xico y el Mundo de manera oportuna y busca que la libertad de expresi\u00f3n sea real. Visita nuestro medio informativo publicado desde Hermosillo, Sonora. %\" \/>\n<meta property=\"og:url\" content=\"https:\/\/www.sonoraenequipo.com.mx\/honran-legado-personal-y-literario-de-la-poeta-laura-delia-quintero\/\" \/>\n<meta property=\"og:site_name\" content=\"Sonora en Equipo.\" \/>\n<meta property=\"article:publisher\" content=\"https:\/\/www.facebook.com\/SonoraEE\/\" \/>\n<meta property=\"article:author\" content=\"https:\/\/www.facebook.com\/SonoraEE\" \/>\n<meta property=\"article:published_time\" content=\"2024-09-08T21:32:34+00:00\" \/>\n<meta property=\"article:modified_time\" content=\"2024-09-09T04:24:33+00:00\" \/>\n<meta property=\"og:image\" content=\"https:\/\/www.sonoraenequipo.com.mx\/storage\/2024\/09\/homenaje.jpg\" \/>\n\t<meta property=\"og:image:width\" content=\"800\" \/>\n\t<meta property=\"og:image:height\" content=\"502\" \/>\n\t<meta property=\"og:image:type\" content=\"image\/jpeg\" \/>\n<meta name=\"author\" content=\"enequipo\" \/>\n<meta name=\"twitter:card\" content=\"summary_large_image\" \/>\n<meta name=\"twitter:creator\" content=\"@sonoraenequipo\" \/>\n<meta name=\"twitter:site\" content=\"@sonoraenequipo\" \/>\n<meta name=\"twitter:label1\" content=\"Escrito por\" \/>\n\t<meta name=\"twitter:data1\" content=\"enequipo\" \/>\n\t<meta name=\"twitter:label2\" content=\"Tiempo de lectura\" \/>\n\t<meta name=\"twitter:data2\" content=\"2 minutos\" \/>\n<script type=\"application\/ld+json\" class=\"yoast-schema-graph\">{\"@context\":\"https:\/\/schema.org\",\"@graph\":[{\"@type\":\"Article\",\"@id\":\"https:\/\/www.sonoraenequipo.com.mx\/honran-legado-personal-y-literario-de-la-poeta-laura-delia-quintero\/#article\",\"isPartOf\":{\"@id\":\"https:\/\/www.sonoraenequipo.com.mx\/honran-legado-personal-y-literario-de-la-poeta-laura-delia-quintero\/\"},\"author\":{\"name\":\"enequipo\",\"@id\":\"https:\/\/www.sonoraenequipo.com.mx\/#\/schema\/person\/50102df0fb23a8fa9e8effad8fa81386\"},\"headline\":\"Honran legado personal y literario de la poeta Laura Delia Quintero\",\"datePublished\":\"2024-09-08T21:32:34+00:00\",\"dateModified\":\"2024-09-09T04:24:33+00:00\",\"mainEntityOfPage\":{\"@id\":\"https:\/\/www.sonoraenequipo.com.mx\/honran-legado-personal-y-literario-de-la-poeta-laura-delia-quintero\/\"},\"wordCount\":350,\"commentCount\":0,\"publisher\":{\"@id\":\"https:\/\/www.sonoraenequipo.com.mx\/#organization\"},\"image\":{\"@id\":\"https:\/\/www.sonoraenequipo.com.mx\/honran-legado-personal-y-literario-de-la-poeta-laura-delia-quintero\/#primaryimage\"},\"thumbnailUrl\":\"https:\/\/www.sonoraenequipo.com.mx\/storage\/2024\/09\/homenaje.jpg\",\"keywords\":[\"Laura Delia Quintero\"],\"articleSection\":[\"Municipios\"],\"inLanguage\":\"es\",\"potentialAction\":[{\"@type\":\"CommentAction\",\"name\":\"Comment\",\"target\":[\"https:\/\/www.sonoraenequipo.com.mx\/honran-legado-personal-y-literario-de-la-poeta-laura-delia-quintero\/#respond\"]}]},{\"@type\":\"WebPage\",\"@id\":\"https:\/\/www.sonoraenequipo.com.mx\/honran-legado-personal-y-literario-de-la-poeta-laura-delia-quintero\/\",\"url\":\"https:\/\/www.sonoraenequipo.com.mx\/honran-legado-personal-y-literario-de-la-poeta-laura-delia-quintero\/\",\"name\":\"Sonora en Equipo. Honran legado personal y literario de la poeta Laura Delia Quintero Municipios\",\"isPartOf\":{\"@id\":\"https:\/\/www.sonoraenequipo.com.mx\/#website\"},\"primaryImageOfPage\":{\"@id\":\"https:\/\/www.sonoraenequipo.com.mx\/honran-legado-personal-y-literario-de-la-poeta-laura-delia-quintero\/#primaryimage\"},\"image\":{\"@id\":\"https:\/\/www.sonoraenequipo.com.mx\/honran-legado-personal-y-literario-de-la-poeta-laura-delia-quintero\/#primaryimage\"},\"thumbnailUrl\":\"https:\/\/www.sonoraenequipo.com.mx\/storage\/2024\/09\/homenaje.jpg\",\"datePublished\":\"2024-09-08T21:32:34+00:00\",\"dateModified\":\"2024-09-09T04:24:33+00:00\",\"description\":\"HERMOSILLO, SONORA, MX. \u2014 Una sala de la Biblioteca P\u00fablica Municipal Rafael Meneses se convirti\u00f3 en testimonio material del homenaje p\u00f3stumo que amantes En Sonora en Equipo publicamos toda la informaci\u00f3n de Sonora, M\u00e9xico y el Mundo de manera oportuna y busca que la libertad de expresi\u00f3n sea real. Visita nuestro medio informativo publicado desde Hermosillo, Sonora. %\",\"breadcrumb\":{\"@id\":\"https:\/\/www.sonoraenequipo.com.mx\/honran-legado-personal-y-literario-de-la-poeta-laura-delia-quintero\/#breadcrumb\"},\"inLanguage\":\"es\",\"potentialAction\":[{\"@type\":\"ReadAction\",\"target\":[\"https:\/\/www.sonoraenequipo.com.mx\/honran-legado-personal-y-literario-de-la-poeta-laura-delia-quintero\/\"]}]},{\"@type\":\"ImageObject\",\"inLanguage\":\"es\",\"@id\":\"https:\/\/www.sonoraenequipo.com.mx\/honran-legado-personal-y-literario-de-la-poeta-laura-delia-quintero\/#primaryimage\",\"url\":\"https:\/\/www.sonoraenequipo.com.mx\/storage\/2024\/09\/homenaje.jpg\",\"contentUrl\":\"https:\/\/www.sonoraenequipo.com.mx\/storage\/2024\/09\/homenaje.jpg\",\"width\":800,\"height\":502},{\"@type\":\"BreadcrumbList\",\"@id\":\"https:\/\/www.sonoraenequipo.com.mx\/honran-legado-personal-y-literario-de-la-poeta-laura-delia-quintero\/#breadcrumb\",\"itemListElement\":[{\"@type\":\"ListItem\",\"position\":1,\"name\":\"Portada\",\"item\":\"https:\/\/www.sonoraenequipo.com.mx\/\"},{\"@type\":\"ListItem\",\"position\":2,\"name\":\"Honran legado personal y literario de la poeta Laura Delia Quintero\"}]},{\"@type\":\"WebSite\",\"@id\":\"https:\/\/www.sonoraenequipo.com.mx\/#website\",\"url\":\"https:\/\/www.sonoraenequipo.com.mx\/\",\"name\":\"Sonora en Equipo.\",\"description\":\"Diario en l\u00ednea con Noticias desde Hermosillo, Sonora\",\"publisher\":{\"@id\":\"https:\/\/www.sonoraenequipo.com.mx\/#organization\"},\"potentialAction\":[{\"@type\":\"SearchAction\",\"target\":{\"@type\":\"EntryPoint\",\"urlTemplate\":\"https:\/\/www.sonoraenequipo.com.mx\/?s={search_term_string}\"},\"query-input\":{\"@type\":\"PropertyValueSpecification\",\"valueRequired\":true,\"valueName\":\"search_term_string\"}}],\"inLanguage\":\"es\"},{\"@type\":\"Organization\",\"@id\":\"https:\/\/www.sonoraenequipo.com.mx\/#organization\",\"name\":\"Sonoraenequipo.com.mx\",\"url\":\"https:\/\/www.sonoraenequipo.com.mx\/\",\"logo\":{\"@type\":\"ImageObject\",\"inLanguage\":\"es\",\"@id\":\"https:\/\/www.sonoraenequipo.com.mx\/#\/schema\/logo\/image\/\",\"url\":\"https:\/\/www.sonoraenequipo.com.mx\/storage\/2019\/01\/sonoraenequipo_opt.png\",\"contentUrl\":\"https:\/\/www.sonoraenequipo.com.mx\/storage\/2019\/01\/sonoraenequipo_opt.png\",\"width\":375,\"height\":125,\"caption\":\"Sonoraenequipo.com.mx\"},\"image\":{\"@id\":\"https:\/\/www.sonoraenequipo.com.mx\/#\/schema\/logo\/image\/\"},\"sameAs\":[\"https:\/\/www.facebook.com\/SonoraEE\/\",\"https:\/\/x.com\/sonoraenequipo\",\"https:\/\/www.youtube.com\/channel\/UC338nW-lPEYmJQs4ZABQ1SQ\"]},{\"@type\":\"Person\",\"@id\":\"https:\/\/www.sonoraenequipo.com.mx\/#\/schema\/person\/50102df0fb23a8fa9e8effad8fa81386\",\"name\":\"enequipo\",\"image\":{\"@type\":\"ImageObject\",\"inLanguage\":\"es\",\"@id\":\"https:\/\/www.sonoraenequipo.com.mx\/#\/schema\/person\/image\/\",\"url\":\"https:\/\/secure.gravatar.com\/avatar\/049821681b589dabc0bc20695993ccebb09f5b5d4d790cd9251b97faac7c652b?s=96&d=blank&r=g\",\"contentUrl\":\"https:\/\/secure.gravatar.com\/avatar\/049821681b589dabc0bc20695993ccebb09f5b5d4d790cd9251b97faac7c652b?s=96&d=blank&r=g\",\"caption\":\"enequipo\"},\"sameAs\":[\"https:\/\/www.facebook.com\/SonoraEE\"]}]}<\/script>\n ","yoast_head_json":{"title":"Sonora en Equipo. Honran legado personal y literario de la poeta Laura Delia Quintero Municipios","description":"HERMOSILLO, SONORA, MX. \u2014 Una sala de la Biblioteca P\u00fablica Municipal Rafael Meneses se convirti\u00f3 en testimonio material del homenaje p\u00f3stumo que amantes En Sonora en Equipo publicamos toda la informaci\u00f3n de Sonora, M\u00e9xico y el Mundo de manera oportuna y busca que la libertad de expresi\u00f3n sea real. Visita nuestro medio informativo publicado desde Hermosillo, Sonora. %","robots":{"index":"index","follow":"follow","max-snippet":"max-snippet:-1","max-image-preview":"max-image-preview:large","max-video-preview":"max-video-preview:-1"},"canonical":"https:\/\/www.sonoraenequipo.com.mx\/honran-legado-personal-y-literario-de-la-poeta-laura-delia-quintero\/","og_locale":"es_ES","og_type":"article","og_title":"Sonora en Equipo. Honran legado personal y literario de la poeta Laura Delia Quintero Municipios","og_description":"HERMOSILLO, SONORA, MX. \u2014 Una sala de la Biblioteca P\u00fablica Municipal Rafael Meneses se convirti\u00f3 en testimonio material del homenaje p\u00f3stumo que amantes En Sonora en Equipo publicamos toda la informaci\u00f3n de Sonora, M\u00e9xico y el Mundo de manera oportuna y busca que la libertad de expresi\u00f3n sea real. Visita nuestro medio informativo publicado desde Hermosillo, Sonora. %","og_url":"https:\/\/www.sonoraenequipo.com.mx\/honran-legado-personal-y-literario-de-la-poeta-laura-delia-quintero\/","og_site_name":"Sonora en Equipo.","article_publisher":"https:\/\/www.facebook.com\/SonoraEE\/","article_author":"https:\/\/www.facebook.com\/SonoraEE","article_published_time":"2024-09-08T21:32:34+00:00","article_modified_time":"2024-09-09T04:24:33+00:00","og_image":[{"width":800,"height":502,"url":"https:\/\/www.sonoraenequipo.com.mx\/storage\/2024\/09\/homenaje.jpg","type":"image\/jpeg"}],"author":"enequipo","twitter_card":"summary_large_image","twitter_creator":"@sonoraenequipo","twitter_site":"@sonoraenequipo","twitter_misc":{"Escrito por":"enequipo","Tiempo de lectura":"2 minutos"},"schema":{"@context":"https:\/\/schema.org","@graph":[{"@type":"Article","@id":"https:\/\/www.sonoraenequipo.com.mx\/honran-legado-personal-y-literario-de-la-poeta-laura-delia-quintero\/#article","isPartOf":{"@id":"https:\/\/www.sonoraenequipo.com.mx\/honran-legado-personal-y-literario-de-la-poeta-laura-delia-quintero\/"},"author":{"name":"enequipo","@id":"https:\/\/www.sonoraenequipo.com.mx\/#\/schema\/person\/50102df0fb23a8fa9e8effad8fa81386"},"headline":"Honran legado personal y literario de la poeta Laura Delia Quintero","datePublished":"2024-09-08T21:32:34+00:00","dateModified":"2024-09-09T04:24:33+00:00","mainEntityOfPage":{"@id":"https:\/\/www.sonoraenequipo.com.mx\/honran-legado-personal-y-literario-de-la-poeta-laura-delia-quintero\/"},"wordCount":350,"commentCount":0,"publisher":{"@id":"https:\/\/www.sonoraenequipo.com.mx\/#organization"},"image":{"@id":"https:\/\/www.sonoraenequipo.com.mx\/honran-legado-personal-y-literario-de-la-poeta-laura-delia-quintero\/#primaryimage"},"thumbnailUrl":"https:\/\/www.sonoraenequipo.com.mx\/storage\/2024\/09\/homenaje.jpg","keywords":["Laura Delia Quintero"],"articleSection":["Municipios"],"inLanguage":"es","potentialAction":[{"@type":"CommentAction","name":"Comment","target":["https:\/\/www.sonoraenequipo.com.mx\/honran-legado-personal-y-literario-de-la-poeta-laura-delia-quintero\/#respond"]}]},{"@type":"WebPage","@id":"https:\/\/www.sonoraenequipo.com.mx\/honran-legado-personal-y-literario-de-la-poeta-laura-delia-quintero\/","url":"https:\/\/www.sonoraenequipo.com.mx\/honran-legado-personal-y-literario-de-la-poeta-laura-delia-quintero\/","name":"Sonora en Equipo. Honran legado personal y literario de la poeta Laura Delia Quintero Municipios","isPartOf":{"@id":"https:\/\/www.sonoraenequipo.com.mx\/#website"},"primaryImageOfPage":{"@id":"https:\/\/www.sonoraenequipo.com.mx\/honran-legado-personal-y-literario-de-la-poeta-laura-delia-quintero\/#primaryimage"},"image":{"@id":"https:\/\/www.sonoraenequipo.com.mx\/honran-legado-personal-y-literario-de-la-poeta-laura-delia-quintero\/#primaryimage"},"thumbnailUrl":"https:\/\/www.sonoraenequipo.com.mx\/storage\/2024\/09\/homenaje.jpg","datePublished":"2024-09-08T21:32:34+00:00","dateModified":"2024-09-09T04:24:33+00:00","description":"HERMOSILLO, SONORA, MX. \u2014 Una sala de la Biblioteca P\u00fablica Municipal Rafael Meneses se convirti\u00f3 en testimonio material del homenaje p\u00f3stumo que amantes En Sonora en Equipo publicamos toda la informaci\u00f3n de Sonora, M\u00e9xico y el Mundo de manera oportuna y busca que la libertad de expresi\u00f3n sea real. Visita nuestro medio informativo publicado desde Hermosillo, Sonora. %","breadcrumb":{"@id":"https:\/\/www.sonoraenequipo.com.mx\/honran-legado-personal-y-literario-de-la-poeta-laura-delia-quintero\/#breadcrumb"},"inLanguage":"es","potentialAction":[{"@type":"ReadAction","target":["https:\/\/www.sonoraenequipo.com.mx\/honran-legado-personal-y-literario-de-la-poeta-laura-delia-quintero\/"]}]},{"@type":"ImageObject","inLanguage":"es","@id":"https:\/\/www.sonoraenequipo.com.mx\/honran-legado-personal-y-literario-de-la-poeta-laura-delia-quintero\/#primaryimage","url":"https:\/\/www.sonoraenequipo.com.mx\/storage\/2024\/09\/homenaje.jpg","contentUrl":"https:\/\/www.sonoraenequipo.com.mx\/storage\/2024\/09\/homenaje.jpg","width":800,"height":502},{"@type":"BreadcrumbList","@id":"https:\/\/www.sonoraenequipo.com.mx\/honran-legado-personal-y-literario-de-la-poeta-laura-delia-quintero\/#breadcrumb","itemListElement":[{"@type":"ListItem","position":1,"name":"Portada","item":"https:\/\/www.sonoraenequipo.com.mx\/"},{"@type":"ListItem","position":2,"name":"Honran legado personal y literario de la poeta Laura Delia Quintero"}]},{"@type":"WebSite","@id":"https:\/\/www.sonoraenequipo.com.mx\/#website","url":"https:\/\/www.sonoraenequipo.com.mx\/","name":"Sonora en Equipo.","description":"Diario en l\u00ednea con Noticias desde Hermosillo, Sonora","publisher":{"@id":"https:\/\/www.sonoraenequipo.com.mx\/#organization"},"potentialAction":[{"@type":"SearchAction","target":{"@type":"EntryPoint","urlTemplate":"https:\/\/www.sonoraenequipo.com.mx\/?s={search_term_string}"},"query-input":{"@type":"PropertyValueSpecification","valueRequired":true,"valueName":"search_term_string"}}],"inLanguage":"es"},{"@type":"Organization","@id":"https:\/\/www.sonoraenequipo.com.mx\/#organization","name":"Sonoraenequipo.com.mx","url":"https:\/\/www.sonoraenequipo.com.mx\/","logo":{"@type":"ImageObject","inLanguage":"es","@id":"https:\/\/www.sonoraenequipo.com.mx\/#\/schema\/logo\/image\/","url":"https:\/\/www.sonoraenequipo.com.mx\/storage\/2019\/01\/sonoraenequipo_opt.png","contentUrl":"https:\/\/www.sonoraenequipo.com.mx\/storage\/2019\/01\/sonoraenequipo_opt.png","width":375,"height":125,"caption":"Sonoraenequipo.com.mx"},"image":{"@id":"https:\/\/www.sonoraenequipo.com.mx\/#\/schema\/logo\/image\/"},"sameAs":["https:\/\/www.facebook.com\/SonoraEE\/","https:\/\/x.com\/sonoraenequipo","https:\/\/www.youtube.com\/channel\/UC338nW-lPEYmJQs4ZABQ1SQ"]},{"@type":"Person","@id":"https:\/\/www.sonoraenequipo.com.mx\/#\/schema\/person\/50102df0fb23a8fa9e8effad8fa81386","name":"enequipo","image":{"@type":"ImageObject","inLanguage":"es","@id":"https:\/\/www.sonoraenequipo.com.mx\/#\/schema\/person\/image\/","url":"https:\/\/secure.gravatar.com\/avatar\/049821681b589dabc0bc20695993ccebb09f5b5d4d790cd9251b97faac7c652b?s=96&d=blank&r=g","contentUrl":"https:\/\/secure.gravatar.com\/avatar\/049821681b589dabc0bc20695993ccebb09f5b5d4d790cd9251b97faac7c652b?s=96&d=blank&r=g","caption":"enequipo"},"sameAs":["https:\/\/www.facebook.com\/SonoraEE"]}]}},"jetpack_featured_media_url":"https:\/\/www.sonoraenequipo.com.mx\/storage\/2024\/09\/homenaje.jpg","_links":{"self":[{"href":"https:\/\/www.sonoraenequipo.com.mx\/api\/wp\/v2\/posts\/198742","targetHints":{"allow":["GET"]}}],"collection":[{"href":"https:\/\/www.sonoraenequipo.com.mx\/api\/wp\/v2\/posts"}],"about":[{"href":"https:\/\/www.sonoraenequipo.com.mx\/api\/wp\/v2\/types\/post"}],"author":[{"embeddable":true,"href":"https:\/\/www.sonoraenequipo.com.mx\/api\/wp\/v2\/users\/1"}],"replies":[{"embeddable":true,"href":"https:\/\/www.sonoraenequipo.com.mx\/api\/wp\/v2\/comments?post=198742"}],"version-history":[{"count":4,"href":"https:\/\/www.sonoraenequipo.com.mx\/api\/wp\/v2\/posts\/198742\/revisions"}],"predecessor-version":[{"id":198767,"href":"https:\/\/www.sonoraenequipo.com.mx\/api\/wp\/v2\/posts\/198742\/revisions\/198767"}],"wp:featuredmedia":[{"embeddable":true,"href":"https:\/\/www.sonoraenequipo.com.mx\/api\/wp\/v2\/media\/198743"}],"wp:attachment":[{"href":"https:\/\/www.sonoraenequipo.com.mx\/api\/wp\/v2\/media?parent=198742"}],"wp:term":[{"taxonomy":"category","embeddable":true,"href":"https:\/\/www.sonoraenequipo.com.mx\/api\/wp\/v2\/categories?post=198742"},{"taxonomy":"post_tag","embeddable":true,"href":"https:\/\/www.sonoraenequipo.com.mx\/api\/wp\/v2\/tags?post=198742"}],"curies":[{"name":"wp","href":"https:\/\/api.w.org\/{rel}","templated":true}]}}