{"id":198746,"date":"2024-09-08T16:31:23","date_gmt":"2024-09-08T23:31:23","guid":{"rendered":"https:\/\/www.sonoraenequipo.com.mx\/?p=198746"},"modified":"2024-09-08T16:31:23","modified_gmt":"2024-09-08T23:31:23","slug":"lleva-gobernador-durazo-agua-a-comunidades-que-nunca-habian-tenido-acceso","status":"publish","type":"post","link":"https:\/\/www.sonoraenequipo.com.mx\/lleva-gobernador-durazo-agua-a-comunidades-que-nunca-habian-tenido-acceso\/","title":{"rendered":"Lleva Gobernador Durazo agua a comunidades que nunca hab\u00edan tenido acceso"},"content":{"rendered":"<p><strong>HERMOSILLO, SONORA, MX.<\/strong> \u2014 Con proyectos estrat\u00e9gicos del Plan H\u00eddrico para Sonora como el acueducto Macoyahui-\u00c1lamos para fortalecer la infraestructura hidr\u00e1ulica, el gobernador Alfonso Durazo Monta\u00f1o, en los \u00faltimos tres a\u00f1os, ha dado garant\u00eda de abastecimiento de agua en comunidades del sur de Sonora que viv\u00edan en rezago hist\u00f3rico.<\/p>\n<p>&nbsp;<\/p>\n<p>&nbsp;<\/p>\n<p>&nbsp;<\/p>\n<p>Esta obra que forma parte del Plan H\u00eddrico, busca garantizar el abasto de agua durante las pr\u00f3ximas tres d\u00e9cadas y requiri\u00f3 una inversi\u00f3n de m\u00e1s de 97 millones de pesos, con lo cual se atiende una demanda hist\u00f3rica de m\u00e1s de nueve mil habitantes de dicha regi\u00f3n.<\/p>\n<p>&nbsp;<\/p>\n<p>&nbsp;<\/p>\n<p>&nbsp;<\/p>\n<p>El acueducto tiene una extensi\u00f3n de 40 kil\u00f3metros para el suministro de agua potable, con una capacidad de traslado de 65 litros por segundo, y cuenta con tuber\u00eda de PVC de 10\u201d y 12\u201d con conexi\u00f3n a la l\u00ednea existente, equipamiento de pozo, cinco c\u00e1rcamos de rebombeo, cambio de r\u00e9gimen y caja de llegada del conducto.<\/p>\n<p>&nbsp;<\/p>\n<p>&nbsp;<\/p>\n<p>&nbsp;<\/p>\n<p>\u201cHan sido muchos a\u00f1os de sacrificios y gestiones de la gente, hasta la construcci\u00f3n de este acueducto, estamos viviendo el momento de Sonora, un hecho hist\u00f3rico, porque ya es una realidad para las y los ciudadanos de \u00c1lamos que ahora cuentan con abasto de agua en sus casas\u201d, se\u00f1al\u00f3.<\/p>\n<p>&nbsp;<\/p>\n<p>&nbsp;<\/p>\n<p>&nbsp;<\/p>\n<p>El Plan H\u00eddrico Sonora 2023-2053 contempla una inversi\u00f3n total de 47 mil 320.68 millones de pesos y abarca proyectos de infraestructura hidr\u00e1ulica, abasto de agua potable, saneamiento y drenaje, de fortalecimiento de los organismos operadores de agua y de desalinizaci\u00f3n.<\/p>\n<p><strong>Fecha de publicaci\u00f3n domingo 8 de septiembre de 2024<\/strong><\/p>\n<p>&nbsp;<\/p>\n","protected":false},"excerpt":{"rendered":"<p>HERMOSILLO, SONORA, MX. \u2014 Con proyectos estrat\u00e9gicos del Plan H\u00eddrico para Sonora como el acueducto&#8230;<\/p>\n","protected":false},"author":1,"featured_media":198747,"comment_status":"open","ping_status":"open","sticky":false,"template":"","format":"standard","meta":{"_monsterinsights_skip_tracking":false,"_monsterinsights_sitenote_active":false,"_monsterinsights_sitenote_note":"","_monsterinsights_sitenote_category":0,"footnotes":""},"categories":[22],"tags":[181,15],"class_list":["post"],"yoast_head":" \n<title>Sonora en Equipo. Lleva Gobernador Durazo agua a comunidades que nunca hab\u00edan tenido acceso Sonora<\/title>\n<meta name=\"description\" content=\"HERMOSILLO, SONORA, MX. \u2014 Con proyectos estrat\u00e9gicos del Plan H\u00eddrico para Sonora como el acueducto Macoyahui-\u00c1lamos para fortalecer la infraestructura En Sonora en Equipo publicamos toda la informaci\u00f3n de Sonora, M\u00e9xico y el Mundo de manera oportuna y busca que la libertad de expresi\u00f3n sea real. Visita nuestro medio informativo publicado desde Hermosillo, Sonora. %\" \/>\n<meta name=\"robots\" content=\"index, follow, max-snippet:-1, max-image-preview:large, max-video-preview:-1\" \/>\n<link rel=\"canonical\" href=\"https:\/\/www.sonoraenequipo.com.mx\/lleva-gobernador-durazo-agua-a-comunidades-que-nunca-habian-tenido-acceso\/\" \/>\n<meta property=\"og:locale\" content=\"es_ES\" \/>\n<meta property=\"og:type\" content=\"article\" \/>\n<meta property=\"og:title\" content=\"Sonora en Equipo. Lleva Gobernador Durazo agua a comunidades que nunca hab\u00edan tenido acceso Sonora\" \/>\n<meta property=\"og:description\" content=\"HERMOSILLO, SONORA, MX. \u2014 Con proyectos estrat\u00e9gicos del Plan H\u00eddrico para Sonora como el acueducto Macoyahui-\u00c1lamos para fortalecer la infraestructura En Sonora en Equipo publicamos toda la informaci\u00f3n de Sonora, M\u00e9xico y el Mundo de manera oportuna y busca que la libertad de expresi\u00f3n sea real. Visita nuestro medio informativo publicado desde Hermosillo, Sonora. %\" \/>\n<meta property=\"og:url\" content=\"https:\/\/www.sonoraenequipo.com.mx\/lleva-gobernador-durazo-agua-a-comunidades-que-nunca-habian-tenido-acceso\/\" \/>\n<meta property=\"og:site_name\" content=\"Sonora en Equipo.\" \/>\n<meta property=\"article:publisher\" content=\"https:\/\/www.facebook.com\/SonoraEE\/\" \/>\n<meta property=\"article:author\" content=\"https:\/\/www.facebook.com\/SonoraEE\" \/>\n<meta property=\"article:published_time\" content=\"2024-09-08T23:31:23+00:00\" \/>\n<meta property=\"og:image\" content=\"https:\/\/www.sonoraenequipo.com.mx\/storage\/2024\/09\/adm-agua.jpg\" \/>\n\t<meta property=\"og:image:width\" content=\"800\" \/>\n\t<meta property=\"og:image:height\" content=\"533\" \/>\n\t<meta property=\"og:image:type\" content=\"image\/jpeg\" \/>\n<meta name=\"author\" content=\"enequipo\" \/>\n<meta name=\"twitter:card\" content=\"summary_large_image\" \/>\n<meta name=\"twitter:creator\" content=\"@sonoraenequipo\" \/>\n<meta name=\"twitter:site\" content=\"@sonoraenequipo\" \/>\n<meta name=\"twitter:label1\" content=\"Escrito por\" \/>\n\t<meta name=\"twitter:data1\" content=\"enequipo\" \/>\n\t<meta name=\"twitter:label2\" content=\"Tiempo de lectura\" \/>\n\t<meta name=\"twitter:data2\" content=\"1 minuto\" \/>\n<script type=\"application\/ld+json\" class=\"yoast-schema-graph\">{\"@context\":\"https:\/\/schema.org\",\"@graph\":[{\"@type\":\"Article\",\"@id\":\"https:\/\/www.sonoraenequipo.com.mx\/lleva-gobernador-durazo-agua-a-comunidades-que-nunca-habian-tenido-acceso\/#article\",\"isPartOf\":{\"@id\":\"https:\/\/www.sonoraenequipo.com.mx\/lleva-gobernador-durazo-agua-a-comunidades-que-nunca-habian-tenido-acceso\/\"},\"author\":{\"name\":\"enequipo\",\"@id\":\"https:\/\/www.sonoraenequipo.com.mx\/#\/schema\/person\/50102df0fb23a8fa9e8effad8fa81386\"},\"headline\":\"Lleva Gobernador Durazo agua a comunidades que nunca hab\u00edan tenido acceso\",\"datePublished\":\"2024-09-08T23:31:23+00:00\",\"mainEntityOfPage\":{\"@id\":\"https:\/\/www.sonoraenequipo.com.mx\/lleva-gobernador-durazo-agua-a-comunidades-que-nunca-habian-tenido-acceso\/\"},\"wordCount\":298,\"commentCount\":0,\"publisher\":{\"@id\":\"https:\/\/www.sonoraenequipo.com.mx\/#organization\"},\"image\":{\"@id\":\"https:\/\/www.sonoraenequipo.com.mx\/lleva-gobernador-durazo-agua-a-comunidades-que-nunca-habian-tenido-acceso\/#primaryimage\"},\"thumbnailUrl\":\"https:\/\/www.sonoraenequipo.com.mx\/storage\/2024\/09\/adm-agua.jpg\",\"keywords\":[\"Agua\",\"Sonora\"],\"articleSection\":[\"Sonora\"],\"inLanguage\":\"es\",\"potentialAction\":[{\"@type\":\"CommentAction\",\"name\":\"Comment\",\"target\":[\"https:\/\/www.sonoraenequipo.com.mx\/lleva-gobernador-durazo-agua-a-comunidades-que-nunca-habian-tenido-acceso\/#respond\"]}]},{\"@type\":\"WebPage\",\"@id\":\"https:\/\/www.sonoraenequipo.com.mx\/lleva-gobernador-durazo-agua-a-comunidades-que-nunca-habian-tenido-acceso\/\",\"url\":\"https:\/\/www.sonoraenequipo.com.mx\/lleva-gobernador-durazo-agua-a-comunidades-que-nunca-habian-tenido-acceso\/\",\"name\":\"Sonora en Equipo. Lleva Gobernador Durazo agua a comunidades que nunca hab\u00edan tenido acceso Sonora\",\"isPartOf\":{\"@id\":\"https:\/\/www.sonoraenequipo.com.mx\/#website\"},\"primaryImageOfPage\":{\"@id\":\"https:\/\/www.sonoraenequipo.com.mx\/lleva-gobernador-durazo-agua-a-comunidades-que-nunca-habian-tenido-acceso\/#primaryimage\"},\"image\":{\"@id\":\"https:\/\/www.sonoraenequipo.com.mx\/lleva-gobernador-durazo-agua-a-comunidades-que-nunca-habian-tenido-acceso\/#primaryimage\"},\"thumbnailUrl\":\"https:\/\/www.sonoraenequipo.com.mx\/storage\/2024\/09\/adm-agua.jpg\",\"datePublished\":\"2024-09-08T23:31:23+00:00\",\"description\":\"HERMOSILLO, SONORA, MX. \u2014 Con proyectos estrat\u00e9gicos del Plan H\u00eddrico para Sonora como el acueducto Macoyahui-\u00c1lamos para fortalecer la infraestructura En Sonora en Equipo publicamos toda la informaci\u00f3n de Sonora, M\u00e9xico y el Mundo de manera oportuna y busca que la libertad de expresi\u00f3n sea real. Visita nuestro medio informativo publicado desde Hermosillo, Sonora. %\",\"breadcrumb\":{\"@id\":\"https:\/\/www.sonoraenequipo.com.mx\/lleva-gobernador-durazo-agua-a-comunidades-que-nunca-habian-tenido-acceso\/#breadcrumb\"},\"inLanguage\":\"es\",\"potentialAction\":[{\"@type\":\"ReadAction\",\"target\":[\"https:\/\/www.sonoraenequipo.com.mx\/lleva-gobernador-durazo-agua-a-comunidades-que-nunca-habian-tenido-acceso\/\"]}]},{\"@type\":\"ImageObject\",\"inLanguage\":\"es\",\"@id\":\"https:\/\/www.sonoraenequipo.com.mx\/lleva-gobernador-durazo-agua-a-comunidades-que-nunca-habian-tenido-acceso\/#primaryimage\",\"url\":\"https:\/\/www.sonoraenequipo.com.mx\/storage\/2024\/09\/adm-agua.jpg\",\"contentUrl\":\"https:\/\/www.sonoraenequipo.com.mx\/storage\/2024\/09\/adm-agua.jpg\",\"width\":800,\"height\":533},{\"@type\":\"BreadcrumbList\",\"@id\":\"https:\/\/www.sonoraenequipo.com.mx\/lleva-gobernador-durazo-agua-a-comunidades-que-nunca-habian-tenido-acceso\/#breadcrumb\",\"itemListElement\":[{\"@type\":\"ListItem\",\"position\":1,\"name\":\"Portada\",\"item\":\"https:\/\/www.sonoraenequipo.com.mx\/\"},{\"@type\":\"ListItem\",\"position\":2,\"name\":\"Lleva Gobernador Durazo agua a comunidades que nunca hab\u00edan tenido acceso\"}]},{\"@type\":\"WebSite\",\"@id\":\"https:\/\/www.sonoraenequipo.com.mx\/#website\",\"url\":\"https:\/\/www.sonoraenequipo.com.mx\/\",\"name\":\"Sonora en Equipo.\",\"description\":\"Diario en l\u00ednea con Noticias desde Hermosillo, Sonora\",\"publisher\":{\"@id\":\"https:\/\/www.sonoraenequipo.com.mx\/#organization\"},\"potentialAction\":[{\"@type\":\"SearchAction\",\"target\":{\"@type\":\"EntryPoint\",\"urlTemplate\":\"https:\/\/www.sonoraenequipo.com.mx\/?s={search_term_string}\"},\"query-input\":{\"@type\":\"PropertyValueSpecification\",\"valueRequired\":true,\"valueName\":\"search_term_string\"}}],\"inLanguage\":\"es\"},{\"@type\":\"Organization\",\"@id\":\"https:\/\/www.sonoraenequipo.com.mx\/#organization\",\"name\":\"Sonoraenequipo.com.mx\",\"url\":\"https:\/\/www.sonoraenequipo.com.mx\/\",\"logo\":{\"@type\":\"ImageObject\",\"inLanguage\":\"es\",\"@id\":\"https:\/\/www.sonoraenequipo.com.mx\/#\/schema\/logo\/image\/\",\"url\":\"https:\/\/www.sonoraenequipo.com.mx\/storage\/2019\/01\/sonoraenequipo_opt.png\",\"contentUrl\":\"https:\/\/www.sonoraenequipo.com.mx\/storage\/2019\/01\/sonoraenequipo_opt.png\",\"width\":375,\"height\":125,\"caption\":\"Sonoraenequipo.com.mx\"},\"image\":{\"@id\":\"https:\/\/www.sonoraenequipo.com.mx\/#\/schema\/logo\/image\/\"},\"sameAs\":[\"https:\/\/www.facebook.com\/SonoraEE\/\",\"https:\/\/x.com\/sonoraenequipo\",\"https:\/\/www.youtube.com\/channel\/UC338nW-lPEYmJQs4ZABQ1SQ\"]},{\"@type\":\"Person\",\"@id\":\"https:\/\/www.sonoraenequipo.com.mx\/#\/schema\/person\/50102df0fb23a8fa9e8effad8fa81386\",\"name\":\"enequipo\",\"image\":{\"@type\":\"ImageObject\",\"inLanguage\":\"es\",\"@id\":\"https:\/\/www.sonoraenequipo.com.mx\/#\/schema\/person\/image\/\",\"url\":\"https:\/\/secure.gravatar.com\/avatar\/049821681b589dabc0bc20695993ccebb09f5b5d4d790cd9251b97faac7c652b?s=96&d=blank&r=g\",\"contentUrl\":\"https:\/\/secure.gravatar.com\/avatar\/049821681b589dabc0bc20695993ccebb09f5b5d4d790cd9251b97faac7c652b?s=96&d=blank&r=g\",\"caption\":\"enequipo\"},\"sameAs\":[\"https:\/\/www.facebook.com\/SonoraEE\"]}]}<\/script>\n ","yoast_head_json":{"title":"Sonora en Equipo. Lleva Gobernador Durazo agua a comunidades que nunca hab\u00edan tenido acceso Sonora","description":"HERMOSILLO, SONORA, MX. \u2014 Con proyectos estrat\u00e9gicos del Plan H\u00eddrico para Sonora como el acueducto Macoyahui-\u00c1lamos para fortalecer la infraestructura En Sonora en Equipo publicamos toda la informaci\u00f3n de Sonora, M\u00e9xico y el Mundo de manera oportuna y busca que la libertad de expresi\u00f3n sea real. Visita nuestro medio informativo publicado desde Hermosillo, Sonora. %","robots":{"index":"index","follow":"follow","max-snippet":"max-snippet:-1","max-image-preview":"max-image-preview:large","max-video-preview":"max-video-preview:-1"},"canonical":"https:\/\/www.sonoraenequipo.com.mx\/lleva-gobernador-durazo-agua-a-comunidades-que-nunca-habian-tenido-acceso\/","og_locale":"es_ES","og_type":"article","og_title":"Sonora en Equipo. Lleva Gobernador Durazo agua a comunidades que nunca hab\u00edan tenido acceso Sonora","og_description":"HERMOSILLO, SONORA, MX. \u2014 Con proyectos estrat\u00e9gicos del Plan H\u00eddrico para Sonora como el acueducto Macoyahui-\u00c1lamos para fortalecer la infraestructura En Sonora en Equipo publicamos toda la informaci\u00f3n de Sonora, M\u00e9xico y el Mundo de manera oportuna y busca que la libertad de expresi\u00f3n sea real. Visita nuestro medio informativo publicado desde Hermosillo, Sonora. %","og_url":"https:\/\/www.sonoraenequipo.com.mx\/lleva-gobernador-durazo-agua-a-comunidades-que-nunca-habian-tenido-acceso\/","og_site_name":"Sonora en Equipo.","article_publisher":"https:\/\/www.facebook.com\/SonoraEE\/","article_author":"https:\/\/www.facebook.com\/SonoraEE","article_published_time":"2024-09-08T23:31:23+00:00","og_image":[{"width":800,"height":533,"url":"https:\/\/www.sonoraenequipo.com.mx\/storage\/2024\/09\/adm-agua.jpg","type":"image\/jpeg"}],"author":"enequipo","twitter_card":"summary_large_image","twitter_creator":"@sonoraenequipo","twitter_site":"@sonoraenequipo","twitter_misc":{"Escrito por":"enequipo","Tiempo de lectura":"1 minuto"},"schema":{"@context":"https:\/\/schema.org","@graph":[{"@type":"Article","@id":"https:\/\/www.sonoraenequipo.com.mx\/lleva-gobernador-durazo-agua-a-comunidades-que-nunca-habian-tenido-acceso\/#article","isPartOf":{"@id":"https:\/\/www.sonoraenequipo.com.mx\/lleva-gobernador-durazo-agua-a-comunidades-que-nunca-habian-tenido-acceso\/"},"author":{"name":"enequipo","@id":"https:\/\/www.sonoraenequipo.com.mx\/#\/schema\/person\/50102df0fb23a8fa9e8effad8fa81386"},"headline":"Lleva Gobernador Durazo agua a comunidades que nunca hab\u00edan tenido acceso","datePublished":"2024-09-08T23:31:23+00:00","mainEntityOfPage":{"@id":"https:\/\/www.sonoraenequipo.com.mx\/lleva-gobernador-durazo-agua-a-comunidades-que-nunca-habian-tenido-acceso\/"},"wordCount":298,"commentCount":0,"publisher":{"@id":"https:\/\/www.sonoraenequipo.com.mx\/#organization"},"image":{"@id":"https:\/\/www.sonoraenequipo.com.mx\/lleva-gobernador-durazo-agua-a-comunidades-que-nunca-habian-tenido-acceso\/#primaryimage"},"thumbnailUrl":"https:\/\/www.sonoraenequipo.com.mx\/storage\/2024\/09\/adm-agua.jpg","keywords":["Agua","Sonora"],"articleSection":["Sonora"],"inLanguage":"es","potentialAction":[{"@type":"CommentAction","name":"Comment","target":["https:\/\/www.sonoraenequipo.com.mx\/lleva-gobernador-durazo-agua-a-comunidades-que-nunca-habian-tenido-acceso\/#respond"]}]},{"@type":"WebPage","@id":"https:\/\/www.sonoraenequipo.com.mx\/lleva-gobernador-durazo-agua-a-comunidades-que-nunca-habian-tenido-acceso\/","url":"https:\/\/www.sonoraenequipo.com.mx\/lleva-gobernador-durazo-agua-a-comunidades-que-nunca-habian-tenido-acceso\/","name":"Sonora en Equipo. Lleva Gobernador Durazo agua a comunidades que nunca hab\u00edan tenido acceso Sonora","isPartOf":{"@id":"https:\/\/www.sonoraenequipo.com.mx\/#website"},"primaryImageOfPage":{"@id":"https:\/\/www.sonoraenequipo.com.mx\/lleva-gobernador-durazo-agua-a-comunidades-que-nunca-habian-tenido-acceso\/#primaryimage"},"image":{"@id":"https:\/\/www.sonoraenequipo.com.mx\/lleva-gobernador-durazo-agua-a-comunidades-que-nunca-habian-tenido-acceso\/#primaryimage"},"thumbnailUrl":"https:\/\/www.sonoraenequipo.com.mx\/storage\/2024\/09\/adm-agua.jpg","datePublished":"2024-09-08T23:31:23+00:00","description":"HERMOSILLO, SONORA, MX. \u2014 Con proyectos estrat\u00e9gicos del Plan H\u00eddrico para Sonora como el acueducto Macoyahui-\u00c1lamos para fortalecer la infraestructura En Sonora en Equipo publicamos toda la informaci\u00f3n de Sonora, M\u00e9xico y el Mundo de manera oportuna y busca que la libertad de expresi\u00f3n sea real. Visita nuestro medio informativo publicado desde Hermosillo, Sonora. %","breadcrumb":{"@id":"https:\/\/www.sonoraenequipo.com.mx\/lleva-gobernador-durazo-agua-a-comunidades-que-nunca-habian-tenido-acceso\/#breadcrumb"},"inLanguage":"es","potentialAction":[{"@type":"ReadAction","target":["https:\/\/www.sonoraenequipo.com.mx\/lleva-gobernador-durazo-agua-a-comunidades-que-nunca-habian-tenido-acceso\/"]}]},{"@type":"ImageObject","inLanguage":"es","@id":"https:\/\/www.sonoraenequipo.com.mx\/lleva-gobernador-durazo-agua-a-comunidades-que-nunca-habian-tenido-acceso\/#primaryimage","url":"https:\/\/www.sonoraenequipo.com.mx\/storage\/2024\/09\/adm-agua.jpg","contentUrl":"https:\/\/www.sonoraenequipo.com.mx\/storage\/2024\/09\/adm-agua.jpg","width":800,"height":533},{"@type":"BreadcrumbList","@id":"https:\/\/www.sonoraenequipo.com.mx\/lleva-gobernador-durazo-agua-a-comunidades-que-nunca-habian-tenido-acceso\/#breadcrumb","itemListElement":[{"@type":"ListItem","position":1,"name":"Portada","item":"https:\/\/www.sonoraenequipo.com.mx\/"},{"@type":"ListItem","position":2,"name":"Lleva Gobernador Durazo agua a comunidades que nunca hab\u00edan tenido acceso"}]},{"@type":"WebSite","@id":"https:\/\/www.sonoraenequipo.com.mx\/#website","url":"https:\/\/www.sonoraenequipo.com.mx\/","name":"Sonora en Equipo.","description":"Diario en l\u00ednea con Noticias desde Hermosillo, Sonora","publisher":{"@id":"https:\/\/www.sonoraenequipo.com.mx\/#organization"},"potentialAction":[{"@type":"SearchAction","target":{"@type":"EntryPoint","urlTemplate":"https:\/\/www.sonoraenequipo.com.mx\/?s={search_term_string}"},"query-input":{"@type":"PropertyValueSpecification","valueRequired":true,"valueName":"search_term_string"}}],"inLanguage":"es"},{"@type":"Organization","@id":"https:\/\/www.sonoraenequipo.com.mx\/#organization","name":"Sonoraenequipo.com.mx","url":"https:\/\/www.sonoraenequipo.com.mx\/","logo":{"@type":"ImageObject","inLanguage":"es","@id":"https:\/\/www.sonoraenequipo.com.mx\/#\/schema\/logo\/image\/","url":"https:\/\/www.sonoraenequipo.com.mx\/storage\/2019\/01\/sonoraenequipo_opt.png","contentUrl":"https:\/\/www.sonoraenequipo.com.mx\/storage\/2019\/01\/sonoraenequipo_opt.png","width":375,"height":125,"caption":"Sonoraenequipo.com.mx"},"image":{"@id":"https:\/\/www.sonoraenequipo.com.mx\/#\/schema\/logo\/image\/"},"sameAs":["https:\/\/www.facebook.com\/SonoraEE\/","https:\/\/x.com\/sonoraenequipo","https:\/\/www.youtube.com\/channel\/UC338nW-lPEYmJQs4ZABQ1SQ"]},{"@type":"Person","@id":"https:\/\/www.sonoraenequipo.com.mx\/#\/schema\/person\/50102df0fb23a8fa9e8effad8fa81386","name":"enequipo","image":{"@type":"ImageObject","inLanguage":"es","@id":"https:\/\/www.sonoraenequipo.com.mx\/#\/schema\/person\/image\/","url":"https:\/\/secure.gravatar.com\/avatar\/049821681b589dabc0bc20695993ccebb09f5b5d4d790cd9251b97faac7c652b?s=96&d=blank&r=g","contentUrl":"https:\/\/secure.gravatar.com\/avatar\/049821681b589dabc0bc20695993ccebb09f5b5d4d790cd9251b97faac7c652b?s=96&d=blank&r=g","caption":"enequipo"},"sameAs":["https:\/\/www.facebook.com\/SonoraEE"]}]}},"jetpack_featured_media_url":"https:\/\/www.sonoraenequipo.com.mx\/storage\/2024\/09\/adm-agua.jpg","_links":{"self":[{"href":"https:\/\/www.sonoraenequipo.com.mx\/api\/wp\/v2\/posts\/198746","targetHints":{"allow":["GET"]}}],"collection":[{"href":"https:\/\/www.sonoraenequipo.com.mx\/api\/wp\/v2\/posts"}],"about":[{"href":"https:\/\/www.sonoraenequipo.com.mx\/api\/wp\/v2\/types\/post"}],"author":[{"embeddable":true,"href":"https:\/\/www.sonoraenequipo.com.mx\/api\/wp\/v2\/users\/1"}],"replies":[{"embeddable":true,"href":"https:\/\/www.sonoraenequipo.com.mx\/api\/wp\/v2\/comments?post=198746"}],"version-history":[{"count":1,"href":"https:\/\/www.sonoraenequipo.com.mx\/api\/wp\/v2\/posts\/198746\/revisions"}],"predecessor-version":[{"id":198748,"href":"https:\/\/www.sonoraenequipo.com.mx\/api\/wp\/v2\/posts\/198746\/revisions\/198748"}],"wp:featuredmedia":[{"embeddable":true,"href":"https:\/\/www.sonoraenequipo.com.mx\/api\/wp\/v2\/media\/198747"}],"wp:attachment":[{"href":"https:\/\/www.sonoraenequipo.com.mx\/api\/wp\/v2\/media?parent=198746"}],"wp:term":[{"taxonomy":"category","embeddable":true,"href":"https:\/\/www.sonoraenequipo.com.mx\/api\/wp\/v2\/categories?post=198746"},{"taxonomy":"post_tag","embeddable":true,"href":"https:\/\/www.sonoraenequipo.com.mx\/api\/wp\/v2\/tags?post=198746"}],"curies":[{"name":"wp","href":"https:\/\/api.w.org\/{rel}","templated":true}]}}