{"id":198749,"date":"2024-09-08T17:25:46","date_gmt":"2024-09-09T00:25:46","guid":{"rendered":"https:\/\/www.sonoraenequipo.com.mx\/?p=198749"},"modified":"2024-09-08T17:25:46","modified_gmt":"2024-09-09T00:25:46","slug":"destaca-sonora-por-bajo-indice-de-analfabetismo-en-personas-mayores-de-15-anos-isea","status":"publish","type":"post","link":"https:\/\/www.sonoraenequipo.com.mx\/destaca-sonora-por-bajo-indice-de-analfabetismo-en-personas-mayores-de-15-anos-isea\/","title":{"rendered":"Destaca Sonora por bajo \u00edndice de analfabetismo en personas mayores de 15 a\u00f1os: ISEA"},"content":{"rendered":"<p><strong>HERMOSILLO, SONORA, MX.<\/strong> \u2014 Sonora se ubica entre las tres entidades con porcentaje m\u00e1s bajo de analfabetismo en personas mayores de 15 a\u00f1os, como resultado de los esfuerzos realizados para abatir el rezago educativo y apoyar a quienes por alguna circunstancia no saben leer y escribir, destac\u00f3 Mar\u00eda Engracia Carrazco Valenzuela.<\/p>\n<p>&nbsp;<\/p>\n<p>&nbsp;<\/p>\n<p>&nbsp;<\/p>\n<p>En el marco de la conmemoraci\u00f3n del D\u00eda Internacional de la Alfabetizaci\u00f3n, que se celebra cada 8 de septiembre, la directora general del Instituto Sonorense de Educaci\u00f3n para los Adultos (ISEA), ratific\u00f3 el compromiso del gobernador Alfonso Durazo para garantizar un sistema educativo estatal de calidad, en beneficio de todas las personas.<\/p>\n<p>&nbsp;<\/p>\n<p>&nbsp;<\/p>\n<p>&nbsp;<\/p>\n<p>\u00abNuestra instituci\u00f3n ubica a la escritura y la lectura como habilidades b\u00e1sicas para el desarrollo personal y social de todo individuo, por lo que el Instituto fortalece las acciones para reducir cada vez m\u00e1s las cifras de analfabetismo, las cuales en Sonora representan el 1.5 por ciento de la poblaci\u00f3n mayor de 15 a\u00f1os\u00bb, indic\u00f3.<\/p>\n<p>&nbsp;<\/p>\n<p>&nbsp;<\/p>\n<p>&nbsp;<\/p>\n<p>Carrazco Valenzuela detall\u00f3 que el estado ocupa el lugar 29 de 32 en cuanto a analfabetismo, lo que significa que se encuentra entre las tres entidades del pa\u00eds con porcentaje m\u00e1s bajo de personas que no saben leer y escribir, logrando alfabetizar, en lo que va del 2024, a 993 mujeres y hombres mayores de 15 a\u00f1os y actualmente se atiende a personas educandas con el modelo de Alfabetizaci\u00f3n Ind\u00edgena Biling\u00fce en lengua Yaqui (Jiak Noki).<\/p>\n<p><strong>Fecha de publicaci\u00f3n domingo 8 de septiembre de 2024<\/strong><\/p>\n","protected":false},"excerpt":{"rendered":"<p>HERMOSILLO, SONORA, MX. \u2014 Sonora se ubica entre las tres entidades con porcentaje m\u00e1s bajo&#8230;<\/p>\n","protected":false},"author":1,"featured_media":198750,"comment_status":"open","ping_status":"open","sticky":false,"template":"","format":"standard","meta":{"_monsterinsights_skip_tracking":false,"_monsterinsights_sitenote_active":false,"_monsterinsights_sitenote_note":"","_monsterinsights_sitenote_category":0,"footnotes":""},"categories":[22],"tags":[6413,47,15],"class_list":["post"],"yoast_head":" \n<title>Sonora en Equipo. Destaca Sonora por bajo \u00edndice de analfabetismo en personas mayores de 15 a\u00f1os: ISEA Sonora<\/title>\n<meta name=\"description\" content=\"HERMOSILLO, SONORA, MX. \u2014 Sonora se ubica entre las tres entidades con porcentaje m\u00e1s bajo de analfabetismo en personas mayores de 15 a\u00f1os, como resultado En Sonora en Equipo publicamos toda la informaci\u00f3n de Sonora, M\u00e9xico y el Mundo de manera oportuna y busca que la libertad de expresi\u00f3n sea real. Visita nuestro medio informativo publicado desde Hermosillo, Sonora. %\" \/>\n<meta name=\"robots\" content=\"index, follow, max-snippet:-1, max-image-preview:large, max-video-preview:-1\" \/>\n<link rel=\"canonical\" href=\"https:\/\/www.sonoraenequipo.com.mx\/destaca-sonora-por-bajo-indice-de-analfabetismo-en-personas-mayores-de-15-anos-isea\/\" \/>\n<meta property=\"og:locale\" content=\"es_ES\" \/>\n<meta property=\"og:type\" content=\"article\" \/>\n<meta property=\"og:title\" content=\"Sonora en Equipo. Destaca Sonora por bajo \u00edndice de analfabetismo en personas mayores de 15 a\u00f1os: ISEA Sonora\" \/>\n<meta property=\"og:description\" content=\"HERMOSILLO, SONORA, MX. \u2014 Sonora se ubica entre las tres entidades con porcentaje m\u00e1s bajo de analfabetismo en personas mayores de 15 a\u00f1os, como resultado En Sonora en Equipo publicamos toda la informaci\u00f3n de Sonora, M\u00e9xico y el Mundo de manera oportuna y busca que la libertad de expresi\u00f3n sea real. Visita nuestro medio informativo publicado desde Hermosillo, Sonora. %\" \/>\n<meta property=\"og:url\" content=\"https:\/\/www.sonoraenequipo.com.mx\/destaca-sonora-por-bajo-indice-de-analfabetismo-en-personas-mayores-de-15-anos-isea\/\" \/>\n<meta property=\"og:site_name\" content=\"Sonora en Equipo.\" \/>\n<meta property=\"article:publisher\" content=\"https:\/\/www.facebook.com\/SonoraEE\/\" \/>\n<meta property=\"article:author\" content=\"https:\/\/www.facebook.com\/SonoraEE\" \/>\n<meta property=\"article:published_time\" content=\"2024-09-09T00:25:46+00:00\" \/>\n<meta property=\"og:image\" content=\"https:\/\/www.sonoraenequipo.com.mx\/storage\/2024\/09\/analfbetismo.jpg\" \/>\n\t<meta property=\"og:image:width\" content=\"800\" \/>\n\t<meta property=\"og:image:height\" content=\"600\" \/>\n\t<meta property=\"og:image:type\" content=\"image\/jpeg\" \/>\n<meta name=\"author\" content=\"enequipo\" \/>\n<meta name=\"twitter:card\" content=\"summary_large_image\" \/>\n<meta name=\"twitter:creator\" content=\"@sonoraenequipo\" \/>\n<meta name=\"twitter:site\" content=\"@sonoraenequipo\" \/>\n<meta name=\"twitter:label1\" content=\"Escrito por\" \/>\n\t<meta name=\"twitter:data1\" content=\"enequipo\" \/>\n\t<meta name=\"twitter:label2\" content=\"Tiempo de lectura\" \/>\n\t<meta name=\"twitter:data2\" content=\"1 minuto\" \/>\n<script type=\"application\/ld+json\" class=\"yoast-schema-graph\">{\"@context\":\"https:\/\/schema.org\",\"@graph\":[{\"@type\":\"Article\",\"@id\":\"https:\/\/www.sonoraenequipo.com.mx\/destaca-sonora-por-bajo-indice-de-analfabetismo-en-personas-mayores-de-15-anos-isea\/#article\",\"isPartOf\":{\"@id\":\"https:\/\/www.sonoraenequipo.com.mx\/destaca-sonora-por-bajo-indice-de-analfabetismo-en-personas-mayores-de-15-anos-isea\/\"},\"author\":{\"name\":\"enequipo\",\"@id\":\"https:\/\/www.sonoraenequipo.com.mx\/#\/schema\/person\/50102df0fb23a8fa9e8effad8fa81386\"},\"headline\":\"Destaca Sonora por bajo \u00edndice de analfabetismo en personas mayores de 15 a\u00f1os: ISEA\",\"datePublished\":\"2024-09-09T00:25:46+00:00\",\"mainEntityOfPage\":{\"@id\":\"https:\/\/www.sonoraenequipo.com.mx\/destaca-sonora-por-bajo-indice-de-analfabetismo-en-personas-mayores-de-15-anos-isea\/\"},\"wordCount\":273,\"commentCount\":0,\"publisher\":{\"@id\":\"https:\/\/www.sonoraenequipo.com.mx\/#organization\"},\"image\":{\"@id\":\"https:\/\/www.sonoraenequipo.com.mx\/destaca-sonora-por-bajo-indice-de-analfabetismo-en-personas-mayores-de-15-anos-isea\/#primaryimage\"},\"thumbnailUrl\":\"https:\/\/www.sonoraenequipo.com.mx\/storage\/2024\/09\/analfbetismo.jpg\",\"keywords\":[\"analfabetismo\",\"educaci\u00f3n\",\"Sonora\"],\"articleSection\":[\"Sonora\"],\"inLanguage\":\"es\",\"potentialAction\":[{\"@type\":\"CommentAction\",\"name\":\"Comment\",\"target\":[\"https:\/\/www.sonoraenequipo.com.mx\/destaca-sonora-por-bajo-indice-de-analfabetismo-en-personas-mayores-de-15-anos-isea\/#respond\"]}]},{\"@type\":\"WebPage\",\"@id\":\"https:\/\/www.sonoraenequipo.com.mx\/destaca-sonora-por-bajo-indice-de-analfabetismo-en-personas-mayores-de-15-anos-isea\/\",\"url\":\"https:\/\/www.sonoraenequipo.com.mx\/destaca-sonora-por-bajo-indice-de-analfabetismo-en-personas-mayores-de-15-anos-isea\/\",\"name\":\"Sonora en Equipo. Destaca Sonora por bajo \u00edndice de analfabetismo en personas mayores de 15 a\u00f1os: ISEA Sonora\",\"isPartOf\":{\"@id\":\"https:\/\/www.sonoraenequipo.com.mx\/#website\"},\"primaryImageOfPage\":{\"@id\":\"https:\/\/www.sonoraenequipo.com.mx\/destaca-sonora-por-bajo-indice-de-analfabetismo-en-personas-mayores-de-15-anos-isea\/#primaryimage\"},\"image\":{\"@id\":\"https:\/\/www.sonoraenequipo.com.mx\/destaca-sonora-por-bajo-indice-de-analfabetismo-en-personas-mayores-de-15-anos-isea\/#primaryimage\"},\"thumbnailUrl\":\"https:\/\/www.sonoraenequipo.com.mx\/storage\/2024\/09\/analfbetismo.jpg\",\"datePublished\":\"2024-09-09T00:25:46+00:00\",\"description\":\"HERMOSILLO, SONORA, MX. \u2014 Sonora se ubica entre las tres entidades con porcentaje m\u00e1s bajo de analfabetismo en personas mayores de 15 a\u00f1os, como resultado En Sonora en Equipo publicamos toda la informaci\u00f3n de Sonora, M\u00e9xico y el Mundo de manera oportuna y busca que la libertad de expresi\u00f3n sea real. Visita nuestro medio informativo publicado desde Hermosillo, Sonora. %\",\"breadcrumb\":{\"@id\":\"https:\/\/www.sonoraenequipo.com.mx\/destaca-sonora-por-bajo-indice-de-analfabetismo-en-personas-mayores-de-15-anos-isea\/#breadcrumb\"},\"inLanguage\":\"es\",\"potentialAction\":[{\"@type\":\"ReadAction\",\"target\":[\"https:\/\/www.sonoraenequipo.com.mx\/destaca-sonora-por-bajo-indice-de-analfabetismo-en-personas-mayores-de-15-anos-isea\/\"]}]},{\"@type\":\"ImageObject\",\"inLanguage\":\"es\",\"@id\":\"https:\/\/www.sonoraenequipo.com.mx\/destaca-sonora-por-bajo-indice-de-analfabetismo-en-personas-mayores-de-15-anos-isea\/#primaryimage\",\"url\":\"https:\/\/www.sonoraenequipo.com.mx\/storage\/2024\/09\/analfbetismo.jpg\",\"contentUrl\":\"https:\/\/www.sonoraenequipo.com.mx\/storage\/2024\/09\/analfbetismo.jpg\",\"width\":800,\"height\":600},{\"@type\":\"BreadcrumbList\",\"@id\":\"https:\/\/www.sonoraenequipo.com.mx\/destaca-sonora-por-bajo-indice-de-analfabetismo-en-personas-mayores-de-15-anos-isea\/#breadcrumb\",\"itemListElement\":[{\"@type\":\"ListItem\",\"position\":1,\"name\":\"Portada\",\"item\":\"https:\/\/www.sonoraenequipo.com.mx\/\"},{\"@type\":\"ListItem\",\"position\":2,\"name\":\"Destaca Sonora por bajo \u00edndice de analfabetismo en personas mayores de 15 a\u00f1os: ISEA\"}]},{\"@type\":\"WebSite\",\"@id\":\"https:\/\/www.sonoraenequipo.com.mx\/#website\",\"url\":\"https:\/\/www.sonoraenequipo.com.mx\/\",\"name\":\"Sonora en Equipo.\",\"description\":\"Diario en l\u00ednea con Noticias desde Hermosillo, Sonora\",\"publisher\":{\"@id\":\"https:\/\/www.sonoraenequipo.com.mx\/#organization\"},\"potentialAction\":[{\"@type\":\"SearchAction\",\"target\":{\"@type\":\"EntryPoint\",\"urlTemplate\":\"https:\/\/www.sonoraenequipo.com.mx\/?s={search_term_string}\"},\"query-input\":{\"@type\":\"PropertyValueSpecification\",\"valueRequired\":true,\"valueName\":\"search_term_string\"}}],\"inLanguage\":\"es\"},{\"@type\":\"Organization\",\"@id\":\"https:\/\/www.sonoraenequipo.com.mx\/#organization\",\"name\":\"Sonoraenequipo.com.mx\",\"url\":\"https:\/\/www.sonoraenequipo.com.mx\/\",\"logo\":{\"@type\":\"ImageObject\",\"inLanguage\":\"es\",\"@id\":\"https:\/\/www.sonoraenequipo.com.mx\/#\/schema\/logo\/image\/\",\"url\":\"https:\/\/www.sonoraenequipo.com.mx\/storage\/2019\/01\/sonoraenequipo_opt.png\",\"contentUrl\":\"https:\/\/www.sonoraenequipo.com.mx\/storage\/2019\/01\/sonoraenequipo_opt.png\",\"width\":375,\"height\":125,\"caption\":\"Sonoraenequipo.com.mx\"},\"image\":{\"@id\":\"https:\/\/www.sonoraenequipo.com.mx\/#\/schema\/logo\/image\/\"},\"sameAs\":[\"https:\/\/www.facebook.com\/SonoraEE\/\",\"https:\/\/x.com\/sonoraenequipo\",\"https:\/\/www.youtube.com\/channel\/UC338nW-lPEYmJQs4ZABQ1SQ\"]},{\"@type\":\"Person\",\"@id\":\"https:\/\/www.sonoraenequipo.com.mx\/#\/schema\/person\/50102df0fb23a8fa9e8effad8fa81386\",\"name\":\"enequipo\",\"image\":{\"@type\":\"ImageObject\",\"inLanguage\":\"es\",\"@id\":\"https:\/\/www.sonoraenequipo.com.mx\/#\/schema\/person\/image\/\",\"url\":\"https:\/\/secure.gravatar.com\/avatar\/049821681b589dabc0bc20695993ccebb09f5b5d4d790cd9251b97faac7c652b?s=96&d=blank&r=g\",\"contentUrl\":\"https:\/\/secure.gravatar.com\/avatar\/049821681b589dabc0bc20695993ccebb09f5b5d4d790cd9251b97faac7c652b?s=96&d=blank&r=g\",\"caption\":\"enequipo\"},\"sameAs\":[\"https:\/\/www.facebook.com\/SonoraEE\"]}]}<\/script>\n ","yoast_head_json":{"title":"Sonora en Equipo. Destaca Sonora por bajo \u00edndice de analfabetismo en personas mayores de 15 a\u00f1os: ISEA Sonora","description":"HERMOSILLO, SONORA, MX. \u2014 Sonora se ubica entre las tres entidades con porcentaje m\u00e1s bajo de analfabetismo en personas mayores de 15 a\u00f1os, como resultado En Sonora en Equipo publicamos toda la informaci\u00f3n de Sonora, M\u00e9xico y el Mundo de manera oportuna y busca que la libertad de expresi\u00f3n sea real. Visita nuestro medio informativo publicado desde Hermosillo, Sonora. %","robots":{"index":"index","follow":"follow","max-snippet":"max-snippet:-1","max-image-preview":"max-image-preview:large","max-video-preview":"max-video-preview:-1"},"canonical":"https:\/\/www.sonoraenequipo.com.mx\/destaca-sonora-por-bajo-indice-de-analfabetismo-en-personas-mayores-de-15-anos-isea\/","og_locale":"es_ES","og_type":"article","og_title":"Sonora en Equipo. Destaca Sonora por bajo \u00edndice de analfabetismo en personas mayores de 15 a\u00f1os: ISEA Sonora","og_description":"HERMOSILLO, SONORA, MX. \u2014 Sonora se ubica entre las tres entidades con porcentaje m\u00e1s bajo de analfabetismo en personas mayores de 15 a\u00f1os, como resultado En Sonora en Equipo publicamos toda la informaci\u00f3n de Sonora, M\u00e9xico y el Mundo de manera oportuna y busca que la libertad de expresi\u00f3n sea real. Visita nuestro medio informativo publicado desde Hermosillo, Sonora. %","og_url":"https:\/\/www.sonoraenequipo.com.mx\/destaca-sonora-por-bajo-indice-de-analfabetismo-en-personas-mayores-de-15-anos-isea\/","og_site_name":"Sonora en Equipo.","article_publisher":"https:\/\/www.facebook.com\/SonoraEE\/","article_author":"https:\/\/www.facebook.com\/SonoraEE","article_published_time":"2024-09-09T00:25:46+00:00","og_image":[{"width":800,"height":600,"url":"https:\/\/www.sonoraenequipo.com.mx\/storage\/2024\/09\/analfbetismo.jpg","type":"image\/jpeg"}],"author":"enequipo","twitter_card":"summary_large_image","twitter_creator":"@sonoraenequipo","twitter_site":"@sonoraenequipo","twitter_misc":{"Escrito por":"enequipo","Tiempo de lectura":"1 minuto"},"schema":{"@context":"https:\/\/schema.org","@graph":[{"@type":"Article","@id":"https:\/\/www.sonoraenequipo.com.mx\/destaca-sonora-por-bajo-indice-de-analfabetismo-en-personas-mayores-de-15-anos-isea\/#article","isPartOf":{"@id":"https:\/\/www.sonoraenequipo.com.mx\/destaca-sonora-por-bajo-indice-de-analfabetismo-en-personas-mayores-de-15-anos-isea\/"},"author":{"name":"enequipo","@id":"https:\/\/www.sonoraenequipo.com.mx\/#\/schema\/person\/50102df0fb23a8fa9e8effad8fa81386"},"headline":"Destaca Sonora por bajo \u00edndice de analfabetismo en personas mayores de 15 a\u00f1os: ISEA","datePublished":"2024-09-09T00:25:46+00:00","mainEntityOfPage":{"@id":"https:\/\/www.sonoraenequipo.com.mx\/destaca-sonora-por-bajo-indice-de-analfabetismo-en-personas-mayores-de-15-anos-isea\/"},"wordCount":273,"commentCount":0,"publisher":{"@id":"https:\/\/www.sonoraenequipo.com.mx\/#organization"},"image":{"@id":"https:\/\/www.sonoraenequipo.com.mx\/destaca-sonora-por-bajo-indice-de-analfabetismo-en-personas-mayores-de-15-anos-isea\/#primaryimage"},"thumbnailUrl":"https:\/\/www.sonoraenequipo.com.mx\/storage\/2024\/09\/analfbetismo.jpg","keywords":["analfabetismo","educaci\u00f3n","Sonora"],"articleSection":["Sonora"],"inLanguage":"es","potentialAction":[{"@type":"CommentAction","name":"Comment","target":["https:\/\/www.sonoraenequipo.com.mx\/destaca-sonora-por-bajo-indice-de-analfabetismo-en-personas-mayores-de-15-anos-isea\/#respond"]}]},{"@type":"WebPage","@id":"https:\/\/www.sonoraenequipo.com.mx\/destaca-sonora-por-bajo-indice-de-analfabetismo-en-personas-mayores-de-15-anos-isea\/","url":"https:\/\/www.sonoraenequipo.com.mx\/destaca-sonora-por-bajo-indice-de-analfabetismo-en-personas-mayores-de-15-anos-isea\/","name":"Sonora en Equipo. Destaca Sonora por bajo \u00edndice de analfabetismo en personas mayores de 15 a\u00f1os: ISEA Sonora","isPartOf":{"@id":"https:\/\/www.sonoraenequipo.com.mx\/#website"},"primaryImageOfPage":{"@id":"https:\/\/www.sonoraenequipo.com.mx\/destaca-sonora-por-bajo-indice-de-analfabetismo-en-personas-mayores-de-15-anos-isea\/#primaryimage"},"image":{"@id":"https:\/\/www.sonoraenequipo.com.mx\/destaca-sonora-por-bajo-indice-de-analfabetismo-en-personas-mayores-de-15-anos-isea\/#primaryimage"},"thumbnailUrl":"https:\/\/www.sonoraenequipo.com.mx\/storage\/2024\/09\/analfbetismo.jpg","datePublished":"2024-09-09T00:25:46+00:00","description":"HERMOSILLO, SONORA, MX. \u2014 Sonora se ubica entre las tres entidades con porcentaje m\u00e1s bajo de analfabetismo en personas mayores de 15 a\u00f1os, como resultado En Sonora en Equipo publicamos toda la informaci\u00f3n de Sonora, M\u00e9xico y el Mundo de manera oportuna y busca que la libertad de expresi\u00f3n sea real. Visita nuestro medio informativo publicado desde Hermosillo, Sonora. %","breadcrumb":{"@id":"https:\/\/www.sonoraenequipo.com.mx\/destaca-sonora-por-bajo-indice-de-analfabetismo-en-personas-mayores-de-15-anos-isea\/#breadcrumb"},"inLanguage":"es","potentialAction":[{"@type":"ReadAction","target":["https:\/\/www.sonoraenequipo.com.mx\/destaca-sonora-por-bajo-indice-de-analfabetismo-en-personas-mayores-de-15-anos-isea\/"]}]},{"@type":"ImageObject","inLanguage":"es","@id":"https:\/\/www.sonoraenequipo.com.mx\/destaca-sonora-por-bajo-indice-de-analfabetismo-en-personas-mayores-de-15-anos-isea\/#primaryimage","url":"https:\/\/www.sonoraenequipo.com.mx\/storage\/2024\/09\/analfbetismo.jpg","contentUrl":"https:\/\/www.sonoraenequipo.com.mx\/storage\/2024\/09\/analfbetismo.jpg","width":800,"height":600},{"@type":"BreadcrumbList","@id":"https:\/\/www.sonoraenequipo.com.mx\/destaca-sonora-por-bajo-indice-de-analfabetismo-en-personas-mayores-de-15-anos-isea\/#breadcrumb","itemListElement":[{"@type":"ListItem","position":1,"name":"Portada","item":"https:\/\/www.sonoraenequipo.com.mx\/"},{"@type":"ListItem","position":2,"name":"Destaca Sonora por bajo \u00edndice de analfabetismo en personas mayores de 15 a\u00f1os: ISEA"}]},{"@type":"WebSite","@id":"https:\/\/www.sonoraenequipo.com.mx\/#website","url":"https:\/\/www.sonoraenequipo.com.mx\/","name":"Sonora en Equipo.","description":"Diario en l\u00ednea con Noticias desde Hermosillo, Sonora","publisher":{"@id":"https:\/\/www.sonoraenequipo.com.mx\/#organization"},"potentialAction":[{"@type":"SearchAction","target":{"@type":"EntryPoint","urlTemplate":"https:\/\/www.sonoraenequipo.com.mx\/?s={search_term_string}"},"query-input":{"@type":"PropertyValueSpecification","valueRequired":true,"valueName":"search_term_string"}}],"inLanguage":"es"},{"@type":"Organization","@id":"https:\/\/www.sonoraenequipo.com.mx\/#organization","name":"Sonoraenequipo.com.mx","url":"https:\/\/www.sonoraenequipo.com.mx\/","logo":{"@type":"ImageObject","inLanguage":"es","@id":"https:\/\/www.sonoraenequipo.com.mx\/#\/schema\/logo\/image\/","url":"https:\/\/www.sonoraenequipo.com.mx\/storage\/2019\/01\/sonoraenequipo_opt.png","contentUrl":"https:\/\/www.sonoraenequipo.com.mx\/storage\/2019\/01\/sonoraenequipo_opt.png","width":375,"height":125,"caption":"Sonoraenequipo.com.mx"},"image":{"@id":"https:\/\/www.sonoraenequipo.com.mx\/#\/schema\/logo\/image\/"},"sameAs":["https:\/\/www.facebook.com\/SonoraEE\/","https:\/\/x.com\/sonoraenequipo","https:\/\/www.youtube.com\/channel\/UC338nW-lPEYmJQs4ZABQ1SQ"]},{"@type":"Person","@id":"https:\/\/www.sonoraenequipo.com.mx\/#\/schema\/person\/50102df0fb23a8fa9e8effad8fa81386","name":"enequipo","image":{"@type":"ImageObject","inLanguage":"es","@id":"https:\/\/www.sonoraenequipo.com.mx\/#\/schema\/person\/image\/","url":"https:\/\/secure.gravatar.com\/avatar\/049821681b589dabc0bc20695993ccebb09f5b5d4d790cd9251b97faac7c652b?s=96&d=blank&r=g","contentUrl":"https:\/\/secure.gravatar.com\/avatar\/049821681b589dabc0bc20695993ccebb09f5b5d4d790cd9251b97faac7c652b?s=96&d=blank&r=g","caption":"enequipo"},"sameAs":["https:\/\/www.facebook.com\/SonoraEE"]}]}},"jetpack_featured_media_url":"https:\/\/www.sonoraenequipo.com.mx\/storage\/2024\/09\/analfbetismo.jpg","_links":{"self":[{"href":"https:\/\/www.sonoraenequipo.com.mx\/api\/wp\/v2\/posts\/198749","targetHints":{"allow":["GET"]}}],"collection":[{"href":"https:\/\/www.sonoraenequipo.com.mx\/api\/wp\/v2\/posts"}],"about":[{"href":"https:\/\/www.sonoraenequipo.com.mx\/api\/wp\/v2\/types\/post"}],"author":[{"embeddable":true,"href":"https:\/\/www.sonoraenequipo.com.mx\/api\/wp\/v2\/users\/1"}],"replies":[{"embeddable":true,"href":"https:\/\/www.sonoraenequipo.com.mx\/api\/wp\/v2\/comments?post=198749"}],"version-history":[{"count":1,"href":"https:\/\/www.sonoraenequipo.com.mx\/api\/wp\/v2\/posts\/198749\/revisions"}],"predecessor-version":[{"id":198751,"href":"https:\/\/www.sonoraenequipo.com.mx\/api\/wp\/v2\/posts\/198749\/revisions\/198751"}],"wp:featuredmedia":[{"embeddable":true,"href":"https:\/\/www.sonoraenequipo.com.mx\/api\/wp\/v2\/media\/198750"}],"wp:attachment":[{"href":"https:\/\/www.sonoraenequipo.com.mx\/api\/wp\/v2\/media?parent=198749"}],"wp:term":[{"taxonomy":"category","embeddable":true,"href":"https:\/\/www.sonoraenequipo.com.mx\/api\/wp\/v2\/categories?post=198749"},{"taxonomy":"post_tag","embeddable":true,"href":"https:\/\/www.sonoraenequipo.com.mx\/api\/wp\/v2\/tags?post=198749"}],"curies":[{"name":"wp","href":"https:\/\/api.w.org\/{rel}","templated":true}]}}