{"id":198792,"date":"2024-09-09T11:10:53","date_gmt":"2024-09-09T18:10:53","guid":{"rendered":"https:\/\/www.sonoraenequipo.com.mx\/?p=198792"},"modified":"2024-09-09T11:11:39","modified_gmt":"2024-09-09T18:11:39","slug":"insta-ine-a-congreso-de-tamaulipas-capacitar-a-diputados-en-perspectiva-de-genero-tras-postura-del-morenista-alejandro-ruiz","status":"publish","type":"post","link":"https:\/\/www.sonoraenequipo.com.mx\/insta-ine-a-congreso-de-tamaulipas-capacitar-a-diputados-en-perspectiva-de-genero-tras-postura-del-morenista-alejandro-ruiz\/","title":{"rendered":"INE insta a \u00a0Congreso de Tamaulipas capacitar a diputados en perspectiva de g\u00e9nero, tras postura del morenista Alejandro Ruiz"},"content":{"rendered":"<p><strong>CIUDAD DE M\u00c9XICO.<\/strong> <strong>\u0336 \u0336&nbsp; <\/strong>Seg\u00fan la Encuesta Nacional sobre la Din\u00e1mica de las Relaciones en los Hogares (ENDIREH) 2021, en M\u00e9xico 39.9 % de las mujeres son violentadas por sus parejas y, al menos, 47.7 % de ellas han vivido violencia sexual a lo largo de su vida hasta el 2021, lo que representa un 8.4 % m\u00e1s que en el 2016.<\/p>\n<p>&nbsp;<\/p>\n<p>&nbsp;<\/p>\n<p>&nbsp;<\/p>\n<p>Las mujeres enfrentan muchas dificultades materiales y psicosociales para poder hablar y denunciar la violencia en la pareja. Por eso es err\u00f3nea la percepci\u00f3n de algunos hombres de que hay m\u00e1s justicia para las mujeres; esto es s\u00f3lo un espejismo de igualdad, alimentada por el ruido medi\u00e1tico que hace creer que hay cantidades muy grandes de recursos disponibles contra la violencia de g\u00e9nero, cuando en realidad son insuficientes y se necesita mucho m\u00e1s.<\/p>\n<p>&nbsp;<\/p>\n<p>&nbsp;<\/p>\n<p>&nbsp;<\/p>\n<p>La misma ENDIREH se\u00f1ala que de un total de 18,880,163 (dieciocho millones ochocientos ochenta mil ciento sesenta y tres) de mujeres que experimentaron violencia en la pareja, el 44.7 % no le cont\u00f3 a nadie.<\/p>\n<p>&nbsp;<\/p>\n<p>&nbsp;<\/p>\n<p>&nbsp;<\/p>\n<p>Del total de mujeres que experimentaron violencia f\u00edsica o sexual por parte de su pareja, s\u00f3lo 13.1 % de mujeres denunciaron, ante un abrumador 78.3 % que no solicit\u00f3 apoyo ni present\u00f3 una queja o denuncia.<\/p>\n<p>&nbsp;<\/p>\n<p>&nbsp;<\/p>\n<p>&nbsp;<\/p>\n<p>Entre las principales causas por las que las mujeres no denuncian la violencia f\u00edsica o sexual ejercida por sus parejas est\u00e1n:<\/p>\n<p><strong>Por miedo de las consecuencias con un 22.2 %.<\/strong><\/p>\n<p>Por verg\u00fcenza con un 18.0 % y porque no quer\u00eda que su familia se enterara con un 12.7 %, lo que demuestra las dificultades psicosociales que la cultura machista imprime en las mujeres para evitar que denuncien.<\/p>\n<p>Porque su esposo o pareja dijo que iba cambiar con un 13.5 %, lo que prueba el efecto del c\u00edrculo de la violencia.<\/p>\n<p>&nbsp;<\/p>\n<p>&nbsp;<\/p>\n<p>Ante el preocupante contexto actual, las declaraciones del Diputado Local de Tamaulipas Marte Alejandro Ru\u00edz Nava no s\u00f3lo son un acto irresponsable, sino que atentan contra el derecho de las mujeres a la libre determinaci\u00f3n de su sexualidad.<\/p>\n<p>&nbsp;<\/p>\n<p>Equiparar el ejercicio de este derecho con una supuesta microviolencia, perpet\u00faa la visi\u00f3n de la mujer como propiedad sexual del hombre, porque refuerza la peligrosa idea de que las mujeres deben estar siempre disponibles sexualmente para sus parejas, lo cual es inaceptable.<\/p>\n<p>&nbsp;<\/p>\n<p>Las citadas declaraciones implican una banalizaci\u00f3n de la violencia sexual y de g\u00e9nero, minimizando sus consecuencias, y abriendo la puerta a conductas que vulneren la integridad, intimidad y seguridad de las mujeres. Es tal sentido, es imperativo que se concientice tanto al Diputado Local de Tamaulipas Marte Alejandro Ru\u00edz Nava, como a la poblaci\u00f3n en general sobre la gravedad de que:<\/p>\n<p>La negativa de una mujer a sostener relaciones sexuales con su pareja no es una microviolencia, sino el ejercicio de sus derechos sexuales y una manifestaci\u00f3n de su autonom\u00eda, que debe ser respetada sin cuestionamiento alguno y, que, no respetar su negativa es una violaci\u00f3n sexual, es un delito grave que est\u00e1 penado con prisi\u00f3n.<\/p>\n<p>&nbsp;<\/p>\n<p>&nbsp;<\/p>\n<p>&nbsp;<\/p>\n<p>Al trivializar este delito, no s\u00f3lo se ignora su gravedad, invitando a la sociedad a una insensibilidad y a una percepci\u00f3n minimizada del da\u00f1o que esta violencia representa, sino que se pone en peligro a las mujeres que enfrentan estas situaciones de violencia sexual en la pareja, quienes ya tienen muchos obst\u00e1culos para hablarlo y denunciarlo.<\/p>\n<p>Las expresiones del Diputado Local de Tamaulipas Marte Alejandro Ru\u00edz Nava, que como figura pol\u00edtica cuenta con mayor visibilidad y voz en el espacio p\u00fablico que muchas mujeres en situaci\u00f3n de violencia sexual, representan un mensaje de descalificaci\u00f3n y desincentivaci\u00f3n a las mujeres de M\u00e9xico para denunciar la violencia de g\u00e9nero. Los recursos disponibles hasta el momento, no se tratan de \u201cbeneficios\u201d para las mujeres, sino de la garant\u00eda a sus derechos fundamentales.<\/p>\n<p>Por ello, desde el Instituto Nacional Electoral (INE), exhortamos a erradicar este tipo de expresiones en el debate p\u00fablico. Estas manifestaciones evidencian un profundo desconocimiento de la realidad psicosocial de las mujeres en nuestro pa\u00eds y resaltan la urgente necesidad de sensibilizaci\u00f3n y capacitaci\u00f3n en derechos humanos con perspectiva de g\u00e9nero.<\/p>\n<p>Reiteramos nuestro compromiso de trabajar de manera articulada con las Instituciones del Estado mexicano para promover la cultura de la no violencia y el respeto de los derechos humanos de las mujeres, por lo que hacemos un llamado a la Diputaci\u00f3n Permanente, Junta de Gobierno y Mesa Directiva de la actual y pr\u00f3xima legislatura del Estado de Tamaulipas a tomar acciones concretas para sensibilizar y capacitar a las y los legisladores en materia de derechos humanos de las mujeres con perspectiva de g\u00e9nero, e invitamos al Diputado Local Marte Alejandro Ru\u00edz Nava a participar seriamente en dichas capacitaciones y al respeto irrestricto de los derechos humanos de las mujeres.<\/p>\n<p>Tambi\u00e9n exhortamos a los partidos pol\u00edticos en Tamaulipas a fortalecer las acciones concretas para erradicar conductas y expresiones con trasfondo de violencia de g\u00e9nero por parte de sus integrantes, debido a que es fundamental que asuman su responsabilidad en la promoci\u00f3n de una cultura de respeto a los derechos humanos con perspectiva de g\u00e9nero, contribuyendo as\u00ed a una vida pol\u00edtica libre de violencia contra las mujeres.<\/p>\n<p>Finalmente, hacemos un llamado a la poblaci\u00f3n de hombres para deconstruir la masculinidad hegem\u00f3nica que genera violencia contra las mujeres y cuyos mandatos masculinos de g\u00e9nero tambi\u00e9n les afecta negativamente.<\/p>\n<p>Cabe se\u00f1alar que Marte Alejandro Ruiz Nava, diputado local de Morena en Tamaulipas hizo una declaraci\u00f3n que desat\u00f3 una ola de cr\u00edticas en redes sociales por la ideolog\u00eda que impulsa desde su cargo como legislador, asegur\u00f3 que los hombres se encuentran en una situaci\u00f3n desfavorable al no haber una dependencia especializada para investigar los tipos de violencia de los que se supone son v\u00edctimas.<\/p>\n<p>Entre los ejemplos con los que compara la situaci\u00f3n, dijo que una mujer puede aseverar sentirse violentada cuando \u201cun hombre le levanta la voz\u201d, mientras que los hombres sufren de micro violencia cuando su pareja sentimental no hacen el lunch o se resisten a tener una relaci\u00f3n sexual, tomando una postura sexista y de sumisi\u00f3n que a su parecer debe tomar una de las partes.<\/p>\n<p><strong>Fecha de publicaci\u00f3n lunes 9 de septiembre de 2024<\/strong><\/p>\n<p>&nbsp;<\/p>\n","protected":false},"excerpt":{"rendered":"<p>CIUDAD DE M\u00c9XICO. \u0336 \u0336&nbsp; Seg\u00fan la Encuesta Nacional sobre la Din\u00e1mica de las Relaciones&#8230;<\/p>\n","protected":false},"author":1,"featured_media":198793,"comment_status":"open","ping_status":"open","sticky":false,"template":"","format":"standard","meta":{"_monsterinsights_skip_tracking":false,"_monsterinsights_sitenote_active":false,"_monsterinsights_sitenote_note":"","_monsterinsights_sitenote_category":0,"footnotes":""},"categories":[5],"tags":[10231,1247,108,7997],"class_list":["post"],"yoast_head":" \n<title>Sonora en Equipo. INE insta a \u00a0Congreso de Tamaulipas capacitar a diputados en perspectiva de g\u00e9nero, tras postura del morenista Alejandro Ruiz Rep\u00fablica<\/title>\n<meta name=\"description\" content=\"CIUDAD DE M\u00c9XICO. \u0336 \u0336&nbsp; Seg\u00fan la Encuesta Nacional sobre la Din\u00e1mica de las Relaciones en los Hogares (ENDIREH) 2021, en M\u00e9xico 39.9 % de las mujeres En Sonora en Equipo publicamos toda la informaci\u00f3n de Sonora, M\u00e9xico y el Mundo de manera oportuna y busca que la libertad de expresi\u00f3n sea real. Visita nuestro medio informativo publicado desde Hermosillo, Sonora. %\" \/>\n<meta name=\"robots\" content=\"index, follow, max-snippet:-1, max-image-preview:large, max-video-preview:-1\" \/>\n<link rel=\"canonical\" href=\"https:\/\/www.sonoraenequipo.com.mx\/insta-ine-a-congreso-de-tamaulipas-capacitar-a-diputados-en-perspectiva-de-genero-tras-postura-del-morenista-alejandro-ruiz\/\" \/>\n<meta property=\"og:locale\" content=\"es_ES\" \/>\n<meta property=\"og:type\" content=\"article\" \/>\n<meta property=\"og:title\" content=\"Sonora en Equipo. INE insta a \u00a0Congreso de Tamaulipas capacitar a diputados en perspectiva de g\u00e9nero, tras postura del morenista Alejandro Ruiz Rep\u00fablica\" \/>\n<meta property=\"og:description\" content=\"CIUDAD DE M\u00c9XICO. \u0336 \u0336&nbsp; Seg\u00fan la Encuesta Nacional sobre la Din\u00e1mica de las Relaciones en los Hogares (ENDIREH) 2021, en M\u00e9xico 39.9 % de las mujeres En Sonora en Equipo publicamos toda la informaci\u00f3n de Sonora, M\u00e9xico y el Mundo de manera oportuna y busca que la libertad de expresi\u00f3n sea real. Visita nuestro medio informativo publicado desde Hermosillo, Sonora. %\" \/>\n<meta property=\"og:url\" content=\"https:\/\/www.sonoraenequipo.com.mx\/insta-ine-a-congreso-de-tamaulipas-capacitar-a-diputados-en-perspectiva-de-genero-tras-postura-del-morenista-alejandro-ruiz\/\" \/>\n<meta property=\"og:site_name\" content=\"Sonora en Equipo.\" \/>\n<meta property=\"article:publisher\" content=\"https:\/\/www.facebook.com\/SonoraEE\/\" \/>\n<meta property=\"article:author\" content=\"https:\/\/www.facebook.com\/SonoraEE\" \/>\n<meta property=\"article:published_time\" content=\"2024-09-09T18:10:53+00:00\" \/>\n<meta property=\"article:modified_time\" content=\"2024-09-09T18:11:39+00:00\" \/>\n<meta property=\"og:image\" content=\"https:\/\/www.sonoraenequipo.com.mx\/storage\/2024\/09\/marte.jpg\" \/>\n\t<meta property=\"og:image:width\" content=\"600\" \/>\n\t<meta property=\"og:image:height\" content=\"400\" \/>\n\t<meta property=\"og:image:type\" content=\"image\/jpeg\" \/>\n<meta name=\"author\" content=\"enequipo\" \/>\n<meta name=\"twitter:card\" content=\"summary_large_image\" \/>\n<meta name=\"twitter:creator\" content=\"@sonoraenequipo\" \/>\n<meta name=\"twitter:site\" content=\"@sonoraenequipo\" \/>\n<meta name=\"twitter:label1\" content=\"Escrito por\" \/>\n\t<meta name=\"twitter:data1\" content=\"enequipo\" \/>\n\t<meta name=\"twitter:label2\" content=\"Tiempo de lectura\" \/>\n\t<meta name=\"twitter:data2\" content=\"5 minutos\" \/>\n<script type=\"application\/ld+json\" class=\"yoast-schema-graph\">{\"@context\":\"https:\/\/schema.org\",\"@graph\":[{\"@type\":\"Article\",\"@id\":\"https:\/\/www.sonoraenequipo.com.mx\/insta-ine-a-congreso-de-tamaulipas-capacitar-a-diputados-en-perspectiva-de-genero-tras-postura-del-morenista-alejandro-ruiz\/#article\",\"isPartOf\":{\"@id\":\"https:\/\/www.sonoraenequipo.com.mx\/insta-ine-a-congreso-de-tamaulipas-capacitar-a-diputados-en-perspectiva-de-genero-tras-postura-del-morenista-alejandro-ruiz\/\"},\"author\":{\"name\":\"enequipo\",\"@id\":\"https:\/\/www.sonoraenequipo.com.mx\/#\/schema\/person\/50102df0fb23a8fa9e8effad8fa81386\"},\"headline\":\"INE insta a \u00a0Congreso de Tamaulipas capacitar a diputados en perspectiva de g\u00e9nero, tras postura del morenista Alejandro Ruiz\",\"datePublished\":\"2024-09-09T18:10:53+00:00\",\"dateModified\":\"2024-09-09T18:11:39+00:00\",\"mainEntityOfPage\":{\"@id\":\"https:\/\/www.sonoraenequipo.com.mx\/insta-ine-a-congreso-de-tamaulipas-capacitar-a-diputados-en-perspectiva-de-genero-tras-postura-del-morenista-alejandro-ruiz\/\"},\"wordCount\":1104,\"commentCount\":0,\"publisher\":{\"@id\":\"https:\/\/www.sonoraenequipo.com.mx\/#organization\"},\"image\":{\"@id\":\"https:\/\/www.sonoraenequipo.com.mx\/insta-ine-a-congreso-de-tamaulipas-capacitar-a-diputados-en-perspectiva-de-genero-tras-postura-del-morenista-alejandro-ruiz\/#primaryimage\"},\"thumbnailUrl\":\"https:\/\/www.sonoraenequipo.com.mx\/storage\/2024\/09\/marte.jpg\",\"keywords\":[\"alejandro\",\"INE\",\"morena\",\"ruiz\"],\"articleSection\":[\"Rep\u00fablica\"],\"inLanguage\":\"es\",\"potentialAction\":[{\"@type\":\"CommentAction\",\"name\":\"Comment\",\"target\":[\"https:\/\/www.sonoraenequipo.com.mx\/insta-ine-a-congreso-de-tamaulipas-capacitar-a-diputados-en-perspectiva-de-genero-tras-postura-del-morenista-alejandro-ruiz\/#respond\"]}]},{\"@type\":\"WebPage\",\"@id\":\"https:\/\/www.sonoraenequipo.com.mx\/insta-ine-a-congreso-de-tamaulipas-capacitar-a-diputados-en-perspectiva-de-genero-tras-postura-del-morenista-alejandro-ruiz\/\",\"url\":\"https:\/\/www.sonoraenequipo.com.mx\/insta-ine-a-congreso-de-tamaulipas-capacitar-a-diputados-en-perspectiva-de-genero-tras-postura-del-morenista-alejandro-ruiz\/\",\"name\":\"Sonora en Equipo. INE insta a \u00a0Congreso de Tamaulipas capacitar a diputados en perspectiva de g\u00e9nero, tras postura del morenista Alejandro Ruiz Rep\u00fablica\",\"isPartOf\":{\"@id\":\"https:\/\/www.sonoraenequipo.com.mx\/#website\"},\"primaryImageOfPage\":{\"@id\":\"https:\/\/www.sonoraenequipo.com.mx\/insta-ine-a-congreso-de-tamaulipas-capacitar-a-diputados-en-perspectiva-de-genero-tras-postura-del-morenista-alejandro-ruiz\/#primaryimage\"},\"image\":{\"@id\":\"https:\/\/www.sonoraenequipo.com.mx\/insta-ine-a-congreso-de-tamaulipas-capacitar-a-diputados-en-perspectiva-de-genero-tras-postura-del-morenista-alejandro-ruiz\/#primaryimage\"},\"thumbnailUrl\":\"https:\/\/www.sonoraenequipo.com.mx\/storage\/2024\/09\/marte.jpg\",\"datePublished\":\"2024-09-09T18:10:53+00:00\",\"dateModified\":\"2024-09-09T18:11:39+00:00\",\"description\":\"CIUDAD DE M\u00c9XICO. \u0336 \u0336&nbsp; Seg\u00fan la Encuesta Nacional sobre la Din\u00e1mica de las Relaciones en los Hogares (ENDIREH) 2021, en M\u00e9xico 39.9 % de las mujeres En Sonora en Equipo publicamos toda la informaci\u00f3n de Sonora, M\u00e9xico y el Mundo de manera oportuna y busca que la libertad de expresi\u00f3n sea real. Visita nuestro medio informativo publicado desde Hermosillo, Sonora. %\",\"breadcrumb\":{\"@id\":\"https:\/\/www.sonoraenequipo.com.mx\/insta-ine-a-congreso-de-tamaulipas-capacitar-a-diputados-en-perspectiva-de-genero-tras-postura-del-morenista-alejandro-ruiz\/#breadcrumb\"},\"inLanguage\":\"es\",\"potentialAction\":[{\"@type\":\"ReadAction\",\"target\":[\"https:\/\/www.sonoraenequipo.com.mx\/insta-ine-a-congreso-de-tamaulipas-capacitar-a-diputados-en-perspectiva-de-genero-tras-postura-del-morenista-alejandro-ruiz\/\"]}]},{\"@type\":\"ImageObject\",\"inLanguage\":\"es\",\"@id\":\"https:\/\/www.sonoraenequipo.com.mx\/insta-ine-a-congreso-de-tamaulipas-capacitar-a-diputados-en-perspectiva-de-genero-tras-postura-del-morenista-alejandro-ruiz\/#primaryimage\",\"url\":\"https:\/\/www.sonoraenequipo.com.mx\/storage\/2024\/09\/marte.jpg\",\"contentUrl\":\"https:\/\/www.sonoraenequipo.com.mx\/storage\/2024\/09\/marte.jpg\",\"width\":600,\"height\":400,\"caption\":\"Diputado local de Morena en Tamaulipas propuso la creaci\u00f3n del Instituto del hombre para protegerlo de la violencia de la mujer\"},{\"@type\":\"BreadcrumbList\",\"@id\":\"https:\/\/www.sonoraenequipo.com.mx\/insta-ine-a-congreso-de-tamaulipas-capacitar-a-diputados-en-perspectiva-de-genero-tras-postura-del-morenista-alejandro-ruiz\/#breadcrumb\",\"itemListElement\":[{\"@type\":\"ListItem\",\"position\":1,\"name\":\"Portada\",\"item\":\"https:\/\/www.sonoraenequipo.com.mx\/\"},{\"@type\":\"ListItem\",\"position\":2,\"name\":\"INE insta a \u00a0Congreso de Tamaulipas capacitar a diputados en perspectiva de g\u00e9nero, tras postura del morenista Alejandro Ruiz\"}]},{\"@type\":\"WebSite\",\"@id\":\"https:\/\/www.sonoraenequipo.com.mx\/#website\",\"url\":\"https:\/\/www.sonoraenequipo.com.mx\/\",\"name\":\"Sonora en Equipo.\",\"description\":\"Diario en l\u00ednea con Noticias desde Hermosillo, Sonora\",\"publisher\":{\"@id\":\"https:\/\/www.sonoraenequipo.com.mx\/#organization\"},\"potentialAction\":[{\"@type\":\"SearchAction\",\"target\":{\"@type\":\"EntryPoint\",\"urlTemplate\":\"https:\/\/www.sonoraenequipo.com.mx\/?s={search_term_string}\"},\"query-input\":{\"@type\":\"PropertyValueSpecification\",\"valueRequired\":true,\"valueName\":\"search_term_string\"}}],\"inLanguage\":\"es\"},{\"@type\":\"Organization\",\"@id\":\"https:\/\/www.sonoraenequipo.com.mx\/#organization\",\"name\":\"Sonoraenequipo.com.mx\",\"url\":\"https:\/\/www.sonoraenequipo.com.mx\/\",\"logo\":{\"@type\":\"ImageObject\",\"inLanguage\":\"es\",\"@id\":\"https:\/\/www.sonoraenequipo.com.mx\/#\/schema\/logo\/image\/\",\"url\":\"https:\/\/www.sonoraenequipo.com.mx\/storage\/2019\/01\/sonoraenequipo_opt.png\",\"contentUrl\":\"https:\/\/www.sonoraenequipo.com.mx\/storage\/2019\/01\/sonoraenequipo_opt.png\",\"width\":375,\"height\":125,\"caption\":\"Sonoraenequipo.com.mx\"},\"image\":{\"@id\":\"https:\/\/www.sonoraenequipo.com.mx\/#\/schema\/logo\/image\/\"},\"sameAs\":[\"https:\/\/www.facebook.com\/SonoraEE\/\",\"https:\/\/x.com\/sonoraenequipo\",\"https:\/\/www.youtube.com\/channel\/UC338nW-lPEYmJQs4ZABQ1SQ\"]},{\"@type\":\"Person\",\"@id\":\"https:\/\/www.sonoraenequipo.com.mx\/#\/schema\/person\/50102df0fb23a8fa9e8effad8fa81386\",\"name\":\"enequipo\",\"image\":{\"@type\":\"ImageObject\",\"inLanguage\":\"es\",\"@id\":\"https:\/\/www.sonoraenequipo.com.mx\/#\/schema\/person\/image\/\",\"url\":\"https:\/\/secure.gravatar.com\/avatar\/049821681b589dabc0bc20695993ccebb09f5b5d4d790cd9251b97faac7c652b?s=96&d=blank&r=g\",\"contentUrl\":\"https:\/\/secure.gravatar.com\/avatar\/049821681b589dabc0bc20695993ccebb09f5b5d4d790cd9251b97faac7c652b?s=96&d=blank&r=g\",\"caption\":\"enequipo\"},\"sameAs\":[\"https:\/\/www.facebook.com\/SonoraEE\"]}]}<\/script>\n ","yoast_head_json":{"title":"Sonora en Equipo. INE insta a \u00a0Congreso de Tamaulipas capacitar a diputados en perspectiva de g\u00e9nero, tras postura del morenista Alejandro Ruiz Rep\u00fablica","description":"CIUDAD DE M\u00c9XICO. \u0336 \u0336&nbsp; Seg\u00fan la Encuesta Nacional sobre la Din\u00e1mica de las Relaciones en los Hogares (ENDIREH) 2021, en M\u00e9xico 39.9 % de las mujeres En Sonora en Equipo publicamos toda la informaci\u00f3n de Sonora, M\u00e9xico y el Mundo de manera oportuna y busca que la libertad de expresi\u00f3n sea real. Visita nuestro medio informativo publicado desde Hermosillo, Sonora. %","robots":{"index":"index","follow":"follow","max-snippet":"max-snippet:-1","max-image-preview":"max-image-preview:large","max-video-preview":"max-video-preview:-1"},"canonical":"https:\/\/www.sonoraenequipo.com.mx\/insta-ine-a-congreso-de-tamaulipas-capacitar-a-diputados-en-perspectiva-de-genero-tras-postura-del-morenista-alejandro-ruiz\/","og_locale":"es_ES","og_type":"article","og_title":"Sonora en Equipo. INE insta a \u00a0Congreso de Tamaulipas capacitar a diputados en perspectiva de g\u00e9nero, tras postura del morenista Alejandro Ruiz Rep\u00fablica","og_description":"CIUDAD DE M\u00c9XICO. \u0336 \u0336&nbsp; Seg\u00fan la Encuesta Nacional sobre la Din\u00e1mica de las Relaciones en los Hogares (ENDIREH) 2021, en M\u00e9xico 39.9 % de las mujeres En Sonora en Equipo publicamos toda la informaci\u00f3n de Sonora, M\u00e9xico y el Mundo de manera oportuna y busca que la libertad de expresi\u00f3n sea real. Visita nuestro medio informativo publicado desde Hermosillo, Sonora. %","og_url":"https:\/\/www.sonoraenequipo.com.mx\/insta-ine-a-congreso-de-tamaulipas-capacitar-a-diputados-en-perspectiva-de-genero-tras-postura-del-morenista-alejandro-ruiz\/","og_site_name":"Sonora en Equipo.","article_publisher":"https:\/\/www.facebook.com\/SonoraEE\/","article_author":"https:\/\/www.facebook.com\/SonoraEE","article_published_time":"2024-09-09T18:10:53+00:00","article_modified_time":"2024-09-09T18:11:39+00:00","og_image":[{"width":600,"height":400,"url":"https:\/\/www.sonoraenequipo.com.mx\/storage\/2024\/09\/marte.jpg","type":"image\/jpeg"}],"author":"enequipo","twitter_card":"summary_large_image","twitter_creator":"@sonoraenequipo","twitter_site":"@sonoraenequipo","twitter_misc":{"Escrito por":"enequipo","Tiempo de lectura":"5 minutos"},"schema":{"@context":"https:\/\/schema.org","@graph":[{"@type":"Article","@id":"https:\/\/www.sonoraenequipo.com.mx\/insta-ine-a-congreso-de-tamaulipas-capacitar-a-diputados-en-perspectiva-de-genero-tras-postura-del-morenista-alejandro-ruiz\/#article","isPartOf":{"@id":"https:\/\/www.sonoraenequipo.com.mx\/insta-ine-a-congreso-de-tamaulipas-capacitar-a-diputados-en-perspectiva-de-genero-tras-postura-del-morenista-alejandro-ruiz\/"},"author":{"name":"enequipo","@id":"https:\/\/www.sonoraenequipo.com.mx\/#\/schema\/person\/50102df0fb23a8fa9e8effad8fa81386"},"headline":"INE insta a \u00a0Congreso de Tamaulipas capacitar a diputados en perspectiva de g\u00e9nero, tras postura del morenista Alejandro Ruiz","datePublished":"2024-09-09T18:10:53+00:00","dateModified":"2024-09-09T18:11:39+00:00","mainEntityOfPage":{"@id":"https:\/\/www.sonoraenequipo.com.mx\/insta-ine-a-congreso-de-tamaulipas-capacitar-a-diputados-en-perspectiva-de-genero-tras-postura-del-morenista-alejandro-ruiz\/"},"wordCount":1104,"commentCount":0,"publisher":{"@id":"https:\/\/www.sonoraenequipo.com.mx\/#organization"},"image":{"@id":"https:\/\/www.sonoraenequipo.com.mx\/insta-ine-a-congreso-de-tamaulipas-capacitar-a-diputados-en-perspectiva-de-genero-tras-postura-del-morenista-alejandro-ruiz\/#primaryimage"},"thumbnailUrl":"https:\/\/www.sonoraenequipo.com.mx\/storage\/2024\/09\/marte.jpg","keywords":["alejandro","INE","morena","ruiz"],"articleSection":["Rep\u00fablica"],"inLanguage":"es","potentialAction":[{"@type":"CommentAction","name":"Comment","target":["https:\/\/www.sonoraenequipo.com.mx\/insta-ine-a-congreso-de-tamaulipas-capacitar-a-diputados-en-perspectiva-de-genero-tras-postura-del-morenista-alejandro-ruiz\/#respond"]}]},{"@type":"WebPage","@id":"https:\/\/www.sonoraenequipo.com.mx\/insta-ine-a-congreso-de-tamaulipas-capacitar-a-diputados-en-perspectiva-de-genero-tras-postura-del-morenista-alejandro-ruiz\/","url":"https:\/\/www.sonoraenequipo.com.mx\/insta-ine-a-congreso-de-tamaulipas-capacitar-a-diputados-en-perspectiva-de-genero-tras-postura-del-morenista-alejandro-ruiz\/","name":"Sonora en Equipo. INE insta a \u00a0Congreso de Tamaulipas capacitar a diputados en perspectiva de g\u00e9nero, tras postura del morenista Alejandro Ruiz Rep\u00fablica","isPartOf":{"@id":"https:\/\/www.sonoraenequipo.com.mx\/#website"},"primaryImageOfPage":{"@id":"https:\/\/www.sonoraenequipo.com.mx\/insta-ine-a-congreso-de-tamaulipas-capacitar-a-diputados-en-perspectiva-de-genero-tras-postura-del-morenista-alejandro-ruiz\/#primaryimage"},"image":{"@id":"https:\/\/www.sonoraenequipo.com.mx\/insta-ine-a-congreso-de-tamaulipas-capacitar-a-diputados-en-perspectiva-de-genero-tras-postura-del-morenista-alejandro-ruiz\/#primaryimage"},"thumbnailUrl":"https:\/\/www.sonoraenequipo.com.mx\/storage\/2024\/09\/marte.jpg","datePublished":"2024-09-09T18:10:53+00:00","dateModified":"2024-09-09T18:11:39+00:00","description":"CIUDAD DE M\u00c9XICO. \u0336 \u0336&nbsp; Seg\u00fan la Encuesta Nacional sobre la Din\u00e1mica de las Relaciones en los Hogares (ENDIREH) 2021, en M\u00e9xico 39.9 % de las mujeres En Sonora en Equipo publicamos toda la informaci\u00f3n de Sonora, M\u00e9xico y el Mundo de manera oportuna y busca que la libertad de expresi\u00f3n sea real. Visita nuestro medio informativo publicado desde Hermosillo, Sonora. %","breadcrumb":{"@id":"https:\/\/www.sonoraenequipo.com.mx\/insta-ine-a-congreso-de-tamaulipas-capacitar-a-diputados-en-perspectiva-de-genero-tras-postura-del-morenista-alejandro-ruiz\/#breadcrumb"},"inLanguage":"es","potentialAction":[{"@type":"ReadAction","target":["https:\/\/www.sonoraenequipo.com.mx\/insta-ine-a-congreso-de-tamaulipas-capacitar-a-diputados-en-perspectiva-de-genero-tras-postura-del-morenista-alejandro-ruiz\/"]}]},{"@type":"ImageObject","inLanguage":"es","@id":"https:\/\/www.sonoraenequipo.com.mx\/insta-ine-a-congreso-de-tamaulipas-capacitar-a-diputados-en-perspectiva-de-genero-tras-postura-del-morenista-alejandro-ruiz\/#primaryimage","url":"https:\/\/www.sonoraenequipo.com.mx\/storage\/2024\/09\/marte.jpg","contentUrl":"https:\/\/www.sonoraenequipo.com.mx\/storage\/2024\/09\/marte.jpg","width":600,"height":400,"caption":"Diputado local de Morena en Tamaulipas propuso la creaci\u00f3n del Instituto del hombre para protegerlo de la violencia de la mujer"},{"@type":"BreadcrumbList","@id":"https:\/\/www.sonoraenequipo.com.mx\/insta-ine-a-congreso-de-tamaulipas-capacitar-a-diputados-en-perspectiva-de-genero-tras-postura-del-morenista-alejandro-ruiz\/#breadcrumb","itemListElement":[{"@type":"ListItem","position":1,"name":"Portada","item":"https:\/\/www.sonoraenequipo.com.mx\/"},{"@type":"ListItem","position":2,"name":"INE insta a \u00a0Congreso de Tamaulipas capacitar a diputados en perspectiva de g\u00e9nero, tras postura del morenista Alejandro Ruiz"}]},{"@type":"WebSite","@id":"https:\/\/www.sonoraenequipo.com.mx\/#website","url":"https:\/\/www.sonoraenequipo.com.mx\/","name":"Sonora en Equipo.","description":"Diario en l\u00ednea con Noticias desde Hermosillo, Sonora","publisher":{"@id":"https:\/\/www.sonoraenequipo.com.mx\/#organization"},"potentialAction":[{"@type":"SearchAction","target":{"@type":"EntryPoint","urlTemplate":"https:\/\/www.sonoraenequipo.com.mx\/?s={search_term_string}"},"query-input":{"@type":"PropertyValueSpecification","valueRequired":true,"valueName":"search_term_string"}}],"inLanguage":"es"},{"@type":"Organization","@id":"https:\/\/www.sonoraenequipo.com.mx\/#organization","name":"Sonoraenequipo.com.mx","url":"https:\/\/www.sonoraenequipo.com.mx\/","logo":{"@type":"ImageObject","inLanguage":"es","@id":"https:\/\/www.sonoraenequipo.com.mx\/#\/schema\/logo\/image\/","url":"https:\/\/www.sonoraenequipo.com.mx\/storage\/2019\/01\/sonoraenequipo_opt.png","contentUrl":"https:\/\/www.sonoraenequipo.com.mx\/storage\/2019\/01\/sonoraenequipo_opt.png","width":375,"height":125,"caption":"Sonoraenequipo.com.mx"},"image":{"@id":"https:\/\/www.sonoraenequipo.com.mx\/#\/schema\/logo\/image\/"},"sameAs":["https:\/\/www.facebook.com\/SonoraEE\/","https:\/\/x.com\/sonoraenequipo","https:\/\/www.youtube.com\/channel\/UC338nW-lPEYmJQs4ZABQ1SQ"]},{"@type":"Person","@id":"https:\/\/www.sonoraenequipo.com.mx\/#\/schema\/person\/50102df0fb23a8fa9e8effad8fa81386","name":"enequipo","image":{"@type":"ImageObject","inLanguage":"es","@id":"https:\/\/www.sonoraenequipo.com.mx\/#\/schema\/person\/image\/","url":"https:\/\/secure.gravatar.com\/avatar\/049821681b589dabc0bc20695993ccebb09f5b5d4d790cd9251b97faac7c652b?s=96&d=blank&r=g","contentUrl":"https:\/\/secure.gravatar.com\/avatar\/049821681b589dabc0bc20695993ccebb09f5b5d4d790cd9251b97faac7c652b?s=96&d=blank&r=g","caption":"enequipo"},"sameAs":["https:\/\/www.facebook.com\/SonoraEE"]}]}},"jetpack_featured_media_url":"https:\/\/www.sonoraenequipo.com.mx\/storage\/2024\/09\/marte.jpg","_links":{"self":[{"href":"https:\/\/www.sonoraenequipo.com.mx\/api\/wp\/v2\/posts\/198792","targetHints":{"allow":["GET"]}}],"collection":[{"href":"https:\/\/www.sonoraenequipo.com.mx\/api\/wp\/v2\/posts"}],"about":[{"href":"https:\/\/www.sonoraenequipo.com.mx\/api\/wp\/v2\/types\/post"}],"author":[{"embeddable":true,"href":"https:\/\/www.sonoraenequipo.com.mx\/api\/wp\/v2\/users\/1"}],"replies":[{"embeddable":true,"href":"https:\/\/www.sonoraenequipo.com.mx\/api\/wp\/v2\/comments?post=198792"}],"version-history":[{"count":2,"href":"https:\/\/www.sonoraenequipo.com.mx\/api\/wp\/v2\/posts\/198792\/revisions"}],"predecessor-version":[{"id":198795,"href":"https:\/\/www.sonoraenequipo.com.mx\/api\/wp\/v2\/posts\/198792\/revisions\/198795"}],"wp:featuredmedia":[{"embeddable":true,"href":"https:\/\/www.sonoraenequipo.com.mx\/api\/wp\/v2\/media\/198793"}],"wp:attachment":[{"href":"https:\/\/www.sonoraenequipo.com.mx\/api\/wp\/v2\/media?parent=198792"}],"wp:term":[{"taxonomy":"category","embeddable":true,"href":"https:\/\/www.sonoraenequipo.com.mx\/api\/wp\/v2\/categories?post=198792"},{"taxonomy":"post_tag","embeddable":true,"href":"https:\/\/www.sonoraenequipo.com.mx\/api\/wp\/v2\/tags?post=198792"}],"curies":[{"name":"wp","href":"https:\/\/api.w.org\/{rel}","templated":true}]}}