{"id":198799,"date":"2024-09-09T12:52:04","date_gmt":"2024-09-09T19:52:04","guid":{"rendered":"https:\/\/www.sonoraenequipo.com.mx\/?p=198799"},"modified":"2024-09-09T12:52:04","modified_gmt":"2024-09-09T19:52:04","slug":"alfabetizacion-clave-para-construir-una-sociedad-solidaria-y-pacifica-papa-francisco","status":"publish","type":"post","link":"https:\/\/www.sonoraenequipo.com.mx\/alfabetizacion-clave-para-construir-una-sociedad-solidaria-y-pacifica-papa-francisco\/","title":{"rendered":"Alfabetizaci\u00f3n clave para construir una sociedad solidaria y pac\u00edfica: Papa Francisco"},"content":{"rendered":"<p>&nbsp;<\/p>\n<p>&nbsp;<\/p>\n<p>El Papa Francisco destac\u00f3 que la alfabetizaci\u00f3n es esencial para construir una sociedad fraterna, solidaria y pac\u00edfica, en el marco de la Jornada Internacional dedicada a este aprendizaje, que este a\u00f1o se celebra entre el 9 y 10 de septiembre.<\/p>\n<p>&nbsp;<\/p>\n<p>En su mensaje difundido hoy por la Oficina de Prensa de la Santa Sede, firmado por el Cardenal Pietro Parolin y dirigido a la Directora General de la UNESCO, Audrey Azoulay, el Santo Padre expres\u00f3 su cercan\u00eda espiritual a todos los promotores y participantes en esta conferencia que tendr\u00e1 lugar en Yaund\u00e9, Camer\u00fan.<\/p>\n<p>&nbsp;<\/p>\n<p>Cada vez es m\u00e1s dif\u00edcil ver noticias cat\u00f3licas en las redes sociales. Suscr\u00edbete a nuestros canales gratuitos hoy:<\/p>\n<p>Esta es, seg\u00fan el Pont\u00edfice, una ocasi\u00f3n \u201cpara hacer balance de los resultados obtenidos en la lucha contra el analfabetismo y para alentar a todas las personas e instituciones comprometidas en el inestimable servicio de la educaci\u00f3n permanente\u201d.<\/p>\n<p>&nbsp;<\/p>\n<p>Haciendo referencia en el tema elegido para el acto de este a\u00f1o, \u201cPromover la educaci\u00f3n multiling\u00fce: la alfabetizaci\u00f3n al servicio del entendimiento mutuo y la paz\u201d,destac\u00f3 que es \u201cuna invitaci\u00f3n a reflexionar sobre la contribuci\u00f3n de la alfabetizaci\u00f3n al acercamiento de los pueblos y a la promoci\u00f3n del entendimiento mutuo\u201d.<\/p>\n<p>&nbsp;<\/p>\n<p>\u00abEl\u00a0 pluriling\u00fcismo se reconoce cada vez m\u00e1s como un factor que favorece el desarrollo personal, sobre todo en t\u00e9rminos de flexibilidad mental, apertura y adaptaci\u00f3n a otras realidades culturales, pero tambi\u00e9n por su capacidad para fomentar el di\u00e1logo, la escucha y la mediaci\u00f3n\u201d, se\u00f1al\u00f3 a continuaci\u00f3n.<\/p>\n<p>&nbsp;<\/p>\n<p>Asimismo, enfatiz\u00f3 que a menudo se busca a pol\u00edglotas porque, adem\u00e1s de su capacidad para entender y hablar varios idiomas,\u201d suelen tener mejores aptitudes anal\u00edticas, mayores habilidades comunicativas y sociales y mejores capacidades cognitivas\u201d.<\/p>\n<p>&nbsp;<\/p>\n<p>&nbsp;<\/p>\n<p>&nbsp;<\/p>\n<p>\u201cAyudar a las personas y a los futuros dirigentes a familiarizarse con varias lenguas significa dar a nuestra humanidad constructores de puentes, capaces de superar prejuicios, diferencias, antagonismos y polarizaciones para dar prioridad al di\u00e1logo y al encuentro\u201d.<\/p>\n<p>&nbsp;<\/p>\n<p>&nbsp;<\/p>\n<p>Tambi\u00e9n se\u00f1al\u00f3 que \u201csignifica dar a nuestro mundo personas que sepan hablar a la mente, pero tambi\u00e9n al coraz\u00f3n de sus interlocutores, ya sean socios o adversarios\u201d.<\/p>\n<p>&nbsp;<\/p>\n<p>Por ello, el Papa Francisco exhort\u00f3 a los responsables pol\u00edticos, a los agentes de la educaci\u00f3n y a los ciudadanos \u201ca valorar la importancia de la alfabetizaci\u00f3n\u201d para construir una sociedad fraterna, solidaria y pac\u00edfica\u201d.<\/p>\n<p><strong>Fecha de publicaci\u00f3n lunes 9 de septiembre de 2024 \/ACI Prensa<\/strong><\/p>\n<p>&nbsp;<\/p>\n","protected":false},"excerpt":{"rendered":"<p>&nbsp; &nbsp; El Papa Francisco destac\u00f3 que la alfabetizaci\u00f3n es esencial para construir una sociedad&#8230;<\/p>\n","protected":false},"author":1,"featured_media":167430,"comment_status":"open","ping_status":"open","sticky":false,"template":"","format":"standard","meta":{"_monsterinsights_skip_tracking":false,"_monsterinsights_sitenote_active":false,"_monsterinsights_sitenote_note":"","_monsterinsights_sitenote_category":0,"footnotes":""},"categories":[3],"tags":[10232,3552,5872],"class_list":["post"],"yoast_head":" \n<title>Sonora en Equipo. Alfabetizaci\u00f3n clave para construir una sociedad solidaria y pac\u00edfica: Papa Francisco MUNDO<\/title>\n<meta name=\"description\" content=\"&nbsp; &nbsp; El Papa Francisco destac\u00f3 que la alfabetizaci\u00f3n es esencial para construir una sociedad fraterna, solidaria y pac\u00edfica, en el marco de la En Sonora en Equipo publicamos toda la informaci\u00f3n de Sonora, M\u00e9xico y el Mundo de manera oportuna y busca que la libertad de expresi\u00f3n sea real. Visita nuestro medio informativo publicado desde Hermosillo, Sonora. %\" \/>\n<meta name=\"robots\" content=\"index, follow, max-snippet:-1, max-image-preview:large, max-video-preview:-1\" \/>\n<link rel=\"canonical\" href=\"https:\/\/www.sonoraenequipo.com.mx\/alfabetizacion-clave-para-construir-una-sociedad-solidaria-y-pacifica-papa-francisco\/\" \/>\n<meta property=\"og:locale\" content=\"es_ES\" \/>\n<meta property=\"og:type\" content=\"article\" \/>\n<meta property=\"og:title\" content=\"Sonora en Equipo. Alfabetizaci\u00f3n clave para construir una sociedad solidaria y pac\u00edfica: Papa Francisco MUNDO\" \/>\n<meta property=\"og:description\" content=\"&nbsp; &nbsp; El Papa Francisco destac\u00f3 que la alfabetizaci\u00f3n es esencial para construir una sociedad fraterna, solidaria y pac\u00edfica, en el marco de la En Sonora en Equipo publicamos toda la informaci\u00f3n de Sonora, M\u00e9xico y el Mundo de manera oportuna y busca que la libertad de expresi\u00f3n sea real. Visita nuestro medio informativo publicado desde Hermosillo, Sonora. %\" \/>\n<meta property=\"og:url\" content=\"https:\/\/www.sonoraenequipo.com.mx\/alfabetizacion-clave-para-construir-una-sociedad-solidaria-y-pacifica-papa-francisco\/\" \/>\n<meta property=\"og:site_name\" content=\"Sonora en Equipo.\" \/>\n<meta property=\"article:publisher\" content=\"https:\/\/www.facebook.com\/SonoraEE\/\" \/>\n<meta property=\"article:author\" content=\"https:\/\/www.facebook.com\/SonoraEE\" \/>\n<meta property=\"article:published_time\" content=\"2024-09-09T19:52:04+00:00\" \/>\n<meta property=\"og:image\" content=\"https:\/\/www.sonoraenequipo.com.mx\/storage\/2023\/06\/papa-francisco-hernia..-min.jpg\" \/>\n\t<meta property=\"og:image:width\" content=\"805\" \/>\n\t<meta property=\"og:image:height\" content=\"535\" \/>\n\t<meta property=\"og:image:type\" content=\"image\/jpeg\" \/>\n<meta name=\"author\" content=\"enequipo\" \/>\n<meta name=\"twitter:card\" content=\"summary_large_image\" \/>\n<meta name=\"twitter:creator\" content=\"@sonoraenequipo\" \/>\n<meta name=\"twitter:site\" content=\"@sonoraenequipo\" \/>\n<meta name=\"twitter:label1\" content=\"Escrito por\" \/>\n\t<meta name=\"twitter:data1\" content=\"enequipo\" \/>\n\t<meta name=\"twitter:label2\" content=\"Tiempo de lectura\" \/>\n\t<meta name=\"twitter:data2\" content=\"2 minutos\" \/>\n<script type=\"application\/ld+json\" class=\"yoast-schema-graph\">{\"@context\":\"https:\/\/schema.org\",\"@graph\":[{\"@type\":\"Article\",\"@id\":\"https:\/\/www.sonoraenequipo.com.mx\/alfabetizacion-clave-para-construir-una-sociedad-solidaria-y-pacifica-papa-francisco\/#article\",\"isPartOf\":{\"@id\":\"https:\/\/www.sonoraenequipo.com.mx\/alfabetizacion-clave-para-construir-una-sociedad-solidaria-y-pacifica-papa-francisco\/\"},\"author\":{\"name\":\"enequipo\",\"@id\":\"https:\/\/www.sonoraenequipo.com.mx\/#\/schema\/person\/50102df0fb23a8fa9e8effad8fa81386\"},\"headline\":\"Alfabetizaci\u00f3n clave para construir una sociedad solidaria y pac\u00edfica: Papa Francisco\",\"datePublished\":\"2024-09-09T19:52:04+00:00\",\"mainEntityOfPage\":{\"@id\":\"https:\/\/www.sonoraenequipo.com.mx\/alfabetizacion-clave-para-construir-una-sociedad-solidaria-y-pacifica-papa-francisco\/\"},\"wordCount\":457,\"commentCount\":0,\"publisher\":{\"@id\":\"https:\/\/www.sonoraenequipo.com.mx\/#organization\"},\"image\":{\"@id\":\"https:\/\/www.sonoraenequipo.com.mx\/alfabetizacion-clave-para-construir-una-sociedad-solidaria-y-pacifica-papa-francisco\/#primaryimage\"},\"thumbnailUrl\":\"https:\/\/www.sonoraenequipo.com.mx\/storage\/2023\/06\/papa-francisco-hernia..-min.jpg\",\"keywords\":[\"alfabetizacion\",\"FRANCISCO\",\"papa\"],\"articleSection\":[\"MUNDO\"],\"inLanguage\":\"es\",\"potentialAction\":[{\"@type\":\"CommentAction\",\"name\":\"Comment\",\"target\":[\"https:\/\/www.sonoraenequipo.com.mx\/alfabetizacion-clave-para-construir-una-sociedad-solidaria-y-pacifica-papa-francisco\/#respond\"]}]},{\"@type\":\"WebPage\",\"@id\":\"https:\/\/www.sonoraenequipo.com.mx\/alfabetizacion-clave-para-construir-una-sociedad-solidaria-y-pacifica-papa-francisco\/\",\"url\":\"https:\/\/www.sonoraenequipo.com.mx\/alfabetizacion-clave-para-construir-una-sociedad-solidaria-y-pacifica-papa-francisco\/\",\"name\":\"Sonora en Equipo. Alfabetizaci\u00f3n clave para construir una sociedad solidaria y pac\u00edfica: Papa Francisco MUNDO\",\"isPartOf\":{\"@id\":\"https:\/\/www.sonoraenequipo.com.mx\/#website\"},\"primaryImageOfPage\":{\"@id\":\"https:\/\/www.sonoraenequipo.com.mx\/alfabetizacion-clave-para-construir-una-sociedad-solidaria-y-pacifica-papa-francisco\/#primaryimage\"},\"image\":{\"@id\":\"https:\/\/www.sonoraenequipo.com.mx\/alfabetizacion-clave-para-construir-una-sociedad-solidaria-y-pacifica-papa-francisco\/#primaryimage\"},\"thumbnailUrl\":\"https:\/\/www.sonoraenequipo.com.mx\/storage\/2023\/06\/papa-francisco-hernia..-min.jpg\",\"datePublished\":\"2024-09-09T19:52:04+00:00\",\"description\":\"&nbsp; &nbsp; El Papa Francisco destac\u00f3 que la alfabetizaci\u00f3n es esencial para construir una sociedad fraterna, solidaria y pac\u00edfica, en el marco de la En Sonora en Equipo publicamos toda la informaci\u00f3n de Sonora, M\u00e9xico y el Mundo de manera oportuna y busca que la libertad de expresi\u00f3n sea real. Visita nuestro medio informativo publicado desde Hermosillo, Sonora. %\",\"breadcrumb\":{\"@id\":\"https:\/\/www.sonoraenequipo.com.mx\/alfabetizacion-clave-para-construir-una-sociedad-solidaria-y-pacifica-papa-francisco\/#breadcrumb\"},\"inLanguage\":\"es\",\"potentialAction\":[{\"@type\":\"ReadAction\",\"target\":[\"https:\/\/www.sonoraenequipo.com.mx\/alfabetizacion-clave-para-construir-una-sociedad-solidaria-y-pacifica-papa-francisco\/\"]}]},{\"@type\":\"ImageObject\",\"inLanguage\":\"es\",\"@id\":\"https:\/\/www.sonoraenequipo.com.mx\/alfabetizacion-clave-para-construir-una-sociedad-solidaria-y-pacifica-papa-francisco\/#primaryimage\",\"url\":\"https:\/\/www.sonoraenequipo.com.mx\/storage\/2023\/06\/papa-francisco-hernia..-min.jpg\",\"contentUrl\":\"https:\/\/www.sonoraenequipo.com.mx\/storage\/2023\/06\/papa-francisco-hernia..-min.jpg\",\"width\":805,\"height\":535},{\"@type\":\"BreadcrumbList\",\"@id\":\"https:\/\/www.sonoraenequipo.com.mx\/alfabetizacion-clave-para-construir-una-sociedad-solidaria-y-pacifica-papa-francisco\/#breadcrumb\",\"itemListElement\":[{\"@type\":\"ListItem\",\"position\":1,\"name\":\"Portada\",\"item\":\"https:\/\/www.sonoraenequipo.com.mx\/\"},{\"@type\":\"ListItem\",\"position\":2,\"name\":\"Alfabetizaci\u00f3n clave para construir una sociedad solidaria y pac\u00edfica: Papa Francisco\"}]},{\"@type\":\"WebSite\",\"@id\":\"https:\/\/www.sonoraenequipo.com.mx\/#website\",\"url\":\"https:\/\/www.sonoraenequipo.com.mx\/\",\"name\":\"Sonora en Equipo.\",\"description\":\"Diario en l\u00ednea con Noticias desde Hermosillo, Sonora\",\"publisher\":{\"@id\":\"https:\/\/www.sonoraenequipo.com.mx\/#organization\"},\"potentialAction\":[{\"@type\":\"SearchAction\",\"target\":{\"@type\":\"EntryPoint\",\"urlTemplate\":\"https:\/\/www.sonoraenequipo.com.mx\/?s={search_term_string}\"},\"query-input\":{\"@type\":\"PropertyValueSpecification\",\"valueRequired\":true,\"valueName\":\"search_term_string\"}}],\"inLanguage\":\"es\"},{\"@type\":\"Organization\",\"@id\":\"https:\/\/www.sonoraenequipo.com.mx\/#organization\",\"name\":\"Sonoraenequipo.com.mx\",\"url\":\"https:\/\/www.sonoraenequipo.com.mx\/\",\"logo\":{\"@type\":\"ImageObject\",\"inLanguage\":\"es\",\"@id\":\"https:\/\/www.sonoraenequipo.com.mx\/#\/schema\/logo\/image\/\",\"url\":\"https:\/\/www.sonoraenequipo.com.mx\/storage\/2019\/01\/sonoraenequipo_opt.png\",\"contentUrl\":\"https:\/\/www.sonoraenequipo.com.mx\/storage\/2019\/01\/sonoraenequipo_opt.png\",\"width\":375,\"height\":125,\"caption\":\"Sonoraenequipo.com.mx\"},\"image\":{\"@id\":\"https:\/\/www.sonoraenequipo.com.mx\/#\/schema\/logo\/image\/\"},\"sameAs\":[\"https:\/\/www.facebook.com\/SonoraEE\/\",\"https:\/\/x.com\/sonoraenequipo\",\"https:\/\/www.youtube.com\/channel\/UC338nW-lPEYmJQs4ZABQ1SQ\"]},{\"@type\":\"Person\",\"@id\":\"https:\/\/www.sonoraenequipo.com.mx\/#\/schema\/person\/50102df0fb23a8fa9e8effad8fa81386\",\"name\":\"enequipo\",\"image\":{\"@type\":\"ImageObject\",\"inLanguage\":\"es\",\"@id\":\"https:\/\/www.sonoraenequipo.com.mx\/#\/schema\/person\/image\/\",\"url\":\"https:\/\/secure.gravatar.com\/avatar\/049821681b589dabc0bc20695993ccebb09f5b5d4d790cd9251b97faac7c652b?s=96&d=blank&r=g\",\"contentUrl\":\"https:\/\/secure.gravatar.com\/avatar\/049821681b589dabc0bc20695993ccebb09f5b5d4d790cd9251b97faac7c652b?s=96&d=blank&r=g\",\"caption\":\"enequipo\"},\"sameAs\":[\"https:\/\/www.facebook.com\/SonoraEE\"]}]}<\/script>\n ","yoast_head_json":{"title":"Sonora en Equipo. Alfabetizaci\u00f3n clave para construir una sociedad solidaria y pac\u00edfica: Papa Francisco MUNDO","description":"&nbsp; &nbsp; El Papa Francisco destac\u00f3 que la alfabetizaci\u00f3n es esencial para construir una sociedad fraterna, solidaria y pac\u00edfica, en el marco de la En Sonora en Equipo publicamos toda la informaci\u00f3n de Sonora, M\u00e9xico y el Mundo de manera oportuna y busca que la libertad de expresi\u00f3n sea real. Visita nuestro medio informativo publicado desde Hermosillo, Sonora. %","robots":{"index":"index","follow":"follow","max-snippet":"max-snippet:-1","max-image-preview":"max-image-preview:large","max-video-preview":"max-video-preview:-1"},"canonical":"https:\/\/www.sonoraenequipo.com.mx\/alfabetizacion-clave-para-construir-una-sociedad-solidaria-y-pacifica-papa-francisco\/","og_locale":"es_ES","og_type":"article","og_title":"Sonora en Equipo. Alfabetizaci\u00f3n clave para construir una sociedad solidaria y pac\u00edfica: Papa Francisco MUNDO","og_description":"&nbsp; &nbsp; El Papa Francisco destac\u00f3 que la alfabetizaci\u00f3n es esencial para construir una sociedad fraterna, solidaria y pac\u00edfica, en el marco de la En Sonora en Equipo publicamos toda la informaci\u00f3n de Sonora, M\u00e9xico y el Mundo de manera oportuna y busca que la libertad de expresi\u00f3n sea real. Visita nuestro medio informativo publicado desde Hermosillo, Sonora. %","og_url":"https:\/\/www.sonoraenequipo.com.mx\/alfabetizacion-clave-para-construir-una-sociedad-solidaria-y-pacifica-papa-francisco\/","og_site_name":"Sonora en Equipo.","article_publisher":"https:\/\/www.facebook.com\/SonoraEE\/","article_author":"https:\/\/www.facebook.com\/SonoraEE","article_published_time":"2024-09-09T19:52:04+00:00","og_image":[{"width":805,"height":535,"url":"https:\/\/www.sonoraenequipo.com.mx\/storage\/2023\/06\/papa-francisco-hernia..-min.jpg","type":"image\/jpeg"}],"author":"enequipo","twitter_card":"summary_large_image","twitter_creator":"@sonoraenequipo","twitter_site":"@sonoraenequipo","twitter_misc":{"Escrito por":"enequipo","Tiempo de lectura":"2 minutos"},"schema":{"@context":"https:\/\/schema.org","@graph":[{"@type":"Article","@id":"https:\/\/www.sonoraenequipo.com.mx\/alfabetizacion-clave-para-construir-una-sociedad-solidaria-y-pacifica-papa-francisco\/#article","isPartOf":{"@id":"https:\/\/www.sonoraenequipo.com.mx\/alfabetizacion-clave-para-construir-una-sociedad-solidaria-y-pacifica-papa-francisco\/"},"author":{"name":"enequipo","@id":"https:\/\/www.sonoraenequipo.com.mx\/#\/schema\/person\/50102df0fb23a8fa9e8effad8fa81386"},"headline":"Alfabetizaci\u00f3n clave para construir una sociedad solidaria y pac\u00edfica: Papa Francisco","datePublished":"2024-09-09T19:52:04+00:00","mainEntityOfPage":{"@id":"https:\/\/www.sonoraenequipo.com.mx\/alfabetizacion-clave-para-construir-una-sociedad-solidaria-y-pacifica-papa-francisco\/"},"wordCount":457,"commentCount":0,"publisher":{"@id":"https:\/\/www.sonoraenequipo.com.mx\/#organization"},"image":{"@id":"https:\/\/www.sonoraenequipo.com.mx\/alfabetizacion-clave-para-construir-una-sociedad-solidaria-y-pacifica-papa-francisco\/#primaryimage"},"thumbnailUrl":"https:\/\/www.sonoraenequipo.com.mx\/storage\/2023\/06\/papa-francisco-hernia..-min.jpg","keywords":["alfabetizacion","FRANCISCO","papa"],"articleSection":["MUNDO"],"inLanguage":"es","potentialAction":[{"@type":"CommentAction","name":"Comment","target":["https:\/\/www.sonoraenequipo.com.mx\/alfabetizacion-clave-para-construir-una-sociedad-solidaria-y-pacifica-papa-francisco\/#respond"]}]},{"@type":"WebPage","@id":"https:\/\/www.sonoraenequipo.com.mx\/alfabetizacion-clave-para-construir-una-sociedad-solidaria-y-pacifica-papa-francisco\/","url":"https:\/\/www.sonoraenequipo.com.mx\/alfabetizacion-clave-para-construir-una-sociedad-solidaria-y-pacifica-papa-francisco\/","name":"Sonora en Equipo. Alfabetizaci\u00f3n clave para construir una sociedad solidaria y pac\u00edfica: Papa Francisco MUNDO","isPartOf":{"@id":"https:\/\/www.sonoraenequipo.com.mx\/#website"},"primaryImageOfPage":{"@id":"https:\/\/www.sonoraenequipo.com.mx\/alfabetizacion-clave-para-construir-una-sociedad-solidaria-y-pacifica-papa-francisco\/#primaryimage"},"image":{"@id":"https:\/\/www.sonoraenequipo.com.mx\/alfabetizacion-clave-para-construir-una-sociedad-solidaria-y-pacifica-papa-francisco\/#primaryimage"},"thumbnailUrl":"https:\/\/www.sonoraenequipo.com.mx\/storage\/2023\/06\/papa-francisco-hernia..-min.jpg","datePublished":"2024-09-09T19:52:04+00:00","description":"&nbsp; &nbsp; El Papa Francisco destac\u00f3 que la alfabetizaci\u00f3n es esencial para construir una sociedad fraterna, solidaria y pac\u00edfica, en el marco de la En Sonora en Equipo publicamos toda la informaci\u00f3n de Sonora, M\u00e9xico y el Mundo de manera oportuna y busca que la libertad de expresi\u00f3n sea real. Visita nuestro medio informativo publicado desde Hermosillo, Sonora. %","breadcrumb":{"@id":"https:\/\/www.sonoraenequipo.com.mx\/alfabetizacion-clave-para-construir-una-sociedad-solidaria-y-pacifica-papa-francisco\/#breadcrumb"},"inLanguage":"es","potentialAction":[{"@type":"ReadAction","target":["https:\/\/www.sonoraenequipo.com.mx\/alfabetizacion-clave-para-construir-una-sociedad-solidaria-y-pacifica-papa-francisco\/"]}]},{"@type":"ImageObject","inLanguage":"es","@id":"https:\/\/www.sonoraenequipo.com.mx\/alfabetizacion-clave-para-construir-una-sociedad-solidaria-y-pacifica-papa-francisco\/#primaryimage","url":"https:\/\/www.sonoraenequipo.com.mx\/storage\/2023\/06\/papa-francisco-hernia..-min.jpg","contentUrl":"https:\/\/www.sonoraenequipo.com.mx\/storage\/2023\/06\/papa-francisco-hernia..-min.jpg","width":805,"height":535},{"@type":"BreadcrumbList","@id":"https:\/\/www.sonoraenequipo.com.mx\/alfabetizacion-clave-para-construir-una-sociedad-solidaria-y-pacifica-papa-francisco\/#breadcrumb","itemListElement":[{"@type":"ListItem","position":1,"name":"Portada","item":"https:\/\/www.sonoraenequipo.com.mx\/"},{"@type":"ListItem","position":2,"name":"Alfabetizaci\u00f3n clave para construir una sociedad solidaria y pac\u00edfica: Papa Francisco"}]},{"@type":"WebSite","@id":"https:\/\/www.sonoraenequipo.com.mx\/#website","url":"https:\/\/www.sonoraenequipo.com.mx\/","name":"Sonora en Equipo.","description":"Diario en l\u00ednea con Noticias desde Hermosillo, Sonora","publisher":{"@id":"https:\/\/www.sonoraenequipo.com.mx\/#organization"},"potentialAction":[{"@type":"SearchAction","target":{"@type":"EntryPoint","urlTemplate":"https:\/\/www.sonoraenequipo.com.mx\/?s={search_term_string}"},"query-input":{"@type":"PropertyValueSpecification","valueRequired":true,"valueName":"search_term_string"}}],"inLanguage":"es"},{"@type":"Organization","@id":"https:\/\/www.sonoraenequipo.com.mx\/#organization","name":"Sonoraenequipo.com.mx","url":"https:\/\/www.sonoraenequipo.com.mx\/","logo":{"@type":"ImageObject","inLanguage":"es","@id":"https:\/\/www.sonoraenequipo.com.mx\/#\/schema\/logo\/image\/","url":"https:\/\/www.sonoraenequipo.com.mx\/storage\/2019\/01\/sonoraenequipo_opt.png","contentUrl":"https:\/\/www.sonoraenequipo.com.mx\/storage\/2019\/01\/sonoraenequipo_opt.png","width":375,"height":125,"caption":"Sonoraenequipo.com.mx"},"image":{"@id":"https:\/\/www.sonoraenequipo.com.mx\/#\/schema\/logo\/image\/"},"sameAs":["https:\/\/www.facebook.com\/SonoraEE\/","https:\/\/x.com\/sonoraenequipo","https:\/\/www.youtube.com\/channel\/UC338nW-lPEYmJQs4ZABQ1SQ"]},{"@type":"Person","@id":"https:\/\/www.sonoraenequipo.com.mx\/#\/schema\/person\/50102df0fb23a8fa9e8effad8fa81386","name":"enequipo","image":{"@type":"ImageObject","inLanguage":"es","@id":"https:\/\/www.sonoraenequipo.com.mx\/#\/schema\/person\/image\/","url":"https:\/\/secure.gravatar.com\/avatar\/049821681b589dabc0bc20695993ccebb09f5b5d4d790cd9251b97faac7c652b?s=96&d=blank&r=g","contentUrl":"https:\/\/secure.gravatar.com\/avatar\/049821681b589dabc0bc20695993ccebb09f5b5d4d790cd9251b97faac7c652b?s=96&d=blank&r=g","caption":"enequipo"},"sameAs":["https:\/\/www.facebook.com\/SonoraEE"]}]}},"jetpack_featured_media_url":"https:\/\/www.sonoraenequipo.com.mx\/storage\/2023\/06\/papa-francisco-hernia..-min.jpg","_links":{"self":[{"href":"https:\/\/www.sonoraenequipo.com.mx\/api\/wp\/v2\/posts\/198799","targetHints":{"allow":["GET"]}}],"collection":[{"href":"https:\/\/www.sonoraenequipo.com.mx\/api\/wp\/v2\/posts"}],"about":[{"href":"https:\/\/www.sonoraenequipo.com.mx\/api\/wp\/v2\/types\/post"}],"author":[{"embeddable":true,"href":"https:\/\/www.sonoraenequipo.com.mx\/api\/wp\/v2\/users\/1"}],"replies":[{"embeddable":true,"href":"https:\/\/www.sonoraenequipo.com.mx\/api\/wp\/v2\/comments?post=198799"}],"version-history":[{"count":1,"href":"https:\/\/www.sonoraenequipo.com.mx\/api\/wp\/v2\/posts\/198799\/revisions"}],"predecessor-version":[{"id":198800,"href":"https:\/\/www.sonoraenequipo.com.mx\/api\/wp\/v2\/posts\/198799\/revisions\/198800"}],"wp:featuredmedia":[{"embeddable":true,"href":"https:\/\/www.sonoraenequipo.com.mx\/api\/wp\/v2\/media\/167430"}],"wp:attachment":[{"href":"https:\/\/www.sonoraenequipo.com.mx\/api\/wp\/v2\/media?parent=198799"}],"wp:term":[{"taxonomy":"category","embeddable":true,"href":"https:\/\/www.sonoraenequipo.com.mx\/api\/wp\/v2\/categories?post=198799"},{"taxonomy":"post_tag","embeddable":true,"href":"https:\/\/www.sonoraenequipo.com.mx\/api\/wp\/v2\/tags?post=198799"}],"curies":[{"name":"wp","href":"https:\/\/api.w.org\/{rel}","templated":true}]}}