{"id":198802,"date":"2024-09-09T14:17:20","date_gmt":"2024-09-09T21:17:20","guid":{"rendered":"https:\/\/www.sonoraenequipo.com.mx\/?p=198802"},"modified":"2024-09-09T14:17:20","modified_gmt":"2024-09-09T21:17:20","slug":"invierte-gobierno-de-sonora-mas-de-10-mdp-en-obras-y-transporte-escolar-en-bacerac","status":"publish","type":"post","link":"https:\/\/www.sonoraenequipo.com.mx\/invierte-gobierno-de-sonora-mas-de-10-mdp-en-obras-y-transporte-escolar-en-bacerac\/","title":{"rendered":"Invierte Gobierno de Sonora m\u00e1s de 10 MDP en obras y transporte escolar en Bacerac"},"content":{"rendered":"<p><strong>BACERAC, SONORA, MX.<\/strong><strong> \u0336 \u0336\u00a0 <\/strong>El Gobierno de Sonora, a trav\u00e9s del Consejo Estatal de Concertaci\u00f3n para la Obra P\u00fablica (Cecop), invirti\u00f3 10.1 millones de pesos en 12 obras de infraestructura y acciones en beneficio de los habitantes de Bacerac.<\/p>\n<p>&nbsp;<\/p>\n<p>&nbsp;<\/p>\n<p>&nbsp;<\/p>\n<p>La obra de mayor impacto, para el futuro de Sonora, es el tejab\u00e1n que se construy\u00f3 en el plantel Cecyte en el que se invirtieron 2.8 millones de pesos, misma que beneficiar\u00e1 directamente a la comunidad estudiantil.<\/p>\n<p>&nbsp;<\/p>\n<p>&nbsp;<\/p>\n<p>&nbsp;<\/p>\n<p>Pero adem\u00e1s se atendi\u00f3 a la poblaci\u00f3n en general, con la entrega de un cami\u00f3n recolector de basura y un cami\u00f3n escolar, unidades en las que se invirtieron un mill\u00f3n 228 mil pesos y 513 mil 734 pesos, respectivamente.<\/p>\n<p>&nbsp;<\/p>\n<p>&nbsp;<\/p>\n<p>&nbsp;<\/p>\n<p>Adem\u00e1s, se hicieron entregas de apoyos directos como: cocina econ\u00f3mica, equipo de sonido, proyecto de carnicer\u00eda, entre otros.<\/p>\n<p>&nbsp;<\/p>\n<p>&nbsp;<\/p>\n<p>&nbsp;<\/p>\n<p>La directora de Cecyte Sonora, Blanca Aurelia Valenzuela, agradeci\u00f3 el apoyo brindado con la construcci\u00f3n de un tejab\u00e1n, obra que beneficiar\u00e1 a la comunidad estudiantil en sus actividades recreativas y c\u00edvicas.<\/p>\n<p><strong>Fecha de publicaci\u00f3n lunes 9 de septiembre de 2024<\/strong><\/p>\n<p>&nbsp;<\/p>\n","protected":false},"excerpt":{"rendered":"<p>BACERAC, SONORA, MX. \u0336 \u0336\u00a0 El Gobierno de Sonora, a trav\u00e9s del Consejo Estatal de&#8230;<\/p>\n","protected":false},"author":1,"featured_media":198803,"comment_status":"open","ping_status":"open","sticky":false,"template":"","format":"standard","meta":{"_monsterinsights_skip_tracking":false,"_monsterinsights_sitenote_active":false,"_monsterinsights_sitenote_note":"","_monsterinsights_sitenote_category":0,"footnotes":""},"categories":[22],"tags":[10233],"class_list":["post"],"yoast_head":" \n<title>Sonora en Equipo. Invierte Gobierno de Sonora m\u00e1s de 10 MDP en obras y transporte escolar en Bacerac Sonora<\/title>\n<meta name=\"description\" content=\"BACERAC, SONORA, MX. \u0336 \u0336\u00a0 El Gobierno de Sonora, a trav\u00e9s del Consejo Estatal de Concertaci\u00f3n para la Obra P\u00fablica (Cecop), invirti\u00f3 10.1 millones de En Sonora en Equipo publicamos toda la informaci\u00f3n de Sonora, M\u00e9xico y el Mundo de manera oportuna y busca que la libertad de expresi\u00f3n sea real. Visita nuestro medio informativo publicado desde Hermosillo, Sonora. %\" \/>\n<meta name=\"robots\" content=\"index, follow, max-snippet:-1, max-image-preview:large, max-video-preview:-1\" \/>\n<link rel=\"canonical\" href=\"https:\/\/www.sonoraenequipo.com.mx\/invierte-gobierno-de-sonora-mas-de-10-mdp-en-obras-y-transporte-escolar-en-bacerac\/\" \/>\n<meta property=\"og:locale\" content=\"es_ES\" \/>\n<meta property=\"og:type\" content=\"article\" \/>\n<meta property=\"og:title\" content=\"Sonora en Equipo. Invierte Gobierno de Sonora m\u00e1s de 10 MDP en obras y transporte escolar en Bacerac Sonora\" \/>\n<meta property=\"og:description\" content=\"BACERAC, SONORA, MX. \u0336 \u0336\u00a0 El Gobierno de Sonora, a trav\u00e9s del Consejo Estatal de Concertaci\u00f3n para la Obra P\u00fablica (Cecop), invirti\u00f3 10.1 millones de En Sonora en Equipo publicamos toda la informaci\u00f3n de Sonora, M\u00e9xico y el Mundo de manera oportuna y busca que la libertad de expresi\u00f3n sea real. Visita nuestro medio informativo publicado desde Hermosillo, Sonora. %\" \/>\n<meta property=\"og:url\" content=\"https:\/\/www.sonoraenequipo.com.mx\/invierte-gobierno-de-sonora-mas-de-10-mdp-en-obras-y-transporte-escolar-en-bacerac\/\" \/>\n<meta property=\"og:site_name\" content=\"Sonora en Equipo.\" \/>\n<meta property=\"article:publisher\" content=\"https:\/\/www.facebook.com\/SonoraEE\/\" \/>\n<meta property=\"article:author\" content=\"https:\/\/www.facebook.com\/SonoraEE\" \/>\n<meta property=\"article:published_time\" content=\"2024-09-09T21:17:20+00:00\" \/>\n<meta property=\"og:image\" content=\"https:\/\/www.sonoraenequipo.com.mx\/storage\/2024\/09\/obras-bacerac.jpg\" \/>\n\t<meta property=\"og:image:width\" content=\"600\" \/>\n\t<meta property=\"og:image:height\" content=\"401\" \/>\n\t<meta property=\"og:image:type\" content=\"image\/jpeg\" \/>\n<meta name=\"author\" content=\"enequipo\" \/>\n<meta name=\"twitter:card\" content=\"summary_large_image\" \/>\n<meta name=\"twitter:creator\" content=\"@sonoraenequipo\" \/>\n<meta name=\"twitter:site\" content=\"@sonoraenequipo\" \/>\n<meta name=\"twitter:label1\" content=\"Escrito por\" \/>\n\t<meta name=\"twitter:data1\" content=\"enequipo\" \/>\n\t<meta name=\"twitter:label2\" content=\"Tiempo de lectura\" \/>\n\t<meta name=\"twitter:data2\" content=\"1 minuto\" \/>\n<script type=\"application\/ld+json\" class=\"yoast-schema-graph\">{\"@context\":\"https:\/\/schema.org\",\"@graph\":[{\"@type\":\"Article\",\"@id\":\"https:\/\/www.sonoraenequipo.com.mx\/invierte-gobierno-de-sonora-mas-de-10-mdp-en-obras-y-transporte-escolar-en-bacerac\/#article\",\"isPartOf\":{\"@id\":\"https:\/\/www.sonoraenequipo.com.mx\/invierte-gobierno-de-sonora-mas-de-10-mdp-en-obras-y-transporte-escolar-en-bacerac\/\"},\"author\":{\"name\":\"enequipo\",\"@id\":\"https:\/\/www.sonoraenequipo.com.mx\/#\/schema\/person\/50102df0fb23a8fa9e8effad8fa81386\"},\"headline\":\"Invierte Gobierno de Sonora m\u00e1s de 10 MDP en obras y transporte escolar en Bacerac\",\"datePublished\":\"2024-09-09T21:17:20+00:00\",\"mainEntityOfPage\":{\"@id\":\"https:\/\/www.sonoraenequipo.com.mx\/invierte-gobierno-de-sonora-mas-de-10-mdp-en-obras-y-transporte-escolar-en-bacerac\/\"},\"wordCount\":208,\"commentCount\":0,\"publisher\":{\"@id\":\"https:\/\/www.sonoraenequipo.com.mx\/#organization\"},\"image\":{\"@id\":\"https:\/\/www.sonoraenequipo.com.mx\/invierte-gobierno-de-sonora-mas-de-10-mdp-en-obras-y-transporte-escolar-en-bacerac\/#primaryimage\"},\"thumbnailUrl\":\"https:\/\/www.sonoraenequipo.com.mx\/storage\/2024\/09\/obras-bacerac.jpg\",\"keywords\":[\"obras en bacerac\"],\"articleSection\":[\"Sonora\"],\"inLanguage\":\"es\",\"potentialAction\":[{\"@type\":\"CommentAction\",\"name\":\"Comment\",\"target\":[\"https:\/\/www.sonoraenequipo.com.mx\/invierte-gobierno-de-sonora-mas-de-10-mdp-en-obras-y-transporte-escolar-en-bacerac\/#respond\"]}]},{\"@type\":\"WebPage\",\"@id\":\"https:\/\/www.sonoraenequipo.com.mx\/invierte-gobierno-de-sonora-mas-de-10-mdp-en-obras-y-transporte-escolar-en-bacerac\/\",\"url\":\"https:\/\/www.sonoraenequipo.com.mx\/invierte-gobierno-de-sonora-mas-de-10-mdp-en-obras-y-transporte-escolar-en-bacerac\/\",\"name\":\"Sonora en Equipo. Invierte Gobierno de Sonora m\u00e1s de 10 MDP en obras y transporte escolar en Bacerac Sonora\",\"isPartOf\":{\"@id\":\"https:\/\/www.sonoraenequipo.com.mx\/#website\"},\"primaryImageOfPage\":{\"@id\":\"https:\/\/www.sonoraenequipo.com.mx\/invierte-gobierno-de-sonora-mas-de-10-mdp-en-obras-y-transporte-escolar-en-bacerac\/#primaryimage\"},\"image\":{\"@id\":\"https:\/\/www.sonoraenequipo.com.mx\/invierte-gobierno-de-sonora-mas-de-10-mdp-en-obras-y-transporte-escolar-en-bacerac\/#primaryimage\"},\"thumbnailUrl\":\"https:\/\/www.sonoraenequipo.com.mx\/storage\/2024\/09\/obras-bacerac.jpg\",\"datePublished\":\"2024-09-09T21:17:20+00:00\",\"description\":\"BACERAC, SONORA, MX. \u0336 \u0336\u00a0 El Gobierno de Sonora, a trav\u00e9s del Consejo Estatal de Concertaci\u00f3n para la Obra P\u00fablica (Cecop), invirti\u00f3 10.1 millones de En Sonora en Equipo publicamos toda la informaci\u00f3n de Sonora, M\u00e9xico y el Mundo de manera oportuna y busca que la libertad de expresi\u00f3n sea real. Visita nuestro medio informativo publicado desde Hermosillo, Sonora. %\",\"breadcrumb\":{\"@id\":\"https:\/\/www.sonoraenequipo.com.mx\/invierte-gobierno-de-sonora-mas-de-10-mdp-en-obras-y-transporte-escolar-en-bacerac\/#breadcrumb\"},\"inLanguage\":\"es\",\"potentialAction\":[{\"@type\":\"ReadAction\",\"target\":[\"https:\/\/www.sonoraenequipo.com.mx\/invierte-gobierno-de-sonora-mas-de-10-mdp-en-obras-y-transporte-escolar-en-bacerac\/\"]}]},{\"@type\":\"ImageObject\",\"inLanguage\":\"es\",\"@id\":\"https:\/\/www.sonoraenequipo.com.mx\/invierte-gobierno-de-sonora-mas-de-10-mdp-en-obras-y-transporte-escolar-en-bacerac\/#primaryimage\",\"url\":\"https:\/\/www.sonoraenequipo.com.mx\/storage\/2024\/09\/obras-bacerac.jpg\",\"contentUrl\":\"https:\/\/www.sonoraenequipo.com.mx\/storage\/2024\/09\/obras-bacerac.jpg\",\"width\":600,\"height\":401},{\"@type\":\"BreadcrumbList\",\"@id\":\"https:\/\/www.sonoraenequipo.com.mx\/invierte-gobierno-de-sonora-mas-de-10-mdp-en-obras-y-transporte-escolar-en-bacerac\/#breadcrumb\",\"itemListElement\":[{\"@type\":\"ListItem\",\"position\":1,\"name\":\"Portada\",\"item\":\"https:\/\/www.sonoraenequipo.com.mx\/\"},{\"@type\":\"ListItem\",\"position\":2,\"name\":\"Invierte Gobierno de Sonora m\u00e1s de 10 MDP en obras y transporte escolar en Bacerac\"}]},{\"@type\":\"WebSite\",\"@id\":\"https:\/\/www.sonoraenequipo.com.mx\/#website\",\"url\":\"https:\/\/www.sonoraenequipo.com.mx\/\",\"name\":\"Sonora en Equipo.\",\"description\":\"Diario en l\u00ednea con Noticias desde Hermosillo, Sonora\",\"publisher\":{\"@id\":\"https:\/\/www.sonoraenequipo.com.mx\/#organization\"},\"potentialAction\":[{\"@type\":\"SearchAction\",\"target\":{\"@type\":\"EntryPoint\",\"urlTemplate\":\"https:\/\/www.sonoraenequipo.com.mx\/?s={search_term_string}\"},\"query-input\":{\"@type\":\"PropertyValueSpecification\",\"valueRequired\":true,\"valueName\":\"search_term_string\"}}],\"inLanguage\":\"es\"},{\"@type\":\"Organization\",\"@id\":\"https:\/\/www.sonoraenequipo.com.mx\/#organization\",\"name\":\"Sonoraenequipo.com.mx\",\"url\":\"https:\/\/www.sonoraenequipo.com.mx\/\",\"logo\":{\"@type\":\"ImageObject\",\"inLanguage\":\"es\",\"@id\":\"https:\/\/www.sonoraenequipo.com.mx\/#\/schema\/logo\/image\/\",\"url\":\"https:\/\/www.sonoraenequipo.com.mx\/storage\/2019\/01\/sonoraenequipo_opt.png\",\"contentUrl\":\"https:\/\/www.sonoraenequipo.com.mx\/storage\/2019\/01\/sonoraenequipo_opt.png\",\"width\":375,\"height\":125,\"caption\":\"Sonoraenequipo.com.mx\"},\"image\":{\"@id\":\"https:\/\/www.sonoraenequipo.com.mx\/#\/schema\/logo\/image\/\"},\"sameAs\":[\"https:\/\/www.facebook.com\/SonoraEE\/\",\"https:\/\/x.com\/sonoraenequipo\",\"https:\/\/www.youtube.com\/channel\/UC338nW-lPEYmJQs4ZABQ1SQ\"]},{\"@type\":\"Person\",\"@id\":\"https:\/\/www.sonoraenequipo.com.mx\/#\/schema\/person\/50102df0fb23a8fa9e8effad8fa81386\",\"name\":\"enequipo\",\"image\":{\"@type\":\"ImageObject\",\"inLanguage\":\"es\",\"@id\":\"https:\/\/www.sonoraenequipo.com.mx\/#\/schema\/person\/image\/\",\"url\":\"https:\/\/secure.gravatar.com\/avatar\/049821681b589dabc0bc20695993ccebb09f5b5d4d790cd9251b97faac7c652b?s=96&d=blank&r=g\",\"contentUrl\":\"https:\/\/secure.gravatar.com\/avatar\/049821681b589dabc0bc20695993ccebb09f5b5d4d790cd9251b97faac7c652b?s=96&d=blank&r=g\",\"caption\":\"enequipo\"},\"sameAs\":[\"https:\/\/www.facebook.com\/SonoraEE\"]}]}<\/script>\n ","yoast_head_json":{"title":"Sonora en Equipo. Invierte Gobierno de Sonora m\u00e1s de 10 MDP en obras y transporte escolar en Bacerac Sonora","description":"BACERAC, SONORA, MX. \u0336 \u0336\u00a0 El Gobierno de Sonora, a trav\u00e9s del Consejo Estatal de Concertaci\u00f3n para la Obra P\u00fablica (Cecop), invirti\u00f3 10.1 millones de En Sonora en Equipo publicamos toda la informaci\u00f3n de Sonora, M\u00e9xico y el Mundo de manera oportuna y busca que la libertad de expresi\u00f3n sea real. Visita nuestro medio informativo publicado desde Hermosillo, Sonora. %","robots":{"index":"index","follow":"follow","max-snippet":"max-snippet:-1","max-image-preview":"max-image-preview:large","max-video-preview":"max-video-preview:-1"},"canonical":"https:\/\/www.sonoraenequipo.com.mx\/invierte-gobierno-de-sonora-mas-de-10-mdp-en-obras-y-transporte-escolar-en-bacerac\/","og_locale":"es_ES","og_type":"article","og_title":"Sonora en Equipo. Invierte Gobierno de Sonora m\u00e1s de 10 MDP en obras y transporte escolar en Bacerac Sonora","og_description":"BACERAC, SONORA, MX. \u0336 \u0336\u00a0 El Gobierno de Sonora, a trav\u00e9s del Consejo Estatal de Concertaci\u00f3n para la Obra P\u00fablica (Cecop), invirti\u00f3 10.1 millones de En Sonora en Equipo publicamos toda la informaci\u00f3n de Sonora, M\u00e9xico y el Mundo de manera oportuna y busca que la libertad de expresi\u00f3n sea real. Visita nuestro medio informativo publicado desde Hermosillo, Sonora. %","og_url":"https:\/\/www.sonoraenequipo.com.mx\/invierte-gobierno-de-sonora-mas-de-10-mdp-en-obras-y-transporte-escolar-en-bacerac\/","og_site_name":"Sonora en Equipo.","article_publisher":"https:\/\/www.facebook.com\/SonoraEE\/","article_author":"https:\/\/www.facebook.com\/SonoraEE","article_published_time":"2024-09-09T21:17:20+00:00","og_image":[{"width":600,"height":401,"url":"https:\/\/www.sonoraenequipo.com.mx\/storage\/2024\/09\/obras-bacerac.jpg","type":"image\/jpeg"}],"author":"enequipo","twitter_card":"summary_large_image","twitter_creator":"@sonoraenequipo","twitter_site":"@sonoraenequipo","twitter_misc":{"Escrito por":"enequipo","Tiempo de lectura":"1 minuto"},"schema":{"@context":"https:\/\/schema.org","@graph":[{"@type":"Article","@id":"https:\/\/www.sonoraenequipo.com.mx\/invierte-gobierno-de-sonora-mas-de-10-mdp-en-obras-y-transporte-escolar-en-bacerac\/#article","isPartOf":{"@id":"https:\/\/www.sonoraenequipo.com.mx\/invierte-gobierno-de-sonora-mas-de-10-mdp-en-obras-y-transporte-escolar-en-bacerac\/"},"author":{"name":"enequipo","@id":"https:\/\/www.sonoraenequipo.com.mx\/#\/schema\/person\/50102df0fb23a8fa9e8effad8fa81386"},"headline":"Invierte Gobierno de Sonora m\u00e1s de 10 MDP en obras y transporte escolar en Bacerac","datePublished":"2024-09-09T21:17:20+00:00","mainEntityOfPage":{"@id":"https:\/\/www.sonoraenequipo.com.mx\/invierte-gobierno-de-sonora-mas-de-10-mdp-en-obras-y-transporte-escolar-en-bacerac\/"},"wordCount":208,"commentCount":0,"publisher":{"@id":"https:\/\/www.sonoraenequipo.com.mx\/#organization"},"image":{"@id":"https:\/\/www.sonoraenequipo.com.mx\/invierte-gobierno-de-sonora-mas-de-10-mdp-en-obras-y-transporte-escolar-en-bacerac\/#primaryimage"},"thumbnailUrl":"https:\/\/www.sonoraenequipo.com.mx\/storage\/2024\/09\/obras-bacerac.jpg","keywords":["obras en bacerac"],"articleSection":["Sonora"],"inLanguage":"es","potentialAction":[{"@type":"CommentAction","name":"Comment","target":["https:\/\/www.sonoraenequipo.com.mx\/invierte-gobierno-de-sonora-mas-de-10-mdp-en-obras-y-transporte-escolar-en-bacerac\/#respond"]}]},{"@type":"WebPage","@id":"https:\/\/www.sonoraenequipo.com.mx\/invierte-gobierno-de-sonora-mas-de-10-mdp-en-obras-y-transporte-escolar-en-bacerac\/","url":"https:\/\/www.sonoraenequipo.com.mx\/invierte-gobierno-de-sonora-mas-de-10-mdp-en-obras-y-transporte-escolar-en-bacerac\/","name":"Sonora en Equipo. Invierte Gobierno de Sonora m\u00e1s de 10 MDP en obras y transporte escolar en Bacerac Sonora","isPartOf":{"@id":"https:\/\/www.sonoraenequipo.com.mx\/#website"},"primaryImageOfPage":{"@id":"https:\/\/www.sonoraenequipo.com.mx\/invierte-gobierno-de-sonora-mas-de-10-mdp-en-obras-y-transporte-escolar-en-bacerac\/#primaryimage"},"image":{"@id":"https:\/\/www.sonoraenequipo.com.mx\/invierte-gobierno-de-sonora-mas-de-10-mdp-en-obras-y-transporte-escolar-en-bacerac\/#primaryimage"},"thumbnailUrl":"https:\/\/www.sonoraenequipo.com.mx\/storage\/2024\/09\/obras-bacerac.jpg","datePublished":"2024-09-09T21:17:20+00:00","description":"BACERAC, SONORA, MX. \u0336 \u0336\u00a0 El Gobierno de Sonora, a trav\u00e9s del Consejo Estatal de Concertaci\u00f3n para la Obra P\u00fablica (Cecop), invirti\u00f3 10.1 millones de En Sonora en Equipo publicamos toda la informaci\u00f3n de Sonora, M\u00e9xico y el Mundo de manera oportuna y busca que la libertad de expresi\u00f3n sea real. Visita nuestro medio informativo publicado desde Hermosillo, Sonora. %","breadcrumb":{"@id":"https:\/\/www.sonoraenequipo.com.mx\/invierte-gobierno-de-sonora-mas-de-10-mdp-en-obras-y-transporte-escolar-en-bacerac\/#breadcrumb"},"inLanguage":"es","potentialAction":[{"@type":"ReadAction","target":["https:\/\/www.sonoraenequipo.com.mx\/invierte-gobierno-de-sonora-mas-de-10-mdp-en-obras-y-transporte-escolar-en-bacerac\/"]}]},{"@type":"ImageObject","inLanguage":"es","@id":"https:\/\/www.sonoraenequipo.com.mx\/invierte-gobierno-de-sonora-mas-de-10-mdp-en-obras-y-transporte-escolar-en-bacerac\/#primaryimage","url":"https:\/\/www.sonoraenequipo.com.mx\/storage\/2024\/09\/obras-bacerac.jpg","contentUrl":"https:\/\/www.sonoraenequipo.com.mx\/storage\/2024\/09\/obras-bacerac.jpg","width":600,"height":401},{"@type":"BreadcrumbList","@id":"https:\/\/www.sonoraenequipo.com.mx\/invierte-gobierno-de-sonora-mas-de-10-mdp-en-obras-y-transporte-escolar-en-bacerac\/#breadcrumb","itemListElement":[{"@type":"ListItem","position":1,"name":"Portada","item":"https:\/\/www.sonoraenequipo.com.mx\/"},{"@type":"ListItem","position":2,"name":"Invierte Gobierno de Sonora m\u00e1s de 10 MDP en obras y transporte escolar en Bacerac"}]},{"@type":"WebSite","@id":"https:\/\/www.sonoraenequipo.com.mx\/#website","url":"https:\/\/www.sonoraenequipo.com.mx\/","name":"Sonora en Equipo.","description":"Diario en l\u00ednea con Noticias desde Hermosillo, Sonora","publisher":{"@id":"https:\/\/www.sonoraenequipo.com.mx\/#organization"},"potentialAction":[{"@type":"SearchAction","target":{"@type":"EntryPoint","urlTemplate":"https:\/\/www.sonoraenequipo.com.mx\/?s={search_term_string}"},"query-input":{"@type":"PropertyValueSpecification","valueRequired":true,"valueName":"search_term_string"}}],"inLanguage":"es"},{"@type":"Organization","@id":"https:\/\/www.sonoraenequipo.com.mx\/#organization","name":"Sonoraenequipo.com.mx","url":"https:\/\/www.sonoraenequipo.com.mx\/","logo":{"@type":"ImageObject","inLanguage":"es","@id":"https:\/\/www.sonoraenequipo.com.mx\/#\/schema\/logo\/image\/","url":"https:\/\/www.sonoraenequipo.com.mx\/storage\/2019\/01\/sonoraenequipo_opt.png","contentUrl":"https:\/\/www.sonoraenequipo.com.mx\/storage\/2019\/01\/sonoraenequipo_opt.png","width":375,"height":125,"caption":"Sonoraenequipo.com.mx"},"image":{"@id":"https:\/\/www.sonoraenequipo.com.mx\/#\/schema\/logo\/image\/"},"sameAs":["https:\/\/www.facebook.com\/SonoraEE\/","https:\/\/x.com\/sonoraenequipo","https:\/\/www.youtube.com\/channel\/UC338nW-lPEYmJQs4ZABQ1SQ"]},{"@type":"Person","@id":"https:\/\/www.sonoraenequipo.com.mx\/#\/schema\/person\/50102df0fb23a8fa9e8effad8fa81386","name":"enequipo","image":{"@type":"ImageObject","inLanguage":"es","@id":"https:\/\/www.sonoraenequipo.com.mx\/#\/schema\/person\/image\/","url":"https:\/\/secure.gravatar.com\/avatar\/049821681b589dabc0bc20695993ccebb09f5b5d4d790cd9251b97faac7c652b?s=96&d=blank&r=g","contentUrl":"https:\/\/secure.gravatar.com\/avatar\/049821681b589dabc0bc20695993ccebb09f5b5d4d790cd9251b97faac7c652b?s=96&d=blank&r=g","caption":"enequipo"},"sameAs":["https:\/\/www.facebook.com\/SonoraEE"]}]}},"jetpack_featured_media_url":"https:\/\/www.sonoraenequipo.com.mx\/storage\/2024\/09\/obras-bacerac.jpg","_links":{"self":[{"href":"https:\/\/www.sonoraenequipo.com.mx\/api\/wp\/v2\/posts\/198802","targetHints":{"allow":["GET"]}}],"collection":[{"href":"https:\/\/www.sonoraenequipo.com.mx\/api\/wp\/v2\/posts"}],"about":[{"href":"https:\/\/www.sonoraenequipo.com.mx\/api\/wp\/v2\/types\/post"}],"author":[{"embeddable":true,"href":"https:\/\/www.sonoraenequipo.com.mx\/api\/wp\/v2\/users\/1"}],"replies":[{"embeddable":true,"href":"https:\/\/www.sonoraenequipo.com.mx\/api\/wp\/v2\/comments?post=198802"}],"version-history":[{"count":1,"href":"https:\/\/www.sonoraenequipo.com.mx\/api\/wp\/v2\/posts\/198802\/revisions"}],"predecessor-version":[{"id":198804,"href":"https:\/\/www.sonoraenequipo.com.mx\/api\/wp\/v2\/posts\/198802\/revisions\/198804"}],"wp:featuredmedia":[{"embeddable":true,"href":"https:\/\/www.sonoraenequipo.com.mx\/api\/wp\/v2\/media\/198803"}],"wp:attachment":[{"href":"https:\/\/www.sonoraenequipo.com.mx\/api\/wp\/v2\/media?parent=198802"}],"wp:term":[{"taxonomy":"category","embeddable":true,"href":"https:\/\/www.sonoraenequipo.com.mx\/api\/wp\/v2\/categories?post=198802"},{"taxonomy":"post_tag","embeddable":true,"href":"https:\/\/www.sonoraenequipo.com.mx\/api\/wp\/v2\/tags?post=198802"}],"curies":[{"name":"wp","href":"https:\/\/api.w.org\/{rel}","templated":true}]}}