{"id":198805,"date":"2024-09-09T14:36:43","date_gmt":"2024-09-09T21:36:43","guid":{"rendered":"https:\/\/www.sonoraenequipo.com.mx\/?p=198805"},"modified":"2024-09-09T14:36:43","modified_gmt":"2024-09-09T21:36:43","slug":"cuenta-isssteson-con-red-de-psicologia-y-otras-especialidades-en-la-prevencion-del-suicidio","status":"publish","type":"post","link":"https:\/\/www.sonoraenequipo.com.mx\/cuenta-isssteson-con-red-de-psicologia-y-otras-especialidades-en-la-prevencion-del-suicidio\/","title":{"rendered":"Cuenta Isssteson con red de psicolog\u00eda y otras especialidades en la prevenci\u00f3n del suicidio"},"content":{"rendered":"<p><strong>HERMOSILLO, SONORA, MX.<\/strong> \u2014 Para prevenir el suicidio es importante que, en el n\u00facleo familiar, as\u00ed como en los grupos de amigos, dicho tema se hable con libertad y responsabilidad, poniendo atenci\u00f3n en lo que cada miembro expresa y siente, recomend\u00f3 la psic\u00f3loga de Isssteson y maestra en Psicoterapia Familiar, Pamela Alejandra Vega Irra.<\/p>\n<p><img loading=\"lazy\" decoding=\"async\" class=\"size-full  x-center\" src=\"https:\/\/www.sonoraenequipo.com.mx\/storage\/2024\/09\/salud-mental-isssteson2.jpg\" alt=\"\" width=\"600\" height=\"400\" \/><\/p>\n<p>&nbsp;<\/p>\n<p>&nbsp;<\/p>\n<p>&nbsp;<\/p>\n<p>Una persona con intenci\u00f3n de suicidio puede presentar cambios en su forma de ser, pierde inter\u00e9s por actividades que le gustan, por relaciones de amistad o sentimentales, puede recurrir al autoaislamiento, cambia sus h\u00e1bitos de sue\u00f1o, es decir, duerme mucho o poco, as\u00ed como cambios en la alimentaci\u00f3n.<\/p>\n<p>&nbsp;<\/p>\n<p>&nbsp;<\/p>\n<p>&nbsp;<\/p>\n<p>&nbsp;<\/p>\n<p>Cuando esto sucede se debe buscar ayuda profesional y para ello el Instituto cuenta con un equipo de 25 psic\u00f3logos y psic\u00f3logas en los cuatro hospitales ubicados en Nogales, Hermosillo, Guaymas y Ciudad Obreg\u00f3n, as\u00ed como en los seis Centros Integrales de Atenci\u00f3n a la Salud (CIAS) en Hermosillo, Ciudad Obreg\u00f3n, Navojoa y Huatabampo.<\/p>\n<p>&nbsp;<\/p>\n<p>&nbsp;<\/p>\n<p>&nbsp;<\/p>\n<p>A este grupo de especialistas se suman cinco psiquiatras y un especialista en paidopsiquiatr\u00eda, as\u00ed como convenios con el Centro Infantil para el Desarrollo Neuroconductual (Ciden), la Cl\u00ednica de Atenci\u00f3n Neurodesarrollo (CAN), el Centro de Higiene Mental \u201cDr. Carlos Nava Mu\u00f1oz\u201d y el Hospital Psiqui\u00e1trico \u00abCruz del Norte\u00bb, para fortalecer esta red de apoyo emocional y psicol\u00f3gico.<\/p>\n<p>&nbsp;<\/p>\n<p>&nbsp;<\/p>\n<p>&nbsp;<\/p>\n<p>Vega Irra, en el marco del D\u00eda Mundial de Prevenci\u00f3n del Suicidio de este 10 de septiembre, consider\u00f3 importante mantener un ciclo de comunicaci\u00f3n continua al interior de la familia o c\u00edrculo de amigos, pasar tiempo de calidad juntos, buscar momentos de \u00abdesconexi\u00f3n tecnol\u00f3gica\u00bb, realizar actividades al aire libre e incluso tener conversaciones inc\u00f3modas, as\u00ed como creer y dar la importancia cuando una persona comparte sus emociones y pensamientos.<\/p>\n<p><strong>Fecha de publicaci\u00f3n lunes 9 de septiembre de 2024<\/strong><\/p>\n","protected":false},"excerpt":{"rendered":"<p>HERMOSILLO, SONORA, MX. \u2014 Para prevenir el suicidio es importante que, en el n\u00facleo familiar,&#8230;<\/p>\n","protected":false},"author":1,"featured_media":198806,"comment_status":"open","ping_status":"open","sticky":false,"template":"","format":"standard","meta":{"_monsterinsights_skip_tracking":false,"_monsterinsights_sitenote_active":false,"_monsterinsights_sitenote_note":"","_monsterinsights_sitenote_category":0,"footnotes":""},"categories":[22],"tags":[331,7610,74],"class_list":["post"],"yoast_head":" \n<title>Sonora en Equipo. Cuenta Isssteson con red de psicolog\u00eda y otras especialidades en la prevenci\u00f3n del suicidio Sonora<\/title>\n<meta name=\"description\" content=\"HERMOSILLO, SONORA, MX. \u2014 Para prevenir el suicidio es importante que, en el n\u00facleo familiar, as\u00ed como en los grupos de amigos, dicho tema se hable con En Sonora en Equipo publicamos toda la informaci\u00f3n de Sonora, M\u00e9xico y el Mundo de manera oportuna y busca que la libertad de expresi\u00f3n sea real. Visita nuestro medio informativo publicado desde Hermosillo, Sonora. %\" \/>\n<meta name=\"robots\" content=\"index, follow, max-snippet:-1, max-image-preview:large, max-video-preview:-1\" \/>\n<link rel=\"canonical\" href=\"https:\/\/www.sonoraenequipo.com.mx\/cuenta-isssteson-con-red-de-psicologia-y-otras-especialidades-en-la-prevencion-del-suicidio\/\" \/>\n<meta property=\"og:locale\" content=\"es_ES\" \/>\n<meta property=\"og:type\" content=\"article\" \/>\n<meta property=\"og:title\" content=\"Sonora en Equipo. Cuenta Isssteson con red de psicolog\u00eda y otras especialidades en la prevenci\u00f3n del suicidio Sonora\" \/>\n<meta property=\"og:description\" content=\"HERMOSILLO, SONORA, MX. \u2014 Para prevenir el suicidio es importante que, en el n\u00facleo familiar, as\u00ed como en los grupos de amigos, dicho tema se hable con En Sonora en Equipo publicamos toda la informaci\u00f3n de Sonora, M\u00e9xico y el Mundo de manera oportuna y busca que la libertad de expresi\u00f3n sea real. Visita nuestro medio informativo publicado desde Hermosillo, Sonora. %\" \/>\n<meta property=\"og:url\" content=\"https:\/\/www.sonoraenequipo.com.mx\/cuenta-isssteson-con-red-de-psicologia-y-otras-especialidades-en-la-prevencion-del-suicidio\/\" \/>\n<meta property=\"og:site_name\" content=\"Sonora en Equipo.\" \/>\n<meta property=\"article:publisher\" content=\"https:\/\/www.facebook.com\/SonoraEE\/\" \/>\n<meta property=\"article:author\" content=\"https:\/\/www.facebook.com\/SonoraEE\" \/>\n<meta property=\"article:published_time\" content=\"2024-09-09T21:36:43+00:00\" \/>\n<meta property=\"og:image\" content=\"https:\/\/www.sonoraenequipo.com.mx\/storage\/2024\/09\/salud-mental-isssteson.jpg\" \/>\n\t<meta property=\"og:image:width\" content=\"600\" \/>\n\t<meta property=\"og:image:height\" content=\"399\" \/>\n\t<meta property=\"og:image:type\" content=\"image\/jpeg\" \/>\n<meta name=\"author\" content=\"enequipo\" \/>\n<meta name=\"twitter:card\" content=\"summary_large_image\" \/>\n<meta name=\"twitter:creator\" content=\"@sonoraenequipo\" \/>\n<meta name=\"twitter:site\" content=\"@sonoraenequipo\" \/>\n<meta name=\"twitter:label1\" content=\"Escrito por\" \/>\n\t<meta name=\"twitter:data1\" content=\"enequipo\" \/>\n\t<meta name=\"twitter:label2\" content=\"Tiempo de lectura\" \/>\n\t<meta name=\"twitter:data2\" content=\"2 minutos\" \/>\n<script type=\"application\/ld+json\" class=\"yoast-schema-graph\">{\"@context\":\"https:\/\/schema.org\",\"@graph\":[{\"@type\":\"Article\",\"@id\":\"https:\/\/www.sonoraenequipo.com.mx\/cuenta-isssteson-con-red-de-psicologia-y-otras-especialidades-en-la-prevencion-del-suicidio\/#article\",\"isPartOf\":{\"@id\":\"https:\/\/www.sonoraenequipo.com.mx\/cuenta-isssteson-con-red-de-psicologia-y-otras-especialidades-en-la-prevencion-del-suicidio\/\"},\"author\":{\"name\":\"enequipo\",\"@id\":\"https:\/\/www.sonoraenequipo.com.mx\/#\/schema\/person\/50102df0fb23a8fa9e8effad8fa81386\"},\"headline\":\"Cuenta Isssteson con red de psicolog\u00eda y otras especialidades en la prevenci\u00f3n del suicidio\",\"datePublished\":\"2024-09-09T21:36:43+00:00\",\"mainEntityOfPage\":{\"@id\":\"https:\/\/www.sonoraenequipo.com.mx\/cuenta-isssteson-con-red-de-psicologia-y-otras-especialidades-en-la-prevencion-del-suicidio\/\"},\"wordCount\":342,\"commentCount\":0,\"publisher\":{\"@id\":\"https:\/\/www.sonoraenequipo.com.mx\/#organization\"},\"image\":{\"@id\":\"https:\/\/www.sonoraenequipo.com.mx\/cuenta-isssteson-con-red-de-psicologia-y-otras-especialidades-en-la-prevencion-del-suicidio\/#primaryimage\"},\"thumbnailUrl\":\"https:\/\/www.sonoraenequipo.com.mx\/storage\/2024\/09\/salud-mental-isssteson.jpg\",\"keywords\":[\"isssteson\",\"mental\",\"salud\"],\"articleSection\":[\"Sonora\"],\"inLanguage\":\"es\",\"potentialAction\":[{\"@type\":\"CommentAction\",\"name\":\"Comment\",\"target\":[\"https:\/\/www.sonoraenequipo.com.mx\/cuenta-isssteson-con-red-de-psicologia-y-otras-especialidades-en-la-prevencion-del-suicidio\/#respond\"]}]},{\"@type\":\"WebPage\",\"@id\":\"https:\/\/www.sonoraenequipo.com.mx\/cuenta-isssteson-con-red-de-psicologia-y-otras-especialidades-en-la-prevencion-del-suicidio\/\",\"url\":\"https:\/\/www.sonoraenequipo.com.mx\/cuenta-isssteson-con-red-de-psicologia-y-otras-especialidades-en-la-prevencion-del-suicidio\/\",\"name\":\"Sonora en Equipo. Cuenta Isssteson con red de psicolog\u00eda y otras especialidades en la prevenci\u00f3n del suicidio Sonora\",\"isPartOf\":{\"@id\":\"https:\/\/www.sonoraenequipo.com.mx\/#website\"},\"primaryImageOfPage\":{\"@id\":\"https:\/\/www.sonoraenequipo.com.mx\/cuenta-isssteson-con-red-de-psicologia-y-otras-especialidades-en-la-prevencion-del-suicidio\/#primaryimage\"},\"image\":{\"@id\":\"https:\/\/www.sonoraenequipo.com.mx\/cuenta-isssteson-con-red-de-psicologia-y-otras-especialidades-en-la-prevencion-del-suicidio\/#primaryimage\"},\"thumbnailUrl\":\"https:\/\/www.sonoraenequipo.com.mx\/storage\/2024\/09\/salud-mental-isssteson.jpg\",\"datePublished\":\"2024-09-09T21:36:43+00:00\",\"description\":\"HERMOSILLO, SONORA, MX. \u2014 Para prevenir el suicidio es importante que, en el n\u00facleo familiar, as\u00ed como en los grupos de amigos, dicho tema se hable con En Sonora en Equipo publicamos toda la informaci\u00f3n de Sonora, M\u00e9xico y el Mundo de manera oportuna y busca que la libertad de expresi\u00f3n sea real. Visita nuestro medio informativo publicado desde Hermosillo, Sonora. %\",\"breadcrumb\":{\"@id\":\"https:\/\/www.sonoraenequipo.com.mx\/cuenta-isssteson-con-red-de-psicologia-y-otras-especialidades-en-la-prevencion-del-suicidio\/#breadcrumb\"},\"inLanguage\":\"es\",\"potentialAction\":[{\"@type\":\"ReadAction\",\"target\":[\"https:\/\/www.sonoraenequipo.com.mx\/cuenta-isssteson-con-red-de-psicologia-y-otras-especialidades-en-la-prevencion-del-suicidio\/\"]}]},{\"@type\":\"ImageObject\",\"inLanguage\":\"es\",\"@id\":\"https:\/\/www.sonoraenequipo.com.mx\/cuenta-isssteson-con-red-de-psicologia-y-otras-especialidades-en-la-prevencion-del-suicidio\/#primaryimage\",\"url\":\"https:\/\/www.sonoraenequipo.com.mx\/storage\/2024\/09\/salud-mental-isssteson.jpg\",\"contentUrl\":\"https:\/\/www.sonoraenequipo.com.mx\/storage\/2024\/09\/salud-mental-isssteson.jpg\",\"width\":600,\"height\":399,\"caption\":\"Psic\u00f3loga del Isssteson atendiendo a paciente, Imagen de archivo\"},{\"@type\":\"BreadcrumbList\",\"@id\":\"https:\/\/www.sonoraenequipo.com.mx\/cuenta-isssteson-con-red-de-psicologia-y-otras-especialidades-en-la-prevencion-del-suicidio\/#breadcrumb\",\"itemListElement\":[{\"@type\":\"ListItem\",\"position\":1,\"name\":\"Portada\",\"item\":\"https:\/\/www.sonoraenequipo.com.mx\/\"},{\"@type\":\"ListItem\",\"position\":2,\"name\":\"Cuenta Isssteson con red de psicolog\u00eda y otras especialidades en la prevenci\u00f3n del suicidio\"}]},{\"@type\":\"WebSite\",\"@id\":\"https:\/\/www.sonoraenequipo.com.mx\/#website\",\"url\":\"https:\/\/www.sonoraenequipo.com.mx\/\",\"name\":\"Sonora en Equipo.\",\"description\":\"Diario en l\u00ednea con Noticias desde Hermosillo, Sonora\",\"publisher\":{\"@id\":\"https:\/\/www.sonoraenequipo.com.mx\/#organization\"},\"potentialAction\":[{\"@type\":\"SearchAction\",\"target\":{\"@type\":\"EntryPoint\",\"urlTemplate\":\"https:\/\/www.sonoraenequipo.com.mx\/?s={search_term_string}\"},\"query-input\":{\"@type\":\"PropertyValueSpecification\",\"valueRequired\":true,\"valueName\":\"search_term_string\"}}],\"inLanguage\":\"es\"},{\"@type\":\"Organization\",\"@id\":\"https:\/\/www.sonoraenequipo.com.mx\/#organization\",\"name\":\"Sonoraenequipo.com.mx\",\"url\":\"https:\/\/www.sonoraenequipo.com.mx\/\",\"logo\":{\"@type\":\"ImageObject\",\"inLanguage\":\"es\",\"@id\":\"https:\/\/www.sonoraenequipo.com.mx\/#\/schema\/logo\/image\/\",\"url\":\"https:\/\/www.sonoraenequipo.com.mx\/storage\/2019\/01\/sonoraenequipo_opt.png\",\"contentUrl\":\"https:\/\/www.sonoraenequipo.com.mx\/storage\/2019\/01\/sonoraenequipo_opt.png\",\"width\":375,\"height\":125,\"caption\":\"Sonoraenequipo.com.mx\"},\"image\":{\"@id\":\"https:\/\/www.sonoraenequipo.com.mx\/#\/schema\/logo\/image\/\"},\"sameAs\":[\"https:\/\/www.facebook.com\/SonoraEE\/\",\"https:\/\/x.com\/sonoraenequipo\",\"https:\/\/www.youtube.com\/channel\/UC338nW-lPEYmJQs4ZABQ1SQ\"]},{\"@type\":\"Person\",\"@id\":\"https:\/\/www.sonoraenequipo.com.mx\/#\/schema\/person\/50102df0fb23a8fa9e8effad8fa81386\",\"name\":\"enequipo\",\"image\":{\"@type\":\"ImageObject\",\"inLanguage\":\"es\",\"@id\":\"https:\/\/www.sonoraenequipo.com.mx\/#\/schema\/person\/image\/\",\"url\":\"https:\/\/secure.gravatar.com\/avatar\/049821681b589dabc0bc20695993ccebb09f5b5d4d790cd9251b97faac7c652b?s=96&d=blank&r=g\",\"contentUrl\":\"https:\/\/secure.gravatar.com\/avatar\/049821681b589dabc0bc20695993ccebb09f5b5d4d790cd9251b97faac7c652b?s=96&d=blank&r=g\",\"caption\":\"enequipo\"},\"sameAs\":[\"https:\/\/www.facebook.com\/SonoraEE\"]}]}<\/script>\n ","yoast_head_json":{"title":"Sonora en Equipo. Cuenta Isssteson con red de psicolog\u00eda y otras especialidades en la prevenci\u00f3n del suicidio Sonora","description":"HERMOSILLO, SONORA, MX. \u2014 Para prevenir el suicidio es importante que, en el n\u00facleo familiar, as\u00ed como en los grupos de amigos, dicho tema se hable con En Sonora en Equipo publicamos toda la informaci\u00f3n de Sonora, M\u00e9xico y el Mundo de manera oportuna y busca que la libertad de expresi\u00f3n sea real. Visita nuestro medio informativo publicado desde Hermosillo, Sonora. %","robots":{"index":"index","follow":"follow","max-snippet":"max-snippet:-1","max-image-preview":"max-image-preview:large","max-video-preview":"max-video-preview:-1"},"canonical":"https:\/\/www.sonoraenequipo.com.mx\/cuenta-isssteson-con-red-de-psicologia-y-otras-especialidades-en-la-prevencion-del-suicidio\/","og_locale":"es_ES","og_type":"article","og_title":"Sonora en Equipo. Cuenta Isssteson con red de psicolog\u00eda y otras especialidades en la prevenci\u00f3n del suicidio Sonora","og_description":"HERMOSILLO, SONORA, MX. \u2014 Para prevenir el suicidio es importante que, en el n\u00facleo familiar, as\u00ed como en los grupos de amigos, dicho tema se hable con En Sonora en Equipo publicamos toda la informaci\u00f3n de Sonora, M\u00e9xico y el Mundo de manera oportuna y busca que la libertad de expresi\u00f3n sea real. Visita nuestro medio informativo publicado desde Hermosillo, Sonora. %","og_url":"https:\/\/www.sonoraenequipo.com.mx\/cuenta-isssteson-con-red-de-psicologia-y-otras-especialidades-en-la-prevencion-del-suicidio\/","og_site_name":"Sonora en Equipo.","article_publisher":"https:\/\/www.facebook.com\/SonoraEE\/","article_author":"https:\/\/www.facebook.com\/SonoraEE","article_published_time":"2024-09-09T21:36:43+00:00","og_image":[{"width":600,"height":399,"url":"https:\/\/www.sonoraenequipo.com.mx\/storage\/2024\/09\/salud-mental-isssteson.jpg","type":"image\/jpeg"}],"author":"enequipo","twitter_card":"summary_large_image","twitter_creator":"@sonoraenequipo","twitter_site":"@sonoraenequipo","twitter_misc":{"Escrito por":"enequipo","Tiempo de lectura":"2 minutos"},"schema":{"@context":"https:\/\/schema.org","@graph":[{"@type":"Article","@id":"https:\/\/www.sonoraenequipo.com.mx\/cuenta-isssteson-con-red-de-psicologia-y-otras-especialidades-en-la-prevencion-del-suicidio\/#article","isPartOf":{"@id":"https:\/\/www.sonoraenequipo.com.mx\/cuenta-isssteson-con-red-de-psicologia-y-otras-especialidades-en-la-prevencion-del-suicidio\/"},"author":{"name":"enequipo","@id":"https:\/\/www.sonoraenequipo.com.mx\/#\/schema\/person\/50102df0fb23a8fa9e8effad8fa81386"},"headline":"Cuenta Isssteson con red de psicolog\u00eda y otras especialidades en la prevenci\u00f3n del suicidio","datePublished":"2024-09-09T21:36:43+00:00","mainEntityOfPage":{"@id":"https:\/\/www.sonoraenequipo.com.mx\/cuenta-isssteson-con-red-de-psicologia-y-otras-especialidades-en-la-prevencion-del-suicidio\/"},"wordCount":342,"commentCount":0,"publisher":{"@id":"https:\/\/www.sonoraenequipo.com.mx\/#organization"},"image":{"@id":"https:\/\/www.sonoraenequipo.com.mx\/cuenta-isssteson-con-red-de-psicologia-y-otras-especialidades-en-la-prevencion-del-suicidio\/#primaryimage"},"thumbnailUrl":"https:\/\/www.sonoraenequipo.com.mx\/storage\/2024\/09\/salud-mental-isssteson.jpg","keywords":["isssteson","mental","salud"],"articleSection":["Sonora"],"inLanguage":"es","potentialAction":[{"@type":"CommentAction","name":"Comment","target":["https:\/\/www.sonoraenequipo.com.mx\/cuenta-isssteson-con-red-de-psicologia-y-otras-especialidades-en-la-prevencion-del-suicidio\/#respond"]}]},{"@type":"WebPage","@id":"https:\/\/www.sonoraenequipo.com.mx\/cuenta-isssteson-con-red-de-psicologia-y-otras-especialidades-en-la-prevencion-del-suicidio\/","url":"https:\/\/www.sonoraenequipo.com.mx\/cuenta-isssteson-con-red-de-psicologia-y-otras-especialidades-en-la-prevencion-del-suicidio\/","name":"Sonora en Equipo. Cuenta Isssteson con red de psicolog\u00eda y otras especialidades en la prevenci\u00f3n del suicidio Sonora","isPartOf":{"@id":"https:\/\/www.sonoraenequipo.com.mx\/#website"},"primaryImageOfPage":{"@id":"https:\/\/www.sonoraenequipo.com.mx\/cuenta-isssteson-con-red-de-psicologia-y-otras-especialidades-en-la-prevencion-del-suicidio\/#primaryimage"},"image":{"@id":"https:\/\/www.sonoraenequipo.com.mx\/cuenta-isssteson-con-red-de-psicologia-y-otras-especialidades-en-la-prevencion-del-suicidio\/#primaryimage"},"thumbnailUrl":"https:\/\/www.sonoraenequipo.com.mx\/storage\/2024\/09\/salud-mental-isssteson.jpg","datePublished":"2024-09-09T21:36:43+00:00","description":"HERMOSILLO, SONORA, MX. \u2014 Para prevenir el suicidio es importante que, en el n\u00facleo familiar, as\u00ed como en los grupos de amigos, dicho tema se hable con En Sonora en Equipo publicamos toda la informaci\u00f3n de Sonora, M\u00e9xico y el Mundo de manera oportuna y busca que la libertad de expresi\u00f3n sea real. Visita nuestro medio informativo publicado desde Hermosillo, Sonora. %","breadcrumb":{"@id":"https:\/\/www.sonoraenequipo.com.mx\/cuenta-isssteson-con-red-de-psicologia-y-otras-especialidades-en-la-prevencion-del-suicidio\/#breadcrumb"},"inLanguage":"es","potentialAction":[{"@type":"ReadAction","target":["https:\/\/www.sonoraenequipo.com.mx\/cuenta-isssteson-con-red-de-psicologia-y-otras-especialidades-en-la-prevencion-del-suicidio\/"]}]},{"@type":"ImageObject","inLanguage":"es","@id":"https:\/\/www.sonoraenequipo.com.mx\/cuenta-isssteson-con-red-de-psicologia-y-otras-especialidades-en-la-prevencion-del-suicidio\/#primaryimage","url":"https:\/\/www.sonoraenequipo.com.mx\/storage\/2024\/09\/salud-mental-isssteson.jpg","contentUrl":"https:\/\/www.sonoraenequipo.com.mx\/storage\/2024\/09\/salud-mental-isssteson.jpg","width":600,"height":399,"caption":"Psic\u00f3loga del Isssteson atendiendo a paciente, Imagen de archivo"},{"@type":"BreadcrumbList","@id":"https:\/\/www.sonoraenequipo.com.mx\/cuenta-isssteson-con-red-de-psicologia-y-otras-especialidades-en-la-prevencion-del-suicidio\/#breadcrumb","itemListElement":[{"@type":"ListItem","position":1,"name":"Portada","item":"https:\/\/www.sonoraenequipo.com.mx\/"},{"@type":"ListItem","position":2,"name":"Cuenta Isssteson con red de psicolog\u00eda y otras especialidades en la prevenci\u00f3n del suicidio"}]},{"@type":"WebSite","@id":"https:\/\/www.sonoraenequipo.com.mx\/#website","url":"https:\/\/www.sonoraenequipo.com.mx\/","name":"Sonora en Equipo.","description":"Diario en l\u00ednea con Noticias desde Hermosillo, Sonora","publisher":{"@id":"https:\/\/www.sonoraenequipo.com.mx\/#organization"},"potentialAction":[{"@type":"SearchAction","target":{"@type":"EntryPoint","urlTemplate":"https:\/\/www.sonoraenequipo.com.mx\/?s={search_term_string}"},"query-input":{"@type":"PropertyValueSpecification","valueRequired":true,"valueName":"search_term_string"}}],"inLanguage":"es"},{"@type":"Organization","@id":"https:\/\/www.sonoraenequipo.com.mx\/#organization","name":"Sonoraenequipo.com.mx","url":"https:\/\/www.sonoraenequipo.com.mx\/","logo":{"@type":"ImageObject","inLanguage":"es","@id":"https:\/\/www.sonoraenequipo.com.mx\/#\/schema\/logo\/image\/","url":"https:\/\/www.sonoraenequipo.com.mx\/storage\/2019\/01\/sonoraenequipo_opt.png","contentUrl":"https:\/\/www.sonoraenequipo.com.mx\/storage\/2019\/01\/sonoraenequipo_opt.png","width":375,"height":125,"caption":"Sonoraenequipo.com.mx"},"image":{"@id":"https:\/\/www.sonoraenequipo.com.mx\/#\/schema\/logo\/image\/"},"sameAs":["https:\/\/www.facebook.com\/SonoraEE\/","https:\/\/x.com\/sonoraenequipo","https:\/\/www.youtube.com\/channel\/UC338nW-lPEYmJQs4ZABQ1SQ"]},{"@type":"Person","@id":"https:\/\/www.sonoraenequipo.com.mx\/#\/schema\/person\/50102df0fb23a8fa9e8effad8fa81386","name":"enequipo","image":{"@type":"ImageObject","inLanguage":"es","@id":"https:\/\/www.sonoraenequipo.com.mx\/#\/schema\/person\/image\/","url":"https:\/\/secure.gravatar.com\/avatar\/049821681b589dabc0bc20695993ccebb09f5b5d4d790cd9251b97faac7c652b?s=96&d=blank&r=g","contentUrl":"https:\/\/secure.gravatar.com\/avatar\/049821681b589dabc0bc20695993ccebb09f5b5d4d790cd9251b97faac7c652b?s=96&d=blank&r=g","caption":"enequipo"},"sameAs":["https:\/\/www.facebook.com\/SonoraEE"]}]}},"jetpack_featured_media_url":"https:\/\/www.sonoraenequipo.com.mx\/storage\/2024\/09\/salud-mental-isssteson.jpg","_links":{"self":[{"href":"https:\/\/www.sonoraenequipo.com.mx\/api\/wp\/v2\/posts\/198805","targetHints":{"allow":["GET"]}}],"collection":[{"href":"https:\/\/www.sonoraenequipo.com.mx\/api\/wp\/v2\/posts"}],"about":[{"href":"https:\/\/www.sonoraenequipo.com.mx\/api\/wp\/v2\/types\/post"}],"author":[{"embeddable":true,"href":"https:\/\/www.sonoraenequipo.com.mx\/api\/wp\/v2\/users\/1"}],"replies":[{"embeddable":true,"href":"https:\/\/www.sonoraenequipo.com.mx\/api\/wp\/v2\/comments?post=198805"}],"version-history":[{"count":1,"href":"https:\/\/www.sonoraenequipo.com.mx\/api\/wp\/v2\/posts\/198805\/revisions"}],"predecessor-version":[{"id":198808,"href":"https:\/\/www.sonoraenequipo.com.mx\/api\/wp\/v2\/posts\/198805\/revisions\/198808"}],"wp:featuredmedia":[{"embeddable":true,"href":"https:\/\/www.sonoraenequipo.com.mx\/api\/wp\/v2\/media\/198806"}],"wp:attachment":[{"href":"https:\/\/www.sonoraenequipo.com.mx\/api\/wp\/v2\/media?parent=198805"}],"wp:term":[{"taxonomy":"category","embeddable":true,"href":"https:\/\/www.sonoraenequipo.com.mx\/api\/wp\/v2\/categories?post=198805"},{"taxonomy":"post_tag","embeddable":true,"href":"https:\/\/www.sonoraenequipo.com.mx\/api\/wp\/v2\/tags?post=198805"}],"curies":[{"name":"wp","href":"https:\/\/api.w.org\/{rel}","templated":true}]}}