{"id":198809,"date":"2024-09-09T15:26:53","date_gmt":"2024-09-09T22:26:53","guid":{"rendered":"https:\/\/www.sonoraenequipo.com.mx\/?p=198809"},"modified":"2024-09-09T15:26:53","modified_gmt":"2024-09-09T22:26:53","slug":"museo-regional-de-sonora-conmemorara-su-39-aniversario-con-actividades-para-todo-publico","status":"publish","type":"post","link":"https:\/\/www.sonoraenequipo.com.mx\/museo-regional-de-sonora-conmemorara-su-39-aniversario-con-actividades-para-todo-publico\/","title":{"rendered":"Museo Regional de Sonora conmemorar\u00e1 su 39 aniversario con actividades para todo p\u00fablico"},"content":{"rendered":"<p><strong>HERMOSILLO, SONORA, MX.<\/strong> \u2014 El Instituto Nacional de Antropolog\u00eda e Historia (INAH) en Sonora invita al p\u00fablico a disfrutar de las actividades del 39 aniversario del Museo Regional de Sonora, con la apertura de una r\u00e9plica de cuatro huellas de dinosaurio registradas en Sonora, as\u00ed como la ampliaci\u00f3n del cedulario interpretativo que describe el edificio de la Antigua Penitenciar\u00eda. Dando continuidad al compromiso de la divulgaci\u00f3n del patrimonio cultural en el estado, el museo ofrece diversas actividades como lo son exposiciones temporales, talleres l\u00fadicos y educativos, visitas guiadas a grupos escolares y familiares, que han dado como resultado que m\u00e1s de 17 mil personas hayan sido parte de ellas.<\/p>\n<p>Como es de conocimiento p\u00fablico, el museo se encuentra todav\u00eda en un periodo de rehabilitaci\u00f3n integral, situaci\u00f3n que no ha impedido ofrecer con constancia una oferta cultural para todo tipo de p\u00fablico.<\/p>\n<p>\u201cLos festejos por su 39 aniversario comenzar\u00e1n el jueves 12 de septiembre de 2024 a las 9:30 horas, con la apertura de una r\u00e9plica de huellas de dinosaurio de la localidad<\/p>\n<p>de Esqueda en fronteras, Sonora; realizada por restauradoras de la Coordinaci\u00f3n Nacional deConservaci\u00f3n del Patrimonio Cultural del INAH en colaboraci\u00f3n con el Museo Regional depaso por el estado, espec\u00edficamente en la localidad paleontol\u00f3gica del ejido de Esqueda, municipio de Fronteras, Sonora, donde adem\u00e1s se han encontrado m\u00e1s huellas de otros animales como artr\u00f3podos, que a\u00fan siguen en estudio. Posterior a la apertura de las huellas, el \u00e1rea de Comunicaci\u00f3n Educativa del museo, desarrollar\u00e1 algunas actividades l\u00fadicas y educativas sobre dinosaurios, previamente se han capacitado con una especialista de la Estaci\u00f3n Regional del Noroeste de la UNAM, qui\u00e9nes se han sumado a estas actividades.<\/p>\n<p>&nbsp;<\/p>\n<p>Por otro lado, a partir de las 10 horas, el p\u00fablico en general podr\u00e1 disfrutar del<\/p>\n<p>cedulario interpretativo del edificio hist\u00f3rico, que describe y destaca algunas de las \u00e1reas m\u00e1s recurrentes por el p\u00fablico, mientras se recorre el edificio de m\u00e1s de 116 a\u00f1os. Las celdas, el pared\u00f3n, el patio de mujeres, la virgen, el torito y m\u00e1s encontrar\u00e1n para una lectura r\u00e1pida. A partir del jueves conmemorativo, el Museo Regional de Sonora ofrecer\u00e1 su horario normal de mi\u00e9rcoles a domingo, de 10 a 17 horas. Para reservar recorridos.<\/p>\n<p><strong>Fecha de publicaci\u00f3n lunes 9 de septiembre de 2024<\/strong><\/p>\n","protected":false},"excerpt":{"rendered":"<p>HERMOSILLO, SONORA, MX. \u2014 El Instituto Nacional de Antropolog\u00eda e Historia (INAH) en Sonora invita&#8230;<\/p>\n","protected":false},"author":1,"featured_media":198810,"comment_status":"open","ping_status":"open","sticky":false,"template":"","format":"standard","meta":{"_monsterinsights_skip_tracking":false,"_monsterinsights_sitenote_active":false,"_monsterinsights_sitenote_note":"","_monsterinsights_sitenote_category":0,"footnotes":""},"categories":[22],"tags":[8554,9681],"class_list":["post"],"yoast_head":" \n<title>Sonora en Equipo. Museo Regional de Sonora conmemorar\u00e1 su 39 aniversario con actividades para todo p\u00fablico Sonora<\/title>\n<meta name=\"description\" content=\"HERMOSILLO, SONORA, MX. \u2014 El Instituto Nacional de Antropolog\u00eda e Historia (INAH) en Sonora invita al p\u00fablico a disfrutar de las actividades del 39 En Sonora en Equipo publicamos toda la informaci\u00f3n de Sonora, M\u00e9xico y el Mundo de manera oportuna y busca que la libertad de expresi\u00f3n sea real. Visita nuestro medio informativo publicado desde Hermosillo, Sonora. %\" \/>\n<meta name=\"robots\" content=\"index, follow, max-snippet:-1, max-image-preview:large, max-video-preview:-1\" \/>\n<link rel=\"canonical\" href=\"https:\/\/www.sonoraenequipo.com.mx\/museo-regional-de-sonora-conmemorara-su-39-aniversario-con-actividades-para-todo-publico\/\" \/>\n<meta property=\"og:locale\" content=\"es_ES\" \/>\n<meta property=\"og:type\" content=\"article\" \/>\n<meta property=\"og:title\" content=\"Sonora en Equipo. Museo Regional de Sonora conmemorar\u00e1 su 39 aniversario con actividades para todo p\u00fablico Sonora\" \/>\n<meta property=\"og:description\" content=\"HERMOSILLO, SONORA, MX. \u2014 El Instituto Nacional de Antropolog\u00eda e Historia (INAH) en Sonora invita al p\u00fablico a disfrutar de las actividades del 39 En Sonora en Equipo publicamos toda la informaci\u00f3n de Sonora, M\u00e9xico y el Mundo de manera oportuna y busca que la libertad de expresi\u00f3n sea real. Visita nuestro medio informativo publicado desde Hermosillo, Sonora. %\" \/>\n<meta property=\"og:url\" content=\"https:\/\/www.sonoraenequipo.com.mx\/museo-regional-de-sonora-conmemorara-su-39-aniversario-con-actividades-para-todo-publico\/\" \/>\n<meta property=\"og:site_name\" content=\"Sonora en Equipo.\" \/>\n<meta property=\"article:publisher\" content=\"https:\/\/www.facebook.com\/SonoraEE\/\" \/>\n<meta property=\"article:author\" content=\"https:\/\/www.facebook.com\/SonoraEE\" \/>\n<meta property=\"article:published_time\" content=\"2024-09-09T22:26:53+00:00\" \/>\n<meta property=\"og:image\" content=\"https:\/\/www.sonoraenequipo.com.mx\/storage\/2024\/09\/penitenciaria.jpg\" \/>\n\t<meta property=\"og:image:width\" content=\"600\" \/>\n\t<meta property=\"og:image:height\" content=\"400\" \/>\n\t<meta property=\"og:image:type\" content=\"image\/jpeg\" \/>\n<meta name=\"author\" content=\"enequipo\" \/>\n<meta name=\"twitter:card\" content=\"summary_large_image\" \/>\n<meta name=\"twitter:creator\" content=\"@sonoraenequipo\" \/>\n<meta name=\"twitter:site\" content=\"@sonoraenequipo\" \/>\n<meta name=\"twitter:label1\" content=\"Escrito por\" \/>\n\t<meta name=\"twitter:data1\" content=\"enequipo\" \/>\n\t<meta name=\"twitter:label2\" content=\"Tiempo de lectura\" \/>\n\t<meta name=\"twitter:data2\" content=\"2 minutos\" \/>\n<script type=\"application\/ld+json\" class=\"yoast-schema-graph\">{\"@context\":\"https:\/\/schema.org\",\"@graph\":[{\"@type\":\"Article\",\"@id\":\"https:\/\/www.sonoraenequipo.com.mx\/museo-regional-de-sonora-conmemorara-su-39-aniversario-con-actividades-para-todo-publico\/#article\",\"isPartOf\":{\"@id\":\"https:\/\/www.sonoraenequipo.com.mx\/museo-regional-de-sonora-conmemorara-su-39-aniversario-con-actividades-para-todo-publico\/\"},\"author\":{\"name\":\"enequipo\",\"@id\":\"https:\/\/www.sonoraenequipo.com.mx\/#\/schema\/person\/50102df0fb23a8fa9e8effad8fa81386\"},\"headline\":\"Museo Regional de Sonora conmemorar\u00e1 su 39 aniversario con actividades para todo p\u00fablico\",\"datePublished\":\"2024-09-09T22:26:53+00:00\",\"mainEntityOfPage\":{\"@id\":\"https:\/\/www.sonoraenequipo.com.mx\/museo-regional-de-sonora-conmemorara-su-39-aniversario-con-actividades-para-todo-publico\/\"},\"wordCount\":414,\"commentCount\":0,\"publisher\":{\"@id\":\"https:\/\/www.sonoraenequipo.com.mx\/#organization\"},\"image\":{\"@id\":\"https:\/\/www.sonoraenequipo.com.mx\/museo-regional-de-sonora-conmemorara-su-39-aniversario-con-actividades-para-todo-publico\/#primaryimage\"},\"thumbnailUrl\":\"https:\/\/www.sonoraenequipo.com.mx\/storage\/2024\/09\/penitenciaria.jpg\",\"keywords\":[\"becas ensonora\",\"museo\"],\"articleSection\":[\"Sonora\"],\"inLanguage\":\"es\",\"potentialAction\":[{\"@type\":\"CommentAction\",\"name\":\"Comment\",\"target\":[\"https:\/\/www.sonoraenequipo.com.mx\/museo-regional-de-sonora-conmemorara-su-39-aniversario-con-actividades-para-todo-publico\/#respond\"]}]},{\"@type\":\"WebPage\",\"@id\":\"https:\/\/www.sonoraenequipo.com.mx\/museo-regional-de-sonora-conmemorara-su-39-aniversario-con-actividades-para-todo-publico\/\",\"url\":\"https:\/\/www.sonoraenequipo.com.mx\/museo-regional-de-sonora-conmemorara-su-39-aniversario-con-actividades-para-todo-publico\/\",\"name\":\"Sonora en Equipo. Museo Regional de Sonora conmemorar\u00e1 su 39 aniversario con actividades para todo p\u00fablico Sonora\",\"isPartOf\":{\"@id\":\"https:\/\/www.sonoraenequipo.com.mx\/#website\"},\"primaryImageOfPage\":{\"@id\":\"https:\/\/www.sonoraenequipo.com.mx\/museo-regional-de-sonora-conmemorara-su-39-aniversario-con-actividades-para-todo-publico\/#primaryimage\"},\"image\":{\"@id\":\"https:\/\/www.sonoraenequipo.com.mx\/museo-regional-de-sonora-conmemorara-su-39-aniversario-con-actividades-para-todo-publico\/#primaryimage\"},\"thumbnailUrl\":\"https:\/\/www.sonoraenequipo.com.mx\/storage\/2024\/09\/penitenciaria.jpg\",\"datePublished\":\"2024-09-09T22:26:53+00:00\",\"description\":\"HERMOSILLO, SONORA, MX. \u2014 El Instituto Nacional de Antropolog\u00eda e Historia (INAH) en Sonora invita al p\u00fablico a disfrutar de las actividades del 39 En Sonora en Equipo publicamos toda la informaci\u00f3n de Sonora, M\u00e9xico y el Mundo de manera oportuna y busca que la libertad de expresi\u00f3n sea real. Visita nuestro medio informativo publicado desde Hermosillo, Sonora. %\",\"breadcrumb\":{\"@id\":\"https:\/\/www.sonoraenequipo.com.mx\/museo-regional-de-sonora-conmemorara-su-39-aniversario-con-actividades-para-todo-publico\/#breadcrumb\"},\"inLanguage\":\"es\",\"potentialAction\":[{\"@type\":\"ReadAction\",\"target\":[\"https:\/\/www.sonoraenequipo.com.mx\/museo-regional-de-sonora-conmemorara-su-39-aniversario-con-actividades-para-todo-publico\/\"]}]},{\"@type\":\"ImageObject\",\"inLanguage\":\"es\",\"@id\":\"https:\/\/www.sonoraenequipo.com.mx\/museo-regional-de-sonora-conmemorara-su-39-aniversario-con-actividades-para-todo-publico\/#primaryimage\",\"url\":\"https:\/\/www.sonoraenequipo.com.mx\/storage\/2024\/09\/penitenciaria.jpg\",\"contentUrl\":\"https:\/\/www.sonoraenequipo.com.mx\/storage\/2024\/09\/penitenciaria.jpg\",\"width\":600,\"height\":400},{\"@type\":\"BreadcrumbList\",\"@id\":\"https:\/\/www.sonoraenequipo.com.mx\/museo-regional-de-sonora-conmemorara-su-39-aniversario-con-actividades-para-todo-publico\/#breadcrumb\",\"itemListElement\":[{\"@type\":\"ListItem\",\"position\":1,\"name\":\"Portada\",\"item\":\"https:\/\/www.sonoraenequipo.com.mx\/\"},{\"@type\":\"ListItem\",\"position\":2,\"name\":\"Museo Regional de Sonora conmemorar\u00e1 su 39 aniversario con actividades para todo p\u00fablico\"}]},{\"@type\":\"WebSite\",\"@id\":\"https:\/\/www.sonoraenequipo.com.mx\/#website\",\"url\":\"https:\/\/www.sonoraenequipo.com.mx\/\",\"name\":\"Sonora en Equipo.\",\"description\":\"Diario en l\u00ednea con Noticias desde Hermosillo, Sonora\",\"publisher\":{\"@id\":\"https:\/\/www.sonoraenequipo.com.mx\/#organization\"},\"potentialAction\":[{\"@type\":\"SearchAction\",\"target\":{\"@type\":\"EntryPoint\",\"urlTemplate\":\"https:\/\/www.sonoraenequipo.com.mx\/?s={search_term_string}\"},\"query-input\":{\"@type\":\"PropertyValueSpecification\",\"valueRequired\":true,\"valueName\":\"search_term_string\"}}],\"inLanguage\":\"es\"},{\"@type\":\"Organization\",\"@id\":\"https:\/\/www.sonoraenequipo.com.mx\/#organization\",\"name\":\"Sonoraenequipo.com.mx\",\"url\":\"https:\/\/www.sonoraenequipo.com.mx\/\",\"logo\":{\"@type\":\"ImageObject\",\"inLanguage\":\"es\",\"@id\":\"https:\/\/www.sonoraenequipo.com.mx\/#\/schema\/logo\/image\/\",\"url\":\"https:\/\/www.sonoraenequipo.com.mx\/storage\/2019\/01\/sonoraenequipo_opt.png\",\"contentUrl\":\"https:\/\/www.sonoraenequipo.com.mx\/storage\/2019\/01\/sonoraenequipo_opt.png\",\"width\":375,\"height\":125,\"caption\":\"Sonoraenequipo.com.mx\"},\"image\":{\"@id\":\"https:\/\/www.sonoraenequipo.com.mx\/#\/schema\/logo\/image\/\"},\"sameAs\":[\"https:\/\/www.facebook.com\/SonoraEE\/\",\"https:\/\/x.com\/sonoraenequipo\",\"https:\/\/www.youtube.com\/channel\/UC338nW-lPEYmJQs4ZABQ1SQ\"]},{\"@type\":\"Person\",\"@id\":\"https:\/\/www.sonoraenequipo.com.mx\/#\/schema\/person\/50102df0fb23a8fa9e8effad8fa81386\",\"name\":\"enequipo\",\"image\":{\"@type\":\"ImageObject\",\"inLanguage\":\"es\",\"@id\":\"https:\/\/www.sonoraenequipo.com.mx\/#\/schema\/person\/image\/\",\"url\":\"https:\/\/secure.gravatar.com\/avatar\/049821681b589dabc0bc20695993ccebb09f5b5d4d790cd9251b97faac7c652b?s=96&d=blank&r=g\",\"contentUrl\":\"https:\/\/secure.gravatar.com\/avatar\/049821681b589dabc0bc20695993ccebb09f5b5d4d790cd9251b97faac7c652b?s=96&d=blank&r=g\",\"caption\":\"enequipo\"},\"sameAs\":[\"https:\/\/www.facebook.com\/SonoraEE\"]}]}<\/script>\n ","yoast_head_json":{"title":"Sonora en Equipo. Museo Regional de Sonora conmemorar\u00e1 su 39 aniversario con actividades para todo p\u00fablico Sonora","description":"HERMOSILLO, SONORA, MX. \u2014 El Instituto Nacional de Antropolog\u00eda e Historia (INAH) en Sonora invita al p\u00fablico a disfrutar de las actividades del 39 En Sonora en Equipo publicamos toda la informaci\u00f3n de Sonora, M\u00e9xico y el Mundo de manera oportuna y busca que la libertad de expresi\u00f3n sea real. Visita nuestro medio informativo publicado desde Hermosillo, Sonora. %","robots":{"index":"index","follow":"follow","max-snippet":"max-snippet:-1","max-image-preview":"max-image-preview:large","max-video-preview":"max-video-preview:-1"},"canonical":"https:\/\/www.sonoraenequipo.com.mx\/museo-regional-de-sonora-conmemorara-su-39-aniversario-con-actividades-para-todo-publico\/","og_locale":"es_ES","og_type":"article","og_title":"Sonora en Equipo. Museo Regional de Sonora conmemorar\u00e1 su 39 aniversario con actividades para todo p\u00fablico Sonora","og_description":"HERMOSILLO, SONORA, MX. \u2014 El Instituto Nacional de Antropolog\u00eda e Historia (INAH) en Sonora invita al p\u00fablico a disfrutar de las actividades del 39 En Sonora en Equipo publicamos toda la informaci\u00f3n de Sonora, M\u00e9xico y el Mundo de manera oportuna y busca que la libertad de expresi\u00f3n sea real. Visita nuestro medio informativo publicado desde Hermosillo, Sonora. %","og_url":"https:\/\/www.sonoraenequipo.com.mx\/museo-regional-de-sonora-conmemorara-su-39-aniversario-con-actividades-para-todo-publico\/","og_site_name":"Sonora en Equipo.","article_publisher":"https:\/\/www.facebook.com\/SonoraEE\/","article_author":"https:\/\/www.facebook.com\/SonoraEE","article_published_time":"2024-09-09T22:26:53+00:00","og_image":[{"width":600,"height":400,"url":"https:\/\/www.sonoraenequipo.com.mx\/storage\/2024\/09\/penitenciaria.jpg","type":"image\/jpeg"}],"author":"enequipo","twitter_card":"summary_large_image","twitter_creator":"@sonoraenequipo","twitter_site":"@sonoraenequipo","twitter_misc":{"Escrito por":"enequipo","Tiempo de lectura":"2 minutos"},"schema":{"@context":"https:\/\/schema.org","@graph":[{"@type":"Article","@id":"https:\/\/www.sonoraenequipo.com.mx\/museo-regional-de-sonora-conmemorara-su-39-aniversario-con-actividades-para-todo-publico\/#article","isPartOf":{"@id":"https:\/\/www.sonoraenequipo.com.mx\/museo-regional-de-sonora-conmemorara-su-39-aniversario-con-actividades-para-todo-publico\/"},"author":{"name":"enequipo","@id":"https:\/\/www.sonoraenequipo.com.mx\/#\/schema\/person\/50102df0fb23a8fa9e8effad8fa81386"},"headline":"Museo Regional de Sonora conmemorar\u00e1 su 39 aniversario con actividades para todo p\u00fablico","datePublished":"2024-09-09T22:26:53+00:00","mainEntityOfPage":{"@id":"https:\/\/www.sonoraenequipo.com.mx\/museo-regional-de-sonora-conmemorara-su-39-aniversario-con-actividades-para-todo-publico\/"},"wordCount":414,"commentCount":0,"publisher":{"@id":"https:\/\/www.sonoraenequipo.com.mx\/#organization"},"image":{"@id":"https:\/\/www.sonoraenequipo.com.mx\/museo-regional-de-sonora-conmemorara-su-39-aniversario-con-actividades-para-todo-publico\/#primaryimage"},"thumbnailUrl":"https:\/\/www.sonoraenequipo.com.mx\/storage\/2024\/09\/penitenciaria.jpg","keywords":["becas ensonora","museo"],"articleSection":["Sonora"],"inLanguage":"es","potentialAction":[{"@type":"CommentAction","name":"Comment","target":["https:\/\/www.sonoraenequipo.com.mx\/museo-regional-de-sonora-conmemorara-su-39-aniversario-con-actividades-para-todo-publico\/#respond"]}]},{"@type":"WebPage","@id":"https:\/\/www.sonoraenequipo.com.mx\/museo-regional-de-sonora-conmemorara-su-39-aniversario-con-actividades-para-todo-publico\/","url":"https:\/\/www.sonoraenequipo.com.mx\/museo-regional-de-sonora-conmemorara-su-39-aniversario-con-actividades-para-todo-publico\/","name":"Sonora en Equipo. Museo Regional de Sonora conmemorar\u00e1 su 39 aniversario con actividades para todo p\u00fablico Sonora","isPartOf":{"@id":"https:\/\/www.sonoraenequipo.com.mx\/#website"},"primaryImageOfPage":{"@id":"https:\/\/www.sonoraenequipo.com.mx\/museo-regional-de-sonora-conmemorara-su-39-aniversario-con-actividades-para-todo-publico\/#primaryimage"},"image":{"@id":"https:\/\/www.sonoraenequipo.com.mx\/museo-regional-de-sonora-conmemorara-su-39-aniversario-con-actividades-para-todo-publico\/#primaryimage"},"thumbnailUrl":"https:\/\/www.sonoraenequipo.com.mx\/storage\/2024\/09\/penitenciaria.jpg","datePublished":"2024-09-09T22:26:53+00:00","description":"HERMOSILLO, SONORA, MX. \u2014 El Instituto Nacional de Antropolog\u00eda e Historia (INAH) en Sonora invita al p\u00fablico a disfrutar de las actividades del 39 En Sonora en Equipo publicamos toda la informaci\u00f3n de Sonora, M\u00e9xico y el Mundo de manera oportuna y busca que la libertad de expresi\u00f3n sea real. Visita nuestro medio informativo publicado desde Hermosillo, Sonora. %","breadcrumb":{"@id":"https:\/\/www.sonoraenequipo.com.mx\/museo-regional-de-sonora-conmemorara-su-39-aniversario-con-actividades-para-todo-publico\/#breadcrumb"},"inLanguage":"es","potentialAction":[{"@type":"ReadAction","target":["https:\/\/www.sonoraenequipo.com.mx\/museo-regional-de-sonora-conmemorara-su-39-aniversario-con-actividades-para-todo-publico\/"]}]},{"@type":"ImageObject","inLanguage":"es","@id":"https:\/\/www.sonoraenequipo.com.mx\/museo-regional-de-sonora-conmemorara-su-39-aniversario-con-actividades-para-todo-publico\/#primaryimage","url":"https:\/\/www.sonoraenequipo.com.mx\/storage\/2024\/09\/penitenciaria.jpg","contentUrl":"https:\/\/www.sonoraenequipo.com.mx\/storage\/2024\/09\/penitenciaria.jpg","width":600,"height":400},{"@type":"BreadcrumbList","@id":"https:\/\/www.sonoraenequipo.com.mx\/museo-regional-de-sonora-conmemorara-su-39-aniversario-con-actividades-para-todo-publico\/#breadcrumb","itemListElement":[{"@type":"ListItem","position":1,"name":"Portada","item":"https:\/\/www.sonoraenequipo.com.mx\/"},{"@type":"ListItem","position":2,"name":"Museo Regional de Sonora conmemorar\u00e1 su 39 aniversario con actividades para todo p\u00fablico"}]},{"@type":"WebSite","@id":"https:\/\/www.sonoraenequipo.com.mx\/#website","url":"https:\/\/www.sonoraenequipo.com.mx\/","name":"Sonora en Equipo.","description":"Diario en l\u00ednea con Noticias desde Hermosillo, Sonora","publisher":{"@id":"https:\/\/www.sonoraenequipo.com.mx\/#organization"},"potentialAction":[{"@type":"SearchAction","target":{"@type":"EntryPoint","urlTemplate":"https:\/\/www.sonoraenequipo.com.mx\/?s={search_term_string}"},"query-input":{"@type":"PropertyValueSpecification","valueRequired":true,"valueName":"search_term_string"}}],"inLanguage":"es"},{"@type":"Organization","@id":"https:\/\/www.sonoraenequipo.com.mx\/#organization","name":"Sonoraenequipo.com.mx","url":"https:\/\/www.sonoraenequipo.com.mx\/","logo":{"@type":"ImageObject","inLanguage":"es","@id":"https:\/\/www.sonoraenequipo.com.mx\/#\/schema\/logo\/image\/","url":"https:\/\/www.sonoraenequipo.com.mx\/storage\/2019\/01\/sonoraenequipo_opt.png","contentUrl":"https:\/\/www.sonoraenequipo.com.mx\/storage\/2019\/01\/sonoraenequipo_opt.png","width":375,"height":125,"caption":"Sonoraenequipo.com.mx"},"image":{"@id":"https:\/\/www.sonoraenequipo.com.mx\/#\/schema\/logo\/image\/"},"sameAs":["https:\/\/www.facebook.com\/SonoraEE\/","https:\/\/x.com\/sonoraenequipo","https:\/\/www.youtube.com\/channel\/UC338nW-lPEYmJQs4ZABQ1SQ"]},{"@type":"Person","@id":"https:\/\/www.sonoraenequipo.com.mx\/#\/schema\/person\/50102df0fb23a8fa9e8effad8fa81386","name":"enequipo","image":{"@type":"ImageObject","inLanguage":"es","@id":"https:\/\/www.sonoraenequipo.com.mx\/#\/schema\/person\/image\/","url":"https:\/\/secure.gravatar.com\/avatar\/049821681b589dabc0bc20695993ccebb09f5b5d4d790cd9251b97faac7c652b?s=96&d=blank&r=g","contentUrl":"https:\/\/secure.gravatar.com\/avatar\/049821681b589dabc0bc20695993ccebb09f5b5d4d790cd9251b97faac7c652b?s=96&d=blank&r=g","caption":"enequipo"},"sameAs":["https:\/\/www.facebook.com\/SonoraEE"]}]}},"jetpack_featured_media_url":"https:\/\/www.sonoraenequipo.com.mx\/storage\/2024\/09\/penitenciaria.jpg","_links":{"self":[{"href":"https:\/\/www.sonoraenequipo.com.mx\/api\/wp\/v2\/posts\/198809","targetHints":{"allow":["GET"]}}],"collection":[{"href":"https:\/\/www.sonoraenequipo.com.mx\/api\/wp\/v2\/posts"}],"about":[{"href":"https:\/\/www.sonoraenequipo.com.mx\/api\/wp\/v2\/types\/post"}],"author":[{"embeddable":true,"href":"https:\/\/www.sonoraenequipo.com.mx\/api\/wp\/v2\/users\/1"}],"replies":[{"embeddable":true,"href":"https:\/\/www.sonoraenequipo.com.mx\/api\/wp\/v2\/comments?post=198809"}],"version-history":[{"count":1,"href":"https:\/\/www.sonoraenequipo.com.mx\/api\/wp\/v2\/posts\/198809\/revisions"}],"predecessor-version":[{"id":198811,"href":"https:\/\/www.sonoraenequipo.com.mx\/api\/wp\/v2\/posts\/198809\/revisions\/198811"}],"wp:featuredmedia":[{"embeddable":true,"href":"https:\/\/www.sonoraenequipo.com.mx\/api\/wp\/v2\/media\/198810"}],"wp:attachment":[{"href":"https:\/\/www.sonoraenequipo.com.mx\/api\/wp\/v2\/media?parent=198809"}],"wp:term":[{"taxonomy":"category","embeddable":true,"href":"https:\/\/www.sonoraenequipo.com.mx\/api\/wp\/v2\/categories?post=198809"},{"taxonomy":"post_tag","embeddable":true,"href":"https:\/\/www.sonoraenequipo.com.mx\/api\/wp\/v2\/tags?post=198809"}],"curies":[{"name":"wp","href":"https:\/\/api.w.org\/{rel}","templated":true}]}}