{"id":198815,"date":"2024-09-09T16:36:45","date_gmt":"2024-09-09T23:36:45","guid":{"rendered":"https:\/\/www.sonoraenequipo.com.mx\/?p=198815"},"modified":"2024-09-09T16:36:45","modified_gmt":"2024-09-09T23:36:45","slug":"cae-objetivo-primario-considerado-generador-de-violencia-entre-sonora-y-arizona-sera-extraditado-a-ee-uu","status":"publish","type":"post","link":"https:\/\/www.sonoraenequipo.com.mx\/cae-objetivo-primario-considerado-generador-de-violencia-entre-sonora-y-arizona-sera-extraditado-a-ee-uu\/","title":{"rendered":"Cae objetivo primario considerado generador de violencia entre Sonora y Arizona, ser\u00e1 extraditado a EE.UU."},"content":{"rendered":"<p><strong>HERMOSILLO, SONORA, MX.<\/strong> \u2014 La Fiscal\u00eda General de Justicia del Estado de Sonora (FGJES), en colaboraci\u00f3n con autoridades nacionales y de los Estados Unidos de Am\u00e9rica, particip\u00f3 en la orden de detenci\u00f3n provisional con fines de extradici\u00f3n en contra de Jos\u00e9 Baldomero \u201cN\u201d, de 46 a\u00f1os, considerado uno de los principales generadores de violencia de un grupo criminal en la regi\u00f3n de Sonoyta.<\/p>\n<p>&nbsp;<\/p>\n<p>El detenido cuenta con una orden de arresto por narcotr\u00e1fico emitida en 2017 por la Corte Federal del Distrito del Estado de Arizona, y era identificado como un objetivo prioritario en la Operaci\u00f3n \u201cDiablo Expr\u00e9s\u201d. Esta operaci\u00f3n, llevada a cabo en 2016, ten\u00eda como prop\u00f3sito la detenci\u00f3n de integrantes de un c\u00e1rtel que operaba entre las ciudades de Lukeville, Arizona, y Sonoyta.<\/p>\n<p>&nbsp;<\/p>\n<p>La captura de Jos\u00e9 Baldomero \u201cN\u201d se concret\u00f3 el 8 de septiembre en Mexicali, Baja California, en la cual, la coordinaci\u00f3n con INTERPOL-M\u00e9xico fue esencial, as\u00ed como el intercambio de informaci\u00f3n de inteligencia y labores de campo y gabinete desplegadas por personal de la Agencia Ministerial de Investigaci\u00f3n Criminal (AMIC), Secretar\u00eda de la Defensa Nacional (SEDENA) y Guardia Nacional, tanto en Sonora como en Baja California.<\/p>\n<p>&nbsp;<\/p>\n<p>El pasado 30 de agosto, el objetivo prioritario fue ubicado cuando ingres\u00f3 a las 04:50 horas a una cl\u00ednica en San Luis R\u00edo Colorado, utilizando una identidad falsa.<\/p>\n<p>&nbsp;<\/p>\n<p>Este ingreso se debi\u00f3 a las heridas que sufri\u00f3 a ra\u00edz de una explosi\u00f3n en una vivienda en el Ejido El Desierto, municipio de Plutarco El\u00edas Calles, donde se localiz\u00f3 p\u00f3lvora; en el incidente, donde uno de sus colaboradores perdi\u00f3 la vida.<\/p>\n<p>&nbsp;<\/p>\n<p>Debido a la gravedad de las lesiones, el detenido fue trasladado a un hospital en Mexicali, donde se realiz\u00f3 su aseguramiento y posterior entrega a personal de la Agencia de Investigaci\u00f3n Criminal (AIC) de la Fiscal\u00eda General de la Rep\u00fablica (FGR), a trav\u00e9s de INTERPOL-M\u00e9xico.<\/p>\n<p>&nbsp;<\/p>\n<p>Jos\u00e9 Baldomero \u201cN\u201d permaneci\u00f3 bajo custodia por SEDENA y fuerzas de seguridad de los tres niveles de Gobierno hasta su traslado, el 8 de septiembre, a la Ciudad de M\u00e9xico. Posteriormente, fue ingresado en el Centro Federal de Reinserci\u00f3n Social (CEFERESO) en Guanajuato, donde aguardar\u00e1 su extradici\u00f3n a los Estados Unidos de Am\u00e9rica.<\/p>\n<p><strong>Fecha de publicaci\u00f3n lunes 9 de septiembre de 2024<\/strong><\/p>\n","protected":false},"excerpt":{"rendered":"<p>HERMOSILLO, SONORA, MX. \u2014 La Fiscal\u00eda General de Justicia del Estado de Sonora (FGJES), en&#8230;<\/p>\n","protected":false},"author":1,"featured_media":198816,"comment_status":"open","ping_status":"open","sticky":false,"template":"","format":"standard","meta":{"_monsterinsights_skip_tracking":false,"_monsterinsights_sitenote_active":false,"_monsterinsights_sitenote_note":"","_monsterinsights_sitenote_category":0,"footnotes":""},"categories":[3144],"tags":[10235,5674,369],"class_list":["post"],"yoast_head":" \n<title>Sonora en Equipo. Cae objetivo primario considerado generador de violencia entre Sonora y Arizona, ser\u00e1 extraditado a EE.UU. Polic\u00edaca<\/title>\n<meta name=\"description\" content=\"HERMOSILLO, SONORA, MX. \u2014 La Fiscal\u00eda General de Justicia del Estado de Sonora (FGJES), en colaboraci\u00f3n con autoridades nacionales y de los Estados Unidos En Sonora en Equipo publicamos toda la informaci\u00f3n de Sonora, M\u00e9xico y el Mundo de manera oportuna y busca que la libertad de expresi\u00f3n sea real. Visita nuestro medio informativo publicado desde Hermosillo, Sonora. %\" \/>\n<meta name=\"robots\" content=\"index, follow, max-snippet:-1, max-image-preview:large, max-video-preview:-1\" \/>\n<link rel=\"canonical\" href=\"https:\/\/www.sonoraenequipo.com.mx\/cae-objetivo-primario-considerado-generador-de-violencia-entre-sonora-y-arizona-sera-extraditado-a-ee-uu\/\" \/>\n<meta property=\"og:locale\" content=\"es_ES\" \/>\n<meta property=\"og:type\" content=\"article\" \/>\n<meta property=\"og:title\" content=\"Sonora en Equipo. Cae objetivo primario considerado generador de violencia entre Sonora y Arizona, ser\u00e1 extraditado a EE.UU. Polic\u00edaca\" \/>\n<meta property=\"og:description\" content=\"HERMOSILLO, SONORA, MX. \u2014 La Fiscal\u00eda General de Justicia del Estado de Sonora (FGJES), en colaboraci\u00f3n con autoridades nacionales y de los Estados Unidos En Sonora en Equipo publicamos toda la informaci\u00f3n de Sonora, M\u00e9xico y el Mundo de manera oportuna y busca que la libertad de expresi\u00f3n sea real. Visita nuestro medio informativo publicado desde Hermosillo, Sonora. %\" \/>\n<meta property=\"og:url\" content=\"https:\/\/www.sonoraenequipo.com.mx\/cae-objetivo-primario-considerado-generador-de-violencia-entre-sonora-y-arizona-sera-extraditado-a-ee-uu\/\" \/>\n<meta property=\"og:site_name\" content=\"Sonora en Equipo.\" \/>\n<meta property=\"article:publisher\" content=\"https:\/\/www.facebook.com\/SonoraEE\/\" \/>\n<meta property=\"article:author\" content=\"https:\/\/www.facebook.com\/SonoraEE\" \/>\n<meta property=\"article:published_time\" content=\"2024-09-09T23:36:45+00:00\" \/>\n<meta property=\"og:image\" content=\"https:\/\/www.sonoraenequipo.com.mx\/storage\/2024\/09\/Jose-Baldomero.jpg\" \/>\n\t<meta property=\"og:image:width\" content=\"600\" \/>\n\t<meta property=\"og:image:height\" content=\"400\" \/>\n\t<meta property=\"og:image:type\" content=\"image\/jpeg\" \/>\n<meta name=\"author\" content=\"enequipo\" \/>\n<meta name=\"twitter:card\" content=\"summary_large_image\" \/>\n<meta name=\"twitter:creator\" content=\"@sonoraenequipo\" \/>\n<meta name=\"twitter:site\" content=\"@sonoraenequipo\" \/>\n<meta name=\"twitter:label1\" content=\"Escrito por\" \/>\n\t<meta name=\"twitter:data1\" content=\"enequipo\" \/>\n\t<meta name=\"twitter:label2\" content=\"Tiempo de lectura\" \/>\n\t<meta name=\"twitter:data2\" content=\"2 minutos\" \/>\n<script type=\"application\/ld+json\" class=\"yoast-schema-graph\">{\"@context\":\"https:\/\/schema.org\",\"@graph\":[{\"@type\":\"Article\",\"@id\":\"https:\/\/www.sonoraenequipo.com.mx\/cae-objetivo-primario-considerado-generador-de-violencia-entre-sonora-y-arizona-sera-extraditado-a-ee-uu\/#article\",\"isPartOf\":{\"@id\":\"https:\/\/www.sonoraenequipo.com.mx\/cae-objetivo-primario-considerado-generador-de-violencia-entre-sonora-y-arizona-sera-extraditado-a-ee-uu\/\"},\"author\":{\"name\":\"enequipo\",\"@id\":\"https:\/\/www.sonoraenequipo.com.mx\/#\/schema\/person\/50102df0fb23a8fa9e8effad8fa81386\"},\"headline\":\"Cae objetivo primario considerado generador de violencia entre Sonora y Arizona, ser\u00e1 extraditado a EE.UU.\",\"datePublished\":\"2024-09-09T23:36:45+00:00\",\"mainEntityOfPage\":{\"@id\":\"https:\/\/www.sonoraenequipo.com.mx\/cae-objetivo-primario-considerado-generador-de-violencia-entre-sonora-y-arizona-sera-extraditado-a-ee-uu\/\"},\"wordCount\":416,\"commentCount\":0,\"publisher\":{\"@id\":\"https:\/\/www.sonoraenequipo.com.mx\/#organization\"},\"image\":{\"@id\":\"https:\/\/www.sonoraenequipo.com.mx\/cae-objetivo-primario-considerado-generador-de-violencia-entre-sonora-y-arizona-sera-extraditado-a-ee-uu\/#primaryimage\"},\"thumbnailUrl\":\"https:\/\/www.sonoraenequipo.com.mx\/storage\/2024\/09\/Jose-Baldomero.jpg\",\"keywords\":[\"generador\",\"sonoyta\",\"violencia\"],\"articleSection\":[\"Polic\u00edaca\"],\"inLanguage\":\"es\",\"potentialAction\":[{\"@type\":\"CommentAction\",\"name\":\"Comment\",\"target\":[\"https:\/\/www.sonoraenequipo.com.mx\/cae-objetivo-primario-considerado-generador-de-violencia-entre-sonora-y-arizona-sera-extraditado-a-ee-uu\/#respond\"]}]},{\"@type\":\"WebPage\",\"@id\":\"https:\/\/www.sonoraenequipo.com.mx\/cae-objetivo-primario-considerado-generador-de-violencia-entre-sonora-y-arizona-sera-extraditado-a-ee-uu\/\",\"url\":\"https:\/\/www.sonoraenequipo.com.mx\/cae-objetivo-primario-considerado-generador-de-violencia-entre-sonora-y-arizona-sera-extraditado-a-ee-uu\/\",\"name\":\"Sonora en Equipo. Cae objetivo primario considerado generador de violencia entre Sonora y Arizona, ser\u00e1 extraditado a EE.UU. Polic\u00edaca\",\"isPartOf\":{\"@id\":\"https:\/\/www.sonoraenequipo.com.mx\/#website\"},\"primaryImageOfPage\":{\"@id\":\"https:\/\/www.sonoraenequipo.com.mx\/cae-objetivo-primario-considerado-generador-de-violencia-entre-sonora-y-arizona-sera-extraditado-a-ee-uu\/#primaryimage\"},\"image\":{\"@id\":\"https:\/\/www.sonoraenequipo.com.mx\/cae-objetivo-primario-considerado-generador-de-violencia-entre-sonora-y-arizona-sera-extraditado-a-ee-uu\/#primaryimage\"},\"thumbnailUrl\":\"https:\/\/www.sonoraenequipo.com.mx\/storage\/2024\/09\/Jose-Baldomero.jpg\",\"datePublished\":\"2024-09-09T23:36:45+00:00\",\"description\":\"HERMOSILLO, SONORA, MX. \u2014 La Fiscal\u00eda General de Justicia del Estado de Sonora (FGJES), en colaboraci\u00f3n con autoridades nacionales y de los Estados Unidos En Sonora en Equipo publicamos toda la informaci\u00f3n de Sonora, M\u00e9xico y el Mundo de manera oportuna y busca que la libertad de expresi\u00f3n sea real. Visita nuestro medio informativo publicado desde Hermosillo, Sonora. %\",\"breadcrumb\":{\"@id\":\"https:\/\/www.sonoraenequipo.com.mx\/cae-objetivo-primario-considerado-generador-de-violencia-entre-sonora-y-arizona-sera-extraditado-a-ee-uu\/#breadcrumb\"},\"inLanguage\":\"es\",\"potentialAction\":[{\"@type\":\"ReadAction\",\"target\":[\"https:\/\/www.sonoraenequipo.com.mx\/cae-objetivo-primario-considerado-generador-de-violencia-entre-sonora-y-arizona-sera-extraditado-a-ee-uu\/\"]}]},{\"@type\":\"ImageObject\",\"inLanguage\":\"es\",\"@id\":\"https:\/\/www.sonoraenequipo.com.mx\/cae-objetivo-primario-considerado-generador-de-violencia-entre-sonora-y-arizona-sera-extraditado-a-ee-uu\/#primaryimage\",\"url\":\"https:\/\/www.sonoraenequipo.com.mx\/storage\/2024\/09\/Jose-Baldomero.jpg\",\"contentUrl\":\"https:\/\/www.sonoraenequipo.com.mx\/storage\/2024\/09\/Jose-Baldomero.jpg\",\"width\":600,\"height\":400},{\"@type\":\"BreadcrumbList\",\"@id\":\"https:\/\/www.sonoraenequipo.com.mx\/cae-objetivo-primario-considerado-generador-de-violencia-entre-sonora-y-arizona-sera-extraditado-a-ee-uu\/#breadcrumb\",\"itemListElement\":[{\"@type\":\"ListItem\",\"position\":1,\"name\":\"Portada\",\"item\":\"https:\/\/www.sonoraenequipo.com.mx\/\"},{\"@type\":\"ListItem\",\"position\":2,\"name\":\"Cae objetivo primario considerado generador de violencia entre Sonora y Arizona, ser\u00e1 extraditado a EE.UU.\"}]},{\"@type\":\"WebSite\",\"@id\":\"https:\/\/www.sonoraenequipo.com.mx\/#website\",\"url\":\"https:\/\/www.sonoraenequipo.com.mx\/\",\"name\":\"Sonora en Equipo.\",\"description\":\"Diario en l\u00ednea con Noticias desde Hermosillo, Sonora\",\"publisher\":{\"@id\":\"https:\/\/www.sonoraenequipo.com.mx\/#organization\"},\"potentialAction\":[{\"@type\":\"SearchAction\",\"target\":{\"@type\":\"EntryPoint\",\"urlTemplate\":\"https:\/\/www.sonoraenequipo.com.mx\/?s={search_term_string}\"},\"query-input\":{\"@type\":\"PropertyValueSpecification\",\"valueRequired\":true,\"valueName\":\"search_term_string\"}}],\"inLanguage\":\"es\"},{\"@type\":\"Organization\",\"@id\":\"https:\/\/www.sonoraenequipo.com.mx\/#organization\",\"name\":\"Sonoraenequipo.com.mx\",\"url\":\"https:\/\/www.sonoraenequipo.com.mx\/\",\"logo\":{\"@type\":\"ImageObject\",\"inLanguage\":\"es\",\"@id\":\"https:\/\/www.sonoraenequipo.com.mx\/#\/schema\/logo\/image\/\",\"url\":\"https:\/\/www.sonoraenequipo.com.mx\/storage\/2019\/01\/sonoraenequipo_opt.png\",\"contentUrl\":\"https:\/\/www.sonoraenequipo.com.mx\/storage\/2019\/01\/sonoraenequipo_opt.png\",\"width\":375,\"height\":125,\"caption\":\"Sonoraenequipo.com.mx\"},\"image\":{\"@id\":\"https:\/\/www.sonoraenequipo.com.mx\/#\/schema\/logo\/image\/\"},\"sameAs\":[\"https:\/\/www.facebook.com\/SonoraEE\/\",\"https:\/\/x.com\/sonoraenequipo\",\"https:\/\/www.youtube.com\/channel\/UC338nW-lPEYmJQs4ZABQ1SQ\"]},{\"@type\":\"Person\",\"@id\":\"https:\/\/www.sonoraenequipo.com.mx\/#\/schema\/person\/50102df0fb23a8fa9e8effad8fa81386\",\"name\":\"enequipo\",\"image\":{\"@type\":\"ImageObject\",\"inLanguage\":\"es\",\"@id\":\"https:\/\/www.sonoraenequipo.com.mx\/#\/schema\/person\/image\/\",\"url\":\"https:\/\/secure.gravatar.com\/avatar\/049821681b589dabc0bc20695993ccebb09f5b5d4d790cd9251b97faac7c652b?s=96&d=blank&r=g\",\"contentUrl\":\"https:\/\/secure.gravatar.com\/avatar\/049821681b589dabc0bc20695993ccebb09f5b5d4d790cd9251b97faac7c652b?s=96&d=blank&r=g\",\"caption\":\"enequipo\"},\"sameAs\":[\"https:\/\/www.facebook.com\/SonoraEE\"]}]}<\/script>\n ","yoast_head_json":{"title":"Sonora en Equipo. Cae objetivo primario considerado generador de violencia entre Sonora y Arizona, ser\u00e1 extraditado a EE.UU. Polic\u00edaca","description":"HERMOSILLO, SONORA, MX. \u2014 La Fiscal\u00eda General de Justicia del Estado de Sonora (FGJES), en colaboraci\u00f3n con autoridades nacionales y de los Estados Unidos En Sonora en Equipo publicamos toda la informaci\u00f3n de Sonora, M\u00e9xico y el Mundo de manera oportuna y busca que la libertad de expresi\u00f3n sea real. Visita nuestro medio informativo publicado desde Hermosillo, Sonora. %","robots":{"index":"index","follow":"follow","max-snippet":"max-snippet:-1","max-image-preview":"max-image-preview:large","max-video-preview":"max-video-preview:-1"},"canonical":"https:\/\/www.sonoraenequipo.com.mx\/cae-objetivo-primario-considerado-generador-de-violencia-entre-sonora-y-arizona-sera-extraditado-a-ee-uu\/","og_locale":"es_ES","og_type":"article","og_title":"Sonora en Equipo. Cae objetivo primario considerado generador de violencia entre Sonora y Arizona, ser\u00e1 extraditado a EE.UU. Polic\u00edaca","og_description":"HERMOSILLO, SONORA, MX. \u2014 La Fiscal\u00eda General de Justicia del Estado de Sonora (FGJES), en colaboraci\u00f3n con autoridades nacionales y de los Estados Unidos En Sonora en Equipo publicamos toda la informaci\u00f3n de Sonora, M\u00e9xico y el Mundo de manera oportuna y busca que la libertad de expresi\u00f3n sea real. Visita nuestro medio informativo publicado desde Hermosillo, Sonora. %","og_url":"https:\/\/www.sonoraenequipo.com.mx\/cae-objetivo-primario-considerado-generador-de-violencia-entre-sonora-y-arizona-sera-extraditado-a-ee-uu\/","og_site_name":"Sonora en Equipo.","article_publisher":"https:\/\/www.facebook.com\/SonoraEE\/","article_author":"https:\/\/www.facebook.com\/SonoraEE","article_published_time":"2024-09-09T23:36:45+00:00","og_image":[{"width":600,"height":400,"url":"https:\/\/www.sonoraenequipo.com.mx\/storage\/2024\/09\/Jose-Baldomero.jpg","type":"image\/jpeg"}],"author":"enequipo","twitter_card":"summary_large_image","twitter_creator":"@sonoraenequipo","twitter_site":"@sonoraenequipo","twitter_misc":{"Escrito por":"enequipo","Tiempo de lectura":"2 minutos"},"schema":{"@context":"https:\/\/schema.org","@graph":[{"@type":"Article","@id":"https:\/\/www.sonoraenequipo.com.mx\/cae-objetivo-primario-considerado-generador-de-violencia-entre-sonora-y-arizona-sera-extraditado-a-ee-uu\/#article","isPartOf":{"@id":"https:\/\/www.sonoraenequipo.com.mx\/cae-objetivo-primario-considerado-generador-de-violencia-entre-sonora-y-arizona-sera-extraditado-a-ee-uu\/"},"author":{"name":"enequipo","@id":"https:\/\/www.sonoraenequipo.com.mx\/#\/schema\/person\/50102df0fb23a8fa9e8effad8fa81386"},"headline":"Cae objetivo primario considerado generador de violencia entre Sonora y Arizona, ser\u00e1 extraditado a EE.UU.","datePublished":"2024-09-09T23:36:45+00:00","mainEntityOfPage":{"@id":"https:\/\/www.sonoraenequipo.com.mx\/cae-objetivo-primario-considerado-generador-de-violencia-entre-sonora-y-arizona-sera-extraditado-a-ee-uu\/"},"wordCount":416,"commentCount":0,"publisher":{"@id":"https:\/\/www.sonoraenequipo.com.mx\/#organization"},"image":{"@id":"https:\/\/www.sonoraenequipo.com.mx\/cae-objetivo-primario-considerado-generador-de-violencia-entre-sonora-y-arizona-sera-extraditado-a-ee-uu\/#primaryimage"},"thumbnailUrl":"https:\/\/www.sonoraenequipo.com.mx\/storage\/2024\/09\/Jose-Baldomero.jpg","keywords":["generador","sonoyta","violencia"],"articleSection":["Polic\u00edaca"],"inLanguage":"es","potentialAction":[{"@type":"CommentAction","name":"Comment","target":["https:\/\/www.sonoraenequipo.com.mx\/cae-objetivo-primario-considerado-generador-de-violencia-entre-sonora-y-arizona-sera-extraditado-a-ee-uu\/#respond"]}]},{"@type":"WebPage","@id":"https:\/\/www.sonoraenequipo.com.mx\/cae-objetivo-primario-considerado-generador-de-violencia-entre-sonora-y-arizona-sera-extraditado-a-ee-uu\/","url":"https:\/\/www.sonoraenequipo.com.mx\/cae-objetivo-primario-considerado-generador-de-violencia-entre-sonora-y-arizona-sera-extraditado-a-ee-uu\/","name":"Sonora en Equipo. Cae objetivo primario considerado generador de violencia entre Sonora y Arizona, ser\u00e1 extraditado a EE.UU. Polic\u00edaca","isPartOf":{"@id":"https:\/\/www.sonoraenequipo.com.mx\/#website"},"primaryImageOfPage":{"@id":"https:\/\/www.sonoraenequipo.com.mx\/cae-objetivo-primario-considerado-generador-de-violencia-entre-sonora-y-arizona-sera-extraditado-a-ee-uu\/#primaryimage"},"image":{"@id":"https:\/\/www.sonoraenequipo.com.mx\/cae-objetivo-primario-considerado-generador-de-violencia-entre-sonora-y-arizona-sera-extraditado-a-ee-uu\/#primaryimage"},"thumbnailUrl":"https:\/\/www.sonoraenequipo.com.mx\/storage\/2024\/09\/Jose-Baldomero.jpg","datePublished":"2024-09-09T23:36:45+00:00","description":"HERMOSILLO, SONORA, MX. \u2014 La Fiscal\u00eda General de Justicia del Estado de Sonora (FGJES), en colaboraci\u00f3n con autoridades nacionales y de los Estados Unidos En Sonora en Equipo publicamos toda la informaci\u00f3n de Sonora, M\u00e9xico y el Mundo de manera oportuna y busca que la libertad de expresi\u00f3n sea real. Visita nuestro medio informativo publicado desde Hermosillo, Sonora. %","breadcrumb":{"@id":"https:\/\/www.sonoraenequipo.com.mx\/cae-objetivo-primario-considerado-generador-de-violencia-entre-sonora-y-arizona-sera-extraditado-a-ee-uu\/#breadcrumb"},"inLanguage":"es","potentialAction":[{"@type":"ReadAction","target":["https:\/\/www.sonoraenequipo.com.mx\/cae-objetivo-primario-considerado-generador-de-violencia-entre-sonora-y-arizona-sera-extraditado-a-ee-uu\/"]}]},{"@type":"ImageObject","inLanguage":"es","@id":"https:\/\/www.sonoraenequipo.com.mx\/cae-objetivo-primario-considerado-generador-de-violencia-entre-sonora-y-arizona-sera-extraditado-a-ee-uu\/#primaryimage","url":"https:\/\/www.sonoraenequipo.com.mx\/storage\/2024\/09\/Jose-Baldomero.jpg","contentUrl":"https:\/\/www.sonoraenequipo.com.mx\/storage\/2024\/09\/Jose-Baldomero.jpg","width":600,"height":400},{"@type":"BreadcrumbList","@id":"https:\/\/www.sonoraenequipo.com.mx\/cae-objetivo-primario-considerado-generador-de-violencia-entre-sonora-y-arizona-sera-extraditado-a-ee-uu\/#breadcrumb","itemListElement":[{"@type":"ListItem","position":1,"name":"Portada","item":"https:\/\/www.sonoraenequipo.com.mx\/"},{"@type":"ListItem","position":2,"name":"Cae objetivo primario considerado generador de violencia entre Sonora y Arizona, ser\u00e1 extraditado a EE.UU."}]},{"@type":"WebSite","@id":"https:\/\/www.sonoraenequipo.com.mx\/#website","url":"https:\/\/www.sonoraenequipo.com.mx\/","name":"Sonora en Equipo.","description":"Diario en l\u00ednea con Noticias desde Hermosillo, Sonora","publisher":{"@id":"https:\/\/www.sonoraenequipo.com.mx\/#organization"},"potentialAction":[{"@type":"SearchAction","target":{"@type":"EntryPoint","urlTemplate":"https:\/\/www.sonoraenequipo.com.mx\/?s={search_term_string}"},"query-input":{"@type":"PropertyValueSpecification","valueRequired":true,"valueName":"search_term_string"}}],"inLanguage":"es"},{"@type":"Organization","@id":"https:\/\/www.sonoraenequipo.com.mx\/#organization","name":"Sonoraenequipo.com.mx","url":"https:\/\/www.sonoraenequipo.com.mx\/","logo":{"@type":"ImageObject","inLanguage":"es","@id":"https:\/\/www.sonoraenequipo.com.mx\/#\/schema\/logo\/image\/","url":"https:\/\/www.sonoraenequipo.com.mx\/storage\/2019\/01\/sonoraenequipo_opt.png","contentUrl":"https:\/\/www.sonoraenequipo.com.mx\/storage\/2019\/01\/sonoraenequipo_opt.png","width":375,"height":125,"caption":"Sonoraenequipo.com.mx"},"image":{"@id":"https:\/\/www.sonoraenequipo.com.mx\/#\/schema\/logo\/image\/"},"sameAs":["https:\/\/www.facebook.com\/SonoraEE\/","https:\/\/x.com\/sonoraenequipo","https:\/\/www.youtube.com\/channel\/UC338nW-lPEYmJQs4ZABQ1SQ"]},{"@type":"Person","@id":"https:\/\/www.sonoraenequipo.com.mx\/#\/schema\/person\/50102df0fb23a8fa9e8effad8fa81386","name":"enequipo","image":{"@type":"ImageObject","inLanguage":"es","@id":"https:\/\/www.sonoraenequipo.com.mx\/#\/schema\/person\/image\/","url":"https:\/\/secure.gravatar.com\/avatar\/049821681b589dabc0bc20695993ccebb09f5b5d4d790cd9251b97faac7c652b?s=96&d=blank&r=g","contentUrl":"https:\/\/secure.gravatar.com\/avatar\/049821681b589dabc0bc20695993ccebb09f5b5d4d790cd9251b97faac7c652b?s=96&d=blank&r=g","caption":"enequipo"},"sameAs":["https:\/\/www.facebook.com\/SonoraEE"]}]}},"jetpack_featured_media_url":"https:\/\/www.sonoraenequipo.com.mx\/storage\/2024\/09\/Jose-Baldomero.jpg","_links":{"self":[{"href":"https:\/\/www.sonoraenequipo.com.mx\/api\/wp\/v2\/posts\/198815","targetHints":{"allow":["GET"]}}],"collection":[{"href":"https:\/\/www.sonoraenequipo.com.mx\/api\/wp\/v2\/posts"}],"about":[{"href":"https:\/\/www.sonoraenequipo.com.mx\/api\/wp\/v2\/types\/post"}],"author":[{"embeddable":true,"href":"https:\/\/www.sonoraenequipo.com.mx\/api\/wp\/v2\/users\/1"}],"replies":[{"embeddable":true,"href":"https:\/\/www.sonoraenequipo.com.mx\/api\/wp\/v2\/comments?post=198815"}],"version-history":[{"count":1,"href":"https:\/\/www.sonoraenequipo.com.mx\/api\/wp\/v2\/posts\/198815\/revisions"}],"predecessor-version":[{"id":198817,"href":"https:\/\/www.sonoraenequipo.com.mx\/api\/wp\/v2\/posts\/198815\/revisions\/198817"}],"wp:featuredmedia":[{"embeddable":true,"href":"https:\/\/www.sonoraenequipo.com.mx\/api\/wp\/v2\/media\/198816"}],"wp:attachment":[{"href":"https:\/\/www.sonoraenequipo.com.mx\/api\/wp\/v2\/media?parent=198815"}],"wp:term":[{"taxonomy":"category","embeddable":true,"href":"https:\/\/www.sonoraenequipo.com.mx\/api\/wp\/v2\/categories?post=198815"},{"taxonomy":"post_tag","embeddable":true,"href":"https:\/\/www.sonoraenequipo.com.mx\/api\/wp\/v2\/tags?post=198815"}],"curies":[{"name":"wp","href":"https:\/\/api.w.org\/{rel}","templated":true}]}}