{"id":198818,"date":"2024-09-09T16:52:55","date_gmt":"2024-09-09T23:52:55","guid":{"rendered":"https:\/\/www.sonoraenequipo.com.mx\/?p=198818"},"modified":"2024-09-09T16:52:55","modified_gmt":"2024-09-09T23:52:55","slug":"llama-repuve-sonora-a-aprovechar-ultimos-dias-de-regularizacion-de-vehiculos","status":"publish","type":"post","link":"https:\/\/www.sonoraenequipo.com.mx\/llama-repuve-sonora-a-aprovechar-ultimos-dias-de-regularizacion-de-vehiculos\/","title":{"rendered":"Llama Repuve Sonora a aprovechar \u00faltimos d\u00edas de regularizaci\u00f3n de veh\u00edculos"},"content":{"rendered":"<p><strong>GUAYMAS, SONORA, MX. \u0336 \u0336\u00a0 \u00a0<\/strong>Un llamado a los sonorenses para que aprovechen los \u00faltimos d\u00edas para la regularizaci\u00f3n de autos usados de procedencia extranjera, hizo el Registro P\u00fablico Vehicular (Repuve), dependiente de la Secretar\u00eda de Seguridad P\u00fablica (SSP).<\/p>\n<p>&nbsp;<\/p>\n<p>&nbsp;<\/p>\n<p>&nbsp;<\/p>\n<p>El 30 de septiembre pr\u00f3ximo vence el plazo para hacer este tr\u00e1mite que brinda certeza legal de propiedad, por ello, la importancia de que acudan a los m\u00f3dulos ubicados en Hermosillo, San Luis R\u00edo Colorado y Nogales.<\/p>\n<p>&nbsp;<\/p>\n<p>&nbsp;<\/p>\n<p>&nbsp;<\/p>\n<p>La semana del 9 al 13 de septiembre, el m\u00f3dulo itinerante atender\u00e1 en Guaymas, en el Malec\u00f3n Malpica entre calles 23 y 24 en la colonia Centro, en horario de 8:00 a 15:00 horas.<\/p>\n<p>&nbsp;<\/p>\n<p>&nbsp;<\/p>\n<p>&nbsp;<\/p>\n<p>Los ciudadanos interesados en la regularizaci\u00f3n deben generar cita exclusivamente a trav\u00e9s del portal oficial www.regularizaauto.sspc.gob.mx., siendo este medio, la \u00fanica v\u00eda para iniciar el tr\u00e1mite.<\/p>\n<p>&nbsp;<\/p>\n<p>&nbsp;<\/p>\n<p>&nbsp;<\/p>\n<p>A la fecha, un total de 198 mil 763 mil veh\u00edculos usados de procedencia extranjera han sido regularizados, encabezando las legalizaciones el municipio de Hermosillo.<\/p>\n","protected":false},"excerpt":{"rendered":"<p>GUAYMAS, SONORA, MX. \u0336 \u0336\u00a0 \u00a0Un llamado a los sonorenses para que aprovechen los \u00faltimos&#8230;<\/p>\n","protected":false},"author":1,"featured_media":105349,"comment_status":"open","ping_status":"open","sticky":false,"template":"","format":"standard","meta":{"_monsterinsights_skip_tracking":false,"_monsterinsights_sitenote_active":false,"_monsterinsights_sitenote_note":"","_monsterinsights_sitenote_category":0,"footnotes":""},"categories":[22],"tags":[7531,6007],"class_list":["post"],"yoast_head":" \n<title>Sonora en Equipo. Llama Repuve Sonora a aprovechar \u00faltimos d\u00edas de regularizaci\u00f3n de veh\u00edculos Sonora<\/title>\n<meta name=\"description\" content=\"GUAYMAS, SONORA, MX. \u0336 \u0336\u00a0 \u00a0Un llamado a los sonorenses para que aprovechen los \u00faltimos d\u00edas para la regularizaci\u00f3n de autos usados de procedencia En Sonora en Equipo publicamos toda la informaci\u00f3n de Sonora, M\u00e9xico y el Mundo de manera oportuna y busca que la libertad de expresi\u00f3n sea real. Visita nuestro medio informativo publicado desde Hermosillo, Sonora. %\" \/>\n<meta name=\"robots\" content=\"index, follow, max-snippet:-1, max-image-preview:large, max-video-preview:-1\" \/>\n<link rel=\"canonical\" href=\"https:\/\/www.sonoraenequipo.com.mx\/llama-repuve-sonora-a-aprovechar-ultimos-dias-de-regularizacion-de-vehiculos\/\" \/>\n<meta property=\"og:locale\" content=\"es_ES\" \/>\n<meta property=\"og:type\" content=\"article\" \/>\n<meta property=\"og:title\" content=\"Sonora en Equipo. Llama Repuve Sonora a aprovechar \u00faltimos d\u00edas de regularizaci\u00f3n de veh\u00edculos Sonora\" \/>\n<meta property=\"og:description\" content=\"GUAYMAS, SONORA, MX. \u0336 \u0336\u00a0 \u00a0Un llamado a los sonorenses para que aprovechen los \u00faltimos d\u00edas para la regularizaci\u00f3n de autos usados de procedencia En Sonora en Equipo publicamos toda la informaci\u00f3n de Sonora, M\u00e9xico y el Mundo de manera oportuna y busca que la libertad de expresi\u00f3n sea real. Visita nuestro medio informativo publicado desde Hermosillo, Sonora. %\" \/>\n<meta property=\"og:url\" content=\"https:\/\/www.sonoraenequipo.com.mx\/llama-repuve-sonora-a-aprovechar-ultimos-dias-de-regularizacion-de-vehiculos\/\" \/>\n<meta property=\"og:site_name\" content=\"Sonora en Equipo.\" \/>\n<meta property=\"article:publisher\" content=\"https:\/\/www.facebook.com\/SonoraEE\/\" \/>\n<meta property=\"article:author\" content=\"https:\/\/www.facebook.com\/SonoraEE\" \/>\n<meta property=\"article:published_time\" content=\"2024-09-09T23:52:55+00:00\" \/>\n<meta property=\"og:image\" content=\"https:\/\/www.sonoraenequipo.com.mx\/storage\/2021\/01\/Carros-chuecos-chocolates-pafas_opt.jpg\" \/>\n\t<meta property=\"og:image:width\" content=\"753\" \/>\n\t<meta property=\"og:image:height\" content=\"500\" \/>\n\t<meta property=\"og:image:type\" content=\"image\/jpeg\" \/>\n<meta name=\"author\" content=\"enequipo\" \/>\n<meta name=\"twitter:card\" content=\"summary_large_image\" \/>\n<meta name=\"twitter:creator\" content=\"@sonoraenequipo\" \/>\n<meta name=\"twitter:site\" content=\"@sonoraenequipo\" \/>\n<meta name=\"twitter:label1\" content=\"Escrito por\" \/>\n\t<meta name=\"twitter:data1\" content=\"enequipo\" \/>\n\t<meta name=\"twitter:label2\" content=\"Tiempo de lectura\" \/>\n\t<meta name=\"twitter:data2\" content=\"1 minuto\" \/>\n<script type=\"application\/ld+json\" class=\"yoast-schema-graph\">{\"@context\":\"https:\/\/schema.org\",\"@graph\":[{\"@type\":\"Article\",\"@id\":\"https:\/\/www.sonoraenequipo.com.mx\/llama-repuve-sonora-a-aprovechar-ultimos-dias-de-regularizacion-de-vehiculos\/#article\",\"isPartOf\":{\"@id\":\"https:\/\/www.sonoraenequipo.com.mx\/llama-repuve-sonora-a-aprovechar-ultimos-dias-de-regularizacion-de-vehiculos\/\"},\"author\":{\"name\":\"enequipo\",\"@id\":\"https:\/\/www.sonoraenequipo.com.mx\/#\/schema\/person\/50102df0fb23a8fa9e8effad8fa81386\"},\"headline\":\"Llama Repuve Sonora a aprovechar \u00faltimos d\u00edas de regularizaci\u00f3n de veh\u00edculos\",\"datePublished\":\"2024-09-09T23:52:55+00:00\",\"mainEntityOfPage\":{\"@id\":\"https:\/\/www.sonoraenequipo.com.mx\/llama-repuve-sonora-a-aprovechar-ultimos-dias-de-regularizacion-de-vehiculos\/\"},\"wordCount\":196,\"commentCount\":0,\"publisher\":{\"@id\":\"https:\/\/www.sonoraenequipo.com.mx\/#organization\"},\"image\":{\"@id\":\"https:\/\/www.sonoraenequipo.com.mx\/llama-repuve-sonora-a-aprovechar-ultimos-dias-de-regularizacion-de-vehiculos\/#primaryimage\"},\"thumbnailUrl\":\"https:\/\/www.sonoraenequipo.com.mx\/storage\/2021\/01\/Carros-chuecos-chocolates-pafas_opt.jpg\",\"keywords\":[\"autos chuecos regularizacion\",\"carros\"],\"articleSection\":[\"Sonora\"],\"inLanguage\":\"es\",\"potentialAction\":[{\"@type\":\"CommentAction\",\"name\":\"Comment\",\"target\":[\"https:\/\/www.sonoraenequipo.com.mx\/llama-repuve-sonora-a-aprovechar-ultimos-dias-de-regularizacion-de-vehiculos\/#respond\"]}]},{\"@type\":\"WebPage\",\"@id\":\"https:\/\/www.sonoraenequipo.com.mx\/llama-repuve-sonora-a-aprovechar-ultimos-dias-de-regularizacion-de-vehiculos\/\",\"url\":\"https:\/\/www.sonoraenequipo.com.mx\/llama-repuve-sonora-a-aprovechar-ultimos-dias-de-regularizacion-de-vehiculos\/\",\"name\":\"Sonora en Equipo. Llama Repuve Sonora a aprovechar \u00faltimos d\u00edas de regularizaci\u00f3n de veh\u00edculos Sonora\",\"isPartOf\":{\"@id\":\"https:\/\/www.sonoraenequipo.com.mx\/#website\"},\"primaryImageOfPage\":{\"@id\":\"https:\/\/www.sonoraenequipo.com.mx\/llama-repuve-sonora-a-aprovechar-ultimos-dias-de-regularizacion-de-vehiculos\/#primaryimage\"},\"image\":{\"@id\":\"https:\/\/www.sonoraenequipo.com.mx\/llama-repuve-sonora-a-aprovechar-ultimos-dias-de-regularizacion-de-vehiculos\/#primaryimage\"},\"thumbnailUrl\":\"https:\/\/www.sonoraenequipo.com.mx\/storage\/2021\/01\/Carros-chuecos-chocolates-pafas_opt.jpg\",\"datePublished\":\"2024-09-09T23:52:55+00:00\",\"description\":\"GUAYMAS, SONORA, MX. \u0336 \u0336\u00a0 \u00a0Un llamado a los sonorenses para que aprovechen los \u00faltimos d\u00edas para la regularizaci\u00f3n de autos usados de procedencia En Sonora en Equipo publicamos toda la informaci\u00f3n de Sonora, M\u00e9xico y el Mundo de manera oportuna y busca que la libertad de expresi\u00f3n sea real. Visita nuestro medio informativo publicado desde Hermosillo, Sonora. %\",\"breadcrumb\":{\"@id\":\"https:\/\/www.sonoraenequipo.com.mx\/llama-repuve-sonora-a-aprovechar-ultimos-dias-de-regularizacion-de-vehiculos\/#breadcrumb\"},\"inLanguage\":\"es\",\"potentialAction\":[{\"@type\":\"ReadAction\",\"target\":[\"https:\/\/www.sonoraenequipo.com.mx\/llama-repuve-sonora-a-aprovechar-ultimos-dias-de-regularizacion-de-vehiculos\/\"]}]},{\"@type\":\"ImageObject\",\"inLanguage\":\"es\",\"@id\":\"https:\/\/www.sonoraenequipo.com.mx\/llama-repuve-sonora-a-aprovechar-ultimos-dias-de-regularizacion-de-vehiculos\/#primaryimage\",\"url\":\"https:\/\/www.sonoraenequipo.com.mx\/storage\/2021\/01\/Carros-chuecos-chocolates-pafas_opt.jpg\",\"contentUrl\":\"https:\/\/www.sonoraenequipo.com.mx\/storage\/2021\/01\/Carros-chuecos-chocolates-pafas_opt.jpg\",\"width\":753,\"height\":500},{\"@type\":\"BreadcrumbList\",\"@id\":\"https:\/\/www.sonoraenequipo.com.mx\/llama-repuve-sonora-a-aprovechar-ultimos-dias-de-regularizacion-de-vehiculos\/#breadcrumb\",\"itemListElement\":[{\"@type\":\"ListItem\",\"position\":1,\"name\":\"Portada\",\"item\":\"https:\/\/www.sonoraenequipo.com.mx\/\"},{\"@type\":\"ListItem\",\"position\":2,\"name\":\"Llama Repuve Sonora a aprovechar \u00faltimos d\u00edas de regularizaci\u00f3n de veh\u00edculos\"}]},{\"@type\":\"WebSite\",\"@id\":\"https:\/\/www.sonoraenequipo.com.mx\/#website\",\"url\":\"https:\/\/www.sonoraenequipo.com.mx\/\",\"name\":\"Sonora en Equipo.\",\"description\":\"Diario en l\u00ednea con Noticias desde Hermosillo, Sonora\",\"publisher\":{\"@id\":\"https:\/\/www.sonoraenequipo.com.mx\/#organization\"},\"potentialAction\":[{\"@type\":\"SearchAction\",\"target\":{\"@type\":\"EntryPoint\",\"urlTemplate\":\"https:\/\/www.sonoraenequipo.com.mx\/?s={search_term_string}\"},\"query-input\":{\"@type\":\"PropertyValueSpecification\",\"valueRequired\":true,\"valueName\":\"search_term_string\"}}],\"inLanguage\":\"es\"},{\"@type\":\"Organization\",\"@id\":\"https:\/\/www.sonoraenequipo.com.mx\/#organization\",\"name\":\"Sonoraenequipo.com.mx\",\"url\":\"https:\/\/www.sonoraenequipo.com.mx\/\",\"logo\":{\"@type\":\"ImageObject\",\"inLanguage\":\"es\",\"@id\":\"https:\/\/www.sonoraenequipo.com.mx\/#\/schema\/logo\/image\/\",\"url\":\"https:\/\/www.sonoraenequipo.com.mx\/storage\/2019\/01\/sonoraenequipo_opt.png\",\"contentUrl\":\"https:\/\/www.sonoraenequipo.com.mx\/storage\/2019\/01\/sonoraenequipo_opt.png\",\"width\":375,\"height\":125,\"caption\":\"Sonoraenequipo.com.mx\"},\"image\":{\"@id\":\"https:\/\/www.sonoraenequipo.com.mx\/#\/schema\/logo\/image\/\"},\"sameAs\":[\"https:\/\/www.facebook.com\/SonoraEE\/\",\"https:\/\/x.com\/sonoraenequipo\",\"https:\/\/www.youtube.com\/channel\/UC338nW-lPEYmJQs4ZABQ1SQ\"]},{\"@type\":\"Person\",\"@id\":\"https:\/\/www.sonoraenequipo.com.mx\/#\/schema\/person\/50102df0fb23a8fa9e8effad8fa81386\",\"name\":\"enequipo\",\"image\":{\"@type\":\"ImageObject\",\"inLanguage\":\"es\",\"@id\":\"https:\/\/www.sonoraenequipo.com.mx\/#\/schema\/person\/image\/\",\"url\":\"https:\/\/secure.gravatar.com\/avatar\/049821681b589dabc0bc20695993ccebb09f5b5d4d790cd9251b97faac7c652b?s=96&d=blank&r=g\",\"contentUrl\":\"https:\/\/secure.gravatar.com\/avatar\/049821681b589dabc0bc20695993ccebb09f5b5d4d790cd9251b97faac7c652b?s=96&d=blank&r=g\",\"caption\":\"enequipo\"},\"sameAs\":[\"https:\/\/www.facebook.com\/SonoraEE\"]}]}<\/script>\n ","yoast_head_json":{"title":"Sonora en Equipo. Llama Repuve Sonora a aprovechar \u00faltimos d\u00edas de regularizaci\u00f3n de veh\u00edculos Sonora","description":"GUAYMAS, SONORA, MX. \u0336 \u0336\u00a0 \u00a0Un llamado a los sonorenses para que aprovechen los \u00faltimos d\u00edas para la regularizaci\u00f3n de autos usados de procedencia En Sonora en Equipo publicamos toda la informaci\u00f3n de Sonora, M\u00e9xico y el Mundo de manera oportuna y busca que la libertad de expresi\u00f3n sea real. Visita nuestro medio informativo publicado desde Hermosillo, Sonora. %","robots":{"index":"index","follow":"follow","max-snippet":"max-snippet:-1","max-image-preview":"max-image-preview:large","max-video-preview":"max-video-preview:-1"},"canonical":"https:\/\/www.sonoraenequipo.com.mx\/llama-repuve-sonora-a-aprovechar-ultimos-dias-de-regularizacion-de-vehiculos\/","og_locale":"es_ES","og_type":"article","og_title":"Sonora en Equipo. Llama Repuve Sonora a aprovechar \u00faltimos d\u00edas de regularizaci\u00f3n de veh\u00edculos Sonora","og_description":"GUAYMAS, SONORA, MX. \u0336 \u0336\u00a0 \u00a0Un llamado a los sonorenses para que aprovechen los \u00faltimos d\u00edas para la regularizaci\u00f3n de autos usados de procedencia En Sonora en Equipo publicamos toda la informaci\u00f3n de Sonora, M\u00e9xico y el Mundo de manera oportuna y busca que la libertad de expresi\u00f3n sea real. Visita nuestro medio informativo publicado desde Hermosillo, Sonora. %","og_url":"https:\/\/www.sonoraenequipo.com.mx\/llama-repuve-sonora-a-aprovechar-ultimos-dias-de-regularizacion-de-vehiculos\/","og_site_name":"Sonora en Equipo.","article_publisher":"https:\/\/www.facebook.com\/SonoraEE\/","article_author":"https:\/\/www.facebook.com\/SonoraEE","article_published_time":"2024-09-09T23:52:55+00:00","og_image":[{"width":753,"height":500,"url":"https:\/\/www.sonoraenequipo.com.mx\/storage\/2021\/01\/Carros-chuecos-chocolates-pafas_opt.jpg","type":"image\/jpeg"}],"author":"enequipo","twitter_card":"summary_large_image","twitter_creator":"@sonoraenequipo","twitter_site":"@sonoraenequipo","twitter_misc":{"Escrito por":"enequipo","Tiempo de lectura":"1 minuto"},"schema":{"@context":"https:\/\/schema.org","@graph":[{"@type":"Article","@id":"https:\/\/www.sonoraenequipo.com.mx\/llama-repuve-sonora-a-aprovechar-ultimos-dias-de-regularizacion-de-vehiculos\/#article","isPartOf":{"@id":"https:\/\/www.sonoraenequipo.com.mx\/llama-repuve-sonora-a-aprovechar-ultimos-dias-de-regularizacion-de-vehiculos\/"},"author":{"name":"enequipo","@id":"https:\/\/www.sonoraenequipo.com.mx\/#\/schema\/person\/50102df0fb23a8fa9e8effad8fa81386"},"headline":"Llama Repuve Sonora a aprovechar \u00faltimos d\u00edas de regularizaci\u00f3n de veh\u00edculos","datePublished":"2024-09-09T23:52:55+00:00","mainEntityOfPage":{"@id":"https:\/\/www.sonoraenequipo.com.mx\/llama-repuve-sonora-a-aprovechar-ultimos-dias-de-regularizacion-de-vehiculos\/"},"wordCount":196,"commentCount":0,"publisher":{"@id":"https:\/\/www.sonoraenequipo.com.mx\/#organization"},"image":{"@id":"https:\/\/www.sonoraenequipo.com.mx\/llama-repuve-sonora-a-aprovechar-ultimos-dias-de-regularizacion-de-vehiculos\/#primaryimage"},"thumbnailUrl":"https:\/\/www.sonoraenequipo.com.mx\/storage\/2021\/01\/Carros-chuecos-chocolates-pafas_opt.jpg","keywords":["autos chuecos regularizacion","carros"],"articleSection":["Sonora"],"inLanguage":"es","potentialAction":[{"@type":"CommentAction","name":"Comment","target":["https:\/\/www.sonoraenequipo.com.mx\/llama-repuve-sonora-a-aprovechar-ultimos-dias-de-regularizacion-de-vehiculos\/#respond"]}]},{"@type":"WebPage","@id":"https:\/\/www.sonoraenequipo.com.mx\/llama-repuve-sonora-a-aprovechar-ultimos-dias-de-regularizacion-de-vehiculos\/","url":"https:\/\/www.sonoraenequipo.com.mx\/llama-repuve-sonora-a-aprovechar-ultimos-dias-de-regularizacion-de-vehiculos\/","name":"Sonora en Equipo. Llama Repuve Sonora a aprovechar \u00faltimos d\u00edas de regularizaci\u00f3n de veh\u00edculos Sonora","isPartOf":{"@id":"https:\/\/www.sonoraenequipo.com.mx\/#website"},"primaryImageOfPage":{"@id":"https:\/\/www.sonoraenequipo.com.mx\/llama-repuve-sonora-a-aprovechar-ultimos-dias-de-regularizacion-de-vehiculos\/#primaryimage"},"image":{"@id":"https:\/\/www.sonoraenequipo.com.mx\/llama-repuve-sonora-a-aprovechar-ultimos-dias-de-regularizacion-de-vehiculos\/#primaryimage"},"thumbnailUrl":"https:\/\/www.sonoraenequipo.com.mx\/storage\/2021\/01\/Carros-chuecos-chocolates-pafas_opt.jpg","datePublished":"2024-09-09T23:52:55+00:00","description":"GUAYMAS, SONORA, MX. \u0336 \u0336\u00a0 \u00a0Un llamado a los sonorenses para que aprovechen los \u00faltimos d\u00edas para la regularizaci\u00f3n de autos usados de procedencia En Sonora en Equipo publicamos toda la informaci\u00f3n de Sonora, M\u00e9xico y el Mundo de manera oportuna y busca que la libertad de expresi\u00f3n sea real. Visita nuestro medio informativo publicado desde Hermosillo, Sonora. %","breadcrumb":{"@id":"https:\/\/www.sonoraenequipo.com.mx\/llama-repuve-sonora-a-aprovechar-ultimos-dias-de-regularizacion-de-vehiculos\/#breadcrumb"},"inLanguage":"es","potentialAction":[{"@type":"ReadAction","target":["https:\/\/www.sonoraenequipo.com.mx\/llama-repuve-sonora-a-aprovechar-ultimos-dias-de-regularizacion-de-vehiculos\/"]}]},{"@type":"ImageObject","inLanguage":"es","@id":"https:\/\/www.sonoraenequipo.com.mx\/llama-repuve-sonora-a-aprovechar-ultimos-dias-de-regularizacion-de-vehiculos\/#primaryimage","url":"https:\/\/www.sonoraenequipo.com.mx\/storage\/2021\/01\/Carros-chuecos-chocolates-pafas_opt.jpg","contentUrl":"https:\/\/www.sonoraenequipo.com.mx\/storage\/2021\/01\/Carros-chuecos-chocolates-pafas_opt.jpg","width":753,"height":500},{"@type":"BreadcrumbList","@id":"https:\/\/www.sonoraenequipo.com.mx\/llama-repuve-sonora-a-aprovechar-ultimos-dias-de-regularizacion-de-vehiculos\/#breadcrumb","itemListElement":[{"@type":"ListItem","position":1,"name":"Portada","item":"https:\/\/www.sonoraenequipo.com.mx\/"},{"@type":"ListItem","position":2,"name":"Llama Repuve Sonora a aprovechar \u00faltimos d\u00edas de regularizaci\u00f3n de veh\u00edculos"}]},{"@type":"WebSite","@id":"https:\/\/www.sonoraenequipo.com.mx\/#website","url":"https:\/\/www.sonoraenequipo.com.mx\/","name":"Sonora en Equipo.","description":"Diario en l\u00ednea con Noticias desde Hermosillo, Sonora","publisher":{"@id":"https:\/\/www.sonoraenequipo.com.mx\/#organization"},"potentialAction":[{"@type":"SearchAction","target":{"@type":"EntryPoint","urlTemplate":"https:\/\/www.sonoraenequipo.com.mx\/?s={search_term_string}"},"query-input":{"@type":"PropertyValueSpecification","valueRequired":true,"valueName":"search_term_string"}}],"inLanguage":"es"},{"@type":"Organization","@id":"https:\/\/www.sonoraenequipo.com.mx\/#organization","name":"Sonoraenequipo.com.mx","url":"https:\/\/www.sonoraenequipo.com.mx\/","logo":{"@type":"ImageObject","inLanguage":"es","@id":"https:\/\/www.sonoraenequipo.com.mx\/#\/schema\/logo\/image\/","url":"https:\/\/www.sonoraenequipo.com.mx\/storage\/2019\/01\/sonoraenequipo_opt.png","contentUrl":"https:\/\/www.sonoraenequipo.com.mx\/storage\/2019\/01\/sonoraenequipo_opt.png","width":375,"height":125,"caption":"Sonoraenequipo.com.mx"},"image":{"@id":"https:\/\/www.sonoraenequipo.com.mx\/#\/schema\/logo\/image\/"},"sameAs":["https:\/\/www.facebook.com\/SonoraEE\/","https:\/\/x.com\/sonoraenequipo","https:\/\/www.youtube.com\/channel\/UC338nW-lPEYmJQs4ZABQ1SQ"]},{"@type":"Person","@id":"https:\/\/www.sonoraenequipo.com.mx\/#\/schema\/person\/50102df0fb23a8fa9e8effad8fa81386","name":"enequipo","image":{"@type":"ImageObject","inLanguage":"es","@id":"https:\/\/www.sonoraenequipo.com.mx\/#\/schema\/person\/image\/","url":"https:\/\/secure.gravatar.com\/avatar\/049821681b589dabc0bc20695993ccebb09f5b5d4d790cd9251b97faac7c652b?s=96&d=blank&r=g","contentUrl":"https:\/\/secure.gravatar.com\/avatar\/049821681b589dabc0bc20695993ccebb09f5b5d4d790cd9251b97faac7c652b?s=96&d=blank&r=g","caption":"enequipo"},"sameAs":["https:\/\/www.facebook.com\/SonoraEE"]}]}},"jetpack_featured_media_url":"https:\/\/www.sonoraenequipo.com.mx\/storage\/2021\/01\/Carros-chuecos-chocolates-pafas_opt.jpg","_links":{"self":[{"href":"https:\/\/www.sonoraenequipo.com.mx\/api\/wp\/v2\/posts\/198818","targetHints":{"allow":["GET"]}}],"collection":[{"href":"https:\/\/www.sonoraenequipo.com.mx\/api\/wp\/v2\/posts"}],"about":[{"href":"https:\/\/www.sonoraenequipo.com.mx\/api\/wp\/v2\/types\/post"}],"author":[{"embeddable":true,"href":"https:\/\/www.sonoraenequipo.com.mx\/api\/wp\/v2\/users\/1"}],"replies":[{"embeddable":true,"href":"https:\/\/www.sonoraenequipo.com.mx\/api\/wp\/v2\/comments?post=198818"}],"version-history":[{"count":1,"href":"https:\/\/www.sonoraenequipo.com.mx\/api\/wp\/v2\/posts\/198818\/revisions"}],"predecessor-version":[{"id":198819,"href":"https:\/\/www.sonoraenequipo.com.mx\/api\/wp\/v2\/posts\/198818\/revisions\/198819"}],"wp:featuredmedia":[{"embeddable":true,"href":"https:\/\/www.sonoraenequipo.com.mx\/api\/wp\/v2\/media\/105349"}],"wp:attachment":[{"href":"https:\/\/www.sonoraenequipo.com.mx\/api\/wp\/v2\/media?parent=198818"}],"wp:term":[{"taxonomy":"category","embeddable":true,"href":"https:\/\/www.sonoraenequipo.com.mx\/api\/wp\/v2\/categories?post=198818"},{"taxonomy":"post_tag","embeddable":true,"href":"https:\/\/www.sonoraenequipo.com.mx\/api\/wp\/v2\/tags?post=198818"}],"curies":[{"name":"wp","href":"https:\/\/api.w.org\/{rel}","templated":true}]}}