{"id":198820,"date":"2024-09-09T16:59:23","date_gmt":"2024-09-09T23:59:23","guid":{"rendered":"https:\/\/www.sonoraenequipo.com.mx\/?p=198820"},"modified":"2024-09-09T16:59:23","modified_gmt":"2024-09-09T23:59:23","slug":"estudiantes-normalistas-cultivaran-alimentos-mediante-sistema-de-agricultura-ecologica","status":"publish","type":"post","link":"https:\/\/www.sonoraenequipo.com.mx\/estudiantes-normalistas-cultivaran-alimentos-mediante-sistema-de-agricultura-ecologica\/","title":{"rendered":"Estudiantes normalistas cultivar\u00e1n alimentos mediante sistema de agricultura ecol\u00f3gica"},"content":{"rendered":"<p><strong>NAVOJOA, SONORA, MX.<\/strong><strong> \u0336 \u0336\u00a0 <\/strong>Para aprender a crear huertos escolares con t\u00e9cnicas sustentables, estudiantes del Centro Regional de Educaci\u00f3n Normal \u201cRafael Ram\u00edrez Casta\u00f1eda\u201d (CREN) trabajar\u00e1n durante todo el semestre en un proyecto de composta y cultivo biointensivo.<\/p>\n<p>&nbsp;<\/p>\n<p>&nbsp;<\/p>\n<p>&nbsp;<\/p>\n<p>Margarita Mend\u00edvil Arag\u00f3n, docente a cargo del proyecto, indic\u00f3 que 32 alumnas y alumnos de quinto semestre de la licenciatura en Educaci\u00f3n Primaria realizaron sus primeras siembras de semillas de cilantro, espinaca, zanahoria, betabel, lechuga y lechuga orejona en alm\u00e1cigos, donde podr\u00e1n darles los cuidados necesarios antes de trasplantarlas a su \u00e1rea de cultivo.<\/p>\n<p>&nbsp;<\/p>\n<p>&nbsp;<\/p>\n<p>&nbsp;<\/p>\n<p>El siguiente paso, detall\u00f3, es preparar el lugar donde se ubicar\u00e1 el huerto dentro del plantel, para lo cual deber\u00e1n trabajar la tierra y posteriormente trasplantar las pl\u00e1ntulas de hortalizas.<\/p>\n<p>&nbsp;<\/p>\n<p>&nbsp;<\/p>\n<p>&nbsp;<\/p>\n<p>Al final del semestre, dijo, se espera que las y los futuros docentes implementen un mercado o alg\u00fan otro emprendimiento con los alimentos que logren cultivar, y que en un futuro puedan replicar este conocimiento en sus comunidades.<\/p>\n<p>&nbsp;<\/p>\n<p>&nbsp;<\/p>\n<p>&nbsp;<\/p>\n<p>El proyecto del CREN se desprende del taller de agricultura org\u00e1nica realizado el pasado mes de abril en Tecate, Baja California, con la participaci\u00f3n de estudiantes y docentes del Centro Regional de Formaci\u00f3n Profesional Docente de Sonora (Creson), y se enmarca en la estrategia institucional Creson Sostenible.<\/p>\n<p><strong>Fecha de publicaci\u00f3n lunes 9 de septiembre de 2024<\/strong><\/p>\n<p>&nbsp;<\/p>\n","protected":false},"excerpt":{"rendered":"<p>NAVOJOA, SONORA, MX. \u0336 \u0336\u00a0 Para aprender a crear huertos escolares con t\u00e9cnicas sustentables, estudiantes&#8230;<\/p>\n","protected":false},"author":1,"featured_media":198821,"comment_status":"open","ping_status":"open","sticky":false,"template":"","format":"standard","meta":{"_monsterinsights_skip_tracking":false,"_monsterinsights_sitenote_active":false,"_monsterinsights_sitenote_note":"","_monsterinsights_sitenote_category":0,"footnotes":""},"categories":[2216],"tags":[2861,5789,10236],"class_list":["post"],"yoast_head":" \n<title>Sonora en Equipo. Estudiantes normalistas cultivar\u00e1n alimentos mediante sistema de agricultura ecol\u00f3gica Ciencia y Tecnolog\u00eda<\/title>\n<meta name=\"description\" content=\"NAVOJOA, SONORA, MX. \u0336 \u0336\u00a0 Para aprender a crear huertos escolares con t\u00e9cnicas sustentables, estudiantes del Centro Regional de Educaci\u00f3n Normal \u201cRafael En Sonora en Equipo publicamos toda la informaci\u00f3n de Sonora, M\u00e9xico y el Mundo de manera oportuna y busca que la libertad de expresi\u00f3n sea real. Visita nuestro medio informativo publicado desde Hermosillo, Sonora. %\" \/>\n<meta name=\"robots\" content=\"index, follow, max-snippet:-1, max-image-preview:large, max-video-preview:-1\" \/>\n<link rel=\"canonical\" href=\"https:\/\/www.sonoraenequipo.com.mx\/estudiantes-normalistas-cultivaran-alimentos-mediante-sistema-de-agricultura-ecologica\/\" \/>\n<meta property=\"og:locale\" content=\"es_ES\" \/>\n<meta property=\"og:type\" content=\"article\" \/>\n<meta property=\"og:title\" content=\"Sonora en Equipo. Estudiantes normalistas cultivar\u00e1n alimentos mediante sistema de agricultura ecol\u00f3gica Ciencia y Tecnolog\u00eda\" \/>\n<meta property=\"og:description\" content=\"NAVOJOA, SONORA, MX. \u0336 \u0336\u00a0 Para aprender a crear huertos escolares con t\u00e9cnicas sustentables, estudiantes del Centro Regional de Educaci\u00f3n Normal \u201cRafael En Sonora en Equipo publicamos toda la informaci\u00f3n de Sonora, M\u00e9xico y el Mundo de manera oportuna y busca que la libertad de expresi\u00f3n sea real. Visita nuestro medio informativo publicado desde Hermosillo, Sonora. %\" \/>\n<meta property=\"og:url\" content=\"https:\/\/www.sonoraenequipo.com.mx\/estudiantes-normalistas-cultivaran-alimentos-mediante-sistema-de-agricultura-ecologica\/\" \/>\n<meta property=\"og:site_name\" content=\"Sonora en Equipo.\" \/>\n<meta property=\"article:publisher\" content=\"https:\/\/www.facebook.com\/SonoraEE\/\" \/>\n<meta property=\"article:author\" content=\"https:\/\/www.facebook.com\/SonoraEE\" \/>\n<meta property=\"article:published_time\" content=\"2024-09-09T23:59:23+00:00\" \/>\n<meta property=\"og:image\" content=\"https:\/\/www.sonoraenequipo.com.mx\/storage\/2024\/09\/CRESON-agricultura.jpg\" \/>\n\t<meta property=\"og:image:width\" content=\"600\" \/>\n\t<meta property=\"og:image:height\" content=\"476\" \/>\n\t<meta property=\"og:image:type\" content=\"image\/jpeg\" \/>\n<meta name=\"author\" content=\"enequipo\" \/>\n<meta name=\"twitter:card\" content=\"summary_large_image\" \/>\n<meta name=\"twitter:creator\" content=\"@sonoraenequipo\" \/>\n<meta name=\"twitter:site\" content=\"@sonoraenequipo\" \/>\n<meta name=\"twitter:label1\" content=\"Escrito por\" \/>\n\t<meta name=\"twitter:data1\" content=\"enequipo\" \/>\n\t<meta name=\"twitter:label2\" content=\"Tiempo de lectura\" \/>\n\t<meta name=\"twitter:data2\" content=\"1 minuto\" \/>\n<script type=\"application\/ld+json\" class=\"yoast-schema-graph\">{\"@context\":\"https:\/\/schema.org\",\"@graph\":[{\"@type\":\"Article\",\"@id\":\"https:\/\/www.sonoraenequipo.com.mx\/estudiantes-normalistas-cultivaran-alimentos-mediante-sistema-de-agricultura-ecologica\/#article\",\"isPartOf\":{\"@id\":\"https:\/\/www.sonoraenequipo.com.mx\/estudiantes-normalistas-cultivaran-alimentos-mediante-sistema-de-agricultura-ecologica\/\"},\"author\":{\"name\":\"enequipo\",\"@id\":\"https:\/\/www.sonoraenequipo.com.mx\/#\/schema\/person\/50102df0fb23a8fa9e8effad8fa81386\"},\"headline\":\"Estudiantes normalistas cultivar\u00e1n alimentos mediante sistema de agricultura ecol\u00f3gica\",\"datePublished\":\"2024-09-09T23:59:23+00:00\",\"mainEntityOfPage\":{\"@id\":\"https:\/\/www.sonoraenequipo.com.mx\/estudiantes-normalistas-cultivaran-alimentos-mediante-sistema-de-agricultura-ecologica\/\"},\"wordCount\":252,\"commentCount\":0,\"publisher\":{\"@id\":\"https:\/\/www.sonoraenequipo.com.mx\/#organization\"},\"image\":{\"@id\":\"https:\/\/www.sonoraenequipo.com.mx\/estudiantes-normalistas-cultivaran-alimentos-mediante-sistema-de-agricultura-ecologica\/#primaryimage\"},\"thumbnailUrl\":\"https:\/\/www.sonoraenequipo.com.mx\/storage\/2024\/09\/CRESON-agricultura.jpg\",\"keywords\":[\"Agricultura\",\"creson\",\"ecologica\"],\"articleSection\":[\"Ciencia y Tecnolog\u00eda\"],\"inLanguage\":\"es\",\"potentialAction\":[{\"@type\":\"CommentAction\",\"name\":\"Comment\",\"target\":[\"https:\/\/www.sonoraenequipo.com.mx\/estudiantes-normalistas-cultivaran-alimentos-mediante-sistema-de-agricultura-ecologica\/#respond\"]}]},{\"@type\":\"WebPage\",\"@id\":\"https:\/\/www.sonoraenequipo.com.mx\/estudiantes-normalistas-cultivaran-alimentos-mediante-sistema-de-agricultura-ecologica\/\",\"url\":\"https:\/\/www.sonoraenequipo.com.mx\/estudiantes-normalistas-cultivaran-alimentos-mediante-sistema-de-agricultura-ecologica\/\",\"name\":\"Sonora en Equipo. Estudiantes normalistas cultivar\u00e1n alimentos mediante sistema de agricultura ecol\u00f3gica Ciencia y Tecnolog\u00eda\",\"isPartOf\":{\"@id\":\"https:\/\/www.sonoraenequipo.com.mx\/#website\"},\"primaryImageOfPage\":{\"@id\":\"https:\/\/www.sonoraenequipo.com.mx\/estudiantes-normalistas-cultivaran-alimentos-mediante-sistema-de-agricultura-ecologica\/#primaryimage\"},\"image\":{\"@id\":\"https:\/\/www.sonoraenequipo.com.mx\/estudiantes-normalistas-cultivaran-alimentos-mediante-sistema-de-agricultura-ecologica\/#primaryimage\"},\"thumbnailUrl\":\"https:\/\/www.sonoraenequipo.com.mx\/storage\/2024\/09\/CRESON-agricultura.jpg\",\"datePublished\":\"2024-09-09T23:59:23+00:00\",\"description\":\"NAVOJOA, SONORA, MX. \u0336 \u0336\u00a0 Para aprender a crear huertos escolares con t\u00e9cnicas sustentables, estudiantes del Centro Regional de Educaci\u00f3n Normal \u201cRafael En Sonora en Equipo publicamos toda la informaci\u00f3n de Sonora, M\u00e9xico y el Mundo de manera oportuna y busca que la libertad de expresi\u00f3n sea real. Visita nuestro medio informativo publicado desde Hermosillo, Sonora. %\",\"breadcrumb\":{\"@id\":\"https:\/\/www.sonoraenequipo.com.mx\/estudiantes-normalistas-cultivaran-alimentos-mediante-sistema-de-agricultura-ecologica\/#breadcrumb\"},\"inLanguage\":\"es\",\"potentialAction\":[{\"@type\":\"ReadAction\",\"target\":[\"https:\/\/www.sonoraenequipo.com.mx\/estudiantes-normalistas-cultivaran-alimentos-mediante-sistema-de-agricultura-ecologica\/\"]}]},{\"@type\":\"ImageObject\",\"inLanguage\":\"es\",\"@id\":\"https:\/\/www.sonoraenequipo.com.mx\/estudiantes-normalistas-cultivaran-alimentos-mediante-sistema-de-agricultura-ecologica\/#primaryimage\",\"url\":\"https:\/\/www.sonoraenequipo.com.mx\/storage\/2024\/09\/CRESON-agricultura.jpg\",\"contentUrl\":\"https:\/\/www.sonoraenequipo.com.mx\/storage\/2024\/09\/CRESON-agricultura.jpg\",\"width\":600,\"height\":476},{\"@type\":\"BreadcrumbList\",\"@id\":\"https:\/\/www.sonoraenequipo.com.mx\/estudiantes-normalistas-cultivaran-alimentos-mediante-sistema-de-agricultura-ecologica\/#breadcrumb\",\"itemListElement\":[{\"@type\":\"ListItem\",\"position\":1,\"name\":\"Portada\",\"item\":\"https:\/\/www.sonoraenequipo.com.mx\/\"},{\"@type\":\"ListItem\",\"position\":2,\"name\":\"Estudiantes normalistas cultivar\u00e1n alimentos mediante sistema de agricultura ecol\u00f3gica\"}]},{\"@type\":\"WebSite\",\"@id\":\"https:\/\/www.sonoraenequipo.com.mx\/#website\",\"url\":\"https:\/\/www.sonoraenequipo.com.mx\/\",\"name\":\"Sonora en Equipo.\",\"description\":\"Diario en l\u00ednea con Noticias desde Hermosillo, Sonora\",\"publisher\":{\"@id\":\"https:\/\/www.sonoraenequipo.com.mx\/#organization\"},\"potentialAction\":[{\"@type\":\"SearchAction\",\"target\":{\"@type\":\"EntryPoint\",\"urlTemplate\":\"https:\/\/www.sonoraenequipo.com.mx\/?s={search_term_string}\"},\"query-input\":{\"@type\":\"PropertyValueSpecification\",\"valueRequired\":true,\"valueName\":\"search_term_string\"}}],\"inLanguage\":\"es\"},{\"@type\":\"Organization\",\"@id\":\"https:\/\/www.sonoraenequipo.com.mx\/#organization\",\"name\":\"Sonoraenequipo.com.mx\",\"url\":\"https:\/\/www.sonoraenequipo.com.mx\/\",\"logo\":{\"@type\":\"ImageObject\",\"inLanguage\":\"es\",\"@id\":\"https:\/\/www.sonoraenequipo.com.mx\/#\/schema\/logo\/image\/\",\"url\":\"https:\/\/www.sonoraenequipo.com.mx\/storage\/2019\/01\/sonoraenequipo_opt.png\",\"contentUrl\":\"https:\/\/www.sonoraenequipo.com.mx\/storage\/2019\/01\/sonoraenequipo_opt.png\",\"width\":375,\"height\":125,\"caption\":\"Sonoraenequipo.com.mx\"},\"image\":{\"@id\":\"https:\/\/www.sonoraenequipo.com.mx\/#\/schema\/logo\/image\/\"},\"sameAs\":[\"https:\/\/www.facebook.com\/SonoraEE\/\",\"https:\/\/x.com\/sonoraenequipo\",\"https:\/\/www.youtube.com\/channel\/UC338nW-lPEYmJQs4ZABQ1SQ\"]},{\"@type\":\"Person\",\"@id\":\"https:\/\/www.sonoraenequipo.com.mx\/#\/schema\/person\/50102df0fb23a8fa9e8effad8fa81386\",\"name\":\"enequipo\",\"image\":{\"@type\":\"ImageObject\",\"inLanguage\":\"es\",\"@id\":\"https:\/\/www.sonoraenequipo.com.mx\/#\/schema\/person\/image\/\",\"url\":\"https:\/\/secure.gravatar.com\/avatar\/049821681b589dabc0bc20695993ccebb09f5b5d4d790cd9251b97faac7c652b?s=96&d=blank&r=g\",\"contentUrl\":\"https:\/\/secure.gravatar.com\/avatar\/049821681b589dabc0bc20695993ccebb09f5b5d4d790cd9251b97faac7c652b?s=96&d=blank&r=g\",\"caption\":\"enequipo\"},\"sameAs\":[\"https:\/\/www.facebook.com\/SonoraEE\"]}]}<\/script>\n ","yoast_head_json":{"title":"Sonora en Equipo. Estudiantes normalistas cultivar\u00e1n alimentos mediante sistema de agricultura ecol\u00f3gica Ciencia y Tecnolog\u00eda","description":"NAVOJOA, SONORA, MX. \u0336 \u0336\u00a0 Para aprender a crear huertos escolares con t\u00e9cnicas sustentables, estudiantes del Centro Regional de Educaci\u00f3n Normal \u201cRafael En Sonora en Equipo publicamos toda la informaci\u00f3n de Sonora, M\u00e9xico y el Mundo de manera oportuna y busca que la libertad de expresi\u00f3n sea real. Visita nuestro medio informativo publicado desde Hermosillo, Sonora. %","robots":{"index":"index","follow":"follow","max-snippet":"max-snippet:-1","max-image-preview":"max-image-preview:large","max-video-preview":"max-video-preview:-1"},"canonical":"https:\/\/www.sonoraenequipo.com.mx\/estudiantes-normalistas-cultivaran-alimentos-mediante-sistema-de-agricultura-ecologica\/","og_locale":"es_ES","og_type":"article","og_title":"Sonora en Equipo. Estudiantes normalistas cultivar\u00e1n alimentos mediante sistema de agricultura ecol\u00f3gica Ciencia y Tecnolog\u00eda","og_description":"NAVOJOA, SONORA, MX. \u0336 \u0336\u00a0 Para aprender a crear huertos escolares con t\u00e9cnicas sustentables, estudiantes del Centro Regional de Educaci\u00f3n Normal \u201cRafael En Sonora en Equipo publicamos toda la informaci\u00f3n de Sonora, M\u00e9xico y el Mundo de manera oportuna y busca que la libertad de expresi\u00f3n sea real. Visita nuestro medio informativo publicado desde Hermosillo, Sonora. %","og_url":"https:\/\/www.sonoraenequipo.com.mx\/estudiantes-normalistas-cultivaran-alimentos-mediante-sistema-de-agricultura-ecologica\/","og_site_name":"Sonora en Equipo.","article_publisher":"https:\/\/www.facebook.com\/SonoraEE\/","article_author":"https:\/\/www.facebook.com\/SonoraEE","article_published_time":"2024-09-09T23:59:23+00:00","og_image":[{"width":600,"height":476,"url":"https:\/\/www.sonoraenequipo.com.mx\/storage\/2024\/09\/CRESON-agricultura.jpg","type":"image\/jpeg"}],"author":"enequipo","twitter_card":"summary_large_image","twitter_creator":"@sonoraenequipo","twitter_site":"@sonoraenequipo","twitter_misc":{"Escrito por":"enequipo","Tiempo de lectura":"1 minuto"},"schema":{"@context":"https:\/\/schema.org","@graph":[{"@type":"Article","@id":"https:\/\/www.sonoraenequipo.com.mx\/estudiantes-normalistas-cultivaran-alimentos-mediante-sistema-de-agricultura-ecologica\/#article","isPartOf":{"@id":"https:\/\/www.sonoraenequipo.com.mx\/estudiantes-normalistas-cultivaran-alimentos-mediante-sistema-de-agricultura-ecologica\/"},"author":{"name":"enequipo","@id":"https:\/\/www.sonoraenequipo.com.mx\/#\/schema\/person\/50102df0fb23a8fa9e8effad8fa81386"},"headline":"Estudiantes normalistas cultivar\u00e1n alimentos mediante sistema de agricultura ecol\u00f3gica","datePublished":"2024-09-09T23:59:23+00:00","mainEntityOfPage":{"@id":"https:\/\/www.sonoraenequipo.com.mx\/estudiantes-normalistas-cultivaran-alimentos-mediante-sistema-de-agricultura-ecologica\/"},"wordCount":252,"commentCount":0,"publisher":{"@id":"https:\/\/www.sonoraenequipo.com.mx\/#organization"},"image":{"@id":"https:\/\/www.sonoraenequipo.com.mx\/estudiantes-normalistas-cultivaran-alimentos-mediante-sistema-de-agricultura-ecologica\/#primaryimage"},"thumbnailUrl":"https:\/\/www.sonoraenequipo.com.mx\/storage\/2024\/09\/CRESON-agricultura.jpg","keywords":["Agricultura","creson","ecologica"],"articleSection":["Ciencia y Tecnolog\u00eda"],"inLanguage":"es","potentialAction":[{"@type":"CommentAction","name":"Comment","target":["https:\/\/www.sonoraenequipo.com.mx\/estudiantes-normalistas-cultivaran-alimentos-mediante-sistema-de-agricultura-ecologica\/#respond"]}]},{"@type":"WebPage","@id":"https:\/\/www.sonoraenequipo.com.mx\/estudiantes-normalistas-cultivaran-alimentos-mediante-sistema-de-agricultura-ecologica\/","url":"https:\/\/www.sonoraenequipo.com.mx\/estudiantes-normalistas-cultivaran-alimentos-mediante-sistema-de-agricultura-ecologica\/","name":"Sonora en Equipo. Estudiantes normalistas cultivar\u00e1n alimentos mediante sistema de agricultura ecol\u00f3gica Ciencia y Tecnolog\u00eda","isPartOf":{"@id":"https:\/\/www.sonoraenequipo.com.mx\/#website"},"primaryImageOfPage":{"@id":"https:\/\/www.sonoraenequipo.com.mx\/estudiantes-normalistas-cultivaran-alimentos-mediante-sistema-de-agricultura-ecologica\/#primaryimage"},"image":{"@id":"https:\/\/www.sonoraenequipo.com.mx\/estudiantes-normalistas-cultivaran-alimentos-mediante-sistema-de-agricultura-ecologica\/#primaryimage"},"thumbnailUrl":"https:\/\/www.sonoraenequipo.com.mx\/storage\/2024\/09\/CRESON-agricultura.jpg","datePublished":"2024-09-09T23:59:23+00:00","description":"NAVOJOA, SONORA, MX. \u0336 \u0336\u00a0 Para aprender a crear huertos escolares con t\u00e9cnicas sustentables, estudiantes del Centro Regional de Educaci\u00f3n Normal \u201cRafael En Sonora en Equipo publicamos toda la informaci\u00f3n de Sonora, M\u00e9xico y el Mundo de manera oportuna y busca que la libertad de expresi\u00f3n sea real. Visita nuestro medio informativo publicado desde Hermosillo, Sonora. %","breadcrumb":{"@id":"https:\/\/www.sonoraenequipo.com.mx\/estudiantes-normalistas-cultivaran-alimentos-mediante-sistema-de-agricultura-ecologica\/#breadcrumb"},"inLanguage":"es","potentialAction":[{"@type":"ReadAction","target":["https:\/\/www.sonoraenequipo.com.mx\/estudiantes-normalistas-cultivaran-alimentos-mediante-sistema-de-agricultura-ecologica\/"]}]},{"@type":"ImageObject","inLanguage":"es","@id":"https:\/\/www.sonoraenequipo.com.mx\/estudiantes-normalistas-cultivaran-alimentos-mediante-sistema-de-agricultura-ecologica\/#primaryimage","url":"https:\/\/www.sonoraenequipo.com.mx\/storage\/2024\/09\/CRESON-agricultura.jpg","contentUrl":"https:\/\/www.sonoraenequipo.com.mx\/storage\/2024\/09\/CRESON-agricultura.jpg","width":600,"height":476},{"@type":"BreadcrumbList","@id":"https:\/\/www.sonoraenequipo.com.mx\/estudiantes-normalistas-cultivaran-alimentos-mediante-sistema-de-agricultura-ecologica\/#breadcrumb","itemListElement":[{"@type":"ListItem","position":1,"name":"Portada","item":"https:\/\/www.sonoraenequipo.com.mx\/"},{"@type":"ListItem","position":2,"name":"Estudiantes normalistas cultivar\u00e1n alimentos mediante sistema de agricultura ecol\u00f3gica"}]},{"@type":"WebSite","@id":"https:\/\/www.sonoraenequipo.com.mx\/#website","url":"https:\/\/www.sonoraenequipo.com.mx\/","name":"Sonora en Equipo.","description":"Diario en l\u00ednea con Noticias desde Hermosillo, Sonora","publisher":{"@id":"https:\/\/www.sonoraenequipo.com.mx\/#organization"},"potentialAction":[{"@type":"SearchAction","target":{"@type":"EntryPoint","urlTemplate":"https:\/\/www.sonoraenequipo.com.mx\/?s={search_term_string}"},"query-input":{"@type":"PropertyValueSpecification","valueRequired":true,"valueName":"search_term_string"}}],"inLanguage":"es"},{"@type":"Organization","@id":"https:\/\/www.sonoraenequipo.com.mx\/#organization","name":"Sonoraenequipo.com.mx","url":"https:\/\/www.sonoraenequipo.com.mx\/","logo":{"@type":"ImageObject","inLanguage":"es","@id":"https:\/\/www.sonoraenequipo.com.mx\/#\/schema\/logo\/image\/","url":"https:\/\/www.sonoraenequipo.com.mx\/storage\/2019\/01\/sonoraenequipo_opt.png","contentUrl":"https:\/\/www.sonoraenequipo.com.mx\/storage\/2019\/01\/sonoraenequipo_opt.png","width":375,"height":125,"caption":"Sonoraenequipo.com.mx"},"image":{"@id":"https:\/\/www.sonoraenequipo.com.mx\/#\/schema\/logo\/image\/"},"sameAs":["https:\/\/www.facebook.com\/SonoraEE\/","https:\/\/x.com\/sonoraenequipo","https:\/\/www.youtube.com\/channel\/UC338nW-lPEYmJQs4ZABQ1SQ"]},{"@type":"Person","@id":"https:\/\/www.sonoraenequipo.com.mx\/#\/schema\/person\/50102df0fb23a8fa9e8effad8fa81386","name":"enequipo","image":{"@type":"ImageObject","inLanguage":"es","@id":"https:\/\/www.sonoraenequipo.com.mx\/#\/schema\/person\/image\/","url":"https:\/\/secure.gravatar.com\/avatar\/049821681b589dabc0bc20695993ccebb09f5b5d4d790cd9251b97faac7c652b?s=96&d=blank&r=g","contentUrl":"https:\/\/secure.gravatar.com\/avatar\/049821681b589dabc0bc20695993ccebb09f5b5d4d790cd9251b97faac7c652b?s=96&d=blank&r=g","caption":"enequipo"},"sameAs":["https:\/\/www.facebook.com\/SonoraEE"]}]}},"jetpack_featured_media_url":"https:\/\/www.sonoraenequipo.com.mx\/storage\/2024\/09\/CRESON-agricultura.jpg","_links":{"self":[{"href":"https:\/\/www.sonoraenequipo.com.mx\/api\/wp\/v2\/posts\/198820","targetHints":{"allow":["GET"]}}],"collection":[{"href":"https:\/\/www.sonoraenequipo.com.mx\/api\/wp\/v2\/posts"}],"about":[{"href":"https:\/\/www.sonoraenequipo.com.mx\/api\/wp\/v2\/types\/post"}],"author":[{"embeddable":true,"href":"https:\/\/www.sonoraenequipo.com.mx\/api\/wp\/v2\/users\/1"}],"replies":[{"embeddable":true,"href":"https:\/\/www.sonoraenequipo.com.mx\/api\/wp\/v2\/comments?post=198820"}],"version-history":[{"count":1,"href":"https:\/\/www.sonoraenequipo.com.mx\/api\/wp\/v2\/posts\/198820\/revisions"}],"predecessor-version":[{"id":198822,"href":"https:\/\/www.sonoraenequipo.com.mx\/api\/wp\/v2\/posts\/198820\/revisions\/198822"}],"wp:featuredmedia":[{"embeddable":true,"href":"https:\/\/www.sonoraenequipo.com.mx\/api\/wp\/v2\/media\/198821"}],"wp:attachment":[{"href":"https:\/\/www.sonoraenequipo.com.mx\/api\/wp\/v2\/media?parent=198820"}],"wp:term":[{"taxonomy":"category","embeddable":true,"href":"https:\/\/www.sonoraenequipo.com.mx\/api\/wp\/v2\/categories?post=198820"},{"taxonomy":"post_tag","embeddable":true,"href":"https:\/\/www.sonoraenequipo.com.mx\/api\/wp\/v2\/tags?post=198820"}],"curies":[{"name":"wp","href":"https:\/\/api.w.org\/{rel}","templated":true}]}}