{"id":198829,"date":"2024-09-09T19:22:43","date_gmt":"2024-09-10T02:22:43","guid":{"rendered":"https:\/\/www.sonoraenequipo.com.mx\/?p=198829"},"modified":"2024-09-09T19:22:43","modified_gmt":"2024-09-10T02:22:43","slug":"sonora-brilla-en-canada-inauguran-casa-sonora-en-ottawa","status":"publish","type":"post","link":"https:\/\/www.sonoraenequipo.com.mx\/sonora-brilla-en-canada-inauguran-casa-sonora-en-ottawa\/","title":{"rendered":"Sonora Brilla en Canad\u00e1: Inauguran Casa Sonora en Ottawa"},"content":{"rendered":"<p><strong>OTTAWA, CANADA.<\/strong> \u2014 El Gobierno de Sonora, a trav\u00e9s de la Secretar\u00eda de Turismo (Sectur), inaugur\u00f3 este lunes la Casa Sonora, dentro de la Embajada de M\u00e9xico en Ottawa, en el marco de la Semana de M\u00e9xico en Canad\u00e1.<\/p>\n<p>&nbsp;<\/p>\n<p>&nbsp;<\/p>\n<p>&nbsp;<\/p>\n<p>La Casa Sonora es un espacio de exhibici\u00f3n del estado de Sonora donde los asistentes, durante la semana del 9 al 15 de septiembre, podr\u00e1n disfrutar de artesan\u00edas de los pueblos originarios, fotograf\u00edas, cortometrajes sonorenses, din\u00e1micas, talleres y degustaciones gastron\u00f3micas, adem\u00e1s de conocer la bebida t\u00edpica de la regi\u00f3n, el bacanora.<\/p>\n<p>&nbsp;<\/p>\n<p>&nbsp;<\/p>\n<p>&nbsp;<\/p>\n<p>El secretario de Turismo del Estado, Roberto Gradillas Pineda, dijo sentirse muy agradecido con la Embajada de M\u00e9xico en Ottawa, por la atenta invitaci\u00f3n que permitir\u00e1 promover el estado con su oferta tur\u00edstica y sus productos, pero m\u00e1s all\u00e1 de eso, demostrarle a toda la comunidad mexicana la presencia de un estado como lo es Sonora.<\/p>\n<p>&nbsp;<\/p>\n<p>&nbsp;<\/p>\n<p>\u201cGracias al gran trabajo que ha hecho el gobernador Alfonso Durazo en materia tur\u00edstica, con su visi\u00f3n y su gesti\u00f3n, hoy estamos promoviendo este estado maravilloso con una rica gastronom\u00eda, una importante historia, unas tradiciones que se descubrieron a trav\u00e9s de sus etnias ind\u00edgenas, pero sobre todo algo que lo hace especial, es la calidad humana de los sonorenses que siempre nos distingue\u201d, expres\u00f3 Gradillas Pineda.<\/p>\n<p>&nbsp;<\/p>\n<p>&nbsp;<\/p>\n<p>&nbsp;<\/p>\n<p>El objetivo de la participaci\u00f3n de Sonora es el fomento de las relaciones comerciales, econ\u00f3micas, culturales y tur\u00edsticas del estado, mediante una extensa promoci\u00f3n de nuestros destinos y las maravillas que se tienen para ofrecer ante el mercado canadiense.<\/p>\n<p><strong>Fecha de publicaci\u00f3n lunes 9 de septiembre de 2024<\/strong><\/p>\n<p>&nbsp;<\/p>\n","protected":false},"excerpt":{"rendered":"<p>OTTAWA, CANADA. \u2014 El Gobierno de Sonora, a trav\u00e9s de la Secretar\u00eda de Turismo (Sectur),&#8230;<\/p>\n","protected":false},"author":1,"featured_media":198830,"comment_status":"open","ping_status":"open","sticky":false,"template":"","format":"standard","meta":{"_monsterinsights_skip_tracking":false,"_monsterinsights_sitenote_active":false,"_monsterinsights_sitenote_note":"","_monsterinsights_sitenote_category":0,"footnotes":""},"categories":[22],"tags":[1557,6896,15],"class_list":["post"],"yoast_head":" \n<title>Sonora en Equipo. Sonora Brilla en Canad\u00e1: Inauguran Casa Sonora en Ottawa Sonora<\/title>\n<meta name=\"description\" content=\"OTTAWA, CANADA. \u2014 El Gobierno de Sonora, a trav\u00e9s de la Secretar\u00eda de Turismo (Sectur), inaugur\u00f3 este lunes la Casa Sonora, dentro de la Embajada de En Sonora en Equipo publicamos toda la informaci\u00f3n de Sonora, M\u00e9xico y el Mundo de manera oportuna y busca que la libertad de expresi\u00f3n sea real. Visita nuestro medio informativo publicado desde Hermosillo, Sonora. %\" \/>\n<meta name=\"robots\" content=\"index, follow, max-snippet:-1, max-image-preview:large, max-video-preview:-1\" \/>\n<link rel=\"canonical\" href=\"https:\/\/www.sonoraenequipo.com.mx\/sonora-brilla-en-canada-inauguran-casa-sonora-en-ottawa\/\" \/>\n<meta property=\"og:locale\" content=\"es_ES\" \/>\n<meta property=\"og:type\" content=\"article\" \/>\n<meta property=\"og:title\" content=\"Sonora en Equipo. Sonora Brilla en Canad\u00e1: Inauguran Casa Sonora en Ottawa Sonora\" \/>\n<meta property=\"og:description\" content=\"OTTAWA, CANADA. \u2014 El Gobierno de Sonora, a trav\u00e9s de la Secretar\u00eda de Turismo (Sectur), inaugur\u00f3 este lunes la Casa Sonora, dentro de la Embajada de En Sonora en Equipo publicamos toda la informaci\u00f3n de Sonora, M\u00e9xico y el Mundo de manera oportuna y busca que la libertad de expresi\u00f3n sea real. Visita nuestro medio informativo publicado desde Hermosillo, Sonora. %\" \/>\n<meta property=\"og:url\" content=\"https:\/\/www.sonoraenequipo.com.mx\/sonora-brilla-en-canada-inauguran-casa-sonora-en-ottawa\/\" \/>\n<meta property=\"og:site_name\" content=\"Sonora en Equipo.\" \/>\n<meta property=\"article:publisher\" content=\"https:\/\/www.facebook.com\/SonoraEE\/\" \/>\n<meta property=\"article:author\" content=\"https:\/\/www.facebook.com\/SonoraEE\" \/>\n<meta property=\"article:published_time\" content=\"2024-09-10T02:22:43+00:00\" \/>\n<meta property=\"og:image\" content=\"https:\/\/www.sonoraenequipo.com.mx\/storage\/2024\/09\/casa-sonora-canada.jpg\" \/>\n\t<meta property=\"og:image:width\" content=\"600\" \/>\n\t<meta property=\"og:image:height\" content=\"400\" \/>\n\t<meta property=\"og:image:type\" content=\"image\/jpeg\" \/>\n<meta name=\"author\" content=\"enequipo\" \/>\n<meta name=\"twitter:card\" content=\"summary_large_image\" \/>\n<meta name=\"twitter:creator\" content=\"@sonoraenequipo\" \/>\n<meta name=\"twitter:site\" content=\"@sonoraenequipo\" \/>\n<meta name=\"twitter:label1\" content=\"Escrito por\" \/>\n\t<meta name=\"twitter:data1\" content=\"enequipo\" \/>\n\t<meta name=\"twitter:label2\" content=\"Tiempo de lectura\" \/>\n\t<meta name=\"twitter:data2\" content=\"1 minuto\" \/>\n<script type=\"application\/ld+json\" class=\"yoast-schema-graph\">{\"@context\":\"https:\/\/schema.org\",\"@graph\":[{\"@type\":\"Article\",\"@id\":\"https:\/\/www.sonoraenequipo.com.mx\/sonora-brilla-en-canada-inauguran-casa-sonora-en-ottawa\/#article\",\"isPartOf\":{\"@id\":\"https:\/\/www.sonoraenequipo.com.mx\/sonora-brilla-en-canada-inauguran-casa-sonora-en-ottawa\/\"},\"author\":{\"name\":\"enequipo\",\"@id\":\"https:\/\/www.sonoraenequipo.com.mx\/#\/schema\/person\/50102df0fb23a8fa9e8effad8fa81386\"},\"headline\":\"Sonora Brilla en Canad\u00e1: Inauguran Casa Sonora en Ottawa\",\"datePublished\":\"2024-09-10T02:22:43+00:00\",\"mainEntityOfPage\":{\"@id\":\"https:\/\/www.sonoraenequipo.com.mx\/sonora-brilla-en-canada-inauguran-casa-sonora-en-ottawa\/\"},\"wordCount\":304,\"commentCount\":0,\"publisher\":{\"@id\":\"https:\/\/www.sonoraenequipo.com.mx\/#organization\"},\"image\":{\"@id\":\"https:\/\/www.sonoraenequipo.com.mx\/sonora-brilla-en-canada-inauguran-casa-sonora-en-ottawa\/#primaryimage\"},\"thumbnailUrl\":\"https:\/\/www.sonoraenequipo.com.mx\/storage\/2024\/09\/casa-sonora-canada.jpg\",\"keywords\":[\"CANAD\u00c1\",\"casa\",\"Sonora\"],\"articleSection\":[\"Sonora\"],\"inLanguage\":\"es\",\"potentialAction\":[{\"@type\":\"CommentAction\",\"name\":\"Comment\",\"target\":[\"https:\/\/www.sonoraenequipo.com.mx\/sonora-brilla-en-canada-inauguran-casa-sonora-en-ottawa\/#respond\"]}]},{\"@type\":\"WebPage\",\"@id\":\"https:\/\/www.sonoraenequipo.com.mx\/sonora-brilla-en-canada-inauguran-casa-sonora-en-ottawa\/\",\"url\":\"https:\/\/www.sonoraenequipo.com.mx\/sonora-brilla-en-canada-inauguran-casa-sonora-en-ottawa\/\",\"name\":\"Sonora en Equipo. Sonora Brilla en Canad\u00e1: Inauguran Casa Sonora en Ottawa Sonora\",\"isPartOf\":{\"@id\":\"https:\/\/www.sonoraenequipo.com.mx\/#website\"},\"primaryImageOfPage\":{\"@id\":\"https:\/\/www.sonoraenequipo.com.mx\/sonora-brilla-en-canada-inauguran-casa-sonora-en-ottawa\/#primaryimage\"},\"image\":{\"@id\":\"https:\/\/www.sonoraenequipo.com.mx\/sonora-brilla-en-canada-inauguran-casa-sonora-en-ottawa\/#primaryimage\"},\"thumbnailUrl\":\"https:\/\/www.sonoraenequipo.com.mx\/storage\/2024\/09\/casa-sonora-canada.jpg\",\"datePublished\":\"2024-09-10T02:22:43+00:00\",\"description\":\"OTTAWA, CANADA. \u2014 El Gobierno de Sonora, a trav\u00e9s de la Secretar\u00eda de Turismo (Sectur), inaugur\u00f3 este lunes la Casa Sonora, dentro de la Embajada de En Sonora en Equipo publicamos toda la informaci\u00f3n de Sonora, M\u00e9xico y el Mundo de manera oportuna y busca que la libertad de expresi\u00f3n sea real. Visita nuestro medio informativo publicado desde Hermosillo, Sonora. %\",\"breadcrumb\":{\"@id\":\"https:\/\/www.sonoraenequipo.com.mx\/sonora-brilla-en-canada-inauguran-casa-sonora-en-ottawa\/#breadcrumb\"},\"inLanguage\":\"es\",\"potentialAction\":[{\"@type\":\"ReadAction\",\"target\":[\"https:\/\/www.sonoraenequipo.com.mx\/sonora-brilla-en-canada-inauguran-casa-sonora-en-ottawa\/\"]}]},{\"@type\":\"ImageObject\",\"inLanguage\":\"es\",\"@id\":\"https:\/\/www.sonoraenequipo.com.mx\/sonora-brilla-en-canada-inauguran-casa-sonora-en-ottawa\/#primaryimage\",\"url\":\"https:\/\/www.sonoraenequipo.com.mx\/storage\/2024\/09\/casa-sonora-canada.jpg\",\"contentUrl\":\"https:\/\/www.sonoraenequipo.com.mx\/storage\/2024\/09\/casa-sonora-canada.jpg\",\"width\":600,\"height\":400},{\"@type\":\"BreadcrumbList\",\"@id\":\"https:\/\/www.sonoraenequipo.com.mx\/sonora-brilla-en-canada-inauguran-casa-sonora-en-ottawa\/#breadcrumb\",\"itemListElement\":[{\"@type\":\"ListItem\",\"position\":1,\"name\":\"Portada\",\"item\":\"https:\/\/www.sonoraenequipo.com.mx\/\"},{\"@type\":\"ListItem\",\"position\":2,\"name\":\"Sonora Brilla en Canad\u00e1: Inauguran Casa Sonora en Ottawa\"}]},{\"@type\":\"WebSite\",\"@id\":\"https:\/\/www.sonoraenequipo.com.mx\/#website\",\"url\":\"https:\/\/www.sonoraenequipo.com.mx\/\",\"name\":\"Sonora en Equipo.\",\"description\":\"Diario en l\u00ednea con Noticias desde Hermosillo, Sonora\",\"publisher\":{\"@id\":\"https:\/\/www.sonoraenequipo.com.mx\/#organization\"},\"potentialAction\":[{\"@type\":\"SearchAction\",\"target\":{\"@type\":\"EntryPoint\",\"urlTemplate\":\"https:\/\/www.sonoraenequipo.com.mx\/?s={search_term_string}\"},\"query-input\":{\"@type\":\"PropertyValueSpecification\",\"valueRequired\":true,\"valueName\":\"search_term_string\"}}],\"inLanguage\":\"es\"},{\"@type\":\"Organization\",\"@id\":\"https:\/\/www.sonoraenequipo.com.mx\/#organization\",\"name\":\"Sonoraenequipo.com.mx\",\"url\":\"https:\/\/www.sonoraenequipo.com.mx\/\",\"logo\":{\"@type\":\"ImageObject\",\"inLanguage\":\"es\",\"@id\":\"https:\/\/www.sonoraenequipo.com.mx\/#\/schema\/logo\/image\/\",\"url\":\"https:\/\/www.sonoraenequipo.com.mx\/storage\/2019\/01\/sonoraenequipo_opt.png\",\"contentUrl\":\"https:\/\/www.sonoraenequipo.com.mx\/storage\/2019\/01\/sonoraenequipo_opt.png\",\"width\":375,\"height\":125,\"caption\":\"Sonoraenequipo.com.mx\"},\"image\":{\"@id\":\"https:\/\/www.sonoraenequipo.com.mx\/#\/schema\/logo\/image\/\"},\"sameAs\":[\"https:\/\/www.facebook.com\/SonoraEE\/\",\"https:\/\/x.com\/sonoraenequipo\",\"https:\/\/www.youtube.com\/channel\/UC338nW-lPEYmJQs4ZABQ1SQ\"]},{\"@type\":\"Person\",\"@id\":\"https:\/\/www.sonoraenequipo.com.mx\/#\/schema\/person\/50102df0fb23a8fa9e8effad8fa81386\",\"name\":\"enequipo\",\"image\":{\"@type\":\"ImageObject\",\"inLanguage\":\"es\",\"@id\":\"https:\/\/www.sonoraenequipo.com.mx\/#\/schema\/person\/image\/\",\"url\":\"https:\/\/secure.gravatar.com\/avatar\/049821681b589dabc0bc20695993ccebb09f5b5d4d790cd9251b97faac7c652b?s=96&d=blank&r=g\",\"contentUrl\":\"https:\/\/secure.gravatar.com\/avatar\/049821681b589dabc0bc20695993ccebb09f5b5d4d790cd9251b97faac7c652b?s=96&d=blank&r=g\",\"caption\":\"enequipo\"},\"sameAs\":[\"https:\/\/www.facebook.com\/SonoraEE\"]}]}<\/script>\n ","yoast_head_json":{"title":"Sonora en Equipo. Sonora Brilla en Canad\u00e1: Inauguran Casa Sonora en Ottawa Sonora","description":"OTTAWA, CANADA. \u2014 El Gobierno de Sonora, a trav\u00e9s de la Secretar\u00eda de Turismo (Sectur), inaugur\u00f3 este lunes la Casa Sonora, dentro de la Embajada de En Sonora en Equipo publicamos toda la informaci\u00f3n de Sonora, M\u00e9xico y el Mundo de manera oportuna y busca que la libertad de expresi\u00f3n sea real. Visita nuestro medio informativo publicado desde Hermosillo, Sonora. %","robots":{"index":"index","follow":"follow","max-snippet":"max-snippet:-1","max-image-preview":"max-image-preview:large","max-video-preview":"max-video-preview:-1"},"canonical":"https:\/\/www.sonoraenequipo.com.mx\/sonora-brilla-en-canada-inauguran-casa-sonora-en-ottawa\/","og_locale":"es_ES","og_type":"article","og_title":"Sonora en Equipo. Sonora Brilla en Canad\u00e1: Inauguran Casa Sonora en Ottawa Sonora","og_description":"OTTAWA, CANADA. \u2014 El Gobierno de Sonora, a trav\u00e9s de la Secretar\u00eda de Turismo (Sectur), inaugur\u00f3 este lunes la Casa Sonora, dentro de la Embajada de En Sonora en Equipo publicamos toda la informaci\u00f3n de Sonora, M\u00e9xico y el Mundo de manera oportuna y busca que la libertad de expresi\u00f3n sea real. Visita nuestro medio informativo publicado desde Hermosillo, Sonora. %","og_url":"https:\/\/www.sonoraenequipo.com.mx\/sonora-brilla-en-canada-inauguran-casa-sonora-en-ottawa\/","og_site_name":"Sonora en Equipo.","article_publisher":"https:\/\/www.facebook.com\/SonoraEE\/","article_author":"https:\/\/www.facebook.com\/SonoraEE","article_published_time":"2024-09-10T02:22:43+00:00","og_image":[{"width":600,"height":400,"url":"https:\/\/www.sonoraenequipo.com.mx\/storage\/2024\/09\/casa-sonora-canada.jpg","type":"image\/jpeg"}],"author":"enequipo","twitter_card":"summary_large_image","twitter_creator":"@sonoraenequipo","twitter_site":"@sonoraenequipo","twitter_misc":{"Escrito por":"enequipo","Tiempo de lectura":"1 minuto"},"schema":{"@context":"https:\/\/schema.org","@graph":[{"@type":"Article","@id":"https:\/\/www.sonoraenequipo.com.mx\/sonora-brilla-en-canada-inauguran-casa-sonora-en-ottawa\/#article","isPartOf":{"@id":"https:\/\/www.sonoraenequipo.com.mx\/sonora-brilla-en-canada-inauguran-casa-sonora-en-ottawa\/"},"author":{"name":"enequipo","@id":"https:\/\/www.sonoraenequipo.com.mx\/#\/schema\/person\/50102df0fb23a8fa9e8effad8fa81386"},"headline":"Sonora Brilla en Canad\u00e1: Inauguran Casa Sonora en Ottawa","datePublished":"2024-09-10T02:22:43+00:00","mainEntityOfPage":{"@id":"https:\/\/www.sonoraenequipo.com.mx\/sonora-brilla-en-canada-inauguran-casa-sonora-en-ottawa\/"},"wordCount":304,"commentCount":0,"publisher":{"@id":"https:\/\/www.sonoraenequipo.com.mx\/#organization"},"image":{"@id":"https:\/\/www.sonoraenequipo.com.mx\/sonora-brilla-en-canada-inauguran-casa-sonora-en-ottawa\/#primaryimage"},"thumbnailUrl":"https:\/\/www.sonoraenequipo.com.mx\/storage\/2024\/09\/casa-sonora-canada.jpg","keywords":["CANAD\u00c1","casa","Sonora"],"articleSection":["Sonora"],"inLanguage":"es","potentialAction":[{"@type":"CommentAction","name":"Comment","target":["https:\/\/www.sonoraenequipo.com.mx\/sonora-brilla-en-canada-inauguran-casa-sonora-en-ottawa\/#respond"]}]},{"@type":"WebPage","@id":"https:\/\/www.sonoraenequipo.com.mx\/sonora-brilla-en-canada-inauguran-casa-sonora-en-ottawa\/","url":"https:\/\/www.sonoraenequipo.com.mx\/sonora-brilla-en-canada-inauguran-casa-sonora-en-ottawa\/","name":"Sonora en Equipo. Sonora Brilla en Canad\u00e1: Inauguran Casa Sonora en Ottawa Sonora","isPartOf":{"@id":"https:\/\/www.sonoraenequipo.com.mx\/#website"},"primaryImageOfPage":{"@id":"https:\/\/www.sonoraenequipo.com.mx\/sonora-brilla-en-canada-inauguran-casa-sonora-en-ottawa\/#primaryimage"},"image":{"@id":"https:\/\/www.sonoraenequipo.com.mx\/sonora-brilla-en-canada-inauguran-casa-sonora-en-ottawa\/#primaryimage"},"thumbnailUrl":"https:\/\/www.sonoraenequipo.com.mx\/storage\/2024\/09\/casa-sonora-canada.jpg","datePublished":"2024-09-10T02:22:43+00:00","description":"OTTAWA, CANADA. \u2014 El Gobierno de Sonora, a trav\u00e9s de la Secretar\u00eda de Turismo (Sectur), inaugur\u00f3 este lunes la Casa Sonora, dentro de la Embajada de En Sonora en Equipo publicamos toda la informaci\u00f3n de Sonora, M\u00e9xico y el Mundo de manera oportuna y busca que la libertad de expresi\u00f3n sea real. Visita nuestro medio informativo publicado desde Hermosillo, Sonora. %","breadcrumb":{"@id":"https:\/\/www.sonoraenequipo.com.mx\/sonora-brilla-en-canada-inauguran-casa-sonora-en-ottawa\/#breadcrumb"},"inLanguage":"es","potentialAction":[{"@type":"ReadAction","target":["https:\/\/www.sonoraenequipo.com.mx\/sonora-brilla-en-canada-inauguran-casa-sonora-en-ottawa\/"]}]},{"@type":"ImageObject","inLanguage":"es","@id":"https:\/\/www.sonoraenequipo.com.mx\/sonora-brilla-en-canada-inauguran-casa-sonora-en-ottawa\/#primaryimage","url":"https:\/\/www.sonoraenequipo.com.mx\/storage\/2024\/09\/casa-sonora-canada.jpg","contentUrl":"https:\/\/www.sonoraenequipo.com.mx\/storage\/2024\/09\/casa-sonora-canada.jpg","width":600,"height":400},{"@type":"BreadcrumbList","@id":"https:\/\/www.sonoraenequipo.com.mx\/sonora-brilla-en-canada-inauguran-casa-sonora-en-ottawa\/#breadcrumb","itemListElement":[{"@type":"ListItem","position":1,"name":"Portada","item":"https:\/\/www.sonoraenequipo.com.mx\/"},{"@type":"ListItem","position":2,"name":"Sonora Brilla en Canad\u00e1: Inauguran Casa Sonora en Ottawa"}]},{"@type":"WebSite","@id":"https:\/\/www.sonoraenequipo.com.mx\/#website","url":"https:\/\/www.sonoraenequipo.com.mx\/","name":"Sonora en Equipo.","description":"Diario en l\u00ednea con Noticias desde Hermosillo, Sonora","publisher":{"@id":"https:\/\/www.sonoraenequipo.com.mx\/#organization"},"potentialAction":[{"@type":"SearchAction","target":{"@type":"EntryPoint","urlTemplate":"https:\/\/www.sonoraenequipo.com.mx\/?s={search_term_string}"},"query-input":{"@type":"PropertyValueSpecification","valueRequired":true,"valueName":"search_term_string"}}],"inLanguage":"es"},{"@type":"Organization","@id":"https:\/\/www.sonoraenequipo.com.mx\/#organization","name":"Sonoraenequipo.com.mx","url":"https:\/\/www.sonoraenequipo.com.mx\/","logo":{"@type":"ImageObject","inLanguage":"es","@id":"https:\/\/www.sonoraenequipo.com.mx\/#\/schema\/logo\/image\/","url":"https:\/\/www.sonoraenequipo.com.mx\/storage\/2019\/01\/sonoraenequipo_opt.png","contentUrl":"https:\/\/www.sonoraenequipo.com.mx\/storage\/2019\/01\/sonoraenequipo_opt.png","width":375,"height":125,"caption":"Sonoraenequipo.com.mx"},"image":{"@id":"https:\/\/www.sonoraenequipo.com.mx\/#\/schema\/logo\/image\/"},"sameAs":["https:\/\/www.facebook.com\/SonoraEE\/","https:\/\/x.com\/sonoraenequipo","https:\/\/www.youtube.com\/channel\/UC338nW-lPEYmJQs4ZABQ1SQ"]},{"@type":"Person","@id":"https:\/\/www.sonoraenequipo.com.mx\/#\/schema\/person\/50102df0fb23a8fa9e8effad8fa81386","name":"enequipo","image":{"@type":"ImageObject","inLanguage":"es","@id":"https:\/\/www.sonoraenequipo.com.mx\/#\/schema\/person\/image\/","url":"https:\/\/secure.gravatar.com\/avatar\/049821681b589dabc0bc20695993ccebb09f5b5d4d790cd9251b97faac7c652b?s=96&d=blank&r=g","contentUrl":"https:\/\/secure.gravatar.com\/avatar\/049821681b589dabc0bc20695993ccebb09f5b5d4d790cd9251b97faac7c652b?s=96&d=blank&r=g","caption":"enequipo"},"sameAs":["https:\/\/www.facebook.com\/SonoraEE"]}]}},"jetpack_featured_media_url":"https:\/\/www.sonoraenequipo.com.mx\/storage\/2024\/09\/casa-sonora-canada.jpg","_links":{"self":[{"href":"https:\/\/www.sonoraenequipo.com.mx\/api\/wp\/v2\/posts\/198829","targetHints":{"allow":["GET"]}}],"collection":[{"href":"https:\/\/www.sonoraenequipo.com.mx\/api\/wp\/v2\/posts"}],"about":[{"href":"https:\/\/www.sonoraenequipo.com.mx\/api\/wp\/v2\/types\/post"}],"author":[{"embeddable":true,"href":"https:\/\/www.sonoraenequipo.com.mx\/api\/wp\/v2\/users\/1"}],"replies":[{"embeddable":true,"href":"https:\/\/www.sonoraenequipo.com.mx\/api\/wp\/v2\/comments?post=198829"}],"version-history":[{"count":1,"href":"https:\/\/www.sonoraenequipo.com.mx\/api\/wp\/v2\/posts\/198829\/revisions"}],"predecessor-version":[{"id":198831,"href":"https:\/\/www.sonoraenequipo.com.mx\/api\/wp\/v2\/posts\/198829\/revisions\/198831"}],"wp:featuredmedia":[{"embeddable":true,"href":"https:\/\/www.sonoraenequipo.com.mx\/api\/wp\/v2\/media\/198830"}],"wp:attachment":[{"href":"https:\/\/www.sonoraenequipo.com.mx\/api\/wp\/v2\/media?parent=198829"}],"wp:term":[{"taxonomy":"category","embeddable":true,"href":"https:\/\/www.sonoraenequipo.com.mx\/api\/wp\/v2\/categories?post=198829"},{"taxonomy":"post_tag","embeddable":true,"href":"https:\/\/www.sonoraenequipo.com.mx\/api\/wp\/v2\/tags?post=198829"}],"curies":[{"name":"wp","href":"https:\/\/api.w.org\/{rel}","templated":true}]}}