{"id":198843,"date":"2024-09-09T21:10:53","date_gmt":"2024-09-10T04:10:53","guid":{"rendered":"https:\/\/www.sonoraenequipo.com.mx\/?p=198843"},"modified":"2024-09-09T21:33:52","modified_gmt":"2024-09-10T04:33:52","slug":"el-dano-ya-esta-hecho-bill-gates","status":"publish","type":"post","link":"https:\/\/www.sonoraenequipo.com.mx\/el-dano-ya-esta-hecho-bill-gates\/","title":{"rendered":"\u00abEl da\u00f1o ya est\u00e1 hecho\u00bb: Bill Gates"},"content":{"rendered":"<p>En un mundo cada vez m\u00e1s interconectado, donde las tecnolog\u00edas avanzan a pasos agigantados y la informaci\u00f3n circula en tiempo real, hay un factor que, a ojos de Bill Gates, ha emergido como uno de los mayores desaf\u00edos de nuestra \u00e9poca. Seg\u00fan el cofundador de Microsoft (y uno de los fil\u00e1ntropos m\u00e1s influyentes del mundo), este fen\u00f3meno representa el problema n\u00famero uno al que se enfrenta la generaci\u00f3n actual, y lo que es a\u00fan m\u00e1s alarmante, es un problema que parece no tener soluci\u00f3n.<\/p>\n<h3><\/h3>\n<h3>Un mal que ya est\u00e1 hecho<\/h3>\n<p>En una entrevista reciente con <strong>CNBC,<\/strong> Gates expres\u00f3 su preocupaci\u00f3n sobre c\u00f3mo la &#8216;desinformaci\u00f3n&#8217; ha permeado la sociedad, facilitada en gran parte por las tecnolog\u00edas emergentes como la IA generativa, que permite crear y difundir falsedades a una velocidad sin precedentes.<\/p>\n<p>Seg\u00fan el Foro Econ\u00f3mico Mundial, la desinformaci\u00f3n generada por IA se considera uno de los principales riesgos globales en los pr\u00f3ximos dos a\u00f1os. Aunque este problema ha cobrado relevancia, Gates admite que, a pesar de sus esfuerzos por abordar cuestiones como el cambio clim\u00e1tico y la pobreza, la desinformaci\u00f3n es una cuesti\u00f3n para la que a\u00fan no tiene una soluci\u00f3n clara.<\/p>\n<p>Brasil multar\u00e1 con m\u00e1s de 8.000 \u20ac al d\u00eda a los usuarios de X que recurran a VPNs para saltarse el bloqueo de la red<\/p>\n<p>Gates se\u00f1ala que el da\u00f1o que produce la desinformaci\u00f3n es irreparable: <em><strong>\u00abY, si lo captas un d\u00eda despu\u00e9s, el da\u00f1o ya est\u00e1 hecho\u00bb.<\/strong><\/em> Este aspecto es lo que hace que la desinformaci\u00f3n sea particularmente dif\u00edcil de combatir, ya que su propagaci\u00f3n r\u00e1pida online puede tener toda clase de consecuencias antes de que los hechos correctos lleguen al p\u00fablico.<\/p>\n<p>La experiencia personal que lo hizo reflexionar<\/p>\n<p>Una de las razones por las cuales Gates considera la desinformaci\u00f3n como un problema fundamental es su impacto personal, destacando que el impacto de la desinformaci\u00f3n no es solo un problema abstracto:<\/p>\n<p><em><strong>\u00abEscuchar a mi hija hablar sobre c\u00f3mo hab\u00eda sido acosada online, y c\u00f3mo sus amigos hab\u00edan pasado por lo mismo en varias ocasiones, puso el tema en perspectiva de una manera en la que no hab\u00eda pensado antes\u00bb.<\/strong><\/em><\/p>\n<p>Una dif\u00edcil soluci\u00f3n<\/p>\n<p>Uno de los dilemas clave que plantea la lucha contra la desinformaci\u00f3n es c\u00f3mo equilibrar los esfuerzos para detener la propagaci\u00f3n de falsedades con la defensa de los derechos fundamentales. Gates reconoce que este problema est\u00e1 sobre la mesa:<\/p>\n<p><em><strong>\u00abSoy sensible al argumento contrario de que restringir cualquier tipo de informaci\u00f3n online podr\u00eda da\u00f1ar el derecho a la libertad de expresi\u00f3n\u00bb.<\/strong><\/em><\/p>\n<p>Y es que, aunque Gates reconoce la necesidad de establecer reglas, admite que no sabe exactamente qui\u00e9n deber\u00eda encargarse de implementarlas ni cu\u00e1les deber\u00edan ser los l\u00edmites. Pero tiene claro que los esfuerzos actuales, como los programas de alfabetizaci\u00f3n digital y la moderaci\u00f3n de contenido por parte de las plataformas de redes sociales, han demostrado ser insuficientes.<\/p>\n<p>La naturaleza humana de buscar informaci\u00f3n que confirme nuestras creencias preexistentes agrava a\u00fan m\u00e1s el problema, algo en lo que Gates reconoce que \u00e9l mismo tambi\u00e9n cae:<\/p>\n<p><em><strong>\u00abIncluso yo caigo en la tentaci\u00f3n&#8230; Si hay un pol\u00edtico que no me gusta y veo un art\u00edculo que lo critica un poco, disfruto ley\u00e9ndolo, incluso si est\u00e1 exagerado\u00bb.<\/strong><\/em><\/p>\n<p>La incapacidad de ofrecer una soluci\u00f3n concreta a la desinformaci\u00f3n es una carga que Gates siente que la generaci\u00f3n m\u00e1s joven tendr\u00e1 que enfrentar:<\/p>\n<p><em><strong>\u00abEs un problema que hemos pasado a las nuevas generaciones\u00bb.<\/strong><\/em><\/p>\n<h3>Un futuro con Bill Gates<\/h3>\n<p>No es casualidad que Gates saque a colaci\u00f3n este problema: el impacto de la desinformaci\u00f3n, tanto a nivel personal como social, ser\u00e1 uno de los temas centrales de una nueva serie documental de cinco episodios protagonizada por Gates, titulada \u00ab<em><strong>What\u2019s Next? The Future With Bill Gates\u00bb<\/strong><\/em> y que Netflix estrenar\u00e1 el 18 de septiembre.<\/p>\n<p>PUBLICADO EL 09 DE SEPTIEMBRE DE 2024 Con informaci\u00f3n de AFP)<\/p>\n","protected":false},"excerpt":{"rendered":"<p>En un mundo cada vez m\u00e1s interconectado, donde las tecnolog\u00edas avanzan a pasos agigantados y&#8230;<\/p>\n","protected":false},"author":1,"featured_media":198838,"comment_status":"open","ping_status":"open","sticky":false,"template":"","format":"standard","meta":{"_monsterinsights_skip_tracking":false,"_monsterinsights_sitenote_active":false,"_monsterinsights_sitenote_note":"","_monsterinsights_sitenote_category":0,"footnotes":""},"categories":[2216],"tags":[],"class_list":["post"],"yoast_head":" \n<title>Sonora en Equipo. &quot;El da\u00f1o ya est\u00e1 hecho&quot;: Bill Gates Ciencia y Tecnolog\u00eda<\/title>\n<meta name=\"description\" content=\"En un mundo cada vez m\u00e1s interconectado, donde las tecnolog\u00edas avanzan a pasos agigantados y la informaci\u00f3n circula en tiempo real, hay un factor que, a En Sonora en Equipo publicamos toda la informaci\u00f3n de Sonora, M\u00e9xico y el Mundo de manera oportuna y busca que la libertad de expresi\u00f3n sea real. Visita nuestro medio informativo publicado desde Hermosillo, Sonora. %\" \/>\n<meta name=\"robots\" content=\"index, follow, max-snippet:-1, max-image-preview:large, max-video-preview:-1\" \/>\n<link rel=\"canonical\" href=\"https:\/\/www.sonoraenequipo.com.mx\/el-dano-ya-esta-hecho-bill-gates\/\" \/>\n<meta property=\"og:locale\" content=\"es_ES\" \/>\n<meta property=\"og:type\" content=\"article\" \/>\n<meta property=\"og:title\" content=\"Sonora en Equipo. &quot;El da\u00f1o ya est\u00e1 hecho&quot;: Bill Gates Ciencia y Tecnolog\u00eda\" \/>\n<meta property=\"og:description\" content=\"En un mundo cada vez m\u00e1s interconectado, donde las tecnolog\u00edas avanzan a pasos agigantados y la informaci\u00f3n circula en tiempo real, hay un factor que, a En Sonora en Equipo publicamos toda la informaci\u00f3n de Sonora, M\u00e9xico y el Mundo de manera oportuna y busca que la libertad de expresi\u00f3n sea real. Visita nuestro medio informativo publicado desde Hermosillo, Sonora. %\" \/>\n<meta property=\"og:url\" content=\"https:\/\/www.sonoraenequipo.com.mx\/el-dano-ya-esta-hecho-bill-gates\/\" \/>\n<meta property=\"og:site_name\" content=\"Sonora en Equipo.\" \/>\n<meta property=\"article:publisher\" content=\"https:\/\/www.facebook.com\/SonoraEE\/\" \/>\n<meta property=\"article:author\" content=\"https:\/\/www.facebook.com\/SonoraEE\" \/>\n<meta property=\"article:published_time\" content=\"2024-09-10T04:10:53+00:00\" \/>\n<meta property=\"article:modified_time\" content=\"2024-09-10T04:33:52+00:00\" \/>\n<meta property=\"og:image\" content=\"https:\/\/www.sonoraenequipo.com.mx\/storage\/2024\/09\/bill-gates-min.jpg\" \/>\n\t<meta property=\"og:image:width\" content=\"887\" \/>\n\t<meta property=\"og:image:height\" content=\"560\" \/>\n\t<meta property=\"og:image:type\" content=\"image\/jpeg\" \/>\n<meta name=\"author\" content=\"enequipo\" \/>\n<meta name=\"twitter:card\" content=\"summary_large_image\" \/>\n<meta name=\"twitter:creator\" content=\"@sonoraenequipo\" \/>\n<meta name=\"twitter:site\" content=\"@sonoraenequipo\" \/>\n<meta name=\"twitter:label1\" content=\"Escrito por\" \/>\n\t<meta name=\"twitter:data1\" content=\"enequipo\" \/>\n\t<meta name=\"twitter:label2\" content=\"Tiempo de lectura\" \/>\n\t<meta name=\"twitter:data2\" content=\"4 minutos\" \/>\n<script type=\"application\/ld+json\" class=\"yoast-schema-graph\">{\"@context\":\"https:\/\/schema.org\",\"@graph\":[{\"@type\":\"Article\",\"@id\":\"https:\/\/www.sonoraenequipo.com.mx\/el-dano-ya-esta-hecho-bill-gates\/#article\",\"isPartOf\":{\"@id\":\"https:\/\/www.sonoraenequipo.com.mx\/el-dano-ya-esta-hecho-bill-gates\/\"},\"author\":{\"name\":\"enequipo\",\"@id\":\"https:\/\/www.sonoraenequipo.com.mx\/#\/schema\/person\/50102df0fb23a8fa9e8effad8fa81386\"},\"headline\":\"\u00abEl da\u00f1o ya est\u00e1 hecho\u00bb: Bill Gates\",\"datePublished\":\"2024-09-10T04:10:53+00:00\",\"dateModified\":\"2024-09-10T04:33:52+00:00\",\"mainEntityOfPage\":{\"@id\":\"https:\/\/www.sonoraenequipo.com.mx\/el-dano-ya-esta-hecho-bill-gates\/\"},\"wordCount\":715,\"commentCount\":0,\"publisher\":{\"@id\":\"https:\/\/www.sonoraenequipo.com.mx\/#organization\"},\"image\":{\"@id\":\"https:\/\/www.sonoraenequipo.com.mx\/el-dano-ya-esta-hecho-bill-gates\/#primaryimage\"},\"thumbnailUrl\":\"https:\/\/www.sonoraenequipo.com.mx\/storage\/2024\/09\/bill-gates-min.jpg\",\"articleSection\":[\"Ciencia y Tecnolog\u00eda\"],\"inLanguage\":\"es\",\"potentialAction\":[{\"@type\":\"CommentAction\",\"name\":\"Comment\",\"target\":[\"https:\/\/www.sonoraenequipo.com.mx\/el-dano-ya-esta-hecho-bill-gates\/#respond\"]}]},{\"@type\":\"WebPage\",\"@id\":\"https:\/\/www.sonoraenequipo.com.mx\/el-dano-ya-esta-hecho-bill-gates\/\",\"url\":\"https:\/\/www.sonoraenequipo.com.mx\/el-dano-ya-esta-hecho-bill-gates\/\",\"name\":\"Sonora en Equipo. \\\"El da\u00f1o ya est\u00e1 hecho\\\": Bill Gates Ciencia y Tecnolog\u00eda\",\"isPartOf\":{\"@id\":\"https:\/\/www.sonoraenequipo.com.mx\/#website\"},\"primaryImageOfPage\":{\"@id\":\"https:\/\/www.sonoraenequipo.com.mx\/el-dano-ya-esta-hecho-bill-gates\/#primaryimage\"},\"image\":{\"@id\":\"https:\/\/www.sonoraenequipo.com.mx\/el-dano-ya-esta-hecho-bill-gates\/#primaryimage\"},\"thumbnailUrl\":\"https:\/\/www.sonoraenequipo.com.mx\/storage\/2024\/09\/bill-gates-min.jpg\",\"datePublished\":\"2024-09-10T04:10:53+00:00\",\"dateModified\":\"2024-09-10T04:33:52+00:00\",\"description\":\"En un mundo cada vez m\u00e1s interconectado, donde las tecnolog\u00edas avanzan a pasos agigantados y la informaci\u00f3n circula en tiempo real, hay un factor que, a En Sonora en Equipo publicamos toda la informaci\u00f3n de Sonora, M\u00e9xico y el Mundo de manera oportuna y busca que la libertad de expresi\u00f3n sea real. Visita nuestro medio informativo publicado desde Hermosillo, Sonora. %\",\"breadcrumb\":{\"@id\":\"https:\/\/www.sonoraenequipo.com.mx\/el-dano-ya-esta-hecho-bill-gates\/#breadcrumb\"},\"inLanguage\":\"es\",\"potentialAction\":[{\"@type\":\"ReadAction\",\"target\":[\"https:\/\/www.sonoraenequipo.com.mx\/el-dano-ya-esta-hecho-bill-gates\/\"]}]},{\"@type\":\"ImageObject\",\"inLanguage\":\"es\",\"@id\":\"https:\/\/www.sonoraenequipo.com.mx\/el-dano-ya-esta-hecho-bill-gates\/#primaryimage\",\"url\":\"https:\/\/www.sonoraenequipo.com.mx\/storage\/2024\/09\/bill-gates-min.jpg\",\"contentUrl\":\"https:\/\/www.sonoraenequipo.com.mx\/storage\/2024\/09\/bill-gates-min.jpg\",\"width\":887,\"height\":560},{\"@type\":\"BreadcrumbList\",\"@id\":\"https:\/\/www.sonoraenequipo.com.mx\/el-dano-ya-esta-hecho-bill-gates\/#breadcrumb\",\"itemListElement\":[{\"@type\":\"ListItem\",\"position\":1,\"name\":\"Portada\",\"item\":\"https:\/\/www.sonoraenequipo.com.mx\/\"},{\"@type\":\"ListItem\",\"position\":2,\"name\":\"\u00abEl da\u00f1o ya est\u00e1 hecho\u00bb: Bill Gates\"}]},{\"@type\":\"WebSite\",\"@id\":\"https:\/\/www.sonoraenequipo.com.mx\/#website\",\"url\":\"https:\/\/www.sonoraenequipo.com.mx\/\",\"name\":\"Sonora en Equipo.\",\"description\":\"Diario en l\u00ednea con Noticias desde Hermosillo, Sonora\",\"publisher\":{\"@id\":\"https:\/\/www.sonoraenequipo.com.mx\/#organization\"},\"potentialAction\":[{\"@type\":\"SearchAction\",\"target\":{\"@type\":\"EntryPoint\",\"urlTemplate\":\"https:\/\/www.sonoraenequipo.com.mx\/?s={search_term_string}\"},\"query-input\":{\"@type\":\"PropertyValueSpecification\",\"valueRequired\":true,\"valueName\":\"search_term_string\"}}],\"inLanguage\":\"es\"},{\"@type\":\"Organization\",\"@id\":\"https:\/\/www.sonoraenequipo.com.mx\/#organization\",\"name\":\"Sonoraenequipo.com.mx\",\"url\":\"https:\/\/www.sonoraenequipo.com.mx\/\",\"logo\":{\"@type\":\"ImageObject\",\"inLanguage\":\"es\",\"@id\":\"https:\/\/www.sonoraenequipo.com.mx\/#\/schema\/logo\/image\/\",\"url\":\"https:\/\/www.sonoraenequipo.com.mx\/storage\/2019\/01\/sonoraenequipo_opt.png\",\"contentUrl\":\"https:\/\/www.sonoraenequipo.com.mx\/storage\/2019\/01\/sonoraenequipo_opt.png\",\"width\":375,\"height\":125,\"caption\":\"Sonoraenequipo.com.mx\"},\"image\":{\"@id\":\"https:\/\/www.sonoraenequipo.com.mx\/#\/schema\/logo\/image\/\"},\"sameAs\":[\"https:\/\/www.facebook.com\/SonoraEE\/\",\"https:\/\/x.com\/sonoraenequipo\",\"https:\/\/www.youtube.com\/channel\/UC338nW-lPEYmJQs4ZABQ1SQ\"]},{\"@type\":\"Person\",\"@id\":\"https:\/\/www.sonoraenequipo.com.mx\/#\/schema\/person\/50102df0fb23a8fa9e8effad8fa81386\",\"name\":\"enequipo\",\"image\":{\"@type\":\"ImageObject\",\"inLanguage\":\"es\",\"@id\":\"https:\/\/www.sonoraenequipo.com.mx\/#\/schema\/person\/image\/\",\"url\":\"https:\/\/secure.gravatar.com\/avatar\/049821681b589dabc0bc20695993ccebb09f5b5d4d790cd9251b97faac7c652b?s=96&d=blank&r=g\",\"contentUrl\":\"https:\/\/secure.gravatar.com\/avatar\/049821681b589dabc0bc20695993ccebb09f5b5d4d790cd9251b97faac7c652b?s=96&d=blank&r=g\",\"caption\":\"enequipo\"},\"sameAs\":[\"https:\/\/www.facebook.com\/SonoraEE\"]}]}<\/script>\n ","yoast_head_json":{"title":"Sonora en Equipo. \"El da\u00f1o ya est\u00e1 hecho\": Bill Gates Ciencia y Tecnolog\u00eda","description":"En un mundo cada vez m\u00e1s interconectado, donde las tecnolog\u00edas avanzan a pasos agigantados y la informaci\u00f3n circula en tiempo real, hay un factor que, a En Sonora en Equipo publicamos toda la informaci\u00f3n de Sonora, M\u00e9xico y el Mundo de manera oportuna y busca que la libertad de expresi\u00f3n sea real. Visita nuestro medio informativo publicado desde Hermosillo, Sonora. %","robots":{"index":"index","follow":"follow","max-snippet":"max-snippet:-1","max-image-preview":"max-image-preview:large","max-video-preview":"max-video-preview:-1"},"canonical":"https:\/\/www.sonoraenequipo.com.mx\/el-dano-ya-esta-hecho-bill-gates\/","og_locale":"es_ES","og_type":"article","og_title":"Sonora en Equipo. \"El da\u00f1o ya est\u00e1 hecho\": Bill Gates Ciencia y Tecnolog\u00eda","og_description":"En un mundo cada vez m\u00e1s interconectado, donde las tecnolog\u00edas avanzan a pasos agigantados y la informaci\u00f3n circula en tiempo real, hay un factor que, a En Sonora en Equipo publicamos toda la informaci\u00f3n de Sonora, M\u00e9xico y el Mundo de manera oportuna y busca que la libertad de expresi\u00f3n sea real. Visita nuestro medio informativo publicado desde Hermosillo, Sonora. %","og_url":"https:\/\/www.sonoraenequipo.com.mx\/el-dano-ya-esta-hecho-bill-gates\/","og_site_name":"Sonora en Equipo.","article_publisher":"https:\/\/www.facebook.com\/SonoraEE\/","article_author":"https:\/\/www.facebook.com\/SonoraEE","article_published_time":"2024-09-10T04:10:53+00:00","article_modified_time":"2024-09-10T04:33:52+00:00","og_image":[{"width":887,"height":560,"url":"https:\/\/www.sonoraenequipo.com.mx\/storage\/2024\/09\/bill-gates-min.jpg","type":"image\/jpeg"}],"author":"enequipo","twitter_card":"summary_large_image","twitter_creator":"@sonoraenequipo","twitter_site":"@sonoraenequipo","twitter_misc":{"Escrito por":"enequipo","Tiempo de lectura":"4 minutos"},"schema":{"@context":"https:\/\/schema.org","@graph":[{"@type":"Article","@id":"https:\/\/www.sonoraenequipo.com.mx\/el-dano-ya-esta-hecho-bill-gates\/#article","isPartOf":{"@id":"https:\/\/www.sonoraenequipo.com.mx\/el-dano-ya-esta-hecho-bill-gates\/"},"author":{"name":"enequipo","@id":"https:\/\/www.sonoraenequipo.com.mx\/#\/schema\/person\/50102df0fb23a8fa9e8effad8fa81386"},"headline":"\u00abEl da\u00f1o ya est\u00e1 hecho\u00bb: Bill Gates","datePublished":"2024-09-10T04:10:53+00:00","dateModified":"2024-09-10T04:33:52+00:00","mainEntityOfPage":{"@id":"https:\/\/www.sonoraenequipo.com.mx\/el-dano-ya-esta-hecho-bill-gates\/"},"wordCount":715,"commentCount":0,"publisher":{"@id":"https:\/\/www.sonoraenequipo.com.mx\/#organization"},"image":{"@id":"https:\/\/www.sonoraenequipo.com.mx\/el-dano-ya-esta-hecho-bill-gates\/#primaryimage"},"thumbnailUrl":"https:\/\/www.sonoraenequipo.com.mx\/storage\/2024\/09\/bill-gates-min.jpg","articleSection":["Ciencia y Tecnolog\u00eda"],"inLanguage":"es","potentialAction":[{"@type":"CommentAction","name":"Comment","target":["https:\/\/www.sonoraenequipo.com.mx\/el-dano-ya-esta-hecho-bill-gates\/#respond"]}]},{"@type":"WebPage","@id":"https:\/\/www.sonoraenequipo.com.mx\/el-dano-ya-esta-hecho-bill-gates\/","url":"https:\/\/www.sonoraenequipo.com.mx\/el-dano-ya-esta-hecho-bill-gates\/","name":"Sonora en Equipo. \"El da\u00f1o ya est\u00e1 hecho\": Bill Gates Ciencia y Tecnolog\u00eda","isPartOf":{"@id":"https:\/\/www.sonoraenequipo.com.mx\/#website"},"primaryImageOfPage":{"@id":"https:\/\/www.sonoraenequipo.com.mx\/el-dano-ya-esta-hecho-bill-gates\/#primaryimage"},"image":{"@id":"https:\/\/www.sonoraenequipo.com.mx\/el-dano-ya-esta-hecho-bill-gates\/#primaryimage"},"thumbnailUrl":"https:\/\/www.sonoraenequipo.com.mx\/storage\/2024\/09\/bill-gates-min.jpg","datePublished":"2024-09-10T04:10:53+00:00","dateModified":"2024-09-10T04:33:52+00:00","description":"En un mundo cada vez m\u00e1s interconectado, donde las tecnolog\u00edas avanzan a pasos agigantados y la informaci\u00f3n circula en tiempo real, hay un factor que, a En Sonora en Equipo publicamos toda la informaci\u00f3n de Sonora, M\u00e9xico y el Mundo de manera oportuna y busca que la libertad de expresi\u00f3n sea real. Visita nuestro medio informativo publicado desde Hermosillo, Sonora. %","breadcrumb":{"@id":"https:\/\/www.sonoraenequipo.com.mx\/el-dano-ya-esta-hecho-bill-gates\/#breadcrumb"},"inLanguage":"es","potentialAction":[{"@type":"ReadAction","target":["https:\/\/www.sonoraenequipo.com.mx\/el-dano-ya-esta-hecho-bill-gates\/"]}]},{"@type":"ImageObject","inLanguage":"es","@id":"https:\/\/www.sonoraenequipo.com.mx\/el-dano-ya-esta-hecho-bill-gates\/#primaryimage","url":"https:\/\/www.sonoraenequipo.com.mx\/storage\/2024\/09\/bill-gates-min.jpg","contentUrl":"https:\/\/www.sonoraenequipo.com.mx\/storage\/2024\/09\/bill-gates-min.jpg","width":887,"height":560},{"@type":"BreadcrumbList","@id":"https:\/\/www.sonoraenequipo.com.mx\/el-dano-ya-esta-hecho-bill-gates\/#breadcrumb","itemListElement":[{"@type":"ListItem","position":1,"name":"Portada","item":"https:\/\/www.sonoraenequipo.com.mx\/"},{"@type":"ListItem","position":2,"name":"\u00abEl da\u00f1o ya est\u00e1 hecho\u00bb: Bill Gates"}]},{"@type":"WebSite","@id":"https:\/\/www.sonoraenequipo.com.mx\/#website","url":"https:\/\/www.sonoraenequipo.com.mx\/","name":"Sonora en Equipo.","description":"Diario en l\u00ednea con Noticias desde Hermosillo, Sonora","publisher":{"@id":"https:\/\/www.sonoraenequipo.com.mx\/#organization"},"potentialAction":[{"@type":"SearchAction","target":{"@type":"EntryPoint","urlTemplate":"https:\/\/www.sonoraenequipo.com.mx\/?s={search_term_string}"},"query-input":{"@type":"PropertyValueSpecification","valueRequired":true,"valueName":"search_term_string"}}],"inLanguage":"es"},{"@type":"Organization","@id":"https:\/\/www.sonoraenequipo.com.mx\/#organization","name":"Sonoraenequipo.com.mx","url":"https:\/\/www.sonoraenequipo.com.mx\/","logo":{"@type":"ImageObject","inLanguage":"es","@id":"https:\/\/www.sonoraenequipo.com.mx\/#\/schema\/logo\/image\/","url":"https:\/\/www.sonoraenequipo.com.mx\/storage\/2019\/01\/sonoraenequipo_opt.png","contentUrl":"https:\/\/www.sonoraenequipo.com.mx\/storage\/2019\/01\/sonoraenequipo_opt.png","width":375,"height":125,"caption":"Sonoraenequipo.com.mx"},"image":{"@id":"https:\/\/www.sonoraenequipo.com.mx\/#\/schema\/logo\/image\/"},"sameAs":["https:\/\/www.facebook.com\/SonoraEE\/","https:\/\/x.com\/sonoraenequipo","https:\/\/www.youtube.com\/channel\/UC338nW-lPEYmJQs4ZABQ1SQ"]},{"@type":"Person","@id":"https:\/\/www.sonoraenequipo.com.mx\/#\/schema\/person\/50102df0fb23a8fa9e8effad8fa81386","name":"enequipo","image":{"@type":"ImageObject","inLanguage":"es","@id":"https:\/\/www.sonoraenequipo.com.mx\/#\/schema\/person\/image\/","url":"https:\/\/secure.gravatar.com\/avatar\/049821681b589dabc0bc20695993ccebb09f5b5d4d790cd9251b97faac7c652b?s=96&d=blank&r=g","contentUrl":"https:\/\/secure.gravatar.com\/avatar\/049821681b589dabc0bc20695993ccebb09f5b5d4d790cd9251b97faac7c652b?s=96&d=blank&r=g","caption":"enequipo"},"sameAs":["https:\/\/www.facebook.com\/SonoraEE"]}]}},"jetpack_featured_media_url":"https:\/\/www.sonoraenequipo.com.mx\/storage\/2024\/09\/bill-gates-min.jpg","_links":{"self":[{"href":"https:\/\/www.sonoraenequipo.com.mx\/api\/wp\/v2\/posts\/198843","targetHints":{"allow":["GET"]}}],"collection":[{"href":"https:\/\/www.sonoraenequipo.com.mx\/api\/wp\/v2\/posts"}],"about":[{"href":"https:\/\/www.sonoraenequipo.com.mx\/api\/wp\/v2\/types\/post"}],"author":[{"embeddable":true,"href":"https:\/\/www.sonoraenequipo.com.mx\/api\/wp\/v2\/users\/1"}],"replies":[{"embeddable":true,"href":"https:\/\/www.sonoraenequipo.com.mx\/api\/wp\/v2\/comments?post=198843"}],"version-history":[{"count":2,"href":"https:\/\/www.sonoraenequipo.com.mx\/api\/wp\/v2\/posts\/198843\/revisions"}],"predecessor-version":[{"id":198845,"href":"https:\/\/www.sonoraenequipo.com.mx\/api\/wp\/v2\/posts\/198843\/revisions\/198845"}],"wp:featuredmedia":[{"embeddable":true,"href":"https:\/\/www.sonoraenequipo.com.mx\/api\/wp\/v2\/media\/198838"}],"wp:attachment":[{"href":"https:\/\/www.sonoraenequipo.com.mx\/api\/wp\/v2\/media?parent=198843"}],"wp:term":[{"taxonomy":"category","embeddable":true,"href":"https:\/\/www.sonoraenequipo.com.mx\/api\/wp\/v2\/categories?post=198843"},{"taxonomy":"post_tag","embeddable":true,"href":"https:\/\/www.sonoraenequipo.com.mx\/api\/wp\/v2\/tags?post=198843"}],"curies":[{"name":"wp","href":"https:\/\/api.w.org\/{rel}","templated":true}]}}