{"id":198848,"date":"2024-09-10T13:14:52","date_gmt":"2024-09-10T20:14:52","guid":{"rendered":"https:\/\/www.sonoraenequipo.com.mx\/?p=198848"},"modified":"2024-09-10T13:14:52","modified_gmt":"2024-09-10T20:14:52","slug":"gestion-del-gobernador-fundamental-para-el-desarrollo-de-cajeme-javier-lamarque","status":"publish","type":"post","link":"https:\/\/www.sonoraenequipo.com.mx\/gestion-del-gobernador-fundamental-para-el-desarrollo-de-cajeme-javier-lamarque\/","title":{"rendered":"Gesti\u00f3n del gobernador fundamental para el desarrollo de Cajeme: Javier Lamarque"},"content":{"rendered":"<p><strong>CAJEME, SONORA, MX. \u0336 \u0336\u00a0 <\/strong>\u201cSonora ha sido un estado privilegiado en cuanto a obras, en cuanto a proyectos federales, gracias a la gesti\u00f3n del Gobernador del Estado y, por otra parte, otra de las caracter\u00edsticas del gobernador, es que \u00e9l entiende que, finalmente, la obra de gobierno se concreta en los municipios, que es donde la gente interact\u00faa con lo que el gobierno est\u00e1 haciendo y se traduce en calles, se traduce en alumbrado p\u00fablico, en seguridad, en drenaje, en agua potable, por eso es que el gobernador ha sido muy sensible a estos requerimientos\u201d, manifest\u00f3 el Alcalde Javier Lamarque Cano, al ser cuestionado sobre los primeros tres a\u00f1os de gesti\u00f3n del mandatario estatal.<\/p>\n<p>Adem\u00e1s de mencionar obras estatales como la renovaci\u00f3n de aduanas, la planta fotovoltaica en Puerto Pe\u00f1asco, el proyecto de licuefacci\u00f3n, la construcci\u00f3n de la carretera Chihuahua-Sonora, Guaymas-Ciudad Ju\u00e1rez, entre otras, se\u00f1al\u00f3 que la relaci\u00f3n del Gobernador con Cajeme ha sido muy estrecha y de mucha colaboraci\u00f3n para la llegada de nuevas inversiones, rehabilitaci\u00f3n de vialidades, renovaci\u00f3n de alumbrado p\u00fablico, obras hidrosanitarias y el impulso total al municipio para convertirlo en el principal polo de desarrollo en el noroeste del pa\u00eds.<\/p>\n<p>Respecto a c\u00f3mo entrega la administraci\u00f3n 2021-2024, durante el Di\u00e1logo con Cajeme, el Presidente Municipal se\u00f1al\u00f3 que aparte de la reconstrucci\u00f3n de calles y alumbrado p\u00fablico, de la atracci\u00f3n de inversi\u00f3n con el establecimiento de Sky Bridge, la empresa coreana Kyungshin y de otros consorcios asi\u00e1ticos por llegar, por primera vez, por lo menos en los \u00faltimos 20 a\u00f1os, no se hereda ning\u00fan incremento en la deuda p\u00fablica, sino que, al contrario, se le disminuyen 52 millones de pesos al adeudo que recibi\u00f3 por m\u00e1s de 520 millones de pesos.<\/p>\n<p>Adem\u00e1s de que entregar\u00e1 todas las obras pagadas, es decir que despu\u00e9s de muchos a\u00f1os, el gobierno que entrega no heredar\u00e1 pendientes en Adefas por obras a la siguiente administraci\u00f3n.<\/p>\n<p>Respecto al servicio de recolecci\u00f3n de basura y relleno sanitario, manifest\u00f3 que por primera vez en la historia de este servicio no se deja deuda alguna en el pago, tal como ven\u00eda sucediendo, pues al iniciar la presente administraci\u00f3n recibi\u00f3 un adeudo de 56 millones de pesos, misma que hoy deja en ceros y que le dio la autoridad de exigir a Tec Med que renovara la flota de 22 camiones recolectores de basura.<\/p>\n<p>A\u00f1adi\u00f3 que, por tercer a\u00f1o consecutivo, Cajeme ha sido el municipio con mejor calificaci\u00f3n en el manejo de la cuenta p\u00fablica por parte del ISAF, y no s\u00f3lo eso, sino que este a\u00f1o se obtuvo la mejor calificaci\u00f3n en la historia del municipio, aunado a que en breve recibir\u00e1 reconocimiento, entre mil municipios auditados, del primer lugar en Sonora y d\u00e9cimo a nivel nacional por Buenas Pr\u00e1cticas de Gobierno, adem\u00e1s de que la Auditoria Superior de la Federaci\u00f3n le dio a Cajeme un cien por ciento en cumplimiento y cero observaciones.<\/p>\n<p>Por otra parte, el Alcalde dijo que ya est\u00e1 todo preparado para la ceremonia de entrega de los libros del tercer informe de gobierno, misma que tendr\u00e1 lugar el domingo 15 del presente a las 20:00 horas y a las 22:00 la celebraci\u00f3n del Grito de Independencia, donde a partir de las 18:00 habr\u00e1 actividades art\u00edsticas y culturales, juegos mec\u00e1nicos, venta de antojitos mexicanos, verbena popular y la presentaci\u00f3n de Juan Ortega y su grupo, por lo que est\u00e1n invitadas todas las familias de Cajeme a los festejo patrios.<\/p>\n","protected":false},"excerpt":{"rendered":"<p>CAJEME, SONORA, MX. \u0336 \u0336\u00a0 \u201cSonora ha sido un estado privilegiado en cuanto a obras,&#8230;<\/p>\n","protected":false},"author":1,"featured_media":163802,"comment_status":"open","ping_status":"open","sticky":false,"template":"","format":"standard","meta":{"_monsterinsights_skip_tracking":false,"_monsterinsights_sitenote_active":false,"_monsterinsights_sitenote_note":"","_monsterinsights_sitenote_category":0,"footnotes":""},"categories":[1],"tags":[476,10238,6123,6511,2300],"class_list":["post"],"yoast_head":" \n<title>Sonora en Equipo. Gesti\u00f3n del gobernador fundamental para el desarrollo de Cajeme: Javier Lamarque<\/title>\n<meta name=\"description\" content=\"CAJEME, SONORA, MX. \u0336 \u0336\u00a0 \u201cSonora ha sido un estado privilegiado en cuanto a obras, en cuanto a proyectos federales, gracias a la gesti\u00f3n del Gobernador En Sonora en Equipo publicamos toda la informaci\u00f3n de Sonora, M\u00e9xico y el Mundo de manera oportuna y busca que la libertad de expresi\u00f3n sea real. Visita nuestro medio informativo publicado desde Hermosillo, Sonora. %\" \/>\n<meta name=\"robots\" content=\"index, follow, max-snippet:-1, max-image-preview:large, max-video-preview:-1\" \/>\n<link rel=\"canonical\" href=\"https:\/\/www.sonoraenequipo.com.mx\/gestion-del-gobernador-fundamental-para-el-desarrollo-de-cajeme-javier-lamarque\/\" \/>\n<meta property=\"og:locale\" content=\"es_ES\" \/>\n<meta property=\"og:type\" content=\"article\" \/>\n<meta property=\"og:title\" content=\"Sonora en Equipo. Gesti\u00f3n del gobernador fundamental para el desarrollo de Cajeme: Javier Lamarque\" \/>\n<meta property=\"og:description\" content=\"CAJEME, SONORA, MX. \u0336 \u0336\u00a0 \u201cSonora ha sido un estado privilegiado en cuanto a obras, en cuanto a proyectos federales, gracias a la gesti\u00f3n del Gobernador En Sonora en Equipo publicamos toda la informaci\u00f3n de Sonora, M\u00e9xico y el Mundo de manera oportuna y busca que la libertad de expresi\u00f3n sea real. Visita nuestro medio informativo publicado desde Hermosillo, Sonora. %\" \/>\n<meta property=\"og:url\" content=\"https:\/\/www.sonoraenequipo.com.mx\/gestion-del-gobernador-fundamental-para-el-desarrollo-de-cajeme-javier-lamarque\/\" \/>\n<meta property=\"og:site_name\" content=\"Sonora en Equipo.\" \/>\n<meta property=\"article:publisher\" content=\"https:\/\/www.facebook.com\/SonoraEE\/\" \/>\n<meta property=\"article:author\" content=\"https:\/\/www.facebook.com\/SonoraEE\" \/>\n<meta property=\"article:published_time\" content=\"2024-09-10T20:14:52+00:00\" \/>\n<meta property=\"og:image\" content=\"https:\/\/www.sonoraenequipo.com.mx\/storage\/2023\/04\/javier-lamarque-obregon-min.jpg\" \/>\n\t<meta property=\"og:image:width\" content=\"900\" \/>\n\t<meta property=\"og:image:height\" content=\"492\" \/>\n\t<meta property=\"og:image:type\" content=\"image\/jpeg\" \/>\n<meta name=\"author\" content=\"enequipo\" \/>\n<meta name=\"twitter:card\" content=\"summary_large_image\" \/>\n<meta name=\"twitter:creator\" content=\"@sonoraenequipo\" \/>\n<meta name=\"twitter:site\" content=\"@sonoraenequipo\" \/>\n<meta name=\"twitter:label1\" content=\"Escrito por\" \/>\n\t<meta name=\"twitter:data1\" content=\"enequipo\" \/>\n\t<meta name=\"twitter:label2\" content=\"Tiempo de lectura\" \/>\n\t<meta name=\"twitter:data2\" content=\"3 minutos\" \/>\n<script type=\"application\/ld+json\" class=\"yoast-schema-graph\">{\"@context\":\"https:\/\/schema.org\",\"@graph\":[{\"@type\":\"Article\",\"@id\":\"https:\/\/www.sonoraenequipo.com.mx\/gestion-del-gobernador-fundamental-para-el-desarrollo-de-cajeme-javier-lamarque\/#article\",\"isPartOf\":{\"@id\":\"https:\/\/www.sonoraenequipo.com.mx\/gestion-del-gobernador-fundamental-para-el-desarrollo-de-cajeme-javier-lamarque\/\"},\"author\":{\"name\":\"enequipo\",\"@id\":\"https:\/\/www.sonoraenequipo.com.mx\/#\/schema\/person\/50102df0fb23a8fa9e8effad8fa81386\"},\"headline\":\"Gesti\u00f3n del gobernador fundamental para el desarrollo de Cajeme: Javier Lamarque\",\"datePublished\":\"2024-09-10T20:14:52+00:00\",\"mainEntityOfPage\":{\"@id\":\"https:\/\/www.sonoraenequipo.com.mx\/gestion-del-gobernador-fundamental-para-el-desarrollo-de-cajeme-javier-lamarque\/\"},\"wordCount\":625,\"commentCount\":0,\"publisher\":{\"@id\":\"https:\/\/www.sonoraenequipo.com.mx\/#organization\"},\"image\":{\"@id\":\"https:\/\/www.sonoraenequipo.com.mx\/gestion-del-gobernador-fundamental-para-el-desarrollo-de-cajeme-javier-lamarque\/#primaryimage\"},\"thumbnailUrl\":\"https:\/\/www.sonoraenequipo.com.mx\/storage\/2023\/04\/javier-lamarque-obregon-min.jpg\",\"keywords\":[\"Cajeme\",\"gestion\",\"gobernador\",\"lamarque\",\"obras\"],\"articleSection\":[\"Sin categorizar\"],\"inLanguage\":\"es\",\"potentialAction\":[{\"@type\":\"CommentAction\",\"name\":\"Comment\",\"target\":[\"https:\/\/www.sonoraenequipo.com.mx\/gestion-del-gobernador-fundamental-para-el-desarrollo-de-cajeme-javier-lamarque\/#respond\"]}]},{\"@type\":\"WebPage\",\"@id\":\"https:\/\/www.sonoraenequipo.com.mx\/gestion-del-gobernador-fundamental-para-el-desarrollo-de-cajeme-javier-lamarque\/\",\"url\":\"https:\/\/www.sonoraenequipo.com.mx\/gestion-del-gobernador-fundamental-para-el-desarrollo-de-cajeme-javier-lamarque\/\",\"name\":\"Sonora en Equipo. Gesti\u00f3n del gobernador fundamental para el desarrollo de Cajeme: Javier Lamarque\",\"isPartOf\":{\"@id\":\"https:\/\/www.sonoraenequipo.com.mx\/#website\"},\"primaryImageOfPage\":{\"@id\":\"https:\/\/www.sonoraenequipo.com.mx\/gestion-del-gobernador-fundamental-para-el-desarrollo-de-cajeme-javier-lamarque\/#primaryimage\"},\"image\":{\"@id\":\"https:\/\/www.sonoraenequipo.com.mx\/gestion-del-gobernador-fundamental-para-el-desarrollo-de-cajeme-javier-lamarque\/#primaryimage\"},\"thumbnailUrl\":\"https:\/\/www.sonoraenequipo.com.mx\/storage\/2023\/04\/javier-lamarque-obregon-min.jpg\",\"datePublished\":\"2024-09-10T20:14:52+00:00\",\"description\":\"CAJEME, SONORA, MX. \u0336 \u0336\u00a0 \u201cSonora ha sido un estado privilegiado en cuanto a obras, en cuanto a proyectos federales, gracias a la gesti\u00f3n del Gobernador En Sonora en Equipo publicamos toda la informaci\u00f3n de Sonora, M\u00e9xico y el Mundo de manera oportuna y busca que la libertad de expresi\u00f3n sea real. Visita nuestro medio informativo publicado desde Hermosillo, Sonora. %\",\"breadcrumb\":{\"@id\":\"https:\/\/www.sonoraenequipo.com.mx\/gestion-del-gobernador-fundamental-para-el-desarrollo-de-cajeme-javier-lamarque\/#breadcrumb\"},\"inLanguage\":\"es\",\"potentialAction\":[{\"@type\":\"ReadAction\",\"target\":[\"https:\/\/www.sonoraenequipo.com.mx\/gestion-del-gobernador-fundamental-para-el-desarrollo-de-cajeme-javier-lamarque\/\"]}]},{\"@type\":\"ImageObject\",\"inLanguage\":\"es\",\"@id\":\"https:\/\/www.sonoraenequipo.com.mx\/gestion-del-gobernador-fundamental-para-el-desarrollo-de-cajeme-javier-lamarque\/#primaryimage\",\"url\":\"https:\/\/www.sonoraenequipo.com.mx\/storage\/2023\/04\/javier-lamarque-obregon-min.jpg\",\"contentUrl\":\"https:\/\/www.sonoraenequipo.com.mx\/storage\/2023\/04\/javier-lamarque-obregon-min.jpg\",\"width\":900,\"height\":492},{\"@type\":\"BreadcrumbList\",\"@id\":\"https:\/\/www.sonoraenequipo.com.mx\/gestion-del-gobernador-fundamental-para-el-desarrollo-de-cajeme-javier-lamarque\/#breadcrumb\",\"itemListElement\":[{\"@type\":\"ListItem\",\"position\":1,\"name\":\"Portada\",\"item\":\"https:\/\/www.sonoraenequipo.com.mx\/\"},{\"@type\":\"ListItem\",\"position\":2,\"name\":\"Gesti\u00f3n del gobernador fundamental para el desarrollo de Cajeme: Javier Lamarque\"}]},{\"@type\":\"WebSite\",\"@id\":\"https:\/\/www.sonoraenequipo.com.mx\/#website\",\"url\":\"https:\/\/www.sonoraenequipo.com.mx\/\",\"name\":\"Sonora en Equipo.\",\"description\":\"Diario en l\u00ednea con Noticias desde Hermosillo, Sonora\",\"publisher\":{\"@id\":\"https:\/\/www.sonoraenequipo.com.mx\/#organization\"},\"potentialAction\":[{\"@type\":\"SearchAction\",\"target\":{\"@type\":\"EntryPoint\",\"urlTemplate\":\"https:\/\/www.sonoraenequipo.com.mx\/?s={search_term_string}\"},\"query-input\":{\"@type\":\"PropertyValueSpecification\",\"valueRequired\":true,\"valueName\":\"search_term_string\"}}],\"inLanguage\":\"es\"},{\"@type\":\"Organization\",\"@id\":\"https:\/\/www.sonoraenequipo.com.mx\/#organization\",\"name\":\"Sonoraenequipo.com.mx\",\"url\":\"https:\/\/www.sonoraenequipo.com.mx\/\",\"logo\":{\"@type\":\"ImageObject\",\"inLanguage\":\"es\",\"@id\":\"https:\/\/www.sonoraenequipo.com.mx\/#\/schema\/logo\/image\/\",\"url\":\"https:\/\/www.sonoraenequipo.com.mx\/storage\/2019\/01\/sonoraenequipo_opt.png\",\"contentUrl\":\"https:\/\/www.sonoraenequipo.com.mx\/storage\/2019\/01\/sonoraenequipo_opt.png\",\"width\":375,\"height\":125,\"caption\":\"Sonoraenequipo.com.mx\"},\"image\":{\"@id\":\"https:\/\/www.sonoraenequipo.com.mx\/#\/schema\/logo\/image\/\"},\"sameAs\":[\"https:\/\/www.facebook.com\/SonoraEE\/\",\"https:\/\/x.com\/sonoraenequipo\",\"https:\/\/www.youtube.com\/channel\/UC338nW-lPEYmJQs4ZABQ1SQ\"]},{\"@type\":\"Person\",\"@id\":\"https:\/\/www.sonoraenequipo.com.mx\/#\/schema\/person\/50102df0fb23a8fa9e8effad8fa81386\",\"name\":\"enequipo\",\"image\":{\"@type\":\"ImageObject\",\"inLanguage\":\"es\",\"@id\":\"https:\/\/www.sonoraenequipo.com.mx\/#\/schema\/person\/image\/\",\"url\":\"https:\/\/secure.gravatar.com\/avatar\/049821681b589dabc0bc20695993ccebb09f5b5d4d790cd9251b97faac7c652b?s=96&d=blank&r=g\",\"contentUrl\":\"https:\/\/secure.gravatar.com\/avatar\/049821681b589dabc0bc20695993ccebb09f5b5d4d790cd9251b97faac7c652b?s=96&d=blank&r=g\",\"caption\":\"enequipo\"},\"sameAs\":[\"https:\/\/www.facebook.com\/SonoraEE\"]}]}<\/script>\n ","yoast_head_json":{"title":"Sonora en Equipo. Gesti\u00f3n del gobernador fundamental para el desarrollo de Cajeme: Javier Lamarque","description":"CAJEME, SONORA, MX. \u0336 \u0336\u00a0 \u201cSonora ha sido un estado privilegiado en cuanto a obras, en cuanto a proyectos federales, gracias a la gesti\u00f3n del Gobernador En Sonora en Equipo publicamos toda la informaci\u00f3n de Sonora, M\u00e9xico y el Mundo de manera oportuna y busca que la libertad de expresi\u00f3n sea real. Visita nuestro medio informativo publicado desde Hermosillo, Sonora. %","robots":{"index":"index","follow":"follow","max-snippet":"max-snippet:-1","max-image-preview":"max-image-preview:large","max-video-preview":"max-video-preview:-1"},"canonical":"https:\/\/www.sonoraenequipo.com.mx\/gestion-del-gobernador-fundamental-para-el-desarrollo-de-cajeme-javier-lamarque\/","og_locale":"es_ES","og_type":"article","og_title":"Sonora en Equipo. Gesti\u00f3n del gobernador fundamental para el desarrollo de Cajeme: Javier Lamarque","og_description":"CAJEME, SONORA, MX. \u0336 \u0336\u00a0 \u201cSonora ha sido un estado privilegiado en cuanto a obras, en cuanto a proyectos federales, gracias a la gesti\u00f3n del Gobernador En Sonora en Equipo publicamos toda la informaci\u00f3n de Sonora, M\u00e9xico y el Mundo de manera oportuna y busca que la libertad de expresi\u00f3n sea real. Visita nuestro medio informativo publicado desde Hermosillo, Sonora. %","og_url":"https:\/\/www.sonoraenequipo.com.mx\/gestion-del-gobernador-fundamental-para-el-desarrollo-de-cajeme-javier-lamarque\/","og_site_name":"Sonora en Equipo.","article_publisher":"https:\/\/www.facebook.com\/SonoraEE\/","article_author":"https:\/\/www.facebook.com\/SonoraEE","article_published_time":"2024-09-10T20:14:52+00:00","og_image":[{"width":900,"height":492,"url":"https:\/\/www.sonoraenequipo.com.mx\/storage\/2023\/04\/javier-lamarque-obregon-min.jpg","type":"image\/jpeg"}],"author":"enequipo","twitter_card":"summary_large_image","twitter_creator":"@sonoraenequipo","twitter_site":"@sonoraenequipo","twitter_misc":{"Escrito por":"enequipo","Tiempo de lectura":"3 minutos"},"schema":{"@context":"https:\/\/schema.org","@graph":[{"@type":"Article","@id":"https:\/\/www.sonoraenequipo.com.mx\/gestion-del-gobernador-fundamental-para-el-desarrollo-de-cajeme-javier-lamarque\/#article","isPartOf":{"@id":"https:\/\/www.sonoraenequipo.com.mx\/gestion-del-gobernador-fundamental-para-el-desarrollo-de-cajeme-javier-lamarque\/"},"author":{"name":"enequipo","@id":"https:\/\/www.sonoraenequipo.com.mx\/#\/schema\/person\/50102df0fb23a8fa9e8effad8fa81386"},"headline":"Gesti\u00f3n del gobernador fundamental para el desarrollo de Cajeme: Javier Lamarque","datePublished":"2024-09-10T20:14:52+00:00","mainEntityOfPage":{"@id":"https:\/\/www.sonoraenequipo.com.mx\/gestion-del-gobernador-fundamental-para-el-desarrollo-de-cajeme-javier-lamarque\/"},"wordCount":625,"commentCount":0,"publisher":{"@id":"https:\/\/www.sonoraenequipo.com.mx\/#organization"},"image":{"@id":"https:\/\/www.sonoraenequipo.com.mx\/gestion-del-gobernador-fundamental-para-el-desarrollo-de-cajeme-javier-lamarque\/#primaryimage"},"thumbnailUrl":"https:\/\/www.sonoraenequipo.com.mx\/storage\/2023\/04\/javier-lamarque-obregon-min.jpg","keywords":["Cajeme","gestion","gobernador","lamarque","obras"],"articleSection":["Sin categorizar"],"inLanguage":"es","potentialAction":[{"@type":"CommentAction","name":"Comment","target":["https:\/\/www.sonoraenequipo.com.mx\/gestion-del-gobernador-fundamental-para-el-desarrollo-de-cajeme-javier-lamarque\/#respond"]}]},{"@type":"WebPage","@id":"https:\/\/www.sonoraenequipo.com.mx\/gestion-del-gobernador-fundamental-para-el-desarrollo-de-cajeme-javier-lamarque\/","url":"https:\/\/www.sonoraenequipo.com.mx\/gestion-del-gobernador-fundamental-para-el-desarrollo-de-cajeme-javier-lamarque\/","name":"Sonora en Equipo. Gesti\u00f3n del gobernador fundamental para el desarrollo de Cajeme: Javier Lamarque","isPartOf":{"@id":"https:\/\/www.sonoraenequipo.com.mx\/#website"},"primaryImageOfPage":{"@id":"https:\/\/www.sonoraenequipo.com.mx\/gestion-del-gobernador-fundamental-para-el-desarrollo-de-cajeme-javier-lamarque\/#primaryimage"},"image":{"@id":"https:\/\/www.sonoraenequipo.com.mx\/gestion-del-gobernador-fundamental-para-el-desarrollo-de-cajeme-javier-lamarque\/#primaryimage"},"thumbnailUrl":"https:\/\/www.sonoraenequipo.com.mx\/storage\/2023\/04\/javier-lamarque-obregon-min.jpg","datePublished":"2024-09-10T20:14:52+00:00","description":"CAJEME, SONORA, MX. \u0336 \u0336\u00a0 \u201cSonora ha sido un estado privilegiado en cuanto a obras, en cuanto a proyectos federales, gracias a la gesti\u00f3n del Gobernador En Sonora en Equipo publicamos toda la informaci\u00f3n de Sonora, M\u00e9xico y el Mundo de manera oportuna y busca que la libertad de expresi\u00f3n sea real. Visita nuestro medio informativo publicado desde Hermosillo, Sonora. %","breadcrumb":{"@id":"https:\/\/www.sonoraenequipo.com.mx\/gestion-del-gobernador-fundamental-para-el-desarrollo-de-cajeme-javier-lamarque\/#breadcrumb"},"inLanguage":"es","potentialAction":[{"@type":"ReadAction","target":["https:\/\/www.sonoraenequipo.com.mx\/gestion-del-gobernador-fundamental-para-el-desarrollo-de-cajeme-javier-lamarque\/"]}]},{"@type":"ImageObject","inLanguage":"es","@id":"https:\/\/www.sonoraenequipo.com.mx\/gestion-del-gobernador-fundamental-para-el-desarrollo-de-cajeme-javier-lamarque\/#primaryimage","url":"https:\/\/www.sonoraenequipo.com.mx\/storage\/2023\/04\/javier-lamarque-obregon-min.jpg","contentUrl":"https:\/\/www.sonoraenequipo.com.mx\/storage\/2023\/04\/javier-lamarque-obregon-min.jpg","width":900,"height":492},{"@type":"BreadcrumbList","@id":"https:\/\/www.sonoraenequipo.com.mx\/gestion-del-gobernador-fundamental-para-el-desarrollo-de-cajeme-javier-lamarque\/#breadcrumb","itemListElement":[{"@type":"ListItem","position":1,"name":"Portada","item":"https:\/\/www.sonoraenequipo.com.mx\/"},{"@type":"ListItem","position":2,"name":"Gesti\u00f3n del gobernador fundamental para el desarrollo de Cajeme: Javier Lamarque"}]},{"@type":"WebSite","@id":"https:\/\/www.sonoraenequipo.com.mx\/#website","url":"https:\/\/www.sonoraenequipo.com.mx\/","name":"Sonora en Equipo.","description":"Diario en l\u00ednea con Noticias desde Hermosillo, Sonora","publisher":{"@id":"https:\/\/www.sonoraenequipo.com.mx\/#organization"},"potentialAction":[{"@type":"SearchAction","target":{"@type":"EntryPoint","urlTemplate":"https:\/\/www.sonoraenequipo.com.mx\/?s={search_term_string}"},"query-input":{"@type":"PropertyValueSpecification","valueRequired":true,"valueName":"search_term_string"}}],"inLanguage":"es"},{"@type":"Organization","@id":"https:\/\/www.sonoraenequipo.com.mx\/#organization","name":"Sonoraenequipo.com.mx","url":"https:\/\/www.sonoraenequipo.com.mx\/","logo":{"@type":"ImageObject","inLanguage":"es","@id":"https:\/\/www.sonoraenequipo.com.mx\/#\/schema\/logo\/image\/","url":"https:\/\/www.sonoraenequipo.com.mx\/storage\/2019\/01\/sonoraenequipo_opt.png","contentUrl":"https:\/\/www.sonoraenequipo.com.mx\/storage\/2019\/01\/sonoraenequipo_opt.png","width":375,"height":125,"caption":"Sonoraenequipo.com.mx"},"image":{"@id":"https:\/\/www.sonoraenequipo.com.mx\/#\/schema\/logo\/image\/"},"sameAs":["https:\/\/www.facebook.com\/SonoraEE\/","https:\/\/x.com\/sonoraenequipo","https:\/\/www.youtube.com\/channel\/UC338nW-lPEYmJQs4ZABQ1SQ"]},{"@type":"Person","@id":"https:\/\/www.sonoraenequipo.com.mx\/#\/schema\/person\/50102df0fb23a8fa9e8effad8fa81386","name":"enequipo","image":{"@type":"ImageObject","inLanguage":"es","@id":"https:\/\/www.sonoraenequipo.com.mx\/#\/schema\/person\/image\/","url":"https:\/\/secure.gravatar.com\/avatar\/049821681b589dabc0bc20695993ccebb09f5b5d4d790cd9251b97faac7c652b?s=96&d=blank&r=g","contentUrl":"https:\/\/secure.gravatar.com\/avatar\/049821681b589dabc0bc20695993ccebb09f5b5d4d790cd9251b97faac7c652b?s=96&d=blank&r=g","caption":"enequipo"},"sameAs":["https:\/\/www.facebook.com\/SonoraEE"]}]}},"jetpack_featured_media_url":"https:\/\/www.sonoraenequipo.com.mx\/storage\/2023\/04\/javier-lamarque-obregon-min.jpg","_links":{"self":[{"href":"https:\/\/www.sonoraenequipo.com.mx\/api\/wp\/v2\/posts\/198848","targetHints":{"allow":["GET"]}}],"collection":[{"href":"https:\/\/www.sonoraenequipo.com.mx\/api\/wp\/v2\/posts"}],"about":[{"href":"https:\/\/www.sonoraenequipo.com.mx\/api\/wp\/v2\/types\/post"}],"author":[{"embeddable":true,"href":"https:\/\/www.sonoraenequipo.com.mx\/api\/wp\/v2\/users\/1"}],"replies":[{"embeddable":true,"href":"https:\/\/www.sonoraenequipo.com.mx\/api\/wp\/v2\/comments?post=198848"}],"version-history":[{"count":1,"href":"https:\/\/www.sonoraenequipo.com.mx\/api\/wp\/v2\/posts\/198848\/revisions"}],"predecessor-version":[{"id":198849,"href":"https:\/\/www.sonoraenequipo.com.mx\/api\/wp\/v2\/posts\/198848\/revisions\/198849"}],"wp:featuredmedia":[{"embeddable":true,"href":"https:\/\/www.sonoraenequipo.com.mx\/api\/wp\/v2\/media\/163802"}],"wp:attachment":[{"href":"https:\/\/www.sonoraenequipo.com.mx\/api\/wp\/v2\/media?parent=198848"}],"wp:term":[{"taxonomy":"category","embeddable":true,"href":"https:\/\/www.sonoraenequipo.com.mx\/api\/wp\/v2\/categories?post=198848"},{"taxonomy":"post_tag","embeddable":true,"href":"https:\/\/www.sonoraenequipo.com.mx\/api\/wp\/v2\/tags?post=198848"}],"curies":[{"name":"wp","href":"https:\/\/api.w.org\/{rel}","templated":true}]}}