{"id":198863,"date":"2024-09-10T15:13:31","date_gmt":"2024-09-10T22:13:31","guid":{"rendered":"https:\/\/www.sonoraenequipo.com.mx\/?p=198863"},"modified":"2024-09-10T15:13:31","modified_gmt":"2024-09-10T22:13:31","slug":"trabaja-salud-sonora-en-la-prevencion-del-suicidio","status":"publish","type":"post","link":"https:\/\/www.sonoraenequipo.com.mx\/trabaja-salud-sonora-en-la-prevencion-del-suicidio\/","title":{"rendered":"Trabaja Salud Sonora en la prevenci\u00f3n del suicidio"},"content":{"rendered":"<p><strong>HERMOSILLO, SONORA, MX.<\/strong> \u2014 En el D\u00eda Mundial para la Prevenci\u00f3n del Suicidio, la Secretar\u00eda de Salud (SSP) exhort\u00f3 a las familias a estar atentas a los signos y se\u00f1ales de alarma de quienes tienen pensamientos o actitudes suicidas, con el objetivo de evitar comentan este acto y apoyarlo en el seguimiento emocional y psicol\u00f3gico.<\/p>\n<p>&nbsp;<\/p>\n<p>&nbsp;<\/p>\n<p>&nbsp;<\/p>\n<p>Es importante mencionar que el rango de edad que tiene la frecuencia m\u00e1s alta del suicidio consumado es de los 25 a los 35 a\u00f1os, etapa de m\u00e1s estr\u00e9s, pues es done comienzan los compromisos significativos como el matrimonio, la presencia de hijos, la adquisici\u00f3n de bienes, lo que eleva la sensaci\u00f3n de amenazas en las personas.<\/p>\n<p>&nbsp;<\/p>\n<p>&nbsp;<\/p>\n<p>&nbsp;<\/p>\n<p>Tambi\u00e9n influye significativamente que sufran violencia familiar o de pareja, ya que esto es un detonante para que se sientan emocionalmente inestables o vulnerables a partir de una discusi\u00f3n o una fricci\u00f3n negativa, lo que provoca que se incremente la sensaci\u00f3n de no querer vivir.<\/p>\n<p>&nbsp;<\/p>\n<p>&nbsp;<\/p>\n<p>&nbsp;<\/p>\n<p>Y para esto, la Secretar\u00eda de Salud de Sonora a trav\u00e9s de la Direcci\u00f3n General de Salud Mental y Adicciones (Dgsma), cuenta con acciones y programas espec\u00edficos en la prevenci\u00f3n del suicidio, pero tambi\u00e9n en la atenci\u00f3n de crisis a trav\u00e9s de las brigadas psicol\u00f3gicas de la l\u00ednea de emergencia 9-1-1.<\/p>\n<p>&nbsp;<\/p>\n<p>&nbsp;<\/p>\n<p>&nbsp;<\/p>\n<p>En esta l\u00ednea atiende personal psicol\u00f3gico capacitado para la atenci\u00f3n de crisis, pensamientos o actos suicidas, y en caso de ser necesario acude un equipo multidisciplinario, desde personal de seguridad p\u00fablica, bomberos, socorrista de Cruz Roja, y en caso de ser necesario, guardias forestales. Posteriormente se da un seguimiento m\u00e1s personal para salir de esta crisis.<\/p>\n<p>&nbsp;<\/p>\n<p>&nbsp;<\/p>\n<p>&nbsp;<\/p>\n<p>Es importante estar atentos a las se\u00f1ales de alarma como cambios repentinos de actitud, conducta y energ\u00eda, dejar de hacer cosas que antes hac\u00eda, y que en las \u00faltimas dos semanas est\u00e1 experimentando sensaci\u00f3n de tristeza y dificultad para disfrutar las cosas. Ante esto hay que marcar de inmediato a la l\u00ednea de emergencia 9-1-1 para una intervenci\u00f3n en crisis.<\/p>\n<p><strong>Fecha de publicaci\u00f3n martes 10 de septiembre de 2024<\/strong><\/p>\n","protected":false},"excerpt":{"rendered":"<p>HERMOSILLO, SONORA, MX. \u2014 En el D\u00eda Mundial para la Prevenci\u00f3n del Suicidio, la Secretar\u00eda&#8230;<\/p>\n","protected":false},"author":1,"featured_media":122393,"comment_status":"open","ping_status":"open","sticky":false,"template":"","format":"standard","meta":{"_monsterinsights_skip_tracking":false,"_monsterinsights_sitenote_active":false,"_monsterinsights_sitenote_note":"","_monsterinsights_sitenote_category":0,"footnotes":""},"categories":[22],"tags":[2029],"class_list":["post"],"yoast_head":" \n<title>Sonora en Equipo. Trabaja Salud Sonora en la prevenci\u00f3n del suicidio Sonora<\/title>\n<meta name=\"description\" content=\"HERMOSILLO, SONORA, MX. \u2014 En el D\u00eda Mundial para la Prevenci\u00f3n del Suicidio, la Secretar\u00eda de Salud (SSP) exhort\u00f3 a las familias a estar atentas a los En Sonora en Equipo publicamos toda la informaci\u00f3n de Sonora, M\u00e9xico y el Mundo de manera oportuna y busca que la libertad de expresi\u00f3n sea real. Visita nuestro medio informativo publicado desde Hermosillo, Sonora. %\" \/>\n<meta name=\"robots\" content=\"index, follow, max-snippet:-1, max-image-preview:large, max-video-preview:-1\" \/>\n<link rel=\"canonical\" href=\"https:\/\/www.sonoraenequipo.com.mx\/trabaja-salud-sonora-en-la-prevencion-del-suicidio\/\" \/>\n<meta property=\"og:locale\" content=\"es_ES\" \/>\n<meta property=\"og:type\" content=\"article\" \/>\n<meta property=\"og:title\" content=\"Sonora en Equipo. Trabaja Salud Sonora en la prevenci\u00f3n del suicidio Sonora\" \/>\n<meta property=\"og:description\" content=\"HERMOSILLO, SONORA, MX. \u2014 En el D\u00eda Mundial para la Prevenci\u00f3n del Suicidio, la Secretar\u00eda de Salud (SSP) exhort\u00f3 a las familias a estar atentas a los En Sonora en Equipo publicamos toda la informaci\u00f3n de Sonora, M\u00e9xico y el Mundo de manera oportuna y busca que la libertad de expresi\u00f3n sea real. Visita nuestro medio informativo publicado desde Hermosillo, Sonora. %\" \/>\n<meta property=\"og:url\" content=\"https:\/\/www.sonoraenequipo.com.mx\/trabaja-salud-sonora-en-la-prevencion-del-suicidio\/\" \/>\n<meta property=\"og:site_name\" content=\"Sonora en Equipo.\" \/>\n<meta property=\"article:publisher\" content=\"https:\/\/www.facebook.com\/SonoraEE\/\" \/>\n<meta property=\"article:author\" content=\"https:\/\/www.facebook.com\/SonoraEE\" \/>\n<meta property=\"article:published_time\" content=\"2024-09-10T22:13:31+00:00\" \/>\n<meta property=\"og:image\" content=\"https:\/\/www.sonoraenequipo.com.mx\/storage\/2021\/09\/suicidio.jpg\" \/>\n\t<meta property=\"og:image:width\" content=\"600\" \/>\n\t<meta property=\"og:image:height\" content=\"375\" \/>\n\t<meta property=\"og:image:type\" content=\"image\/jpeg\" \/>\n<meta name=\"author\" content=\"enequipo\" \/>\n<meta name=\"twitter:card\" content=\"summary_large_image\" \/>\n<meta name=\"twitter:creator\" content=\"@sonoraenequipo\" \/>\n<meta name=\"twitter:site\" content=\"@sonoraenequipo\" \/>\n<meta name=\"twitter:label1\" content=\"Escrito por\" \/>\n\t<meta name=\"twitter:data1\" content=\"enequipo\" \/>\n\t<meta name=\"twitter:label2\" content=\"Tiempo de lectura\" \/>\n\t<meta name=\"twitter:data2\" content=\"2 minutos\" \/>\n<script type=\"application\/ld+json\" class=\"yoast-schema-graph\">{\"@context\":\"https:\/\/schema.org\",\"@graph\":[{\"@type\":\"Article\",\"@id\":\"https:\/\/www.sonoraenequipo.com.mx\/trabaja-salud-sonora-en-la-prevencion-del-suicidio\/#article\",\"isPartOf\":{\"@id\":\"https:\/\/www.sonoraenequipo.com.mx\/trabaja-salud-sonora-en-la-prevencion-del-suicidio\/\"},\"author\":{\"name\":\"enequipo\",\"@id\":\"https:\/\/www.sonoraenequipo.com.mx\/#\/schema\/person\/50102df0fb23a8fa9e8effad8fa81386\"},\"headline\":\"Trabaja Salud Sonora en la prevenci\u00f3n del suicidio\",\"datePublished\":\"2024-09-10T22:13:31+00:00\",\"mainEntityOfPage\":{\"@id\":\"https:\/\/www.sonoraenequipo.com.mx\/trabaja-salud-sonora-en-la-prevencion-del-suicidio\/\"},\"wordCount\":391,\"commentCount\":0,\"publisher\":{\"@id\":\"https:\/\/www.sonoraenequipo.com.mx\/#organization\"},\"image\":{\"@id\":\"https:\/\/www.sonoraenequipo.com.mx\/trabaja-salud-sonora-en-la-prevencion-del-suicidio\/#primaryimage\"},\"thumbnailUrl\":\"https:\/\/www.sonoraenequipo.com.mx\/storage\/2021\/09\/suicidio.jpg\",\"keywords\":[\"suicidio\"],\"articleSection\":[\"Sonora\"],\"inLanguage\":\"es\",\"potentialAction\":[{\"@type\":\"CommentAction\",\"name\":\"Comment\",\"target\":[\"https:\/\/www.sonoraenequipo.com.mx\/trabaja-salud-sonora-en-la-prevencion-del-suicidio\/#respond\"]}]},{\"@type\":\"WebPage\",\"@id\":\"https:\/\/www.sonoraenequipo.com.mx\/trabaja-salud-sonora-en-la-prevencion-del-suicidio\/\",\"url\":\"https:\/\/www.sonoraenequipo.com.mx\/trabaja-salud-sonora-en-la-prevencion-del-suicidio\/\",\"name\":\"Sonora en Equipo. Trabaja Salud Sonora en la prevenci\u00f3n del suicidio Sonora\",\"isPartOf\":{\"@id\":\"https:\/\/www.sonoraenequipo.com.mx\/#website\"},\"primaryImageOfPage\":{\"@id\":\"https:\/\/www.sonoraenequipo.com.mx\/trabaja-salud-sonora-en-la-prevencion-del-suicidio\/#primaryimage\"},\"image\":{\"@id\":\"https:\/\/www.sonoraenequipo.com.mx\/trabaja-salud-sonora-en-la-prevencion-del-suicidio\/#primaryimage\"},\"thumbnailUrl\":\"https:\/\/www.sonoraenequipo.com.mx\/storage\/2021\/09\/suicidio.jpg\",\"datePublished\":\"2024-09-10T22:13:31+00:00\",\"description\":\"HERMOSILLO, SONORA, MX. \u2014 En el D\u00eda Mundial para la Prevenci\u00f3n del Suicidio, la Secretar\u00eda de Salud (SSP) exhort\u00f3 a las familias a estar atentas a los En Sonora en Equipo publicamos toda la informaci\u00f3n de Sonora, M\u00e9xico y el Mundo de manera oportuna y busca que la libertad de expresi\u00f3n sea real. Visita nuestro medio informativo publicado desde Hermosillo, Sonora. %\",\"breadcrumb\":{\"@id\":\"https:\/\/www.sonoraenequipo.com.mx\/trabaja-salud-sonora-en-la-prevencion-del-suicidio\/#breadcrumb\"},\"inLanguage\":\"es\",\"potentialAction\":[{\"@type\":\"ReadAction\",\"target\":[\"https:\/\/www.sonoraenequipo.com.mx\/trabaja-salud-sonora-en-la-prevencion-del-suicidio\/\"]}]},{\"@type\":\"ImageObject\",\"inLanguage\":\"es\",\"@id\":\"https:\/\/www.sonoraenequipo.com.mx\/trabaja-salud-sonora-en-la-prevencion-del-suicidio\/#primaryimage\",\"url\":\"https:\/\/www.sonoraenequipo.com.mx\/storage\/2021\/09\/suicidio.jpg\",\"contentUrl\":\"https:\/\/www.sonoraenequipo.com.mx\/storage\/2021\/09\/suicidio.jpg\",\"width\":600,\"height\":375},{\"@type\":\"BreadcrumbList\",\"@id\":\"https:\/\/www.sonoraenequipo.com.mx\/trabaja-salud-sonora-en-la-prevencion-del-suicidio\/#breadcrumb\",\"itemListElement\":[{\"@type\":\"ListItem\",\"position\":1,\"name\":\"Portada\",\"item\":\"https:\/\/www.sonoraenequipo.com.mx\/\"},{\"@type\":\"ListItem\",\"position\":2,\"name\":\"Trabaja Salud Sonora en la prevenci\u00f3n del suicidio\"}]},{\"@type\":\"WebSite\",\"@id\":\"https:\/\/www.sonoraenequipo.com.mx\/#website\",\"url\":\"https:\/\/www.sonoraenequipo.com.mx\/\",\"name\":\"Sonora en Equipo.\",\"description\":\"Diario en l\u00ednea con Noticias desde Hermosillo, Sonora\",\"publisher\":{\"@id\":\"https:\/\/www.sonoraenequipo.com.mx\/#organization\"},\"potentialAction\":[{\"@type\":\"SearchAction\",\"target\":{\"@type\":\"EntryPoint\",\"urlTemplate\":\"https:\/\/www.sonoraenequipo.com.mx\/?s={search_term_string}\"},\"query-input\":{\"@type\":\"PropertyValueSpecification\",\"valueRequired\":true,\"valueName\":\"search_term_string\"}}],\"inLanguage\":\"es\"},{\"@type\":\"Organization\",\"@id\":\"https:\/\/www.sonoraenequipo.com.mx\/#organization\",\"name\":\"Sonoraenequipo.com.mx\",\"url\":\"https:\/\/www.sonoraenequipo.com.mx\/\",\"logo\":{\"@type\":\"ImageObject\",\"inLanguage\":\"es\",\"@id\":\"https:\/\/www.sonoraenequipo.com.mx\/#\/schema\/logo\/image\/\",\"url\":\"https:\/\/www.sonoraenequipo.com.mx\/storage\/2019\/01\/sonoraenequipo_opt.png\",\"contentUrl\":\"https:\/\/www.sonoraenequipo.com.mx\/storage\/2019\/01\/sonoraenequipo_opt.png\",\"width\":375,\"height\":125,\"caption\":\"Sonoraenequipo.com.mx\"},\"image\":{\"@id\":\"https:\/\/www.sonoraenequipo.com.mx\/#\/schema\/logo\/image\/\"},\"sameAs\":[\"https:\/\/www.facebook.com\/SonoraEE\/\",\"https:\/\/x.com\/sonoraenequipo\",\"https:\/\/www.youtube.com\/channel\/UC338nW-lPEYmJQs4ZABQ1SQ\"]},{\"@type\":\"Person\",\"@id\":\"https:\/\/www.sonoraenequipo.com.mx\/#\/schema\/person\/50102df0fb23a8fa9e8effad8fa81386\",\"name\":\"enequipo\",\"image\":{\"@type\":\"ImageObject\",\"inLanguage\":\"es\",\"@id\":\"https:\/\/www.sonoraenequipo.com.mx\/#\/schema\/person\/image\/\",\"url\":\"https:\/\/secure.gravatar.com\/avatar\/049821681b589dabc0bc20695993ccebb09f5b5d4d790cd9251b97faac7c652b?s=96&d=blank&r=g\",\"contentUrl\":\"https:\/\/secure.gravatar.com\/avatar\/049821681b589dabc0bc20695993ccebb09f5b5d4d790cd9251b97faac7c652b?s=96&d=blank&r=g\",\"caption\":\"enequipo\"},\"sameAs\":[\"https:\/\/www.facebook.com\/SonoraEE\"]}]}<\/script>\n ","yoast_head_json":{"title":"Sonora en Equipo. Trabaja Salud Sonora en la prevenci\u00f3n del suicidio Sonora","description":"HERMOSILLO, SONORA, MX. \u2014 En el D\u00eda Mundial para la Prevenci\u00f3n del Suicidio, la Secretar\u00eda de Salud (SSP) exhort\u00f3 a las familias a estar atentas a los En Sonora en Equipo publicamos toda la informaci\u00f3n de Sonora, M\u00e9xico y el Mundo de manera oportuna y busca que la libertad de expresi\u00f3n sea real. Visita nuestro medio informativo publicado desde Hermosillo, Sonora. %","robots":{"index":"index","follow":"follow","max-snippet":"max-snippet:-1","max-image-preview":"max-image-preview:large","max-video-preview":"max-video-preview:-1"},"canonical":"https:\/\/www.sonoraenequipo.com.mx\/trabaja-salud-sonora-en-la-prevencion-del-suicidio\/","og_locale":"es_ES","og_type":"article","og_title":"Sonora en Equipo. Trabaja Salud Sonora en la prevenci\u00f3n del suicidio Sonora","og_description":"HERMOSILLO, SONORA, MX. \u2014 En el D\u00eda Mundial para la Prevenci\u00f3n del Suicidio, la Secretar\u00eda de Salud (SSP) exhort\u00f3 a las familias a estar atentas a los En Sonora en Equipo publicamos toda la informaci\u00f3n de Sonora, M\u00e9xico y el Mundo de manera oportuna y busca que la libertad de expresi\u00f3n sea real. Visita nuestro medio informativo publicado desde Hermosillo, Sonora. %","og_url":"https:\/\/www.sonoraenequipo.com.mx\/trabaja-salud-sonora-en-la-prevencion-del-suicidio\/","og_site_name":"Sonora en Equipo.","article_publisher":"https:\/\/www.facebook.com\/SonoraEE\/","article_author":"https:\/\/www.facebook.com\/SonoraEE","article_published_time":"2024-09-10T22:13:31+00:00","og_image":[{"width":600,"height":375,"url":"https:\/\/www.sonoraenequipo.com.mx\/storage\/2021\/09\/suicidio.jpg","type":"image\/jpeg"}],"author":"enequipo","twitter_card":"summary_large_image","twitter_creator":"@sonoraenequipo","twitter_site":"@sonoraenequipo","twitter_misc":{"Escrito por":"enequipo","Tiempo de lectura":"2 minutos"},"schema":{"@context":"https:\/\/schema.org","@graph":[{"@type":"Article","@id":"https:\/\/www.sonoraenequipo.com.mx\/trabaja-salud-sonora-en-la-prevencion-del-suicidio\/#article","isPartOf":{"@id":"https:\/\/www.sonoraenequipo.com.mx\/trabaja-salud-sonora-en-la-prevencion-del-suicidio\/"},"author":{"name":"enequipo","@id":"https:\/\/www.sonoraenequipo.com.mx\/#\/schema\/person\/50102df0fb23a8fa9e8effad8fa81386"},"headline":"Trabaja Salud Sonora en la prevenci\u00f3n del suicidio","datePublished":"2024-09-10T22:13:31+00:00","mainEntityOfPage":{"@id":"https:\/\/www.sonoraenequipo.com.mx\/trabaja-salud-sonora-en-la-prevencion-del-suicidio\/"},"wordCount":391,"commentCount":0,"publisher":{"@id":"https:\/\/www.sonoraenequipo.com.mx\/#organization"},"image":{"@id":"https:\/\/www.sonoraenequipo.com.mx\/trabaja-salud-sonora-en-la-prevencion-del-suicidio\/#primaryimage"},"thumbnailUrl":"https:\/\/www.sonoraenequipo.com.mx\/storage\/2021\/09\/suicidio.jpg","keywords":["suicidio"],"articleSection":["Sonora"],"inLanguage":"es","potentialAction":[{"@type":"CommentAction","name":"Comment","target":["https:\/\/www.sonoraenequipo.com.mx\/trabaja-salud-sonora-en-la-prevencion-del-suicidio\/#respond"]}]},{"@type":"WebPage","@id":"https:\/\/www.sonoraenequipo.com.mx\/trabaja-salud-sonora-en-la-prevencion-del-suicidio\/","url":"https:\/\/www.sonoraenequipo.com.mx\/trabaja-salud-sonora-en-la-prevencion-del-suicidio\/","name":"Sonora en Equipo. Trabaja Salud Sonora en la prevenci\u00f3n del suicidio Sonora","isPartOf":{"@id":"https:\/\/www.sonoraenequipo.com.mx\/#website"},"primaryImageOfPage":{"@id":"https:\/\/www.sonoraenequipo.com.mx\/trabaja-salud-sonora-en-la-prevencion-del-suicidio\/#primaryimage"},"image":{"@id":"https:\/\/www.sonoraenequipo.com.mx\/trabaja-salud-sonora-en-la-prevencion-del-suicidio\/#primaryimage"},"thumbnailUrl":"https:\/\/www.sonoraenequipo.com.mx\/storage\/2021\/09\/suicidio.jpg","datePublished":"2024-09-10T22:13:31+00:00","description":"HERMOSILLO, SONORA, MX. \u2014 En el D\u00eda Mundial para la Prevenci\u00f3n del Suicidio, la Secretar\u00eda de Salud (SSP) exhort\u00f3 a las familias a estar atentas a los En Sonora en Equipo publicamos toda la informaci\u00f3n de Sonora, M\u00e9xico y el Mundo de manera oportuna y busca que la libertad de expresi\u00f3n sea real. Visita nuestro medio informativo publicado desde Hermosillo, Sonora. %","breadcrumb":{"@id":"https:\/\/www.sonoraenequipo.com.mx\/trabaja-salud-sonora-en-la-prevencion-del-suicidio\/#breadcrumb"},"inLanguage":"es","potentialAction":[{"@type":"ReadAction","target":["https:\/\/www.sonoraenequipo.com.mx\/trabaja-salud-sonora-en-la-prevencion-del-suicidio\/"]}]},{"@type":"ImageObject","inLanguage":"es","@id":"https:\/\/www.sonoraenequipo.com.mx\/trabaja-salud-sonora-en-la-prevencion-del-suicidio\/#primaryimage","url":"https:\/\/www.sonoraenequipo.com.mx\/storage\/2021\/09\/suicidio.jpg","contentUrl":"https:\/\/www.sonoraenequipo.com.mx\/storage\/2021\/09\/suicidio.jpg","width":600,"height":375},{"@type":"BreadcrumbList","@id":"https:\/\/www.sonoraenequipo.com.mx\/trabaja-salud-sonora-en-la-prevencion-del-suicidio\/#breadcrumb","itemListElement":[{"@type":"ListItem","position":1,"name":"Portada","item":"https:\/\/www.sonoraenequipo.com.mx\/"},{"@type":"ListItem","position":2,"name":"Trabaja Salud Sonora en la prevenci\u00f3n del suicidio"}]},{"@type":"WebSite","@id":"https:\/\/www.sonoraenequipo.com.mx\/#website","url":"https:\/\/www.sonoraenequipo.com.mx\/","name":"Sonora en Equipo.","description":"Diario en l\u00ednea con Noticias desde Hermosillo, Sonora","publisher":{"@id":"https:\/\/www.sonoraenequipo.com.mx\/#organization"},"potentialAction":[{"@type":"SearchAction","target":{"@type":"EntryPoint","urlTemplate":"https:\/\/www.sonoraenequipo.com.mx\/?s={search_term_string}"},"query-input":{"@type":"PropertyValueSpecification","valueRequired":true,"valueName":"search_term_string"}}],"inLanguage":"es"},{"@type":"Organization","@id":"https:\/\/www.sonoraenequipo.com.mx\/#organization","name":"Sonoraenequipo.com.mx","url":"https:\/\/www.sonoraenequipo.com.mx\/","logo":{"@type":"ImageObject","inLanguage":"es","@id":"https:\/\/www.sonoraenequipo.com.mx\/#\/schema\/logo\/image\/","url":"https:\/\/www.sonoraenequipo.com.mx\/storage\/2019\/01\/sonoraenequipo_opt.png","contentUrl":"https:\/\/www.sonoraenequipo.com.mx\/storage\/2019\/01\/sonoraenequipo_opt.png","width":375,"height":125,"caption":"Sonoraenequipo.com.mx"},"image":{"@id":"https:\/\/www.sonoraenequipo.com.mx\/#\/schema\/logo\/image\/"},"sameAs":["https:\/\/www.facebook.com\/SonoraEE\/","https:\/\/x.com\/sonoraenequipo","https:\/\/www.youtube.com\/channel\/UC338nW-lPEYmJQs4ZABQ1SQ"]},{"@type":"Person","@id":"https:\/\/www.sonoraenequipo.com.mx\/#\/schema\/person\/50102df0fb23a8fa9e8effad8fa81386","name":"enequipo","image":{"@type":"ImageObject","inLanguage":"es","@id":"https:\/\/www.sonoraenequipo.com.mx\/#\/schema\/person\/image\/","url":"https:\/\/secure.gravatar.com\/avatar\/049821681b589dabc0bc20695993ccebb09f5b5d4d790cd9251b97faac7c652b?s=96&d=blank&r=g","contentUrl":"https:\/\/secure.gravatar.com\/avatar\/049821681b589dabc0bc20695993ccebb09f5b5d4d790cd9251b97faac7c652b?s=96&d=blank&r=g","caption":"enequipo"},"sameAs":["https:\/\/www.facebook.com\/SonoraEE"]}]}},"jetpack_featured_media_url":"https:\/\/www.sonoraenequipo.com.mx\/storage\/2021\/09\/suicidio.jpg","_links":{"self":[{"href":"https:\/\/www.sonoraenequipo.com.mx\/api\/wp\/v2\/posts\/198863","targetHints":{"allow":["GET"]}}],"collection":[{"href":"https:\/\/www.sonoraenequipo.com.mx\/api\/wp\/v2\/posts"}],"about":[{"href":"https:\/\/www.sonoraenequipo.com.mx\/api\/wp\/v2\/types\/post"}],"author":[{"embeddable":true,"href":"https:\/\/www.sonoraenequipo.com.mx\/api\/wp\/v2\/users\/1"}],"replies":[{"embeddable":true,"href":"https:\/\/www.sonoraenequipo.com.mx\/api\/wp\/v2\/comments?post=198863"}],"version-history":[{"count":1,"href":"https:\/\/www.sonoraenequipo.com.mx\/api\/wp\/v2\/posts\/198863\/revisions"}],"predecessor-version":[{"id":198865,"href":"https:\/\/www.sonoraenequipo.com.mx\/api\/wp\/v2\/posts\/198863\/revisions\/198865"}],"wp:featuredmedia":[{"embeddable":true,"href":"https:\/\/www.sonoraenequipo.com.mx\/api\/wp\/v2\/media\/122393"}],"wp:attachment":[{"href":"https:\/\/www.sonoraenequipo.com.mx\/api\/wp\/v2\/media?parent=198863"}],"wp:term":[{"taxonomy":"category","embeddable":true,"href":"https:\/\/www.sonoraenequipo.com.mx\/api\/wp\/v2\/categories?post=198863"},{"taxonomy":"post_tag","embeddable":true,"href":"https:\/\/www.sonoraenequipo.com.mx\/api\/wp\/v2\/tags?post=198863"}],"curies":[{"name":"wp","href":"https:\/\/api.w.org\/{rel}","templated":true}]}}