{"id":198864,"date":"2024-09-09T22:20:17","date_gmt":"2024-09-10T05:20:17","guid":{"rendered":"https:\/\/www.sonoraenequipo.com.mx\/?p=198864"},"modified":"2024-09-10T15:30:36","modified_gmt":"2024-09-10T22:30:36","slug":"sheinbaum-revela-donde-vivira-cuando-sea-presidenta","status":"publish","type":"post","link":"https:\/\/www.sonoraenequipo.com.mx\/sheinbaum-revela-donde-vivira-cuando-sea-presidenta\/","title":{"rendered":"Sheinbaum revela d\u00f3nde vivir\u00e1 cuando sea presidenta"},"content":{"rendered":"<p><strong>CIUDAD DE M\u00c9XICO. MX. \u2014<\/strong> A 20 d\u00edas de que tome posesi\u00f3n como presidenta de la Rep\u00fablica, Claudia Sheinbaum Pardo inform\u00f3 que s\u00ed vivir\u00e1 en Palacio Nacional, para seguir la decisi\u00f3n que tom\u00f3 el presidente Andr\u00e9s Manuel L\u00f3pez Obrador; aunque no ser\u00e1 de manera inmediata.<\/p>\n<p> <\/p>\n<p>En conferencia en su casa de transici\u00f3n, luego de tomar unos d\u00edas de vacaciones y acompa\u00f1ar al tabasque\u00f1o a una gira de trabajo por el sureste del pa\u00eds, la n\u00famero 13 desde que gan\u00f3 las elecciones, la morenista inform\u00f3 de su decisi\u00f3n: <em><strong>\u201cS\u00ed, s\u00ed voy a vivir en Palacio. Ya, esa es la nota de hoy\u201d.<\/strong><\/em><\/p>\n<p>La exjefa de gobierno de la Ciudad de M\u00e9xico detall\u00f3 que dar\u00e1 <strong>\u201cespacio\u201d<\/strong> al presidente L\u00f3pez Obrador y a su familia que seguir\u00e1n viviendo ah\u00ed, al menos, hasta la noche del 30 de septiembre o el 1 de octubre, cuando ella recibir\u00e1 la banda presidencial.<\/p>\n<p>Por ello, dijo,<em><strong> \u201cun tiempo voy a seguir viviendo en mi casa, bueno en mi departamento, bueno en el departamento que rento jeje, que fue el tema del debate. Ya avis\u00e9 a quien lo rento el departamento que lo vamos a dejar en diciembre. Tengo una renta hasta diciembre\u201d.<\/strong><\/em><\/p>\n<p>Y expuso sus razones: <strong><em>\u201cDe todas maneras yo, en este momento, no tengo una casa propia en donde me pueda quedar a vivir, que eso, digamos, es secundario, pero creo que primero es la parte, digamos, de que trabajas en Palacio y vives ah\u00ed. Eso te permite disponer de la mayor parte del tiempo\u201d.<\/em><\/strong><\/p>\n<p>Agreg\u00f3 que<em><strong> \u201cuna vez que el presidente ha puesto la idea de vivir en Palacio Nacional, no regresar\u00eda a Los Pinos, evidentemente, no vivir\u00eda en el Castillo de Chapultepec. Entonces, est\u00e1 ah\u00ed adecuado un departamento donde hoy vive el presidente y su familia\u201d.<\/strong><\/em><\/p>\n<p>Sheinbaum Pardo coment\u00f3 que solo conoce dicho departamento por fuera y aclar\u00f3 que en \u00e9l solo vivir\u00e1 con su esposo Jes\u00fas Mar\u00eda Tarriba, pues su hija Mariana Imaz Sheinbaum y su hijastro Rodrigo Imaz Alarc\u00f3n viven cada uno por su cuenta.<\/p>\n<p>PUBLICADO EL 09 DE SEPTIEMBRE DE 2024 Con informaci\u00f3n de PROCESO)<\/p>\n","protected":false},"excerpt":{"rendered":"<p>CIUDAD DE M\u00c9XICO. MX. \u2014 A 20 d\u00edas de que tome posesi\u00f3n como presidenta de&#8230;<\/p>\n","protected":false},"author":1,"featured_media":198867,"comment_status":"open","ping_status":"open","sticky":false,"template":"","format":"standard","meta":{"_monsterinsights_skip_tracking":false,"_monsterinsights_sitenote_active":false,"_monsterinsights_sitenote_note":"","_monsterinsights_sitenote_category":0,"footnotes":""},"categories":[5],"tags":[],"class_list":["post"],"yoast_head":" \n<title>Sonora en Equipo. Sheinbaum revela d\u00f3nde vivir\u00e1 cuando sea presidenta Rep\u00fablica<\/title>\n<meta name=\"description\" content=\"CIUDAD DE M\u00c9XICO. MX. \u2014 A 20 d\u00edas de que tome posesi\u00f3n como presidenta de la Rep\u00fablica, Claudia Sheinbaum Pardo inform\u00f3 que s\u00ed vivir\u00e1 en Palacio Nacional, En Sonora en Equipo publicamos toda la informaci\u00f3n de Sonora, M\u00e9xico y el Mundo de manera oportuna y busca que la libertad de expresi\u00f3n sea real. Visita nuestro medio informativo publicado desde Hermosillo, Sonora. %\" \/>\n<meta name=\"robots\" content=\"index, follow, max-snippet:-1, max-image-preview:large, max-video-preview:-1\" \/>\n<link rel=\"canonical\" href=\"https:\/\/www.sonoraenequipo.com.mx\/sheinbaum-revela-donde-vivira-cuando-sea-presidenta\/\" \/>\n<meta property=\"og:locale\" content=\"es_ES\" \/>\n<meta property=\"og:type\" content=\"article\" \/>\n<meta property=\"og:title\" content=\"Sonora en Equipo. Sheinbaum revela d\u00f3nde vivir\u00e1 cuando sea presidenta Rep\u00fablica\" \/>\n<meta property=\"og:description\" content=\"CIUDAD DE M\u00c9XICO. MX. \u2014 A 20 d\u00edas de que tome posesi\u00f3n como presidenta de la Rep\u00fablica, Claudia Sheinbaum Pardo inform\u00f3 que s\u00ed vivir\u00e1 en Palacio Nacional, En Sonora en Equipo publicamos toda la informaci\u00f3n de Sonora, M\u00e9xico y el Mundo de manera oportuna y busca que la libertad de expresi\u00f3n sea real. Visita nuestro medio informativo publicado desde Hermosillo, Sonora. %\" \/>\n<meta property=\"og:url\" content=\"https:\/\/www.sonoraenequipo.com.mx\/sheinbaum-revela-donde-vivira-cuando-sea-presidenta\/\" \/>\n<meta property=\"og:site_name\" content=\"Sonora en Equipo.\" \/>\n<meta property=\"article:publisher\" content=\"https:\/\/www.facebook.com\/SonoraEE\/\" \/>\n<meta property=\"article:author\" content=\"https:\/\/www.facebook.com\/SonoraEE\" \/>\n<meta property=\"article:published_time\" content=\"2024-09-10T05:20:17+00:00\" \/>\n<meta property=\"article:modified_time\" content=\"2024-09-10T22:30:36+00:00\" \/>\n<meta property=\"og:image\" content=\"https:\/\/www.sonoraenequipo.com.mx\/storage\/2024\/09\/CLAUDIA-SHEINBAUM-vivira-en-Palacio-Nacional-min.jpg\" \/>\n\t<meta property=\"og:image:width\" content=\"900\" \/>\n\t<meta property=\"og:image:height\" content=\"543\" \/>\n\t<meta property=\"og:image:type\" content=\"image\/jpeg\" \/>\n<meta name=\"author\" content=\"enequipo\" \/>\n<meta name=\"twitter:card\" content=\"summary_large_image\" \/>\n<meta name=\"twitter:creator\" content=\"@sonoraenequipo\" \/>\n<meta name=\"twitter:site\" content=\"@sonoraenequipo\" \/>\n<meta name=\"twitter:label1\" content=\"Escrito por\" \/>\n\t<meta name=\"twitter:data1\" content=\"enequipo\" \/>\n\t<meta name=\"twitter:label2\" content=\"Tiempo de lectura\" \/>\n\t<meta name=\"twitter:data2\" content=\"2 minutos\" \/>\n<script type=\"application\/ld+json\" class=\"yoast-schema-graph\">{\"@context\":\"https:\/\/schema.org\",\"@graph\":[{\"@type\":\"Article\",\"@id\":\"https:\/\/www.sonoraenequipo.com.mx\/sheinbaum-revela-donde-vivira-cuando-sea-presidenta\/#article\",\"isPartOf\":{\"@id\":\"https:\/\/www.sonoraenequipo.com.mx\/sheinbaum-revela-donde-vivira-cuando-sea-presidenta\/\"},\"author\":{\"name\":\"enequipo\",\"@id\":\"https:\/\/www.sonoraenequipo.com.mx\/#\/schema\/person\/50102df0fb23a8fa9e8effad8fa81386\"},\"headline\":\"Sheinbaum revela d\u00f3nde vivir\u00e1 cuando sea presidenta\",\"datePublished\":\"2024-09-10T05:20:17+00:00\",\"dateModified\":\"2024-09-10T22:30:36+00:00\",\"mainEntityOfPage\":{\"@id\":\"https:\/\/www.sonoraenequipo.com.mx\/sheinbaum-revela-donde-vivira-cuando-sea-presidenta\/\"},\"wordCount\":368,\"commentCount\":0,\"publisher\":{\"@id\":\"https:\/\/www.sonoraenequipo.com.mx\/#organization\"},\"image\":{\"@id\":\"https:\/\/www.sonoraenequipo.com.mx\/sheinbaum-revela-donde-vivira-cuando-sea-presidenta\/#primaryimage\"},\"thumbnailUrl\":\"https:\/\/www.sonoraenequipo.com.mx\/storage\/2024\/09\/CLAUDIA-SHEINBAUM-vivira-en-Palacio-Nacional-min.jpg\",\"articleSection\":[\"Rep\u00fablica\"],\"inLanguage\":\"es\",\"potentialAction\":[{\"@type\":\"CommentAction\",\"name\":\"Comment\",\"target\":[\"https:\/\/www.sonoraenequipo.com.mx\/sheinbaum-revela-donde-vivira-cuando-sea-presidenta\/#respond\"]}]},{\"@type\":\"WebPage\",\"@id\":\"https:\/\/www.sonoraenequipo.com.mx\/sheinbaum-revela-donde-vivira-cuando-sea-presidenta\/\",\"url\":\"https:\/\/www.sonoraenequipo.com.mx\/sheinbaum-revela-donde-vivira-cuando-sea-presidenta\/\",\"name\":\"Sonora en Equipo. Sheinbaum revela d\u00f3nde vivir\u00e1 cuando sea presidenta Rep\u00fablica\",\"isPartOf\":{\"@id\":\"https:\/\/www.sonoraenequipo.com.mx\/#website\"},\"primaryImageOfPage\":{\"@id\":\"https:\/\/www.sonoraenequipo.com.mx\/sheinbaum-revela-donde-vivira-cuando-sea-presidenta\/#primaryimage\"},\"image\":{\"@id\":\"https:\/\/www.sonoraenequipo.com.mx\/sheinbaum-revela-donde-vivira-cuando-sea-presidenta\/#primaryimage\"},\"thumbnailUrl\":\"https:\/\/www.sonoraenequipo.com.mx\/storage\/2024\/09\/CLAUDIA-SHEINBAUM-vivira-en-Palacio-Nacional-min.jpg\",\"datePublished\":\"2024-09-10T05:20:17+00:00\",\"dateModified\":\"2024-09-10T22:30:36+00:00\",\"description\":\"CIUDAD DE M\u00c9XICO. MX. \u2014 A 20 d\u00edas de que tome posesi\u00f3n como presidenta de la Rep\u00fablica, Claudia Sheinbaum Pardo inform\u00f3 que s\u00ed vivir\u00e1 en Palacio Nacional, En Sonora en Equipo publicamos toda la informaci\u00f3n de Sonora, M\u00e9xico y el Mundo de manera oportuna y busca que la libertad de expresi\u00f3n sea real. Visita nuestro medio informativo publicado desde Hermosillo, Sonora. %\",\"breadcrumb\":{\"@id\":\"https:\/\/www.sonoraenequipo.com.mx\/sheinbaum-revela-donde-vivira-cuando-sea-presidenta\/#breadcrumb\"},\"inLanguage\":\"es\",\"potentialAction\":[{\"@type\":\"ReadAction\",\"target\":[\"https:\/\/www.sonoraenequipo.com.mx\/sheinbaum-revela-donde-vivira-cuando-sea-presidenta\/\"]}]},{\"@type\":\"ImageObject\",\"inLanguage\":\"es\",\"@id\":\"https:\/\/www.sonoraenequipo.com.mx\/sheinbaum-revela-donde-vivira-cuando-sea-presidenta\/#primaryimage\",\"url\":\"https:\/\/www.sonoraenequipo.com.mx\/storage\/2024\/09\/CLAUDIA-SHEINBAUM-vivira-en-Palacio-Nacional-min.jpg\",\"contentUrl\":\"https:\/\/www.sonoraenequipo.com.mx\/storage\/2024\/09\/CLAUDIA-SHEINBAUM-vivira-en-Palacio-Nacional-min.jpg\",\"width\":900,\"height\":543},{\"@type\":\"BreadcrumbList\",\"@id\":\"https:\/\/www.sonoraenequipo.com.mx\/sheinbaum-revela-donde-vivira-cuando-sea-presidenta\/#breadcrumb\",\"itemListElement\":[{\"@type\":\"ListItem\",\"position\":1,\"name\":\"Portada\",\"item\":\"https:\/\/www.sonoraenequipo.com.mx\/\"},{\"@type\":\"ListItem\",\"position\":2,\"name\":\"Sheinbaum revela d\u00f3nde vivir\u00e1 cuando sea presidenta\"}]},{\"@type\":\"WebSite\",\"@id\":\"https:\/\/www.sonoraenequipo.com.mx\/#website\",\"url\":\"https:\/\/www.sonoraenequipo.com.mx\/\",\"name\":\"Sonora en Equipo.\",\"description\":\"Diario en l\u00ednea con Noticias desde Hermosillo, Sonora\",\"publisher\":{\"@id\":\"https:\/\/www.sonoraenequipo.com.mx\/#organization\"},\"potentialAction\":[{\"@type\":\"SearchAction\",\"target\":{\"@type\":\"EntryPoint\",\"urlTemplate\":\"https:\/\/www.sonoraenequipo.com.mx\/?s={search_term_string}\"},\"query-input\":{\"@type\":\"PropertyValueSpecification\",\"valueRequired\":true,\"valueName\":\"search_term_string\"}}],\"inLanguage\":\"es\"},{\"@type\":\"Organization\",\"@id\":\"https:\/\/www.sonoraenequipo.com.mx\/#organization\",\"name\":\"Sonoraenequipo.com.mx\",\"url\":\"https:\/\/www.sonoraenequipo.com.mx\/\",\"logo\":{\"@type\":\"ImageObject\",\"inLanguage\":\"es\",\"@id\":\"https:\/\/www.sonoraenequipo.com.mx\/#\/schema\/logo\/image\/\",\"url\":\"https:\/\/www.sonoraenequipo.com.mx\/storage\/2019\/01\/sonoraenequipo_opt.png\",\"contentUrl\":\"https:\/\/www.sonoraenequipo.com.mx\/storage\/2019\/01\/sonoraenequipo_opt.png\",\"width\":375,\"height\":125,\"caption\":\"Sonoraenequipo.com.mx\"},\"image\":{\"@id\":\"https:\/\/www.sonoraenequipo.com.mx\/#\/schema\/logo\/image\/\"},\"sameAs\":[\"https:\/\/www.facebook.com\/SonoraEE\/\",\"https:\/\/x.com\/sonoraenequipo\",\"https:\/\/www.youtube.com\/channel\/UC338nW-lPEYmJQs4ZABQ1SQ\"]},{\"@type\":\"Person\",\"@id\":\"https:\/\/www.sonoraenequipo.com.mx\/#\/schema\/person\/50102df0fb23a8fa9e8effad8fa81386\",\"name\":\"enequipo\",\"image\":{\"@type\":\"ImageObject\",\"inLanguage\":\"es\",\"@id\":\"https:\/\/www.sonoraenequipo.com.mx\/#\/schema\/person\/image\/\",\"url\":\"https:\/\/secure.gravatar.com\/avatar\/049821681b589dabc0bc20695993ccebb09f5b5d4d790cd9251b97faac7c652b?s=96&d=blank&r=g\",\"contentUrl\":\"https:\/\/secure.gravatar.com\/avatar\/049821681b589dabc0bc20695993ccebb09f5b5d4d790cd9251b97faac7c652b?s=96&d=blank&r=g\",\"caption\":\"enequipo\"},\"sameAs\":[\"https:\/\/www.facebook.com\/SonoraEE\"]}]}<\/script>\n ","yoast_head_json":{"title":"Sonora en Equipo. Sheinbaum revela d\u00f3nde vivir\u00e1 cuando sea presidenta Rep\u00fablica","description":"CIUDAD DE M\u00c9XICO. MX. \u2014 A 20 d\u00edas de que tome posesi\u00f3n como presidenta de la Rep\u00fablica, Claudia Sheinbaum Pardo inform\u00f3 que s\u00ed vivir\u00e1 en Palacio Nacional, En Sonora en Equipo publicamos toda la informaci\u00f3n de Sonora, M\u00e9xico y el Mundo de manera oportuna y busca que la libertad de expresi\u00f3n sea real. Visita nuestro medio informativo publicado desde Hermosillo, Sonora. %","robots":{"index":"index","follow":"follow","max-snippet":"max-snippet:-1","max-image-preview":"max-image-preview:large","max-video-preview":"max-video-preview:-1"},"canonical":"https:\/\/www.sonoraenequipo.com.mx\/sheinbaum-revela-donde-vivira-cuando-sea-presidenta\/","og_locale":"es_ES","og_type":"article","og_title":"Sonora en Equipo. Sheinbaum revela d\u00f3nde vivir\u00e1 cuando sea presidenta Rep\u00fablica","og_description":"CIUDAD DE M\u00c9XICO. MX. \u2014 A 20 d\u00edas de que tome posesi\u00f3n como presidenta de la Rep\u00fablica, Claudia Sheinbaum Pardo inform\u00f3 que s\u00ed vivir\u00e1 en Palacio Nacional, En Sonora en Equipo publicamos toda la informaci\u00f3n de Sonora, M\u00e9xico y el Mundo de manera oportuna y busca que la libertad de expresi\u00f3n sea real. Visita nuestro medio informativo publicado desde Hermosillo, Sonora. %","og_url":"https:\/\/www.sonoraenequipo.com.mx\/sheinbaum-revela-donde-vivira-cuando-sea-presidenta\/","og_site_name":"Sonora en Equipo.","article_publisher":"https:\/\/www.facebook.com\/SonoraEE\/","article_author":"https:\/\/www.facebook.com\/SonoraEE","article_published_time":"2024-09-10T05:20:17+00:00","article_modified_time":"2024-09-10T22:30:36+00:00","og_image":[{"width":900,"height":543,"url":"https:\/\/www.sonoraenequipo.com.mx\/storage\/2024\/09\/CLAUDIA-SHEINBAUM-vivira-en-Palacio-Nacional-min.jpg","type":"image\/jpeg"}],"author":"enequipo","twitter_card":"summary_large_image","twitter_creator":"@sonoraenequipo","twitter_site":"@sonoraenequipo","twitter_misc":{"Escrito por":"enequipo","Tiempo de lectura":"2 minutos"},"schema":{"@context":"https:\/\/schema.org","@graph":[{"@type":"Article","@id":"https:\/\/www.sonoraenequipo.com.mx\/sheinbaum-revela-donde-vivira-cuando-sea-presidenta\/#article","isPartOf":{"@id":"https:\/\/www.sonoraenequipo.com.mx\/sheinbaum-revela-donde-vivira-cuando-sea-presidenta\/"},"author":{"name":"enequipo","@id":"https:\/\/www.sonoraenequipo.com.mx\/#\/schema\/person\/50102df0fb23a8fa9e8effad8fa81386"},"headline":"Sheinbaum revela d\u00f3nde vivir\u00e1 cuando sea presidenta","datePublished":"2024-09-10T05:20:17+00:00","dateModified":"2024-09-10T22:30:36+00:00","mainEntityOfPage":{"@id":"https:\/\/www.sonoraenequipo.com.mx\/sheinbaum-revela-donde-vivira-cuando-sea-presidenta\/"},"wordCount":368,"commentCount":0,"publisher":{"@id":"https:\/\/www.sonoraenequipo.com.mx\/#organization"},"image":{"@id":"https:\/\/www.sonoraenequipo.com.mx\/sheinbaum-revela-donde-vivira-cuando-sea-presidenta\/#primaryimage"},"thumbnailUrl":"https:\/\/www.sonoraenequipo.com.mx\/storage\/2024\/09\/CLAUDIA-SHEINBAUM-vivira-en-Palacio-Nacional-min.jpg","articleSection":["Rep\u00fablica"],"inLanguage":"es","potentialAction":[{"@type":"CommentAction","name":"Comment","target":["https:\/\/www.sonoraenequipo.com.mx\/sheinbaum-revela-donde-vivira-cuando-sea-presidenta\/#respond"]}]},{"@type":"WebPage","@id":"https:\/\/www.sonoraenequipo.com.mx\/sheinbaum-revela-donde-vivira-cuando-sea-presidenta\/","url":"https:\/\/www.sonoraenequipo.com.mx\/sheinbaum-revela-donde-vivira-cuando-sea-presidenta\/","name":"Sonora en Equipo. Sheinbaum revela d\u00f3nde vivir\u00e1 cuando sea presidenta Rep\u00fablica","isPartOf":{"@id":"https:\/\/www.sonoraenequipo.com.mx\/#website"},"primaryImageOfPage":{"@id":"https:\/\/www.sonoraenequipo.com.mx\/sheinbaum-revela-donde-vivira-cuando-sea-presidenta\/#primaryimage"},"image":{"@id":"https:\/\/www.sonoraenequipo.com.mx\/sheinbaum-revela-donde-vivira-cuando-sea-presidenta\/#primaryimage"},"thumbnailUrl":"https:\/\/www.sonoraenequipo.com.mx\/storage\/2024\/09\/CLAUDIA-SHEINBAUM-vivira-en-Palacio-Nacional-min.jpg","datePublished":"2024-09-10T05:20:17+00:00","dateModified":"2024-09-10T22:30:36+00:00","description":"CIUDAD DE M\u00c9XICO. MX. \u2014 A 20 d\u00edas de que tome posesi\u00f3n como presidenta de la Rep\u00fablica, Claudia Sheinbaum Pardo inform\u00f3 que s\u00ed vivir\u00e1 en Palacio Nacional, En Sonora en Equipo publicamos toda la informaci\u00f3n de Sonora, M\u00e9xico y el Mundo de manera oportuna y busca que la libertad de expresi\u00f3n sea real. Visita nuestro medio informativo publicado desde Hermosillo, Sonora. %","breadcrumb":{"@id":"https:\/\/www.sonoraenequipo.com.mx\/sheinbaum-revela-donde-vivira-cuando-sea-presidenta\/#breadcrumb"},"inLanguage":"es","potentialAction":[{"@type":"ReadAction","target":["https:\/\/www.sonoraenequipo.com.mx\/sheinbaum-revela-donde-vivira-cuando-sea-presidenta\/"]}]},{"@type":"ImageObject","inLanguage":"es","@id":"https:\/\/www.sonoraenequipo.com.mx\/sheinbaum-revela-donde-vivira-cuando-sea-presidenta\/#primaryimage","url":"https:\/\/www.sonoraenequipo.com.mx\/storage\/2024\/09\/CLAUDIA-SHEINBAUM-vivira-en-Palacio-Nacional-min.jpg","contentUrl":"https:\/\/www.sonoraenequipo.com.mx\/storage\/2024\/09\/CLAUDIA-SHEINBAUM-vivira-en-Palacio-Nacional-min.jpg","width":900,"height":543},{"@type":"BreadcrumbList","@id":"https:\/\/www.sonoraenequipo.com.mx\/sheinbaum-revela-donde-vivira-cuando-sea-presidenta\/#breadcrumb","itemListElement":[{"@type":"ListItem","position":1,"name":"Portada","item":"https:\/\/www.sonoraenequipo.com.mx\/"},{"@type":"ListItem","position":2,"name":"Sheinbaum revela d\u00f3nde vivir\u00e1 cuando sea presidenta"}]},{"@type":"WebSite","@id":"https:\/\/www.sonoraenequipo.com.mx\/#website","url":"https:\/\/www.sonoraenequipo.com.mx\/","name":"Sonora en Equipo.","description":"Diario en l\u00ednea con Noticias desde Hermosillo, Sonora","publisher":{"@id":"https:\/\/www.sonoraenequipo.com.mx\/#organization"},"potentialAction":[{"@type":"SearchAction","target":{"@type":"EntryPoint","urlTemplate":"https:\/\/www.sonoraenequipo.com.mx\/?s={search_term_string}"},"query-input":{"@type":"PropertyValueSpecification","valueRequired":true,"valueName":"search_term_string"}}],"inLanguage":"es"},{"@type":"Organization","@id":"https:\/\/www.sonoraenequipo.com.mx\/#organization","name":"Sonoraenequipo.com.mx","url":"https:\/\/www.sonoraenequipo.com.mx\/","logo":{"@type":"ImageObject","inLanguage":"es","@id":"https:\/\/www.sonoraenequipo.com.mx\/#\/schema\/logo\/image\/","url":"https:\/\/www.sonoraenequipo.com.mx\/storage\/2019\/01\/sonoraenequipo_opt.png","contentUrl":"https:\/\/www.sonoraenequipo.com.mx\/storage\/2019\/01\/sonoraenequipo_opt.png","width":375,"height":125,"caption":"Sonoraenequipo.com.mx"},"image":{"@id":"https:\/\/www.sonoraenequipo.com.mx\/#\/schema\/logo\/image\/"},"sameAs":["https:\/\/www.facebook.com\/SonoraEE\/","https:\/\/x.com\/sonoraenequipo","https:\/\/www.youtube.com\/channel\/UC338nW-lPEYmJQs4ZABQ1SQ"]},{"@type":"Person","@id":"https:\/\/www.sonoraenequipo.com.mx\/#\/schema\/person\/50102df0fb23a8fa9e8effad8fa81386","name":"enequipo","image":{"@type":"ImageObject","inLanguage":"es","@id":"https:\/\/www.sonoraenequipo.com.mx\/#\/schema\/person\/image\/","url":"https:\/\/secure.gravatar.com\/avatar\/049821681b589dabc0bc20695993ccebb09f5b5d4d790cd9251b97faac7c652b?s=96&d=blank&r=g","contentUrl":"https:\/\/secure.gravatar.com\/avatar\/049821681b589dabc0bc20695993ccebb09f5b5d4d790cd9251b97faac7c652b?s=96&d=blank&r=g","caption":"enequipo"},"sameAs":["https:\/\/www.facebook.com\/SonoraEE"]}]}},"jetpack_featured_media_url":"https:\/\/www.sonoraenequipo.com.mx\/storage\/2024\/09\/CLAUDIA-SHEINBAUM-vivira-en-Palacio-Nacional-min.jpg","_links":{"self":[{"href":"https:\/\/www.sonoraenequipo.com.mx\/api\/wp\/v2\/posts\/198864","targetHints":{"allow":["GET"]}}],"collection":[{"href":"https:\/\/www.sonoraenequipo.com.mx\/api\/wp\/v2\/posts"}],"about":[{"href":"https:\/\/www.sonoraenequipo.com.mx\/api\/wp\/v2\/types\/post"}],"author":[{"embeddable":true,"href":"https:\/\/www.sonoraenequipo.com.mx\/api\/wp\/v2\/users\/1"}],"replies":[{"embeddable":true,"href":"https:\/\/www.sonoraenequipo.com.mx\/api\/wp\/v2\/comments?post=198864"}],"version-history":[{"count":2,"href":"https:\/\/www.sonoraenequipo.com.mx\/api\/wp\/v2\/posts\/198864\/revisions"}],"predecessor-version":[{"id":198872,"href":"https:\/\/www.sonoraenequipo.com.mx\/api\/wp\/v2\/posts\/198864\/revisions\/198872"}],"wp:featuredmedia":[{"embeddable":true,"href":"https:\/\/www.sonoraenequipo.com.mx\/api\/wp\/v2\/media\/198867"}],"wp:attachment":[{"href":"https:\/\/www.sonoraenequipo.com.mx\/api\/wp\/v2\/media?parent=198864"}],"wp:term":[{"taxonomy":"category","embeddable":true,"href":"https:\/\/www.sonoraenequipo.com.mx\/api\/wp\/v2\/categories?post=198864"},{"taxonomy":"post_tag","embeddable":true,"href":"https:\/\/www.sonoraenequipo.com.mx\/api\/wp\/v2\/tags?post=198864"}],"curies":[{"name":"wp","href":"https:\/\/api.w.org\/{rel}","templated":true}]}}