{"id":198869,"date":"2024-09-10T15:33:16","date_gmt":"2024-09-10T22:33:16","guid":{"rendered":"https:\/\/www.sonoraenequipo.com.mx\/?p=198869"},"modified":"2024-09-10T15:33:16","modified_gmt":"2024-09-10T22:33:16","slug":"consolida-gobernador-durazo-modernizacion-del-puerto-de-guaymas-como-puerta-logistica-del-noroeste","status":"publish","type":"post","link":"https:\/\/www.sonoraenequipo.com.mx\/consolida-gobernador-durazo-modernizacion-del-puerto-de-guaymas-como-puerta-logistica-del-noroeste\/","title":{"rendered":"Consolida Gobernador Durazo modernizaci\u00f3n del Puerto de Guaymas como puerta log\u00edstica del noroeste"},"content":{"rendered":"<p><strong>HERMOSILLO, SONORA, MX.<\/strong> \u2014 Con las obras que conforman la modernizaci\u00f3n del Puerto de Guaymas, a tres a\u00f1os de administraci\u00f3n del gobernador Alfonso Durazo, Sonora recupera su grandeza y escala para convertirse en referente nacional para el comercio mundial y el turismo de gran calado.<\/p>\n<p>&nbsp;<\/p>\n<p>&nbsp;<\/p>\n<p>&nbsp;<\/p>\n<p>&nbsp;<\/p>\n<p>&nbsp;<\/p>\n<p>En v\u00edspera de la presentaci\u00f3n de su Tercer Informe de Gobierno, el mandatario estatal, se\u00f1al\u00f3 que entre 2022 y 2024 se pusieron en marcha 13 obras estrat\u00e9gicas con una inversi\u00f3n total de 3 mil 494 millones de pesos, de las cuales han sido inauguradas la modernizaci\u00f3n de la carretera Guaymas-Chihuahua, la rehabilitaci\u00f3n del muelle de usos m\u00faltiples, almac\u00e9n frigor\u00edfico, nuevas v\u00edas ferroviarias, rehabilitaci\u00f3n del patio de \u00e1reas de almacenaje del puerto, as\u00ed como la rehabilitaci\u00f3n de la avenida Aquiles Serd\u00e1n y la Plaza de los Tres Presidentes.<\/p>\n<p>&nbsp;<\/p>\n<p>&nbsp;<\/p>\n<p>&nbsp;<\/p>\n<p>&nbsp;<\/p>\n<p>\u201cCon la modernizaci\u00f3n del Puerto de Guaymas conectamos a Sonora con el mundo, gracias a su relanzamiento como un centro log\u00edstico de primer nivel, que marcar\u00e1 un antes y un despu\u00e9s en el estado, desde el crecimiento econ\u00f3mico, desarrollo y comercio hasta su operatividad de vanguardia que potenciar\u00e1 el turismo, la conectividad y alianzas estrat\u00e9gicas con empresas internacionales\u00bb, indic\u00f3.<\/p>\n<p>&nbsp;<\/p>\n<p>&nbsp;<\/p>\n<p>&nbsp;<\/p>\n<p>&nbsp;<\/p>\n<p>Para este hist\u00f3rico proyecto se conjugaron las gestiones del Gobierno de Sonora con la Administraci\u00f3n del Sistema Portuario Nacional de Guaymas (ASIPONA) y la Secretar\u00eda de Marina (SEMAR), entidades que asumieron la misi\u00f3n de la modernizaci\u00f3n y expansi\u00f3n del Puerto de Guaymas, lo que implica la implementaci\u00f3n de un dise\u00f1o portuario de \u00faltima generaci\u00f3n, aprovechando el uso estrat\u00e9gico del espacio.<\/p>\n<p>&nbsp;<\/p>\n<p>&nbsp;<\/p>\n<p>&nbsp;<\/p>\n<p>&nbsp;<\/p>\n<p>El mandatario estatal mencion\u00f3 que el Puerto de Guaymas funge como una plataforma log\u00edstica vers\u00e1til y eficiente que facilita la conexi\u00f3n efectiva entre el noroeste de M\u00e9xico y el resto del mundo, lo cual se ha logrado a trav\u00e9s del uso de infraestructura, equipamiento y procesos de alto nivel, con un enfoque en la protecci\u00f3n del medio ambiente y estrictos protocolos de seguridad, traduci\u00e9ndose en desarrollo econ\u00f3mico y generaci\u00f3n de empleos.<\/p>\n<p><strong>Fecha de publicaci\u00f3n martes 10 de septiembre de 2024<\/strong><\/p>\n","protected":false},"excerpt":{"rendered":"<p>HERMOSILLO, SONORA, MX. \u2014 Con las obras que conforman la modernizaci\u00f3n del Puerto de Guaymas,&#8230;<\/p>\n","protected":false},"author":1,"featured_media":198874,"comment_status":"open","ping_status":"open","sticky":false,"template":"","format":"standard","meta":{"_monsterinsights_skip_tracking":false,"_monsterinsights_sitenote_active":false,"_monsterinsights_sitenote_note":"","_monsterinsights_sitenote_category":0,"footnotes":""},"categories":[22],"tags":[9297],"class_list":["post"],"yoast_head":" \n<title>Sonora en Equipo. Consolida Gobernador Durazo modernizaci\u00f3n del Puerto de Guaymas como puerta log\u00edstica del noroeste Sonora<\/title>\n<meta name=\"description\" content=\"HERMOSILLO, SONORA, MX. \u2014 Con las obras que conforman la modernizaci\u00f3n del Puerto de Guaymas, a tres a\u00f1os de administraci\u00f3n del gobernador Alfonso Durazo, En Sonora en Equipo publicamos toda la informaci\u00f3n de Sonora, M\u00e9xico y el Mundo de manera oportuna y busca que la libertad de expresi\u00f3n sea real. Visita nuestro medio informativo publicado desde Hermosillo, Sonora. %\" \/>\n<meta name=\"robots\" content=\"index, follow, max-snippet:-1, max-image-preview:large, max-video-preview:-1\" \/>\n<link rel=\"canonical\" href=\"https:\/\/www.sonoraenequipo.com.mx\/consolida-gobernador-durazo-modernizacion-del-puerto-de-guaymas-como-puerta-logistica-del-noroeste\/\" \/>\n<meta property=\"og:locale\" content=\"es_ES\" \/>\n<meta property=\"og:type\" content=\"article\" \/>\n<meta property=\"og:title\" content=\"Sonora en Equipo. Consolida Gobernador Durazo modernizaci\u00f3n del Puerto de Guaymas como puerta log\u00edstica del noroeste Sonora\" \/>\n<meta property=\"og:description\" content=\"HERMOSILLO, SONORA, MX. \u2014 Con las obras que conforman la modernizaci\u00f3n del Puerto de Guaymas, a tres a\u00f1os de administraci\u00f3n del gobernador Alfonso Durazo, En Sonora en Equipo publicamos toda la informaci\u00f3n de Sonora, M\u00e9xico y el Mundo de manera oportuna y busca que la libertad de expresi\u00f3n sea real. Visita nuestro medio informativo publicado desde Hermosillo, Sonora. %\" \/>\n<meta property=\"og:url\" content=\"https:\/\/www.sonoraenequipo.com.mx\/consolida-gobernador-durazo-modernizacion-del-puerto-de-guaymas-como-puerta-logistica-del-noroeste\/\" \/>\n<meta property=\"og:site_name\" content=\"Sonora en Equipo.\" \/>\n<meta property=\"article:publisher\" content=\"https:\/\/www.facebook.com\/SonoraEE\/\" \/>\n<meta property=\"article:author\" content=\"https:\/\/www.facebook.com\/SonoraEE\" \/>\n<meta property=\"article:published_time\" content=\"2024-09-10T22:33:16+00:00\" \/>\n<meta property=\"og:image\" content=\"https:\/\/www.sonoraenequipo.com.mx\/storage\/2024\/09\/puerto-gms.jpg\" \/>\n\t<meta property=\"og:image:width\" content=\"600\" \/>\n\t<meta property=\"og:image:height\" content=\"408\" \/>\n\t<meta property=\"og:image:type\" content=\"image\/jpeg\" \/>\n<meta name=\"author\" content=\"enequipo\" \/>\n<meta name=\"twitter:card\" content=\"summary_large_image\" \/>\n<meta name=\"twitter:creator\" content=\"@sonoraenequipo\" \/>\n<meta name=\"twitter:site\" content=\"@sonoraenequipo\" \/>\n<meta name=\"twitter:label1\" content=\"Escrito por\" \/>\n\t<meta name=\"twitter:data1\" content=\"enequipo\" \/>\n\t<meta name=\"twitter:label2\" content=\"Tiempo de lectura\" \/>\n\t<meta name=\"twitter:data2\" content=\"2 minutos\" \/>\n<script type=\"application\/ld+json\" class=\"yoast-schema-graph\">{\"@context\":\"https:\/\/schema.org\",\"@graph\":[{\"@type\":\"Article\",\"@id\":\"https:\/\/www.sonoraenequipo.com.mx\/consolida-gobernador-durazo-modernizacion-del-puerto-de-guaymas-como-puerta-logistica-del-noroeste\/#article\",\"isPartOf\":{\"@id\":\"https:\/\/www.sonoraenequipo.com.mx\/consolida-gobernador-durazo-modernizacion-del-puerto-de-guaymas-como-puerta-logistica-del-noroeste\/\"},\"author\":{\"name\":\"enequipo\",\"@id\":\"https:\/\/www.sonoraenequipo.com.mx\/#\/schema\/person\/50102df0fb23a8fa9e8effad8fa81386\"},\"headline\":\"Consolida Gobernador Durazo modernizaci\u00f3n del Puerto de Guaymas como puerta log\u00edstica del noroeste\",\"datePublished\":\"2024-09-10T22:33:16+00:00\",\"mainEntityOfPage\":{\"@id\":\"https:\/\/www.sonoraenequipo.com.mx\/consolida-gobernador-durazo-modernizacion-del-puerto-de-guaymas-como-puerta-logistica-del-noroeste\/\"},\"wordCount\":397,\"commentCount\":0,\"publisher\":{\"@id\":\"https:\/\/www.sonoraenequipo.com.mx\/#organization\"},\"image\":{\"@id\":\"https:\/\/www.sonoraenequipo.com.mx\/consolida-gobernador-durazo-modernizacion-del-puerto-de-guaymas-como-puerta-logistica-del-noroeste\/#primaryimage\"},\"thumbnailUrl\":\"https:\/\/www.sonoraenequipo.com.mx\/storage\/2024\/09\/puerto-gms.jpg\",\"keywords\":[\"puerto guaymas\"],\"articleSection\":[\"Sonora\"],\"inLanguage\":\"es\",\"potentialAction\":[{\"@type\":\"CommentAction\",\"name\":\"Comment\",\"target\":[\"https:\/\/www.sonoraenequipo.com.mx\/consolida-gobernador-durazo-modernizacion-del-puerto-de-guaymas-como-puerta-logistica-del-noroeste\/#respond\"]}]},{\"@type\":\"WebPage\",\"@id\":\"https:\/\/www.sonoraenequipo.com.mx\/consolida-gobernador-durazo-modernizacion-del-puerto-de-guaymas-como-puerta-logistica-del-noroeste\/\",\"url\":\"https:\/\/www.sonoraenequipo.com.mx\/consolida-gobernador-durazo-modernizacion-del-puerto-de-guaymas-como-puerta-logistica-del-noroeste\/\",\"name\":\"Sonora en Equipo. Consolida Gobernador Durazo modernizaci\u00f3n del Puerto de Guaymas como puerta log\u00edstica del noroeste Sonora\",\"isPartOf\":{\"@id\":\"https:\/\/www.sonoraenequipo.com.mx\/#website\"},\"primaryImageOfPage\":{\"@id\":\"https:\/\/www.sonoraenequipo.com.mx\/consolida-gobernador-durazo-modernizacion-del-puerto-de-guaymas-como-puerta-logistica-del-noroeste\/#primaryimage\"},\"image\":{\"@id\":\"https:\/\/www.sonoraenequipo.com.mx\/consolida-gobernador-durazo-modernizacion-del-puerto-de-guaymas-como-puerta-logistica-del-noroeste\/#primaryimage\"},\"thumbnailUrl\":\"https:\/\/www.sonoraenequipo.com.mx\/storage\/2024\/09\/puerto-gms.jpg\",\"datePublished\":\"2024-09-10T22:33:16+00:00\",\"description\":\"HERMOSILLO, SONORA, MX. \u2014 Con las obras que conforman la modernizaci\u00f3n del Puerto de Guaymas, a tres a\u00f1os de administraci\u00f3n del gobernador Alfonso Durazo, En Sonora en Equipo publicamos toda la informaci\u00f3n de Sonora, M\u00e9xico y el Mundo de manera oportuna y busca que la libertad de expresi\u00f3n sea real. Visita nuestro medio informativo publicado desde Hermosillo, Sonora. %\",\"breadcrumb\":{\"@id\":\"https:\/\/www.sonoraenequipo.com.mx\/consolida-gobernador-durazo-modernizacion-del-puerto-de-guaymas-como-puerta-logistica-del-noroeste\/#breadcrumb\"},\"inLanguage\":\"es\",\"potentialAction\":[{\"@type\":\"ReadAction\",\"target\":[\"https:\/\/www.sonoraenequipo.com.mx\/consolida-gobernador-durazo-modernizacion-del-puerto-de-guaymas-como-puerta-logistica-del-noroeste\/\"]}]},{\"@type\":\"ImageObject\",\"inLanguage\":\"es\",\"@id\":\"https:\/\/www.sonoraenequipo.com.mx\/consolida-gobernador-durazo-modernizacion-del-puerto-de-guaymas-como-puerta-logistica-del-noroeste\/#primaryimage\",\"url\":\"https:\/\/www.sonoraenequipo.com.mx\/storage\/2024\/09\/puerto-gms.jpg\",\"contentUrl\":\"https:\/\/www.sonoraenequipo.com.mx\/storage\/2024\/09\/puerto-gms.jpg\",\"width\":600,\"height\":408},{\"@type\":\"BreadcrumbList\",\"@id\":\"https:\/\/www.sonoraenequipo.com.mx\/consolida-gobernador-durazo-modernizacion-del-puerto-de-guaymas-como-puerta-logistica-del-noroeste\/#breadcrumb\",\"itemListElement\":[{\"@type\":\"ListItem\",\"position\":1,\"name\":\"Portada\",\"item\":\"https:\/\/www.sonoraenequipo.com.mx\/\"},{\"@type\":\"ListItem\",\"position\":2,\"name\":\"Consolida Gobernador Durazo modernizaci\u00f3n del Puerto de Guaymas como puerta log\u00edstica del noroeste\"}]},{\"@type\":\"WebSite\",\"@id\":\"https:\/\/www.sonoraenequipo.com.mx\/#website\",\"url\":\"https:\/\/www.sonoraenequipo.com.mx\/\",\"name\":\"Sonora en Equipo.\",\"description\":\"Diario en l\u00ednea con Noticias desde Hermosillo, Sonora\",\"publisher\":{\"@id\":\"https:\/\/www.sonoraenequipo.com.mx\/#organization\"},\"potentialAction\":[{\"@type\":\"SearchAction\",\"target\":{\"@type\":\"EntryPoint\",\"urlTemplate\":\"https:\/\/www.sonoraenequipo.com.mx\/?s={search_term_string}\"},\"query-input\":{\"@type\":\"PropertyValueSpecification\",\"valueRequired\":true,\"valueName\":\"search_term_string\"}}],\"inLanguage\":\"es\"},{\"@type\":\"Organization\",\"@id\":\"https:\/\/www.sonoraenequipo.com.mx\/#organization\",\"name\":\"Sonoraenequipo.com.mx\",\"url\":\"https:\/\/www.sonoraenequipo.com.mx\/\",\"logo\":{\"@type\":\"ImageObject\",\"inLanguage\":\"es\",\"@id\":\"https:\/\/www.sonoraenequipo.com.mx\/#\/schema\/logo\/image\/\",\"url\":\"https:\/\/www.sonoraenequipo.com.mx\/storage\/2019\/01\/sonoraenequipo_opt.png\",\"contentUrl\":\"https:\/\/www.sonoraenequipo.com.mx\/storage\/2019\/01\/sonoraenequipo_opt.png\",\"width\":375,\"height\":125,\"caption\":\"Sonoraenequipo.com.mx\"},\"image\":{\"@id\":\"https:\/\/www.sonoraenequipo.com.mx\/#\/schema\/logo\/image\/\"},\"sameAs\":[\"https:\/\/www.facebook.com\/SonoraEE\/\",\"https:\/\/x.com\/sonoraenequipo\",\"https:\/\/www.youtube.com\/channel\/UC338nW-lPEYmJQs4ZABQ1SQ\"]},{\"@type\":\"Person\",\"@id\":\"https:\/\/www.sonoraenequipo.com.mx\/#\/schema\/person\/50102df0fb23a8fa9e8effad8fa81386\",\"name\":\"enequipo\",\"image\":{\"@type\":\"ImageObject\",\"inLanguage\":\"es\",\"@id\":\"https:\/\/www.sonoraenequipo.com.mx\/#\/schema\/person\/image\/\",\"url\":\"https:\/\/secure.gravatar.com\/avatar\/049821681b589dabc0bc20695993ccebb09f5b5d4d790cd9251b97faac7c652b?s=96&d=blank&r=g\",\"contentUrl\":\"https:\/\/secure.gravatar.com\/avatar\/049821681b589dabc0bc20695993ccebb09f5b5d4d790cd9251b97faac7c652b?s=96&d=blank&r=g\",\"caption\":\"enequipo\"},\"sameAs\":[\"https:\/\/www.facebook.com\/SonoraEE\"]}]}<\/script>\n ","yoast_head_json":{"title":"Sonora en Equipo. Consolida Gobernador Durazo modernizaci\u00f3n del Puerto de Guaymas como puerta log\u00edstica del noroeste Sonora","description":"HERMOSILLO, SONORA, MX. \u2014 Con las obras que conforman la modernizaci\u00f3n del Puerto de Guaymas, a tres a\u00f1os de administraci\u00f3n del gobernador Alfonso Durazo, En Sonora en Equipo publicamos toda la informaci\u00f3n de Sonora, M\u00e9xico y el Mundo de manera oportuna y busca que la libertad de expresi\u00f3n sea real. Visita nuestro medio informativo publicado desde Hermosillo, Sonora. %","robots":{"index":"index","follow":"follow","max-snippet":"max-snippet:-1","max-image-preview":"max-image-preview:large","max-video-preview":"max-video-preview:-1"},"canonical":"https:\/\/www.sonoraenequipo.com.mx\/consolida-gobernador-durazo-modernizacion-del-puerto-de-guaymas-como-puerta-logistica-del-noroeste\/","og_locale":"es_ES","og_type":"article","og_title":"Sonora en Equipo. Consolida Gobernador Durazo modernizaci\u00f3n del Puerto de Guaymas como puerta log\u00edstica del noroeste Sonora","og_description":"HERMOSILLO, SONORA, MX. \u2014 Con las obras que conforman la modernizaci\u00f3n del Puerto de Guaymas, a tres a\u00f1os de administraci\u00f3n del gobernador Alfonso Durazo, En Sonora en Equipo publicamos toda la informaci\u00f3n de Sonora, M\u00e9xico y el Mundo de manera oportuna y busca que la libertad de expresi\u00f3n sea real. Visita nuestro medio informativo publicado desde Hermosillo, Sonora. %","og_url":"https:\/\/www.sonoraenequipo.com.mx\/consolida-gobernador-durazo-modernizacion-del-puerto-de-guaymas-como-puerta-logistica-del-noroeste\/","og_site_name":"Sonora en Equipo.","article_publisher":"https:\/\/www.facebook.com\/SonoraEE\/","article_author":"https:\/\/www.facebook.com\/SonoraEE","article_published_time":"2024-09-10T22:33:16+00:00","og_image":[{"width":600,"height":408,"url":"https:\/\/www.sonoraenequipo.com.mx\/storage\/2024\/09\/puerto-gms.jpg","type":"image\/jpeg"}],"author":"enequipo","twitter_card":"summary_large_image","twitter_creator":"@sonoraenequipo","twitter_site":"@sonoraenequipo","twitter_misc":{"Escrito por":"enequipo","Tiempo de lectura":"2 minutos"},"schema":{"@context":"https:\/\/schema.org","@graph":[{"@type":"Article","@id":"https:\/\/www.sonoraenequipo.com.mx\/consolida-gobernador-durazo-modernizacion-del-puerto-de-guaymas-como-puerta-logistica-del-noroeste\/#article","isPartOf":{"@id":"https:\/\/www.sonoraenequipo.com.mx\/consolida-gobernador-durazo-modernizacion-del-puerto-de-guaymas-como-puerta-logistica-del-noroeste\/"},"author":{"name":"enequipo","@id":"https:\/\/www.sonoraenequipo.com.mx\/#\/schema\/person\/50102df0fb23a8fa9e8effad8fa81386"},"headline":"Consolida Gobernador Durazo modernizaci\u00f3n del Puerto de Guaymas como puerta log\u00edstica del noroeste","datePublished":"2024-09-10T22:33:16+00:00","mainEntityOfPage":{"@id":"https:\/\/www.sonoraenequipo.com.mx\/consolida-gobernador-durazo-modernizacion-del-puerto-de-guaymas-como-puerta-logistica-del-noroeste\/"},"wordCount":397,"commentCount":0,"publisher":{"@id":"https:\/\/www.sonoraenequipo.com.mx\/#organization"},"image":{"@id":"https:\/\/www.sonoraenequipo.com.mx\/consolida-gobernador-durazo-modernizacion-del-puerto-de-guaymas-como-puerta-logistica-del-noroeste\/#primaryimage"},"thumbnailUrl":"https:\/\/www.sonoraenequipo.com.mx\/storage\/2024\/09\/puerto-gms.jpg","keywords":["puerto guaymas"],"articleSection":["Sonora"],"inLanguage":"es","potentialAction":[{"@type":"CommentAction","name":"Comment","target":["https:\/\/www.sonoraenequipo.com.mx\/consolida-gobernador-durazo-modernizacion-del-puerto-de-guaymas-como-puerta-logistica-del-noroeste\/#respond"]}]},{"@type":"WebPage","@id":"https:\/\/www.sonoraenequipo.com.mx\/consolida-gobernador-durazo-modernizacion-del-puerto-de-guaymas-como-puerta-logistica-del-noroeste\/","url":"https:\/\/www.sonoraenequipo.com.mx\/consolida-gobernador-durazo-modernizacion-del-puerto-de-guaymas-como-puerta-logistica-del-noroeste\/","name":"Sonora en Equipo. Consolida Gobernador Durazo modernizaci\u00f3n del Puerto de Guaymas como puerta log\u00edstica del noroeste Sonora","isPartOf":{"@id":"https:\/\/www.sonoraenequipo.com.mx\/#website"},"primaryImageOfPage":{"@id":"https:\/\/www.sonoraenequipo.com.mx\/consolida-gobernador-durazo-modernizacion-del-puerto-de-guaymas-como-puerta-logistica-del-noroeste\/#primaryimage"},"image":{"@id":"https:\/\/www.sonoraenequipo.com.mx\/consolida-gobernador-durazo-modernizacion-del-puerto-de-guaymas-como-puerta-logistica-del-noroeste\/#primaryimage"},"thumbnailUrl":"https:\/\/www.sonoraenequipo.com.mx\/storage\/2024\/09\/puerto-gms.jpg","datePublished":"2024-09-10T22:33:16+00:00","description":"HERMOSILLO, SONORA, MX. \u2014 Con las obras que conforman la modernizaci\u00f3n del Puerto de Guaymas, a tres a\u00f1os de administraci\u00f3n del gobernador Alfonso Durazo, En Sonora en Equipo publicamos toda la informaci\u00f3n de Sonora, M\u00e9xico y el Mundo de manera oportuna y busca que la libertad de expresi\u00f3n sea real. Visita nuestro medio informativo publicado desde Hermosillo, Sonora. %","breadcrumb":{"@id":"https:\/\/www.sonoraenequipo.com.mx\/consolida-gobernador-durazo-modernizacion-del-puerto-de-guaymas-como-puerta-logistica-del-noroeste\/#breadcrumb"},"inLanguage":"es","potentialAction":[{"@type":"ReadAction","target":["https:\/\/www.sonoraenequipo.com.mx\/consolida-gobernador-durazo-modernizacion-del-puerto-de-guaymas-como-puerta-logistica-del-noroeste\/"]}]},{"@type":"ImageObject","inLanguage":"es","@id":"https:\/\/www.sonoraenequipo.com.mx\/consolida-gobernador-durazo-modernizacion-del-puerto-de-guaymas-como-puerta-logistica-del-noroeste\/#primaryimage","url":"https:\/\/www.sonoraenequipo.com.mx\/storage\/2024\/09\/puerto-gms.jpg","contentUrl":"https:\/\/www.sonoraenequipo.com.mx\/storage\/2024\/09\/puerto-gms.jpg","width":600,"height":408},{"@type":"BreadcrumbList","@id":"https:\/\/www.sonoraenequipo.com.mx\/consolida-gobernador-durazo-modernizacion-del-puerto-de-guaymas-como-puerta-logistica-del-noroeste\/#breadcrumb","itemListElement":[{"@type":"ListItem","position":1,"name":"Portada","item":"https:\/\/www.sonoraenequipo.com.mx\/"},{"@type":"ListItem","position":2,"name":"Consolida Gobernador Durazo modernizaci\u00f3n del Puerto de Guaymas como puerta log\u00edstica del noroeste"}]},{"@type":"WebSite","@id":"https:\/\/www.sonoraenequipo.com.mx\/#website","url":"https:\/\/www.sonoraenequipo.com.mx\/","name":"Sonora en Equipo.","description":"Diario en l\u00ednea con Noticias desde Hermosillo, Sonora","publisher":{"@id":"https:\/\/www.sonoraenequipo.com.mx\/#organization"},"potentialAction":[{"@type":"SearchAction","target":{"@type":"EntryPoint","urlTemplate":"https:\/\/www.sonoraenequipo.com.mx\/?s={search_term_string}"},"query-input":{"@type":"PropertyValueSpecification","valueRequired":true,"valueName":"search_term_string"}}],"inLanguage":"es"},{"@type":"Organization","@id":"https:\/\/www.sonoraenequipo.com.mx\/#organization","name":"Sonoraenequipo.com.mx","url":"https:\/\/www.sonoraenequipo.com.mx\/","logo":{"@type":"ImageObject","inLanguage":"es","@id":"https:\/\/www.sonoraenequipo.com.mx\/#\/schema\/logo\/image\/","url":"https:\/\/www.sonoraenequipo.com.mx\/storage\/2019\/01\/sonoraenequipo_opt.png","contentUrl":"https:\/\/www.sonoraenequipo.com.mx\/storage\/2019\/01\/sonoraenequipo_opt.png","width":375,"height":125,"caption":"Sonoraenequipo.com.mx"},"image":{"@id":"https:\/\/www.sonoraenequipo.com.mx\/#\/schema\/logo\/image\/"},"sameAs":["https:\/\/www.facebook.com\/SonoraEE\/","https:\/\/x.com\/sonoraenequipo","https:\/\/www.youtube.com\/channel\/UC338nW-lPEYmJQs4ZABQ1SQ"]},{"@type":"Person","@id":"https:\/\/www.sonoraenequipo.com.mx\/#\/schema\/person\/50102df0fb23a8fa9e8effad8fa81386","name":"enequipo","image":{"@type":"ImageObject","inLanguage":"es","@id":"https:\/\/www.sonoraenequipo.com.mx\/#\/schema\/person\/image\/","url":"https:\/\/secure.gravatar.com\/avatar\/049821681b589dabc0bc20695993ccebb09f5b5d4d790cd9251b97faac7c652b?s=96&d=blank&r=g","contentUrl":"https:\/\/secure.gravatar.com\/avatar\/049821681b589dabc0bc20695993ccebb09f5b5d4d790cd9251b97faac7c652b?s=96&d=blank&r=g","caption":"enequipo"},"sameAs":["https:\/\/www.facebook.com\/SonoraEE"]}]}},"jetpack_featured_media_url":"https:\/\/www.sonoraenequipo.com.mx\/storage\/2024\/09\/puerto-gms.jpg","_links":{"self":[{"href":"https:\/\/www.sonoraenequipo.com.mx\/api\/wp\/v2\/posts\/198869","targetHints":{"allow":["GET"]}}],"collection":[{"href":"https:\/\/www.sonoraenequipo.com.mx\/api\/wp\/v2\/posts"}],"about":[{"href":"https:\/\/www.sonoraenequipo.com.mx\/api\/wp\/v2\/types\/post"}],"author":[{"embeddable":true,"href":"https:\/\/www.sonoraenequipo.com.mx\/api\/wp\/v2\/users\/1"}],"replies":[{"embeddable":true,"href":"https:\/\/www.sonoraenequipo.com.mx\/api\/wp\/v2\/comments?post=198869"}],"version-history":[{"count":1,"href":"https:\/\/www.sonoraenequipo.com.mx\/api\/wp\/v2\/posts\/198869\/revisions"}],"predecessor-version":[{"id":198875,"href":"https:\/\/www.sonoraenequipo.com.mx\/api\/wp\/v2\/posts\/198869\/revisions\/198875"}],"wp:featuredmedia":[{"embeddable":true,"href":"https:\/\/www.sonoraenequipo.com.mx\/api\/wp\/v2\/media\/198874"}],"wp:attachment":[{"href":"https:\/\/www.sonoraenequipo.com.mx\/api\/wp\/v2\/media?parent=198869"}],"wp:term":[{"taxonomy":"category","embeddable":true,"href":"https:\/\/www.sonoraenequipo.com.mx\/api\/wp\/v2\/categories?post=198869"},{"taxonomy":"post_tag","embeddable":true,"href":"https:\/\/www.sonoraenequipo.com.mx\/api\/wp\/v2\/tags?post=198869"}],"curies":[{"name":"wp","href":"https:\/\/api.w.org\/{rel}","templated":true}]}}